{"id":145937,"date":"2023-11-15T16:31:53","date_gmt":"2023-11-15T15:31:53","guid":{"rendered":"https:\/\/www.bellunopress.it\/?p=145937"},"modified":"2023-11-15T16:31:53","modified_gmt":"2023-11-15T15:31:53","slug":"restart-alpago-5-appuntamenti-2-cene-un-concerto-un-film-e-una-mostra-solidale","status":"publish","type":"post","link":"https:\/\/www.bellunopress.it\/fr\/2023\/11\/15\/restart-alpago-5-appuntamenti-2-cene-un-concerto-un-film-e-una-mostra-solidale\/","title":{"rendered":"ReStart Alpago: 5 appuntamenti, 2 cene, un concerto, un film e una mostra solidale"},"content":{"rendered":"<figure id=\"attachment_145938\" aria-describedby=\"caption-attachment-145938\" style=\"width: 838px\" class=\"wp-caption alignleft\"><img loading=\"lazy\" decoding=\"async\" class=\"size-full wp-image-145938\" src=\"https:\/\/www.bellunopress.it\/wp-content\/uploads\/2023\/11\/ReStart-Alpago-2_edited.jpg\" alt=\"\" width=\"838\" height=\"620\" srcset=\"https:\/\/www.bellunopress.it\/wp-content\/uploads\/2023\/11\/ReStart-Alpago-2_edited.jpg 838w, https:\/\/www.bellunopress.it\/wp-content\/uploads\/2023\/11\/ReStart-Alpago-2_edited-500x370.jpg 500w, https:\/\/www.bellunopress.it\/wp-content\/uploads\/2023\/11\/ReStart-Alpago-2_edited-485x360.jpg 485w, https:\/\/www.bellunopress.it\/wp-content\/uploads\/2023\/11\/ReStart-Alpago-2_edited-696x515.jpg 696w\" sizes=\"auto, (max-width: 838px) 100vw, 838px\" \/><figcaption id=\"caption-attachment-145938\" class=\"wp-caption-text\">ReStart Alpago 2.0<\/figcaption><\/figure>\n<p>Favorire l&#8217;aggregazione, ricucire i rapporti della comunit\u00e0 deterioratisi durante la pandemia. Ma anche aiutare una realt\u00e0 del territorio come Onda Rosa, l&#8217;associazione nata con l&#8217;obiettivo di dare un sostegno alle donne che ricevono una diagnosi di tumore alla mammella. \u00c8 un mix di culturale e solidale la seconda edizione di ReStart Alpago, l&#8217;iniziativa curata dai Comuni della conca alpagota e dalla Consulta Giovani Alpago, con il contributo del Consorzio Bim Piave. Cinque gli appuntamenti in programma fino a dicembre.<\/p>\n<p>\u00abLa prima edizione, un anno fa, \u00e8 andata benissimo, e quindi abbiamo deciso di riproporre anche quest&#8217;anno l&#8217;iniziativa\u00bb spiegano i sindaci di Tambre, Chies e Alpago, Sara Bona, Gianluca Dal Borgo e Alberto Peterle. \u00abL&#8217;obiettivo \u00e8 stimolare la socialit\u00e0, perch\u00e9 \u00e8 terapeutica per le comunit\u00e0 di montagna, soprattutto dopo il Covid. Quest&#8217;anno ci aggiungiamo anche un momento di riflessione sulla violenza contro le donne, il 25 novembre\u00bb.<\/p>\n<p><strong>IL CALENDARIO<\/strong><\/p>\n<p>ReStart Alpago comincia gi\u00e0 questa settimana, venerd\u00ec 17 novembre, con &#8220;La cena \u00e8 servita&#8221;. Un appuntamento in cui sindaci e amministratori comunali smettono la fascia tricolore e indossano per una sera il grembiule da camerieri, per servire ai tavoli. La cena &#8211; gi\u00e0 sold out da qualche giorno &#8211; \u00e8 in programma alle 19.30 al ristorante Trieste di Tambre. Sar\u00e0 allietata anche da musica e karaoke.<\/p>\n<p>Secondo appuntamento il 24 novembre, alle 19 al ristorante Rifugio Carota, con &#8220;Cena al buio&#8221;. Il sottotitolo &#8211; &#8220;Esiste un altro modo di vedere&#8221; &#8211; \u00e8 eloquente: si tratta di una gena a cura della sezione bellunese dell&#8217;Unione ciechi e ipovedenti. I commensali gusteranno le pietanze attraverso i sensi, eccezion fatta per la vista.<\/p>\n<p>Sabato 25 novembre, Giornata internazionale per l&#8217;eliminazione della violenza contro le donne, verr\u00e0 proposto il film &#8220;Inferno&#8221; del regista bellunese Franco Fontana, un thriller che parla di violenza. Appuntamento alle 17.45 nella sala polivalente di Lamosano, dove da qualche tempo un gruppo di giovani ha realizzato una panchina rossa, con la scritta &#8220;Una donna \u00e8 per sempre: no alla violenza&#8221;.<\/p>\n<p>Il 1\u00b0 dicembre a Chies (al teatro minimo), alle 21, andr\u00e0 in scena il concerto della fisorchestra G. Rossini, diretta dai maestri Ernesto e Katia Bellus, con la partecipazione del soprano Anita Caco e del tenore Lamberto Bonan. A seguire, rinfresco sulle note dello zampognaro Sandro Del Duca.<\/p>\n<p>Ultimo appuntamento &#8220;lungo&#8221;. Dal 2 al 22 dicembre il municipio di Puos ospiter\u00e0 la mostra di pittura di Valerio Giora. Quadri dedicati a Venezia e al legame con le Dolomiti, ma non solo. La mostra verr\u00e0 introdotta il 2 dicembre alle 17 dall&#8217;esperto Erminio Mazzucco. E avr\u00e0 uno scopo solidale. I visitatori infatti potranno innamorarsi delle tele esposte e decidere di acquistarle. Il ricavato andr\u00e0 interamente a Onda Rosa.<\/p>","protected":false},"excerpt":{"rendered":"<p>Favorire l&#8217;aggregazione, ricucire i rapporti della comunit\u00e0 deterioratisi durante la pandemia. Ma anche aiutare una realt\u00e0 del territorio come Onda Rosa, l&#8217;associazione nata con l&#8217;obiettivo di dare un sostegno alle donne che ricevono una diagnosi di tumore alla mammella. \u00c8 un mix di culturale e solidale la seconda edizione di ReStart Alpago, l&#8217;iniziativa curata dai [&hellip;]<\/p>\n","protected":false},"author":2,"featured_media":145938,"comment_status":"closed","ping_status":"open","sticky":false,"template":"","format":"standard","meta":{"footnotes":""},"categories":[27,25,4],"tags":[],"class_list":["post-145937","post","type-post","status-publish","format-standard","has-post-thumbnail","category-appuntamenti","category-pausa-caffe","category-sport"],"yoast_head":"<!-- This site is optimized with the Yoast SEO plugin v28.4 - https:\/\/yoast.com\/product\/yoast-seo-wordpress\/ -->\n<title>ReStart Alpago: 5 appuntamenti, 2 cene, un concerto, un film e una mostra solidale - Bellunopress - Dolomiti<\/title>\n<meta name=\"robots\" content=\"index, follow, max-snippet:-1, max-image-preview:large, max-video-preview:-1\" \/>\n<link rel=\"canonical\" href=\"https:\/\/www.bellunopress.it\/fr\/2023\/11\/15\/restart-alpago-5-appuntamenti-2-cene-un-concerto-un-film-e-una-mostra-solidale\/\" \/>\n<meta property=\"og:locale\" content=\"fr_FR\" \/>\n<meta property=\"og:type\" content=\"article\" \/>\n<meta property=\"og:title\" content=\"ReStart Alpago: 5 appuntamenti, 2 cene, un concerto, un film e una mostra solidale - Bellunopress - Dolomiti\" \/>\n<meta property=\"og:description\" content=\"Favorire l&#8217;aggregazione, ricucire i rapporti della comunit\u00e0 deterioratisi durante la pandemia. Ma anche aiutare una realt\u00e0 del territorio come Onda Rosa, l&#8217;associazione nata con l&#8217;obiettivo di dare un sostegno alle donne che ricevono una diagnosi di tumore alla mammella. \u00c8 un mix di culturale e solidale la seconda edizione di ReStart Alpago, l&#8217;iniziativa curata dai [&hellip;]\" \/>\n<meta property=\"og:url\" content=\"https:\/\/www.bellunopress.it\/fr\/2023\/11\/15\/restart-alpago-5-appuntamenti-2-cene-un-concerto-un-film-e-una-mostra-solidale\/\" \/>\n<meta property=\"og:site_name\" content=\"Bellunopress - Dolomiti\" \/>\n<meta property=\"article:publisher\" content=\"https:\/\/www.facebook.com\/profile.php?id=100008943462799\" \/>\n<meta property=\"article:published_time\" content=\"2023-11-15T15:31:53+00:00\" \/>\n<meta property=\"og:image\" content=\"https:\/\/www.bellunopress.it\/wp-content\/uploads\/2023\/11\/ReStart-Alpago-2_edited.jpg\" \/>\n\t<meta property=\"og:image:width\" content=\"838\" \/>\n\t<meta property=\"og:image:height\" content=\"620\" \/>\n\t<meta property=\"og:image:type\" content=\"image\/jpeg\" \/>\n<meta name=\"author\" content=\"redazione\" \/>\n<meta name=\"twitter:card\" content=\"summary_large_image\" \/>\n<meta name=\"twitter:creator\" content=\"@bellunopress\" \/>\n<meta name=\"twitter:site\" content=\"@bellunopress\" \/>\n<meta name=\"twitter:label1\" content=\"Written by\" \/>\n\t<meta name=\"twitter:data1\" content=\"redazione\" \/>\n\t<meta name=\"twitter:label2\" content=\"Est. reading time\" \/>\n\t<meta name=\"twitter:data2\" content=\"2 minutes\" \/>\n<script type=\"application\/ld+json\" class=\"yoast-schema-graph\">{\"@context\":\"https:\\\/\\\/schema.org\",\"@graph\":[{\"@type\":\"Article\",\"@id\":\"https:\\\/\\\/www.bellunopress.it\\\/2023\\\/11\\\/15\\\/restart-alpago-5-appuntamenti-2-cene-un-concerto-un-film-e-una-mostra-solidale\\\/#article\",\"isPartOf\":{\"@id\":\"https:\\\/\\\/www.bellunopress.it\\\/2023\\\/11\\\/15\\\/restart-alpago-5-appuntamenti-2-cene-un-concerto-un-film-e-una-mostra-solidale\\\/\"},\"author\":{\"name\":\"redazione\",\"@id\":\"https:\\\/\\\/www.bellunopress.it\\\/#\\\/schema\\\/person\\\/79bb06722b37ece1c03d3e94beb30d73\"},\"headline\":\"ReStart Alpago: 5 appuntamenti, 2 cene, un concerto, un film e una mostra solidale\",\"datePublished\":\"2023-11-15T15:31:53+00:00\",\"mainEntityOfPage\":{\"@id\":\"https:\\\/\\\/www.bellunopress.it\\\/2023\\\/11\\\/15\\\/restart-alpago-5-appuntamenti-2-cene-un-concerto-un-film-e-una-mostra-solidale\\\/\"},\"wordCount\":456,\"publisher\":{\"@id\":\"https:\\\/\\\/www.bellunopress.it\\\/#organization\"},\"image\":{\"@id\":\"https:\\\/\\\/www.bellunopress.it\\\/2023\\\/11\\\/15\\\/restart-alpago-5-appuntamenti-2-cene-un-concerto-un-film-e-una-mostra-solidale\\\/#primaryimage\"},\"thumbnailUrl\":\"https:\\\/\\\/www.bellunopress.it\\\/wp-content\\\/uploads\\\/2023\\\/11\\\/ReStart-Alpago-2_edited.jpg\",\"articleSection\":[\"Appuntamenti, Eventi\",\"Pausa Caff\u00e8\",\"Sport, tempo libero\"],\"inLanguage\":\"fr-FR\"},{\"@type\":\"WebPage\",\"@id\":\"https:\\\/\\\/www.bellunopress.it\\\/2023\\\/11\\\/15\\\/restart-alpago-5-appuntamenti-2-cene-un-concerto-un-film-e-una-mostra-solidale\\\/\",\"url\":\"https:\\\/\\\/www.bellunopress.it\\\/2023\\\/11\\\/15\\\/restart-alpago-5-appuntamenti-2-cene-un-concerto-un-film-e-una-mostra-solidale\\\/\",\"name\":\"ReStart Alpago: 5 appuntamenti, 2 cene, un concerto, un film e una mostra solidale - Bellunopress - Dolomiti\",\"isPartOf\":{\"@id\":\"https:\\\/\\\/www.bellunopress.it\\\/#website\"},\"primaryImageOfPage\":{\"@id\":\"https:\\\/\\\/www.bellunopress.it\\\/2023\\\/11\\\/15\\\/restart-alpago-5-appuntamenti-2-cene-un-concerto-un-film-e-una-mostra-solidale\\\/#primaryimage\"},\"image\":{\"@id\":\"https:\\\/\\\/www.bellunopress.it\\\/2023\\\/11\\\/15\\\/restart-alpago-5-appuntamenti-2-cene-un-concerto-un-film-e-una-mostra-solidale\\\/#primaryimage\"},\"thumbnailUrl\":\"https:\\\/\\\/www.bellunopress.it\\\/wp-content\\\/uploads\\\/2023\\\/11\\\/ReStart-Alpago-2_edited.jpg\",\"datePublished\":\"2023-11-15T15:31:53+00:00\",\"breadcrumb\":{\"@id\":\"https:\\\/\\\/www.bellunopress.it\\\/2023\\\/11\\\/15\\\/restart-alpago-5-appuntamenti-2-cene-un-concerto-un-film-e-una-mostra-solidale\\\/#breadcrumb\"},\"inLanguage\":\"fr-FR\",\"potentialAction\":[{\"@type\":\"ReadAction\",\"target\":[\"https:\\\/\\\/www.bellunopress.it\\\/2023\\\/11\\\/15\\\/restart-alpago-5-appuntamenti-2-cene-un-concerto-un-film-e-una-mostra-solidale\\\/\"]}]},{\"@type\":\"ImageObject\",\"inLanguage\":\"fr-FR\",\"@id\":\"https:\\\/\\\/www.bellunopress.it\\\/2023\\\/11\\\/15\\\/restart-alpago-5-appuntamenti-2-cene-un-concerto-un-film-e-una-mostra-solidale\\\/#primaryimage\",\"url\":\"https:\\\/\\\/www.bellunopress.it\\\/wp-content\\\/uploads\\\/2023\\\/11\\\/ReStart-Alpago-2_edited.jpg\",\"contentUrl\":\"https:\\\/\\\/www.bellunopress.it\\\/wp-content\\\/uploads\\\/2023\\\/11\\\/ReStart-Alpago-2_edited.jpg\",\"width\":838,\"height\":620,\"caption\":\"ReStart Alpago 2.0\"},{\"@type\":\"BreadcrumbList\",\"@id\":\"https:\\\/\\\/www.bellunopress.it\\\/2023\\\/11\\\/15\\\/restart-alpago-5-appuntamenti-2-cene-un-concerto-un-film-e-una-mostra-solidale\\\/#breadcrumb\",\"itemListElement\":[{\"@type\":\"ListItem\",\"position\":1,\"name\":\"Home\",\"item\":\"https:\\\/\\\/www.bellunopress.it\\\/\"},{\"@type\":\"ListItem\",\"position\":2,\"name\":\"ReStart Alpago: 5 appuntamenti, 2 cene, un concerto, un film e una mostra solidale\"}]},{\"@type\":\"WebSite\",\"@id\":\"https:\\\/\\\/www.bellunopress.it\\\/#website\",\"url\":\"https:\\\/\\\/www.bellunopress.it\\\/\",\"name\":\"Bellunopress - Dolomiti\",\"description\":\"e-mail: redazione@bellunopress.it\",\"publisher\":{\"@id\":\"https:\\\/\\\/www.bellunopress.it\\\/#organization\"},\"potentialAction\":[{\"@type\":\"SearchAction\",\"target\":{\"@type\":\"EntryPoint\",\"urlTemplate\":\"https:\\\/\\\/www.bellunopress.it\\\/?s={search_term_string}\"},\"query-input\":{\"@type\":\"PropertyValueSpecification\",\"valueRequired\":true,\"valueName\":\"search_term_string\"}}],\"inLanguage\":\"fr-FR\"},{\"@type\":\"Organization\",\"@id\":\"https:\\\/\\\/www.bellunopress.it\\\/#organization\",\"name\":\"Bellunopress\",\"url\":\"https:\\\/\\\/www.bellunopress.it\\\/\",\"logo\":{\"@type\":\"ImageObject\",\"inLanguage\":\"fr-FR\",\"@id\":\"https:\\\/\\\/www.bellunopress.it\\\/#\\\/schema\\\/logo\\\/image\\\/\",\"url\":\"https:\\\/\\\/www.bellunopress.it\\\/wp-content\\\/uploads\\\/2011\\\/05\\\/cropped-logo-bellunopress-.jpg\",\"contentUrl\":\"https:\\\/\\\/www.bellunopress.it\\\/wp-content\\\/uploads\\\/2011\\\/05\\\/cropped-logo-bellunopress-.jpg\",\"width\":512,\"height\":512,\"caption\":\"Bellunopress\"},\"image\":{\"@id\":\"https:\\\/\\\/www.bellunopress.it\\\/#\\\/schema\\\/logo\\\/image\\\/\"},\"sameAs\":[\"https:\\\/\\\/www.facebook.com\\\/profile.php?id=100008943462799\",\"https:\\\/\\\/x.com\\\/bellunopress\",\"https:\\\/\\\/www.linkedin.com\\\/hp\\\/?dnr=JBzUWaJfMUw8vbXJJ2tVW5-I3jZKvC4wsoxE&amp;amp;amp;amp;amp;amp;trk=nav_responsive_tab_home\",\"https:\\\/\\\/www.youtube.com\\\/channel\\\/UCxL0wu1uN0_3_7hGG0306cw\"]},{\"@type\":\"Person\",\"@id\":\"https:\\\/\\\/www.bellunopress.it\\\/#\\\/schema\\\/person\\\/79bb06722b37ece1c03d3e94beb30d73\",\"name\":\"redazione\",\"image\":{\"@type\":\"ImageObject\",\"inLanguage\":\"fr-FR\",\"@id\":\"https:\\\/\\\/secure.gravatar.com\\\/avatar\\\/37d968a2e67a6fd04c169c4bdef102d0bc5d31b2546345219e348575eb80e9a0?s=96&d=mm&r=g\",\"url\":\"https:\\\/\\\/secure.gravatar.com\\\/avatar\\\/37d968a2e67a6fd04c169c4bdef102d0bc5d31b2546345219e348575eb80e9a0?s=96&d=mm&r=g\",\"contentUrl\":\"https:\\\/\\\/secure.gravatar.com\\\/avatar\\\/37d968a2e67a6fd04c169c4bdef102d0bc5d31b2546345219e348575eb80e9a0?s=96&d=mm&r=g\",\"caption\":\"redazione\"},\"sameAs\":[\"http:\\\/\\\/www.bellunopress.it\",\"https:\\\/\\\/x.com\\\/bellunopress\"],\"url\":\"https:\\\/\\\/www.bellunopress.it\\\/fr\\\/author\\\/redazione\\\/\"}]}<\/script>\n<!-- \/ Yoast SEO plugin. -->","yoast_head_json":{"title":"ReStart Alpago: 5 appuntamenti, 2 cene, un concerto, un film e una mostra solidale - Bellunopress - Dolomiti","robots":{"index":"index","follow":"follow","max-snippet":"max-snippet:-1","max-image-preview":"max-image-preview:large","max-video-preview":"max-video-preview:-1"},"canonical":"https:\/\/www.bellunopress.it\/fr\/2023\/11\/15\/restart-alpago-5-appuntamenti-2-cene-un-concerto-un-film-e-una-mostra-solidale\/","og_locale":"fr_FR","og_type":"article","og_title":"ReStart Alpago: 5 appuntamenti, 2 cene, un concerto, un film e una mostra solidale - Bellunopress - Dolomiti","og_description":"Favorire l&#8217;aggregazione, ricucire i rapporti della comunit\u00e0 deterioratisi durante la pandemia. Ma anche aiutare una realt\u00e0 del territorio come Onda Rosa, l&#8217;associazione nata con l&#8217;obiettivo di dare un sostegno alle donne che ricevono una diagnosi di tumore alla mammella. \u00c8 un mix di culturale e solidale la seconda edizione di ReStart Alpago, l&#8217;iniziativa curata dai [&hellip;]","og_url":"https:\/\/www.bellunopress.it\/fr\/2023\/11\/15\/restart-alpago-5-appuntamenti-2-cene-un-concerto-un-film-e-una-mostra-solidale\/","og_site_name":"Bellunopress - Dolomiti","article_publisher":"https:\/\/www.facebook.com\/profile.php?id=100008943462799","article_published_time":"2023-11-15T15:31:53+00:00","og_image":[{"width":838,"height":620,"url":"https:\/\/www.bellunopress.it\/wp-content\/uploads\/2023\/11\/ReStart-Alpago-2_edited.jpg","type":"image\/jpeg"}],"author":"redazione","twitter_card":"summary_large_image","twitter_creator":"@bellunopress","twitter_site":"@bellunopress","twitter_misc":{"Written by":"redazione","Est. reading time":"2 minutes"},"schema":{"@context":"https:\/\/schema.org","@graph":[{"@type":"Article","@id":"https:\/\/www.bellunopress.it\/2023\/11\/15\/restart-alpago-5-appuntamenti-2-cene-un-concerto-un-film-e-una-mostra-solidale\/#article","isPartOf":{"@id":"https:\/\/www.bellunopress.it\/2023\/11\/15\/restart-alpago-5-appuntamenti-2-cene-un-concerto-un-film-e-una-mostra-solidale\/"},"author":{"name":"redazione","@id":"https:\/\/www.bellunopress.it\/#\/schema\/person\/79bb06722b37ece1c03d3e94beb30d73"},"headline":"ReStart Alpago: 5 appuntamenti, 2 cene, un concerto, un film e una mostra solidale","datePublished":"2023-11-15T15:31:53+00:00","mainEntityOfPage":{"@id":"https:\/\/www.bellunopress.it\/2023\/11\/15\/restart-alpago-5-appuntamenti-2-cene-un-concerto-un-film-e-una-mostra-solidale\/"},"wordCount":456,"publisher":{"@id":"https:\/\/www.bellunopress.it\/#organization"},"image":{"@id":"https:\/\/www.bellunopress.it\/2023\/11\/15\/restart-alpago-5-appuntamenti-2-cene-un-concerto-un-film-e-una-mostra-solidale\/#primaryimage"},"thumbnailUrl":"https:\/\/www.bellunopress.it\/wp-content\/uploads\/2023\/11\/ReStart-Alpago-2_edited.jpg","articleSection":["Appuntamenti, Eventi","Pausa Caff\u00e8","Sport, tempo libero"],"inLanguage":"fr-FR"},{"@type":"WebPage","@id":"https:\/\/www.bellunopress.it\/2023\/11\/15\/restart-alpago-5-appuntamenti-2-cene-un-concerto-un-film-e-una-mostra-solidale\/","url":"https:\/\/www.bellunopress.it\/2023\/11\/15\/restart-alpago-5-appuntamenti-2-cene-un-concerto-un-film-e-una-mostra-solidale\/","name":"ReStart Alpago: 5 appuntamenti, 2 cene, un concerto, un film e una mostra solidale - Bellunopress - Dolomiti","isPartOf":{"@id":"https:\/\/www.bellunopress.it\/#website"},"primaryImageOfPage":{"@id":"https:\/\/www.bellunopress.it\/2023\/11\/15\/restart-alpago-5-appuntamenti-2-cene-un-concerto-un-film-e-una-mostra-solidale\/#primaryimage"},"image":{"@id":"https:\/\/www.bellunopress.it\/2023\/11\/15\/restart-alpago-5-appuntamenti-2-cene-un-concerto-un-film-e-una-mostra-solidale\/#primaryimage"},"thumbnailUrl":"https:\/\/www.bellunopress.it\/wp-content\/uploads\/2023\/11\/ReStart-Alpago-2_edited.jpg","datePublished":"2023-11-15T15:31:53+00:00","breadcrumb":{"@id":"https:\/\/www.bellunopress.it\/2023\/11\/15\/restart-alpago-5-appuntamenti-2-cene-un-concerto-un-film-e-una-mostra-solidale\/#breadcrumb"},"inLanguage":"fr-FR","potentialAction":[{"@type":"ReadAction","target":["https:\/\/www.bellunopress.it\/2023\/11\/15\/restart-alpago-5-appuntamenti-2-cene-un-concerto-un-film-e-una-mostra-solidale\/"]}]},{"@type":"ImageObject","inLanguage":"fr-FR","@id":"https:\/\/www.bellunopress.it\/2023\/11\/15\/restart-alpago-5-appuntamenti-2-cene-un-concerto-un-film-e-una-mostra-solidale\/#primaryimage","url":"https:\/\/www.bellunopress.it\/wp-content\/uploads\/2023\/11\/ReStart-Alpago-2_edited.jpg","contentUrl":"https:\/\/www.bellunopress.it\/wp-content\/uploads\/2023\/11\/ReStart-Alpago-2_edited.jpg","width":838,"height":620,"caption":"ReStart Alpago 2.0"},{"@type":"BreadcrumbList","@id":"https:\/\/www.bellunopress.it\/2023\/11\/15\/restart-alpago-5-appuntamenti-2-cene-un-concerto-un-film-e-una-mostra-solidale\/#breadcrumb","itemListElement":[{"@type":"ListItem","position":1,"name":"Home","item":"https:\/\/www.bellunopress.it\/"},{"@type":"ListItem","position":2,"name":"ReStart Alpago: 5 appuntamenti, 2 cene, un concerto, un film e una mostra solidale"}]},{"@type":"WebSite","@id":"https:\/\/www.bellunopress.it\/#website","url":"https:\/\/www.bellunopress.it\/","name":"Bellunopress - Dolomiti","description":"e-mail: redazione@bellunopress.it","publisher":{"@id":"https:\/\/www.bellunopress.it\/#organization"},"potentialAction":[{"@type":"SearchAction","target":{"@type":"EntryPoint","urlTemplate":"https:\/\/www.bellunopress.it\/?s={search_term_string}"},"query-input":{"@type":"PropertyValueSpecification","valueRequired":true,"valueName":"search_term_string"}}],"inLanguage":"fr-FR"},{"@type":"Organization","@id":"https:\/\/www.bellunopress.it\/#organization","name":"Bellunopress","url":"https:\/\/www.bellunopress.it\/","logo":{"@type":"ImageObject","inLanguage":"fr-FR","@id":"https:\/\/www.bellunopress.it\/#\/schema\/logo\/image\/","url":"https:\/\/www.bellunopress.it\/wp-content\/uploads\/2011\/05\/cropped-logo-bellunopress-.jpg","contentUrl":"https:\/\/www.bellunopress.it\/wp-content\/uploads\/2011\/05\/cropped-logo-bellunopress-.jpg","width":512,"height":512,"caption":"Bellunopress"},"image":{"@id":"https:\/\/www.bellunopress.it\/#\/schema\/logo\/image\/"},"sameAs":["https:\/\/www.facebook.com\/profile.php?id=100008943462799","https:\/\/x.com\/bellunopress","https:\/\/www.linkedin.com\/hp\/?dnr=JBzUWaJfMUw8vbXJJ2tVW5-I3jZKvC4wsoxE&amp;amp;amp;amp;amp;amp;trk=nav_responsive_tab_home","https:\/\/www.youtube.com\/channel\/UCxL0wu1uN0_3_7hGG0306cw"]},{"@type":"Person","@id":"https:\/\/www.bellunopress.it\/#\/schema\/person\/79bb06722b37ece1c03d3e94beb30d73","name":"r\u00e9daction","image":{"@type":"ImageObject","inLanguage":"fr-FR","@id":"https:\/\/secure.gravatar.com\/avatar\/37d968a2e67a6fd04c169c4bdef102d0bc5d31b2546345219e348575eb80e9a0?s=96&d=mm&r=g","url":"https:\/\/secure.gravatar.com\/avatar\/37d968a2e67a6fd04c169c4bdef102d0bc5d31b2546345219e348575eb80e9a0?s=96&d=mm&r=g","contentUrl":"https:\/\/secure.gravatar.com\/avatar\/37d968a2e67a6fd04c169c4bdef102d0bc5d31b2546345219e348575eb80e9a0?s=96&d=mm&r=g","caption":"redazione"},"sameAs":["http:\/\/www.bellunopress.it","https:\/\/x.com\/bellunopress"],"url":"https:\/\/www.bellunopress.it\/fr\/author\/redazione\/"}]}},"_links":{"self":[{"href":"https:\/\/www.bellunopress.it\/fr\/wp-json\/wp\/v2\/posts\/145937","targetHints":{"allow":["GET"]}}],"collection":[{"href":"https:\/\/www.bellunopress.it\/fr\/wp-json\/wp\/v2\/posts"}],"about":[{"href":"https:\/\/www.bellunopress.it\/fr\/wp-json\/wp\/v2\/types\/post"}],"author":[{"embeddable":true,"href":"https:\/\/www.bellunopress.it\/fr\/wp-json\/wp\/v2\/users\/2"}],"replies":[{"embeddable":true,"href":"https:\/\/www.bellunopress.it\/fr\/wp-json\/wp\/v2\/comments?post=145937"}],"version-history":[{"count":1,"href":"https:\/\/www.bellunopress.it\/fr\/wp-json\/wp\/v2\/posts\/145937\/revisions"}],"predecessor-version":[{"id":145939,"href":"https:\/\/www.bellunopress.it\/fr\/wp-json\/wp\/v2\/posts\/145937\/revisions\/145939"}],"wp:featuredmedia":[{"embeddable":true,"href":"https:\/\/www.bellunopress.it\/fr\/wp-json\/wp\/v2\/media\/145938"}],"wp:attachment":[{"href":"https:\/\/www.bellunopress.it\/fr\/wp-json\/wp\/v2\/media?parent=145937"}],"wp:term":[{"taxonomy":"category","embeddable":true,"href":"https:\/\/www.bellunopress.it\/fr\/wp-json\/wp\/v2\/categories?post=145937"},{"taxonomy":"post_tag","embeddable":true,"href":"https:\/\/www.bellunopress.it\/fr\/wp-json\/wp\/v2\/tags?post=145937"}],"curies":[{"name":"wp","href":"https:\/\/api.w.org\/{rel}","templated":true}]}}