{"id":145935,"date":"2023-11-15T15:17:12","date_gmt":"2023-11-15T14:17:12","guid":{"rendered":"https:\/\/www.bellunopress.it\/?p=145935"},"modified":"2023-11-15T15:17:12","modified_gmt":"2023-11-15T14:17:12","slug":"premio-bellunesi-che-onorano-la-provincia-in-italia-e-nel-mondo-sabato-a-longarone-la-cerimonia-ufficiale","status":"publish","type":"post","link":"https:\/\/www.bellunopress.it\/fr\/2023\/11\/15\/premio-bellunesi-che-onorano-la-provincia-in-italia-e-nel-mondo-sabato-a-longarone-la-cerimonia-ufficiale\/","title":{"rendered":"Premio &#8220;Bellunesi che onorano la provincia in Italia e nel Mondo&#8221;. Sabato a Longarone la cerimonia ufficiale"},"content":{"rendered":"<figure id=\"attachment_144335\" aria-describedby=\"caption-attachment-144335\" style=\"width: 726px\" class=\"wp-caption alignleft\"><img loading=\"lazy\" decoding=\"async\" class=\"size-full wp-image-144335\" src=\"https:\/\/www.bellunopress.it\/wp-content\/uploads\/2023\/09\/Centro-Culturale-F-Parri-Longarone_edited.jpg\" alt=\"\" width=\"726\" height=\"480\" srcset=\"https:\/\/www.bellunopress.it\/wp-content\/uploads\/2023\/09\/Centro-Culturale-F-Parri-Longarone_edited.jpg 726w, https:\/\/www.bellunopress.it\/wp-content\/uploads\/2023\/09\/Centro-Culturale-F-Parri-Longarone_edited-500x331.jpg 500w, https:\/\/www.bellunopress.it\/wp-content\/uploads\/2023\/09\/Centro-Culturale-F-Parri-Longarone_edited-696x460.jpg 696w\" sizes=\"auto, (max-width: 726px) 100vw, 726px\" \/><figcaption id=\"caption-attachment-144335\" class=\"wp-caption-text\">Centro Culturale F. Parri &#8211; Longarone<\/figcaption><\/figure>\n<p>Sar\u00e0 Longarone, nel 60\u00b0 anniversario della tragedia del Vajont, a ospitare la XXIII edizione del Premio Internazionale \u201cBellunesi che onorano la provincia in Italia e nel Mondo\u201d sabato 25 novembre 2023, a partire dalle 9.45 al Centro Culturale \u201cF. Parri\u201d.<\/p>\n<p>Il Premio, organizzato da Provincia di Belluno, Associazione Bellunesi nel Mondo e i Rotary Club di Belluno, Feltre, Cadore-Cortina prevede tre riconoscimenti principali riservati ai Bellunesi emigrati in Italia e nel mondo e ai loro discendenti, che mantengono vivo il legame con la terra delle radici e assegnato a personalit\u00e0 che si sono distinte nei seguenti settori:<br \/>\na) economico, imprenditoriale e professionale;<br \/>\nb) istituzioni arte e cultura;<br \/>\nc) sociale e solidaristico.<\/p>\n<p>Per il settore economico, imprenditoriale e professionale, il premio sar\u00e0 assegnato a Francesco Dazzi e a Francesco Piazza<\/p>\n<p><strong>Francesco Dazzi<\/strong><br \/>\nNato nel 1976, originario del comune di Alpago ove ha la residenza, dopo il diploma conseguito al Liceo Scientifico G. Galilei di Belluno, si laurea in Fisica all\u2019Universit\u00e0 di Padova e successivamente consegue il dottorato in Matematica e Fisica all\u2019Universit\u00e0 di Udine.<br \/>\n\u00c8 un systems engineer certificato e project manager con oltre 20 anni di esperienza in vari settori, da quello delle telecomunicazioni a quello accademico e della ricerca astro-particellare. In questi anni si \u00e8 principalmente dedicato alla costruzione di telescopi per l\u2019astrofisica gamma e alla gestione di progetti scientifici, ricoprendo ruoli di responsabilit\u00e0 in collaborazioni internazionali. \u00c8 stato docente in vari corsi sperimentali sia presso i dipartimenti di Ingegneria che di Fisica dell&#8217;Universit\u00e0 di Padova ed ha anche conseguito l\u2019Abilitazione Scientifica Nazionale del Ministero dell\u2019Istruzione, dell\u2019Universit\u00e0 e della Ricerca (MIUR). Attualmente lavora come primo tecnologo all\u2019Istituto Nazionale di Astrofisica (INAF.)<br \/>\n\u00c8 il presidente dell&#8217;Associazione Italiana di Systems Engineering (AISE). \u00c8 anche membro dell&#8217;International Council on Systems Engineering (INCOSE), dove ricopre i ruoli di chapter liaison nel Technical Operations Board, rappresentante italiano nel Chapter Leaders Board del settore EMEA (Europa, Medio Oriente e Africa), presidente o membro di comitati organizzatori di eventi nazionali ed internazionali sul systems engineering e revisore del \u201cINCOSE Annual International Symposium\u201d. Nel 2019, dopo una selezione internazionale e un programma di sviluppo di due anni, \u00e8 stato ammesso all\u2019INCOSE Technical Leadership Institute.<br \/>\nHa partecipato a diverse attivit\u00e0 di sensibilizzazione e di terza missione per la promozione delle discipline STEM e della dicotomia tra scienza e tecnologia, enfatizzando la necessaria sinergia con le discipline gestionali ed amministrative per la buona riuscita dei progetti. \u00c8 un promotore del pensiero sistemico e dell\u2019integrazione tra le discipline. Partecipa in vari gruppi di lavoro nazionali ed internazionali che hanno l\u2019obiettivo di diffondere ed evolvere la conoscenza in tematiche quali, per esempio, i sistemi complessi, l\u2019ingegnerizzazione dei requisiti, l\u2019integrazione tra project management e systems engineering, AGILE systems engineering, i processi di verifica e validazione, etc.<br \/>\nHa pubblicato pi\u00f9 di 200 articoli e ha partecipato a numerosi seminari, conferenze su invito e relazioni tecniche. \u00c8 stato revisore internazionale di tesi di dottorato e di pubblicazioni scientifiche. \u00c8 membro del comitato editoriale di \u201cViewpoints\u201d, periodico di AISE.<br \/>\nRecentemente ha ricevuto l\u2019INCOSE Chapter Circle President\u2019s Award.<\/p>\n<p><strong>Francesco Piazza<\/strong><br \/>\nNato a Belluno nel 1968, dopo la Laurea in Giurisprudenza a Padova, ha collaborato con la cattedra di diritto amministrativo della Facolt\u00e0 e ha svolto attivit\u00e0 libero professionale nel Foro di Padova. Negli stessi anni inizia a interessarsi di Cerimoniale dello Stato. Nel 2002 diviene prima consulente giuridico e poi membro della Commissione nazionale che ha definito le \u201cDisposizioni generali in materia di Cerimoniale e disciplina delle precedenze tra le cariche pubbliche\u201d adottate con Decreto del Presidente del Consiglio dei Ministri del 14 aprile 2006 e con il successivo DPCM del 16 aprile 2008.<br \/>\nNel 2003 viene nominato Esperto nel Dipartimento del Cerimoniale di Stato presso la Presidenza del Consiglio dei Ministri dove rimane fino al 2009 quando viene chiamato a dirigere, con le diverse consiliature che si succedono, il Cerimoniale di Roma Capitale. Nel 2017 torna al Cerimoniale di Stato della Presidenza del Consiglio dei Ministri, come dirigente del Servizio Visite di Stato. Dal 31 marzo 2022 \u00e8 Capo dell\u2019Ufficio del cerimoniale di Stato e per le onorificenze della Presidenza del Consiglio dei ministri.<br \/>\nNon ha mai smesso di dedicarsi all\u2019insegnamento della materia del Cerimoniale in diversi contesti: presso l\u2019Universit\u00e0 LUMSA di Roma, la Scuola nazionale dell\u2019Amministrazione, il Centro studi Ceida e la Societ\u00e0 Italiana per le organizzazioni Internazionali.<br \/>\nE\u2019 autore del \u201cContributo al sistema della rappresentanza protocollare\u201d, pubblicato in Valore e Valori nella comunicazione pubblica, Gangemi editore e di alcuni articoli in riviste del settore.<\/p>\n<p>Per il settore istituzioni, arte e cultura il premio andr\u00e0 a Silvana Molin Pradel e a Romeo Sacchetti<\/p>\n<p><strong>Silvana Molin Pradel<\/strong><br \/>\nNata a Forno di Zoldo nel 1939, risiede attualmente a Malaga in Spagna.<br \/>\nTerminate le scuole superiori approfondisce lo studio della lingua tedesca frequentando due corsi all\u2019Universit\u00e0 di Vienna. Nel 1989 si trasferisce in Spagna dove apre \u2013 e gestisce fino al 2004- una gelateria a Torrox Costa, in Andalusia.<br \/>\nMa la sua vera passione ruota attorno a innumerevoli attivit\u00e0 culturali per la promozione turistica e culturale del territorio in cui vive collaborando attivamente con le autorit\u00e0 civili e religiose, con associazioni culturali, con consorzi turistici e scuole.<br \/>\nPromuove mostre fotografiche, di pittura e di ceramica artistica.<br \/>\nCollabora anche al ripristino della Cappella dell\u2019Epifania in Battistero di Santander donando un\u2019opera del pittore italiano Gibello.<br \/>\nNel 2005 fonda e presiede la \u201cDante Alighieri\u201d di Malaga per promuovere la lingua e la cultura italiane, curando la pubblicazione del trimestrale bilingue di lingua e cultrua italiana \u201cNotidante\u201d.<br \/>\nNel 2006 fonda, insieme a Lucia Dalla Mont\u00e0, l\u2019associazione dei Veneti di Spagna \u201cIl Ceppo\u201d e organizza a Torremolinos il primo raduno dei Veneti di Spagna.<br \/>\nSilvana non cessa di occuparsi della promozione artistico-culturale anche in Italia e nella sua Val di Zoldo. Dal 2008 inizia la collaborazione con Fausto Bortolot, Demetrio Mosena e il Comune di Val di Zoldo per la progettazione di un Museo dedicato al gelato.<br \/>\nNel 2020 collabora per arricchire il Museo naturalistico della Val di Zoldo.<br \/>\nNel 2014 pubblica il libro \u201cTradizioni in pentola e romantiche poesie\u201d, dedicato alla cucina e cultura zoldane e porta a compimento il libro sugli aspetti naturalistici e paesaggistici \u201cCattedrali naturali della Val di Zoldo\u201d.<br \/>\nNel 2018 presenta alla MIG il libro \u201cI Gelatieri bellunesi che hanno conquistato la penisola iberica\u201d dedicato alla storia delle famiglie che dal 1930 si sono dedicata in Spagna a questo settore.<\/p>\n<p><strong>Romeo Sacchetti<\/strong><br \/>\nNato nel 1953 ad Altamura da una famiglia di origini bellunesi di cognome Sacchet, \u00e8 un ex cestista e allenatore di pallacanestro italiano.<br \/>\nCresciuto alla palestra Wild di Novara con l&#8217;allenatore Roberto &#8220;Bob&#8221; Rattazzi, inizia la sua carriera con la maglia del Sacl\u00e0 Asti con cui gioca per tre anni.<br \/>\nNegli anni settanta veste la maglia della Gira Bologna, con la quale esordisce in serie A2 nel 1976 e in serie A1 l&#8217;anno successivo.<br \/>\nNel 1979 passa all&#8217;Auxilium Torino e nel 1984 si trasferisce alla Pallacanestro Varese dove rimane per otto stagioni, fino al 9 novembre 1991, quando \u00e8 costretto a ritirarsi dall&#8217;attivit\u00e0 agonistica, a seguito di un grave infortunio dopo aver disputato 15 campionati di A1, con 456 partite giocate e 6.333 punti realizzati.<br \/>\nCon la Nazionale fu tra i protagonisti dell&#8217;argento di Mosca del 1980 e dell&#8217;oro di Nantes del 1983<br \/>\nInizia la carriera da allenatore tornando a Torino dove \u00e8 assistente di Giuseppe Guerrieri. Proprio Torino sar\u00e0 la sua prima panchina da capo allenatore guidando i gialloblu in Serie B d&#8217;Eccellenza tra il 1996 e il 1998. Dal 1998 allena diverse squadre italiane, ottenendo nel 2012, alla guida della Dinamo Sassari, il premio come allenatore dell&#8217;anno.<br \/>\nIl 1\u00ba agosto 2017 diviene il commissario tecnico della nazionale italiana maschile di basket, succedendo ad Ettore Messina. Il 22 febbraio 2019, a seguito del successo contro l&#8217;Ungheria per 75-41, riporta l&#8217;Italia a disputare il Mondiale.<br \/>\nIn virt\u00f9 di questo risultato, all&#8217;indomani della qualificazione, il presidente della FIP Giovanni Petrucci decide di rinnovare il contratto di Sacchetti fino al 2021. Il 4 luglio 2021, sotto la sua guida, battendo la Serbia per 102-95, riporta l&#8217;Italia a disputare una olimpiade, dopo l&#8217;argento del 2004, vedendo il suo impegno in nazionale rinnovarsi fino all&#8217;Europeo 2022.<br \/>\nNel 2016 \u00e8 stato eletto nella Italia Basket Hall of Fame.<\/p>\n<p>Per il settore sociale e solidaristico il riconoscimento va a Flavio Jos\u00e8 Brugnago e a Francesco Marin<\/p>\n<p><strong>Flavio Jos\u00e8 Brugnago<\/strong><br \/>\nOriginario di Canale d\u2019Agordo, nato a Jaragu\u00e0 do Sul (Stato di Santa Catarina in Brasile) nel 1956, da 46 anni svolge attivit\u00e0 giornalistica e, attualmente, \u00e8 redattore del Jornal do Vale do Itapocu.<br \/>\nNel corso della sua attivit\u00e0 professionale, ha partecipato a decine di eventi legati allo sport, alla cultura e, principalmente, al sociale.<br \/>\n\u00c8 socio fondatore di Apae de Guaramirim, ente benefico a favore delle persone con disabilit\u00e0 e dei Vigili del Fuoco Volontari di Schroeder.<br \/>\n\u00c8 socio fondatore dell\u2019Associazione Bellunesi nel Mondo \u2013 Famiglia Jaragu\u00e0 do Sul e socio dell\u2019ABM di Belluno. Attivo nelle ricerche sulle famiglie bellunesi nello Stato di Santa Caterina, in particolare sulla famiglie Luchetta e Brugnago (sue famiglie d\u2019origine).<br \/>\nHa accompagnato come giornalista e membro attivo tutte le fasi del gemellaggio del 2011 tra Massaranduba e le comunit\u00e0 della Valle del Boiois, in occasione della quale \u00e8 venuto in Italia per la prima volta.<br \/>\nHa partecipato alla realizzazione della Chiesetta Alpina a Jaragu\u00e0 do Sul, monumento dedicato agli emigranti su riproduzione della chiesetta di Vallada agordina.<br \/>\nNelle sue pubblicazioni si occupa della raccolta di documentazioni con una ricerca molto ricca su emigranti brasiliani che parteciparono come volontari alla Prima guerra mondiale.<\/p>\n<p><strong>Francesco Marin<\/strong><br \/>\nOriginario dei Feltre, classe 1965, risiede da tempo con la famiglia a Berlino.<br \/>\nDopo la Laurea in Lingue e letterature straniere conseguito a Feltre e un dottorato in Storia medievale e moderna conseguito all\u2019Universit\u00e0 di Colonia, inizia la sua vita professionale prima come docente e successivamente entrando nella cancelleria consolare dell\u2019<br \/>\nAmbasciata d\u2019Italia a Berlino.<br \/>\n\u00c8 parte attiva del progetto \u201cBenvenuti a Berlino\u201d, un progetto nato a cavallo fra il 2018 e il 2019, da una collaborazione fra il Comites Berlino, l\u2019Ambasciata d\u2019Italia in Germania e il quotidiano online Il Mitte, con lo scopo di fornire ai nostri connazionali informazioni e risorse utili per integrarsi nel sistema tedesco.<br \/>\n\u00c8 autore di diverse pubblicazioni di carattere storico-culturale.<\/p>\n<p>Il Premio Speciale \u201cBarcelloni Corte \u2013 De Martin Modolado\u201d sar\u00e0 consegnato a tre figure longaronesi che si sono spese per il territorio e la comunit\u00e0 di Longarone.<\/p>\n<p>Alla cerimonia interverr\u00e0 il Coro di Codissago<\/p>\n<p>La cerimonia, presentata da Anna Olivier e resa possibile grazie alla preziosa collaborazione delle associazioni e del volontariato del Comune , sar\u00e0 trasmessa sulle onde di Radio ABM &#8211; voce delle dolomiti, la web radio dell\u2019Associazione Bellunesi nel Mondo (www.bellunesinelmondo.it\/radio-abm)<\/p>\n<p>&nbsp;<\/p>\n<p>&nbsp;<\/p>\n<p>&nbsp;<\/p>","protected":false},"excerpt":{"rendered":"<p>Sar\u00e0 Longarone, nel 60\u00b0 anniversario della tragedia del Vajont, a ospitare la XXIII edizione del Premio Internazionale \u201cBellunesi che onorano la provincia in Italia e nel Mondo\u201d sabato 25 novembre 2023, a partire dalle 9.45 al Centro Culturale \u201cF. Parri\u201d. Il Premio, organizzato da Provincia di Belluno, Associazione Bellunesi nel Mondo e i Rotary Club [&hellip;]<\/p>\n","protected":false},"author":2,"featured_media":144335,"comment_status":"closed","ping_status":"open","sticky":false,"template":"","format":"standard","meta":{"footnotes":""},"categories":[27,26,8],"tags":[],"class_list":["post-145935","post","type-post","status-publish","format-standard","has-post-thumbnail","category-appuntamenti","category-prima-pagina","category-societa-istituzioni"],"yoast_head":"<!-- This site is optimized with the Yoast SEO plugin v28.4 - https:\/\/yoast.com\/product\/yoast-seo-wordpress\/ -->\n<title>Premio &quot;Bellunesi che onorano la provincia in Italia e nel Mondo&quot;. Sabato a Longarone la cerimonia ufficiale - Bellunopress - Dolomiti<\/title>\n<meta name=\"robots\" content=\"index, follow, max-snippet:-1, max-image-preview:large, max-video-preview:-1\" \/>\n<link rel=\"canonical\" href=\"https:\/\/www.bellunopress.it\/fr\/2023\/11\/15\/premio-bellunesi-che-onorano-la-provincia-in-italia-e-nel-mondo-sabato-a-longarone-la-cerimonia-ufficiale\/\" \/>\n<meta property=\"og:locale\" content=\"fr_FR\" \/>\n<meta property=\"og:type\" content=\"article\" \/>\n<meta property=\"og:title\" content=\"Premio &quot;Bellunesi che onorano la provincia in Italia e nel Mondo&quot;. Sabato a Longarone la cerimonia ufficiale - Bellunopress - Dolomiti\" \/>\n<meta property=\"og:description\" content=\"Sar\u00e0 Longarone, nel 60\u00b0 anniversario della tragedia del Vajont, a ospitare la XXIII edizione del Premio Internazionale \u201cBellunesi che onorano la provincia in Italia e nel Mondo\u201d sabato 25 novembre 2023, a partire dalle 9.45 al Centro Culturale \u201cF. Parri\u201d. Il Premio, organizzato da Provincia di Belluno, Associazione Bellunesi nel Mondo e i Rotary Club [&hellip;]\" \/>\n<meta property=\"og:url\" content=\"https:\/\/www.bellunopress.it\/fr\/2023\/11\/15\/premio-bellunesi-che-onorano-la-provincia-in-italia-e-nel-mondo-sabato-a-longarone-la-cerimonia-ufficiale\/\" \/>\n<meta property=\"og:site_name\" content=\"Bellunopress - Dolomiti\" \/>\n<meta property=\"article:publisher\" content=\"https:\/\/www.facebook.com\/profile.php?id=100008943462799\" \/>\n<meta property=\"article:published_time\" content=\"2023-11-15T14:17:12+00:00\" \/>\n<meta property=\"og:image\" content=\"https:\/\/www.bellunopress.it\/wp-content\/uploads\/2023\/09\/Centro-Culturale-F-Parri-Longarone_edited.jpg\" \/>\n\t<meta property=\"og:image:width\" content=\"726\" \/>\n\t<meta property=\"og:image:height\" content=\"480\" \/>\n\t<meta property=\"og:image:type\" content=\"image\/jpeg\" \/>\n<meta name=\"author\" content=\"redazione\" \/>\n<meta name=\"twitter:card\" content=\"summary_large_image\" \/>\n<meta name=\"twitter:creator\" content=\"@bellunopress\" \/>\n<meta name=\"twitter:site\" content=\"@bellunopress\" \/>\n<meta name=\"twitter:label1\" content=\"Written by\" \/>\n\t<meta name=\"twitter:data1\" content=\"redazione\" \/>\n\t<meta name=\"twitter:label2\" content=\"Est. reading time\" \/>\n\t<meta name=\"twitter:data2\" content=\"9 minutes\" \/>\n<script type=\"application\/ld+json\" class=\"yoast-schema-graph\">{\"@context\":\"https:\\\/\\\/schema.org\",\"@graph\":[{\"@type\":\"Article\",\"@id\":\"https:\\\/\\\/www.bellunopress.it\\\/2023\\\/11\\\/15\\\/premio-bellunesi-che-onorano-la-provincia-in-italia-e-nel-mondo-sabato-a-longarone-la-cerimonia-ufficiale\\\/#article\",\"isPartOf\":{\"@id\":\"https:\\\/\\\/www.bellunopress.it\\\/2023\\\/11\\\/15\\\/premio-bellunesi-che-onorano-la-provincia-in-italia-e-nel-mondo-sabato-a-longarone-la-cerimonia-ufficiale\\\/\"},\"author\":{\"name\":\"redazione\",\"@id\":\"https:\\\/\\\/www.bellunopress.it\\\/#\\\/schema\\\/person\\\/79bb06722b37ece1c03d3e94beb30d73\"},\"headline\":\"Premio &#8220;Bellunesi che onorano la provincia in Italia e nel Mondo&#8221;. Sabato a Longarone la cerimonia ufficiale\",\"datePublished\":\"2023-11-15T14:17:12+00:00\",\"mainEntityOfPage\":{\"@id\":\"https:\\\/\\\/www.bellunopress.it\\\/2023\\\/11\\\/15\\\/premio-bellunesi-che-onorano-la-provincia-in-italia-e-nel-mondo-sabato-a-longarone-la-cerimonia-ufficiale\\\/\"},\"wordCount\":1768,\"publisher\":{\"@id\":\"https:\\\/\\\/www.bellunopress.it\\\/#organization\"},\"image\":{\"@id\":\"https:\\\/\\\/www.bellunopress.it\\\/2023\\\/11\\\/15\\\/premio-bellunesi-che-onorano-la-provincia-in-italia-e-nel-mondo-sabato-a-longarone-la-cerimonia-ufficiale\\\/#primaryimage\"},\"thumbnailUrl\":\"https:\\\/\\\/www.bellunopress.it\\\/wp-content\\\/uploads\\\/2023\\\/09\\\/Centro-Culturale-F-Parri-Longarone_edited.jpg\",\"articleSection\":[\"Appuntamenti, Eventi\",\"Prima Pagina\",\"Societ\u00e0, Associazioni, Istituzioni\"],\"inLanguage\":\"fr-FR\"},{\"@type\":\"WebPage\",\"@id\":\"https:\\\/\\\/www.bellunopress.it\\\/2023\\\/11\\\/15\\\/premio-bellunesi-che-onorano-la-provincia-in-italia-e-nel-mondo-sabato-a-longarone-la-cerimonia-ufficiale\\\/\",\"url\":\"https:\\\/\\\/www.bellunopress.it\\\/2023\\\/11\\\/15\\\/premio-bellunesi-che-onorano-la-provincia-in-italia-e-nel-mondo-sabato-a-longarone-la-cerimonia-ufficiale\\\/\",\"name\":\"Premio \\\"Bellunesi che onorano la provincia in Italia e nel Mondo\\\". Sabato a Longarone la cerimonia ufficiale - Bellunopress - Dolomiti\",\"isPartOf\":{\"@id\":\"https:\\\/\\\/www.bellunopress.it\\\/#website\"},\"primaryImageOfPage\":{\"@id\":\"https:\\\/\\\/www.bellunopress.it\\\/2023\\\/11\\\/15\\\/premio-bellunesi-che-onorano-la-provincia-in-italia-e-nel-mondo-sabato-a-longarone-la-cerimonia-ufficiale\\\/#primaryimage\"},\"image\":{\"@id\":\"https:\\\/\\\/www.bellunopress.it\\\/2023\\\/11\\\/15\\\/premio-bellunesi-che-onorano-la-provincia-in-italia-e-nel-mondo-sabato-a-longarone-la-cerimonia-ufficiale\\\/#primaryimage\"},\"thumbnailUrl\":\"https:\\\/\\\/www.bellunopress.it\\\/wp-content\\\/uploads\\\/2023\\\/09\\\/Centro-Culturale-F-Parri-Longarone_edited.jpg\",\"datePublished\":\"2023-11-15T14:17:12+00:00\",\"breadcrumb\":{\"@id\":\"https:\\\/\\\/www.bellunopress.it\\\/2023\\\/11\\\/15\\\/premio-bellunesi-che-onorano-la-provincia-in-italia-e-nel-mondo-sabato-a-longarone-la-cerimonia-ufficiale\\\/#breadcrumb\"},\"inLanguage\":\"fr-FR\",\"potentialAction\":[{\"@type\":\"ReadAction\",\"target\":[\"https:\\\/\\\/www.bellunopress.it\\\/2023\\\/11\\\/15\\\/premio-bellunesi-che-onorano-la-provincia-in-italia-e-nel-mondo-sabato-a-longarone-la-cerimonia-ufficiale\\\/\"]}]},{\"@type\":\"ImageObject\",\"inLanguage\":\"fr-FR\",\"@id\":\"https:\\\/\\\/www.bellunopress.it\\\/2023\\\/11\\\/15\\\/premio-bellunesi-che-onorano-la-provincia-in-italia-e-nel-mondo-sabato-a-longarone-la-cerimonia-ufficiale\\\/#primaryimage\",\"url\":\"https:\\\/\\\/www.bellunopress.it\\\/wp-content\\\/uploads\\\/2023\\\/09\\\/Centro-Culturale-F-Parri-Longarone_edited.jpg\",\"contentUrl\":\"https:\\\/\\\/www.bellunopress.it\\\/wp-content\\\/uploads\\\/2023\\\/09\\\/Centro-Culturale-F-Parri-Longarone_edited.jpg\",\"width\":726,\"height\":480,\"caption\":\"Centro Culturale F. Parri - Longarone\"},{\"@type\":\"BreadcrumbList\",\"@id\":\"https:\\\/\\\/www.bellunopress.it\\\/2023\\\/11\\\/15\\\/premio-bellunesi-che-onorano-la-provincia-in-italia-e-nel-mondo-sabato-a-longarone-la-cerimonia-ufficiale\\\/#breadcrumb\",\"itemListElement\":[{\"@type\":\"ListItem\",\"position\":1,\"name\":\"Home\",\"item\":\"https:\\\/\\\/www.bellunopress.it\\\/\"},{\"@type\":\"ListItem\",\"position\":2,\"name\":\"Premio &#8220;Bellunesi che onorano la provincia in Italia e nel Mondo&#8221;. Sabato a Longarone la cerimonia ufficiale\"}]},{\"@type\":\"WebSite\",\"@id\":\"https:\\\/\\\/www.bellunopress.it\\\/#website\",\"url\":\"https:\\\/\\\/www.bellunopress.it\\\/\",\"name\":\"Bellunopress - Dolomiti\",\"description\":\"e-mail: redazione@bellunopress.it\",\"publisher\":{\"@id\":\"https:\\\/\\\/www.bellunopress.it\\\/#organization\"},\"potentialAction\":[{\"@type\":\"SearchAction\",\"target\":{\"@type\":\"EntryPoint\",\"urlTemplate\":\"https:\\\/\\\/www.bellunopress.it\\\/?s={search_term_string}\"},\"query-input\":{\"@type\":\"PropertyValueSpecification\",\"valueRequired\":true,\"valueName\":\"search_term_string\"}}],\"inLanguage\":\"fr-FR\"},{\"@type\":\"Organization\",\"@id\":\"https:\\\/\\\/www.bellunopress.it\\\/#organization\",\"name\":\"Bellunopress\",\"url\":\"https:\\\/\\\/www.bellunopress.it\\\/\",\"logo\":{\"@type\":\"ImageObject\",\"inLanguage\":\"fr-FR\",\"@id\":\"https:\\\/\\\/www.bellunopress.it\\\/#\\\/schema\\\/logo\\\/image\\\/\",\"url\":\"https:\\\/\\\/www.bellunopress.it\\\/wp-content\\\/uploads\\\/2011\\\/05\\\/cropped-logo-bellunopress-.jpg\",\"contentUrl\":\"https:\\\/\\\/www.bellunopress.it\\\/wp-content\\\/uploads\\\/2011\\\/05\\\/cropped-logo-bellunopress-.jpg\",\"width\":512,\"height\":512,\"caption\":\"Bellunopress\"},\"image\":{\"@id\":\"https:\\\/\\\/www.bellunopress.it\\\/#\\\/schema\\\/logo\\\/image\\\/\"},\"sameAs\":[\"https:\\\/\\\/www.facebook.com\\\/profile.php?id=100008943462799\",\"https:\\\/\\\/x.com\\\/bellunopress\",\"https:\\\/\\\/www.linkedin.com\\\/hp\\\/?dnr=JBzUWaJfMUw8vbXJJ2tVW5-I3jZKvC4wsoxE&amp;amp;amp;amp;amp;amp;trk=nav_responsive_tab_home\",\"https:\\\/\\\/www.youtube.com\\\/channel\\\/UCxL0wu1uN0_3_7hGG0306cw\"]},{\"@type\":\"Person\",\"@id\":\"https:\\\/\\\/www.bellunopress.it\\\/#\\\/schema\\\/person\\\/79bb06722b37ece1c03d3e94beb30d73\",\"name\":\"redazione\",\"image\":{\"@type\":\"ImageObject\",\"inLanguage\":\"fr-FR\",\"@id\":\"https:\\\/\\\/secure.gravatar.com\\\/avatar\\\/37d968a2e67a6fd04c169c4bdef102d0bc5d31b2546345219e348575eb80e9a0?s=96&d=mm&r=g\",\"url\":\"https:\\\/\\\/secure.gravatar.com\\\/avatar\\\/37d968a2e67a6fd04c169c4bdef102d0bc5d31b2546345219e348575eb80e9a0?s=96&d=mm&r=g\",\"contentUrl\":\"https:\\\/\\\/secure.gravatar.com\\\/avatar\\\/37d968a2e67a6fd04c169c4bdef102d0bc5d31b2546345219e348575eb80e9a0?s=96&d=mm&r=g\",\"caption\":\"redazione\"},\"sameAs\":[\"http:\\\/\\\/www.bellunopress.it\",\"https:\\\/\\\/x.com\\\/bellunopress\"],\"url\":\"https:\\\/\\\/www.bellunopress.it\\\/fr\\\/author\\\/redazione\\\/\"}]}<\/script>\n<!-- \/ Yoast SEO plugin. -->","yoast_head_json":{"title":"Premio \"Bellunesi che onorano la provincia in Italia e nel Mondo\". Sabato a Longarone la cerimonia ufficiale - Bellunopress - Dolomiti","robots":{"index":"index","follow":"follow","max-snippet":"max-snippet:-1","max-image-preview":"max-image-preview:large","max-video-preview":"max-video-preview:-1"},"canonical":"https:\/\/www.bellunopress.it\/fr\/2023\/11\/15\/premio-bellunesi-che-onorano-la-provincia-in-italia-e-nel-mondo-sabato-a-longarone-la-cerimonia-ufficiale\/","og_locale":"fr_FR","og_type":"article","og_title":"Premio \"Bellunesi che onorano la provincia in Italia e nel Mondo\". Sabato a Longarone la cerimonia ufficiale - Bellunopress - Dolomiti","og_description":"Sar\u00e0 Longarone, nel 60\u00b0 anniversario della tragedia del Vajont, a ospitare la XXIII edizione del Premio Internazionale \u201cBellunesi che onorano la provincia in Italia e nel Mondo\u201d sabato 25 novembre 2023, a partire dalle 9.45 al Centro Culturale \u201cF. Parri\u201d. Il Premio, organizzato da Provincia di Belluno, Associazione Bellunesi nel Mondo e i Rotary Club [&hellip;]","og_url":"https:\/\/www.bellunopress.it\/fr\/2023\/11\/15\/premio-bellunesi-che-onorano-la-provincia-in-italia-e-nel-mondo-sabato-a-longarone-la-cerimonia-ufficiale\/","og_site_name":"Bellunopress - Dolomiti","article_publisher":"https:\/\/www.facebook.com\/profile.php?id=100008943462799","article_published_time":"2023-11-15T14:17:12+00:00","og_image":[{"width":726,"height":480,"url":"https:\/\/www.bellunopress.it\/wp-content\/uploads\/2023\/09\/Centro-Culturale-F-Parri-Longarone_edited.jpg","type":"image\/jpeg"}],"author":"redazione","twitter_card":"summary_large_image","twitter_creator":"@bellunopress","twitter_site":"@bellunopress","twitter_misc":{"Written by":"redazione","Est. reading time":"9 minutes"},"schema":{"@context":"https:\/\/schema.org","@graph":[{"@type":"Article","@id":"https:\/\/www.bellunopress.it\/2023\/11\/15\/premio-bellunesi-che-onorano-la-provincia-in-italia-e-nel-mondo-sabato-a-longarone-la-cerimonia-ufficiale\/#article","isPartOf":{"@id":"https:\/\/www.bellunopress.it\/2023\/11\/15\/premio-bellunesi-che-onorano-la-provincia-in-italia-e-nel-mondo-sabato-a-longarone-la-cerimonia-ufficiale\/"},"author":{"name":"redazione","@id":"https:\/\/www.bellunopress.it\/#\/schema\/person\/79bb06722b37ece1c03d3e94beb30d73"},"headline":"Premio &#8220;Bellunesi che onorano la provincia in Italia e nel Mondo&#8221;. Sabato a Longarone la cerimonia ufficiale","datePublished":"2023-11-15T14:17:12+00:00","mainEntityOfPage":{"@id":"https:\/\/www.bellunopress.it\/2023\/11\/15\/premio-bellunesi-che-onorano-la-provincia-in-italia-e-nel-mondo-sabato-a-longarone-la-cerimonia-ufficiale\/"},"wordCount":1768,"publisher":{"@id":"https:\/\/www.bellunopress.it\/#organization"},"image":{"@id":"https:\/\/www.bellunopress.it\/2023\/11\/15\/premio-bellunesi-che-onorano-la-provincia-in-italia-e-nel-mondo-sabato-a-longarone-la-cerimonia-ufficiale\/#primaryimage"},"thumbnailUrl":"https:\/\/www.bellunopress.it\/wp-content\/uploads\/2023\/09\/Centro-Culturale-F-Parri-Longarone_edited.jpg","articleSection":["Appuntamenti, Eventi","Prima Pagina","Societ\u00e0, Associazioni, Istituzioni"],"inLanguage":"fr-FR"},{"@type":"WebPage","@id":"https:\/\/www.bellunopress.it\/2023\/11\/15\/premio-bellunesi-che-onorano-la-provincia-in-italia-e-nel-mondo-sabato-a-longarone-la-cerimonia-ufficiale\/","url":"https:\/\/www.bellunopress.it\/2023\/11\/15\/premio-bellunesi-che-onorano-la-provincia-in-italia-e-nel-mondo-sabato-a-longarone-la-cerimonia-ufficiale\/","name":"Premio \"Bellunesi che onorano la provincia in Italia e nel Mondo\". Sabato a Longarone la cerimonia ufficiale - Bellunopress - Dolomiti","isPartOf":{"@id":"https:\/\/www.bellunopress.it\/#website"},"primaryImageOfPage":{"@id":"https:\/\/www.bellunopress.it\/2023\/11\/15\/premio-bellunesi-che-onorano-la-provincia-in-italia-e-nel-mondo-sabato-a-longarone-la-cerimonia-ufficiale\/#primaryimage"},"image":{"@id":"https:\/\/www.bellunopress.it\/2023\/11\/15\/premio-bellunesi-che-onorano-la-provincia-in-italia-e-nel-mondo-sabato-a-longarone-la-cerimonia-ufficiale\/#primaryimage"},"thumbnailUrl":"https:\/\/www.bellunopress.it\/wp-content\/uploads\/2023\/09\/Centro-Culturale-F-Parri-Longarone_edited.jpg","datePublished":"2023-11-15T14:17:12+00:00","breadcrumb":{"@id":"https:\/\/www.bellunopress.it\/2023\/11\/15\/premio-bellunesi-che-onorano-la-provincia-in-italia-e-nel-mondo-sabato-a-longarone-la-cerimonia-ufficiale\/#breadcrumb"},"inLanguage":"fr-FR","potentialAction":[{"@type":"ReadAction","target":["https:\/\/www.bellunopress.it\/2023\/11\/15\/premio-bellunesi-che-onorano-la-provincia-in-italia-e-nel-mondo-sabato-a-longarone-la-cerimonia-ufficiale\/"]}]},{"@type":"ImageObject","inLanguage":"fr-FR","@id":"https:\/\/www.bellunopress.it\/2023\/11\/15\/premio-bellunesi-che-onorano-la-provincia-in-italia-e-nel-mondo-sabato-a-longarone-la-cerimonia-ufficiale\/#primaryimage","url":"https:\/\/www.bellunopress.it\/wp-content\/uploads\/2023\/09\/Centro-Culturale-F-Parri-Longarone_edited.jpg","contentUrl":"https:\/\/www.bellunopress.it\/wp-content\/uploads\/2023\/09\/Centro-Culturale-F-Parri-Longarone_edited.jpg","width":726,"height":480,"caption":"Centro Culturale F. Parri - Longarone"},{"@type":"BreadcrumbList","@id":"https:\/\/www.bellunopress.it\/2023\/11\/15\/premio-bellunesi-che-onorano-la-provincia-in-italia-e-nel-mondo-sabato-a-longarone-la-cerimonia-ufficiale\/#breadcrumb","itemListElement":[{"@type":"ListItem","position":1,"name":"Home","item":"https:\/\/www.bellunopress.it\/"},{"@type":"ListItem","position":2,"name":"Premio &#8220;Bellunesi che onorano la provincia in Italia e nel Mondo&#8221;. Sabato a Longarone la cerimonia ufficiale"}]},{"@type":"WebSite","@id":"https:\/\/www.bellunopress.it\/#website","url":"https:\/\/www.bellunopress.it\/","name":"Bellunopress - Dolomiti","description":"e-mail: redazione@bellunopress.it","publisher":{"@id":"https:\/\/www.bellunopress.it\/#organization"},"potentialAction":[{"@type":"SearchAction","target":{"@type":"EntryPoint","urlTemplate":"https:\/\/www.bellunopress.it\/?s={search_term_string}"},"query-input":{"@type":"PropertyValueSpecification","valueRequired":true,"valueName":"search_term_string"}}],"inLanguage":"fr-FR"},{"@type":"Organization","@id":"https:\/\/www.bellunopress.it\/#organization","name":"Bellunopress","url":"https:\/\/www.bellunopress.it\/","logo":{"@type":"ImageObject","inLanguage":"fr-FR","@id":"https:\/\/www.bellunopress.it\/#\/schema\/logo\/image\/","url":"https:\/\/www.bellunopress.it\/wp-content\/uploads\/2011\/05\/cropped-logo-bellunopress-.jpg","contentUrl":"https:\/\/www.bellunopress.it\/wp-content\/uploads\/2011\/05\/cropped-logo-bellunopress-.jpg","width":512,"height":512,"caption":"Bellunopress"},"image":{"@id":"https:\/\/www.bellunopress.it\/#\/schema\/logo\/image\/"},"sameAs":["https:\/\/www.facebook.com\/profile.php?id=100008943462799","https:\/\/x.com\/bellunopress","https:\/\/www.linkedin.com\/hp\/?dnr=JBzUWaJfMUw8vbXJJ2tVW5-I3jZKvC4wsoxE&amp;amp;amp;amp;amp;amp;trk=nav_responsive_tab_home","https:\/\/www.youtube.com\/channel\/UCxL0wu1uN0_3_7hGG0306cw"]},{"@type":"Person","@id":"https:\/\/www.bellunopress.it\/#\/schema\/person\/79bb06722b37ece1c03d3e94beb30d73","name":"r\u00e9daction","image":{"@type":"ImageObject","inLanguage":"fr-FR","@id":"https:\/\/secure.gravatar.com\/avatar\/37d968a2e67a6fd04c169c4bdef102d0bc5d31b2546345219e348575eb80e9a0?s=96&d=mm&r=g","url":"https:\/\/secure.gravatar.com\/avatar\/37d968a2e67a6fd04c169c4bdef102d0bc5d31b2546345219e348575eb80e9a0?s=96&d=mm&r=g","contentUrl":"https:\/\/secure.gravatar.com\/avatar\/37d968a2e67a6fd04c169c4bdef102d0bc5d31b2546345219e348575eb80e9a0?s=96&d=mm&r=g","caption":"redazione"},"sameAs":["http:\/\/www.bellunopress.it","https:\/\/x.com\/bellunopress"],"url":"https:\/\/www.bellunopress.it\/fr\/author\/redazione\/"}]}},"_links":{"self":[{"href":"https:\/\/www.bellunopress.it\/fr\/wp-json\/wp\/v2\/posts\/145935","targetHints":{"allow":["GET"]}}],"collection":[{"href":"https:\/\/www.bellunopress.it\/fr\/wp-json\/wp\/v2\/posts"}],"about":[{"href":"https:\/\/www.bellunopress.it\/fr\/wp-json\/wp\/v2\/types\/post"}],"author":[{"embeddable":true,"href":"https:\/\/www.bellunopress.it\/fr\/wp-json\/wp\/v2\/users\/2"}],"replies":[{"embeddable":true,"href":"https:\/\/www.bellunopress.it\/fr\/wp-json\/wp\/v2\/comments?post=145935"}],"version-history":[{"count":1,"href":"https:\/\/www.bellunopress.it\/fr\/wp-json\/wp\/v2\/posts\/145935\/revisions"}],"predecessor-version":[{"id":145936,"href":"https:\/\/www.bellunopress.it\/fr\/wp-json\/wp\/v2\/posts\/145935\/revisions\/145936"}],"wp:featuredmedia":[{"embeddable":true,"href":"https:\/\/www.bellunopress.it\/fr\/wp-json\/wp\/v2\/media\/144335"}],"wp:attachment":[{"href":"https:\/\/www.bellunopress.it\/fr\/wp-json\/wp\/v2\/media?parent=145935"}],"wp:term":[{"taxonomy":"category","embeddable":true,"href":"https:\/\/www.bellunopress.it\/fr\/wp-json\/wp\/v2\/categories?post=145935"},{"taxonomy":"post_tag","embeddable":true,"href":"https:\/\/www.bellunopress.it\/fr\/wp-json\/wp\/v2\/tags?post=145935"}],"curies":[{"name":"wp","href":"https:\/\/api.w.org\/{rel}","templated":true}]}}