{"id":145931,"date":"2023-11-15T14:40:04","date_gmt":"2023-11-15T13:40:04","guid":{"rendered":"https:\/\/www.bellunopress.it\/?p=145931"},"modified":"2023-11-15T14:40:04","modified_gmt":"2023-11-15T13:40:04","slug":"ripartono-i-lavori-allauditorium-di-belluno-de-pellegrin-un-intervento-atteso-da-anni-dalla-nostra-citta","status":"publish","type":"post","link":"https:\/\/www.bellunopress.it\/fr\/2023\/11\/15\/ripartono-i-lavori-allauditorium-di-belluno-de-pellegrin-un-intervento-atteso-da-anni-dalla-nostra-citta\/","title":{"rendered":"Ripartono i lavori all&#8217;Auditorium di Belluno. De Pellegrin: &#8220;Un intervento atteso da anni dalla nostra citt\u00e0&#8221;"},"content":{"rendered":"<figure id=\"attachment_107790\" aria-describedby=\"caption-attachment-107790\" style=\"width: 266px\" class=\"wp-caption alignleft\"><img loading=\"lazy\" decoding=\"async\" class=\"size-full wp-image-107790\" src=\"https:\/\/www.bellunopress.it\/wp-content\/uploads\/2019\/09\/Palazzo-Auditorium.jpg\" alt=\"\" width=\"266\" height=\"300\" \/><figcaption id=\"caption-attachment-107790\" class=\"wp-caption-text\">Auditorium, sede della Scuola di musica Miari<\/figcaption><\/figure>\n<p>Riprendono i lavori all\u2019Auditorium di Piazza Duomo. L\u2019intervento, del valore complessivo di 1 milione 300 mila euro sar\u00e0 diviso in tre parti, coinvolger\u00e0 facciate esterne, area archeologica al piano terra e Sala Auditorium dell\u2019edificio. Sar\u00e0 lo step conclusivo necessario a dare completamento al restauro e recupero conservativo dell\u2019immobile, i cui primi interventi (1\u00b0 lotto) di carattere strutturale, edile e impiantistico sono iniziati nel 2013 e ultimati nel 2016.<\/p>\n<p>\u201cE\u2019 un momento storico \u2013 dichiara il sindaco di Belluno, Oscar De Pellegrin , la citt\u00e0 attende da anni il completamente di questa ristrutturazione e la restituzione della sala della musica, luogo di ritrovo, di fruizione di cultura e di arricchimento per la nostra comunit\u00e0. Di tutta la comunit\u00e0, perch\u00e9 grazie all\u2019abbattimento delle barriere architettoniche andiamo nella direzione dell\u2019inclusione di tutti e questo infonde ulteriore valore all\u2019operazione. E\u2019 una festa di tutto il territorio, l\u2019avvio di questo cantiere\u201d.<\/p>\n<figure id=\"attachment_135245\" aria-describedby=\"caption-attachment-135245\" style=\"width: 803px\" class=\"wp-caption alignleft\"><img loading=\"lazy\" decoding=\"async\" class=\"size-full wp-image-135245\" src=\"https:\/\/www.bellunopress.it\/wp-content\/uploads\/2022\/07\/Oscar-De-Pellegrin-sindaco-di-Belluno_edited.jpg\" alt=\"\" width=\"803\" height=\"1000\" srcset=\"https:\/\/www.bellunopress.it\/wp-content\/uploads\/2022\/07\/Oscar-De-Pellegrin-sindaco-di-Belluno_edited.jpg 803w, https:\/\/www.bellunopress.it\/wp-content\/uploads\/2022\/07\/Oscar-De-Pellegrin-sindaco-di-Belluno_edited-402x500.jpg 402w, https:\/\/www.bellunopress.it\/wp-content\/uploads\/2022\/07\/Oscar-De-Pellegrin-sindaco-di-Belluno_edited-696x867.jpg 696w, https:\/\/www.bellunopress.it\/wp-content\/uploads\/2022\/07\/Oscar-De-Pellegrin-sindaco-di-Belluno_edited-337x420.jpg 337w\" sizes=\"auto, (max-width: 803px) 100vw, 803px\" \/><figcaption id=\"caption-attachment-135245\" class=\"wp-caption-text\">Oscar De Pellegrin, sindaco di Belluno<\/figcaption><\/figure>\n<p>Le opere all\u2019interno del palazzo vanno avanti da anni, ma dal 2016 per mancanza di fondi avevano subito una battuta d\u2019arresto. Con il 2\u00b0 lotto &#8211; 1\u00b0 stralcio funzionale, si era intervenuti ai piani terra, primo e secondo della parte nord del fabbricato: questi lavori, ultimati nel 2016, avevano consentito la ripresa delle attivita\u0300 musicali della Scuola di Musica e della Banda cittadina, che erano state temporaneamente trasferite in altro edificio.<\/p>\n<p>Oggi, grazie ai fondi del Pnrr, i lavori potranno essere portati a termine. In particolare il cantiere consentir\u00e0 la riapertura al pubblico della Sala Auditorium, pensata per concerti, convegni e incontri pubblici di varia natura, l\u2019abbattimento delle barriere architettoniche attraverso la realizzazione di un ascensore interno alla struttura, la sistemazione dell\u2019area archeologica e la riqualificazione delle facciate esterne. Per il progetto \u201c Restauro e recupero conservativo, abbattimento delle barriere architettoniche ed adeguamento degli impianti tecnologici &#8211; Sala Auditorium\u201d l\u2019importo stimato \u00e8 di 600 mila euro, per l\u2019intervento \u201cPalazzo Auditorium: Restauro e recupero conservativo, abbattimento delle barriere architettoniche ed adeguamento degli impianti tecnologici \u2013 Facciate esterne e copertura\u201d la spesa sar\u00e0 di 400 mila euro e di 300 mila per \u201cPalazzo Auditorium: Restauro e recupero conservativo, abbattimento delle barriere architettoniche ed adeguamento degli impianti tecnologici \u2013 Area archeologica\u201d.<\/p>\n<p>\u201cSi tratta di tre interventi in uno, di fatto \u2013 spiega l\u2019assessore ai lavori pubblici, Franco Roccon -, tutti eseguiti dalla stessa ditta il che ci consente di alleggerire i tempi e procedere con maggior lena. Parliamo di lavori importanti, definitivi, che contiamo di completare in poco meno di un anno. Il via sar\u00e0 dato nei prossimi giorni, abbiamo atteso le festivit\u00e0 legate al Santo Patrono per non creare intralci e disagi. I tempi di esecuzione sono certi, in quanto siamo legati alle tempistiche del Pnrr che impone il pagamento di almeno il 30% dell\u2019intervento entro il 30 settembre del 2024\u201d.<\/p>\n<p>&nbsp;<\/p>\n<p>&nbsp;<\/p>\n<p>&nbsp;<\/p>","protected":false},"excerpt":{"rendered":"<p>Riprendono i lavori all\u2019Auditorium di Piazza Duomo. L\u2019intervento, del valore complessivo di 1 milione 300 mila euro sar\u00e0 diviso in tre parti, coinvolger\u00e0 facciate esterne, area archeologica al piano terra e Sala Auditorium dell\u2019edificio. Sar\u00e0 lo step conclusivo necessario a dare completamento al restauro e recupero conservativo dell\u2019immobile, i cui primi interventi (1\u00b0 lotto) di [&hellip;]<\/p>\n","protected":false},"author":2,"featured_media":113881,"comment_status":"closed","ping_status":"open","sticky":false,"template":"","format":"standard","meta":{"footnotes":""},"categories":[5,8],"tags":[],"class_list":["post-145931","post","type-post","status-publish","format-standard","has-post-thumbnail","category-cronaca","category-societa-istituzioni"],"yoast_head":"<!-- This site is optimized with the Yoast SEO plugin v28.4 - https:\/\/yoast.com\/product\/yoast-seo-wordpress\/ -->\n<title>Ripartono i lavori all&#039;Auditorium di Belluno. De Pellegrin: &quot;Un intervento atteso da anni dalla nostra citt\u00e0&quot; - Bellunopress - Dolomiti<\/title>\n<meta name=\"robots\" content=\"index, follow, max-snippet:-1, max-image-preview:large, max-video-preview:-1\" \/>\n<link rel=\"canonical\" href=\"https:\/\/www.bellunopress.it\/fr\/2023\/11\/15\/ripartono-i-lavori-allauditorium-di-belluno-de-pellegrin-un-intervento-atteso-da-anni-dalla-nostra-citta\/\" \/>\n<meta property=\"og:locale\" content=\"fr_FR\" \/>\n<meta property=\"og:type\" content=\"article\" \/>\n<meta property=\"og:title\" content=\"Ripartono i lavori all&#039;Auditorium di Belluno. De Pellegrin: &quot;Un intervento atteso da anni dalla nostra citt\u00e0&quot; - Bellunopress - Dolomiti\" \/>\n<meta property=\"og:description\" content=\"Riprendono i lavori all\u2019Auditorium di Piazza Duomo. L\u2019intervento, del valore complessivo di 1 milione 300 mila euro sar\u00e0 diviso in tre parti, coinvolger\u00e0 facciate esterne, area archeologica al piano terra e Sala Auditorium dell\u2019edificio. Sar\u00e0 lo step conclusivo necessario a dare completamento al restauro e recupero conservativo dell\u2019immobile, i cui primi interventi (1\u00b0 lotto) di [&hellip;]\" \/>\n<meta property=\"og:url\" content=\"https:\/\/www.bellunopress.it\/fr\/2023\/11\/15\/ripartono-i-lavori-allauditorium-di-belluno-de-pellegrin-un-intervento-atteso-da-anni-dalla-nostra-citta\/\" \/>\n<meta property=\"og:site_name\" content=\"Bellunopress - Dolomiti\" \/>\n<meta property=\"article:publisher\" content=\"https:\/\/www.facebook.com\/profile.php?id=100008943462799\" \/>\n<meta property=\"article:published_time\" content=\"2023-11-15T13:40:04+00:00\" \/>\n<meta property=\"og:image\" content=\"https:\/\/www.bellunopress.it\/wp-content\/uploads\/2020\/04\/auditorium_edited.jpg\" \/>\n\t<meta property=\"og:image:width\" content=\"800\" \/>\n\t<meta property=\"og:image:height\" content=\"533\" \/>\n\t<meta property=\"og:image:type\" content=\"image\/jpeg\" \/>\n<meta name=\"author\" content=\"redazione\" \/>\n<meta name=\"twitter:card\" content=\"summary_large_image\" \/>\n<meta name=\"twitter:creator\" content=\"@bellunopress\" \/>\n<meta name=\"twitter:site\" content=\"@bellunopress\" \/>\n<meta name=\"twitter:label1\" content=\"Written by\" \/>\n\t<meta name=\"twitter:data1\" content=\"redazione\" \/>\n\t<meta name=\"twitter:label2\" content=\"Est. reading time\" \/>\n\t<meta name=\"twitter:data2\" content=\"2 minutes\" \/>\n<script type=\"application\/ld+json\" class=\"yoast-schema-graph\">{\"@context\":\"https:\\\/\\\/schema.org\",\"@graph\":[{\"@type\":\"Article\",\"@id\":\"https:\\\/\\\/www.bellunopress.it\\\/2023\\\/11\\\/15\\\/ripartono-i-lavori-allauditorium-di-belluno-de-pellegrin-un-intervento-atteso-da-anni-dalla-nostra-citta\\\/#article\",\"isPartOf\":{\"@id\":\"https:\\\/\\\/www.bellunopress.it\\\/2023\\\/11\\\/15\\\/ripartono-i-lavori-allauditorium-di-belluno-de-pellegrin-un-intervento-atteso-da-anni-dalla-nostra-citta\\\/\"},\"author\":{\"name\":\"redazione\",\"@id\":\"https:\\\/\\\/www.bellunopress.it\\\/#\\\/schema\\\/person\\\/79bb06722b37ece1c03d3e94beb30d73\"},\"headline\":\"Ripartono i lavori all&#8217;Auditorium di Belluno. De Pellegrin: &#8220;Un intervento atteso da anni dalla nostra citt\u00e0&#8221;\",\"datePublished\":\"2023-11-15T13:40:04+00:00\",\"mainEntityOfPage\":{\"@id\":\"https:\\\/\\\/www.bellunopress.it\\\/2023\\\/11\\\/15\\\/ripartono-i-lavori-allauditorium-di-belluno-de-pellegrin-un-intervento-atteso-da-anni-dalla-nostra-citta\\\/\"},\"wordCount\":496,\"publisher\":{\"@id\":\"https:\\\/\\\/www.bellunopress.it\\\/#organization\"},\"image\":{\"@id\":\"https:\\\/\\\/www.bellunopress.it\\\/2023\\\/11\\\/15\\\/ripartono-i-lavori-allauditorium-di-belluno-de-pellegrin-un-intervento-atteso-da-anni-dalla-nostra-citta\\\/#primaryimage\"},\"thumbnailUrl\":\"https:\\\/\\\/www.bellunopress.it\\\/wp-content\\\/uploads\\\/2020\\\/04\\\/auditorium_edited.jpg\",\"articleSection\":[\"Cronaca\\\/Politica\",\"Societ\u00e0, Associazioni, Istituzioni\"],\"inLanguage\":\"fr-FR\"},{\"@type\":\"WebPage\",\"@id\":\"https:\\\/\\\/www.bellunopress.it\\\/2023\\\/11\\\/15\\\/ripartono-i-lavori-allauditorium-di-belluno-de-pellegrin-un-intervento-atteso-da-anni-dalla-nostra-citta\\\/\",\"url\":\"https:\\\/\\\/www.bellunopress.it\\\/2023\\\/11\\\/15\\\/ripartono-i-lavori-allauditorium-di-belluno-de-pellegrin-un-intervento-atteso-da-anni-dalla-nostra-citta\\\/\",\"name\":\"Ripartono i lavori all'Auditorium di Belluno. De Pellegrin: \\\"Un intervento atteso da anni dalla nostra citt\u00e0\\\" - Bellunopress - Dolomiti\",\"isPartOf\":{\"@id\":\"https:\\\/\\\/www.bellunopress.it\\\/#website\"},\"primaryImageOfPage\":{\"@id\":\"https:\\\/\\\/www.bellunopress.it\\\/2023\\\/11\\\/15\\\/ripartono-i-lavori-allauditorium-di-belluno-de-pellegrin-un-intervento-atteso-da-anni-dalla-nostra-citta\\\/#primaryimage\"},\"image\":{\"@id\":\"https:\\\/\\\/www.bellunopress.it\\\/2023\\\/11\\\/15\\\/ripartono-i-lavori-allauditorium-di-belluno-de-pellegrin-un-intervento-atteso-da-anni-dalla-nostra-citta\\\/#primaryimage\"},\"thumbnailUrl\":\"https:\\\/\\\/www.bellunopress.it\\\/wp-content\\\/uploads\\\/2020\\\/04\\\/auditorium_edited.jpg\",\"datePublished\":\"2023-11-15T13:40:04+00:00\",\"breadcrumb\":{\"@id\":\"https:\\\/\\\/www.bellunopress.it\\\/2023\\\/11\\\/15\\\/ripartono-i-lavori-allauditorium-di-belluno-de-pellegrin-un-intervento-atteso-da-anni-dalla-nostra-citta\\\/#breadcrumb\"},\"inLanguage\":\"fr-FR\",\"potentialAction\":[{\"@type\":\"ReadAction\",\"target\":[\"https:\\\/\\\/www.bellunopress.it\\\/2023\\\/11\\\/15\\\/ripartono-i-lavori-allauditorium-di-belluno-de-pellegrin-un-intervento-atteso-da-anni-dalla-nostra-citta\\\/\"]}]},{\"@type\":\"ImageObject\",\"inLanguage\":\"fr-FR\",\"@id\":\"https:\\\/\\\/www.bellunopress.it\\\/2023\\\/11\\\/15\\\/ripartono-i-lavori-allauditorium-di-belluno-de-pellegrin-un-intervento-atteso-da-anni-dalla-nostra-citta\\\/#primaryimage\",\"url\":\"https:\\\/\\\/www.bellunopress.it\\\/wp-content\\\/uploads\\\/2020\\\/04\\\/auditorium_edited.jpg\",\"contentUrl\":\"https:\\\/\\\/www.bellunopress.it\\\/wp-content\\\/uploads\\\/2020\\\/04\\\/auditorium_edited.jpg\",\"width\":800,\"height\":533,\"caption\":\"Palazzo Auditorium - Belluno\"},{\"@type\":\"BreadcrumbList\",\"@id\":\"https:\\\/\\\/www.bellunopress.it\\\/2023\\\/11\\\/15\\\/ripartono-i-lavori-allauditorium-di-belluno-de-pellegrin-un-intervento-atteso-da-anni-dalla-nostra-citta\\\/#breadcrumb\",\"itemListElement\":[{\"@type\":\"ListItem\",\"position\":1,\"name\":\"Home\",\"item\":\"https:\\\/\\\/www.bellunopress.it\\\/\"},{\"@type\":\"ListItem\",\"position\":2,\"name\":\"Ripartono i lavori all&#8217;Auditorium di Belluno. De Pellegrin: &#8220;Un intervento atteso da anni dalla nostra citt\u00e0&#8221;\"}]},{\"@type\":\"WebSite\",\"@id\":\"https:\\\/\\\/www.bellunopress.it\\\/#website\",\"url\":\"https:\\\/\\\/www.bellunopress.it\\\/\",\"name\":\"Bellunopress - Dolomiti\",\"description\":\"e-mail: redazione@bellunopress.it\",\"publisher\":{\"@id\":\"https:\\\/\\\/www.bellunopress.it\\\/#organization\"},\"potentialAction\":[{\"@type\":\"SearchAction\",\"target\":{\"@type\":\"EntryPoint\",\"urlTemplate\":\"https:\\\/\\\/www.bellunopress.it\\\/?s={search_term_string}\"},\"query-input\":{\"@type\":\"PropertyValueSpecification\",\"valueRequired\":true,\"valueName\":\"search_term_string\"}}],\"inLanguage\":\"fr-FR\"},{\"@type\":\"Organization\",\"@id\":\"https:\\\/\\\/www.bellunopress.it\\\/#organization\",\"name\":\"Bellunopress\",\"url\":\"https:\\\/\\\/www.bellunopress.it\\\/\",\"logo\":{\"@type\":\"ImageObject\",\"inLanguage\":\"fr-FR\",\"@id\":\"https:\\\/\\\/www.bellunopress.it\\\/#\\\/schema\\\/logo\\\/image\\\/\",\"url\":\"https:\\\/\\\/www.bellunopress.it\\\/wp-content\\\/uploads\\\/2011\\\/05\\\/cropped-logo-bellunopress-.jpg\",\"contentUrl\":\"https:\\\/\\\/www.bellunopress.it\\\/wp-content\\\/uploads\\\/2011\\\/05\\\/cropped-logo-bellunopress-.jpg\",\"width\":512,\"height\":512,\"caption\":\"Bellunopress\"},\"image\":{\"@id\":\"https:\\\/\\\/www.bellunopress.it\\\/#\\\/schema\\\/logo\\\/image\\\/\"},\"sameAs\":[\"https:\\\/\\\/www.facebook.com\\\/profile.php?id=100008943462799\",\"https:\\\/\\\/x.com\\\/bellunopress\",\"https:\\\/\\\/www.linkedin.com\\\/hp\\\/?dnr=JBzUWaJfMUw8vbXJJ2tVW5-I3jZKvC4wsoxE&amp;amp;amp;amp;amp;amp;trk=nav_responsive_tab_home\",\"https:\\\/\\\/www.youtube.com\\\/channel\\\/UCxL0wu1uN0_3_7hGG0306cw\"]},{\"@type\":\"Person\",\"@id\":\"https:\\\/\\\/www.bellunopress.it\\\/#\\\/schema\\\/person\\\/79bb06722b37ece1c03d3e94beb30d73\",\"name\":\"redazione\",\"image\":{\"@type\":\"ImageObject\",\"inLanguage\":\"fr-FR\",\"@id\":\"https:\\\/\\\/secure.gravatar.com\\\/avatar\\\/37d968a2e67a6fd04c169c4bdef102d0bc5d31b2546345219e348575eb80e9a0?s=96&d=mm&r=g\",\"url\":\"https:\\\/\\\/secure.gravatar.com\\\/avatar\\\/37d968a2e67a6fd04c169c4bdef102d0bc5d31b2546345219e348575eb80e9a0?s=96&d=mm&r=g\",\"contentUrl\":\"https:\\\/\\\/secure.gravatar.com\\\/avatar\\\/37d968a2e67a6fd04c169c4bdef102d0bc5d31b2546345219e348575eb80e9a0?s=96&d=mm&r=g\",\"caption\":\"redazione\"},\"sameAs\":[\"http:\\\/\\\/www.bellunopress.it\",\"https:\\\/\\\/x.com\\\/bellunopress\"],\"url\":\"https:\\\/\\\/www.bellunopress.it\\\/fr\\\/author\\\/redazione\\\/\"}]}<\/script>\n<!-- \/ Yoast SEO plugin. -->","yoast_head_json":{"title":"Ripartono i lavori all'Auditorium di Belluno. De Pellegrin: \"Un intervento atteso da anni dalla nostra citt\u00e0\" - Bellunopress - Dolomiti","robots":{"index":"index","follow":"follow","max-snippet":"max-snippet:-1","max-image-preview":"max-image-preview:large","max-video-preview":"max-video-preview:-1"},"canonical":"https:\/\/www.bellunopress.it\/fr\/2023\/11\/15\/ripartono-i-lavori-allauditorium-di-belluno-de-pellegrin-un-intervento-atteso-da-anni-dalla-nostra-citta\/","og_locale":"fr_FR","og_type":"article","og_title":"Ripartono i lavori all'Auditorium di Belluno. De Pellegrin: \"Un intervento atteso da anni dalla nostra citt\u00e0\" - Bellunopress - Dolomiti","og_description":"Riprendono i lavori all\u2019Auditorium di Piazza Duomo. L\u2019intervento, del valore complessivo di 1 milione 300 mila euro sar\u00e0 diviso in tre parti, coinvolger\u00e0 facciate esterne, area archeologica al piano terra e Sala Auditorium dell\u2019edificio. Sar\u00e0 lo step conclusivo necessario a dare completamento al restauro e recupero conservativo dell\u2019immobile, i cui primi interventi (1\u00b0 lotto) di [&hellip;]","og_url":"https:\/\/www.bellunopress.it\/fr\/2023\/11\/15\/ripartono-i-lavori-allauditorium-di-belluno-de-pellegrin-un-intervento-atteso-da-anni-dalla-nostra-citta\/","og_site_name":"Bellunopress - Dolomiti","article_publisher":"https:\/\/www.facebook.com\/profile.php?id=100008943462799","article_published_time":"2023-11-15T13:40:04+00:00","og_image":[{"width":800,"height":533,"url":"https:\/\/www.bellunopress.it\/wp-content\/uploads\/2020\/04\/auditorium_edited.jpg","type":"image\/jpeg"}],"author":"redazione","twitter_card":"summary_large_image","twitter_creator":"@bellunopress","twitter_site":"@bellunopress","twitter_misc":{"Written by":"redazione","Est. reading time":"2 minutes"},"schema":{"@context":"https:\/\/schema.org","@graph":[{"@type":"Article","@id":"https:\/\/www.bellunopress.it\/2023\/11\/15\/ripartono-i-lavori-allauditorium-di-belluno-de-pellegrin-un-intervento-atteso-da-anni-dalla-nostra-citta\/#article","isPartOf":{"@id":"https:\/\/www.bellunopress.it\/2023\/11\/15\/ripartono-i-lavori-allauditorium-di-belluno-de-pellegrin-un-intervento-atteso-da-anni-dalla-nostra-citta\/"},"author":{"name":"redazione","@id":"https:\/\/www.bellunopress.it\/#\/schema\/person\/79bb06722b37ece1c03d3e94beb30d73"},"headline":"Ripartono i lavori all&#8217;Auditorium di Belluno. De Pellegrin: &#8220;Un intervento atteso da anni dalla nostra citt\u00e0&#8221;","datePublished":"2023-11-15T13:40:04+00:00","mainEntityOfPage":{"@id":"https:\/\/www.bellunopress.it\/2023\/11\/15\/ripartono-i-lavori-allauditorium-di-belluno-de-pellegrin-un-intervento-atteso-da-anni-dalla-nostra-citta\/"},"wordCount":496,"publisher":{"@id":"https:\/\/www.bellunopress.it\/#organization"},"image":{"@id":"https:\/\/www.bellunopress.it\/2023\/11\/15\/ripartono-i-lavori-allauditorium-di-belluno-de-pellegrin-un-intervento-atteso-da-anni-dalla-nostra-citta\/#primaryimage"},"thumbnailUrl":"https:\/\/www.bellunopress.it\/wp-content\/uploads\/2020\/04\/auditorium_edited.jpg","articleSection":["Cronaca\/Politica","Societ\u00e0, Associazioni, Istituzioni"],"inLanguage":"fr-FR"},{"@type":"WebPage","@id":"https:\/\/www.bellunopress.it\/2023\/11\/15\/ripartono-i-lavori-allauditorium-di-belluno-de-pellegrin-un-intervento-atteso-da-anni-dalla-nostra-citta\/","url":"https:\/\/www.bellunopress.it\/2023\/11\/15\/ripartono-i-lavori-allauditorium-di-belluno-de-pellegrin-un-intervento-atteso-da-anni-dalla-nostra-citta\/","name":"Ripartono i lavori all'Auditorium di Belluno. De Pellegrin: \"Un intervento atteso da anni dalla nostra citt\u00e0\" - Bellunopress - Dolomiti","isPartOf":{"@id":"https:\/\/www.bellunopress.it\/#website"},"primaryImageOfPage":{"@id":"https:\/\/www.bellunopress.it\/2023\/11\/15\/ripartono-i-lavori-allauditorium-di-belluno-de-pellegrin-un-intervento-atteso-da-anni-dalla-nostra-citta\/#primaryimage"},"image":{"@id":"https:\/\/www.bellunopress.it\/2023\/11\/15\/ripartono-i-lavori-allauditorium-di-belluno-de-pellegrin-un-intervento-atteso-da-anni-dalla-nostra-citta\/#primaryimage"},"thumbnailUrl":"https:\/\/www.bellunopress.it\/wp-content\/uploads\/2020\/04\/auditorium_edited.jpg","datePublished":"2023-11-15T13:40:04+00:00","breadcrumb":{"@id":"https:\/\/www.bellunopress.it\/2023\/11\/15\/ripartono-i-lavori-allauditorium-di-belluno-de-pellegrin-un-intervento-atteso-da-anni-dalla-nostra-citta\/#breadcrumb"},"inLanguage":"fr-FR","potentialAction":[{"@type":"ReadAction","target":["https:\/\/www.bellunopress.it\/2023\/11\/15\/ripartono-i-lavori-allauditorium-di-belluno-de-pellegrin-un-intervento-atteso-da-anni-dalla-nostra-citta\/"]}]},{"@type":"ImageObject","inLanguage":"fr-FR","@id":"https:\/\/www.bellunopress.it\/2023\/11\/15\/ripartono-i-lavori-allauditorium-di-belluno-de-pellegrin-un-intervento-atteso-da-anni-dalla-nostra-citta\/#primaryimage","url":"https:\/\/www.bellunopress.it\/wp-content\/uploads\/2020\/04\/auditorium_edited.jpg","contentUrl":"https:\/\/www.bellunopress.it\/wp-content\/uploads\/2020\/04\/auditorium_edited.jpg","width":800,"height":533,"caption":"Palazzo Auditorium - Belluno"},{"@type":"BreadcrumbList","@id":"https:\/\/www.bellunopress.it\/2023\/11\/15\/ripartono-i-lavori-allauditorium-di-belluno-de-pellegrin-un-intervento-atteso-da-anni-dalla-nostra-citta\/#breadcrumb","itemListElement":[{"@type":"ListItem","position":1,"name":"Home","item":"https:\/\/www.bellunopress.it\/"},{"@type":"ListItem","position":2,"name":"Ripartono i lavori all&#8217;Auditorium di Belluno. De Pellegrin: &#8220;Un intervento atteso da anni dalla nostra citt\u00e0&#8221;"}]},{"@type":"WebSite","@id":"https:\/\/www.bellunopress.it\/#website","url":"https:\/\/www.bellunopress.it\/","name":"Bellunopress - Dolomiti","description":"e-mail: redazione@bellunopress.it","publisher":{"@id":"https:\/\/www.bellunopress.it\/#organization"},"potentialAction":[{"@type":"SearchAction","target":{"@type":"EntryPoint","urlTemplate":"https:\/\/www.bellunopress.it\/?s={search_term_string}"},"query-input":{"@type":"PropertyValueSpecification","valueRequired":true,"valueName":"search_term_string"}}],"inLanguage":"fr-FR"},{"@type":"Organization","@id":"https:\/\/www.bellunopress.it\/#organization","name":"Bellunopress","url":"https:\/\/www.bellunopress.it\/","logo":{"@type":"ImageObject","inLanguage":"fr-FR","@id":"https:\/\/www.bellunopress.it\/#\/schema\/logo\/image\/","url":"https:\/\/www.bellunopress.it\/wp-content\/uploads\/2011\/05\/cropped-logo-bellunopress-.jpg","contentUrl":"https:\/\/www.bellunopress.it\/wp-content\/uploads\/2011\/05\/cropped-logo-bellunopress-.jpg","width":512,"height":512,"caption":"Bellunopress"},"image":{"@id":"https:\/\/www.bellunopress.it\/#\/schema\/logo\/image\/"},"sameAs":["https:\/\/www.facebook.com\/profile.php?id=100008943462799","https:\/\/x.com\/bellunopress","https:\/\/www.linkedin.com\/hp\/?dnr=JBzUWaJfMUw8vbXJJ2tVW5-I3jZKvC4wsoxE&amp;amp;amp;amp;amp;amp;trk=nav_responsive_tab_home","https:\/\/www.youtube.com\/channel\/UCxL0wu1uN0_3_7hGG0306cw"]},{"@type":"Person","@id":"https:\/\/www.bellunopress.it\/#\/schema\/person\/79bb06722b37ece1c03d3e94beb30d73","name":"r\u00e9daction","image":{"@type":"ImageObject","inLanguage":"fr-FR","@id":"https:\/\/secure.gravatar.com\/avatar\/37d968a2e67a6fd04c169c4bdef102d0bc5d31b2546345219e348575eb80e9a0?s=96&d=mm&r=g","url":"https:\/\/secure.gravatar.com\/avatar\/37d968a2e67a6fd04c169c4bdef102d0bc5d31b2546345219e348575eb80e9a0?s=96&d=mm&r=g","contentUrl":"https:\/\/secure.gravatar.com\/avatar\/37d968a2e67a6fd04c169c4bdef102d0bc5d31b2546345219e348575eb80e9a0?s=96&d=mm&r=g","caption":"redazione"},"sameAs":["http:\/\/www.bellunopress.it","https:\/\/x.com\/bellunopress"],"url":"https:\/\/www.bellunopress.it\/fr\/author\/redazione\/"}]}},"_links":{"self":[{"href":"https:\/\/www.bellunopress.it\/fr\/wp-json\/wp\/v2\/posts\/145931","targetHints":{"allow":["GET"]}}],"collection":[{"href":"https:\/\/www.bellunopress.it\/fr\/wp-json\/wp\/v2\/posts"}],"about":[{"href":"https:\/\/www.bellunopress.it\/fr\/wp-json\/wp\/v2\/types\/post"}],"author":[{"embeddable":true,"href":"https:\/\/www.bellunopress.it\/fr\/wp-json\/wp\/v2\/users\/2"}],"replies":[{"embeddable":true,"href":"https:\/\/www.bellunopress.it\/fr\/wp-json\/wp\/v2\/comments?post=145931"}],"version-history":[{"count":1,"href":"https:\/\/www.bellunopress.it\/fr\/wp-json\/wp\/v2\/posts\/145931\/revisions"}],"predecessor-version":[{"id":145932,"href":"https:\/\/www.bellunopress.it\/fr\/wp-json\/wp\/v2\/posts\/145931\/revisions\/145932"}],"wp:featuredmedia":[{"embeddable":true,"href":"https:\/\/www.bellunopress.it\/fr\/wp-json\/wp\/v2\/media\/113881"}],"wp:attachment":[{"href":"https:\/\/www.bellunopress.it\/fr\/wp-json\/wp\/v2\/media?parent=145931"}],"wp:term":[{"taxonomy":"category","embeddable":true,"href":"https:\/\/www.bellunopress.it\/fr\/wp-json\/wp\/v2\/categories?post=145931"},{"taxonomy":"post_tag","embeddable":true,"href":"https:\/\/www.bellunopress.it\/fr\/wp-json\/wp\/v2\/tags?post=145931"}],"curies":[{"name":"wp","href":"https:\/\/api.w.org\/{rel}","templated":true}]}}