{"id":145926,"date":"2023-11-15T12:10:46","date_gmt":"2023-11-15T11:10:46","guid":{"rendered":"https:\/\/www.bellunopress.it\/?p=145926"},"modified":"2023-11-15T12:10:46","modified_gmt":"2023-11-15T11:10:46","slug":"nuova-vita-per-il-dipinto-di-dino-buzzati","status":"publish","type":"post","link":"https:\/\/www.bellunopress.it\/fr\/2023\/11\/15\/nuova-vita-per-il-dipinto-di-dino-buzzati\/","title":{"rendered":"Nuova vita per il dipinto di Dino Buzzati"},"content":{"rendered":"<figure id=\"attachment_145927\" aria-describedby=\"caption-attachment-145927\" style=\"width: 697px\" class=\"wp-caption alignleft\"><img loading=\"lazy\" decoding=\"async\" class=\"size-full wp-image-145927\" src=\"https:\/\/www.bellunopress.it\/wp-content\/uploads\/2023\/11\/quadro-santa-rita-dino-buzzati-Limana.jpg\" alt=\"\" width=\"697\" height=\"1000\" srcset=\"https:\/\/www.bellunopress.it\/wp-content\/uploads\/2023\/11\/quadro-santa-rita-dino-buzzati-Limana.jpg 697w, https:\/\/www.bellunopress.it\/wp-content\/uploads\/2023\/11\/quadro-santa-rita-dino-buzzati-Limana-349x500.jpg 349w\" sizes=\"auto, (max-width: 697px) 100vw, 697px\" \/><figcaption id=\"caption-attachment-145927\" class=\"wp-caption-text\">cof<\/figcaption><\/figure>\n<p><em><strong>Dedicata alla &#8220;sua&#8221; Santa Rita, l&#8217;opera del 1971 \u00e8 da sempre custodita dal Comune di Limana<\/strong><\/em><\/p>\n<p>L&#8217;Amministrazione di Limana ha affidato alla dottoressa Mariangela Mattia l&#8217;opera di restauro del dipinto &#8220;I miracoli di Santa Rita&#8221; donato da Dino Buzzati al Comune nel 1971.<\/p>\n<p>Si tratta dell&#8217;ultima opera pittorica del celebre artista bellunese, scomparso un anno dopo averla realizzata, che lo stesso Comune di Limana richiese per esporla nel sacello eretto pochi anni prima in Valpiana. Infatti, sull&#8217;onda dell&#8217;eco suscitata dall&#8217;opera &#8220;I Miracoli di Val Morel&#8221; che leg\u00f2 lo scrittore al piccolo paesino montano limanese, il Comune aveva eretto un capitello su progetto dell&#8217;architetto Alberto Alpago Novello che rievocava il &#8220;santuario&#8221; ricco di ex voto custodito da Toni Dalla Santa.<\/p>\n<p>Esposto alcuni anni in Valpiana, il dipinto venne rubato e solo dopo molti ed accorati appelli fu restituito all&#8217;Amministrazione dell&#8217;epoca senza che si identificassero gli autori del furto. Da allora il tabernacolo ospita una copia del quadro, mentre l&#8217;originale \u00e8 conservato in Municipio.<\/p>\n<figure id=\"attachment_104940\" aria-describedby=\"caption-attachment-104940\" style=\"width: 243px\" class=\"wp-caption alignleft\"><img loading=\"lazy\" decoding=\"async\" class=\"size-full wp-image-104940\" src=\"https:\/\/www.bellunopress.it\/wp-content\/uploads\/2019\/05\/milena-de-zanet-sindaco-limana.jpg\" alt=\"\" width=\"243\" height=\"300\" \/><figcaption id=\"caption-attachment-104940\" class=\"wp-caption-text\">Milena De Zanet, sindaco di Limana<\/figcaption><\/figure>\n<p>&#8220;Dopo oltre cinquant&#8217;anni&#8221; spiega il sindaco di Limana Milena De Zanet &#8220;il quadro necessita di un restauro. E considerato lo stretto rapporto tra Limana e i Limanesi e Dino Buzzati ci \u00e8 sembrato un gesto doveroso intervenire per garantire alle generazioni future di poter godere della bellezza dell&#8217;opera&#8221;.<\/p>\n<p>Il restauro consister\u00e0 nella pulizia del dipinto e nel trattamento e riparazione della tela per consolidarla. Quindi, con l&#8217;assistenza della Soprintendenza, al ritocco delle pitture per ripristinare con i colori originali le parti pi\u00f9 rovinate grazie al supporto di foto d&#8217;epoca per garantire la fedelt\u00e0 all&#8217;originale.<\/p>\n<p>&#8220;Limana \u00e8 molto legata a Buzzati e siamo onorati di mantenere vivo il ricordo di questo legame con numerose iniziative che da sempre promuoviamo. Ridare ora nuova luce al suo ultimo dipinto, cos\u00ec come lui ha dato luce all&#8217;incantata Valmorel con il suo ultimo racconto, ci sembra un giusto modo per rendergli onore&#8221; conclude il sindaco De Zanet.<\/p>","protected":false},"excerpt":{"rendered":"<p>Dedicata alla &#8220;sua&#8221; Santa Rita, l&#8217;opera del 1971 \u00e8 da sempre custodita dal Comune di Limana L&#8217;Amministrazione di Limana ha affidato alla dottoressa Mariangela Mattia l&#8217;opera di restauro del dipinto &#8220;I miracoli di Santa Rita&#8221; donato da Dino Buzzati al Comune nel 1971. Si tratta dell&#8217;ultima opera pittorica del celebre artista bellunese, scomparso un anno [&hellip;]<\/p>\n","protected":false},"author":2,"featured_media":145927,"comment_status":"closed","ping_status":"open","sticky":false,"template":"","format":"standard","meta":{"footnotes":""},"categories":[3,26,8],"tags":[],"class_list":["post-145926","post","type-post","status-publish","format-standard","has-post-thumbnail","category-arte-cultura-spettacoli-scienza-archivi","category-prima-pagina","category-societa-istituzioni"],"yoast_head":"<!-- This site is optimized with the Yoast SEO plugin v28.4 - https:\/\/yoast.com\/product\/yoast-seo-wordpress\/ -->\n<title>Nuova vita per il dipinto di Dino Buzzati - Bellunopress - Dolomiti<\/title>\n<meta name=\"robots\" content=\"index, follow, max-snippet:-1, max-image-preview:large, max-video-preview:-1\" \/>\n<link rel=\"canonical\" href=\"https:\/\/www.bellunopress.it\/fr\/2023\/11\/15\/nuova-vita-per-il-dipinto-di-dino-buzzati\/\" \/>\n<meta property=\"og:locale\" content=\"fr_FR\" \/>\n<meta property=\"og:type\" content=\"article\" \/>\n<meta property=\"og:title\" content=\"Nuova vita per il dipinto di Dino Buzzati - Bellunopress - Dolomiti\" \/>\n<meta property=\"og:description\" content=\"Dedicata alla &#8220;sua&#8221; Santa Rita, l&#8217;opera del 1971 \u00e8 da sempre custodita dal Comune di Limana L&#8217;Amministrazione di Limana ha affidato alla dottoressa Mariangela Mattia l&#8217;opera di restauro del dipinto &#8220;I miracoli di Santa Rita&#8221; donato da Dino Buzzati al Comune nel 1971. Si tratta dell&#8217;ultima opera pittorica del celebre artista bellunese, scomparso un anno [&hellip;]\" \/>\n<meta property=\"og:url\" content=\"https:\/\/www.bellunopress.it\/fr\/2023\/11\/15\/nuova-vita-per-il-dipinto-di-dino-buzzati\/\" \/>\n<meta property=\"og:site_name\" content=\"Bellunopress - Dolomiti\" \/>\n<meta property=\"article:publisher\" content=\"https:\/\/www.facebook.com\/profile.php?id=100008943462799\" \/>\n<meta property=\"article:published_time\" content=\"2023-11-15T11:10:46+00:00\" \/>\n<meta property=\"og:image\" content=\"https:\/\/www.bellunopress.it\/wp-content\/uploads\/2023\/11\/quadro-santa-rita-dino-buzzati-Limana.jpg\" \/>\n\t<meta property=\"og:image:width\" content=\"697\" \/>\n\t<meta property=\"og:image:height\" content=\"1000\" \/>\n\t<meta property=\"og:image:type\" content=\"image\/jpeg\" \/>\n<meta name=\"author\" content=\"redazione\" \/>\n<meta name=\"twitter:card\" content=\"summary_large_image\" \/>\n<meta name=\"twitter:creator\" content=\"@bellunopress\" \/>\n<meta name=\"twitter:site\" content=\"@bellunopress\" \/>\n<meta name=\"twitter:label1\" content=\"\u00c9crit par\" \/>\n\t<meta name=\"twitter:data1\" content=\"redazione\" \/>\n\t<meta name=\"twitter:label2\" content=\"Dur\u00e9e de lecture estim\u00e9e\" \/>\n\t<meta name=\"twitter:data2\" content=\"2 minutes\" \/>\n<script type=\"application\/ld+json\" class=\"yoast-schema-graph\">{\"@context\":\"https:\\\/\\\/schema.org\",\"@graph\":[{\"@type\":\"Article\",\"@id\":\"https:\\\/\\\/www.bellunopress.it\\\/2023\\\/11\\\/15\\\/nuova-vita-per-il-dipinto-di-dino-buzzati\\\/#article\",\"isPartOf\":{\"@id\":\"https:\\\/\\\/www.bellunopress.it\\\/2023\\\/11\\\/15\\\/nuova-vita-per-il-dipinto-di-dino-buzzati\\\/\"},\"author\":{\"name\":\"redazione\",\"@id\":\"https:\\\/\\\/www.bellunopress.it\\\/#\\\/schema\\\/person\\\/79bb06722b37ece1c03d3e94beb30d73\"},\"headline\":\"Nuova vita per il dipinto di Dino Buzzati\",\"datePublished\":\"2023-11-15T11:10:46+00:00\",\"mainEntityOfPage\":{\"@id\":\"https:\\\/\\\/www.bellunopress.it\\\/2023\\\/11\\\/15\\\/nuova-vita-per-il-dipinto-di-dino-buzzati\\\/\"},\"wordCount\":354,\"publisher\":{\"@id\":\"https:\\\/\\\/www.bellunopress.it\\\/#organization\"},\"image\":{\"@id\":\"https:\\\/\\\/www.bellunopress.it\\\/2023\\\/11\\\/15\\\/nuova-vita-per-il-dipinto-di-dino-buzzati\\\/#primaryimage\"},\"thumbnailUrl\":\"https:\\\/\\\/www.bellunopress.it\\\/wp-content\\\/uploads\\\/2023\\\/11\\\/quadro-santa-rita-dino-buzzati-Limana.jpg\",\"articleSection\":[\"Arte, Cultura, Spettacoli, Scienza\",\"Prima Pagina\",\"Societ\u00e0, Associazioni, Istituzioni\"],\"inLanguage\":\"fr-FR\"},{\"@type\":\"WebPage\",\"@id\":\"https:\\\/\\\/www.bellunopress.it\\\/2023\\\/11\\\/15\\\/nuova-vita-per-il-dipinto-di-dino-buzzati\\\/\",\"url\":\"https:\\\/\\\/www.bellunopress.it\\\/2023\\\/11\\\/15\\\/nuova-vita-per-il-dipinto-di-dino-buzzati\\\/\",\"name\":\"Nuova vita per il dipinto di Dino Buzzati - Bellunopress - Dolomiti\",\"isPartOf\":{\"@id\":\"https:\\\/\\\/www.bellunopress.it\\\/#website\"},\"primaryImageOfPage\":{\"@id\":\"https:\\\/\\\/www.bellunopress.it\\\/2023\\\/11\\\/15\\\/nuova-vita-per-il-dipinto-di-dino-buzzati\\\/#primaryimage\"},\"image\":{\"@id\":\"https:\\\/\\\/www.bellunopress.it\\\/2023\\\/11\\\/15\\\/nuova-vita-per-il-dipinto-di-dino-buzzati\\\/#primaryimage\"},\"thumbnailUrl\":\"https:\\\/\\\/www.bellunopress.it\\\/wp-content\\\/uploads\\\/2023\\\/11\\\/quadro-santa-rita-dino-buzzati-Limana.jpg\",\"datePublished\":\"2023-11-15T11:10:46+00:00\",\"breadcrumb\":{\"@id\":\"https:\\\/\\\/www.bellunopress.it\\\/2023\\\/11\\\/15\\\/nuova-vita-per-il-dipinto-di-dino-buzzati\\\/#breadcrumb\"},\"inLanguage\":\"fr-FR\",\"potentialAction\":[{\"@type\":\"ReadAction\",\"target\":[\"https:\\\/\\\/www.bellunopress.it\\\/2023\\\/11\\\/15\\\/nuova-vita-per-il-dipinto-di-dino-buzzati\\\/\"]}]},{\"@type\":\"ImageObject\",\"inLanguage\":\"fr-FR\",\"@id\":\"https:\\\/\\\/www.bellunopress.it\\\/2023\\\/11\\\/15\\\/nuova-vita-per-il-dipinto-di-dino-buzzati\\\/#primaryimage\",\"url\":\"https:\\\/\\\/www.bellunopress.it\\\/wp-content\\\/uploads\\\/2023\\\/11\\\/quadro-santa-rita-dino-buzzati-Limana.jpg\",\"contentUrl\":\"https:\\\/\\\/www.bellunopress.it\\\/wp-content\\\/uploads\\\/2023\\\/11\\\/quadro-santa-rita-dino-buzzati-Limana.jpg\",\"width\":697,\"height\":1000,\"caption\":\"cof\"},{\"@type\":\"BreadcrumbList\",\"@id\":\"https:\\\/\\\/www.bellunopress.it\\\/2023\\\/11\\\/15\\\/nuova-vita-per-il-dipinto-di-dino-buzzati\\\/#breadcrumb\",\"itemListElement\":[{\"@type\":\"ListItem\",\"position\":1,\"name\":\"Home\",\"item\":\"https:\\\/\\\/www.bellunopress.it\\\/\"},{\"@type\":\"ListItem\",\"position\":2,\"name\":\"Nuova vita per il dipinto di Dino Buzzati\"}]},{\"@type\":\"WebSite\",\"@id\":\"https:\\\/\\\/www.bellunopress.it\\\/#website\",\"url\":\"https:\\\/\\\/www.bellunopress.it\\\/\",\"name\":\"Bellunopress - Dolomiti\",\"description\":\"e-mail: redazione@bellunopress.it\",\"publisher\":{\"@id\":\"https:\\\/\\\/www.bellunopress.it\\\/#organization\"},\"potentialAction\":[{\"@type\":\"SearchAction\",\"target\":{\"@type\":\"EntryPoint\",\"urlTemplate\":\"https:\\\/\\\/www.bellunopress.it\\\/?s={search_term_string}\"},\"query-input\":{\"@type\":\"PropertyValueSpecification\",\"valueRequired\":true,\"valueName\":\"search_term_string\"}}],\"inLanguage\":\"fr-FR\"},{\"@type\":\"Organization\",\"@id\":\"https:\\\/\\\/www.bellunopress.it\\\/#organization\",\"name\":\"Bellunopress\",\"url\":\"https:\\\/\\\/www.bellunopress.it\\\/\",\"logo\":{\"@type\":\"ImageObject\",\"inLanguage\":\"fr-FR\",\"@id\":\"https:\\\/\\\/www.bellunopress.it\\\/#\\\/schema\\\/logo\\\/image\\\/\",\"url\":\"https:\\\/\\\/www.bellunopress.it\\\/wp-content\\\/uploads\\\/2011\\\/05\\\/cropped-logo-bellunopress-.jpg\",\"contentUrl\":\"https:\\\/\\\/www.bellunopress.it\\\/wp-content\\\/uploads\\\/2011\\\/05\\\/cropped-logo-bellunopress-.jpg\",\"width\":512,\"height\":512,\"caption\":\"Bellunopress\"},\"image\":{\"@id\":\"https:\\\/\\\/www.bellunopress.it\\\/#\\\/schema\\\/logo\\\/image\\\/\"},\"sameAs\":[\"https:\\\/\\\/www.facebook.com\\\/profile.php?id=100008943462799\",\"https:\\\/\\\/x.com\\\/bellunopress\",\"https:\\\/\\\/www.linkedin.com\\\/hp\\\/?dnr=JBzUWaJfMUw8vbXJJ2tVW5-I3jZKvC4wsoxE&amp;amp;amp;amp;amp;amp;trk=nav_responsive_tab_home\",\"https:\\\/\\\/www.youtube.com\\\/channel\\\/UCxL0wu1uN0_3_7hGG0306cw\"]},{\"@type\":\"Person\",\"@id\":\"https:\\\/\\\/www.bellunopress.it\\\/#\\\/schema\\\/person\\\/79bb06722b37ece1c03d3e94beb30d73\",\"name\":\"redazione\",\"image\":{\"@type\":\"ImageObject\",\"inLanguage\":\"fr-FR\",\"@id\":\"https:\\\/\\\/secure.gravatar.com\\\/avatar\\\/37d968a2e67a6fd04c169c4bdef102d0bc5d31b2546345219e348575eb80e9a0?s=96&d=mm&r=g\",\"url\":\"https:\\\/\\\/secure.gravatar.com\\\/avatar\\\/37d968a2e67a6fd04c169c4bdef102d0bc5d31b2546345219e348575eb80e9a0?s=96&d=mm&r=g\",\"contentUrl\":\"https:\\\/\\\/secure.gravatar.com\\\/avatar\\\/37d968a2e67a6fd04c169c4bdef102d0bc5d31b2546345219e348575eb80e9a0?s=96&d=mm&r=g\",\"caption\":\"redazione\"},\"sameAs\":[\"http:\\\/\\\/www.bellunopress.it\",\"https:\\\/\\\/x.com\\\/bellunopress\"],\"url\":\"https:\\\/\\\/www.bellunopress.it\\\/fr\\\/author\\\/redazione\\\/\"}]}<\/script>\n<!-- \/ Yoast SEO plugin. -->","yoast_head_json":{"title":"Nuova vita per il dipinto di Dino Buzzati - Bellunopress - Dolomiti","robots":{"index":"index","follow":"follow","max-snippet":"max-snippet:-1","max-image-preview":"max-image-preview:large","max-video-preview":"max-video-preview:-1"},"canonical":"https:\/\/www.bellunopress.it\/fr\/2023\/11\/15\/nuova-vita-per-il-dipinto-di-dino-buzzati\/","og_locale":"fr_FR","og_type":"article","og_title":"Nuova vita per il dipinto di Dino Buzzati - Bellunopress - Dolomiti","og_description":"Dedicata alla &#8220;sua&#8221; Santa Rita, l&#8217;opera del 1971 \u00e8 da sempre custodita dal Comune di Limana L&#8217;Amministrazione di Limana ha affidato alla dottoressa Mariangela Mattia l&#8217;opera di restauro del dipinto &#8220;I miracoli di Santa Rita&#8221; donato da Dino Buzzati al Comune nel 1971. Si tratta dell&#8217;ultima opera pittorica del celebre artista bellunese, scomparso un anno [&hellip;]","og_url":"https:\/\/www.bellunopress.it\/fr\/2023\/11\/15\/nuova-vita-per-il-dipinto-di-dino-buzzati\/","og_site_name":"Bellunopress - Dolomiti","article_publisher":"https:\/\/www.facebook.com\/profile.php?id=100008943462799","article_published_time":"2023-11-15T11:10:46+00:00","og_image":[{"width":697,"height":1000,"url":"https:\/\/www.bellunopress.it\/wp-content\/uploads\/2023\/11\/quadro-santa-rita-dino-buzzati-Limana.jpg","type":"image\/jpeg"}],"author":"redazione","twitter_card":"summary_large_image","twitter_creator":"@bellunopress","twitter_site":"@bellunopress","twitter_misc":{"\u00c9crit par":"redazione","Dur\u00e9e de lecture estim\u00e9e":"2 minutes"},"schema":{"@context":"https:\/\/schema.org","@graph":[{"@type":"Article","@id":"https:\/\/www.bellunopress.it\/2023\/11\/15\/nuova-vita-per-il-dipinto-di-dino-buzzati\/#article","isPartOf":{"@id":"https:\/\/www.bellunopress.it\/2023\/11\/15\/nuova-vita-per-il-dipinto-di-dino-buzzati\/"},"author":{"name":"redazione","@id":"https:\/\/www.bellunopress.it\/#\/schema\/person\/79bb06722b37ece1c03d3e94beb30d73"},"headline":"Nuova vita per il dipinto di Dino Buzzati","datePublished":"2023-11-15T11:10:46+00:00","mainEntityOfPage":{"@id":"https:\/\/www.bellunopress.it\/2023\/11\/15\/nuova-vita-per-il-dipinto-di-dino-buzzati\/"},"wordCount":354,"publisher":{"@id":"https:\/\/www.bellunopress.it\/#organization"},"image":{"@id":"https:\/\/www.bellunopress.it\/2023\/11\/15\/nuova-vita-per-il-dipinto-di-dino-buzzati\/#primaryimage"},"thumbnailUrl":"https:\/\/www.bellunopress.it\/wp-content\/uploads\/2023\/11\/quadro-santa-rita-dino-buzzati-Limana.jpg","articleSection":["Arte, Cultura, Spettacoli, Scienza","Prima Pagina","Societ\u00e0, Associazioni, Istituzioni"],"inLanguage":"fr-FR"},{"@type":"WebPage","@id":"https:\/\/www.bellunopress.it\/2023\/11\/15\/nuova-vita-per-il-dipinto-di-dino-buzzati\/","url":"https:\/\/www.bellunopress.it\/2023\/11\/15\/nuova-vita-per-il-dipinto-di-dino-buzzati\/","name":"Nuova vita per il dipinto di Dino Buzzati - Bellunopress - Dolomiti","isPartOf":{"@id":"https:\/\/www.bellunopress.it\/#website"},"primaryImageOfPage":{"@id":"https:\/\/www.bellunopress.it\/2023\/11\/15\/nuova-vita-per-il-dipinto-di-dino-buzzati\/#primaryimage"},"image":{"@id":"https:\/\/www.bellunopress.it\/2023\/11\/15\/nuova-vita-per-il-dipinto-di-dino-buzzati\/#primaryimage"},"thumbnailUrl":"https:\/\/www.bellunopress.it\/wp-content\/uploads\/2023\/11\/quadro-santa-rita-dino-buzzati-Limana.jpg","datePublished":"2023-11-15T11:10:46+00:00","breadcrumb":{"@id":"https:\/\/www.bellunopress.it\/2023\/11\/15\/nuova-vita-per-il-dipinto-di-dino-buzzati\/#breadcrumb"},"inLanguage":"fr-FR","potentialAction":[{"@type":"ReadAction","target":["https:\/\/www.bellunopress.it\/2023\/11\/15\/nuova-vita-per-il-dipinto-di-dino-buzzati\/"]}]},{"@type":"ImageObject","inLanguage":"fr-FR","@id":"https:\/\/www.bellunopress.it\/2023\/11\/15\/nuova-vita-per-il-dipinto-di-dino-buzzati\/#primaryimage","url":"https:\/\/www.bellunopress.it\/wp-content\/uploads\/2023\/11\/quadro-santa-rita-dino-buzzati-Limana.jpg","contentUrl":"https:\/\/www.bellunopress.it\/wp-content\/uploads\/2023\/11\/quadro-santa-rita-dino-buzzati-Limana.jpg","width":697,"height":1000,"caption":"cof"},{"@type":"BreadcrumbList","@id":"https:\/\/www.bellunopress.it\/2023\/11\/15\/nuova-vita-per-il-dipinto-di-dino-buzzati\/#breadcrumb","itemListElement":[{"@type":"ListItem","position":1,"name":"Home","item":"https:\/\/www.bellunopress.it\/"},{"@type":"ListItem","position":2,"name":"Nuova vita per il dipinto di Dino Buzzati"}]},{"@type":"WebSite","@id":"https:\/\/www.bellunopress.it\/#website","url":"https:\/\/www.bellunopress.it\/","name":"Bellunopress - Dolomiti","description":"e-mail: redazione@bellunopress.it","publisher":{"@id":"https:\/\/www.bellunopress.it\/#organization"},"potentialAction":[{"@type":"SearchAction","target":{"@type":"EntryPoint","urlTemplate":"https:\/\/www.bellunopress.it\/?s={search_term_string}"},"query-input":{"@type":"PropertyValueSpecification","valueRequired":true,"valueName":"search_term_string"}}],"inLanguage":"fr-FR"},{"@type":"Organization","@id":"https:\/\/www.bellunopress.it\/#organization","name":"Bellunopress","url":"https:\/\/www.bellunopress.it\/","logo":{"@type":"ImageObject","inLanguage":"fr-FR","@id":"https:\/\/www.bellunopress.it\/#\/schema\/logo\/image\/","url":"https:\/\/www.bellunopress.it\/wp-content\/uploads\/2011\/05\/cropped-logo-bellunopress-.jpg","contentUrl":"https:\/\/www.bellunopress.it\/wp-content\/uploads\/2011\/05\/cropped-logo-bellunopress-.jpg","width":512,"height":512,"caption":"Bellunopress"},"image":{"@id":"https:\/\/www.bellunopress.it\/#\/schema\/logo\/image\/"},"sameAs":["https:\/\/www.facebook.com\/profile.php?id=100008943462799","https:\/\/x.com\/bellunopress","https:\/\/www.linkedin.com\/hp\/?dnr=JBzUWaJfMUw8vbXJJ2tVW5-I3jZKvC4wsoxE&amp;amp;amp;amp;amp;amp;trk=nav_responsive_tab_home","https:\/\/www.youtube.com\/channel\/UCxL0wu1uN0_3_7hGG0306cw"]},{"@type":"Person","@id":"https:\/\/www.bellunopress.it\/#\/schema\/person\/79bb06722b37ece1c03d3e94beb30d73","name":"r\u00e9daction","image":{"@type":"ImageObject","inLanguage":"fr-FR","@id":"https:\/\/secure.gravatar.com\/avatar\/37d968a2e67a6fd04c169c4bdef102d0bc5d31b2546345219e348575eb80e9a0?s=96&d=mm&r=g","url":"https:\/\/secure.gravatar.com\/avatar\/37d968a2e67a6fd04c169c4bdef102d0bc5d31b2546345219e348575eb80e9a0?s=96&d=mm&r=g","contentUrl":"https:\/\/secure.gravatar.com\/avatar\/37d968a2e67a6fd04c169c4bdef102d0bc5d31b2546345219e348575eb80e9a0?s=96&d=mm&r=g","caption":"redazione"},"sameAs":["http:\/\/www.bellunopress.it","https:\/\/x.com\/bellunopress"],"url":"https:\/\/www.bellunopress.it\/fr\/author\/redazione\/"}]}},"_links":{"self":[{"href":"https:\/\/www.bellunopress.it\/fr\/wp-json\/wp\/v2\/posts\/145926","targetHints":{"allow":["GET"]}}],"collection":[{"href":"https:\/\/www.bellunopress.it\/fr\/wp-json\/wp\/v2\/posts"}],"about":[{"href":"https:\/\/www.bellunopress.it\/fr\/wp-json\/wp\/v2\/types\/post"}],"author":[{"embeddable":true,"href":"https:\/\/www.bellunopress.it\/fr\/wp-json\/wp\/v2\/users\/2"}],"replies":[{"embeddable":true,"href":"https:\/\/www.bellunopress.it\/fr\/wp-json\/wp\/v2\/comments?post=145926"}],"version-history":[{"count":1,"href":"https:\/\/www.bellunopress.it\/fr\/wp-json\/wp\/v2\/posts\/145926\/revisions"}],"predecessor-version":[{"id":145928,"href":"https:\/\/www.bellunopress.it\/fr\/wp-json\/wp\/v2\/posts\/145926\/revisions\/145928"}],"wp:featuredmedia":[{"embeddable":true,"href":"https:\/\/www.bellunopress.it\/fr\/wp-json\/wp\/v2\/media\/145927"}],"wp:attachment":[{"href":"https:\/\/www.bellunopress.it\/fr\/wp-json\/wp\/v2\/media?parent=145926"}],"wp:term":[{"taxonomy":"category","embeddable":true,"href":"https:\/\/www.bellunopress.it\/fr\/wp-json\/wp\/v2\/categories?post=145926"},{"taxonomy":"post_tag","embeddable":true,"href":"https:\/\/www.bellunopress.it\/fr\/wp-json\/wp\/v2\/tags?post=145926"}],"curies":[{"name":"wp","href":"https:\/\/api.w.org\/{rel}","templated":true}]}}