{"id":145919,"date":"2023-11-15T11:22:17","date_gmt":"2023-11-15T10:22:17","guid":{"rendered":"https:\/\/www.bellunopress.it\/?p=145919"},"modified":"2023-11-15T11:25:12","modified_gmt":"2023-11-15T10:25:12","slug":"omaggio-a-enrico-vanzina-dal-15-al-17-dicembre-2023-lhotel-de-la-poste-di-cortina","status":"publish","type":"post","link":"https:\/\/www.bellunopress.it\/fr\/2023\/11\/15\/omaggio-a-enrico-vanzina-dal-15-al-17-dicembre-2023-lhotel-de-la-poste-di-cortina\/","title":{"rendered":"Omaggio a Enrico Vanzina. Dal 15 al 17 dicembre 2023 all&#8217;Hotel de la Poste di Cortina"},"content":{"rendered":"<figure id=\"attachment_127227\" aria-describedby=\"caption-attachment-127227\" style=\"width: 800px\" class=\"wp-caption alignleft\"><img loading=\"lazy\" decoding=\"async\" class=\"size-full wp-image-127227\" src=\"https:\/\/www.bellunopress.it\/wp-content\/uploads\/2021\/08\/Hotel-de-la-Poste-Cortina_edited.jpg\" alt=\"\" width=\"800\" height=\"579\" srcset=\"https:\/\/www.bellunopress.it\/wp-content\/uploads\/2021\/08\/Hotel-de-la-Poste-Cortina_edited.jpg 800w, https:\/\/www.bellunopress.it\/wp-content\/uploads\/2021\/08\/Hotel-de-la-Poste-Cortina_edited-500x362.jpg 500w, https:\/\/www.bellunopress.it\/wp-content\/uploads\/2021\/08\/Hotel-de-la-Poste-Cortina_edited-696x504.jpg 696w, https:\/\/www.bellunopress.it\/wp-content\/uploads\/2021\/08\/Hotel-de-la-Poste-Cortina_edited-580x420.jpg 580w, https:\/\/www.bellunopress.it\/wp-content\/uploads\/2021\/08\/Hotel-de-la-Poste-Cortina_edited-324x235.jpg 324w\" sizes=\"auto, (max-width: 800px) 100vw, 800px\" \/><figcaption id=\"caption-attachment-127227\" class=\"wp-caption-text\">Hotel de la Poste &#8211; Cortina d&#8217;Ampezzo<\/figcaption><\/figure>\n<p>Cortina d&#8217;Ampezzo, 15 novembre 2023_ Ritorno al 1983: nelle sale usciva Vacanze di Natale, un film che fotografava un&#8217;epoca: la &#8220;Cortina da bere&#8221; \u2013 contraltare dolomitica di Milano \u2013 e i suoi miti, raccontata attraverso lo sguardo sagace dei fratelli Vanzina.<\/p>\n<p>A 40 anni di distanza, nel weekend dal 15 al 17 dicembre 2023 l&#8217;Hotel de la Poste insieme al Premio Nations Award, rende omaggio a Enrico Vanzina, e attraverso di lui a un periodo storico che oggi ricordiamo con un pizzico di nostalgia, per quel momento di boom economico e di spensieratezza.<\/p>\n<p>Erano tempi &#8220;leggeri&#8221;, in cui iniziava ad affermarsi uno stile di vita dominato dal Made in Italy: i grandi marchi di moda italiani diventavano status symbol e conquistavano passerelle e copertine; Milano scalzava Parigi e Londra, proiettando un&#8217;immagine felice, vincente, dinamica e colorata. Una certa Luise Veronica Ciccone, a New York, diventava Madonna e lanciava il suo primo album, scalando le classifiche. Gli italiani riscoprivano, dopo gli anni di piombo, la leggerezza e il piacere di sfoggiare uno stile unico.<\/p>\n<p>Gherardo Manaigo, direttore e proprietario dell&#8217;Hotel de la Poste, gi\u00e0 location per molte delle pellicole ambientate a Cortina, oltre che simbolo della Cortina di ieri e di oggi ricorda: &#8220;I fratelli Vanzina per noi hanno un doppio merito: a quel tempo rilanciarono il nostro turismo e, in questo momento, la pellicola diventa un invito a ricordare come eravamo, sicuramente pi\u00f9 spensierati. Insieme ad Enrico Vanzina vogliamo raccontare il nostro legame con un periodo completamente diverso dalla realt\u00e0 di oggi. Gli anni &#8217;80 sono solo un bel ricordo, ma non possiamo dimenticare come la fama di Cortina si sia anche nutrita dell&#8217;autoironia vanziniana&#8221;.<\/p>\n<p>Nei giorni in cui prende il via la stagione invernale, tra piste da sci e bombardini al rifugio, si festeggia un evento sui generis e irripetibile. L&#8217;Hotel de la Poste \u2013 che un giovanissimo Claudio Amendola, nei panni di Mario Marchetti, scambiava per un ufficio postale \u2013 regala ai suoi ospiti un viaggio nel tempo lungo un weekend. Con tanto di premiazioni: Enrico Vanzina ricever\u00e0 il Nations Award alla carriera: &#8220;atto dovuto &#8211; spiega Michel Curatolo Presidente del riconoscimento ideato negli anni Settanta dal compianto critico cinematografico Gian Luigi Rondi, nato per premiare il cinema italiano ed internazionale &#8211; alla strepitosa carriera di Enrico Vanzina, eclettico cineasta, ironico e raffinato interprete dei fenomeni sociologici che anno attraversato il nostro paese negli ultimi 40anni, carpendone sapientemente pregi e difetti&#8230;auguri maestro, con gratitudine!&#8221;.<\/p>\n<p>&#8220;Se all&#8217;epoca &#8211; ricorda Roberta Alver\u00e0, vicesindaco e assessore al turismo del Comune di Cortina d&#8217;Ampezzo &#8211; la nostra localit\u00e0 era segnata da una narrazione fatta di clich\u00e9 nei quali poco si identificavano gli abitanti ed i frequentatori abituali, a distanza di tempo \u00e8 possibile evocare quel capitolo come un affresco di quell&#8217;epoca, e vedere i cambiamenti di abitudini e di modo di fare vacanza che sono avvenuti in questi 40 anni, consapevoli che l&#8217;offerta turistica di Cortina rimane trasversale alle mode&#8221;.<\/p>\n<p>&nbsp;<\/p>\n<p><strong>Il programma<\/strong><\/p>\n<p>Venerd\u00ec 15 dicembre<\/p>\n<p>Appuntamento all&#8217;Hotel de la Poste, alle 17.00, nella VilleVenete Lounge dove gli artisti incontrano la stampa. Seguir\u00e0 il taglio di un &#8220;panettone monumentale&#8221; a scopo benefico (evocazione ironica del termine cinepanettone) e un brindisi.<\/p>\n<p>Alle 19.30, aperitivo con dj set di Riccardo Piermattei dedicato alla colonna sonora del film, con tutte le hit dell&#8217;epoca.<\/p>\n<p>Il clou della serata che avr\u00e0 inizio alle 21.00, la cena cui seguir\u00e0 il famoso concert-show di Jerry Cal\u00e0 e la Jerry Super Band, con &#8220;Non sono bello&#8230;piaccio!&#8221; Lo spettacolo che riprende la memorabile frase dell&#8217;indimenticabile Billo \u2013 proprio nel film dei fratelli Vanzina. Il dress code \u00e8 naturalmente ispirato ai mitici anni &#8217;80: marchi di grido, look scintillanti.<\/p>\n<p>La serata si concluder\u00e0 con la consegna di un premio dedicato a Cal\u00e0 e a seguire dj set a cura di Max Cassani, giornalista de &#8220;La Stampa&#8221; gi\u00e0 ideatore della serata &#8220;Wild Boyz!&#8221;, la prima one-night Anni &#8217;80 di Milano.<\/p>\n<p>&nbsp;<\/p>\n<p>Sabato 16 dicembre<\/p>\n<p>Il miglior risveglio possibile \u00e8 sulle Dolomiti innevate, dove alle 10.00 in punto si disputa una gara di sci in perfetto stile anni &#8217;80 e attrezzature rigorosamente dell&#8217;epoca. Appuntamento a pochi minuti dal centro, sulla pista di fronte allo Chalet Ria de Saco, il primo concept Chalet ideato da Franz e Daniela Kraler, che oggi accoglie eventi organizzati in collaborazione con le maggiori maison della moda.<\/p>\n<p>Lo chalet, a gara conclusa, ospita le premiazioni e il pranzo a cura dello chef stellato Graziano Prest: resident chef di Ria de Saco e chef del Tivoli. Gi\u00e0 Chef di Casa Italia alle Olimpiadi di Pechino nel 2020 e a quelle di Tokio nel 2022, Graziano Prest e\u0300 un ambassador della cucina ampezzana.<\/p>\n<p>Alle 21.00 si cena nel Salon Dolomieu insieme a Enrico Vanzina, che &#8211; in coppia con l&#8217;indimenticato fratello Carlo &#8211; ha firmato questa pellicola entrata nella storia del costume. Con lui, intorno al pianoforte, si riuniscono membri del cast e amici legati al film. Special guest &#8220;Gugliemo&#8221; Rossi Scota che ha esordito nel mondo musicale nel 2019 con un pezzo dedicato alle Vacanze di Natale dei Vanzina.<\/p>\n<p>Durante la serata si svolgeranno le premiazioni dei Nations Award Cortina.<\/p>\n<p>Seguir\u00e0 aftershow con pianobar di Cesare Bertolucci e dj set.<\/p>","protected":false},"excerpt":{"rendered":"<p>Cortina d&#8217;Ampezzo, 15 novembre 2023_ Ritorno al 1983: nelle sale usciva Vacanze di Natale, un film che fotografava un&#8217;epoca: la &#8220;Cortina da bere&#8221; \u2013 contraltare dolomitica di Milano \u2013 e i suoi miti, raccontata attraverso lo sguardo sagace dei fratelli Vanzina. A 40 anni di distanza, nel weekend dal 15 al 17 dicembre 2023 l&#8217;Hotel [&hellip;]<\/p>\n","protected":false},"author":2,"featured_media":127227,"comment_status":"closed","ping_status":"open","sticky":false,"template":"","format":"standard","meta":{"footnotes":""},"categories":[27,25,4],"tags":[],"class_list":["post-145919","post","type-post","status-publish","format-standard","has-post-thumbnail","category-appuntamenti","category-pausa-caffe","category-sport"],"yoast_head":"<!-- This site is optimized with the Yoast SEO plugin v28.4 - https:\/\/yoast.com\/product\/yoast-seo-wordpress\/ -->\n<title>Omaggio a Enrico Vanzina. Dal 15 al 17 dicembre 2023 all&#039;Hotel de la Poste di Cortina - Bellunopress - Dolomiti<\/title>\n<meta name=\"robots\" content=\"index, follow, max-snippet:-1, max-image-preview:large, max-video-preview:-1\" \/>\n<link rel=\"canonical\" href=\"https:\/\/www.bellunopress.it\/fr\/2023\/11\/15\/omaggio-a-enrico-vanzina-dal-15-al-17-dicembre-2023-lhotel-de-la-poste-di-cortina\/\" \/>\n<meta property=\"og:locale\" content=\"fr_FR\" \/>\n<meta property=\"og:type\" content=\"article\" \/>\n<meta property=\"og:title\" content=\"Omaggio a Enrico Vanzina. Dal 15 al 17 dicembre 2023 all&#039;Hotel de la Poste di Cortina - Bellunopress - Dolomiti\" \/>\n<meta property=\"og:description\" content=\"Cortina d&#8217;Ampezzo, 15 novembre 2023_ Ritorno al 1983: nelle sale usciva Vacanze di Natale, un film che fotografava un&#8217;epoca: la &#8220;Cortina da bere&#8221; \u2013 contraltare dolomitica di Milano \u2013 e i suoi miti, raccontata attraverso lo sguardo sagace dei fratelli Vanzina. A 40 anni di distanza, nel weekend dal 15 al 17 dicembre 2023 l&#8217;Hotel [&hellip;]\" \/>\n<meta property=\"og:url\" content=\"https:\/\/www.bellunopress.it\/fr\/2023\/11\/15\/omaggio-a-enrico-vanzina-dal-15-al-17-dicembre-2023-lhotel-de-la-poste-di-cortina\/\" \/>\n<meta property=\"og:site_name\" content=\"Bellunopress - Dolomiti\" \/>\n<meta property=\"article:publisher\" content=\"https:\/\/www.facebook.com\/profile.php?id=100008943462799\" \/>\n<meta property=\"article:published_time\" content=\"2023-11-15T10:22:17+00:00\" \/>\n<meta property=\"article:modified_time\" content=\"2023-11-15T10:25:12+00:00\" \/>\n<meta property=\"og:image\" content=\"https:\/\/www.bellunopress.it\/wp-content\/uploads\/2021\/08\/Hotel-de-la-Poste-Cortina_edited.jpg\" \/>\n\t<meta property=\"og:image:width\" content=\"800\" \/>\n\t<meta property=\"og:image:height\" content=\"579\" \/>\n\t<meta property=\"og:image:type\" content=\"image\/jpeg\" \/>\n<meta name=\"author\" content=\"redazione\" \/>\n<meta name=\"twitter:card\" content=\"summary_large_image\" \/>\n<meta name=\"twitter:creator\" content=\"@bellunopress\" \/>\n<meta name=\"twitter:site\" content=\"@bellunopress\" \/>\n<meta name=\"twitter:label1\" content=\"Written by\" \/>\n\t<meta name=\"twitter:data1\" content=\"redazione\" \/>\n\t<meta name=\"twitter:label2\" content=\"Est. reading time\" \/>\n\t<meta name=\"twitter:data2\" content=\"4 minutes\" \/>\n<script type=\"application\/ld+json\" class=\"yoast-schema-graph\">{\"@context\":\"https:\\\/\\\/schema.org\",\"@graph\":[{\"@type\":\"Article\",\"@id\":\"https:\\\/\\\/www.bellunopress.it\\\/2023\\\/11\\\/15\\\/omaggio-a-enrico-vanzina-dal-15-al-17-dicembre-2023-lhotel-de-la-poste-di-cortina\\\/#article\",\"isPartOf\":{\"@id\":\"https:\\\/\\\/www.bellunopress.it\\\/2023\\\/11\\\/15\\\/omaggio-a-enrico-vanzina-dal-15-al-17-dicembre-2023-lhotel-de-la-poste-di-cortina\\\/\"},\"author\":{\"name\":\"redazione\",\"@id\":\"https:\\\/\\\/www.bellunopress.it\\\/#\\\/schema\\\/person\\\/79bb06722b37ece1c03d3e94beb30d73\"},\"headline\":\"Omaggio a Enrico Vanzina. Dal 15 al 17 dicembre 2023 all&#8217;Hotel de la Poste di Cortina\",\"datePublished\":\"2023-11-15T10:22:17+00:00\",\"dateModified\":\"2023-11-15T10:25:12+00:00\",\"mainEntityOfPage\":{\"@id\":\"https:\\\/\\\/www.bellunopress.it\\\/2023\\\/11\\\/15\\\/omaggio-a-enrico-vanzina-dal-15-al-17-dicembre-2023-lhotel-de-la-poste-di-cortina\\\/\"},\"wordCount\":876,\"publisher\":{\"@id\":\"https:\\\/\\\/www.bellunopress.it\\\/#organization\"},\"image\":{\"@id\":\"https:\\\/\\\/www.bellunopress.it\\\/2023\\\/11\\\/15\\\/omaggio-a-enrico-vanzina-dal-15-al-17-dicembre-2023-lhotel-de-la-poste-di-cortina\\\/#primaryimage\"},\"thumbnailUrl\":\"https:\\\/\\\/www.bellunopress.it\\\/wp-content\\\/uploads\\\/2021\\\/08\\\/Hotel-de-la-Poste-Cortina_edited.jpg\",\"articleSection\":[\"Appuntamenti, Eventi\",\"Pausa Caff\u00e8\",\"Sport, tempo libero\"],\"inLanguage\":\"fr-FR\"},{\"@type\":\"WebPage\",\"@id\":\"https:\\\/\\\/www.bellunopress.it\\\/2023\\\/11\\\/15\\\/omaggio-a-enrico-vanzina-dal-15-al-17-dicembre-2023-lhotel-de-la-poste-di-cortina\\\/\",\"url\":\"https:\\\/\\\/www.bellunopress.it\\\/2023\\\/11\\\/15\\\/omaggio-a-enrico-vanzina-dal-15-al-17-dicembre-2023-lhotel-de-la-poste-di-cortina\\\/\",\"name\":\"Omaggio a Enrico Vanzina. Dal 15 al 17 dicembre 2023 all'Hotel de la Poste di Cortina - Bellunopress - Dolomiti\",\"isPartOf\":{\"@id\":\"https:\\\/\\\/www.bellunopress.it\\\/#website\"},\"primaryImageOfPage\":{\"@id\":\"https:\\\/\\\/www.bellunopress.it\\\/2023\\\/11\\\/15\\\/omaggio-a-enrico-vanzina-dal-15-al-17-dicembre-2023-lhotel-de-la-poste-di-cortina\\\/#primaryimage\"},\"image\":{\"@id\":\"https:\\\/\\\/www.bellunopress.it\\\/2023\\\/11\\\/15\\\/omaggio-a-enrico-vanzina-dal-15-al-17-dicembre-2023-lhotel-de-la-poste-di-cortina\\\/#primaryimage\"},\"thumbnailUrl\":\"https:\\\/\\\/www.bellunopress.it\\\/wp-content\\\/uploads\\\/2021\\\/08\\\/Hotel-de-la-Poste-Cortina_edited.jpg\",\"datePublished\":\"2023-11-15T10:22:17+00:00\",\"dateModified\":\"2023-11-15T10:25:12+00:00\",\"breadcrumb\":{\"@id\":\"https:\\\/\\\/www.bellunopress.it\\\/2023\\\/11\\\/15\\\/omaggio-a-enrico-vanzina-dal-15-al-17-dicembre-2023-lhotel-de-la-poste-di-cortina\\\/#breadcrumb\"},\"inLanguage\":\"fr-FR\",\"potentialAction\":[{\"@type\":\"ReadAction\",\"target\":[\"https:\\\/\\\/www.bellunopress.it\\\/2023\\\/11\\\/15\\\/omaggio-a-enrico-vanzina-dal-15-al-17-dicembre-2023-lhotel-de-la-poste-di-cortina\\\/\"]}]},{\"@type\":\"ImageObject\",\"inLanguage\":\"fr-FR\",\"@id\":\"https:\\\/\\\/www.bellunopress.it\\\/2023\\\/11\\\/15\\\/omaggio-a-enrico-vanzina-dal-15-al-17-dicembre-2023-lhotel-de-la-poste-di-cortina\\\/#primaryimage\",\"url\":\"https:\\\/\\\/www.bellunopress.it\\\/wp-content\\\/uploads\\\/2021\\\/08\\\/Hotel-de-la-Poste-Cortina_edited.jpg\",\"contentUrl\":\"https:\\\/\\\/www.bellunopress.it\\\/wp-content\\\/uploads\\\/2021\\\/08\\\/Hotel-de-la-Poste-Cortina_edited.jpg\",\"width\":800,\"height\":579,\"caption\":\"Hotel de la Poste - Cortina d'Ampezzo\"},{\"@type\":\"BreadcrumbList\",\"@id\":\"https:\\\/\\\/www.bellunopress.it\\\/2023\\\/11\\\/15\\\/omaggio-a-enrico-vanzina-dal-15-al-17-dicembre-2023-lhotel-de-la-poste-di-cortina\\\/#breadcrumb\",\"itemListElement\":[{\"@type\":\"ListItem\",\"position\":1,\"name\":\"Home\",\"item\":\"https:\\\/\\\/www.bellunopress.it\\\/\"},{\"@type\":\"ListItem\",\"position\":2,\"name\":\"Omaggio a Enrico Vanzina. Dal 15 al 17 dicembre 2023 all&#8217;Hotel de la Poste di Cortina\"}]},{\"@type\":\"WebSite\",\"@id\":\"https:\\\/\\\/www.bellunopress.it\\\/#website\",\"url\":\"https:\\\/\\\/www.bellunopress.it\\\/\",\"name\":\"Bellunopress - Dolomiti\",\"description\":\"e-mail: redazione@bellunopress.it\",\"publisher\":{\"@id\":\"https:\\\/\\\/www.bellunopress.it\\\/#organization\"},\"potentialAction\":[{\"@type\":\"SearchAction\",\"target\":{\"@type\":\"EntryPoint\",\"urlTemplate\":\"https:\\\/\\\/www.bellunopress.it\\\/?s={search_term_string}\"},\"query-input\":{\"@type\":\"PropertyValueSpecification\",\"valueRequired\":true,\"valueName\":\"search_term_string\"}}],\"inLanguage\":\"fr-FR\"},{\"@type\":\"Organization\",\"@id\":\"https:\\\/\\\/www.bellunopress.it\\\/#organization\",\"name\":\"Bellunopress\",\"url\":\"https:\\\/\\\/www.bellunopress.it\\\/\",\"logo\":{\"@type\":\"ImageObject\",\"inLanguage\":\"fr-FR\",\"@id\":\"https:\\\/\\\/www.bellunopress.it\\\/#\\\/schema\\\/logo\\\/image\\\/\",\"url\":\"https:\\\/\\\/www.bellunopress.it\\\/wp-content\\\/uploads\\\/2011\\\/05\\\/cropped-logo-bellunopress-.jpg\",\"contentUrl\":\"https:\\\/\\\/www.bellunopress.it\\\/wp-content\\\/uploads\\\/2011\\\/05\\\/cropped-logo-bellunopress-.jpg\",\"width\":512,\"height\":512,\"caption\":\"Bellunopress\"},\"image\":{\"@id\":\"https:\\\/\\\/www.bellunopress.it\\\/#\\\/schema\\\/logo\\\/image\\\/\"},\"sameAs\":[\"https:\\\/\\\/www.facebook.com\\\/profile.php?id=100008943462799\",\"https:\\\/\\\/x.com\\\/bellunopress\",\"https:\\\/\\\/www.linkedin.com\\\/hp\\\/?dnr=JBzUWaJfMUw8vbXJJ2tVW5-I3jZKvC4wsoxE&amp;amp;amp;amp;amp;amp;trk=nav_responsive_tab_home\",\"https:\\\/\\\/www.youtube.com\\\/channel\\\/UCxL0wu1uN0_3_7hGG0306cw\"]},{\"@type\":\"Person\",\"@id\":\"https:\\\/\\\/www.bellunopress.it\\\/#\\\/schema\\\/person\\\/79bb06722b37ece1c03d3e94beb30d73\",\"name\":\"redazione\",\"image\":{\"@type\":\"ImageObject\",\"inLanguage\":\"fr-FR\",\"@id\":\"https:\\\/\\\/secure.gravatar.com\\\/avatar\\\/37d968a2e67a6fd04c169c4bdef102d0bc5d31b2546345219e348575eb80e9a0?s=96&d=mm&r=g\",\"url\":\"https:\\\/\\\/secure.gravatar.com\\\/avatar\\\/37d968a2e67a6fd04c169c4bdef102d0bc5d31b2546345219e348575eb80e9a0?s=96&d=mm&r=g\",\"contentUrl\":\"https:\\\/\\\/secure.gravatar.com\\\/avatar\\\/37d968a2e67a6fd04c169c4bdef102d0bc5d31b2546345219e348575eb80e9a0?s=96&d=mm&r=g\",\"caption\":\"redazione\"},\"sameAs\":[\"http:\\\/\\\/www.bellunopress.it\",\"https:\\\/\\\/x.com\\\/bellunopress\"],\"url\":\"https:\\\/\\\/www.bellunopress.it\\\/fr\\\/author\\\/redazione\\\/\"}]}<\/script>\n<!-- \/ Yoast SEO plugin. -->","yoast_head_json":{"title":"Omaggio a Enrico Vanzina. Dal 15 al 17 dicembre 2023 all'Hotel de la Poste di Cortina - Bellunopress - Dolomiti","robots":{"index":"index","follow":"follow","max-snippet":"max-snippet:-1","max-image-preview":"max-image-preview:large","max-video-preview":"max-video-preview:-1"},"canonical":"https:\/\/www.bellunopress.it\/fr\/2023\/11\/15\/omaggio-a-enrico-vanzina-dal-15-al-17-dicembre-2023-lhotel-de-la-poste-di-cortina\/","og_locale":"fr_FR","og_type":"article","og_title":"Omaggio a Enrico Vanzina. Dal 15 al 17 dicembre 2023 all'Hotel de la Poste di Cortina - Bellunopress - Dolomiti","og_description":"Cortina d&#8217;Ampezzo, 15 novembre 2023_ Ritorno al 1983: nelle sale usciva Vacanze di Natale, un film che fotografava un&#8217;epoca: la &#8220;Cortina da bere&#8221; \u2013 contraltare dolomitica di Milano \u2013 e i suoi miti, raccontata attraverso lo sguardo sagace dei fratelli Vanzina. A 40 anni di distanza, nel weekend dal 15 al 17 dicembre 2023 l&#8217;Hotel [&hellip;]","og_url":"https:\/\/www.bellunopress.it\/fr\/2023\/11\/15\/omaggio-a-enrico-vanzina-dal-15-al-17-dicembre-2023-lhotel-de-la-poste-di-cortina\/","og_site_name":"Bellunopress - Dolomiti","article_publisher":"https:\/\/www.facebook.com\/profile.php?id=100008943462799","article_published_time":"2023-11-15T10:22:17+00:00","article_modified_time":"2023-11-15T10:25:12+00:00","og_image":[{"width":800,"height":579,"url":"https:\/\/www.bellunopress.it\/wp-content\/uploads\/2021\/08\/Hotel-de-la-Poste-Cortina_edited.jpg","type":"image\/jpeg"}],"author":"redazione","twitter_card":"summary_large_image","twitter_creator":"@bellunopress","twitter_site":"@bellunopress","twitter_misc":{"Written by":"redazione","Est. reading time":"4 minutes"},"schema":{"@context":"https:\/\/schema.org","@graph":[{"@type":"Article","@id":"https:\/\/www.bellunopress.it\/2023\/11\/15\/omaggio-a-enrico-vanzina-dal-15-al-17-dicembre-2023-lhotel-de-la-poste-di-cortina\/#article","isPartOf":{"@id":"https:\/\/www.bellunopress.it\/2023\/11\/15\/omaggio-a-enrico-vanzina-dal-15-al-17-dicembre-2023-lhotel-de-la-poste-di-cortina\/"},"author":{"name":"redazione","@id":"https:\/\/www.bellunopress.it\/#\/schema\/person\/79bb06722b37ece1c03d3e94beb30d73"},"headline":"Omaggio a Enrico Vanzina. Dal 15 al 17 dicembre 2023 all&#8217;Hotel de la Poste di Cortina","datePublished":"2023-11-15T10:22:17+00:00","dateModified":"2023-11-15T10:25:12+00:00","mainEntityOfPage":{"@id":"https:\/\/www.bellunopress.it\/2023\/11\/15\/omaggio-a-enrico-vanzina-dal-15-al-17-dicembre-2023-lhotel-de-la-poste-di-cortina\/"},"wordCount":876,"publisher":{"@id":"https:\/\/www.bellunopress.it\/#organization"},"image":{"@id":"https:\/\/www.bellunopress.it\/2023\/11\/15\/omaggio-a-enrico-vanzina-dal-15-al-17-dicembre-2023-lhotel-de-la-poste-di-cortina\/#primaryimage"},"thumbnailUrl":"https:\/\/www.bellunopress.it\/wp-content\/uploads\/2021\/08\/Hotel-de-la-Poste-Cortina_edited.jpg","articleSection":["Appuntamenti, Eventi","Pausa Caff\u00e8","Sport, tempo libero"],"inLanguage":"fr-FR"},{"@type":"WebPage","@id":"https:\/\/www.bellunopress.it\/2023\/11\/15\/omaggio-a-enrico-vanzina-dal-15-al-17-dicembre-2023-lhotel-de-la-poste-di-cortina\/","url":"https:\/\/www.bellunopress.it\/2023\/11\/15\/omaggio-a-enrico-vanzina-dal-15-al-17-dicembre-2023-lhotel-de-la-poste-di-cortina\/","name":"Omaggio a Enrico Vanzina. Dal 15 al 17 dicembre 2023 all'Hotel de la Poste di Cortina - Bellunopress - Dolomiti","isPartOf":{"@id":"https:\/\/www.bellunopress.it\/#website"},"primaryImageOfPage":{"@id":"https:\/\/www.bellunopress.it\/2023\/11\/15\/omaggio-a-enrico-vanzina-dal-15-al-17-dicembre-2023-lhotel-de-la-poste-di-cortina\/#primaryimage"},"image":{"@id":"https:\/\/www.bellunopress.it\/2023\/11\/15\/omaggio-a-enrico-vanzina-dal-15-al-17-dicembre-2023-lhotel-de-la-poste-di-cortina\/#primaryimage"},"thumbnailUrl":"https:\/\/www.bellunopress.it\/wp-content\/uploads\/2021\/08\/Hotel-de-la-Poste-Cortina_edited.jpg","datePublished":"2023-11-15T10:22:17+00:00","dateModified":"2023-11-15T10:25:12+00:00","breadcrumb":{"@id":"https:\/\/www.bellunopress.it\/2023\/11\/15\/omaggio-a-enrico-vanzina-dal-15-al-17-dicembre-2023-lhotel-de-la-poste-di-cortina\/#breadcrumb"},"inLanguage":"fr-FR","potentialAction":[{"@type":"ReadAction","target":["https:\/\/www.bellunopress.it\/2023\/11\/15\/omaggio-a-enrico-vanzina-dal-15-al-17-dicembre-2023-lhotel-de-la-poste-di-cortina\/"]}]},{"@type":"ImageObject","inLanguage":"fr-FR","@id":"https:\/\/www.bellunopress.it\/2023\/11\/15\/omaggio-a-enrico-vanzina-dal-15-al-17-dicembre-2023-lhotel-de-la-poste-di-cortina\/#primaryimage","url":"https:\/\/www.bellunopress.it\/wp-content\/uploads\/2021\/08\/Hotel-de-la-Poste-Cortina_edited.jpg","contentUrl":"https:\/\/www.bellunopress.it\/wp-content\/uploads\/2021\/08\/Hotel-de-la-Poste-Cortina_edited.jpg","width":800,"height":579,"caption":"Hotel de la Poste - Cortina d'Ampezzo"},{"@type":"BreadcrumbList","@id":"https:\/\/www.bellunopress.it\/2023\/11\/15\/omaggio-a-enrico-vanzina-dal-15-al-17-dicembre-2023-lhotel-de-la-poste-di-cortina\/#breadcrumb","itemListElement":[{"@type":"ListItem","position":1,"name":"Home","item":"https:\/\/www.bellunopress.it\/"},{"@type":"ListItem","position":2,"name":"Omaggio a Enrico Vanzina. Dal 15 al 17 dicembre 2023 all&#8217;Hotel de la Poste di Cortina"}]},{"@type":"WebSite","@id":"https:\/\/www.bellunopress.it\/#website","url":"https:\/\/www.bellunopress.it\/","name":"Bellunopress - Dolomiti","description":"e-mail: redazione@bellunopress.it","publisher":{"@id":"https:\/\/www.bellunopress.it\/#organization"},"potentialAction":[{"@type":"SearchAction","target":{"@type":"EntryPoint","urlTemplate":"https:\/\/www.bellunopress.it\/?s={search_term_string}"},"query-input":{"@type":"PropertyValueSpecification","valueRequired":true,"valueName":"search_term_string"}}],"inLanguage":"fr-FR"},{"@type":"Organization","@id":"https:\/\/www.bellunopress.it\/#organization","name":"Bellunopress","url":"https:\/\/www.bellunopress.it\/","logo":{"@type":"ImageObject","inLanguage":"fr-FR","@id":"https:\/\/www.bellunopress.it\/#\/schema\/logo\/image\/","url":"https:\/\/www.bellunopress.it\/wp-content\/uploads\/2011\/05\/cropped-logo-bellunopress-.jpg","contentUrl":"https:\/\/www.bellunopress.it\/wp-content\/uploads\/2011\/05\/cropped-logo-bellunopress-.jpg","width":512,"height":512,"caption":"Bellunopress"},"image":{"@id":"https:\/\/www.bellunopress.it\/#\/schema\/logo\/image\/"},"sameAs":["https:\/\/www.facebook.com\/profile.php?id=100008943462799","https:\/\/x.com\/bellunopress","https:\/\/www.linkedin.com\/hp\/?dnr=JBzUWaJfMUw8vbXJJ2tVW5-I3jZKvC4wsoxE&amp;amp;amp;amp;amp;amp;trk=nav_responsive_tab_home","https:\/\/www.youtube.com\/channel\/UCxL0wu1uN0_3_7hGG0306cw"]},{"@type":"Person","@id":"https:\/\/www.bellunopress.it\/#\/schema\/person\/79bb06722b37ece1c03d3e94beb30d73","name":"r\u00e9daction","image":{"@type":"ImageObject","inLanguage":"fr-FR","@id":"https:\/\/secure.gravatar.com\/avatar\/37d968a2e67a6fd04c169c4bdef102d0bc5d31b2546345219e348575eb80e9a0?s=96&d=mm&r=g","url":"https:\/\/secure.gravatar.com\/avatar\/37d968a2e67a6fd04c169c4bdef102d0bc5d31b2546345219e348575eb80e9a0?s=96&d=mm&r=g","contentUrl":"https:\/\/secure.gravatar.com\/avatar\/37d968a2e67a6fd04c169c4bdef102d0bc5d31b2546345219e348575eb80e9a0?s=96&d=mm&r=g","caption":"redazione"},"sameAs":["http:\/\/www.bellunopress.it","https:\/\/x.com\/bellunopress"],"url":"https:\/\/www.bellunopress.it\/fr\/author\/redazione\/"}]}},"_links":{"self":[{"href":"https:\/\/www.bellunopress.it\/fr\/wp-json\/wp\/v2\/posts\/145919","targetHints":{"allow":["GET"]}}],"collection":[{"href":"https:\/\/www.bellunopress.it\/fr\/wp-json\/wp\/v2\/posts"}],"about":[{"href":"https:\/\/www.bellunopress.it\/fr\/wp-json\/wp\/v2\/types\/post"}],"author":[{"embeddable":true,"href":"https:\/\/www.bellunopress.it\/fr\/wp-json\/wp\/v2\/users\/2"}],"replies":[{"embeddable":true,"href":"https:\/\/www.bellunopress.it\/fr\/wp-json\/wp\/v2\/comments?post=145919"}],"version-history":[{"count":2,"href":"https:\/\/www.bellunopress.it\/fr\/wp-json\/wp\/v2\/posts\/145919\/revisions"}],"predecessor-version":[{"id":145921,"href":"https:\/\/www.bellunopress.it\/fr\/wp-json\/wp\/v2\/posts\/145919\/revisions\/145921"}],"wp:featuredmedia":[{"embeddable":true,"href":"https:\/\/www.bellunopress.it\/fr\/wp-json\/wp\/v2\/media\/127227"}],"wp:attachment":[{"href":"https:\/\/www.bellunopress.it\/fr\/wp-json\/wp\/v2\/media?parent=145919"}],"wp:term":[{"taxonomy":"category","embeddable":true,"href":"https:\/\/www.bellunopress.it\/fr\/wp-json\/wp\/v2\/categories?post=145919"},{"taxonomy":"post_tag","embeddable":true,"href":"https:\/\/www.bellunopress.it\/fr\/wp-json\/wp\/v2\/tags?post=145919"}],"curies":[{"name":"wp","href":"https:\/\/api.w.org\/{rel}","templated":true}]}}