{"id":145916,"date":"2023-11-19T15:32:34","date_gmt":"2023-11-19T14:32:34","guid":{"rendered":"https:\/\/www.bellunopress.it\/?p=145916"},"modified":"2023-11-19T15:32:49","modified_gmt":"2023-11-19T14:32:49","slug":"a-voce-alta-sabato-ore-16-in-sala-parrocchiale-di-cavarzano-un-femminicidio-accaduto-90-anni-fa","status":"publish","type":"post","link":"https:\/\/www.bellunopress.it\/fr\/2023\/11\/19\/a-voce-alta-sabato-ore-16-in-sala-parrocchiale-di-cavarzano-un-femminicidio-accaduto-90-anni-fa\/","title":{"rendered":"A voce alta. Sabato ore 16 a Cavarzano. Un femminicidio di 90 anni fa dalle sconcertati coincidenze con l&#8217;uccisione di Giulia Cecchettin"},"content":{"rendered":"<p><img loading=\"lazy\" decoding=\"async\" class=\"alignleft wp-image-145917\" src=\"https:\/\/www.bellunopress.it\/wp-content\/uploads\/2023\/11\/presentazione-25-nov-Emma-Canton-CGIL_edited.jpg\" alt=\"\" width=\"327\" height=\"469\" srcset=\"https:\/\/www.bellunopress.it\/wp-content\/uploads\/2023\/11\/presentazione-25-nov-Emma-Canton-CGIL_edited.jpg 543w, https:\/\/www.bellunopress.it\/wp-content\/uploads\/2023\/11\/presentazione-25-nov-Emma-Canton-CGIL_edited-349x500.jpg 349w\" sizes=\"auto, (max-width: 327px) 100vw, 327px\" \/><\/p>\n<p>Oggi siamo tutti a riflettere sulla sconcertante vicenda dell\u2019uccisione di Giulia Cecchettin, la 22enne laureanda accoltellata dal suo coetaneo ed ex fidanzato Filippo Turetta. Una vicenda accaduta in questi giorni a pochi chilometri da noi.<\/p>\n<p>Ebbene, ci sono purtroppo alcune devastanti coincidenze sul femminicidio di oggi e quello accaduto 90 anni fa a Sant\u2019Antonio Tortal quando la povera Emma Canton venne massacrata dal suo ex fidanzato Abele De Barba. Tutti e 4 i giovani hanno la stessa et\u00e0, 22 anni. Ricordate ci\u00f2 che ha detto Elena Cecchettin, sorella di Giulia: \u201cE\u2019 stato il vostro bravo ragazzo\u201d. Non \u00e8 cambiato nulla, oggi come un secolo fa \u00e8 sempre \u201cun bravo ragazzo\u201d l\u2019assassino come dissero la maggioranza dei testimoni nel 1933 a Sant&#8217;Antonio Tortal.<\/p>\n<p>Di femminicidio si parler\u00e0 a Belluno sabato pomeriggio 25 novembre alle ore 4, per la Giornata internazionale contro la violenza sulla donna, nella sala conferenze della Parrocchia di Cavarzano nell\u2019incontro dal titolo \u201cA voce alta\u201d organizzato dalla Cgil.<\/p>\n<p>Condurr\u00e0 l\u2019incontro Loredana Brug\u00e8 della Spi Cgil. Interverranno: Roberto De Nart, autore del libro \u201c<a href=\"https:\/\/www.amazon.it\/Omicidio-Emma-Canton-processuali-Archivio\/dp\/B0CFCZGXF5\/ref=sr_1_1?crid=RAUMI85ZQF3H&amp;keywords=omicidio+di+emma+canton&amp;qid=1700404227&amp;sprefix=%2Caps%2C102&amp;sr=8-1\">Omicidio di Emma Canton<\/a>\u201d tratto dagli atti processuali dell\u2019Archivio di Stato di Venezia, Anna Cubattoli presidente dell\u2019Associazione BellunoDonna, Piermario Fop dell\u2019Associazione Libera Veneto. Trarr\u00e0 le conclusioni la segretaria generale della Cgil Belluno Denise Casanova. Ci sar\u00e0 anche il Gruppo \u201cVoci di passaggio\u201d che dar\u00e0 lettura di alcuni passaggi del libro.<\/p>\n<p>Il libro, attraverso gli atti processuali dell\u2019Archivio di Stato di Venezia, ricostruisce il caso di un femminicidio accaduto 90 anni fa nella frazione di Sant\u2019Antonio Tortal. Emma Canton \u00e8 una ragazza di 22 anni che viene assassinata brutalmente nella notte tra sabato 4 e domenica 5 febbraio del 1933 dal suo coetaneo ed ex fidanzato Abele De Barba. Un omicidio orrendo per le modalit\u00e0 adottate dall\u2019assassino, reso ancor pi\u00f9 odioso perch\u00e9 Emma era incinta di due mesi a seguito della relazione, poi interrotta, con lo stesso ex fidanzato e carnefice. Otto mesi dopo il delitto la Corte d\u2019Assise di Belluno condanner\u00e0 all\u2019ergastolo Abele De Barba, per aver ucciso per motivi abbietti e con premeditazione la povera Emma Canton.<\/p>","protected":false},"excerpt":{"rendered":"<p>Oggi siamo tutti a riflettere sulla sconcertante vicenda dell\u2019uccisione di Giulia Cecchettin, la 22enne laureanda accoltellata dal suo coetaneo ed ex fidanzato Filippo Turetta. Una vicenda accaduta in questi giorni a pochi chilometri da noi. Ebbene, ci sono purtroppo alcune devastanti coincidenze sul femminicidio di oggi e quello accaduto 90 anni fa a Sant\u2019Antonio Tortal [&hellip;]<\/p>\n","protected":false},"author":2,"featured_media":145917,"comment_status":"closed","ping_status":"open","sticky":false,"template":"","format":"standard","meta":{"footnotes":""},"categories":[27,5,3446,25],"tags":[],"class_list":["post-145916","post","type-post","status-publish","format-standard","has-post-thumbnail","category-appuntamenti","category-cronaca","category-featured","category-pausa-caffe"],"yoast_head":"<!-- This site is optimized with the Yoast SEO plugin v28.4 - https:\/\/yoast.com\/product\/yoast-seo-wordpress\/ -->\n<title>A voce alta. Sabato ore 16 a Cavarzano. Un femminicidio di 90 anni fa dalle sconcertati coincidenze con l&#039;uccisione di Giulia Cecchettin - Bellunopress - Dolomiti<\/title>\n<meta name=\"robots\" content=\"index, follow, max-snippet:-1, max-image-preview:large, max-video-preview:-1\" \/>\n<link rel=\"canonical\" href=\"https:\/\/www.bellunopress.it\/fr\/2023\/11\/19\/a-voce-alta-sabato-ore-16-in-sala-parrocchiale-di-cavarzano-un-femminicidio-accaduto-90-anni-fa\/\" \/>\n<meta property=\"og:locale\" content=\"fr_FR\" \/>\n<meta property=\"og:type\" content=\"article\" \/>\n<meta property=\"og:title\" content=\"A voce alta. Sabato ore 16 a Cavarzano. Un femminicidio di 90 anni fa dalle sconcertati coincidenze con l&#039;uccisione di Giulia Cecchettin - Bellunopress - Dolomiti\" \/>\n<meta property=\"og:description\" content=\"Oggi siamo tutti a riflettere sulla sconcertante vicenda dell\u2019uccisione di Giulia Cecchettin, la 22enne laureanda accoltellata dal suo coetaneo ed ex fidanzato Filippo Turetta. Una vicenda accaduta in questi giorni a pochi chilometri da noi. Ebbene, ci sono purtroppo alcune devastanti coincidenze sul femminicidio di oggi e quello accaduto 90 anni fa a Sant\u2019Antonio Tortal [&hellip;]\" \/>\n<meta property=\"og:url\" content=\"https:\/\/www.bellunopress.it\/fr\/2023\/11\/19\/a-voce-alta-sabato-ore-16-in-sala-parrocchiale-di-cavarzano-un-femminicidio-accaduto-90-anni-fa\/\" \/>\n<meta property=\"og:site_name\" content=\"Bellunopress - Dolomiti\" \/>\n<meta property=\"article:publisher\" content=\"https:\/\/www.facebook.com\/profile.php?id=100008943462799\" \/>\n<meta property=\"article:published_time\" content=\"2023-11-19T14:32:34+00:00\" \/>\n<meta property=\"article:modified_time\" content=\"2023-11-19T14:32:49+00:00\" \/>\n<meta property=\"og:image\" content=\"https:\/\/www.bellunopress.it\/wp-content\/uploads\/2023\/11\/presentazione-25-nov-Emma-Canton-CGIL_edited.jpg\" \/>\n\t<meta property=\"og:image:width\" content=\"543\" \/>\n\t<meta property=\"og:image:height\" content=\"778\" \/>\n\t<meta property=\"og:image:type\" content=\"image\/jpeg\" \/>\n<meta name=\"author\" content=\"redazione\" \/>\n<meta name=\"twitter:card\" content=\"summary_large_image\" \/>\n<meta name=\"twitter:creator\" content=\"@bellunopress\" \/>\n<meta name=\"twitter:site\" content=\"@bellunopress\" \/>\n<meta name=\"twitter:label1\" content=\"\u00c9crit par\" \/>\n\t<meta name=\"twitter:data1\" content=\"redazione\" \/>\n\t<meta name=\"twitter:label2\" content=\"Dur\u00e9e de lecture estim\u00e9e\" \/>\n\t<meta name=\"twitter:data2\" content=\"2 minutes\" \/>\n<script type=\"application\/ld+json\" class=\"yoast-schema-graph\">{\"@context\":\"https:\\\/\\\/schema.org\",\"@graph\":[{\"@type\":\"Article\",\"@id\":\"https:\\\/\\\/www.bellunopress.it\\\/2023\\\/11\\\/19\\\/a-voce-alta-sabato-ore-16-in-sala-parrocchiale-di-cavarzano-un-femminicidio-accaduto-90-anni-fa\\\/#article\",\"isPartOf\":{\"@id\":\"https:\\\/\\\/www.bellunopress.it\\\/2023\\\/11\\\/19\\\/a-voce-alta-sabato-ore-16-in-sala-parrocchiale-di-cavarzano-un-femminicidio-accaduto-90-anni-fa\\\/\"},\"author\":{\"name\":\"redazione\",\"@id\":\"https:\\\/\\\/www.bellunopress.it\\\/#\\\/schema\\\/person\\\/79bb06722b37ece1c03d3e94beb30d73\"},\"headline\":\"A voce alta. Sabato ore 16 a Cavarzano. Un femminicidio di 90 anni fa dalle sconcertati coincidenze con l&#8217;uccisione di Giulia Cecchettin\",\"datePublished\":\"2023-11-19T14:32:34+00:00\",\"dateModified\":\"2023-11-19T14:32:49+00:00\",\"mainEntityOfPage\":{\"@id\":\"https:\\\/\\\/www.bellunopress.it\\\/2023\\\/11\\\/19\\\/a-voce-alta-sabato-ore-16-in-sala-parrocchiale-di-cavarzano-un-femminicidio-accaduto-90-anni-fa\\\/\"},\"wordCount\":363,\"publisher\":{\"@id\":\"https:\\\/\\\/www.bellunopress.it\\\/#organization\"},\"image\":{\"@id\":\"https:\\\/\\\/www.bellunopress.it\\\/2023\\\/11\\\/19\\\/a-voce-alta-sabato-ore-16-in-sala-parrocchiale-di-cavarzano-un-femminicidio-accaduto-90-anni-fa\\\/#primaryimage\"},\"thumbnailUrl\":\"https:\\\/\\\/www.bellunopress.it\\\/wp-content\\\/uploads\\\/2023\\\/11\\\/presentazione-25-nov-Emma-Canton-CGIL_edited.jpg\",\"articleSection\":[\"Appuntamenti, Eventi\",\"Cronaca\\\/Politica\",\"Featured\",\"Pausa Caff\u00e8\"],\"inLanguage\":\"fr-FR\"},{\"@type\":\"WebPage\",\"@id\":\"https:\\\/\\\/www.bellunopress.it\\\/2023\\\/11\\\/19\\\/a-voce-alta-sabato-ore-16-in-sala-parrocchiale-di-cavarzano-un-femminicidio-accaduto-90-anni-fa\\\/\",\"url\":\"https:\\\/\\\/www.bellunopress.it\\\/2023\\\/11\\\/19\\\/a-voce-alta-sabato-ore-16-in-sala-parrocchiale-di-cavarzano-un-femminicidio-accaduto-90-anni-fa\\\/\",\"name\":\"A voce alta. Sabato ore 16 a Cavarzano. Un femminicidio di 90 anni fa dalle sconcertati coincidenze con l'uccisione di Giulia Cecchettin - Bellunopress - Dolomiti\",\"isPartOf\":{\"@id\":\"https:\\\/\\\/www.bellunopress.it\\\/#website\"},\"primaryImageOfPage\":{\"@id\":\"https:\\\/\\\/www.bellunopress.it\\\/2023\\\/11\\\/19\\\/a-voce-alta-sabato-ore-16-in-sala-parrocchiale-di-cavarzano-un-femminicidio-accaduto-90-anni-fa\\\/#primaryimage\"},\"image\":{\"@id\":\"https:\\\/\\\/www.bellunopress.it\\\/2023\\\/11\\\/19\\\/a-voce-alta-sabato-ore-16-in-sala-parrocchiale-di-cavarzano-un-femminicidio-accaduto-90-anni-fa\\\/#primaryimage\"},\"thumbnailUrl\":\"https:\\\/\\\/www.bellunopress.it\\\/wp-content\\\/uploads\\\/2023\\\/11\\\/presentazione-25-nov-Emma-Canton-CGIL_edited.jpg\",\"datePublished\":\"2023-11-19T14:32:34+00:00\",\"dateModified\":\"2023-11-19T14:32:49+00:00\",\"breadcrumb\":{\"@id\":\"https:\\\/\\\/www.bellunopress.it\\\/2023\\\/11\\\/19\\\/a-voce-alta-sabato-ore-16-in-sala-parrocchiale-di-cavarzano-un-femminicidio-accaduto-90-anni-fa\\\/#breadcrumb\"},\"inLanguage\":\"fr-FR\",\"potentialAction\":[{\"@type\":\"ReadAction\",\"target\":[\"https:\\\/\\\/www.bellunopress.it\\\/2023\\\/11\\\/19\\\/a-voce-alta-sabato-ore-16-in-sala-parrocchiale-di-cavarzano-un-femminicidio-accaduto-90-anni-fa\\\/\"]}]},{\"@type\":\"ImageObject\",\"inLanguage\":\"fr-FR\",\"@id\":\"https:\\\/\\\/www.bellunopress.it\\\/2023\\\/11\\\/19\\\/a-voce-alta-sabato-ore-16-in-sala-parrocchiale-di-cavarzano-un-femminicidio-accaduto-90-anni-fa\\\/#primaryimage\",\"url\":\"https:\\\/\\\/www.bellunopress.it\\\/wp-content\\\/uploads\\\/2023\\\/11\\\/presentazione-25-nov-Emma-Canton-CGIL_edited.jpg\",\"contentUrl\":\"https:\\\/\\\/www.bellunopress.it\\\/wp-content\\\/uploads\\\/2023\\\/11\\\/presentazione-25-nov-Emma-Canton-CGIL_edited.jpg\",\"width\":543,\"height\":778},{\"@type\":\"BreadcrumbList\",\"@id\":\"https:\\\/\\\/www.bellunopress.it\\\/2023\\\/11\\\/19\\\/a-voce-alta-sabato-ore-16-in-sala-parrocchiale-di-cavarzano-un-femminicidio-accaduto-90-anni-fa\\\/#breadcrumb\",\"itemListElement\":[{\"@type\":\"ListItem\",\"position\":1,\"name\":\"Home\",\"item\":\"https:\\\/\\\/www.bellunopress.it\\\/\"},{\"@type\":\"ListItem\",\"position\":2,\"name\":\"A voce alta. Sabato ore 16 a Cavarzano. Un femminicidio di 90 anni fa dalle sconcertati coincidenze con l&#8217;uccisione di Giulia Cecchettin\"}]},{\"@type\":\"WebSite\",\"@id\":\"https:\\\/\\\/www.bellunopress.it\\\/#website\",\"url\":\"https:\\\/\\\/www.bellunopress.it\\\/\",\"name\":\"Bellunopress - Dolomiti\",\"description\":\"e-mail: redazione@bellunopress.it\",\"publisher\":{\"@id\":\"https:\\\/\\\/www.bellunopress.it\\\/#organization\"},\"potentialAction\":[{\"@type\":\"SearchAction\",\"target\":{\"@type\":\"EntryPoint\",\"urlTemplate\":\"https:\\\/\\\/www.bellunopress.it\\\/?s={search_term_string}\"},\"query-input\":{\"@type\":\"PropertyValueSpecification\",\"valueRequired\":true,\"valueName\":\"search_term_string\"}}],\"inLanguage\":\"fr-FR\"},{\"@type\":\"Organization\",\"@id\":\"https:\\\/\\\/www.bellunopress.it\\\/#organization\",\"name\":\"Bellunopress\",\"url\":\"https:\\\/\\\/www.bellunopress.it\\\/\",\"logo\":{\"@type\":\"ImageObject\",\"inLanguage\":\"fr-FR\",\"@id\":\"https:\\\/\\\/www.bellunopress.it\\\/#\\\/schema\\\/logo\\\/image\\\/\",\"url\":\"https:\\\/\\\/www.bellunopress.it\\\/wp-content\\\/uploads\\\/2011\\\/05\\\/cropped-logo-bellunopress-.jpg\",\"contentUrl\":\"https:\\\/\\\/www.bellunopress.it\\\/wp-content\\\/uploads\\\/2011\\\/05\\\/cropped-logo-bellunopress-.jpg\",\"width\":512,\"height\":512,\"caption\":\"Bellunopress\"},\"image\":{\"@id\":\"https:\\\/\\\/www.bellunopress.it\\\/#\\\/schema\\\/logo\\\/image\\\/\"},\"sameAs\":[\"https:\\\/\\\/www.facebook.com\\\/profile.php?id=100008943462799\",\"https:\\\/\\\/x.com\\\/bellunopress\",\"https:\\\/\\\/www.linkedin.com\\\/hp\\\/?dnr=JBzUWaJfMUw8vbXJJ2tVW5-I3jZKvC4wsoxE&amp;amp;amp;amp;amp;amp;trk=nav_responsive_tab_home\",\"https:\\\/\\\/www.youtube.com\\\/channel\\\/UCxL0wu1uN0_3_7hGG0306cw\"]},{\"@type\":\"Person\",\"@id\":\"https:\\\/\\\/www.bellunopress.it\\\/#\\\/schema\\\/person\\\/79bb06722b37ece1c03d3e94beb30d73\",\"name\":\"redazione\",\"image\":{\"@type\":\"ImageObject\",\"inLanguage\":\"fr-FR\",\"@id\":\"https:\\\/\\\/secure.gravatar.com\\\/avatar\\\/37d968a2e67a6fd04c169c4bdef102d0bc5d31b2546345219e348575eb80e9a0?s=96&d=mm&r=g\",\"url\":\"https:\\\/\\\/secure.gravatar.com\\\/avatar\\\/37d968a2e67a6fd04c169c4bdef102d0bc5d31b2546345219e348575eb80e9a0?s=96&d=mm&r=g\",\"contentUrl\":\"https:\\\/\\\/secure.gravatar.com\\\/avatar\\\/37d968a2e67a6fd04c169c4bdef102d0bc5d31b2546345219e348575eb80e9a0?s=96&d=mm&r=g\",\"caption\":\"redazione\"},\"sameAs\":[\"http:\\\/\\\/www.bellunopress.it\",\"https:\\\/\\\/x.com\\\/bellunopress\"],\"url\":\"https:\\\/\\\/www.bellunopress.it\\\/fr\\\/author\\\/redazione\\\/\"}]}<\/script>\n<!-- \/ Yoast SEO plugin. -->","yoast_head_json":{"title":"A voce alta. Sabato ore 16 a Cavarzano. Un femminicidio di 90 anni fa dalle sconcertati coincidenze con l'uccisione di Giulia Cecchettin - Bellunopress - Dolomiti","robots":{"index":"index","follow":"follow","max-snippet":"max-snippet:-1","max-image-preview":"max-image-preview:large","max-video-preview":"max-video-preview:-1"},"canonical":"https:\/\/www.bellunopress.it\/fr\/2023\/11\/19\/a-voce-alta-sabato-ore-16-in-sala-parrocchiale-di-cavarzano-un-femminicidio-accaduto-90-anni-fa\/","og_locale":"fr_FR","og_type":"article","og_title":"A voce alta. Sabato ore 16 a Cavarzano. Un femminicidio di 90 anni fa dalle sconcertati coincidenze con l'uccisione di Giulia Cecchettin - Bellunopress - Dolomiti","og_description":"Oggi siamo tutti a riflettere sulla sconcertante vicenda dell\u2019uccisione di Giulia Cecchettin, la 22enne laureanda accoltellata dal suo coetaneo ed ex fidanzato Filippo Turetta. Una vicenda accaduta in questi giorni a pochi chilometri da noi. Ebbene, ci sono purtroppo alcune devastanti coincidenze sul femminicidio di oggi e quello accaduto 90 anni fa a Sant\u2019Antonio Tortal [&hellip;]","og_url":"https:\/\/www.bellunopress.it\/fr\/2023\/11\/19\/a-voce-alta-sabato-ore-16-in-sala-parrocchiale-di-cavarzano-un-femminicidio-accaduto-90-anni-fa\/","og_site_name":"Bellunopress - Dolomiti","article_publisher":"https:\/\/www.facebook.com\/profile.php?id=100008943462799","article_published_time":"2023-11-19T14:32:34+00:00","article_modified_time":"2023-11-19T14:32:49+00:00","og_image":[{"width":543,"height":778,"url":"https:\/\/www.bellunopress.it\/wp-content\/uploads\/2023\/11\/presentazione-25-nov-Emma-Canton-CGIL_edited.jpg","type":"image\/jpeg"}],"author":"redazione","twitter_card":"summary_large_image","twitter_creator":"@bellunopress","twitter_site":"@bellunopress","twitter_misc":{"\u00c9crit par":"redazione","Dur\u00e9e de lecture estim\u00e9e":"2 minutes"},"schema":{"@context":"https:\/\/schema.org","@graph":[{"@type":"Article","@id":"https:\/\/www.bellunopress.it\/2023\/11\/19\/a-voce-alta-sabato-ore-16-in-sala-parrocchiale-di-cavarzano-un-femminicidio-accaduto-90-anni-fa\/#article","isPartOf":{"@id":"https:\/\/www.bellunopress.it\/2023\/11\/19\/a-voce-alta-sabato-ore-16-in-sala-parrocchiale-di-cavarzano-un-femminicidio-accaduto-90-anni-fa\/"},"author":{"name":"redazione","@id":"https:\/\/www.bellunopress.it\/#\/schema\/person\/79bb06722b37ece1c03d3e94beb30d73"},"headline":"A voce alta. Sabato ore 16 a Cavarzano. Un femminicidio di 90 anni fa dalle sconcertati coincidenze con l&#8217;uccisione di Giulia Cecchettin","datePublished":"2023-11-19T14:32:34+00:00","dateModified":"2023-11-19T14:32:49+00:00","mainEntityOfPage":{"@id":"https:\/\/www.bellunopress.it\/2023\/11\/19\/a-voce-alta-sabato-ore-16-in-sala-parrocchiale-di-cavarzano-un-femminicidio-accaduto-90-anni-fa\/"},"wordCount":363,"publisher":{"@id":"https:\/\/www.bellunopress.it\/#organization"},"image":{"@id":"https:\/\/www.bellunopress.it\/2023\/11\/19\/a-voce-alta-sabato-ore-16-in-sala-parrocchiale-di-cavarzano-un-femminicidio-accaduto-90-anni-fa\/#primaryimage"},"thumbnailUrl":"https:\/\/www.bellunopress.it\/wp-content\/uploads\/2023\/11\/presentazione-25-nov-Emma-Canton-CGIL_edited.jpg","articleSection":["Appuntamenti, Eventi","Cronaca\/Politica","Featured","Pausa Caff\u00e8"],"inLanguage":"fr-FR"},{"@type":"WebPage","@id":"https:\/\/www.bellunopress.it\/2023\/11\/19\/a-voce-alta-sabato-ore-16-in-sala-parrocchiale-di-cavarzano-un-femminicidio-accaduto-90-anni-fa\/","url":"https:\/\/www.bellunopress.it\/2023\/11\/19\/a-voce-alta-sabato-ore-16-in-sala-parrocchiale-di-cavarzano-un-femminicidio-accaduto-90-anni-fa\/","name":"A voce alta. Sabato ore 16 a Cavarzano. Un femminicidio di 90 anni fa dalle sconcertati coincidenze con l'uccisione di Giulia Cecchettin - Bellunopress - Dolomiti","isPartOf":{"@id":"https:\/\/www.bellunopress.it\/#website"},"primaryImageOfPage":{"@id":"https:\/\/www.bellunopress.it\/2023\/11\/19\/a-voce-alta-sabato-ore-16-in-sala-parrocchiale-di-cavarzano-un-femminicidio-accaduto-90-anni-fa\/#primaryimage"},"image":{"@id":"https:\/\/www.bellunopress.it\/2023\/11\/19\/a-voce-alta-sabato-ore-16-in-sala-parrocchiale-di-cavarzano-un-femminicidio-accaduto-90-anni-fa\/#primaryimage"},"thumbnailUrl":"https:\/\/www.bellunopress.it\/wp-content\/uploads\/2023\/11\/presentazione-25-nov-Emma-Canton-CGIL_edited.jpg","datePublished":"2023-11-19T14:32:34+00:00","dateModified":"2023-11-19T14:32:49+00:00","breadcrumb":{"@id":"https:\/\/www.bellunopress.it\/2023\/11\/19\/a-voce-alta-sabato-ore-16-in-sala-parrocchiale-di-cavarzano-un-femminicidio-accaduto-90-anni-fa\/#breadcrumb"},"inLanguage":"fr-FR","potentialAction":[{"@type":"ReadAction","target":["https:\/\/www.bellunopress.it\/2023\/11\/19\/a-voce-alta-sabato-ore-16-in-sala-parrocchiale-di-cavarzano-un-femminicidio-accaduto-90-anni-fa\/"]}]},{"@type":"ImageObject","inLanguage":"fr-FR","@id":"https:\/\/www.bellunopress.it\/2023\/11\/19\/a-voce-alta-sabato-ore-16-in-sala-parrocchiale-di-cavarzano-un-femminicidio-accaduto-90-anni-fa\/#primaryimage","url":"https:\/\/www.bellunopress.it\/wp-content\/uploads\/2023\/11\/presentazione-25-nov-Emma-Canton-CGIL_edited.jpg","contentUrl":"https:\/\/www.bellunopress.it\/wp-content\/uploads\/2023\/11\/presentazione-25-nov-Emma-Canton-CGIL_edited.jpg","width":543,"height":778},{"@type":"BreadcrumbList","@id":"https:\/\/www.bellunopress.it\/2023\/11\/19\/a-voce-alta-sabato-ore-16-in-sala-parrocchiale-di-cavarzano-un-femminicidio-accaduto-90-anni-fa\/#breadcrumb","itemListElement":[{"@type":"ListItem","position":1,"name":"Home","item":"https:\/\/www.bellunopress.it\/"},{"@type":"ListItem","position":2,"name":"A voce alta. Sabato ore 16 a Cavarzano. Un femminicidio di 90 anni fa dalle sconcertati coincidenze con l&#8217;uccisione di Giulia Cecchettin"}]},{"@type":"WebSite","@id":"https:\/\/www.bellunopress.it\/#website","url":"https:\/\/www.bellunopress.it\/","name":"Bellunopress - Dolomiti","description":"e-mail: redazione@bellunopress.it","publisher":{"@id":"https:\/\/www.bellunopress.it\/#organization"},"potentialAction":[{"@type":"SearchAction","target":{"@type":"EntryPoint","urlTemplate":"https:\/\/www.bellunopress.it\/?s={search_term_string}"},"query-input":{"@type":"PropertyValueSpecification","valueRequired":true,"valueName":"search_term_string"}}],"inLanguage":"fr-FR"},{"@type":"Organization","@id":"https:\/\/www.bellunopress.it\/#organization","name":"Bellunopress","url":"https:\/\/www.bellunopress.it\/","logo":{"@type":"ImageObject","inLanguage":"fr-FR","@id":"https:\/\/www.bellunopress.it\/#\/schema\/logo\/image\/","url":"https:\/\/www.bellunopress.it\/wp-content\/uploads\/2011\/05\/cropped-logo-bellunopress-.jpg","contentUrl":"https:\/\/www.bellunopress.it\/wp-content\/uploads\/2011\/05\/cropped-logo-bellunopress-.jpg","width":512,"height":512,"caption":"Bellunopress"},"image":{"@id":"https:\/\/www.bellunopress.it\/#\/schema\/logo\/image\/"},"sameAs":["https:\/\/www.facebook.com\/profile.php?id=100008943462799","https:\/\/x.com\/bellunopress","https:\/\/www.linkedin.com\/hp\/?dnr=JBzUWaJfMUw8vbXJJ2tVW5-I3jZKvC4wsoxE&amp;amp;amp;amp;amp;amp;trk=nav_responsive_tab_home","https:\/\/www.youtube.com\/channel\/UCxL0wu1uN0_3_7hGG0306cw"]},{"@type":"Person","@id":"https:\/\/www.bellunopress.it\/#\/schema\/person\/79bb06722b37ece1c03d3e94beb30d73","name":"r\u00e9daction","image":{"@type":"ImageObject","inLanguage":"fr-FR","@id":"https:\/\/secure.gravatar.com\/avatar\/37d968a2e67a6fd04c169c4bdef102d0bc5d31b2546345219e348575eb80e9a0?s=96&d=mm&r=g","url":"https:\/\/secure.gravatar.com\/avatar\/37d968a2e67a6fd04c169c4bdef102d0bc5d31b2546345219e348575eb80e9a0?s=96&d=mm&r=g","contentUrl":"https:\/\/secure.gravatar.com\/avatar\/37d968a2e67a6fd04c169c4bdef102d0bc5d31b2546345219e348575eb80e9a0?s=96&d=mm&r=g","caption":"redazione"},"sameAs":["http:\/\/www.bellunopress.it","https:\/\/x.com\/bellunopress"],"url":"https:\/\/www.bellunopress.it\/fr\/author\/redazione\/"}]}},"_links":{"self":[{"href":"https:\/\/www.bellunopress.it\/fr\/wp-json\/wp\/v2\/posts\/145916","targetHints":{"allow":["GET"]}}],"collection":[{"href":"https:\/\/www.bellunopress.it\/fr\/wp-json\/wp\/v2\/posts"}],"about":[{"href":"https:\/\/www.bellunopress.it\/fr\/wp-json\/wp\/v2\/types\/post"}],"author":[{"embeddable":true,"href":"https:\/\/www.bellunopress.it\/fr\/wp-json\/wp\/v2\/users\/2"}],"replies":[{"embeddable":true,"href":"https:\/\/www.bellunopress.it\/fr\/wp-json\/wp\/v2\/comments?post=145916"}],"version-history":[{"count":5,"href":"https:\/\/www.bellunopress.it\/fr\/wp-json\/wp\/v2\/posts\/145916\/revisions"}],"predecessor-version":[{"id":146028,"href":"https:\/\/www.bellunopress.it\/fr\/wp-json\/wp\/v2\/posts\/145916\/revisions\/146028"}],"wp:featuredmedia":[{"embeddable":true,"href":"https:\/\/www.bellunopress.it\/fr\/wp-json\/wp\/v2\/media\/145917"}],"wp:attachment":[{"href":"https:\/\/www.bellunopress.it\/fr\/wp-json\/wp\/v2\/media?parent=145916"}],"wp:term":[{"taxonomy":"category","embeddable":true,"href":"https:\/\/www.bellunopress.it\/fr\/wp-json\/wp\/v2\/categories?post=145916"},{"taxonomy":"post_tag","embeddable":true,"href":"https:\/\/www.bellunopress.it\/fr\/wp-json\/wp\/v2\/tags?post=145916"}],"curies":[{"name":"wp","href":"https:\/\/api.w.org\/{rel}","templated":true}]}}