{"id":145909,"date":"2023-11-14T16:27:12","date_gmt":"2023-11-14T15:27:12","guid":{"rendered":"https:\/\/www.bellunopress.it\/?p=145909"},"modified":"2023-11-14T16:27:12","modified_gmt":"2023-11-14T15:27:12","slug":"manifatturiero-3-trimestre-2023-ancora-in-flessione-pozza-trimestre-negativo-riconducibile-al-post-pandemia-eventi-bellici-rincari-energetici","status":"publish","type":"post","link":"https:\/\/www.bellunopress.it\/fr\/2023\/11\/14\/manifatturiero-3-trimestre-2023-ancora-in-flessione-pozza-trimestre-negativo-riconducibile-al-post-pandemia-eventi-bellici-rincari-energetici\/","title":{"rendered":"Manifatturiero 3\u00b0 trimestre 2023 ancora in flessione. Pozza: &#8220;Trimestre negativo, riconducibile al post-pandemia, eventi bellici, rincari energetici&#8221;"},"content":{"rendered":"<figure id=\"attachment_145120\" aria-describedby=\"caption-attachment-145120\" style=\"width: 1000px\" class=\"wp-caption alignleft\"><img loading=\"lazy\" decoding=\"async\" class=\"size-full wp-image-145120\" src=\"https:\/\/www.bellunopress.it\/wp-content\/uploads\/2023\/10\/Mario-Pozza_edited.jpg\" alt=\"\" width=\"1000\" height=\"800\" srcset=\"https:\/\/www.bellunopress.it\/wp-content\/uploads\/2023\/10\/Mario-Pozza_edited.jpg 1000w, https:\/\/www.bellunopress.it\/wp-content\/uploads\/2023\/10\/Mario-Pozza_edited-500x400.jpg 500w, https:\/\/www.bellunopress.it\/wp-content\/uploads\/2023\/10\/Mario-Pozza_edited-696x557.jpg 696w\" sizes=\"auto, (max-width: 1000px) 100vw, 1000px\" \/><figcaption id=\"caption-attachment-145120\" class=\"wp-caption-text\">Mario Pozza &#8211; Presidente Camera di Commercio Treviso\/Belluno<\/figcaption><\/figure>\n<p>Treviso, 14 novembre 2023 &#8211; &#8220;Anche nel terzo trimestre 2023 prosegue il rallentamento dell\u2019industria manifatturiera trevigiana e bellunese, come gi\u00e0 evidenziato nella survey di giugno&#8221; commenta il Presidente della Camera di Commercio di Treviso-Belluno, Mario Pozza.<\/p>\n<p>&#8220;Siamo di fronte ad un trimestre negativo sia per produzione e fatturato che per raccolta nuovi ordini \u2013 non fa giri di parole il Presidente &#8211; . Ci tengo tuttavia a segnalare che da alcuni indicatori meno congiunturali (tenuta sostanziale del portafoglio ordini, previsioni per il quarto trimestre pi\u00f9 all\u2019insegna dell\u2019incertezza che del pessimismo) emerge un quadro ancora riconducibile ad uno scenario di \u201cnormalizzazione\u201d del ciclo economico, dopo due anni concitati di ripartenza post-pandemia, di settori sostenuti da politiche fiscali espansive, di funzionamenti anomali delle catene del valore anche a causa degli eventi bellici e dei rincari energetici.<\/p>\n<p>Certamente &#8211; aggiunge Pozza &#8211; si tratta di una \u201cnormalizzazione\u201d incompiuta, continuamente esposta ad ulteriori fattori di perturbazione (vedi conflitto fra Gaza ed Israele), con effetti asimmetrici fra settori. Il campione interpellato ci restituisce un\u2019immagine alquanto nitida al riguardo, evidenziando la maggiore sofferenza dei settori legati ai beni di consumo (sui quali impatta l\u2019inflazione), rispetto a quelli legati ai beni d\u2019investimento che, nonostante il perdurare dei tassi d\u2019interesse alti, si avvantaggiano anche di una maggiore apertura internazionale, e dunque di una maggiore diversificazione del rischio mercati. Nonostante tutto, il settore dei macchinari industriali \u2013 spiega il Presidente \u2013 presenta produzione e raccolta ordini in territorio positivo su base annua, sebbene non sfugga anch\u2019esso a flessioni sul piano congiunturale, rispetto al trimestre precedente.<\/p>\n<p>Come dicevo, le previsioni per il quarto trimestre sono all\u2019insegna dell\u2019incertezza \u2013 continua Pozza: le imprese non vedono \u201cnero\u201d, per\u00f2 mi dicono che non hanno visibilit\u00e0 sul futuro, gli scenari geoeconomici sono molto complicati, e quindi \u00e8 messa alla frusta la programmazione industriale, che deve saper incorporare \u201cpiani B o piani C\u201d, con tutto ci\u00f2 che questo comporta.<\/p>\n<p>Forse proprio in virt\u00f9 di questa situazione, per affrontare questi scenari avversi \u2013 continua Pozza \u2013 le imprese manifatturiere venete hanno continuato ad investire in alcune frontiere tecnologiche legate alla digitalizzazione. Sono infatti molto interessanti, e rincuoranti, i risultati emersi da una ricerca, co-progettata tra Centro Studi Unioncamere Veneto e Universit\u00e0 Ca\u2019 Foscari di Venezia, che periodicamente va a verificare lo stato di adozione delle tecnologie digitali nelle imprese manifatturiere venete. I primi dati emblematici che voglio evidenziare sono i seguenti: nel 2017 solo 1\/3 delle imprese manifatturiere venete adottava tecnologie 4.0, oggi siamo passati ai 2\/3 delle imprese. Ma c\u2019\u00e8 di pi\u00f9: cinque anni fa solo il 15% delle imprese optava per un mix complesso di tecnologie digitali. Oggi quasi 1 impresa su 2 adotta pacchetti complessi di tecnologie. A sostegno di cosa? Automazione versatile dei processi e strumenti di business intelligence: quelli che permettono di decidere nell\u2019incertezza.<\/p>\n<p>Certo \u2013 conclude il Presidente \u2013 questa situazione d\u2019incertezza sui mercati ci preoccupa, non riguarda solo l\u2019Italia, ne ho avuto testimonianza anche nelle conversazioni e negli incontri istituzionali, in occasione delle mie missioni all\u2019estero a Chicago e New York. L\u2019invito che rivolgo alle imprese \u00e8 di andare oltre il nostro mercato europeo, che ormai si delinea quale mercato domestico, e oltre a quelli gi\u00e0 consolidati, come gli Stati Uniti, che pur offrono ancora tante opportunit\u00e0, per individuare nuovi mercati. Pu\u00f2 essere, infatti, di rilevanza strategica commerciale, considerare Paesi come l\u2019Australia, l\u2019India, l\u2019America Latina, la Cina. Sono mercati con acquirenti che possono spendere. Il Made in Italy, infatti, si rivolge ad un target di alta gamma, ed \u00e8 proprio questo target che dobbiamo intercettare. Ogni mercato &#8211; evidenzia il Presidente Pozza &#8211; deve essere affrontato con assoluta preparazione e cognizione di causa per ridurre il rischio d&#8217;impresa. Il Sistema camerale c\u2019\u00e8 con Venicepromex e con le Camere di Commercio Italiane all\u2019estero per accompagnare il Made in Italy nel mondo&#8221;.<\/p>\n<p><strong>La dinamica del manifatturiero trevigiano e bellunese<\/strong><br \/>\nNel quadro degli scenari sopra descritti, non destano sorprese i risultati del monitoraggio congiunturale condotto sul manifatturiero regionale, trevigiano e bellunese per il terzo trimestre 2023: i segnali di rallentamento gi\u00e0 evidenziati nelle precedenti survey di marzo e giugno proseguono e si estendono a tutti gli indicatori. Tutte le variazioni, congiunturali (sul trimestre precedente) e tendenziali (su base annua), si portano in territorio negativo.<br \/>\nIl rallentamento della produzione nel manifatturiero trevigiano \u00e8 ben simboleggiato dal grado di utilizzo degli impianti. Dopo 10 trimestri consecutivi in cui, a Treviso, questo indicatore si attestava quasi sempre sopra il 74% (superando il 78% giusto nel quarto trimestre 2022), ora si riposiziona al 68%. La variazione congiunturale conosce una robusta frenata (-7,4%, ma parliamo pur sempre di un trimestre estivo, dove in tempi \u201cnormali\u201d queste flessioni stagionali erano la regola: accadeva anche nel 2019). La variazione tendenziale, pi\u00f9 significativa, risulta del -2,2% (era peggiore lo scorso trimestre, del -5,3%).<br \/>\nIn frenata anche il fatturato: -7,2% la variazione congiunturale, -1,6% quella tendenziale (anche in questo caso era peggiore la tendenziale registrata a giugno, del -5,9%). Occorre avvertire che su questo indicatore, oltre all\u2019andamento effettivo delle vendite, sta incidendo anche una dinamica di rientro dei prezzi all\u2019industria, permesso dall\u2019attenuazione delle tensioni sui costi lato offerta materie prime (vediamo se rimesso in discussione, per gli energetici, dal nuovo fronte bellico).<br \/>\nResta debole la dinamica di raccolta dei nuovi ordinativi. Su base annua di evidenzia una flessione del -3,5% dei nuovi ordini dal mercato interno, e del -6,2% per quelli dal mercato estero. La lunghezza del portafoglio ordini, ad ogni modo, non va incontro a smottamenti: l\u2019orizzonte di produzione assicurato passa dai 56 giorni di giugno agli attuali 53,7. Il confronto non va fatto con il picco di 76 giorni del primo trimestre 2022, del tutto anomalo perch\u00e9 in piena crisi degli approvvigionamenti, ma con il dato medio del biennio 2018-2019, in linea con il dato attuale.<br \/>\nQuesta \u201ctenuta\u201d fa il paio con le previsioni rilasciate dagli imprenditori intervistati per il quarto trimestre 2023: che sull\u2019andamento della domanda non fanno propriamente salti di gioia, ma neppure vedono \u201cnero\u201d all\u2019unanimit\u00e0. In realt\u00e0 i giudizi quasi si equidistribuiscono fra crescita, stazionariet\u00e0 e flessione, all\u2019insegna dell\u2019attendismo e di quello che potremo definire una \u201cnon chiara visione\u201d di quello che potr\u00e0 accadere nel futuro, considerati i molteplici fronti di incertezza presenti nello scenario internazionale.<br \/>\nI dati sono emblematici al riguardo: per la domanda interna un 36% degli intervistati scommette per la crescita, una pari quota vede il mercato fermo, un 29% ritiene invece che si andr\u00e0 incontro ad un\u2019ulteriore contrazione. Per la domanda estera la maggioranza degli intervistati (39%) considera il mercato fermo, pi\u00f9 di un terzo per\u00f2 (34%) scommette per una sua crescita, un 27% si posiziona dal lato opposto, temendo ancora flessioni.<br \/>\nLe previsioni per fatturato e produzione non sono esenti da questa incertezza di fondo, pur con un\u2019indicazione pi\u00f9 netta di ripartenza in positivo: quasi il 39% degli intervistati scommette per un aumento della produzione (a fronte di un 30% di pessimisti); quasi il 43% degli intervistati scommette per un aumento del fatturato (a fronte di un 29% di pessimisti).<\/p>\n<p>A Belluno le dinamiche di fondo della produzione sono analoghe a quelle della Marca Trevigiana, pur con le maggiori fluttuazioni stagionali dovute all\u2019occhialeria e con variazioni pi\u00f9 accentuate a causa della ridotta numerosit\u00e0 del campione, come ricordiamo ogni volta. Fa fede soprattutto, a nostro avviso, il grado di utilizzo degli impianti: oggi al 67,6%, quando nello stesso trimestre dell\u2019anno scorso era 5 punti sopra. Ma vale per Belluno la stessa osservazione fatta per Treviso: dal primo trimestre 2021 al quarto trimestre 2022 questo indicatore si era mantenuto quasi sempre sopra il 73%, con punte anche del 77%. Dopo questa effervescenza, la frenata trova ancor pi\u00f9 amplificazione, sul piano statistico, e si traduce in una contrazione su base annua della produzione del -7,0%.<br \/>\nIn contrazione, sempre su base annua, anche il fatturato (-4,5%), mentre la variazione congiunturale risente della stagionalit\u00e0 (principalmente dell\u2019occhialeria) e non differisce per intensit\u00e0 da quanto registrato lo scorso anno, come anche nel 2019.<br \/>\nSi evidenzia inoltre un calo importante della raccolta ordini dal mercato estero (-8,9%): il dato, sempre su base annua, non trova riscontro nel recente passato, guardando alle dinamiche del terzo trimestre nel 2022 o nell\u2019anno prima di Covid. Al contrario, si mantiene in territorio positivo la raccolta ordini dal mercato nazionale, pur con un incremento moderato (+2,5%, parliamo sempre di variazione tendenziale annua). Questi andamenti incrociati della domanda non intaccano nel breve il portafoglio ordini, che ancora assicura 53,7 giorni di produzione, in linea con quanto rilevato lo scorso trimestre. Netta per\u00f2 la discontinuit\u00e0 rispetto a settembre di un anno fa, quando i giorni di produzione assicurati erano 62,3, quasi 10 in pi\u00f9 di quanto segnalato oggi dalle imprese.<br \/>\nLe previsioni raccolte dagli imprenditori bellunesi per l\u2019ultimo trimestre dell\u2019anno, come visto per Treviso, non sono pessimiste, ma guardano al futuro in modo prudente. Su produzione, fatturato e domanda interna oltre il 41% degli intervistati si sbilancia per una moderata crescita di questi indicatori, a fronte per\u00f2 di quote significative, bench\u00e9 inferiori, di giudizi orientati alla flessione: 1 impresa su 3 prevede il fatturato in contrazione, 1 impresa su 4 prevede una raccolta ordini dal mercato interno in contrazione. A mezza via si collocano i \u201cpessimisti\u201d sulla produzione (28% degli intervistati).<br \/>\nPer il manifatturiero bellunese l\u2019indicatore che sembra soffrire di pi\u00f9 dell\u2019incertezza sul futuro \u00e8 la domanda estera. Qui la polarizzazione dei giudizi \u00e8 quanto mai emblematica: un 36% di imprese scommette per una sua (moderata) crescita, a fronte di una quota di imprese lievemente superiore (37%) che fornisce giudizi scettici, di possibile contrazione della domanda. Va per\u00f2 evidenziato che a giugno lo sbilanciamento sulle indicazioni pessimiste era molto pi\u00f9 netto: allora il saldo fra giudizi di crescita e flessione era di -22 punti percentuali, mentre a settembre si porta quasi in equilibrio (-0,8 punti percentuali). Risale di oltre 13 punti percentuali (dal 22,5% al 35,9%) la quota degli \u201cottimisti\u201d, e al contempo si riduce di 8 punti percentuali (dal 44,7% al 36,8%) la quota dei \u201cpessimisti\u201d.<\/p>\n<p>&nbsp;<\/p>\n<p>&nbsp;<\/p>\n<p>&nbsp;<\/p>","protected":false},"excerpt":{"rendered":"<p>Treviso, 14 novembre 2023 &#8211; &#8220;Anche nel terzo trimestre 2023 prosegue il rallentamento dell\u2019industria manifatturiera trevigiana e bellunese, come gi\u00e0 evidenziato nella survey di giugno&#8221; commenta il Presidente della Camera di Commercio di Treviso-Belluno, Mario Pozza. &#8220;Siamo di fronte ad un trimestre negativo sia per produzione e fatturato che per raccolta nuovi ordini \u2013 non [&hellip;]<\/p>\n","protected":false},"author":2,"featured_media":145120,"comment_status":"closed","ping_status":"open","sticky":false,"template":"","format":"standard","meta":{"footnotes":""},"categories":[36,26],"tags":[],"class_list":["post-145909","post","type-post","status-publish","format-standard","has-post-thumbnail","category-lavoro-economia","category-prima-pagina"],"yoast_head":"<!-- This site is optimized with the Yoast SEO plugin v28.4 - https:\/\/yoast.com\/product\/yoast-seo-wordpress\/ -->\n<title>Manifatturiero 3\u00b0 trimestre 2023 ancora in flessione. Pozza: &quot;Trimestre negativo, riconducibile al post-pandemia, eventi bellici, rincari energetici&quot; - Bellunopress - Dolomiti<\/title>\n<meta name=\"robots\" content=\"index, follow, max-snippet:-1, max-image-preview:large, max-video-preview:-1\" \/>\n<link rel=\"canonical\" href=\"https:\/\/www.bellunopress.it\/fr\/2023\/11\/14\/manifatturiero-3-trimestre-2023-ancora-in-flessione-pozza-trimestre-negativo-riconducibile-al-post-pandemia-eventi-bellici-rincari-energetici\/\" \/>\n<meta property=\"og:locale\" content=\"fr_FR\" \/>\n<meta property=\"og:type\" content=\"article\" \/>\n<meta property=\"og:title\" content=\"Manifatturiero 3\u00b0 trimestre 2023 ancora in flessione. Pozza: &quot;Trimestre negativo, riconducibile al post-pandemia, eventi bellici, rincari energetici&quot; - Bellunopress - Dolomiti\" \/>\n<meta property=\"og:description\" content=\"Treviso, 14 novembre 2023 &#8211; &#8220;Anche nel terzo trimestre 2023 prosegue il rallentamento dell\u2019industria manifatturiera trevigiana e bellunese, come gi\u00e0 evidenziato nella survey di giugno&#8221; commenta il Presidente della Camera di Commercio di Treviso-Belluno, Mario Pozza. &#8220;Siamo di fronte ad un trimestre negativo sia per produzione e fatturato che per raccolta nuovi ordini \u2013 non [&hellip;]\" \/>\n<meta property=\"og:url\" content=\"https:\/\/www.bellunopress.it\/fr\/2023\/11\/14\/manifatturiero-3-trimestre-2023-ancora-in-flessione-pozza-trimestre-negativo-riconducibile-al-post-pandemia-eventi-bellici-rincari-energetici\/\" \/>\n<meta property=\"og:site_name\" content=\"Bellunopress - Dolomiti\" \/>\n<meta property=\"article:publisher\" content=\"https:\/\/www.facebook.com\/profile.php?id=100008943462799\" \/>\n<meta property=\"article:published_time\" content=\"2023-11-14T15:27:12+00:00\" \/>\n<meta property=\"og:image\" content=\"https:\/\/www.bellunopress.it\/wp-content\/uploads\/2023\/10\/Mario-Pozza_edited.jpg\" \/>\n\t<meta property=\"og:image:width\" content=\"1000\" \/>\n\t<meta property=\"og:image:height\" content=\"800\" \/>\n\t<meta property=\"og:image:type\" content=\"image\/jpeg\" \/>\n<meta name=\"author\" content=\"redazione\" \/>\n<meta name=\"twitter:card\" content=\"summary_large_image\" \/>\n<meta name=\"twitter:creator\" content=\"@bellunopress\" \/>\n<meta name=\"twitter:site\" content=\"@bellunopress\" \/>\n<meta name=\"twitter:label1\" content=\"Written by\" \/>\n\t<meta name=\"twitter:data1\" content=\"redazione\" \/>\n\t<meta name=\"twitter:label2\" content=\"Est. reading time\" \/>\n\t<meta name=\"twitter:data2\" content=\"8 minutes\" \/>\n<script type=\"application\/ld+json\" class=\"yoast-schema-graph\">{\"@context\":\"https:\\\/\\\/schema.org\",\"@graph\":[{\"@type\":\"Article\",\"@id\":\"https:\\\/\\\/www.bellunopress.it\\\/2023\\\/11\\\/14\\\/manifatturiero-3-trimestre-2023-ancora-in-flessione-pozza-trimestre-negativo-riconducibile-al-post-pandemia-eventi-bellici-rincari-energetici\\\/#article\",\"isPartOf\":{\"@id\":\"https:\\\/\\\/www.bellunopress.it\\\/2023\\\/11\\\/14\\\/manifatturiero-3-trimestre-2023-ancora-in-flessione-pozza-trimestre-negativo-riconducibile-al-post-pandemia-eventi-bellici-rincari-energetici\\\/\"},\"author\":{\"name\":\"redazione\",\"@id\":\"https:\\\/\\\/www.bellunopress.it\\\/#\\\/schema\\\/person\\\/79bb06722b37ece1c03d3e94beb30d73\"},\"headline\":\"Manifatturiero 3\u00b0 trimestre 2023 ancora in flessione. Pozza: &#8220;Trimestre negativo, riconducibile al post-pandemia, eventi bellici, rincari energetici&#8221;\",\"datePublished\":\"2023-11-14T15:27:12+00:00\",\"mainEntityOfPage\":{\"@id\":\"https:\\\/\\\/www.bellunopress.it\\\/2023\\\/11\\\/14\\\/manifatturiero-3-trimestre-2023-ancora-in-flessione-pozza-trimestre-negativo-riconducibile-al-post-pandemia-eventi-bellici-rincari-energetici\\\/\"},\"wordCount\":1651,\"publisher\":{\"@id\":\"https:\\\/\\\/www.bellunopress.it\\\/#organization\"},\"image\":{\"@id\":\"https:\\\/\\\/www.bellunopress.it\\\/2023\\\/11\\\/14\\\/manifatturiero-3-trimestre-2023-ancora-in-flessione-pozza-trimestre-negativo-riconducibile-al-post-pandemia-eventi-bellici-rincari-energetici\\\/#primaryimage\"},\"thumbnailUrl\":\"https:\\\/\\\/www.bellunopress.it\\\/wp-content\\\/uploads\\\/2023\\\/10\\\/Mario-Pozza_edited.jpg\",\"articleSection\":[\"Lavoro, Economia, Turismo\",\"Prima Pagina\"],\"inLanguage\":\"fr-FR\"},{\"@type\":\"WebPage\",\"@id\":\"https:\\\/\\\/www.bellunopress.it\\\/2023\\\/11\\\/14\\\/manifatturiero-3-trimestre-2023-ancora-in-flessione-pozza-trimestre-negativo-riconducibile-al-post-pandemia-eventi-bellici-rincari-energetici\\\/\",\"url\":\"https:\\\/\\\/www.bellunopress.it\\\/2023\\\/11\\\/14\\\/manifatturiero-3-trimestre-2023-ancora-in-flessione-pozza-trimestre-negativo-riconducibile-al-post-pandemia-eventi-bellici-rincari-energetici\\\/\",\"name\":\"Manifatturiero 3\u00b0 trimestre 2023 ancora in flessione. Pozza: \\\"Trimestre negativo, riconducibile al post-pandemia, eventi bellici, rincari energetici\\\" - Bellunopress - Dolomiti\",\"isPartOf\":{\"@id\":\"https:\\\/\\\/www.bellunopress.it\\\/#website\"},\"primaryImageOfPage\":{\"@id\":\"https:\\\/\\\/www.bellunopress.it\\\/2023\\\/11\\\/14\\\/manifatturiero-3-trimestre-2023-ancora-in-flessione-pozza-trimestre-negativo-riconducibile-al-post-pandemia-eventi-bellici-rincari-energetici\\\/#primaryimage\"},\"image\":{\"@id\":\"https:\\\/\\\/www.bellunopress.it\\\/2023\\\/11\\\/14\\\/manifatturiero-3-trimestre-2023-ancora-in-flessione-pozza-trimestre-negativo-riconducibile-al-post-pandemia-eventi-bellici-rincari-energetici\\\/#primaryimage\"},\"thumbnailUrl\":\"https:\\\/\\\/www.bellunopress.it\\\/wp-content\\\/uploads\\\/2023\\\/10\\\/Mario-Pozza_edited.jpg\",\"datePublished\":\"2023-11-14T15:27:12+00:00\",\"breadcrumb\":{\"@id\":\"https:\\\/\\\/www.bellunopress.it\\\/2023\\\/11\\\/14\\\/manifatturiero-3-trimestre-2023-ancora-in-flessione-pozza-trimestre-negativo-riconducibile-al-post-pandemia-eventi-bellici-rincari-energetici\\\/#breadcrumb\"},\"inLanguage\":\"fr-FR\",\"potentialAction\":[{\"@type\":\"ReadAction\",\"target\":[\"https:\\\/\\\/www.bellunopress.it\\\/2023\\\/11\\\/14\\\/manifatturiero-3-trimestre-2023-ancora-in-flessione-pozza-trimestre-negativo-riconducibile-al-post-pandemia-eventi-bellici-rincari-energetici\\\/\"]}]},{\"@type\":\"ImageObject\",\"inLanguage\":\"fr-FR\",\"@id\":\"https:\\\/\\\/www.bellunopress.it\\\/2023\\\/11\\\/14\\\/manifatturiero-3-trimestre-2023-ancora-in-flessione-pozza-trimestre-negativo-riconducibile-al-post-pandemia-eventi-bellici-rincari-energetici\\\/#primaryimage\",\"url\":\"https:\\\/\\\/www.bellunopress.it\\\/wp-content\\\/uploads\\\/2023\\\/10\\\/Mario-Pozza_edited.jpg\",\"contentUrl\":\"https:\\\/\\\/www.bellunopress.it\\\/wp-content\\\/uploads\\\/2023\\\/10\\\/Mario-Pozza_edited.jpg\",\"width\":1000,\"height\":800,\"caption\":\"Mario Pozza - Presidente Camera di Commercio Treviso\\\/Belluno\\\/Dolomiti\"},{\"@type\":\"BreadcrumbList\",\"@id\":\"https:\\\/\\\/www.bellunopress.it\\\/2023\\\/11\\\/14\\\/manifatturiero-3-trimestre-2023-ancora-in-flessione-pozza-trimestre-negativo-riconducibile-al-post-pandemia-eventi-bellici-rincari-energetici\\\/#breadcrumb\",\"itemListElement\":[{\"@type\":\"ListItem\",\"position\":1,\"name\":\"Home\",\"item\":\"https:\\\/\\\/www.bellunopress.it\\\/\"},{\"@type\":\"ListItem\",\"position\":2,\"name\":\"Manifatturiero 3\u00b0 trimestre 2023 ancora in flessione. Pozza: &#8220;Trimestre negativo, riconducibile al post-pandemia, eventi bellici, rincari energetici&#8221;\"}]},{\"@type\":\"WebSite\",\"@id\":\"https:\\\/\\\/www.bellunopress.it\\\/#website\",\"url\":\"https:\\\/\\\/www.bellunopress.it\\\/\",\"name\":\"Bellunopress - Dolomiti\",\"description\":\"e-mail: redazione@bellunopress.it\",\"publisher\":{\"@id\":\"https:\\\/\\\/www.bellunopress.it\\\/#organization\"},\"potentialAction\":[{\"@type\":\"SearchAction\",\"target\":{\"@type\":\"EntryPoint\",\"urlTemplate\":\"https:\\\/\\\/www.bellunopress.it\\\/?s={search_term_string}\"},\"query-input\":{\"@type\":\"PropertyValueSpecification\",\"valueRequired\":true,\"valueName\":\"search_term_string\"}}],\"inLanguage\":\"fr-FR\"},{\"@type\":\"Organization\",\"@id\":\"https:\\\/\\\/www.bellunopress.it\\\/#organization\",\"name\":\"Bellunopress\",\"url\":\"https:\\\/\\\/www.bellunopress.it\\\/\",\"logo\":{\"@type\":\"ImageObject\",\"inLanguage\":\"fr-FR\",\"@id\":\"https:\\\/\\\/www.bellunopress.it\\\/#\\\/schema\\\/logo\\\/image\\\/\",\"url\":\"https:\\\/\\\/www.bellunopress.it\\\/wp-content\\\/uploads\\\/2011\\\/05\\\/cropped-logo-bellunopress-.jpg\",\"contentUrl\":\"https:\\\/\\\/www.bellunopress.it\\\/wp-content\\\/uploads\\\/2011\\\/05\\\/cropped-logo-bellunopress-.jpg\",\"width\":512,\"height\":512,\"caption\":\"Bellunopress\"},\"image\":{\"@id\":\"https:\\\/\\\/www.bellunopress.it\\\/#\\\/schema\\\/logo\\\/image\\\/\"},\"sameAs\":[\"https:\\\/\\\/www.facebook.com\\\/profile.php?id=100008943462799\",\"https:\\\/\\\/x.com\\\/bellunopress\",\"https:\\\/\\\/www.linkedin.com\\\/hp\\\/?dnr=JBzUWaJfMUw8vbXJJ2tVW5-I3jZKvC4wsoxE&amp;amp;amp;amp;amp;amp;trk=nav_responsive_tab_home\",\"https:\\\/\\\/www.youtube.com\\\/channel\\\/UCxL0wu1uN0_3_7hGG0306cw\"]},{\"@type\":\"Person\",\"@id\":\"https:\\\/\\\/www.bellunopress.it\\\/#\\\/schema\\\/person\\\/79bb06722b37ece1c03d3e94beb30d73\",\"name\":\"redazione\",\"image\":{\"@type\":\"ImageObject\",\"inLanguage\":\"fr-FR\",\"@id\":\"https:\\\/\\\/secure.gravatar.com\\\/avatar\\\/37d968a2e67a6fd04c169c4bdef102d0bc5d31b2546345219e348575eb80e9a0?s=96&d=mm&r=g\",\"url\":\"https:\\\/\\\/secure.gravatar.com\\\/avatar\\\/37d968a2e67a6fd04c169c4bdef102d0bc5d31b2546345219e348575eb80e9a0?s=96&d=mm&r=g\",\"contentUrl\":\"https:\\\/\\\/secure.gravatar.com\\\/avatar\\\/37d968a2e67a6fd04c169c4bdef102d0bc5d31b2546345219e348575eb80e9a0?s=96&d=mm&r=g\",\"caption\":\"redazione\"},\"sameAs\":[\"http:\\\/\\\/www.bellunopress.it\",\"https:\\\/\\\/x.com\\\/bellunopress\"],\"url\":\"https:\\\/\\\/www.bellunopress.it\\\/fr\\\/author\\\/redazione\\\/\"}]}<\/script>\n<!-- \/ Yoast SEO plugin. -->","yoast_head_json":{"title":"Manifatturiero 3\u00b0 trimestre 2023 ancora in flessione. Pozza: \"Trimestre negativo, riconducibile al post-pandemia, eventi bellici, rincari energetici\" - Bellunopress - Dolomiti","robots":{"index":"index","follow":"follow","max-snippet":"max-snippet:-1","max-image-preview":"max-image-preview:large","max-video-preview":"max-video-preview:-1"},"canonical":"https:\/\/www.bellunopress.it\/fr\/2023\/11\/14\/manifatturiero-3-trimestre-2023-ancora-in-flessione-pozza-trimestre-negativo-riconducibile-al-post-pandemia-eventi-bellici-rincari-energetici\/","og_locale":"fr_FR","og_type":"article","og_title":"Manifatturiero 3\u00b0 trimestre 2023 ancora in flessione. Pozza: \"Trimestre negativo, riconducibile al post-pandemia, eventi bellici, rincari energetici\" - Bellunopress - Dolomiti","og_description":"Treviso, 14 novembre 2023 &#8211; &#8220;Anche nel terzo trimestre 2023 prosegue il rallentamento dell\u2019industria manifatturiera trevigiana e bellunese, come gi\u00e0 evidenziato nella survey di giugno&#8221; commenta il Presidente della Camera di Commercio di Treviso-Belluno, Mario Pozza. &#8220;Siamo di fronte ad un trimestre negativo sia per produzione e fatturato che per raccolta nuovi ordini \u2013 non [&hellip;]","og_url":"https:\/\/www.bellunopress.it\/fr\/2023\/11\/14\/manifatturiero-3-trimestre-2023-ancora-in-flessione-pozza-trimestre-negativo-riconducibile-al-post-pandemia-eventi-bellici-rincari-energetici\/","og_site_name":"Bellunopress - Dolomiti","article_publisher":"https:\/\/www.facebook.com\/profile.php?id=100008943462799","article_published_time":"2023-11-14T15:27:12+00:00","og_image":[{"width":1000,"height":800,"url":"https:\/\/www.bellunopress.it\/wp-content\/uploads\/2023\/10\/Mario-Pozza_edited.jpg","type":"image\/jpeg"}],"author":"redazione","twitter_card":"summary_large_image","twitter_creator":"@bellunopress","twitter_site":"@bellunopress","twitter_misc":{"Written by":"redazione","Est. reading time":"8 minutes"},"schema":{"@context":"https:\/\/schema.org","@graph":[{"@type":"Article","@id":"https:\/\/www.bellunopress.it\/2023\/11\/14\/manifatturiero-3-trimestre-2023-ancora-in-flessione-pozza-trimestre-negativo-riconducibile-al-post-pandemia-eventi-bellici-rincari-energetici\/#article","isPartOf":{"@id":"https:\/\/www.bellunopress.it\/2023\/11\/14\/manifatturiero-3-trimestre-2023-ancora-in-flessione-pozza-trimestre-negativo-riconducibile-al-post-pandemia-eventi-bellici-rincari-energetici\/"},"author":{"name":"redazione","@id":"https:\/\/www.bellunopress.it\/#\/schema\/person\/79bb06722b37ece1c03d3e94beb30d73"},"headline":"Manifatturiero 3\u00b0 trimestre 2023 ancora in flessione. Pozza: &#8220;Trimestre negativo, riconducibile al post-pandemia, eventi bellici, rincari energetici&#8221;","datePublished":"2023-11-14T15:27:12+00:00","mainEntityOfPage":{"@id":"https:\/\/www.bellunopress.it\/2023\/11\/14\/manifatturiero-3-trimestre-2023-ancora-in-flessione-pozza-trimestre-negativo-riconducibile-al-post-pandemia-eventi-bellici-rincari-energetici\/"},"wordCount":1651,"publisher":{"@id":"https:\/\/www.bellunopress.it\/#organization"},"image":{"@id":"https:\/\/www.bellunopress.it\/2023\/11\/14\/manifatturiero-3-trimestre-2023-ancora-in-flessione-pozza-trimestre-negativo-riconducibile-al-post-pandemia-eventi-bellici-rincari-energetici\/#primaryimage"},"thumbnailUrl":"https:\/\/www.bellunopress.it\/wp-content\/uploads\/2023\/10\/Mario-Pozza_edited.jpg","articleSection":["Lavoro, Economia, Turismo","Prima Pagina"],"inLanguage":"fr-FR"},{"@type":"WebPage","@id":"https:\/\/www.bellunopress.it\/2023\/11\/14\/manifatturiero-3-trimestre-2023-ancora-in-flessione-pozza-trimestre-negativo-riconducibile-al-post-pandemia-eventi-bellici-rincari-energetici\/","url":"https:\/\/www.bellunopress.it\/2023\/11\/14\/manifatturiero-3-trimestre-2023-ancora-in-flessione-pozza-trimestre-negativo-riconducibile-al-post-pandemia-eventi-bellici-rincari-energetici\/","name":"Manifatturiero 3\u00b0 trimestre 2023 ancora in flessione. Pozza: \"Trimestre negativo, riconducibile al post-pandemia, eventi bellici, rincari energetici\" - Bellunopress - Dolomiti","isPartOf":{"@id":"https:\/\/www.bellunopress.it\/#website"},"primaryImageOfPage":{"@id":"https:\/\/www.bellunopress.it\/2023\/11\/14\/manifatturiero-3-trimestre-2023-ancora-in-flessione-pozza-trimestre-negativo-riconducibile-al-post-pandemia-eventi-bellici-rincari-energetici\/#primaryimage"},"image":{"@id":"https:\/\/www.bellunopress.it\/2023\/11\/14\/manifatturiero-3-trimestre-2023-ancora-in-flessione-pozza-trimestre-negativo-riconducibile-al-post-pandemia-eventi-bellici-rincari-energetici\/#primaryimage"},"thumbnailUrl":"https:\/\/www.bellunopress.it\/wp-content\/uploads\/2023\/10\/Mario-Pozza_edited.jpg","datePublished":"2023-11-14T15:27:12+00:00","breadcrumb":{"@id":"https:\/\/www.bellunopress.it\/2023\/11\/14\/manifatturiero-3-trimestre-2023-ancora-in-flessione-pozza-trimestre-negativo-riconducibile-al-post-pandemia-eventi-bellici-rincari-energetici\/#breadcrumb"},"inLanguage":"fr-FR","potentialAction":[{"@type":"ReadAction","target":["https:\/\/www.bellunopress.it\/2023\/11\/14\/manifatturiero-3-trimestre-2023-ancora-in-flessione-pozza-trimestre-negativo-riconducibile-al-post-pandemia-eventi-bellici-rincari-energetici\/"]}]},{"@type":"ImageObject","inLanguage":"fr-FR","@id":"https:\/\/www.bellunopress.it\/2023\/11\/14\/manifatturiero-3-trimestre-2023-ancora-in-flessione-pozza-trimestre-negativo-riconducibile-al-post-pandemia-eventi-bellici-rincari-energetici\/#primaryimage","url":"https:\/\/www.bellunopress.it\/wp-content\/uploads\/2023\/10\/Mario-Pozza_edited.jpg","contentUrl":"https:\/\/www.bellunopress.it\/wp-content\/uploads\/2023\/10\/Mario-Pozza_edited.jpg","width":1000,"height":800,"caption":"Mario Pozza - Presidente Camera di Commercio Treviso\/Belluno\/Dolomiti"},{"@type":"BreadcrumbList","@id":"https:\/\/www.bellunopress.it\/2023\/11\/14\/manifatturiero-3-trimestre-2023-ancora-in-flessione-pozza-trimestre-negativo-riconducibile-al-post-pandemia-eventi-bellici-rincari-energetici\/#breadcrumb","itemListElement":[{"@type":"ListItem","position":1,"name":"Home","item":"https:\/\/www.bellunopress.it\/"},{"@type":"ListItem","position":2,"name":"Manifatturiero 3\u00b0 trimestre 2023 ancora in flessione. Pozza: &#8220;Trimestre negativo, riconducibile al post-pandemia, eventi bellici, rincari energetici&#8221;"}]},{"@type":"WebSite","@id":"https:\/\/www.bellunopress.it\/#website","url":"https:\/\/www.bellunopress.it\/","name":"Bellunopress - Dolomiti","description":"e-mail: redazione@bellunopress.it","publisher":{"@id":"https:\/\/www.bellunopress.it\/#organization"},"potentialAction":[{"@type":"SearchAction","target":{"@type":"EntryPoint","urlTemplate":"https:\/\/www.bellunopress.it\/?s={search_term_string}"},"query-input":{"@type":"PropertyValueSpecification","valueRequired":true,"valueName":"search_term_string"}}],"inLanguage":"fr-FR"},{"@type":"Organization","@id":"https:\/\/www.bellunopress.it\/#organization","name":"Bellunopress","url":"https:\/\/www.bellunopress.it\/","logo":{"@type":"ImageObject","inLanguage":"fr-FR","@id":"https:\/\/www.bellunopress.it\/#\/schema\/logo\/image\/","url":"https:\/\/www.bellunopress.it\/wp-content\/uploads\/2011\/05\/cropped-logo-bellunopress-.jpg","contentUrl":"https:\/\/www.bellunopress.it\/wp-content\/uploads\/2011\/05\/cropped-logo-bellunopress-.jpg","width":512,"height":512,"caption":"Bellunopress"},"image":{"@id":"https:\/\/www.bellunopress.it\/#\/schema\/logo\/image\/"},"sameAs":["https:\/\/www.facebook.com\/profile.php?id=100008943462799","https:\/\/x.com\/bellunopress","https:\/\/www.linkedin.com\/hp\/?dnr=JBzUWaJfMUw8vbXJJ2tVW5-I3jZKvC4wsoxE&amp;amp;amp;amp;amp;amp;trk=nav_responsive_tab_home","https:\/\/www.youtube.com\/channel\/UCxL0wu1uN0_3_7hGG0306cw"]},{"@type":"Person","@id":"https:\/\/www.bellunopress.it\/#\/schema\/person\/79bb06722b37ece1c03d3e94beb30d73","name":"r\u00e9daction","image":{"@type":"ImageObject","inLanguage":"fr-FR","@id":"https:\/\/secure.gravatar.com\/avatar\/37d968a2e67a6fd04c169c4bdef102d0bc5d31b2546345219e348575eb80e9a0?s=96&d=mm&r=g","url":"https:\/\/secure.gravatar.com\/avatar\/37d968a2e67a6fd04c169c4bdef102d0bc5d31b2546345219e348575eb80e9a0?s=96&d=mm&r=g","contentUrl":"https:\/\/secure.gravatar.com\/avatar\/37d968a2e67a6fd04c169c4bdef102d0bc5d31b2546345219e348575eb80e9a0?s=96&d=mm&r=g","caption":"redazione"},"sameAs":["http:\/\/www.bellunopress.it","https:\/\/x.com\/bellunopress"],"url":"https:\/\/www.bellunopress.it\/fr\/author\/redazione\/"}]}},"_links":{"self":[{"href":"https:\/\/www.bellunopress.it\/fr\/wp-json\/wp\/v2\/posts\/145909","targetHints":{"allow":["GET"]}}],"collection":[{"href":"https:\/\/www.bellunopress.it\/fr\/wp-json\/wp\/v2\/posts"}],"about":[{"href":"https:\/\/www.bellunopress.it\/fr\/wp-json\/wp\/v2\/types\/post"}],"author":[{"embeddable":true,"href":"https:\/\/www.bellunopress.it\/fr\/wp-json\/wp\/v2\/users\/2"}],"replies":[{"embeddable":true,"href":"https:\/\/www.bellunopress.it\/fr\/wp-json\/wp\/v2\/comments?post=145909"}],"version-history":[{"count":1,"href":"https:\/\/www.bellunopress.it\/fr\/wp-json\/wp\/v2\/posts\/145909\/revisions"}],"predecessor-version":[{"id":145910,"href":"https:\/\/www.bellunopress.it\/fr\/wp-json\/wp\/v2\/posts\/145909\/revisions\/145910"}],"wp:featuredmedia":[{"embeddable":true,"href":"https:\/\/www.bellunopress.it\/fr\/wp-json\/wp\/v2\/media\/145120"}],"wp:attachment":[{"href":"https:\/\/www.bellunopress.it\/fr\/wp-json\/wp\/v2\/media?parent=145909"}],"wp:term":[{"taxonomy":"category","embeddable":true,"href":"https:\/\/www.bellunopress.it\/fr\/wp-json\/wp\/v2\/categories?post=145909"},{"taxonomy":"post_tag","embeddable":true,"href":"https:\/\/www.bellunopress.it\/fr\/wp-json\/wp\/v2\/tags?post=145909"}],"curies":[{"name":"wp","href":"https:\/\/api.w.org\/{rel}","templated":true}]}}