{"id":145905,"date":"2023-11-14T14:47:57","date_gmt":"2023-11-14T13:47:57","guid":{"rendered":"https:\/\/www.bellunopress.it\/?p=145905"},"modified":"2023-11-14T14:47:57","modified_gmt":"2023-11-14T13:47:57","slug":"certificazione-della-parita-di-genere-il-28-novembre-la-formazione-on-line-per-le-micro-piccole-e-medie-imprese","status":"publish","type":"post","link":"https:\/\/www.bellunopress.it\/fr\/2023\/11\/14\/certificazione-della-parita-di-genere-il-28-novembre-la-formazione-on-line-per-le-micro-piccole-e-medie-imprese\/","title":{"rendered":"Certificazione della Parit\u00e0 di Genere. Il 28 novembre la formazione on-line per le micro, piccole e medie imprese"},"content":{"rendered":"<p><img loading=\"lazy\" decoding=\"async\" class=\"alignleft wp-image-145906\" src=\"https:\/\/www.bellunopress.it\/wp-content\/uploads\/2023\/11\/certificazione-parita-di-genere-Camera-Commercio_edited.jpg\" alt=\"\" width=\"428\" height=\"244\" srcset=\"https:\/\/www.bellunopress.it\/wp-content\/uploads\/2023\/11\/certificazione-parita-di-genere-Camera-Commercio_edited.jpg 600w, https:\/\/www.bellunopress.it\/wp-content\/uploads\/2023\/11\/certificazione-parita-di-genere-Camera-Commercio_edited-500x285.jpg 500w\" sizes=\"auto, (max-width: 428px) 100vw, 428px\" \/>Il 6 novembre 2023 \u00e8 stato pubblicato l&#8217;Avviso per la concessione dei contributi alle micro, piccole e medie imprese per l&#8217;ottenimento della Certificazione della Parit\u00e0 di Genere, misura del PNRR a titolarit\u00e0 del\u00a0<a title=\"Dipartimento per le pari opportunit\u00e0 della Presidenza del Consiglio dei Ministri\" href=\"https:\/\/tr.infocamere.it\/e\/tr?q=0%3dDUHcD%26E%3dG%26K%3d8ZFcD%26H%3dAeDa0bB%26N%3dqQ1I2_OXvY_ZH_KZzW_UO_OXvY_YMP6T.w41FvIyLyM4KpMj.DvO.rQ_ytbw_9irQ_ytbw_9i%26m%3d%26Fz%3dX0gCc8h4j%263P%3d9cAZ8T0a8VBg8b%26q%3dAF7AdDcGaGVjbkc0dEaEfEXCBEaA805AgG4BfG9ob0ZAc8XAgCTodmTGB97kX87A&amp;mupckp=mupAtu4m8OiX0wt\" target=\"_blank\" rel=\"noopener noreferrer\">Dipartimento per le pari opportunit\u00e0 della Presidenza del Consiglio dei Ministri<\/a>, realizzata in collaborazione con Unioncamere in qualit\u00e0 di soggetto attuatore.<\/p>\n<p>Unioncamere del Veneto, in collaborazione con le\u00a0Camere di Commercio\u00a0e i Comitati per la promozione dell&#8217;Imprenditoria Femminile del Veneto, organizza un\u00a0momento di formazione online\u00a0dedicato alla Certificazione della Parit\u00e0 di Genere e all&#8217;Avviso in oggetto.<\/p>\n<p>La formazione \u00e8 aperta a tutti gli interessati e si terr\u00e0\u00a0esclusivamente online il 28 novembre 2023 dalle 15.00 alle 17.00.<\/p>\n<p>Per partecipare \u00e8 necessario iscriversi: qui di seguito i link per l&#8217;iscrizione e l&#8217;avviso per la concessione di contributi.<\/p>\n<p><a href=\"https:\/\/www.tb.camcom.gov.it\/CCIAA_bandi.asp?cod=2283\">Iscrizioni al webinar<\/a><\/p>\n<p><a href=\"https:\/\/certificazioneparitadigenere.unioncamere.gov.it\/\">Avviso per i contributi<\/a><\/p>","protected":false},"excerpt":{"rendered":"<p>Il 6 novembre 2023 \u00e8 stato pubblicato l&#8217;Avviso per la concessione dei contributi alle micro, piccole e medie imprese per l&#8217;ottenimento della Certificazione della Parit\u00e0 di Genere, misura del PNRR a titolarit\u00e0 del\u00a0Dipartimento per le pari opportunit\u00e0 della Presidenza del Consiglio dei Ministri, realizzata in collaborazione con Unioncamere in qualit\u00e0 di soggetto attuatore. Unioncamere del [&hellip;]<\/p>\n","protected":false},"author":2,"featured_media":145906,"comment_status":"closed","ping_status":"open","sticky":false,"template":"","format":"standard","meta":{"footnotes":""},"categories":[36,26],"tags":[],"class_list":["post-145905","post","type-post","status-publish","format-standard","has-post-thumbnail","category-lavoro-economia","category-prima-pagina"],"yoast_head":"<!-- This site is optimized with the Yoast SEO plugin v28.4 - https:\/\/yoast.com\/product\/yoast-seo-wordpress\/ -->\n<title>Certificazione della Parit\u00e0 di Genere. Il 28 novembre la formazione on-line per le micro, piccole e medie imprese - Bellunopress - Dolomiti<\/title>\n<meta name=\"robots\" content=\"index, follow, max-snippet:-1, max-image-preview:large, max-video-preview:-1\" \/>\n<link rel=\"canonical\" href=\"https:\/\/www.bellunopress.it\/fr\/2023\/11\/14\/certificazione-della-parita-di-genere-il-28-novembre-la-formazione-on-line-per-le-micro-piccole-e-medie-imprese\/\" \/>\n<meta property=\"og:locale\" content=\"fr_FR\" \/>\n<meta property=\"og:type\" content=\"article\" \/>\n<meta property=\"og:title\" content=\"Certificazione della Parit\u00e0 di Genere. Il 28 novembre la formazione on-line per le micro, piccole e medie imprese - Bellunopress - Dolomiti\" \/>\n<meta property=\"og:description\" content=\"Il 6 novembre 2023 \u00e8 stato pubblicato l&#8217;Avviso per la concessione dei contributi alle micro, piccole e medie imprese per l&#8217;ottenimento della Certificazione della Parit\u00e0 di Genere, misura del PNRR a titolarit\u00e0 del\u00a0Dipartimento per le pari opportunit\u00e0 della Presidenza del Consiglio dei Ministri, realizzata in collaborazione con Unioncamere in qualit\u00e0 di soggetto attuatore. Unioncamere del [&hellip;]\" \/>\n<meta property=\"og:url\" content=\"https:\/\/www.bellunopress.it\/fr\/2023\/11\/14\/certificazione-della-parita-di-genere-il-28-novembre-la-formazione-on-line-per-le-micro-piccole-e-medie-imprese\/\" \/>\n<meta property=\"og:site_name\" content=\"Bellunopress - Dolomiti\" \/>\n<meta property=\"article:publisher\" content=\"https:\/\/www.facebook.com\/profile.php?id=100008943462799\" \/>\n<meta property=\"article:published_time\" content=\"2023-11-14T13:47:57+00:00\" \/>\n<meta property=\"og:image\" content=\"https:\/\/www.bellunopress.it\/wp-content\/uploads\/2023\/11\/certificazione-parita-di-genere-Camera-Commercio_edited.jpg\" \/>\n\t<meta property=\"og:image:width\" content=\"600\" \/>\n\t<meta property=\"og:image:height\" content=\"342\" \/>\n\t<meta property=\"og:image:type\" content=\"image\/jpeg\" \/>\n<meta name=\"author\" content=\"redazione\" \/>\n<meta name=\"twitter:card\" content=\"summary_large_image\" \/>\n<meta name=\"twitter:creator\" content=\"@bellunopress\" \/>\n<meta name=\"twitter:site\" content=\"@bellunopress\" \/>\n<meta name=\"twitter:label1\" content=\"\u00c9crit par\" \/>\n\t<meta name=\"twitter:data1\" content=\"redazione\" \/>\n\t<meta name=\"twitter:label2\" content=\"Dur\u00e9e de lecture estim\u00e9e\" \/>\n\t<meta name=\"twitter:data2\" content=\"1 minute\" \/>\n<script type=\"application\/ld+json\" class=\"yoast-schema-graph\">{\"@context\":\"https:\\\/\\\/schema.org\",\"@graph\":[{\"@type\":\"Article\",\"@id\":\"https:\\\/\\\/www.bellunopress.it\\\/2023\\\/11\\\/14\\\/certificazione-della-parita-di-genere-il-28-novembre-la-formazione-on-line-per-le-micro-piccole-e-medie-imprese\\\/#article\",\"isPartOf\":{\"@id\":\"https:\\\/\\\/www.bellunopress.it\\\/2023\\\/11\\\/14\\\/certificazione-della-parita-di-genere-il-28-novembre-la-formazione-on-line-per-le-micro-piccole-e-medie-imprese\\\/\"},\"author\":{\"name\":\"redazione\",\"@id\":\"https:\\\/\\\/www.bellunopress.it\\\/#\\\/schema\\\/person\\\/79bb06722b37ece1c03d3e94beb30d73\"},\"headline\":\"Certificazione della Parit\u00e0 di Genere. Il 28 novembre la formazione on-line per le micro, piccole e medie imprese\",\"datePublished\":\"2023-11-14T13:47:57+00:00\",\"mainEntityOfPage\":{\"@id\":\"https:\\\/\\\/www.bellunopress.it\\\/2023\\\/11\\\/14\\\/certificazione-della-parita-di-genere-il-28-novembre-la-formazione-on-line-per-le-micro-piccole-e-medie-imprese\\\/\"},\"wordCount\":152,\"publisher\":{\"@id\":\"https:\\\/\\\/www.bellunopress.it\\\/#organization\"},\"image\":{\"@id\":\"https:\\\/\\\/www.bellunopress.it\\\/2023\\\/11\\\/14\\\/certificazione-della-parita-di-genere-il-28-novembre-la-formazione-on-line-per-le-micro-piccole-e-medie-imprese\\\/#primaryimage\"},\"thumbnailUrl\":\"https:\\\/\\\/www.bellunopress.it\\\/wp-content\\\/uploads\\\/2023\\\/11\\\/certificazione-parita-di-genere-Camera-Commercio_edited.jpg\",\"articleSection\":[\"Lavoro, Economia, Turismo\",\"Prima Pagina\"],\"inLanguage\":\"fr-FR\"},{\"@type\":\"WebPage\",\"@id\":\"https:\\\/\\\/www.bellunopress.it\\\/2023\\\/11\\\/14\\\/certificazione-della-parita-di-genere-il-28-novembre-la-formazione-on-line-per-le-micro-piccole-e-medie-imprese\\\/\",\"url\":\"https:\\\/\\\/www.bellunopress.it\\\/2023\\\/11\\\/14\\\/certificazione-della-parita-di-genere-il-28-novembre-la-formazione-on-line-per-le-micro-piccole-e-medie-imprese\\\/\",\"name\":\"Certificazione della Parit\u00e0 di Genere. Il 28 novembre la formazione on-line per le micro, piccole e medie imprese - Bellunopress - Dolomiti\",\"isPartOf\":{\"@id\":\"https:\\\/\\\/www.bellunopress.it\\\/#website\"},\"primaryImageOfPage\":{\"@id\":\"https:\\\/\\\/www.bellunopress.it\\\/2023\\\/11\\\/14\\\/certificazione-della-parita-di-genere-il-28-novembre-la-formazione-on-line-per-le-micro-piccole-e-medie-imprese\\\/#primaryimage\"},\"image\":{\"@id\":\"https:\\\/\\\/www.bellunopress.it\\\/2023\\\/11\\\/14\\\/certificazione-della-parita-di-genere-il-28-novembre-la-formazione-on-line-per-le-micro-piccole-e-medie-imprese\\\/#primaryimage\"},\"thumbnailUrl\":\"https:\\\/\\\/www.bellunopress.it\\\/wp-content\\\/uploads\\\/2023\\\/11\\\/certificazione-parita-di-genere-Camera-Commercio_edited.jpg\",\"datePublished\":\"2023-11-14T13:47:57+00:00\",\"breadcrumb\":{\"@id\":\"https:\\\/\\\/www.bellunopress.it\\\/2023\\\/11\\\/14\\\/certificazione-della-parita-di-genere-il-28-novembre-la-formazione-on-line-per-le-micro-piccole-e-medie-imprese\\\/#breadcrumb\"},\"inLanguage\":\"fr-FR\",\"potentialAction\":[{\"@type\":\"ReadAction\",\"target\":[\"https:\\\/\\\/www.bellunopress.it\\\/2023\\\/11\\\/14\\\/certificazione-della-parita-di-genere-il-28-novembre-la-formazione-on-line-per-le-micro-piccole-e-medie-imprese\\\/\"]}]},{\"@type\":\"ImageObject\",\"inLanguage\":\"fr-FR\",\"@id\":\"https:\\\/\\\/www.bellunopress.it\\\/2023\\\/11\\\/14\\\/certificazione-della-parita-di-genere-il-28-novembre-la-formazione-on-line-per-le-micro-piccole-e-medie-imprese\\\/#primaryimage\",\"url\":\"https:\\\/\\\/www.bellunopress.it\\\/wp-content\\\/uploads\\\/2023\\\/11\\\/certificazione-parita-di-genere-Camera-Commercio_edited.jpg\",\"contentUrl\":\"https:\\\/\\\/www.bellunopress.it\\\/wp-content\\\/uploads\\\/2023\\\/11\\\/certificazione-parita-di-genere-Camera-Commercio_edited.jpg\",\"width\":600,\"height\":342},{\"@type\":\"BreadcrumbList\",\"@id\":\"https:\\\/\\\/www.bellunopress.it\\\/2023\\\/11\\\/14\\\/certificazione-della-parita-di-genere-il-28-novembre-la-formazione-on-line-per-le-micro-piccole-e-medie-imprese\\\/#breadcrumb\",\"itemListElement\":[{\"@type\":\"ListItem\",\"position\":1,\"name\":\"Home\",\"item\":\"https:\\\/\\\/www.bellunopress.it\\\/\"},{\"@type\":\"ListItem\",\"position\":2,\"name\":\"Certificazione della Parit\u00e0 di Genere. Il 28 novembre la formazione on-line per le micro, piccole e medie imprese\"}]},{\"@type\":\"WebSite\",\"@id\":\"https:\\\/\\\/www.bellunopress.it\\\/#website\",\"url\":\"https:\\\/\\\/www.bellunopress.it\\\/\",\"name\":\"Bellunopress - Dolomiti\",\"description\":\"e-mail: redazione@bellunopress.it\",\"publisher\":{\"@id\":\"https:\\\/\\\/www.bellunopress.it\\\/#organization\"},\"potentialAction\":[{\"@type\":\"SearchAction\",\"target\":{\"@type\":\"EntryPoint\",\"urlTemplate\":\"https:\\\/\\\/www.bellunopress.it\\\/?s={search_term_string}\"},\"query-input\":{\"@type\":\"PropertyValueSpecification\",\"valueRequired\":true,\"valueName\":\"search_term_string\"}}],\"inLanguage\":\"fr-FR\"},{\"@type\":\"Organization\",\"@id\":\"https:\\\/\\\/www.bellunopress.it\\\/#organization\",\"name\":\"Bellunopress\",\"url\":\"https:\\\/\\\/www.bellunopress.it\\\/\",\"logo\":{\"@type\":\"ImageObject\",\"inLanguage\":\"fr-FR\",\"@id\":\"https:\\\/\\\/www.bellunopress.it\\\/#\\\/schema\\\/logo\\\/image\\\/\",\"url\":\"https:\\\/\\\/www.bellunopress.it\\\/wp-content\\\/uploads\\\/2011\\\/05\\\/cropped-logo-bellunopress-.jpg\",\"contentUrl\":\"https:\\\/\\\/www.bellunopress.it\\\/wp-content\\\/uploads\\\/2011\\\/05\\\/cropped-logo-bellunopress-.jpg\",\"width\":512,\"height\":512,\"caption\":\"Bellunopress\"},\"image\":{\"@id\":\"https:\\\/\\\/www.bellunopress.it\\\/#\\\/schema\\\/logo\\\/image\\\/\"},\"sameAs\":[\"https:\\\/\\\/www.facebook.com\\\/profile.php?id=100008943462799\",\"https:\\\/\\\/x.com\\\/bellunopress\",\"https:\\\/\\\/www.linkedin.com\\\/hp\\\/?dnr=JBzUWaJfMUw8vbXJJ2tVW5-I3jZKvC4wsoxE&amp;amp;amp;amp;amp;amp;trk=nav_responsive_tab_home\",\"https:\\\/\\\/www.youtube.com\\\/channel\\\/UCxL0wu1uN0_3_7hGG0306cw\"]},{\"@type\":\"Person\",\"@id\":\"https:\\\/\\\/www.bellunopress.it\\\/#\\\/schema\\\/person\\\/79bb06722b37ece1c03d3e94beb30d73\",\"name\":\"redazione\",\"image\":{\"@type\":\"ImageObject\",\"inLanguage\":\"fr-FR\",\"@id\":\"https:\\\/\\\/secure.gravatar.com\\\/avatar\\\/37d968a2e67a6fd04c169c4bdef102d0bc5d31b2546345219e348575eb80e9a0?s=96&d=mm&r=g\",\"url\":\"https:\\\/\\\/secure.gravatar.com\\\/avatar\\\/37d968a2e67a6fd04c169c4bdef102d0bc5d31b2546345219e348575eb80e9a0?s=96&d=mm&r=g\",\"contentUrl\":\"https:\\\/\\\/secure.gravatar.com\\\/avatar\\\/37d968a2e67a6fd04c169c4bdef102d0bc5d31b2546345219e348575eb80e9a0?s=96&d=mm&r=g\",\"caption\":\"redazione\"},\"sameAs\":[\"http:\\\/\\\/www.bellunopress.it\",\"https:\\\/\\\/x.com\\\/bellunopress\"],\"url\":\"https:\\\/\\\/www.bellunopress.it\\\/fr\\\/author\\\/redazione\\\/\"}]}<\/script>\n<!-- \/ Yoast SEO plugin. -->","yoast_head_json":{"title":"Certificazione della Parit\u00e0 di Genere. Il 28 novembre la formazione on-line per le micro, piccole e medie imprese - Bellunopress - Dolomiti","robots":{"index":"index","follow":"follow","max-snippet":"max-snippet:-1","max-image-preview":"max-image-preview:large","max-video-preview":"max-video-preview:-1"},"canonical":"https:\/\/www.bellunopress.it\/fr\/2023\/11\/14\/certificazione-della-parita-di-genere-il-28-novembre-la-formazione-on-line-per-le-micro-piccole-e-medie-imprese\/","og_locale":"fr_FR","og_type":"article","og_title":"Certificazione della Parit\u00e0 di Genere. Il 28 novembre la formazione on-line per le micro, piccole e medie imprese - Bellunopress - Dolomiti","og_description":"Il 6 novembre 2023 \u00e8 stato pubblicato l&#8217;Avviso per la concessione dei contributi alle micro, piccole e medie imprese per l&#8217;ottenimento della Certificazione della Parit\u00e0 di Genere, misura del PNRR a titolarit\u00e0 del\u00a0Dipartimento per le pari opportunit\u00e0 della Presidenza del Consiglio dei Ministri, realizzata in collaborazione con Unioncamere in qualit\u00e0 di soggetto attuatore. Unioncamere del [&hellip;]","og_url":"https:\/\/www.bellunopress.it\/fr\/2023\/11\/14\/certificazione-della-parita-di-genere-il-28-novembre-la-formazione-on-line-per-le-micro-piccole-e-medie-imprese\/","og_site_name":"Bellunopress - Dolomiti","article_publisher":"https:\/\/www.facebook.com\/profile.php?id=100008943462799","article_published_time":"2023-11-14T13:47:57+00:00","og_image":[{"width":600,"height":342,"url":"https:\/\/www.bellunopress.it\/wp-content\/uploads\/2023\/11\/certificazione-parita-di-genere-Camera-Commercio_edited.jpg","type":"image\/jpeg"}],"author":"redazione","twitter_card":"summary_large_image","twitter_creator":"@bellunopress","twitter_site":"@bellunopress","twitter_misc":{"\u00c9crit par":"redazione","Dur\u00e9e de lecture estim\u00e9e":"1 minute"},"schema":{"@context":"https:\/\/schema.org","@graph":[{"@type":"Article","@id":"https:\/\/www.bellunopress.it\/2023\/11\/14\/certificazione-della-parita-di-genere-il-28-novembre-la-formazione-on-line-per-le-micro-piccole-e-medie-imprese\/#article","isPartOf":{"@id":"https:\/\/www.bellunopress.it\/2023\/11\/14\/certificazione-della-parita-di-genere-il-28-novembre-la-formazione-on-line-per-le-micro-piccole-e-medie-imprese\/"},"author":{"name":"redazione","@id":"https:\/\/www.bellunopress.it\/#\/schema\/person\/79bb06722b37ece1c03d3e94beb30d73"},"headline":"Certificazione della Parit\u00e0 di Genere. Il 28 novembre la formazione on-line per le micro, piccole e medie imprese","datePublished":"2023-11-14T13:47:57+00:00","mainEntityOfPage":{"@id":"https:\/\/www.bellunopress.it\/2023\/11\/14\/certificazione-della-parita-di-genere-il-28-novembre-la-formazione-on-line-per-le-micro-piccole-e-medie-imprese\/"},"wordCount":152,"publisher":{"@id":"https:\/\/www.bellunopress.it\/#organization"},"image":{"@id":"https:\/\/www.bellunopress.it\/2023\/11\/14\/certificazione-della-parita-di-genere-il-28-novembre-la-formazione-on-line-per-le-micro-piccole-e-medie-imprese\/#primaryimage"},"thumbnailUrl":"https:\/\/www.bellunopress.it\/wp-content\/uploads\/2023\/11\/certificazione-parita-di-genere-Camera-Commercio_edited.jpg","articleSection":["Lavoro, Economia, Turismo","Prima Pagina"],"inLanguage":"fr-FR"},{"@type":"WebPage","@id":"https:\/\/www.bellunopress.it\/2023\/11\/14\/certificazione-della-parita-di-genere-il-28-novembre-la-formazione-on-line-per-le-micro-piccole-e-medie-imprese\/","url":"https:\/\/www.bellunopress.it\/2023\/11\/14\/certificazione-della-parita-di-genere-il-28-novembre-la-formazione-on-line-per-le-micro-piccole-e-medie-imprese\/","name":"Certificazione della Parit\u00e0 di Genere. Il 28 novembre la formazione on-line per le micro, piccole e medie imprese - Bellunopress - Dolomiti","isPartOf":{"@id":"https:\/\/www.bellunopress.it\/#website"},"primaryImageOfPage":{"@id":"https:\/\/www.bellunopress.it\/2023\/11\/14\/certificazione-della-parita-di-genere-il-28-novembre-la-formazione-on-line-per-le-micro-piccole-e-medie-imprese\/#primaryimage"},"image":{"@id":"https:\/\/www.bellunopress.it\/2023\/11\/14\/certificazione-della-parita-di-genere-il-28-novembre-la-formazione-on-line-per-le-micro-piccole-e-medie-imprese\/#primaryimage"},"thumbnailUrl":"https:\/\/www.bellunopress.it\/wp-content\/uploads\/2023\/11\/certificazione-parita-di-genere-Camera-Commercio_edited.jpg","datePublished":"2023-11-14T13:47:57+00:00","breadcrumb":{"@id":"https:\/\/www.bellunopress.it\/2023\/11\/14\/certificazione-della-parita-di-genere-il-28-novembre-la-formazione-on-line-per-le-micro-piccole-e-medie-imprese\/#breadcrumb"},"inLanguage":"fr-FR","potentialAction":[{"@type":"ReadAction","target":["https:\/\/www.bellunopress.it\/2023\/11\/14\/certificazione-della-parita-di-genere-il-28-novembre-la-formazione-on-line-per-le-micro-piccole-e-medie-imprese\/"]}]},{"@type":"ImageObject","inLanguage":"fr-FR","@id":"https:\/\/www.bellunopress.it\/2023\/11\/14\/certificazione-della-parita-di-genere-il-28-novembre-la-formazione-on-line-per-le-micro-piccole-e-medie-imprese\/#primaryimage","url":"https:\/\/www.bellunopress.it\/wp-content\/uploads\/2023\/11\/certificazione-parita-di-genere-Camera-Commercio_edited.jpg","contentUrl":"https:\/\/www.bellunopress.it\/wp-content\/uploads\/2023\/11\/certificazione-parita-di-genere-Camera-Commercio_edited.jpg","width":600,"height":342},{"@type":"BreadcrumbList","@id":"https:\/\/www.bellunopress.it\/2023\/11\/14\/certificazione-della-parita-di-genere-il-28-novembre-la-formazione-on-line-per-le-micro-piccole-e-medie-imprese\/#breadcrumb","itemListElement":[{"@type":"ListItem","position":1,"name":"Home","item":"https:\/\/www.bellunopress.it\/"},{"@type":"ListItem","position":2,"name":"Certificazione della Parit\u00e0 di Genere. Il 28 novembre la formazione on-line per le micro, piccole e medie imprese"}]},{"@type":"WebSite","@id":"https:\/\/www.bellunopress.it\/#website","url":"https:\/\/www.bellunopress.it\/","name":"Bellunopress - Dolomiti","description":"e-mail: redazione@bellunopress.it","publisher":{"@id":"https:\/\/www.bellunopress.it\/#organization"},"potentialAction":[{"@type":"SearchAction","target":{"@type":"EntryPoint","urlTemplate":"https:\/\/www.bellunopress.it\/?s={search_term_string}"},"query-input":{"@type":"PropertyValueSpecification","valueRequired":true,"valueName":"search_term_string"}}],"inLanguage":"fr-FR"},{"@type":"Organization","@id":"https:\/\/www.bellunopress.it\/#organization","name":"Bellunopress","url":"https:\/\/www.bellunopress.it\/","logo":{"@type":"ImageObject","inLanguage":"fr-FR","@id":"https:\/\/www.bellunopress.it\/#\/schema\/logo\/image\/","url":"https:\/\/www.bellunopress.it\/wp-content\/uploads\/2011\/05\/cropped-logo-bellunopress-.jpg","contentUrl":"https:\/\/www.bellunopress.it\/wp-content\/uploads\/2011\/05\/cropped-logo-bellunopress-.jpg","width":512,"height":512,"caption":"Bellunopress"},"image":{"@id":"https:\/\/www.bellunopress.it\/#\/schema\/logo\/image\/"},"sameAs":["https:\/\/www.facebook.com\/profile.php?id=100008943462799","https:\/\/x.com\/bellunopress","https:\/\/www.linkedin.com\/hp\/?dnr=JBzUWaJfMUw8vbXJJ2tVW5-I3jZKvC4wsoxE&amp;amp;amp;amp;amp;amp;trk=nav_responsive_tab_home","https:\/\/www.youtube.com\/channel\/UCxL0wu1uN0_3_7hGG0306cw"]},{"@type":"Person","@id":"https:\/\/www.bellunopress.it\/#\/schema\/person\/79bb06722b37ece1c03d3e94beb30d73","name":"r\u00e9daction","image":{"@type":"ImageObject","inLanguage":"fr-FR","@id":"https:\/\/secure.gravatar.com\/avatar\/37d968a2e67a6fd04c169c4bdef102d0bc5d31b2546345219e348575eb80e9a0?s=96&d=mm&r=g","url":"https:\/\/secure.gravatar.com\/avatar\/37d968a2e67a6fd04c169c4bdef102d0bc5d31b2546345219e348575eb80e9a0?s=96&d=mm&r=g","contentUrl":"https:\/\/secure.gravatar.com\/avatar\/37d968a2e67a6fd04c169c4bdef102d0bc5d31b2546345219e348575eb80e9a0?s=96&d=mm&r=g","caption":"redazione"},"sameAs":["http:\/\/www.bellunopress.it","https:\/\/x.com\/bellunopress"],"url":"https:\/\/www.bellunopress.it\/fr\/author\/redazione\/"}]}},"_links":{"self":[{"href":"https:\/\/www.bellunopress.it\/fr\/wp-json\/wp\/v2\/posts\/145905","targetHints":{"allow":["GET"]}}],"collection":[{"href":"https:\/\/www.bellunopress.it\/fr\/wp-json\/wp\/v2\/posts"}],"about":[{"href":"https:\/\/www.bellunopress.it\/fr\/wp-json\/wp\/v2\/types\/post"}],"author":[{"embeddable":true,"href":"https:\/\/www.bellunopress.it\/fr\/wp-json\/wp\/v2\/users\/2"}],"replies":[{"embeddable":true,"href":"https:\/\/www.bellunopress.it\/fr\/wp-json\/wp\/v2\/comments?post=145905"}],"version-history":[{"count":1,"href":"https:\/\/www.bellunopress.it\/fr\/wp-json\/wp\/v2\/posts\/145905\/revisions"}],"predecessor-version":[{"id":145908,"href":"https:\/\/www.bellunopress.it\/fr\/wp-json\/wp\/v2\/posts\/145905\/revisions\/145908"}],"wp:featuredmedia":[{"embeddable":true,"href":"https:\/\/www.bellunopress.it\/fr\/wp-json\/wp\/v2\/media\/145906"}],"wp:attachment":[{"href":"https:\/\/www.bellunopress.it\/fr\/wp-json\/wp\/v2\/media?parent=145905"}],"wp:term":[{"taxonomy":"category","embeddable":true,"href":"https:\/\/www.bellunopress.it\/fr\/wp-json\/wp\/v2\/categories?post=145905"},{"taxonomy":"post_tag","embeddable":true,"href":"https:\/\/www.bellunopress.it\/fr\/wp-json\/wp\/v2\/tags?post=145905"}],"curies":[{"name":"wp","href":"https:\/\/api.w.org\/{rel}","templated":true}]}}