{"id":145903,"date":"2023-11-14T14:34:04","date_gmt":"2023-11-14T13:34:04","guid":{"rendered":"https:\/\/www.bellunopress.it\/?p=145903"},"modified":"2023-11-14T14:34:04","modified_gmt":"2023-11-14T13:34:04","slug":"violenza-di-genere-due-appuntamenti-di-confindustria-il-20-e-29-novembre","status":"publish","type":"post","link":"https:\/\/www.bellunopress.it\/fr\/2023\/11\/14\/violenza-di-genere-due-appuntamenti-di-confindustria-il-20-e-29-novembre\/","title":{"rendered":"Violenza di genere. Due appuntamenti di Confindustria, il 20 e 29 novembre"},"content":{"rendered":"<figure id=\"attachment_113249\" aria-describedby=\"caption-attachment-113249\" style=\"width: 612px\" class=\"wp-caption alignleft\"><img loading=\"lazy\" decoding=\"async\" class=\"size-full wp-image-113249\" src=\"https:\/\/www.bellunopress.it\/wp-content\/uploads\/2020\/03\/Lorraine_Berton_edited.jpg\" alt=\"\" width=\"612\" height=\"673\" srcset=\"https:\/\/www.bellunopress.it\/wp-content\/uploads\/2020\/03\/Lorraine_Berton_edited.jpg 612w, https:\/\/www.bellunopress.it\/wp-content\/uploads\/2020\/03\/Lorraine_Berton_edited-455x500.jpg 455w, https:\/\/www.bellunopress.it\/wp-content\/uploads\/2020\/03\/Lorraine_Berton_edited-382x420.jpg 382w\" sizes=\"auto, (max-width: 612px) 100vw, 612px\" \/><figcaption id=\"caption-attachment-113249\" class=\"wp-caption-text\">Lorraine Berton &#8211; Presidente Confindustria Belluno Dolomiti<\/figcaption><\/figure>\n<p>Belluno, 14 novembre 2023 &#8211; &#8220;La violenza contro le donne resta una piaga da combattere e prevenire anche nel Bellunese: la nostra provincia non \u00e8 immune e per questo non va abbassata la guardia. La violenza di genere riguarda tutti da vicino: \u00e8 il termometro della civilt\u00e0 di un Paese e di un territorio. Per questo &#8216;un giorno non basta&#8217; e la mobilitazione deve essere permanente&#8221;.<br \/>\nA dirlo, in vista del 25 novembre &#8220;Giornata internazionale per l&#8217;eliminazione della violenza contro le donne&#8221;, sono Lorraine Berton e Flavio Mares, rispettivamente presidente e delegato al Sociale di Confindustria Belluno Dolomiti. L&#8217;Associazione degli industriali, infatti, organizza anche per quest&#8217;anno una serie di eventi per informare e sensibilizzare il territorio sul tema.<\/p>\n<p>Il primo appuntamento \u2013 dal titolo &#8220;Un giorno non basta&#8221; &#8211; \u00e8 previsto il 20 novembre alle 16 in sala Bianchi e vedr\u00e0 confrontarsi numerosi esperti (tra questi, la dott.ssa Roberta Gallego, sostituto procuratore a Belluno), mentre il secondo si terr\u00e0 il 29 novembre al Cinema Petite Lumiere con la proiezione del docufilm &#8220;Un altro domani&#8221;, indagine sulla violenza nelle relazioni affettive.<\/p>\n<p>&#8220;Sono iniziative aperte a tutte e a tutti perch\u00e9 c&#8217;\u00e8 ancora tanto lavoro da fare per una parit\u00e0 effettiva&#8221;, afferma Lorraine Berton. &#8220;Mi auguro di vedere tanti giovani: se da un lato, le nuove generazioni sono pi\u00f9 evolute, dall&#8217;altro sono pi\u00f9 soggette al linguaggio della violenza che spesso dilaga sui social. Non possiamo permetterci nessun passo indietro&#8221;.<br \/>\nIl ciclo di iniziative rientra nel grande &#8220;Progetto per il Sociale&#8221; avviato proprio da Confindustria Belluno Dolomiti per promuovere l&#8217;inclusione in fabbrica. &#8220;Nelle nostre aziende non c&#8217;\u00e8 spazio per la violenza e atteggiamenti discriminatori, ma nulla \u00e8 scontato e la nostra opera di informazione e sensibilizzazione prosegue senza sosta&#8221;, rimarca Flavio Mares. &#8220;In questi anni ci siamo rivolti \u2013 con iniziative specifiche &#8211; anche agli imprenditori e manager d&#8217;azienda perch\u00e9 colgano i segnali di possibili violenze. Fare rete significa non girarsi dall&#8217;altra parte di fronte a una persona in difficolt\u00e0. Combattere la violenza e la prevaricazione \u00e8 il primo passo per una vera inclusione&#8221;, conclude Mares.<\/p>\n<p><strong>GLI EVENTI<\/strong><br \/>\nL&#8217;evento in sala Bianchi \u2013 in viale Fantuzzi 11 a Belluno \u2013 inizier\u00e0 alle 16 con i saluti di Berton e Mares per poi articolarsi in tre momenti.<br \/>\nIl primo &#8211; &#8220;La violenza \u00e8 relazionale: i vissuti di chi la abita&#8221; &#8211; vedr\u00e0 alternarsi Cristina Micheluzzi (Direttore UOC Infanzia Adolescenza Famiglia e Consultori del distretto di Belluno e Direttore facente funzione UOC Infanzia Adolescenza Famiglia e Consultori del distretto di Feltre), Patrizia Stevanin (Psicologa psicoterapeuta dell&#8217;UOS Consultorio Familiare di Belluno), Eleonora Bottegal (Assistente sociale dell&#8217;UOS Consultorio Familiare di Belluno) e Michela Curti (Assistente sociale dell&#8217;UOS Consultorio Familiare di Feltre).<br \/>\nLa seconda parte sar\u00e0 affidata a Brian Vanzo, presidente Associazione Ares Aps, con &#8220;Il lavoro con l&#8217;uomo maltrattante: tra prassi consolidate e nuove prospettive&#8221;.<br \/>\nLa parola passer\u00e0 poi a Roberta Gallego, sostituto procuratore presso la Procura della Repubblica di Belluno. &#8220;Il contrasto alla violenza di genere dentro e fuori le aule giudiziarie&#8221; sar\u00e0 l&#8217;oggetto del suo atteso intervento.<br \/>\nModera l&#8217;incontro Nicol\u00f2 Dalla Gasperina, speaker Radiofonico e sportivo.<br \/>\nIl convegno sar\u00e0 seguito, il 29 novembre, dalla proiezione di &#8220;Un altro domani&#8221;, docufilm di Silvio Soldini e Cristiana Mainardi, una indagine sulla violenza nelle relazioni affettive. L&#8217;appuntamento \u00e8 per le 17 al cinema Petite Lumiere di Belluno con ingresso gratuito ma iscrizione obbligatoria (fino ad esaurimento posti).<\/p>","protected":false},"excerpt":{"rendered":"<p>Belluno, 14 novembre 2023 &#8211; &#8220;La violenza contro le donne resta una piaga da combattere e prevenire anche nel Bellunese: la nostra provincia non \u00e8 immune e per questo non va abbassata la guardia. La violenza di genere riguarda tutti da vicino: \u00e8 il termometro della civilt\u00e0 di un Paese e di un territorio. Per [&hellip;]<\/p>\n","protected":false},"author":2,"featured_media":113249,"comment_status":"closed","ping_status":"open","sticky":false,"template":"","format":"standard","meta":{"footnotes":""},"categories":[27,3,25],"tags":[],"class_list":["post-145903","post","type-post","status-publish","format-standard","has-post-thumbnail","category-appuntamenti","category-arte-cultura-spettacoli-scienza-archivi","category-pausa-caffe"],"yoast_head":"<!-- This site is optimized with the Yoast SEO plugin v28.4 - https:\/\/yoast.com\/product\/yoast-seo-wordpress\/ -->\n<title>Violenza di genere. Due appuntamenti di Confindustria, il 20 e 29 novembre - Bellunopress - Dolomiti<\/title>\n<meta name=\"robots\" content=\"index, follow, max-snippet:-1, max-image-preview:large, max-video-preview:-1\" \/>\n<link rel=\"canonical\" href=\"https:\/\/www.bellunopress.it\/fr\/2023\/11\/14\/violenza-di-genere-due-appuntamenti-di-confindustria-il-20-e-29-novembre\/\" \/>\n<meta property=\"og:locale\" content=\"fr_FR\" \/>\n<meta property=\"og:type\" content=\"article\" \/>\n<meta property=\"og:title\" content=\"Violenza di genere. Due appuntamenti di Confindustria, il 20 e 29 novembre - Bellunopress - Dolomiti\" \/>\n<meta property=\"og:description\" content=\"Belluno, 14 novembre 2023 &#8211; &#8220;La violenza contro le donne resta una piaga da combattere e prevenire anche nel Bellunese: la nostra provincia non \u00e8 immune e per questo non va abbassata la guardia. La violenza di genere riguarda tutti da vicino: \u00e8 il termometro della civilt\u00e0 di un Paese e di un territorio. Per [&hellip;]\" \/>\n<meta property=\"og:url\" content=\"https:\/\/www.bellunopress.it\/fr\/2023\/11\/14\/violenza-di-genere-due-appuntamenti-di-confindustria-il-20-e-29-novembre\/\" \/>\n<meta property=\"og:site_name\" content=\"Bellunopress - Dolomiti\" \/>\n<meta property=\"article:publisher\" content=\"https:\/\/www.facebook.com\/profile.php?id=100008943462799\" \/>\n<meta property=\"article:published_time\" content=\"2023-11-14T13:34:04+00:00\" \/>\n<meta property=\"og:image\" content=\"https:\/\/www.bellunopress.it\/wp-content\/uploads\/2020\/03\/Lorraine_Berton_edited.jpg\" \/>\n\t<meta property=\"og:image:width\" content=\"612\" \/>\n\t<meta property=\"og:image:height\" content=\"673\" \/>\n\t<meta property=\"og:image:type\" content=\"image\/jpeg\" \/>\n<meta name=\"author\" content=\"redazione\" \/>\n<meta name=\"twitter:card\" content=\"summary_large_image\" \/>\n<meta name=\"twitter:creator\" content=\"@bellunopress\" \/>\n<meta name=\"twitter:site\" content=\"@bellunopress\" \/>\n<meta name=\"twitter:label1\" content=\"Written by\" \/>\n\t<meta name=\"twitter:data1\" content=\"redazione\" \/>\n\t<meta name=\"twitter:label2\" content=\"Est. reading time\" \/>\n\t<meta name=\"twitter:data2\" content=\"3 minutes\" \/>\n<script type=\"application\/ld+json\" class=\"yoast-schema-graph\">{\"@context\":\"https:\\\/\\\/schema.org\",\"@graph\":[{\"@type\":\"Article\",\"@id\":\"https:\\\/\\\/www.bellunopress.it\\\/2023\\\/11\\\/14\\\/violenza-di-genere-due-appuntamenti-di-confindustria-il-20-e-29-novembre\\\/#article\",\"isPartOf\":{\"@id\":\"https:\\\/\\\/www.bellunopress.it\\\/2023\\\/11\\\/14\\\/violenza-di-genere-due-appuntamenti-di-confindustria-il-20-e-29-novembre\\\/\"},\"author\":{\"name\":\"redazione\",\"@id\":\"https:\\\/\\\/www.bellunopress.it\\\/#\\\/schema\\\/person\\\/79bb06722b37ece1c03d3e94beb30d73\"},\"headline\":\"Violenza di genere. Due appuntamenti di Confindustria, il 20 e 29 novembre\",\"datePublished\":\"2023-11-14T13:34:04+00:00\",\"mainEntityOfPage\":{\"@id\":\"https:\\\/\\\/www.bellunopress.it\\\/2023\\\/11\\\/14\\\/violenza-di-genere-due-appuntamenti-di-confindustria-il-20-e-29-novembre\\\/\"},\"wordCount\":578,\"publisher\":{\"@id\":\"https:\\\/\\\/www.bellunopress.it\\\/#organization\"},\"image\":{\"@id\":\"https:\\\/\\\/www.bellunopress.it\\\/2023\\\/11\\\/14\\\/violenza-di-genere-due-appuntamenti-di-confindustria-il-20-e-29-novembre\\\/#primaryimage\"},\"thumbnailUrl\":\"https:\\\/\\\/www.bellunopress.it\\\/wp-content\\\/uploads\\\/2020\\\/03\\\/Lorraine_Berton_edited.jpg\",\"articleSection\":[\"Appuntamenti, Eventi\",\"Arte, Cultura, Spettacoli, Scienza\",\"Pausa Caff\u00e8\"],\"inLanguage\":\"fr-FR\"},{\"@type\":\"WebPage\",\"@id\":\"https:\\\/\\\/www.bellunopress.it\\\/2023\\\/11\\\/14\\\/violenza-di-genere-due-appuntamenti-di-confindustria-il-20-e-29-novembre\\\/\",\"url\":\"https:\\\/\\\/www.bellunopress.it\\\/2023\\\/11\\\/14\\\/violenza-di-genere-due-appuntamenti-di-confindustria-il-20-e-29-novembre\\\/\",\"name\":\"Violenza di genere. Due appuntamenti di Confindustria, il 20 e 29 novembre - Bellunopress - Dolomiti\",\"isPartOf\":{\"@id\":\"https:\\\/\\\/www.bellunopress.it\\\/#website\"},\"primaryImageOfPage\":{\"@id\":\"https:\\\/\\\/www.bellunopress.it\\\/2023\\\/11\\\/14\\\/violenza-di-genere-due-appuntamenti-di-confindustria-il-20-e-29-novembre\\\/#primaryimage\"},\"image\":{\"@id\":\"https:\\\/\\\/www.bellunopress.it\\\/2023\\\/11\\\/14\\\/violenza-di-genere-due-appuntamenti-di-confindustria-il-20-e-29-novembre\\\/#primaryimage\"},\"thumbnailUrl\":\"https:\\\/\\\/www.bellunopress.it\\\/wp-content\\\/uploads\\\/2020\\\/03\\\/Lorraine_Berton_edited.jpg\",\"datePublished\":\"2023-11-14T13:34:04+00:00\",\"breadcrumb\":{\"@id\":\"https:\\\/\\\/www.bellunopress.it\\\/2023\\\/11\\\/14\\\/violenza-di-genere-due-appuntamenti-di-confindustria-il-20-e-29-novembre\\\/#breadcrumb\"},\"inLanguage\":\"fr-FR\",\"potentialAction\":[{\"@type\":\"ReadAction\",\"target\":[\"https:\\\/\\\/www.bellunopress.it\\\/2023\\\/11\\\/14\\\/violenza-di-genere-due-appuntamenti-di-confindustria-il-20-e-29-novembre\\\/\"]}]},{\"@type\":\"ImageObject\",\"inLanguage\":\"fr-FR\",\"@id\":\"https:\\\/\\\/www.bellunopress.it\\\/2023\\\/11\\\/14\\\/violenza-di-genere-due-appuntamenti-di-confindustria-il-20-e-29-novembre\\\/#primaryimage\",\"url\":\"https:\\\/\\\/www.bellunopress.it\\\/wp-content\\\/uploads\\\/2020\\\/03\\\/Lorraine_Berton_edited.jpg\",\"contentUrl\":\"https:\\\/\\\/www.bellunopress.it\\\/wp-content\\\/uploads\\\/2020\\\/03\\\/Lorraine_Berton_edited.jpg\",\"width\":612,\"height\":673,\"caption\":\"Lorraine Berton - Presidente di MIDO, ANFAO e Confindustria Belluno Dolomiti\"},{\"@type\":\"BreadcrumbList\",\"@id\":\"https:\\\/\\\/www.bellunopress.it\\\/2023\\\/11\\\/14\\\/violenza-di-genere-due-appuntamenti-di-confindustria-il-20-e-29-novembre\\\/#breadcrumb\",\"itemListElement\":[{\"@type\":\"ListItem\",\"position\":1,\"name\":\"Home\",\"item\":\"https:\\\/\\\/www.bellunopress.it\\\/\"},{\"@type\":\"ListItem\",\"position\":2,\"name\":\"Violenza di genere. Due appuntamenti di Confindustria, il 20 e 29 novembre\"}]},{\"@type\":\"WebSite\",\"@id\":\"https:\\\/\\\/www.bellunopress.it\\\/#website\",\"url\":\"https:\\\/\\\/www.bellunopress.it\\\/\",\"name\":\"Bellunopress - Dolomiti\",\"description\":\"e-mail: redazione@bellunopress.it\",\"publisher\":{\"@id\":\"https:\\\/\\\/www.bellunopress.it\\\/#organization\"},\"potentialAction\":[{\"@type\":\"SearchAction\",\"target\":{\"@type\":\"EntryPoint\",\"urlTemplate\":\"https:\\\/\\\/www.bellunopress.it\\\/?s={search_term_string}\"},\"query-input\":{\"@type\":\"PropertyValueSpecification\",\"valueRequired\":true,\"valueName\":\"search_term_string\"}}],\"inLanguage\":\"fr-FR\"},{\"@type\":\"Organization\",\"@id\":\"https:\\\/\\\/www.bellunopress.it\\\/#organization\",\"name\":\"Bellunopress\",\"url\":\"https:\\\/\\\/www.bellunopress.it\\\/\",\"logo\":{\"@type\":\"ImageObject\",\"inLanguage\":\"fr-FR\",\"@id\":\"https:\\\/\\\/www.bellunopress.it\\\/#\\\/schema\\\/logo\\\/image\\\/\",\"url\":\"https:\\\/\\\/www.bellunopress.it\\\/wp-content\\\/uploads\\\/2011\\\/05\\\/cropped-logo-bellunopress-.jpg\",\"contentUrl\":\"https:\\\/\\\/www.bellunopress.it\\\/wp-content\\\/uploads\\\/2011\\\/05\\\/cropped-logo-bellunopress-.jpg\",\"width\":512,\"height\":512,\"caption\":\"Bellunopress\"},\"image\":{\"@id\":\"https:\\\/\\\/www.bellunopress.it\\\/#\\\/schema\\\/logo\\\/image\\\/\"},\"sameAs\":[\"https:\\\/\\\/www.facebook.com\\\/profile.php?id=100008943462799\",\"https:\\\/\\\/x.com\\\/bellunopress\",\"https:\\\/\\\/www.linkedin.com\\\/hp\\\/?dnr=JBzUWaJfMUw8vbXJJ2tVW5-I3jZKvC4wsoxE&amp;amp;amp;amp;amp;amp;trk=nav_responsive_tab_home\",\"https:\\\/\\\/www.youtube.com\\\/channel\\\/UCxL0wu1uN0_3_7hGG0306cw\"]},{\"@type\":\"Person\",\"@id\":\"https:\\\/\\\/www.bellunopress.it\\\/#\\\/schema\\\/person\\\/79bb06722b37ece1c03d3e94beb30d73\",\"name\":\"redazione\",\"image\":{\"@type\":\"ImageObject\",\"inLanguage\":\"fr-FR\",\"@id\":\"https:\\\/\\\/secure.gravatar.com\\\/avatar\\\/37d968a2e67a6fd04c169c4bdef102d0bc5d31b2546345219e348575eb80e9a0?s=96&d=mm&r=g\",\"url\":\"https:\\\/\\\/secure.gravatar.com\\\/avatar\\\/37d968a2e67a6fd04c169c4bdef102d0bc5d31b2546345219e348575eb80e9a0?s=96&d=mm&r=g\",\"contentUrl\":\"https:\\\/\\\/secure.gravatar.com\\\/avatar\\\/37d968a2e67a6fd04c169c4bdef102d0bc5d31b2546345219e348575eb80e9a0?s=96&d=mm&r=g\",\"caption\":\"redazione\"},\"sameAs\":[\"http:\\\/\\\/www.bellunopress.it\",\"https:\\\/\\\/x.com\\\/bellunopress\"],\"url\":\"https:\\\/\\\/www.bellunopress.it\\\/fr\\\/author\\\/redazione\\\/\"}]}<\/script>\n<!-- \/ Yoast SEO plugin. -->","yoast_head_json":{"title":"Violenza di genere. Due appuntamenti di Confindustria, il 20 e 29 novembre - Bellunopress - Dolomiti","robots":{"index":"index","follow":"follow","max-snippet":"max-snippet:-1","max-image-preview":"max-image-preview:large","max-video-preview":"max-video-preview:-1"},"canonical":"https:\/\/www.bellunopress.it\/fr\/2023\/11\/14\/violenza-di-genere-due-appuntamenti-di-confindustria-il-20-e-29-novembre\/","og_locale":"fr_FR","og_type":"article","og_title":"Violenza di genere. Due appuntamenti di Confindustria, il 20 e 29 novembre - Bellunopress - Dolomiti","og_description":"Belluno, 14 novembre 2023 &#8211; &#8220;La violenza contro le donne resta una piaga da combattere e prevenire anche nel Bellunese: la nostra provincia non \u00e8 immune e per questo non va abbassata la guardia. La violenza di genere riguarda tutti da vicino: \u00e8 il termometro della civilt\u00e0 di un Paese e di un territorio. Per [&hellip;]","og_url":"https:\/\/www.bellunopress.it\/fr\/2023\/11\/14\/violenza-di-genere-due-appuntamenti-di-confindustria-il-20-e-29-novembre\/","og_site_name":"Bellunopress - Dolomiti","article_publisher":"https:\/\/www.facebook.com\/profile.php?id=100008943462799","article_published_time":"2023-11-14T13:34:04+00:00","og_image":[{"width":612,"height":673,"url":"https:\/\/www.bellunopress.it\/wp-content\/uploads\/2020\/03\/Lorraine_Berton_edited.jpg","type":"image\/jpeg"}],"author":"redazione","twitter_card":"summary_large_image","twitter_creator":"@bellunopress","twitter_site":"@bellunopress","twitter_misc":{"Written by":"redazione","Est. reading time":"3 minutes"},"schema":{"@context":"https:\/\/schema.org","@graph":[{"@type":"Article","@id":"https:\/\/www.bellunopress.it\/2023\/11\/14\/violenza-di-genere-due-appuntamenti-di-confindustria-il-20-e-29-novembre\/#article","isPartOf":{"@id":"https:\/\/www.bellunopress.it\/2023\/11\/14\/violenza-di-genere-due-appuntamenti-di-confindustria-il-20-e-29-novembre\/"},"author":{"name":"redazione","@id":"https:\/\/www.bellunopress.it\/#\/schema\/person\/79bb06722b37ece1c03d3e94beb30d73"},"headline":"Violenza di genere. Due appuntamenti di Confindustria, il 20 e 29 novembre","datePublished":"2023-11-14T13:34:04+00:00","mainEntityOfPage":{"@id":"https:\/\/www.bellunopress.it\/2023\/11\/14\/violenza-di-genere-due-appuntamenti-di-confindustria-il-20-e-29-novembre\/"},"wordCount":578,"publisher":{"@id":"https:\/\/www.bellunopress.it\/#organization"},"image":{"@id":"https:\/\/www.bellunopress.it\/2023\/11\/14\/violenza-di-genere-due-appuntamenti-di-confindustria-il-20-e-29-novembre\/#primaryimage"},"thumbnailUrl":"https:\/\/www.bellunopress.it\/wp-content\/uploads\/2020\/03\/Lorraine_Berton_edited.jpg","articleSection":["Appuntamenti, Eventi","Arte, Cultura, Spettacoli, Scienza","Pausa Caff\u00e8"],"inLanguage":"fr-FR"},{"@type":"WebPage","@id":"https:\/\/www.bellunopress.it\/2023\/11\/14\/violenza-di-genere-due-appuntamenti-di-confindustria-il-20-e-29-novembre\/","url":"https:\/\/www.bellunopress.it\/2023\/11\/14\/violenza-di-genere-due-appuntamenti-di-confindustria-il-20-e-29-novembre\/","name":"Violenza di genere. Due appuntamenti di Confindustria, il 20 e 29 novembre - Bellunopress - Dolomiti","isPartOf":{"@id":"https:\/\/www.bellunopress.it\/#website"},"primaryImageOfPage":{"@id":"https:\/\/www.bellunopress.it\/2023\/11\/14\/violenza-di-genere-due-appuntamenti-di-confindustria-il-20-e-29-novembre\/#primaryimage"},"image":{"@id":"https:\/\/www.bellunopress.it\/2023\/11\/14\/violenza-di-genere-due-appuntamenti-di-confindustria-il-20-e-29-novembre\/#primaryimage"},"thumbnailUrl":"https:\/\/www.bellunopress.it\/wp-content\/uploads\/2020\/03\/Lorraine_Berton_edited.jpg","datePublished":"2023-11-14T13:34:04+00:00","breadcrumb":{"@id":"https:\/\/www.bellunopress.it\/2023\/11\/14\/violenza-di-genere-due-appuntamenti-di-confindustria-il-20-e-29-novembre\/#breadcrumb"},"inLanguage":"fr-FR","potentialAction":[{"@type":"ReadAction","target":["https:\/\/www.bellunopress.it\/2023\/11\/14\/violenza-di-genere-due-appuntamenti-di-confindustria-il-20-e-29-novembre\/"]}]},{"@type":"ImageObject","inLanguage":"fr-FR","@id":"https:\/\/www.bellunopress.it\/2023\/11\/14\/violenza-di-genere-due-appuntamenti-di-confindustria-il-20-e-29-novembre\/#primaryimage","url":"https:\/\/www.bellunopress.it\/wp-content\/uploads\/2020\/03\/Lorraine_Berton_edited.jpg","contentUrl":"https:\/\/www.bellunopress.it\/wp-content\/uploads\/2020\/03\/Lorraine_Berton_edited.jpg","width":612,"height":673,"caption":"Lorraine Berton - Presidente di MIDO, ANFAO e Confindustria Belluno Dolomiti"},{"@type":"BreadcrumbList","@id":"https:\/\/www.bellunopress.it\/2023\/11\/14\/violenza-di-genere-due-appuntamenti-di-confindustria-il-20-e-29-novembre\/#breadcrumb","itemListElement":[{"@type":"ListItem","position":1,"name":"Home","item":"https:\/\/www.bellunopress.it\/"},{"@type":"ListItem","position":2,"name":"Violenza di genere. Due appuntamenti di Confindustria, il 20 e 29 novembre"}]},{"@type":"WebSite","@id":"https:\/\/www.bellunopress.it\/#website","url":"https:\/\/www.bellunopress.it\/","name":"Bellunopress - Dolomiti","description":"e-mail: redazione@bellunopress.it","publisher":{"@id":"https:\/\/www.bellunopress.it\/#organization"},"potentialAction":[{"@type":"SearchAction","target":{"@type":"EntryPoint","urlTemplate":"https:\/\/www.bellunopress.it\/?s={search_term_string}"},"query-input":{"@type":"PropertyValueSpecification","valueRequired":true,"valueName":"search_term_string"}}],"inLanguage":"fr-FR"},{"@type":"Organization","@id":"https:\/\/www.bellunopress.it\/#organization","name":"Bellunopress","url":"https:\/\/www.bellunopress.it\/","logo":{"@type":"ImageObject","inLanguage":"fr-FR","@id":"https:\/\/www.bellunopress.it\/#\/schema\/logo\/image\/","url":"https:\/\/www.bellunopress.it\/wp-content\/uploads\/2011\/05\/cropped-logo-bellunopress-.jpg","contentUrl":"https:\/\/www.bellunopress.it\/wp-content\/uploads\/2011\/05\/cropped-logo-bellunopress-.jpg","width":512,"height":512,"caption":"Bellunopress"},"image":{"@id":"https:\/\/www.bellunopress.it\/#\/schema\/logo\/image\/"},"sameAs":["https:\/\/www.facebook.com\/profile.php?id=100008943462799","https:\/\/x.com\/bellunopress","https:\/\/www.linkedin.com\/hp\/?dnr=JBzUWaJfMUw8vbXJJ2tVW5-I3jZKvC4wsoxE&amp;amp;amp;amp;amp;amp;trk=nav_responsive_tab_home","https:\/\/www.youtube.com\/channel\/UCxL0wu1uN0_3_7hGG0306cw"]},{"@type":"Person","@id":"https:\/\/www.bellunopress.it\/#\/schema\/person\/79bb06722b37ece1c03d3e94beb30d73","name":"r\u00e9daction","image":{"@type":"ImageObject","inLanguage":"fr-FR","@id":"https:\/\/secure.gravatar.com\/avatar\/37d968a2e67a6fd04c169c4bdef102d0bc5d31b2546345219e348575eb80e9a0?s=96&d=mm&r=g","url":"https:\/\/secure.gravatar.com\/avatar\/37d968a2e67a6fd04c169c4bdef102d0bc5d31b2546345219e348575eb80e9a0?s=96&d=mm&r=g","contentUrl":"https:\/\/secure.gravatar.com\/avatar\/37d968a2e67a6fd04c169c4bdef102d0bc5d31b2546345219e348575eb80e9a0?s=96&d=mm&r=g","caption":"redazione"},"sameAs":["http:\/\/www.bellunopress.it","https:\/\/x.com\/bellunopress"],"url":"https:\/\/www.bellunopress.it\/fr\/author\/redazione\/"}]}},"_links":{"self":[{"href":"https:\/\/www.bellunopress.it\/fr\/wp-json\/wp\/v2\/posts\/145903","targetHints":{"allow":["GET"]}}],"collection":[{"href":"https:\/\/www.bellunopress.it\/fr\/wp-json\/wp\/v2\/posts"}],"about":[{"href":"https:\/\/www.bellunopress.it\/fr\/wp-json\/wp\/v2\/types\/post"}],"author":[{"embeddable":true,"href":"https:\/\/www.bellunopress.it\/fr\/wp-json\/wp\/v2\/users\/2"}],"replies":[{"embeddable":true,"href":"https:\/\/www.bellunopress.it\/fr\/wp-json\/wp\/v2\/comments?post=145903"}],"version-history":[{"count":1,"href":"https:\/\/www.bellunopress.it\/fr\/wp-json\/wp\/v2\/posts\/145903\/revisions"}],"predecessor-version":[{"id":145904,"href":"https:\/\/www.bellunopress.it\/fr\/wp-json\/wp\/v2\/posts\/145903\/revisions\/145904"}],"wp:featuredmedia":[{"embeddable":true,"href":"https:\/\/www.bellunopress.it\/fr\/wp-json\/wp\/v2\/media\/113249"}],"wp:attachment":[{"href":"https:\/\/www.bellunopress.it\/fr\/wp-json\/wp\/v2\/media?parent=145903"}],"wp:term":[{"taxonomy":"category","embeddable":true,"href":"https:\/\/www.bellunopress.it\/fr\/wp-json\/wp\/v2\/categories?post=145903"},{"taxonomy":"post_tag","embeddable":true,"href":"https:\/\/www.bellunopress.it\/fr\/wp-json\/wp\/v2\/tags?post=145903"}],"curies":[{"name":"wp","href":"https:\/\/api.w.org\/{rel}","templated":true}]}}