{"id":145890,"date":"2023-11-13T18:30:47","date_gmt":"2023-11-13T17:30:47","guid":{"rendered":"https:\/\/www.bellunopress.it\/?p=145890"},"modified":"2023-11-13T19:41:34","modified_gmt":"2023-11-13T18:41:34","slug":"ancora-senza-esito-le-ricerche-del-cacciatore-di-limana","status":"publish","type":"post","link":"https:\/\/www.bellunopress.it\/fr\/2023\/11\/13\/ancora-senza-esito-le-ricerche-del-cacciatore-di-limana\/","title":{"rendered":"Ancora senza esito le ricerche del cacciatore di Limana"},"content":{"rendered":"<figure id=\"attachment_145894\" aria-describedby=\"caption-attachment-145894\" style=\"width: 1024px\" class=\"wp-caption alignleft\"><img loading=\"lazy\" decoding=\"async\" class=\"size-full wp-image-145894\" src=\"https:\/\/www.bellunopress.it\/wp-content\/uploads\/2023\/11\/ricerca-cacciatore-nel-Piave.jpeg\" alt=\"\" width=\"1024\" height=\"678\" srcset=\"https:\/\/www.bellunopress.it\/wp-content\/uploads\/2023\/11\/ricerca-cacciatore-nel-Piave.jpeg 1024w, https:\/\/www.bellunopress.it\/wp-content\/uploads\/2023\/11\/ricerca-cacciatore-nel-Piave-500x331.jpeg 500w, https:\/\/www.bellunopress.it\/wp-content\/uploads\/2023\/11\/ricerca-cacciatore-nel-Piave-1000x662.jpeg 1000w, https:\/\/www.bellunopress.it\/wp-content\/uploads\/2023\/11\/ricerca-cacciatore-nel-Piave-696x461.jpeg 696w\" sizes=\"auto, (max-width: 1024px) 100vw, 1024px\" \/><figcaption id=\"caption-attachment-145894\" class=\"wp-caption-text\">Sommozzatori dei vigili del fuoco alla ricerca del cacciatore disperso<\/figcaption><\/figure>\n<p>Limana (BL), 13 &#8211; 11 &#8211; 23 Sono ancora senza esito le ricerche di Doriano Gasperin, il cacciatore di Limana (BL) di 65 anni, la cui auto \u00e8 stata rinvenuta parcheggiata nei pressi della cava di Praloran.<\/p>\n<p>Oggi, dopo il segnale indicato dall&#8217;unit\u00e0 cinofila molecolare verso il greto del Piave e l&#8217;area disegnata dall&#8217;ultima cella telefonica agganciata dal cellulare dell&#8217;uomo, le ricerche si sono concentrate sul tratto che va da Ponte San Felice allo sbocco del torrente Turriga e da Ponte San Felice allo sbocco del Cordevole. Una cinquantina le persone presenti oggi, tra Soccorso alpino di Belluno e Feltre, droni, Soccorso alpino della Guardia di finanza di Auronzo e Cortina, Vigili del fuoco con sommozzatori e soccorso fluviale, Protezione civile.<\/p>\n<p>Domattina le ricerche riprenderanno dando priorit\u00e0 alla parte fluviale e proseguendo verso Busche, con il supporto delle squadre a terra per visionare le sponde.<\/p>","protected":false},"excerpt":{"rendered":"<p>Limana (BL), 13 &#8211; 11 &#8211; 23 Sono ancora senza esito le ricerche di Doriano Gasperin, il cacciatore di Limana (BL) di 65 anni, la cui auto \u00e8 stata rinvenuta parcheggiata nei pressi della cava di Praloran. Oggi, dopo il segnale indicato dall&#8217;unit\u00e0 cinofila molecolare verso il greto del Piave e l&#8217;area disegnata dall&#8217;ultima cella [&hellip;]<\/p>\n","protected":false},"author":2,"featured_media":145894,"comment_status":"closed","ping_status":"open","sticky":false,"template":"","format":"standard","meta":{"footnotes":""},"categories":[5],"tags":[],"class_list":["post-145890","post","type-post","status-publish","format-standard","has-post-thumbnail","category-cronaca"],"yoast_head":"<!-- This site is optimized with the Yoast SEO plugin v28.4 - https:\/\/yoast.com\/product\/yoast-seo-wordpress\/ -->\n<title>Ancora senza esito le ricerche del cacciatore di Limana - Bellunopress - Dolomiti<\/title>\n<meta name=\"robots\" content=\"index, follow, max-snippet:-1, max-image-preview:large, max-video-preview:-1\" \/>\n<link rel=\"canonical\" href=\"https:\/\/www.bellunopress.it\/fr\/2023\/11\/13\/ancora-senza-esito-le-ricerche-del-cacciatore-di-limana\/\" \/>\n<meta property=\"og:locale\" content=\"fr_FR\" \/>\n<meta property=\"og:type\" content=\"article\" \/>\n<meta property=\"og:title\" content=\"Ancora senza esito le ricerche del cacciatore di Limana - Bellunopress - Dolomiti\" \/>\n<meta property=\"og:description\" content=\"Limana (BL), 13 &#8211; 11 &#8211; 23 Sono ancora senza esito le ricerche di Doriano Gasperin, il cacciatore di Limana (BL) di 65 anni, la cui auto \u00e8 stata rinvenuta parcheggiata nei pressi della cava di Praloran. Oggi, dopo il segnale indicato dall&#8217;unit\u00e0 cinofila molecolare verso il greto del Piave e l&#8217;area disegnata dall&#8217;ultima cella [&hellip;]\" \/>\n<meta property=\"og:url\" content=\"https:\/\/www.bellunopress.it\/fr\/2023\/11\/13\/ancora-senza-esito-le-ricerche-del-cacciatore-di-limana\/\" \/>\n<meta property=\"og:site_name\" content=\"Bellunopress - Dolomiti\" \/>\n<meta property=\"article:publisher\" content=\"https:\/\/www.facebook.com\/profile.php?id=100008943462799\" \/>\n<meta property=\"article:published_time\" content=\"2023-11-13T17:30:47+00:00\" \/>\n<meta property=\"article:modified_time\" content=\"2023-11-13T18:41:34+00:00\" \/>\n<meta property=\"og:image\" content=\"https:\/\/www.bellunopress.it\/wp-content\/uploads\/2023\/11\/ricerca-cacciatore-nel-Piave.jpeg\" \/>\n\t<meta property=\"og:image:width\" content=\"1024\" \/>\n\t<meta property=\"og:image:height\" content=\"678\" \/>\n\t<meta property=\"og:image:type\" content=\"image\/jpeg\" \/>\n<meta name=\"author\" content=\"redazione\" \/>\n<meta name=\"twitter:card\" content=\"summary_large_image\" \/>\n<meta name=\"twitter:creator\" content=\"@bellunopress\" \/>\n<meta name=\"twitter:site\" content=\"@bellunopress\" \/>\n<meta name=\"twitter:label1\" content=\"\u00c9crit par\" \/>\n\t<meta name=\"twitter:data1\" content=\"redazione\" \/>\n\t<meta name=\"twitter:label2\" content=\"Dur\u00e9e de lecture estim\u00e9e\" \/>\n\t<meta name=\"twitter:data2\" content=\"1 minute\" \/>\n<script type=\"application\/ld+json\" class=\"yoast-schema-graph\">{\"@context\":\"https:\\\/\\\/schema.org\",\"@graph\":[{\"@type\":\"Article\",\"@id\":\"https:\\\/\\\/www.bellunopress.it\\\/2023\\\/11\\\/13\\\/ancora-senza-esito-le-ricerche-del-cacciatore-di-limana\\\/#article\",\"isPartOf\":{\"@id\":\"https:\\\/\\\/www.bellunopress.it\\\/2023\\\/11\\\/13\\\/ancora-senza-esito-le-ricerche-del-cacciatore-di-limana\\\/\"},\"author\":{\"name\":\"redazione\",\"@id\":\"https:\\\/\\\/www.bellunopress.it\\\/#\\\/schema\\\/person\\\/79bb06722b37ece1c03d3e94beb30d73\"},\"headline\":\"Ancora senza esito le ricerche del cacciatore di Limana\",\"datePublished\":\"2023-11-13T17:30:47+00:00\",\"dateModified\":\"2023-11-13T18:41:34+00:00\",\"mainEntityOfPage\":{\"@id\":\"https:\\\/\\\/www.bellunopress.it\\\/2023\\\/11\\\/13\\\/ancora-senza-esito-le-ricerche-del-cacciatore-di-limana\\\/\"},\"wordCount\":170,\"publisher\":{\"@id\":\"https:\\\/\\\/www.bellunopress.it\\\/#organization\"},\"image\":{\"@id\":\"https:\\\/\\\/www.bellunopress.it\\\/2023\\\/11\\\/13\\\/ancora-senza-esito-le-ricerche-del-cacciatore-di-limana\\\/#primaryimage\"},\"thumbnailUrl\":\"https:\\\/\\\/www.bellunopress.it\\\/wp-content\\\/uploads\\\/2023\\\/11\\\/ricerca-cacciatore-nel-Piave.jpeg\",\"articleSection\":[\"Cronaca\\\/Politica\"],\"inLanguage\":\"fr-FR\"},{\"@type\":\"WebPage\",\"@id\":\"https:\\\/\\\/www.bellunopress.it\\\/2023\\\/11\\\/13\\\/ancora-senza-esito-le-ricerche-del-cacciatore-di-limana\\\/\",\"url\":\"https:\\\/\\\/www.bellunopress.it\\\/2023\\\/11\\\/13\\\/ancora-senza-esito-le-ricerche-del-cacciatore-di-limana\\\/\",\"name\":\"Ancora senza esito le ricerche del cacciatore di Limana - Bellunopress - Dolomiti\",\"isPartOf\":{\"@id\":\"https:\\\/\\\/www.bellunopress.it\\\/#website\"},\"primaryImageOfPage\":{\"@id\":\"https:\\\/\\\/www.bellunopress.it\\\/2023\\\/11\\\/13\\\/ancora-senza-esito-le-ricerche-del-cacciatore-di-limana\\\/#primaryimage\"},\"image\":{\"@id\":\"https:\\\/\\\/www.bellunopress.it\\\/2023\\\/11\\\/13\\\/ancora-senza-esito-le-ricerche-del-cacciatore-di-limana\\\/#primaryimage\"},\"thumbnailUrl\":\"https:\\\/\\\/www.bellunopress.it\\\/wp-content\\\/uploads\\\/2023\\\/11\\\/ricerca-cacciatore-nel-Piave.jpeg\",\"datePublished\":\"2023-11-13T17:30:47+00:00\",\"dateModified\":\"2023-11-13T18:41:34+00:00\",\"breadcrumb\":{\"@id\":\"https:\\\/\\\/www.bellunopress.it\\\/2023\\\/11\\\/13\\\/ancora-senza-esito-le-ricerche-del-cacciatore-di-limana\\\/#breadcrumb\"},\"inLanguage\":\"fr-FR\",\"potentialAction\":[{\"@type\":\"ReadAction\",\"target\":[\"https:\\\/\\\/www.bellunopress.it\\\/2023\\\/11\\\/13\\\/ancora-senza-esito-le-ricerche-del-cacciatore-di-limana\\\/\"]}]},{\"@type\":\"ImageObject\",\"inLanguage\":\"fr-FR\",\"@id\":\"https:\\\/\\\/www.bellunopress.it\\\/2023\\\/11\\\/13\\\/ancora-senza-esito-le-ricerche-del-cacciatore-di-limana\\\/#primaryimage\",\"url\":\"https:\\\/\\\/www.bellunopress.it\\\/wp-content\\\/uploads\\\/2023\\\/11\\\/ricerca-cacciatore-nel-Piave.jpeg\",\"contentUrl\":\"https:\\\/\\\/www.bellunopress.it\\\/wp-content\\\/uploads\\\/2023\\\/11\\\/ricerca-cacciatore-nel-Piave.jpeg\",\"width\":1024,\"height\":678,\"caption\":\"Sommozzatori dei vigili del fuoco alla ricerca del cacciatore disperso\"},{\"@type\":\"BreadcrumbList\",\"@id\":\"https:\\\/\\\/www.bellunopress.it\\\/2023\\\/11\\\/13\\\/ancora-senza-esito-le-ricerche-del-cacciatore-di-limana\\\/#breadcrumb\",\"itemListElement\":[{\"@type\":\"ListItem\",\"position\":1,\"name\":\"Home\",\"item\":\"https:\\\/\\\/www.bellunopress.it\\\/\"},{\"@type\":\"ListItem\",\"position\":2,\"name\":\"Ancora senza esito le ricerche del cacciatore di Limana\"}]},{\"@type\":\"WebSite\",\"@id\":\"https:\\\/\\\/www.bellunopress.it\\\/#website\",\"url\":\"https:\\\/\\\/www.bellunopress.it\\\/\",\"name\":\"Bellunopress - Dolomiti\",\"description\":\"e-mail: redazione@bellunopress.it\",\"publisher\":{\"@id\":\"https:\\\/\\\/www.bellunopress.it\\\/#organization\"},\"potentialAction\":[{\"@type\":\"SearchAction\",\"target\":{\"@type\":\"EntryPoint\",\"urlTemplate\":\"https:\\\/\\\/www.bellunopress.it\\\/?s={search_term_string}\"},\"query-input\":{\"@type\":\"PropertyValueSpecification\",\"valueRequired\":true,\"valueName\":\"search_term_string\"}}],\"inLanguage\":\"fr-FR\"},{\"@type\":\"Organization\",\"@id\":\"https:\\\/\\\/www.bellunopress.it\\\/#organization\",\"name\":\"Bellunopress\",\"url\":\"https:\\\/\\\/www.bellunopress.it\\\/\",\"logo\":{\"@type\":\"ImageObject\",\"inLanguage\":\"fr-FR\",\"@id\":\"https:\\\/\\\/www.bellunopress.it\\\/#\\\/schema\\\/logo\\\/image\\\/\",\"url\":\"https:\\\/\\\/www.bellunopress.it\\\/wp-content\\\/uploads\\\/2011\\\/05\\\/cropped-logo-bellunopress-.jpg\",\"contentUrl\":\"https:\\\/\\\/www.bellunopress.it\\\/wp-content\\\/uploads\\\/2011\\\/05\\\/cropped-logo-bellunopress-.jpg\",\"width\":512,\"height\":512,\"caption\":\"Bellunopress\"},\"image\":{\"@id\":\"https:\\\/\\\/www.bellunopress.it\\\/#\\\/schema\\\/logo\\\/image\\\/\"},\"sameAs\":[\"https:\\\/\\\/www.facebook.com\\\/profile.php?id=100008943462799\",\"https:\\\/\\\/x.com\\\/bellunopress\",\"https:\\\/\\\/www.linkedin.com\\\/hp\\\/?dnr=JBzUWaJfMUw8vbXJJ2tVW5-I3jZKvC4wsoxE&amp;amp;amp;amp;amp;amp;trk=nav_responsive_tab_home\",\"https:\\\/\\\/www.youtube.com\\\/channel\\\/UCxL0wu1uN0_3_7hGG0306cw\"]},{\"@type\":\"Person\",\"@id\":\"https:\\\/\\\/www.bellunopress.it\\\/#\\\/schema\\\/person\\\/79bb06722b37ece1c03d3e94beb30d73\",\"name\":\"redazione\",\"image\":{\"@type\":\"ImageObject\",\"inLanguage\":\"fr-FR\",\"@id\":\"https:\\\/\\\/secure.gravatar.com\\\/avatar\\\/37d968a2e67a6fd04c169c4bdef102d0bc5d31b2546345219e348575eb80e9a0?s=96&d=mm&r=g\",\"url\":\"https:\\\/\\\/secure.gravatar.com\\\/avatar\\\/37d968a2e67a6fd04c169c4bdef102d0bc5d31b2546345219e348575eb80e9a0?s=96&d=mm&r=g\",\"contentUrl\":\"https:\\\/\\\/secure.gravatar.com\\\/avatar\\\/37d968a2e67a6fd04c169c4bdef102d0bc5d31b2546345219e348575eb80e9a0?s=96&d=mm&r=g\",\"caption\":\"redazione\"},\"sameAs\":[\"http:\\\/\\\/www.bellunopress.it\",\"https:\\\/\\\/x.com\\\/bellunopress\"],\"url\":\"https:\\\/\\\/www.bellunopress.it\\\/fr\\\/author\\\/redazione\\\/\"}]}<\/script>\n<!-- \/ Yoast SEO plugin. -->","yoast_head_json":{"title":"Ancora senza esito le ricerche del cacciatore di Limana - Bellunopress - Dolomiti","robots":{"index":"index","follow":"follow","max-snippet":"max-snippet:-1","max-image-preview":"max-image-preview:large","max-video-preview":"max-video-preview:-1"},"canonical":"https:\/\/www.bellunopress.it\/fr\/2023\/11\/13\/ancora-senza-esito-le-ricerche-del-cacciatore-di-limana\/","og_locale":"fr_FR","og_type":"article","og_title":"Ancora senza esito le ricerche del cacciatore di Limana - Bellunopress - Dolomiti","og_description":"Limana (BL), 13 &#8211; 11 &#8211; 23 Sono ancora senza esito le ricerche di Doriano Gasperin, il cacciatore di Limana (BL) di 65 anni, la cui auto \u00e8 stata rinvenuta parcheggiata nei pressi della cava di Praloran. Oggi, dopo il segnale indicato dall&#8217;unit\u00e0 cinofila molecolare verso il greto del Piave e l&#8217;area disegnata dall&#8217;ultima cella [&hellip;]","og_url":"https:\/\/www.bellunopress.it\/fr\/2023\/11\/13\/ancora-senza-esito-le-ricerche-del-cacciatore-di-limana\/","og_site_name":"Bellunopress - Dolomiti","article_publisher":"https:\/\/www.facebook.com\/profile.php?id=100008943462799","article_published_time":"2023-11-13T17:30:47+00:00","article_modified_time":"2023-11-13T18:41:34+00:00","og_image":[{"width":1024,"height":678,"url":"https:\/\/www.bellunopress.it\/wp-content\/uploads\/2023\/11\/ricerca-cacciatore-nel-Piave.jpeg","type":"image\/jpeg"}],"author":"redazione","twitter_card":"summary_large_image","twitter_creator":"@bellunopress","twitter_site":"@bellunopress","twitter_misc":{"\u00c9crit par":"redazione","Dur\u00e9e de lecture estim\u00e9e":"1 minute"},"schema":{"@context":"https:\/\/schema.org","@graph":[{"@type":"Article","@id":"https:\/\/www.bellunopress.it\/2023\/11\/13\/ancora-senza-esito-le-ricerche-del-cacciatore-di-limana\/#article","isPartOf":{"@id":"https:\/\/www.bellunopress.it\/2023\/11\/13\/ancora-senza-esito-le-ricerche-del-cacciatore-di-limana\/"},"author":{"name":"redazione","@id":"https:\/\/www.bellunopress.it\/#\/schema\/person\/79bb06722b37ece1c03d3e94beb30d73"},"headline":"Ancora senza esito le ricerche del cacciatore di Limana","datePublished":"2023-11-13T17:30:47+00:00","dateModified":"2023-11-13T18:41:34+00:00","mainEntityOfPage":{"@id":"https:\/\/www.bellunopress.it\/2023\/11\/13\/ancora-senza-esito-le-ricerche-del-cacciatore-di-limana\/"},"wordCount":170,"publisher":{"@id":"https:\/\/www.bellunopress.it\/#organization"},"image":{"@id":"https:\/\/www.bellunopress.it\/2023\/11\/13\/ancora-senza-esito-le-ricerche-del-cacciatore-di-limana\/#primaryimage"},"thumbnailUrl":"https:\/\/www.bellunopress.it\/wp-content\/uploads\/2023\/11\/ricerca-cacciatore-nel-Piave.jpeg","articleSection":["Cronaca\/Politica"],"inLanguage":"fr-FR"},{"@type":"WebPage","@id":"https:\/\/www.bellunopress.it\/2023\/11\/13\/ancora-senza-esito-le-ricerche-del-cacciatore-di-limana\/","url":"https:\/\/www.bellunopress.it\/2023\/11\/13\/ancora-senza-esito-le-ricerche-del-cacciatore-di-limana\/","name":"Ancora senza esito le ricerche del cacciatore di Limana - Bellunopress - Dolomiti","isPartOf":{"@id":"https:\/\/www.bellunopress.it\/#website"},"primaryImageOfPage":{"@id":"https:\/\/www.bellunopress.it\/2023\/11\/13\/ancora-senza-esito-le-ricerche-del-cacciatore-di-limana\/#primaryimage"},"image":{"@id":"https:\/\/www.bellunopress.it\/2023\/11\/13\/ancora-senza-esito-le-ricerche-del-cacciatore-di-limana\/#primaryimage"},"thumbnailUrl":"https:\/\/www.bellunopress.it\/wp-content\/uploads\/2023\/11\/ricerca-cacciatore-nel-Piave.jpeg","datePublished":"2023-11-13T17:30:47+00:00","dateModified":"2023-11-13T18:41:34+00:00","breadcrumb":{"@id":"https:\/\/www.bellunopress.it\/2023\/11\/13\/ancora-senza-esito-le-ricerche-del-cacciatore-di-limana\/#breadcrumb"},"inLanguage":"fr-FR","potentialAction":[{"@type":"ReadAction","target":["https:\/\/www.bellunopress.it\/2023\/11\/13\/ancora-senza-esito-le-ricerche-del-cacciatore-di-limana\/"]}]},{"@type":"ImageObject","inLanguage":"fr-FR","@id":"https:\/\/www.bellunopress.it\/2023\/11\/13\/ancora-senza-esito-le-ricerche-del-cacciatore-di-limana\/#primaryimage","url":"https:\/\/www.bellunopress.it\/wp-content\/uploads\/2023\/11\/ricerca-cacciatore-nel-Piave.jpeg","contentUrl":"https:\/\/www.bellunopress.it\/wp-content\/uploads\/2023\/11\/ricerca-cacciatore-nel-Piave.jpeg","width":1024,"height":678,"caption":"Sommozzatori dei vigili del fuoco alla ricerca del cacciatore disperso"},{"@type":"BreadcrumbList","@id":"https:\/\/www.bellunopress.it\/2023\/11\/13\/ancora-senza-esito-le-ricerche-del-cacciatore-di-limana\/#breadcrumb","itemListElement":[{"@type":"ListItem","position":1,"name":"Home","item":"https:\/\/www.bellunopress.it\/"},{"@type":"ListItem","position":2,"name":"Ancora senza esito le ricerche del cacciatore di Limana"}]},{"@type":"WebSite","@id":"https:\/\/www.bellunopress.it\/#website","url":"https:\/\/www.bellunopress.it\/","name":"Bellunopress - Dolomiti","description":"e-mail: redazione@bellunopress.it","publisher":{"@id":"https:\/\/www.bellunopress.it\/#organization"},"potentialAction":[{"@type":"SearchAction","target":{"@type":"EntryPoint","urlTemplate":"https:\/\/www.bellunopress.it\/?s={search_term_string}"},"query-input":{"@type":"PropertyValueSpecification","valueRequired":true,"valueName":"search_term_string"}}],"inLanguage":"fr-FR"},{"@type":"Organization","@id":"https:\/\/www.bellunopress.it\/#organization","name":"Bellunopress","url":"https:\/\/www.bellunopress.it\/","logo":{"@type":"ImageObject","inLanguage":"fr-FR","@id":"https:\/\/www.bellunopress.it\/#\/schema\/logo\/image\/","url":"https:\/\/www.bellunopress.it\/wp-content\/uploads\/2011\/05\/cropped-logo-bellunopress-.jpg","contentUrl":"https:\/\/www.bellunopress.it\/wp-content\/uploads\/2011\/05\/cropped-logo-bellunopress-.jpg","width":512,"height":512,"caption":"Bellunopress"},"image":{"@id":"https:\/\/www.bellunopress.it\/#\/schema\/logo\/image\/"},"sameAs":["https:\/\/www.facebook.com\/profile.php?id=100008943462799","https:\/\/x.com\/bellunopress","https:\/\/www.linkedin.com\/hp\/?dnr=JBzUWaJfMUw8vbXJJ2tVW5-I3jZKvC4wsoxE&amp;amp;amp;amp;amp;amp;trk=nav_responsive_tab_home","https:\/\/www.youtube.com\/channel\/UCxL0wu1uN0_3_7hGG0306cw"]},{"@type":"Person","@id":"https:\/\/www.bellunopress.it\/#\/schema\/person\/79bb06722b37ece1c03d3e94beb30d73","name":"r\u00e9daction","image":{"@type":"ImageObject","inLanguage":"fr-FR","@id":"https:\/\/secure.gravatar.com\/avatar\/37d968a2e67a6fd04c169c4bdef102d0bc5d31b2546345219e348575eb80e9a0?s=96&d=mm&r=g","url":"https:\/\/secure.gravatar.com\/avatar\/37d968a2e67a6fd04c169c4bdef102d0bc5d31b2546345219e348575eb80e9a0?s=96&d=mm&r=g","contentUrl":"https:\/\/secure.gravatar.com\/avatar\/37d968a2e67a6fd04c169c4bdef102d0bc5d31b2546345219e348575eb80e9a0?s=96&d=mm&r=g","caption":"redazione"},"sameAs":["http:\/\/www.bellunopress.it","https:\/\/x.com\/bellunopress"],"url":"https:\/\/www.bellunopress.it\/fr\/author\/redazione\/"}]}},"_links":{"self":[{"href":"https:\/\/www.bellunopress.it\/fr\/wp-json\/wp\/v2\/posts\/145890","targetHints":{"allow":["GET"]}}],"collection":[{"href":"https:\/\/www.bellunopress.it\/fr\/wp-json\/wp\/v2\/posts"}],"about":[{"href":"https:\/\/www.bellunopress.it\/fr\/wp-json\/wp\/v2\/types\/post"}],"author":[{"embeddable":true,"href":"https:\/\/www.bellunopress.it\/fr\/wp-json\/wp\/v2\/users\/2"}],"replies":[{"embeddable":true,"href":"https:\/\/www.bellunopress.it\/fr\/wp-json\/wp\/v2\/comments?post=145890"}],"version-history":[{"count":3,"href":"https:\/\/www.bellunopress.it\/fr\/wp-json\/wp\/v2\/posts\/145890\/revisions"}],"predecessor-version":[{"id":145896,"href":"https:\/\/www.bellunopress.it\/fr\/wp-json\/wp\/v2\/posts\/145890\/revisions\/145896"}],"wp:featuredmedia":[{"embeddable":true,"href":"https:\/\/www.bellunopress.it\/fr\/wp-json\/wp\/v2\/media\/145894"}],"wp:attachment":[{"href":"https:\/\/www.bellunopress.it\/fr\/wp-json\/wp\/v2\/media?parent=145890"}],"wp:term":[{"taxonomy":"category","embeddable":true,"href":"https:\/\/www.bellunopress.it\/fr\/wp-json\/wp\/v2\/categories?post=145890"},{"taxonomy":"post_tag","embeddable":true,"href":"https:\/\/www.bellunopress.it\/fr\/wp-json\/wp\/v2\/tags?post=145890"}],"curies":[{"name":"wp","href":"https:\/\/api.w.org\/{rel}","templated":true}]}}