{"id":145881,"date":"2023-11-13T15:22:03","date_gmt":"2023-11-13T14:22:03","guid":{"rendered":"https:\/\/www.bellunopress.it\/?p=145881"},"modified":"2023-11-13T15:22:03","modified_gmt":"2023-11-13T14:22:03","slug":"il-convegno-il-legno-come-biodiversita-e-paesaggio-ma-anche-come-risorsa-architettonica","status":"publish","type":"post","link":"https:\/\/www.bellunopress.it\/fr\/2023\/11\/13\/il-convegno-il-legno-come-biodiversita-e-paesaggio-ma-anche-come-risorsa-architettonica\/","title":{"rendered":"Il convegno. Il legno come biodiversit\u00e0 e paesaggio ma anche come risorsa architettonica"},"content":{"rendered":"<figure id=\"attachment_62915\" aria-describedby=\"caption-attachment-62915\" style=\"width: 290px\" class=\"wp-caption alignleft\"><img loading=\"lazy\" decoding=\"async\" class=\"size-full wp-image-62915\" src=\"https:\/\/www.bellunopress.it\/wp-content\/uploads\/2014\/09\/camera-di-commercio-belluno.jpg\" alt=\"\" width=\"290\" height=\"218\" \/><figcaption id=\"caption-attachment-62915\" class=\"wp-caption-text\">Camera di Commercio, sede di Belluno<\/figcaption><\/figure>\n<p><em>Il 16 novembre in CCIAA i due seminari organizzati da Fondazione Architettura Belluno Dolomiti e dall&#8217;Ordine Architetti PPC Belluno<\/em><\/p>\n<p>Celebrare la materia lignea in ogni sua forma e risorsa \u00e8 l&#8217;obiettivo del Festival Citt\u00e0 del Legno di Belluno, organizzato dal Consorzio Belluno Centro; in questo contesto si inseriscono gli eventi formativi dell&#8217;Ordine degli Architetti PPC Belluno e della Fondazione Architettura Belluno Dolomiti che dedicano un&#8217;intera giornata a questa tematica e alle forme materiche del legno, il giorno 16 novembre\u00a0 a Belluno nella sala Luciani della Camera di Commercio di Treviso-Belluno.<\/p>\n<p>Due i seminari proposti con crediti formativi, il primo nella mattinata, dalle 9:30 alle 12:30 sar\u00e0 dedicato alla tematica del legno come risorsa per l&#8217;ambiente e per l&#8217;architettura e il secondo nel pomeriggio dalle 14:30 alle 17:30 sar\u00e0 pi\u00f9 focalizzato sulle tematiche del design.<br \/>\nIl primo seminario si aprir\u00e0 con l&#8217;intervento dell&#8217;architetto Simone Sfriso, cattedratico presso la Portsmouth School of Architecture (GB), che descriver\u00e0 due casi studio relativi al legno come comunit\u00e0. Seguir\u00e0 l\u2019intervento curato dal dott. Michele Cassol, dottore forestale e membro del Comitato Scientifico Aree Protette della Provincia di Trento, che sar\u00e0 invece dedicato all&#8217;aspetto ambientale con focus sulla tematica \u201cDall&#8217;albero alle foreste: legno, biodiversit\u00e0 e paesaggio\u201d.<\/p>\n<p>La mattinata si concluder\u00e0 con l&#8217;intervento dello staff di Mobart Ben, azienda agordina che ha saputo traghettare la tradizione familiare dell&#8217;arredamento di montagna in un ambito progettuale di ampio respiro e raffinata tecnologia; Paolo ed Emanuela Ben con il progettista Eugenio Canton, descriveranno il Progetto \u201cWoodFrame\u201d, i pannelli di interior design personalizzabili che portano nelle case la vibrante bellezza del territorio dolomitico.<\/p>\n<p>Il secondo seminario, organizzato nel pomeriggio, affronter\u00e0 la tematica affascinante dei colori del legno nel design e vedr\u00e0 protagoniste le due aziende Tabu spa e Made srl.<br \/>\nLa giornalista Francesca Losi, specializzata in architettura e responsabile della comunicazione di Tabu spa, leader nel settore da 90 anni, interverr\u00e0 riguardo alla storia della tecnologia tintoria del legno, partendo dalla nascita delle prime tecniche e descrivendone sia i vantaggi nell&#8217;industria del mobile che le tecniche decorative di ultima generazione, applicate agli impiallacciati naturali e multistrato. La giornalista focalizzer\u00e0 anche le tematiche di sostenibilit\u00e0 che caratterizzano la filiera di produzione, i cui processi vantano la certificazione forestale FSC.<\/p>\n<p>\u201cSiamo onorati -dichiara la presidente dell&#8217;Ordine degli Architetti PPC di Belluno, arch. Fabiola De Battista- di far parte del Festival Belluno Citt\u00e0 del Legno. Il legno \u00e8 materia viva nel nostro territorio e facendo parte del nostro dna culturale \u00e8 giusto che venga raccontato non solo dal punto di vista artistico, ma anche da quello architettonico, senza dimenticare ovviamente l&#8217;ambito relativo al nostro vivere quotidiano\u201d.<\/p>\n<p>Scaletta dei seminari di gioved\u00ec 16 novembre 2023<br \/>\npresso la Sala E. Luciani della Camera di Commercio Treviso-Belluno|Dolomiti,<br \/>\nin piazza S. Stefano 15-17 a Belluno<\/p>\n<p>Mattino dalle ore 9:30 alle ore 12:30<br \/>\nIL LEGNO: UNA RISORSA DELL\u2019AMBIENTE PER L\u2019ARCHITETTURA<\/p>\n<p>Pomeriggio dalle ore 14:30 alle ore 17:30<br \/>\nI COLORI DEL LEGNO:<br \/>\nSostenibilit\u00e0 e Design: i colori e le superfici lignee di ultima generazione<\/p>\n<p>Per iscrizioni: www.architettibelluno.it<br \/>\nUfficio stampa Fondazione Architettura Belluno Dolomiti e Ordine Architetti PPC BL<br \/>\nFrancesca Bianchi &#8211; WG Comunicazione &#8211; 333 2835444<\/p>","protected":false},"excerpt":{"rendered":"<p>Il 16 novembre in CCIAA i due seminari organizzati da Fondazione Architettura Belluno Dolomiti e dall&#8217;Ordine Architetti PPC Belluno Celebrare la materia lignea in ogni sua forma e risorsa \u00e8 l&#8217;obiettivo del Festival Citt\u00e0 del Legno di Belluno, organizzato dal Consorzio Belluno Centro; in questo contesto si inseriscono gli eventi formativi dell&#8217;Ordine degli Architetti PPC [&hellip;]<\/p>\n","protected":false},"author":2,"featured_media":112738,"comment_status":"closed","ping_status":"open","sticky":false,"template":"","format":"standard","meta":{"footnotes":""},"categories":[36,25],"tags":[],"class_list":["post-145881","post","type-post","status-publish","format-standard","has-post-thumbnail","category-lavoro-economia","category-pausa-caffe"],"yoast_head":"<!-- This site is optimized with the Yoast SEO plugin v28.4 - https:\/\/yoast.com\/product\/yoast-seo-wordpress\/ -->\n<title>Il convegno. Il legno come biodiversit\u00e0 e paesaggio ma anche come risorsa architettonica - Bellunopress - Dolomiti<\/title>\n<meta name=\"robots\" content=\"index, follow, max-snippet:-1, max-image-preview:large, max-video-preview:-1\" \/>\n<link rel=\"canonical\" href=\"https:\/\/www.bellunopress.it\/fr\/2023\/11\/13\/il-convegno-il-legno-come-biodiversita-e-paesaggio-ma-anche-come-risorsa-architettonica\/\" \/>\n<meta property=\"og:locale\" content=\"fr_FR\" \/>\n<meta property=\"og:type\" content=\"article\" \/>\n<meta property=\"og:title\" content=\"Il convegno. Il legno come biodiversit\u00e0 e paesaggio ma anche come risorsa architettonica - Bellunopress - Dolomiti\" \/>\n<meta property=\"og:description\" content=\"Il 16 novembre in CCIAA i due seminari organizzati da Fondazione Architettura Belluno Dolomiti e dall&#8217;Ordine Architetti PPC Belluno Celebrare la materia lignea in ogni sua forma e risorsa \u00e8 l&#8217;obiettivo del Festival Citt\u00e0 del Legno di Belluno, organizzato dal Consorzio Belluno Centro; in questo contesto si inseriscono gli eventi formativi dell&#8217;Ordine degli Architetti PPC [&hellip;]\" \/>\n<meta property=\"og:url\" content=\"https:\/\/www.bellunopress.it\/fr\/2023\/11\/13\/il-convegno-il-legno-come-biodiversita-e-paesaggio-ma-anche-come-risorsa-architettonica\/\" \/>\n<meta property=\"og:site_name\" content=\"Bellunopress - Dolomiti\" \/>\n<meta property=\"article:publisher\" content=\"https:\/\/www.facebook.com\/profile.php?id=100008943462799\" \/>\n<meta property=\"article:published_time\" content=\"2023-11-13T14:22:03+00:00\" \/>\n<meta property=\"og:image\" content=\"https:\/\/www.bellunopress.it\/wp-content\/uploads\/2020\/03\/camera-commercio-1.jpg\" \/>\n\t<meta property=\"og:image:width\" content=\"900\" \/>\n\t<meta property=\"og:image:height\" content=\"506\" \/>\n\t<meta property=\"og:image:type\" content=\"image\/jpeg\" \/>\n<meta name=\"author\" content=\"redazione\" \/>\n<meta name=\"twitter:card\" content=\"summary_large_image\" \/>\n<meta name=\"twitter:creator\" content=\"@bellunopress\" \/>\n<meta name=\"twitter:site\" content=\"@bellunopress\" \/>\n<meta name=\"twitter:label1\" content=\"\u00c9crit par\" \/>\n\t<meta name=\"twitter:data1\" content=\"redazione\" \/>\n\t<meta name=\"twitter:label2\" content=\"Dur\u00e9e de lecture estim\u00e9e\" \/>\n\t<meta name=\"twitter:data2\" content=\"3 minutes\" \/>\n<script type=\"application\/ld+json\" class=\"yoast-schema-graph\">{\"@context\":\"https:\\\/\\\/schema.org\",\"@graph\":[{\"@type\":\"Article\",\"@id\":\"https:\\\/\\\/www.bellunopress.it\\\/2023\\\/11\\\/13\\\/il-convegno-il-legno-come-biodiversita-e-paesaggio-ma-anche-come-risorsa-architettonica\\\/#article\",\"isPartOf\":{\"@id\":\"https:\\\/\\\/www.bellunopress.it\\\/2023\\\/11\\\/13\\\/il-convegno-il-legno-come-biodiversita-e-paesaggio-ma-anche-come-risorsa-architettonica\\\/\"},\"author\":{\"name\":\"redazione\",\"@id\":\"https:\\\/\\\/www.bellunopress.it\\\/#\\\/schema\\\/person\\\/79bb06722b37ece1c03d3e94beb30d73\"},\"headline\":\"Il convegno. Il legno come biodiversit\u00e0 e paesaggio ma anche come risorsa architettonica\",\"datePublished\":\"2023-11-13T14:22:03+00:00\",\"mainEntityOfPage\":{\"@id\":\"https:\\\/\\\/www.bellunopress.it\\\/2023\\\/11\\\/13\\\/il-convegno-il-legno-come-biodiversita-e-paesaggio-ma-anche-come-risorsa-architettonica\\\/\"},\"wordCount\":544,\"publisher\":{\"@id\":\"https:\\\/\\\/www.bellunopress.it\\\/#organization\"},\"image\":{\"@id\":\"https:\\\/\\\/www.bellunopress.it\\\/2023\\\/11\\\/13\\\/il-convegno-il-legno-come-biodiversita-e-paesaggio-ma-anche-come-risorsa-architettonica\\\/#primaryimage\"},\"thumbnailUrl\":\"https:\\\/\\\/www.bellunopress.it\\\/wp-content\\\/uploads\\\/2020\\\/03\\\/camera-commercio-1.jpg\",\"articleSection\":[\"Lavoro, Economia, Turismo\",\"Pausa Caff\u00e8\"],\"inLanguage\":\"fr-FR\"},{\"@type\":\"WebPage\",\"@id\":\"https:\\\/\\\/www.bellunopress.it\\\/2023\\\/11\\\/13\\\/il-convegno-il-legno-come-biodiversita-e-paesaggio-ma-anche-come-risorsa-architettonica\\\/\",\"url\":\"https:\\\/\\\/www.bellunopress.it\\\/2023\\\/11\\\/13\\\/il-convegno-il-legno-come-biodiversita-e-paesaggio-ma-anche-come-risorsa-architettonica\\\/\",\"name\":\"Il convegno. Il legno come biodiversit\u00e0 e paesaggio ma anche come risorsa architettonica - Bellunopress - Dolomiti\",\"isPartOf\":{\"@id\":\"https:\\\/\\\/www.bellunopress.it\\\/#website\"},\"primaryImageOfPage\":{\"@id\":\"https:\\\/\\\/www.bellunopress.it\\\/2023\\\/11\\\/13\\\/il-convegno-il-legno-come-biodiversita-e-paesaggio-ma-anche-come-risorsa-architettonica\\\/#primaryimage\"},\"image\":{\"@id\":\"https:\\\/\\\/www.bellunopress.it\\\/2023\\\/11\\\/13\\\/il-convegno-il-legno-come-biodiversita-e-paesaggio-ma-anche-come-risorsa-architettonica\\\/#primaryimage\"},\"thumbnailUrl\":\"https:\\\/\\\/www.bellunopress.it\\\/wp-content\\\/uploads\\\/2020\\\/03\\\/camera-commercio-1.jpg\",\"datePublished\":\"2023-11-13T14:22:03+00:00\",\"breadcrumb\":{\"@id\":\"https:\\\/\\\/www.bellunopress.it\\\/2023\\\/11\\\/13\\\/il-convegno-il-legno-come-biodiversita-e-paesaggio-ma-anche-come-risorsa-architettonica\\\/#breadcrumb\"},\"inLanguage\":\"fr-FR\",\"potentialAction\":[{\"@type\":\"ReadAction\",\"target\":[\"https:\\\/\\\/www.bellunopress.it\\\/2023\\\/11\\\/13\\\/il-convegno-il-legno-come-biodiversita-e-paesaggio-ma-anche-come-risorsa-architettonica\\\/\"]}]},{\"@type\":\"ImageObject\",\"inLanguage\":\"fr-FR\",\"@id\":\"https:\\\/\\\/www.bellunopress.it\\\/2023\\\/11\\\/13\\\/il-convegno-il-legno-come-biodiversita-e-paesaggio-ma-anche-come-risorsa-architettonica\\\/#primaryimage\",\"url\":\"https:\\\/\\\/www.bellunopress.it\\\/wp-content\\\/uploads\\\/2020\\\/03\\\/camera-commercio-1.jpg\",\"contentUrl\":\"https:\\\/\\\/www.bellunopress.it\\\/wp-content\\\/uploads\\\/2020\\\/03\\\/camera-commercio-1.jpg\",\"width\":900,\"height\":506,\"caption\":\"Camera di Commercio di Treviso e Belluno Dolomiti - Sede di Belluno\"},{\"@type\":\"BreadcrumbList\",\"@id\":\"https:\\\/\\\/www.bellunopress.it\\\/2023\\\/11\\\/13\\\/il-convegno-il-legno-come-biodiversita-e-paesaggio-ma-anche-come-risorsa-architettonica\\\/#breadcrumb\",\"itemListElement\":[{\"@type\":\"ListItem\",\"position\":1,\"name\":\"Home\",\"item\":\"https:\\\/\\\/www.bellunopress.it\\\/\"},{\"@type\":\"ListItem\",\"position\":2,\"name\":\"Il convegno. Il legno come biodiversit\u00e0 e paesaggio ma anche come risorsa architettonica\"}]},{\"@type\":\"WebSite\",\"@id\":\"https:\\\/\\\/www.bellunopress.it\\\/#website\",\"url\":\"https:\\\/\\\/www.bellunopress.it\\\/\",\"name\":\"Bellunopress - Dolomiti\",\"description\":\"e-mail: redazione@bellunopress.it\",\"publisher\":{\"@id\":\"https:\\\/\\\/www.bellunopress.it\\\/#organization\"},\"potentialAction\":[{\"@type\":\"SearchAction\",\"target\":{\"@type\":\"EntryPoint\",\"urlTemplate\":\"https:\\\/\\\/www.bellunopress.it\\\/?s={search_term_string}\"},\"query-input\":{\"@type\":\"PropertyValueSpecification\",\"valueRequired\":true,\"valueName\":\"search_term_string\"}}],\"inLanguage\":\"fr-FR\"},{\"@type\":\"Organization\",\"@id\":\"https:\\\/\\\/www.bellunopress.it\\\/#organization\",\"name\":\"Bellunopress\",\"url\":\"https:\\\/\\\/www.bellunopress.it\\\/\",\"logo\":{\"@type\":\"ImageObject\",\"inLanguage\":\"fr-FR\",\"@id\":\"https:\\\/\\\/www.bellunopress.it\\\/#\\\/schema\\\/logo\\\/image\\\/\",\"url\":\"https:\\\/\\\/www.bellunopress.it\\\/wp-content\\\/uploads\\\/2011\\\/05\\\/cropped-logo-bellunopress-.jpg\",\"contentUrl\":\"https:\\\/\\\/www.bellunopress.it\\\/wp-content\\\/uploads\\\/2011\\\/05\\\/cropped-logo-bellunopress-.jpg\",\"width\":512,\"height\":512,\"caption\":\"Bellunopress\"},\"image\":{\"@id\":\"https:\\\/\\\/www.bellunopress.it\\\/#\\\/schema\\\/logo\\\/image\\\/\"},\"sameAs\":[\"https:\\\/\\\/www.facebook.com\\\/profile.php?id=100008943462799\",\"https:\\\/\\\/x.com\\\/bellunopress\",\"https:\\\/\\\/www.linkedin.com\\\/hp\\\/?dnr=JBzUWaJfMUw8vbXJJ2tVW5-I3jZKvC4wsoxE&amp;amp;amp;amp;amp;amp;trk=nav_responsive_tab_home\",\"https:\\\/\\\/www.youtube.com\\\/channel\\\/UCxL0wu1uN0_3_7hGG0306cw\"]},{\"@type\":\"Person\",\"@id\":\"https:\\\/\\\/www.bellunopress.it\\\/#\\\/schema\\\/person\\\/79bb06722b37ece1c03d3e94beb30d73\",\"name\":\"redazione\",\"image\":{\"@type\":\"ImageObject\",\"inLanguage\":\"fr-FR\",\"@id\":\"https:\\\/\\\/secure.gravatar.com\\\/avatar\\\/37d968a2e67a6fd04c169c4bdef102d0bc5d31b2546345219e348575eb80e9a0?s=96&d=mm&r=g\",\"url\":\"https:\\\/\\\/secure.gravatar.com\\\/avatar\\\/37d968a2e67a6fd04c169c4bdef102d0bc5d31b2546345219e348575eb80e9a0?s=96&d=mm&r=g\",\"contentUrl\":\"https:\\\/\\\/secure.gravatar.com\\\/avatar\\\/37d968a2e67a6fd04c169c4bdef102d0bc5d31b2546345219e348575eb80e9a0?s=96&d=mm&r=g\",\"caption\":\"redazione\"},\"sameAs\":[\"http:\\\/\\\/www.bellunopress.it\",\"https:\\\/\\\/x.com\\\/bellunopress\"],\"url\":\"https:\\\/\\\/www.bellunopress.it\\\/fr\\\/author\\\/redazione\\\/\"}]}<\/script>\n<!-- \/ Yoast SEO plugin. -->","yoast_head_json":{"title":"Il convegno. Il legno come biodiversit\u00e0 e paesaggio ma anche come risorsa architettonica - Bellunopress - Dolomiti","robots":{"index":"index","follow":"follow","max-snippet":"max-snippet:-1","max-image-preview":"max-image-preview:large","max-video-preview":"max-video-preview:-1"},"canonical":"https:\/\/www.bellunopress.it\/fr\/2023\/11\/13\/il-convegno-il-legno-come-biodiversita-e-paesaggio-ma-anche-come-risorsa-architettonica\/","og_locale":"fr_FR","og_type":"article","og_title":"Il convegno. Il legno come biodiversit\u00e0 e paesaggio ma anche come risorsa architettonica - Bellunopress - Dolomiti","og_description":"Il 16 novembre in CCIAA i due seminari organizzati da Fondazione Architettura Belluno Dolomiti e dall&#8217;Ordine Architetti PPC Belluno Celebrare la materia lignea in ogni sua forma e risorsa \u00e8 l&#8217;obiettivo del Festival Citt\u00e0 del Legno di Belluno, organizzato dal Consorzio Belluno Centro; in questo contesto si inseriscono gli eventi formativi dell&#8217;Ordine degli Architetti PPC [&hellip;]","og_url":"https:\/\/www.bellunopress.it\/fr\/2023\/11\/13\/il-convegno-il-legno-come-biodiversita-e-paesaggio-ma-anche-come-risorsa-architettonica\/","og_site_name":"Bellunopress - Dolomiti","article_publisher":"https:\/\/www.facebook.com\/profile.php?id=100008943462799","article_published_time":"2023-11-13T14:22:03+00:00","og_image":[{"width":900,"height":506,"url":"https:\/\/www.bellunopress.it\/wp-content\/uploads\/2020\/03\/camera-commercio-1.jpg","type":"image\/jpeg"}],"author":"redazione","twitter_card":"summary_large_image","twitter_creator":"@bellunopress","twitter_site":"@bellunopress","twitter_misc":{"\u00c9crit par":"redazione","Dur\u00e9e de lecture estim\u00e9e":"3 minutes"},"schema":{"@context":"https:\/\/schema.org","@graph":[{"@type":"Article","@id":"https:\/\/www.bellunopress.it\/2023\/11\/13\/il-convegno-il-legno-come-biodiversita-e-paesaggio-ma-anche-come-risorsa-architettonica\/#article","isPartOf":{"@id":"https:\/\/www.bellunopress.it\/2023\/11\/13\/il-convegno-il-legno-come-biodiversita-e-paesaggio-ma-anche-come-risorsa-architettonica\/"},"author":{"name":"redazione","@id":"https:\/\/www.bellunopress.it\/#\/schema\/person\/79bb06722b37ece1c03d3e94beb30d73"},"headline":"Il convegno. Il legno come biodiversit\u00e0 e paesaggio ma anche come risorsa architettonica","datePublished":"2023-11-13T14:22:03+00:00","mainEntityOfPage":{"@id":"https:\/\/www.bellunopress.it\/2023\/11\/13\/il-convegno-il-legno-come-biodiversita-e-paesaggio-ma-anche-come-risorsa-architettonica\/"},"wordCount":544,"publisher":{"@id":"https:\/\/www.bellunopress.it\/#organization"},"image":{"@id":"https:\/\/www.bellunopress.it\/2023\/11\/13\/il-convegno-il-legno-come-biodiversita-e-paesaggio-ma-anche-come-risorsa-architettonica\/#primaryimage"},"thumbnailUrl":"https:\/\/www.bellunopress.it\/wp-content\/uploads\/2020\/03\/camera-commercio-1.jpg","articleSection":["Lavoro, Economia, Turismo","Pausa Caff\u00e8"],"inLanguage":"fr-FR"},{"@type":"WebPage","@id":"https:\/\/www.bellunopress.it\/2023\/11\/13\/il-convegno-il-legno-come-biodiversita-e-paesaggio-ma-anche-come-risorsa-architettonica\/","url":"https:\/\/www.bellunopress.it\/2023\/11\/13\/il-convegno-il-legno-come-biodiversita-e-paesaggio-ma-anche-come-risorsa-architettonica\/","name":"Il convegno. Il legno come biodiversit\u00e0 e paesaggio ma anche come risorsa architettonica - Bellunopress - Dolomiti","isPartOf":{"@id":"https:\/\/www.bellunopress.it\/#website"},"primaryImageOfPage":{"@id":"https:\/\/www.bellunopress.it\/2023\/11\/13\/il-convegno-il-legno-come-biodiversita-e-paesaggio-ma-anche-come-risorsa-architettonica\/#primaryimage"},"image":{"@id":"https:\/\/www.bellunopress.it\/2023\/11\/13\/il-convegno-il-legno-come-biodiversita-e-paesaggio-ma-anche-come-risorsa-architettonica\/#primaryimage"},"thumbnailUrl":"https:\/\/www.bellunopress.it\/wp-content\/uploads\/2020\/03\/camera-commercio-1.jpg","datePublished":"2023-11-13T14:22:03+00:00","breadcrumb":{"@id":"https:\/\/www.bellunopress.it\/2023\/11\/13\/il-convegno-il-legno-come-biodiversita-e-paesaggio-ma-anche-come-risorsa-architettonica\/#breadcrumb"},"inLanguage":"fr-FR","potentialAction":[{"@type":"ReadAction","target":["https:\/\/www.bellunopress.it\/2023\/11\/13\/il-convegno-il-legno-come-biodiversita-e-paesaggio-ma-anche-come-risorsa-architettonica\/"]}]},{"@type":"ImageObject","inLanguage":"fr-FR","@id":"https:\/\/www.bellunopress.it\/2023\/11\/13\/il-convegno-il-legno-come-biodiversita-e-paesaggio-ma-anche-come-risorsa-architettonica\/#primaryimage","url":"https:\/\/www.bellunopress.it\/wp-content\/uploads\/2020\/03\/camera-commercio-1.jpg","contentUrl":"https:\/\/www.bellunopress.it\/wp-content\/uploads\/2020\/03\/camera-commercio-1.jpg","width":900,"height":506,"caption":"Camera di Commercio di Treviso e Belluno Dolomiti - Sede di Belluno"},{"@type":"BreadcrumbList","@id":"https:\/\/www.bellunopress.it\/2023\/11\/13\/il-convegno-il-legno-come-biodiversita-e-paesaggio-ma-anche-come-risorsa-architettonica\/#breadcrumb","itemListElement":[{"@type":"ListItem","position":1,"name":"Home","item":"https:\/\/www.bellunopress.it\/"},{"@type":"ListItem","position":2,"name":"Il convegno. Il legno come biodiversit\u00e0 e paesaggio ma anche come risorsa architettonica"}]},{"@type":"WebSite","@id":"https:\/\/www.bellunopress.it\/#website","url":"https:\/\/www.bellunopress.it\/","name":"Bellunopress - Dolomiti","description":"e-mail: redazione@bellunopress.it","publisher":{"@id":"https:\/\/www.bellunopress.it\/#organization"},"potentialAction":[{"@type":"SearchAction","target":{"@type":"EntryPoint","urlTemplate":"https:\/\/www.bellunopress.it\/?s={search_term_string}"},"query-input":{"@type":"PropertyValueSpecification","valueRequired":true,"valueName":"search_term_string"}}],"inLanguage":"fr-FR"},{"@type":"Organization","@id":"https:\/\/www.bellunopress.it\/#organization","name":"Bellunopress","url":"https:\/\/www.bellunopress.it\/","logo":{"@type":"ImageObject","inLanguage":"fr-FR","@id":"https:\/\/www.bellunopress.it\/#\/schema\/logo\/image\/","url":"https:\/\/www.bellunopress.it\/wp-content\/uploads\/2011\/05\/cropped-logo-bellunopress-.jpg","contentUrl":"https:\/\/www.bellunopress.it\/wp-content\/uploads\/2011\/05\/cropped-logo-bellunopress-.jpg","width":512,"height":512,"caption":"Bellunopress"},"image":{"@id":"https:\/\/www.bellunopress.it\/#\/schema\/logo\/image\/"},"sameAs":["https:\/\/www.facebook.com\/profile.php?id=100008943462799","https:\/\/x.com\/bellunopress","https:\/\/www.linkedin.com\/hp\/?dnr=JBzUWaJfMUw8vbXJJ2tVW5-I3jZKvC4wsoxE&amp;amp;amp;amp;amp;amp;trk=nav_responsive_tab_home","https:\/\/www.youtube.com\/channel\/UCxL0wu1uN0_3_7hGG0306cw"]},{"@type":"Person","@id":"https:\/\/www.bellunopress.it\/#\/schema\/person\/79bb06722b37ece1c03d3e94beb30d73","name":"r\u00e9daction","image":{"@type":"ImageObject","inLanguage":"fr-FR","@id":"https:\/\/secure.gravatar.com\/avatar\/37d968a2e67a6fd04c169c4bdef102d0bc5d31b2546345219e348575eb80e9a0?s=96&d=mm&r=g","url":"https:\/\/secure.gravatar.com\/avatar\/37d968a2e67a6fd04c169c4bdef102d0bc5d31b2546345219e348575eb80e9a0?s=96&d=mm&r=g","contentUrl":"https:\/\/secure.gravatar.com\/avatar\/37d968a2e67a6fd04c169c4bdef102d0bc5d31b2546345219e348575eb80e9a0?s=96&d=mm&r=g","caption":"redazione"},"sameAs":["http:\/\/www.bellunopress.it","https:\/\/x.com\/bellunopress"],"url":"https:\/\/www.bellunopress.it\/fr\/author\/redazione\/"}]}},"_links":{"self":[{"href":"https:\/\/www.bellunopress.it\/fr\/wp-json\/wp\/v2\/posts\/145881","targetHints":{"allow":["GET"]}}],"collection":[{"href":"https:\/\/www.bellunopress.it\/fr\/wp-json\/wp\/v2\/posts"}],"about":[{"href":"https:\/\/www.bellunopress.it\/fr\/wp-json\/wp\/v2\/types\/post"}],"author":[{"embeddable":true,"href":"https:\/\/www.bellunopress.it\/fr\/wp-json\/wp\/v2\/users\/2"}],"replies":[{"embeddable":true,"href":"https:\/\/www.bellunopress.it\/fr\/wp-json\/wp\/v2\/comments?post=145881"}],"version-history":[{"count":1,"href":"https:\/\/www.bellunopress.it\/fr\/wp-json\/wp\/v2\/posts\/145881\/revisions"}],"predecessor-version":[{"id":145882,"href":"https:\/\/www.bellunopress.it\/fr\/wp-json\/wp\/v2\/posts\/145881\/revisions\/145882"}],"wp:featuredmedia":[{"embeddable":true,"href":"https:\/\/www.bellunopress.it\/fr\/wp-json\/wp\/v2\/media\/112738"}],"wp:attachment":[{"href":"https:\/\/www.bellunopress.it\/fr\/wp-json\/wp\/v2\/media?parent=145881"}],"wp:term":[{"taxonomy":"category","embeddable":true,"href":"https:\/\/www.bellunopress.it\/fr\/wp-json\/wp\/v2\/categories?post=145881"},{"taxonomy":"post_tag","embeddable":true,"href":"https:\/\/www.bellunopress.it\/fr\/wp-json\/wp\/v2\/tags?post=145881"}],"curies":[{"name":"wp","href":"https:\/\/api.w.org\/{rel}","templated":true}]}}