{"id":145876,"date":"2023-11-13T14:28:56","date_gmt":"2023-11-13T13:28:56","guid":{"rendered":"https:\/\/www.bellunopress.it\/?p=145876"},"modified":"2023-11-13T14:28:56","modified_gmt":"2023-11-13T13:28:56","slug":"cgil-fp-flc-verso-lo-sciopero-del-17-novembre-con-manifestazione-a-padova","status":"publish","type":"post","link":"https:\/\/www.bellunopress.it\/fr\/2023\/11\/13\/cgil-fp-flc-verso-lo-sciopero-del-17-novembre-con-manifestazione-a-padova\/","title":{"rendered":"Cgil Fp-Flc verso lo sciopero del 17 novembre con manifestazione a Padova"},"content":{"rendered":"<p><img loading=\"lazy\" decoding=\"async\" class=\"alignleft size-full wp-image-145877\" src=\"https:\/\/www.bellunopress.it\/wp-content\/uploads\/2023\/11\/Cgil-FP_edited.jpg\" alt=\"\" width=\"799\" height=\"471\" srcset=\"https:\/\/www.bellunopress.it\/wp-content\/uploads\/2023\/11\/Cgil-FP_edited.jpg 799w, https:\/\/www.bellunopress.it\/wp-content\/uploads\/2023\/11\/Cgil-FP_edited-500x295.jpg 500w, https:\/\/www.bellunopress.it\/wp-content\/uploads\/2023\/11\/Cgil-FP_edited-696x410.jpg 696w\" sizes=\"auto, (max-width: 799px) 100vw, 799px\" \/>Funzione Pubblica, Lavoratori della conoscenza, Lavoratori del trasporto pubblico e<br \/>\ndell\u2019igiene ambientale hanno indetto uno sciopero su scala nazionale per l\u2019intera giornata di<br \/>\nvenerd\u00ec 17 e si ritroveranno, per quanto riguarda il Veneto, in manifestazione ragionale a<br \/>\nPadova, dove scenderanno anche lavoratrici e lavoratori della provincia di Belluno.<\/p>\n<p>I tagli della legge di bilancio prodotta dal governo Meloni ai servizi pubblici essenziali e<br \/>\npensioni, i mancati investimenti su sanit\u00e0 e istruzione, salari sempre meno attrattivi, queste sono le ragioni principali per indire lo sciopero e ritrovarsi in manifestazione.<br \/>\n\u201cI motivi per cui lavoratrici e lavoratori del pubblico impiego sciopereranno il 17<br \/>\nnovembre sono molti\u201d spiega Andrea Fiocco, segretario della FP CGIL Belluno. \u201cLa preoccupazione per la tenuta dei servizi pubblici nelle aree di montagna \u00e8 tanta. Nella legge di bilancio, infatti, non c\u2019\u00e8 traccia del richiesto incremento della capacit\u00e0 di assumere degli enti pubblici, mentre viene confermato il tetto di spesa al personale. Nel contempo, c\u2019\u00e8 l\u2019ennesimo taglio alla spesa sanitaria, che si accompagna questa volta al taglio dei trasferimenti agli enti locali. Questo si aggiunge al mancato rinnovo del contratto collettivo nazionale, che \u00e8 fermo al 2021. C\u2019\u00e8, poi, il taglio alle pensioni per chi ha iniziato a lavorare prima del 1995, con una riduzione dai 300 euro al mese in su e che pu\u00f2 arrivare a sviluppare un mancato introito dai 70 mila ai 120 mila euro, per tutta la vita del pensionato. C\u2019\u00e8 un chiaro peggioramento della legge Fornero, con requisiti che spostano sempre pi\u00f9 in l\u00e0 l\u2019et\u00e0 pensionabile. C\u2019\u00e8, inoltre, una riforma fiscale che finisce per colpire i redditi medio \u2013 bassi. Di contro, non c\u2019\u00e8 nessuna misura per favorire la formazione del personale e nessuna misura a favore di donne e giovani. Per tutte queste ragioni venerd\u00ec 17, assieme ai dipendenti della scuola, a quelli del trasporto pubblico e dell\u2019igiene ambientale, sciopereremo\u201d.<\/p>\n<p>Alessia Cerentin, segretaria della FLC CGIL di Belluno chiarisce a sua volta gli aspetti<br \/>\nper i quali i dipendenti della scuola venerd\u00ec scenderanno in piazza: \u201cInnanzi tutto, per quanto concerne la nostra provincia, c\u2019\u00e8 il tema fondamentale dei dimensionamenti, tanto che domani si discuter\u00e0, in commissione formativa provinciale, anche il dimensionamento dell\u2019Istituto comprensivo di Zoldo con l\u2019Istituto comprensivo di Longarone. Ipotesi che, se dovesse essere approvata, porterebbe a tre istituti in meno in provincia nel prossimo anno scolastico. Questo percorso porta a una riduzione degli organici e all\u2019aumento delle diseguaglianze tra gli studenti che vivono in periferia, rispetto a chi vive nelle zone centrali. A questo si aggiunge la grande preoccupazione per una legge di bilancio iniqua, che penalizza le lavoratrici e i lavoratori dipendenti, le famiglie, i pensionati. Una legge di bilancio che non investe sui giovani e nel contempo taglia ulteriormente le risorse alla sanit\u00e0 pubblica e ai settori della conoscenza.<br \/>\nScioperiamo perch\u00e9 non c\u2019\u00e8 alcuna risposta all\u2019emergenza salariale, non ci sono risorse<br \/>\nsufficienti per il rinnovo contrattuale, si tagliano risorse all\u2019istruzione pubblica e alle politiche sociali. Non si vedono neppure interventi contro la precariet\u00e0 o contro l\u2019evasione fiscale e neppure ipotesi di tassazione agli extra profitti, mentre si rileva la totale mancanza di politiche a favore dei giovani e delle donne\u201d.<\/p>","protected":false},"excerpt":{"rendered":"<p>Funzione Pubblica, Lavoratori della conoscenza, Lavoratori del trasporto pubblico e dell\u2019igiene ambientale hanno indetto uno sciopero su scala nazionale per l\u2019intera giornata di venerd\u00ec 17 e si ritroveranno, per quanto riguarda il Veneto, in manifestazione ragionale a Padova, dove scenderanno anche lavoratrici e lavoratori della provincia di Belluno. I tagli della legge di bilancio prodotta [&hellip;]<\/p>\n","protected":false},"author":2,"featured_media":145877,"comment_status":"closed","ping_status":"open","sticky":false,"template":"","format":"standard","meta":{"footnotes":""},"categories":[36,26,8],"tags":[],"class_list":["post-145876","post","type-post","status-publish","format-standard","has-post-thumbnail","category-lavoro-economia","category-prima-pagina","category-societa-istituzioni"],"yoast_head":"<!-- This site is optimized with the Yoast SEO plugin v28.4 - https:\/\/yoast.com\/product\/yoast-seo-wordpress\/ -->\n<title>Cgil Fp-Flc verso lo sciopero del 17 novembre con manifestazione a Padova - Bellunopress - Dolomiti<\/title>\n<meta name=\"robots\" content=\"index, follow, max-snippet:-1, max-image-preview:large, max-video-preview:-1\" \/>\n<link rel=\"canonical\" href=\"https:\/\/www.bellunopress.it\/fr\/2023\/11\/13\/cgil-fp-flc-verso-lo-sciopero-del-17-novembre-con-manifestazione-a-padova\/\" \/>\n<meta property=\"og:locale\" content=\"fr_FR\" \/>\n<meta property=\"og:type\" content=\"article\" \/>\n<meta property=\"og:title\" content=\"Cgil Fp-Flc verso lo sciopero del 17 novembre con manifestazione a Padova - Bellunopress - Dolomiti\" \/>\n<meta property=\"og:description\" content=\"Funzione Pubblica, Lavoratori della conoscenza, Lavoratori del trasporto pubblico e dell\u2019igiene ambientale hanno indetto uno sciopero su scala nazionale per l\u2019intera giornata di venerd\u00ec 17 e si ritroveranno, per quanto riguarda il Veneto, in manifestazione ragionale a Padova, dove scenderanno anche lavoratrici e lavoratori della provincia di Belluno. I tagli della legge di bilancio prodotta [&hellip;]\" \/>\n<meta property=\"og:url\" content=\"https:\/\/www.bellunopress.it\/fr\/2023\/11\/13\/cgil-fp-flc-verso-lo-sciopero-del-17-novembre-con-manifestazione-a-padova\/\" \/>\n<meta property=\"og:site_name\" content=\"Bellunopress - Dolomiti\" \/>\n<meta property=\"article:publisher\" content=\"https:\/\/www.facebook.com\/profile.php?id=100008943462799\" \/>\n<meta property=\"article:published_time\" content=\"2023-11-13T13:28:56+00:00\" \/>\n<meta property=\"og:image\" content=\"https:\/\/www.bellunopress.it\/wp-content\/uploads\/2023\/11\/Cgil-FP_edited.jpg\" \/>\n\t<meta property=\"og:image:width\" content=\"799\" \/>\n\t<meta property=\"og:image:height\" content=\"471\" \/>\n\t<meta property=\"og:image:type\" content=\"image\/jpeg\" \/>\n<meta name=\"author\" content=\"redazione\" \/>\n<meta name=\"twitter:card\" content=\"summary_large_image\" \/>\n<meta name=\"twitter:creator\" content=\"@bellunopress\" \/>\n<meta name=\"twitter:site\" content=\"@bellunopress\" \/>\n<meta name=\"twitter:label1\" content=\"\u00c9crit par\" \/>\n\t<meta name=\"twitter:data1\" content=\"redazione\" \/>\n\t<meta name=\"twitter:label2\" content=\"Dur\u00e9e de lecture estim\u00e9e\" \/>\n\t<meta name=\"twitter:data2\" content=\"3 minutes\" \/>\n<script type=\"application\/ld+json\" class=\"yoast-schema-graph\">{\"@context\":\"https:\\\/\\\/schema.org\",\"@graph\":[{\"@type\":\"Article\",\"@id\":\"https:\\\/\\\/www.bellunopress.it\\\/2023\\\/11\\\/13\\\/cgil-fp-flc-verso-lo-sciopero-del-17-novembre-con-manifestazione-a-padova\\\/#article\",\"isPartOf\":{\"@id\":\"https:\\\/\\\/www.bellunopress.it\\\/2023\\\/11\\\/13\\\/cgil-fp-flc-verso-lo-sciopero-del-17-novembre-con-manifestazione-a-padova\\\/\"},\"author\":{\"name\":\"redazione\",\"@id\":\"https:\\\/\\\/www.bellunopress.it\\\/#\\\/schema\\\/person\\\/79bb06722b37ece1c03d3e94beb30d73\"},\"headline\":\"Cgil Fp-Flc verso lo sciopero del 17 novembre con manifestazione a Padova\",\"datePublished\":\"2023-11-13T13:28:56+00:00\",\"mainEntityOfPage\":{\"@id\":\"https:\\\/\\\/www.bellunopress.it\\\/2023\\\/11\\\/13\\\/cgil-fp-flc-verso-lo-sciopero-del-17-novembre-con-manifestazione-a-padova\\\/\"},\"wordCount\":532,\"publisher\":{\"@id\":\"https:\\\/\\\/www.bellunopress.it\\\/#organization\"},\"image\":{\"@id\":\"https:\\\/\\\/www.bellunopress.it\\\/2023\\\/11\\\/13\\\/cgil-fp-flc-verso-lo-sciopero-del-17-novembre-con-manifestazione-a-padova\\\/#primaryimage\"},\"thumbnailUrl\":\"https:\\\/\\\/www.bellunopress.it\\\/wp-content\\\/uploads\\\/2023\\\/11\\\/Cgil-FP_edited.jpg\",\"articleSection\":[\"Lavoro, Economia, Turismo\",\"Prima Pagina\",\"Societ\u00e0, Associazioni, Istituzioni\"],\"inLanguage\":\"fr-FR\"},{\"@type\":\"WebPage\",\"@id\":\"https:\\\/\\\/www.bellunopress.it\\\/2023\\\/11\\\/13\\\/cgil-fp-flc-verso-lo-sciopero-del-17-novembre-con-manifestazione-a-padova\\\/\",\"url\":\"https:\\\/\\\/www.bellunopress.it\\\/2023\\\/11\\\/13\\\/cgil-fp-flc-verso-lo-sciopero-del-17-novembre-con-manifestazione-a-padova\\\/\",\"name\":\"Cgil Fp-Flc verso lo sciopero del 17 novembre con manifestazione a Padova - Bellunopress - Dolomiti\",\"isPartOf\":{\"@id\":\"https:\\\/\\\/www.bellunopress.it\\\/#website\"},\"primaryImageOfPage\":{\"@id\":\"https:\\\/\\\/www.bellunopress.it\\\/2023\\\/11\\\/13\\\/cgil-fp-flc-verso-lo-sciopero-del-17-novembre-con-manifestazione-a-padova\\\/#primaryimage\"},\"image\":{\"@id\":\"https:\\\/\\\/www.bellunopress.it\\\/2023\\\/11\\\/13\\\/cgil-fp-flc-verso-lo-sciopero-del-17-novembre-con-manifestazione-a-padova\\\/#primaryimage\"},\"thumbnailUrl\":\"https:\\\/\\\/www.bellunopress.it\\\/wp-content\\\/uploads\\\/2023\\\/11\\\/Cgil-FP_edited.jpg\",\"datePublished\":\"2023-11-13T13:28:56+00:00\",\"breadcrumb\":{\"@id\":\"https:\\\/\\\/www.bellunopress.it\\\/2023\\\/11\\\/13\\\/cgil-fp-flc-verso-lo-sciopero-del-17-novembre-con-manifestazione-a-padova\\\/#breadcrumb\"},\"inLanguage\":\"fr-FR\",\"potentialAction\":[{\"@type\":\"ReadAction\",\"target\":[\"https:\\\/\\\/www.bellunopress.it\\\/2023\\\/11\\\/13\\\/cgil-fp-flc-verso-lo-sciopero-del-17-novembre-con-manifestazione-a-padova\\\/\"]}]},{\"@type\":\"ImageObject\",\"inLanguage\":\"fr-FR\",\"@id\":\"https:\\\/\\\/www.bellunopress.it\\\/2023\\\/11\\\/13\\\/cgil-fp-flc-verso-lo-sciopero-del-17-novembre-con-manifestazione-a-padova\\\/#primaryimage\",\"url\":\"https:\\\/\\\/www.bellunopress.it\\\/wp-content\\\/uploads\\\/2023\\\/11\\\/Cgil-FP_edited.jpg\",\"contentUrl\":\"https:\\\/\\\/www.bellunopress.it\\\/wp-content\\\/uploads\\\/2023\\\/11\\\/Cgil-FP_edited.jpg\",\"width\":799,\"height\":471},{\"@type\":\"BreadcrumbList\",\"@id\":\"https:\\\/\\\/www.bellunopress.it\\\/2023\\\/11\\\/13\\\/cgil-fp-flc-verso-lo-sciopero-del-17-novembre-con-manifestazione-a-padova\\\/#breadcrumb\",\"itemListElement\":[{\"@type\":\"ListItem\",\"position\":1,\"name\":\"Home\",\"item\":\"https:\\\/\\\/www.bellunopress.it\\\/\"},{\"@type\":\"ListItem\",\"position\":2,\"name\":\"Cgil Fp-Flc verso lo sciopero del 17 novembre con manifestazione a Padova\"}]},{\"@type\":\"WebSite\",\"@id\":\"https:\\\/\\\/www.bellunopress.it\\\/#website\",\"url\":\"https:\\\/\\\/www.bellunopress.it\\\/\",\"name\":\"Bellunopress - Dolomiti\",\"description\":\"e-mail: redazione@bellunopress.it\",\"publisher\":{\"@id\":\"https:\\\/\\\/www.bellunopress.it\\\/#organization\"},\"potentialAction\":[{\"@type\":\"SearchAction\",\"target\":{\"@type\":\"EntryPoint\",\"urlTemplate\":\"https:\\\/\\\/www.bellunopress.it\\\/?s={search_term_string}\"},\"query-input\":{\"@type\":\"PropertyValueSpecification\",\"valueRequired\":true,\"valueName\":\"search_term_string\"}}],\"inLanguage\":\"fr-FR\"},{\"@type\":\"Organization\",\"@id\":\"https:\\\/\\\/www.bellunopress.it\\\/#organization\",\"name\":\"Bellunopress\",\"url\":\"https:\\\/\\\/www.bellunopress.it\\\/\",\"logo\":{\"@type\":\"ImageObject\",\"inLanguage\":\"fr-FR\",\"@id\":\"https:\\\/\\\/www.bellunopress.it\\\/#\\\/schema\\\/logo\\\/image\\\/\",\"url\":\"https:\\\/\\\/www.bellunopress.it\\\/wp-content\\\/uploads\\\/2011\\\/05\\\/cropped-logo-bellunopress-.jpg\",\"contentUrl\":\"https:\\\/\\\/www.bellunopress.it\\\/wp-content\\\/uploads\\\/2011\\\/05\\\/cropped-logo-bellunopress-.jpg\",\"width\":512,\"height\":512,\"caption\":\"Bellunopress\"},\"image\":{\"@id\":\"https:\\\/\\\/www.bellunopress.it\\\/#\\\/schema\\\/logo\\\/image\\\/\"},\"sameAs\":[\"https:\\\/\\\/www.facebook.com\\\/profile.php?id=100008943462799\",\"https:\\\/\\\/x.com\\\/bellunopress\",\"https:\\\/\\\/www.linkedin.com\\\/hp\\\/?dnr=JBzUWaJfMUw8vbXJJ2tVW5-I3jZKvC4wsoxE&amp;amp;amp;amp;amp;amp;trk=nav_responsive_tab_home\",\"https:\\\/\\\/www.youtube.com\\\/channel\\\/UCxL0wu1uN0_3_7hGG0306cw\"]},{\"@type\":\"Person\",\"@id\":\"https:\\\/\\\/www.bellunopress.it\\\/#\\\/schema\\\/person\\\/79bb06722b37ece1c03d3e94beb30d73\",\"name\":\"redazione\",\"image\":{\"@type\":\"ImageObject\",\"inLanguage\":\"fr-FR\",\"@id\":\"https:\\\/\\\/secure.gravatar.com\\\/avatar\\\/37d968a2e67a6fd04c169c4bdef102d0bc5d31b2546345219e348575eb80e9a0?s=96&d=mm&r=g\",\"url\":\"https:\\\/\\\/secure.gravatar.com\\\/avatar\\\/37d968a2e67a6fd04c169c4bdef102d0bc5d31b2546345219e348575eb80e9a0?s=96&d=mm&r=g\",\"contentUrl\":\"https:\\\/\\\/secure.gravatar.com\\\/avatar\\\/37d968a2e67a6fd04c169c4bdef102d0bc5d31b2546345219e348575eb80e9a0?s=96&d=mm&r=g\",\"caption\":\"redazione\"},\"sameAs\":[\"http:\\\/\\\/www.bellunopress.it\",\"https:\\\/\\\/x.com\\\/bellunopress\"],\"url\":\"https:\\\/\\\/www.bellunopress.it\\\/fr\\\/author\\\/redazione\\\/\"}]}<\/script>\n<!-- \/ Yoast SEO plugin. -->","yoast_head_json":{"title":"Cgil Fp-Flc verso lo sciopero del 17 novembre con manifestazione a Padova - Bellunopress - Dolomiti","robots":{"index":"index","follow":"follow","max-snippet":"max-snippet:-1","max-image-preview":"max-image-preview:large","max-video-preview":"max-video-preview:-1"},"canonical":"https:\/\/www.bellunopress.it\/fr\/2023\/11\/13\/cgil-fp-flc-verso-lo-sciopero-del-17-novembre-con-manifestazione-a-padova\/","og_locale":"fr_FR","og_type":"article","og_title":"Cgil Fp-Flc verso lo sciopero del 17 novembre con manifestazione a Padova - Bellunopress - Dolomiti","og_description":"Funzione Pubblica, Lavoratori della conoscenza, Lavoratori del trasporto pubblico e dell\u2019igiene ambientale hanno indetto uno sciopero su scala nazionale per l\u2019intera giornata di venerd\u00ec 17 e si ritroveranno, per quanto riguarda il Veneto, in manifestazione ragionale a Padova, dove scenderanno anche lavoratrici e lavoratori della provincia di Belluno. I tagli della legge di bilancio prodotta [&hellip;]","og_url":"https:\/\/www.bellunopress.it\/fr\/2023\/11\/13\/cgil-fp-flc-verso-lo-sciopero-del-17-novembre-con-manifestazione-a-padova\/","og_site_name":"Bellunopress - Dolomiti","article_publisher":"https:\/\/www.facebook.com\/profile.php?id=100008943462799","article_published_time":"2023-11-13T13:28:56+00:00","og_image":[{"width":799,"height":471,"url":"https:\/\/www.bellunopress.it\/wp-content\/uploads\/2023\/11\/Cgil-FP_edited.jpg","type":"image\/jpeg"}],"author":"redazione","twitter_card":"summary_large_image","twitter_creator":"@bellunopress","twitter_site":"@bellunopress","twitter_misc":{"\u00c9crit par":"redazione","Dur\u00e9e de lecture estim\u00e9e":"3 minutes"},"schema":{"@context":"https:\/\/schema.org","@graph":[{"@type":"Article","@id":"https:\/\/www.bellunopress.it\/2023\/11\/13\/cgil-fp-flc-verso-lo-sciopero-del-17-novembre-con-manifestazione-a-padova\/#article","isPartOf":{"@id":"https:\/\/www.bellunopress.it\/2023\/11\/13\/cgil-fp-flc-verso-lo-sciopero-del-17-novembre-con-manifestazione-a-padova\/"},"author":{"name":"redazione","@id":"https:\/\/www.bellunopress.it\/#\/schema\/person\/79bb06722b37ece1c03d3e94beb30d73"},"headline":"Cgil Fp-Flc verso lo sciopero del 17 novembre con manifestazione a Padova","datePublished":"2023-11-13T13:28:56+00:00","mainEntityOfPage":{"@id":"https:\/\/www.bellunopress.it\/2023\/11\/13\/cgil-fp-flc-verso-lo-sciopero-del-17-novembre-con-manifestazione-a-padova\/"},"wordCount":532,"publisher":{"@id":"https:\/\/www.bellunopress.it\/#organization"},"image":{"@id":"https:\/\/www.bellunopress.it\/2023\/11\/13\/cgil-fp-flc-verso-lo-sciopero-del-17-novembre-con-manifestazione-a-padova\/#primaryimage"},"thumbnailUrl":"https:\/\/www.bellunopress.it\/wp-content\/uploads\/2023\/11\/Cgil-FP_edited.jpg","articleSection":["Lavoro, Economia, Turismo","Prima Pagina","Societ\u00e0, Associazioni, Istituzioni"],"inLanguage":"fr-FR"},{"@type":"WebPage","@id":"https:\/\/www.bellunopress.it\/2023\/11\/13\/cgil-fp-flc-verso-lo-sciopero-del-17-novembre-con-manifestazione-a-padova\/","url":"https:\/\/www.bellunopress.it\/2023\/11\/13\/cgil-fp-flc-verso-lo-sciopero-del-17-novembre-con-manifestazione-a-padova\/","name":"Cgil Fp-Flc verso lo sciopero del 17 novembre con manifestazione a Padova - Bellunopress - Dolomiti","isPartOf":{"@id":"https:\/\/www.bellunopress.it\/#website"},"primaryImageOfPage":{"@id":"https:\/\/www.bellunopress.it\/2023\/11\/13\/cgil-fp-flc-verso-lo-sciopero-del-17-novembre-con-manifestazione-a-padova\/#primaryimage"},"image":{"@id":"https:\/\/www.bellunopress.it\/2023\/11\/13\/cgil-fp-flc-verso-lo-sciopero-del-17-novembre-con-manifestazione-a-padova\/#primaryimage"},"thumbnailUrl":"https:\/\/www.bellunopress.it\/wp-content\/uploads\/2023\/11\/Cgil-FP_edited.jpg","datePublished":"2023-11-13T13:28:56+00:00","breadcrumb":{"@id":"https:\/\/www.bellunopress.it\/2023\/11\/13\/cgil-fp-flc-verso-lo-sciopero-del-17-novembre-con-manifestazione-a-padova\/#breadcrumb"},"inLanguage":"fr-FR","potentialAction":[{"@type":"ReadAction","target":["https:\/\/www.bellunopress.it\/2023\/11\/13\/cgil-fp-flc-verso-lo-sciopero-del-17-novembre-con-manifestazione-a-padova\/"]}]},{"@type":"ImageObject","inLanguage":"fr-FR","@id":"https:\/\/www.bellunopress.it\/2023\/11\/13\/cgil-fp-flc-verso-lo-sciopero-del-17-novembre-con-manifestazione-a-padova\/#primaryimage","url":"https:\/\/www.bellunopress.it\/wp-content\/uploads\/2023\/11\/Cgil-FP_edited.jpg","contentUrl":"https:\/\/www.bellunopress.it\/wp-content\/uploads\/2023\/11\/Cgil-FP_edited.jpg","width":799,"height":471},{"@type":"BreadcrumbList","@id":"https:\/\/www.bellunopress.it\/2023\/11\/13\/cgil-fp-flc-verso-lo-sciopero-del-17-novembre-con-manifestazione-a-padova\/#breadcrumb","itemListElement":[{"@type":"ListItem","position":1,"name":"Home","item":"https:\/\/www.bellunopress.it\/"},{"@type":"ListItem","position":2,"name":"Cgil Fp-Flc verso lo sciopero del 17 novembre con manifestazione a Padova"}]},{"@type":"WebSite","@id":"https:\/\/www.bellunopress.it\/#website","url":"https:\/\/www.bellunopress.it\/","name":"Bellunopress - Dolomiti","description":"e-mail: redazione@bellunopress.it","publisher":{"@id":"https:\/\/www.bellunopress.it\/#organization"},"potentialAction":[{"@type":"SearchAction","target":{"@type":"EntryPoint","urlTemplate":"https:\/\/www.bellunopress.it\/?s={search_term_string}"},"query-input":{"@type":"PropertyValueSpecification","valueRequired":true,"valueName":"search_term_string"}}],"inLanguage":"fr-FR"},{"@type":"Organization","@id":"https:\/\/www.bellunopress.it\/#organization","name":"Bellunopress","url":"https:\/\/www.bellunopress.it\/","logo":{"@type":"ImageObject","inLanguage":"fr-FR","@id":"https:\/\/www.bellunopress.it\/#\/schema\/logo\/image\/","url":"https:\/\/www.bellunopress.it\/wp-content\/uploads\/2011\/05\/cropped-logo-bellunopress-.jpg","contentUrl":"https:\/\/www.bellunopress.it\/wp-content\/uploads\/2011\/05\/cropped-logo-bellunopress-.jpg","width":512,"height":512,"caption":"Bellunopress"},"image":{"@id":"https:\/\/www.bellunopress.it\/#\/schema\/logo\/image\/"},"sameAs":["https:\/\/www.facebook.com\/profile.php?id=100008943462799","https:\/\/x.com\/bellunopress","https:\/\/www.linkedin.com\/hp\/?dnr=JBzUWaJfMUw8vbXJJ2tVW5-I3jZKvC4wsoxE&amp;amp;amp;amp;amp;amp;trk=nav_responsive_tab_home","https:\/\/www.youtube.com\/channel\/UCxL0wu1uN0_3_7hGG0306cw"]},{"@type":"Person","@id":"https:\/\/www.bellunopress.it\/#\/schema\/person\/79bb06722b37ece1c03d3e94beb30d73","name":"r\u00e9daction","image":{"@type":"ImageObject","inLanguage":"fr-FR","@id":"https:\/\/secure.gravatar.com\/avatar\/37d968a2e67a6fd04c169c4bdef102d0bc5d31b2546345219e348575eb80e9a0?s=96&d=mm&r=g","url":"https:\/\/secure.gravatar.com\/avatar\/37d968a2e67a6fd04c169c4bdef102d0bc5d31b2546345219e348575eb80e9a0?s=96&d=mm&r=g","contentUrl":"https:\/\/secure.gravatar.com\/avatar\/37d968a2e67a6fd04c169c4bdef102d0bc5d31b2546345219e348575eb80e9a0?s=96&d=mm&r=g","caption":"redazione"},"sameAs":["http:\/\/www.bellunopress.it","https:\/\/x.com\/bellunopress"],"url":"https:\/\/www.bellunopress.it\/fr\/author\/redazione\/"}]}},"_links":{"self":[{"href":"https:\/\/www.bellunopress.it\/fr\/wp-json\/wp\/v2\/posts\/145876","targetHints":{"allow":["GET"]}}],"collection":[{"href":"https:\/\/www.bellunopress.it\/fr\/wp-json\/wp\/v2\/posts"}],"about":[{"href":"https:\/\/www.bellunopress.it\/fr\/wp-json\/wp\/v2\/types\/post"}],"author":[{"embeddable":true,"href":"https:\/\/www.bellunopress.it\/fr\/wp-json\/wp\/v2\/users\/2"}],"replies":[{"embeddable":true,"href":"https:\/\/www.bellunopress.it\/fr\/wp-json\/wp\/v2\/comments?post=145876"}],"version-history":[{"count":1,"href":"https:\/\/www.bellunopress.it\/fr\/wp-json\/wp\/v2\/posts\/145876\/revisions"}],"predecessor-version":[{"id":145878,"href":"https:\/\/www.bellunopress.it\/fr\/wp-json\/wp\/v2\/posts\/145876\/revisions\/145878"}],"wp:featuredmedia":[{"embeddable":true,"href":"https:\/\/www.bellunopress.it\/fr\/wp-json\/wp\/v2\/media\/145877"}],"wp:attachment":[{"href":"https:\/\/www.bellunopress.it\/fr\/wp-json\/wp\/v2\/media?parent=145876"}],"wp:term":[{"taxonomy":"category","embeddable":true,"href":"https:\/\/www.bellunopress.it\/fr\/wp-json\/wp\/v2\/categories?post=145876"},{"taxonomy":"post_tag","embeddable":true,"href":"https:\/\/www.bellunopress.it\/fr\/wp-json\/wp\/v2\/tags?post=145876"}],"curies":[{"name":"wp","href":"https:\/\/api.w.org\/{rel}","templated":true}]}}