{"id":145868,"date":"2023-11-13T13:32:38","date_gmt":"2023-11-13T12:32:38","guid":{"rendered":"https:\/\/www.bellunopress.it\/?p=145868"},"modified":"2023-11-13T13:32:38","modified_gmt":"2023-11-13T12:32:38","slug":"8-mete-imperdibili-per-gli-amanti-della-montagna","status":"publish","type":"post","link":"https:\/\/www.bellunopress.it\/fr\/2023\/11\/13\/8-mete-imperdibili-per-gli-amanti-della-montagna\/","title":{"rendered":"8 mete imperdibili per gli amanti della montagna"},"content":{"rendered":"<figure id=\"attachment_144528\" aria-describedby=\"caption-attachment-144528\" style=\"width: 1000px\" class=\"wp-caption alignleft\"><img loading=\"lazy\" decoding=\"async\" class=\"size-full wp-image-144528\" src=\"https:\/\/www.bellunopress.it\/wp-content\/uploads\/2023\/09\/Tre-Cime-di-Lavaredo_edited.jpg\" alt=\"\" width=\"1000\" height=\"613\" srcset=\"https:\/\/www.bellunopress.it\/wp-content\/uploads\/2023\/09\/Tre-Cime-di-Lavaredo_edited.jpg 1000w, https:\/\/www.bellunopress.it\/wp-content\/uploads\/2023\/09\/Tre-Cime-di-Lavaredo_edited-500x307.jpg 500w, https:\/\/www.bellunopress.it\/wp-content\/uploads\/2023\/09\/Tre-Cime-di-Lavaredo_edited-696x427.jpg 696w\" sizes=\"auto, (max-width: 1000px) 100vw, 1000px\" \/><figcaption id=\"caption-attachment-144528\" class=\"wp-caption-text\">Tre Cime di Lavaredo<\/figcaption><\/figure>\n<p>Aria pura, allenamento fisico e <a href=\"https:\/\/www.insidemarketing.it\/glossario\/definizione\/digital-detox\/\">digital detox<\/a>: la <strong>vacanza in montagna \u00e8 un vero toccasana<\/strong> per corpo e mente. Partire significa regalarsi momenti indimenticabili tra terra e cielo, in un ambiente quasi magico dove ad ogni passo le nuvole si avvicinano e l\u2019aria diventa pi\u00f9 leggera. Ma quali sono le destinazioni da non perdere per i veri amanti della montagna? Eccone 8 da visitare almeno una volta nella vita.<\/p>\n<h2>Monte Cervino<\/h2>\n<p>La<strong> montagna pi\u00f9 famosa della Svizzera<\/strong>, e anche una delle pi\u00f9 note al mondo, \u00e8 la Mecca degli appassionati di vacanze sulla neve che non scendono a compromessi in fatto di bellezza. Con i suoi 4.478 metri di altezza e la caratteristica forma piramidale, conquista fin dal primo sguardo.<\/p>\n<p>Grazie alla<strong> vista mozzafiato sulla citt\u00e0 di Zermatt<\/strong>, il Cervino \u00e8 la destinazione montuosa ideale anche per chi non \u00e8 un alpinista esperto, e regala certamente il panorama perfetto per delle bellissime foto ricordo.<\/p>\n<h2>Catena delle Dolomiti<\/h2>\n<p><strong>Patrimonio dell&#8217;Umanit\u00e0 Unesco, <\/strong>le Dolomiti sono unanimemente riconosciute tra le montagne pi\u00f9 belle al mondo e probabilmente la risposta pi\u00f9 ovvia per <a href=\"https:\/\/www.astrolabioviaggi.it\/vacanze-in-trentino-10-luoghi-da-vedere\/\">chi si interroga su cosa vedere in Trentino<\/a>. La loro natura incontaminata fa da cornice a paesaggi mozzafiato, con vette rocciose che si elevano verso il cielo.<\/p>\n<p>Tra i tanti picchi che compongono la catena montuosa, le <strong>Tre Cime di Lavaredo <\/strong>sono senza dubbio la destinazione da non perdere. Perfette per una vacanza sulla neve ma anche per le escursioni estive, si trovano nella Val Pusteria e formano una sorta di anello, all\u2019interno del quale si snoda un percorso escursionistico adatto anche ai meno esperti. Con la possibilit\u00e0 di usufruire dei servizi dei vari rifugi: luoghi accoglienti e pittoreschi in cui fermarsi per la notte e assaggiare le bont\u00e0 della cucina tradizionale.<\/p>\n<h2>Monte Kilimangiaro<\/h2>\n<p>Montagna non significa solo vacanze sulla neve tra sci e snowboard. Per chi sogna di salire su <strong>uno dei monti pi\u00f9 alti e selvaggi al mondo,<\/strong> il Kilimangiaro \u00e8 la risposta. Con 5.895 metri d\u2019altezza, \u00e8 la montagna pi\u00f9 alta del Continente africano e si trova nella zona nord-est della Tanzania. Un viaggio in questa destinazione \u00e8 l\u2019ideale per combinare due esperienze ad alto impatto adrenalinico: la scalata del Kilimangiaro e un safari tra i grandi animali selvaggi dell\u2019Africa.<\/p>\n<h2>Monte Roraima<\/h2>\n<p>In Venezuela c\u2019\u00e8 una delle <strong>formazioni rocciose pi\u00f9 antiche <\/strong>del pianeta Terra. Si tratta del Monte Roraima, che con il suo fascino ancestrale attira ogni anno milioni di turisti. Caratterizzato da una forma iconica, con linee geometriche e asimmetriche, custodisce delle cascate nascoste. Nella vetta del monte, infatti, ci sono delle cascate che scendono fino alle pendici.<\/p>\n<h2>Monte Ama Dablam<\/h2>\n<p>Ribattezzato il &#8220;Cervino dell&#8217;Himalaya&#8221;, il monte Ama Dablam ha un\u2019altezza di 6.848 metri e un profilo incredibile, fatto di pareti verticali interrotte a tratti da creste affilate. Poco sotto la vetta si trova<strong> un grande ghiacciaio <\/strong>(Dablam), da cui la montagna prende il nome.<\/p>\n<h2>Monte Agung<\/h2>\n<p>Nella selezione delle destinazioni da non perdere per chi ama la montagna non poteva mancare il monte Agung. Si trova in Indonesia, nell\u2019area di Bali, e ha<strong> un\u2019altezza di 3.142 metri<\/strong>. Le ragioni per visitarlo sono legate principalmente alla sua natura vulcanica: il monte Agung \u00e8 infatti un vulcano attivo, che nei periodi di inattivit\u00e0 diventa una destinazione per gli appassionati di montagna.<\/p>\n<p>Secondo le leggende ind\u00f9 di Bali il monte sarebbe la dimora terrena del dio Mahadewa, ovvero la manifestazione suprema del dio Shiva. Ed \u00e8 per questo che nella vetta si trovano ben<strong> 18 edifici religiosi<\/strong>, che compongono il complesso del tempio di Bekasih.<\/p>\n<h2>Monte Fuji<\/h2>\n<p>Tra le montagne pi\u00f9 iconiche al mondo c\u2019\u00e8 <a href=\"https:\/\/www.japan.travel\/it\/fuji-guide\/mt-fuji-more-than-a-mountain\/\">il Monte Fuji<\/a>. Ha un\u2019altezza di 3.776 metri ed \u00e8<strong> uno dei simboli del Giappone<\/strong>. Anche in questo caso si tratta di un vulcano, ma a differenza del Monte Agung \u00e8 inattivo. L\u2019ultima eruzione risale infatti al 1707. Le ragioni per visitarlo sono molte, dalla bellezza della natura che lo circonda all\u2019emozione di entrare in un ecosistema che i giapponesi considerano sacro.<\/p>\n<h2>Monte Ben Bulben<\/h2>\n<p>Il Ben Bulben \u00e8 forse<strong> il monte pi\u00f9 famoso dell\u2019Irlanda<\/strong>. Meta d\u2019elezione per gli appassionati di trekking e arrampicate, ha un\u2019altezza di 526 metri e si presenta come un\u2019enorme formazione geologica ricoperta di distese erbose. Nonostante la presenza di roccia nello strato sottostante la terra, infatti, il Ben Bulben conquista gli occhi con il suo verde brillante.<\/p>\n<p>Una volta raggiunta la vetta, si pu\u00f2 ammirare una <strong>vista mozzafiato sulla costa di Sligo<\/strong>. La scalata lungo la parete pi\u00f9 ripida \u00e8 indicata per gli esperti di arrampicata, ma i percorsi che si snodano lungo i fianchi della montagna sono adatti anche ai principianti.<\/p>\n<p>Un vero amante della montagna dovrebbe visitare almeno una volta nella vita questi 8 monti. Il paese di destinazione cambia, come anche il panorama di cui si gode dalla cima, ma <strong>la soddisfazione \u00e8 sempre garantita<\/strong>. Non resta quindi che preparare lo zaino e prenotare il viaggio verso la prossima avventura a contatto con la natura.<\/p>\n<p>&nbsp;<\/p>","protected":false},"excerpt":{"rendered":"<p>Aria pura, allenamento fisico e digital detox: la vacanza in montagna \u00e8 un vero toccasana per corpo e mente. Partire significa regalarsi momenti indimenticabili tra terra e cielo, in un ambiente quasi magico dove ad ogni passo le nuvole si avvicinano e l\u2019aria diventa pi\u00f9 leggera. Ma quali sono le destinazioni da non perdere per [&hellip;]<\/p>\n","protected":false},"author":2,"featured_media":144528,"comment_status":"closed","ping_status":"open","sticky":false,"template":"","format":"standard","meta":{"footnotes":""},"categories":[4],"tags":[],"class_list":["post-145868","post","type-post","status-publish","format-standard","has-post-thumbnail","category-sport"],"yoast_head":"<!-- This site is optimized with the Yoast SEO plugin v28.4 - https:\/\/yoast.com\/product\/yoast-seo-wordpress\/ -->\n<title>8 mete imperdibili per gli amanti della montagna - Bellunopress - Dolomiti<\/title>\n<meta name=\"robots\" content=\"index, follow, max-snippet:-1, max-image-preview:large, max-video-preview:-1\" \/>\n<link rel=\"canonical\" href=\"https:\/\/www.bellunopress.it\/fr\/2023\/11\/13\/8-mete-imperdibili-per-gli-amanti-della-montagna\/\" \/>\n<meta property=\"og:locale\" content=\"fr_FR\" \/>\n<meta property=\"og:type\" content=\"article\" \/>\n<meta property=\"og:title\" content=\"8 mete imperdibili per gli amanti della montagna - Bellunopress - Dolomiti\" \/>\n<meta property=\"og:description\" content=\"Aria pura, allenamento fisico e digital detox: la vacanza in montagna \u00e8 un vero toccasana per corpo e mente. Partire significa regalarsi momenti indimenticabili tra terra e cielo, in un ambiente quasi magico dove ad ogni passo le nuvole si avvicinano e l\u2019aria diventa pi\u00f9 leggera. Ma quali sono le destinazioni da non perdere per [&hellip;]\" \/>\n<meta property=\"og:url\" content=\"https:\/\/www.bellunopress.it\/fr\/2023\/11\/13\/8-mete-imperdibili-per-gli-amanti-della-montagna\/\" \/>\n<meta property=\"og:site_name\" content=\"Bellunopress - Dolomiti\" \/>\n<meta property=\"article:publisher\" content=\"https:\/\/www.facebook.com\/profile.php?id=100008943462799\" \/>\n<meta property=\"article:published_time\" content=\"2023-11-13T12:32:38+00:00\" \/>\n<meta property=\"og:image\" content=\"https:\/\/www.bellunopress.it\/wp-content\/uploads\/2023\/09\/Tre-Cime-di-Lavaredo_edited.jpg\" \/>\n\t<meta property=\"og:image:width\" content=\"1000\" \/>\n\t<meta property=\"og:image:height\" content=\"613\" \/>\n\t<meta property=\"og:image:type\" content=\"image\/jpeg\" \/>\n<meta name=\"author\" content=\"redazione\" \/>\n<meta name=\"twitter:card\" content=\"summary_large_image\" \/>\n<meta name=\"twitter:creator\" content=\"@bellunopress\" \/>\n<meta name=\"twitter:site\" content=\"@bellunopress\" \/>\n<meta name=\"twitter:label1\" content=\"Written by\" \/>\n\t<meta name=\"twitter:data1\" content=\"redazione\" \/>\n\t<meta name=\"twitter:label2\" content=\"Est. reading time\" \/>\n\t<meta name=\"twitter:data2\" content=\"4 minutes\" \/>\n<script type=\"application\/ld+json\" class=\"yoast-schema-graph\">{\"@context\":\"https:\\\/\\\/schema.org\",\"@graph\":[{\"@type\":\"Article\",\"@id\":\"https:\\\/\\\/www.bellunopress.it\\\/2023\\\/11\\\/13\\\/8-mete-imperdibili-per-gli-amanti-della-montagna\\\/#article\",\"isPartOf\":{\"@id\":\"https:\\\/\\\/www.bellunopress.it\\\/2023\\\/11\\\/13\\\/8-mete-imperdibili-per-gli-amanti-della-montagna\\\/\"},\"author\":{\"name\":\"redazione\",\"@id\":\"https:\\\/\\\/www.bellunopress.it\\\/#\\\/schema\\\/person\\\/79bb06722b37ece1c03d3e94beb30d73\"},\"headline\":\"8 mete imperdibili per gli amanti della montagna\",\"datePublished\":\"2023-11-13T12:32:38+00:00\",\"mainEntityOfPage\":{\"@id\":\"https:\\\/\\\/www.bellunopress.it\\\/2023\\\/11\\\/13\\\/8-mete-imperdibili-per-gli-amanti-della-montagna\\\/\"},\"wordCount\":831,\"publisher\":{\"@id\":\"https:\\\/\\\/www.bellunopress.it\\\/#organization\"},\"image\":{\"@id\":\"https:\\\/\\\/www.bellunopress.it\\\/2023\\\/11\\\/13\\\/8-mete-imperdibili-per-gli-amanti-della-montagna\\\/#primaryimage\"},\"thumbnailUrl\":\"https:\\\/\\\/www.bellunopress.it\\\/wp-content\\\/uploads\\\/2023\\\/09\\\/Tre-Cime-di-Lavaredo_edited.jpg\",\"articleSection\":[\"Sport, tempo libero\"],\"inLanguage\":\"fr-FR\"},{\"@type\":\"WebPage\",\"@id\":\"https:\\\/\\\/www.bellunopress.it\\\/2023\\\/11\\\/13\\\/8-mete-imperdibili-per-gli-amanti-della-montagna\\\/\",\"url\":\"https:\\\/\\\/www.bellunopress.it\\\/2023\\\/11\\\/13\\\/8-mete-imperdibili-per-gli-amanti-della-montagna\\\/\",\"name\":\"8 mete imperdibili per gli amanti della montagna - Bellunopress - Dolomiti\",\"isPartOf\":{\"@id\":\"https:\\\/\\\/www.bellunopress.it\\\/#website\"},\"primaryImageOfPage\":{\"@id\":\"https:\\\/\\\/www.bellunopress.it\\\/2023\\\/11\\\/13\\\/8-mete-imperdibili-per-gli-amanti-della-montagna\\\/#primaryimage\"},\"image\":{\"@id\":\"https:\\\/\\\/www.bellunopress.it\\\/2023\\\/11\\\/13\\\/8-mete-imperdibili-per-gli-amanti-della-montagna\\\/#primaryimage\"},\"thumbnailUrl\":\"https:\\\/\\\/www.bellunopress.it\\\/wp-content\\\/uploads\\\/2023\\\/09\\\/Tre-Cime-di-Lavaredo_edited.jpg\",\"datePublished\":\"2023-11-13T12:32:38+00:00\",\"breadcrumb\":{\"@id\":\"https:\\\/\\\/www.bellunopress.it\\\/2023\\\/11\\\/13\\\/8-mete-imperdibili-per-gli-amanti-della-montagna\\\/#breadcrumb\"},\"inLanguage\":\"fr-FR\",\"potentialAction\":[{\"@type\":\"ReadAction\",\"target\":[\"https:\\\/\\\/www.bellunopress.it\\\/2023\\\/11\\\/13\\\/8-mete-imperdibili-per-gli-amanti-della-montagna\\\/\"]}]},{\"@type\":\"ImageObject\",\"inLanguage\":\"fr-FR\",\"@id\":\"https:\\\/\\\/www.bellunopress.it\\\/2023\\\/11\\\/13\\\/8-mete-imperdibili-per-gli-amanti-della-montagna\\\/#primaryimage\",\"url\":\"https:\\\/\\\/www.bellunopress.it\\\/wp-content\\\/uploads\\\/2023\\\/09\\\/Tre-Cime-di-Lavaredo_edited.jpg\",\"contentUrl\":\"https:\\\/\\\/www.bellunopress.it\\\/wp-content\\\/uploads\\\/2023\\\/09\\\/Tre-Cime-di-Lavaredo_edited.jpg\",\"width\":1000,\"height\":613,\"caption\":\"Tre Cime di Lavaredo\"},{\"@type\":\"BreadcrumbList\",\"@id\":\"https:\\\/\\\/www.bellunopress.it\\\/2023\\\/11\\\/13\\\/8-mete-imperdibili-per-gli-amanti-della-montagna\\\/#breadcrumb\",\"itemListElement\":[{\"@type\":\"ListItem\",\"position\":1,\"name\":\"Home\",\"item\":\"https:\\\/\\\/www.bellunopress.it\\\/\"},{\"@type\":\"ListItem\",\"position\":2,\"name\":\"8 mete imperdibili per gli amanti della montagna\"}]},{\"@type\":\"WebSite\",\"@id\":\"https:\\\/\\\/www.bellunopress.it\\\/#website\",\"url\":\"https:\\\/\\\/www.bellunopress.it\\\/\",\"name\":\"Bellunopress - Dolomiti\",\"description\":\"e-mail: redazione@bellunopress.it\",\"publisher\":{\"@id\":\"https:\\\/\\\/www.bellunopress.it\\\/#organization\"},\"potentialAction\":[{\"@type\":\"SearchAction\",\"target\":{\"@type\":\"EntryPoint\",\"urlTemplate\":\"https:\\\/\\\/www.bellunopress.it\\\/?s={search_term_string}\"},\"query-input\":{\"@type\":\"PropertyValueSpecification\",\"valueRequired\":true,\"valueName\":\"search_term_string\"}}],\"inLanguage\":\"fr-FR\"},{\"@type\":\"Organization\",\"@id\":\"https:\\\/\\\/www.bellunopress.it\\\/#organization\",\"name\":\"Bellunopress\",\"url\":\"https:\\\/\\\/www.bellunopress.it\\\/\",\"logo\":{\"@type\":\"ImageObject\",\"inLanguage\":\"fr-FR\",\"@id\":\"https:\\\/\\\/www.bellunopress.it\\\/#\\\/schema\\\/logo\\\/image\\\/\",\"url\":\"https:\\\/\\\/www.bellunopress.it\\\/wp-content\\\/uploads\\\/2011\\\/05\\\/cropped-logo-bellunopress-.jpg\",\"contentUrl\":\"https:\\\/\\\/www.bellunopress.it\\\/wp-content\\\/uploads\\\/2011\\\/05\\\/cropped-logo-bellunopress-.jpg\",\"width\":512,\"height\":512,\"caption\":\"Bellunopress\"},\"image\":{\"@id\":\"https:\\\/\\\/www.bellunopress.it\\\/#\\\/schema\\\/logo\\\/image\\\/\"},\"sameAs\":[\"https:\\\/\\\/www.facebook.com\\\/profile.php?id=100008943462799\",\"https:\\\/\\\/x.com\\\/bellunopress\",\"https:\\\/\\\/www.linkedin.com\\\/hp\\\/?dnr=JBzUWaJfMUw8vbXJJ2tVW5-I3jZKvC4wsoxE&amp;amp;amp;amp;amp;amp;trk=nav_responsive_tab_home\",\"https:\\\/\\\/www.youtube.com\\\/channel\\\/UCxL0wu1uN0_3_7hGG0306cw\"]},{\"@type\":\"Person\",\"@id\":\"https:\\\/\\\/www.bellunopress.it\\\/#\\\/schema\\\/person\\\/79bb06722b37ece1c03d3e94beb30d73\",\"name\":\"redazione\",\"image\":{\"@type\":\"ImageObject\",\"inLanguage\":\"fr-FR\",\"@id\":\"https:\\\/\\\/secure.gravatar.com\\\/avatar\\\/37d968a2e67a6fd04c169c4bdef102d0bc5d31b2546345219e348575eb80e9a0?s=96&d=mm&r=g\",\"url\":\"https:\\\/\\\/secure.gravatar.com\\\/avatar\\\/37d968a2e67a6fd04c169c4bdef102d0bc5d31b2546345219e348575eb80e9a0?s=96&d=mm&r=g\",\"contentUrl\":\"https:\\\/\\\/secure.gravatar.com\\\/avatar\\\/37d968a2e67a6fd04c169c4bdef102d0bc5d31b2546345219e348575eb80e9a0?s=96&d=mm&r=g\",\"caption\":\"redazione\"},\"sameAs\":[\"http:\\\/\\\/www.bellunopress.it\",\"https:\\\/\\\/x.com\\\/bellunopress\"],\"url\":\"https:\\\/\\\/www.bellunopress.it\\\/fr\\\/author\\\/redazione\\\/\"}]}<\/script>\n<!-- \/ Yoast SEO plugin. -->","yoast_head_json":{"title":"8 mete imperdibili per gli amanti della montagna - Bellunopress - Dolomiti","robots":{"index":"index","follow":"follow","max-snippet":"max-snippet:-1","max-image-preview":"max-image-preview:large","max-video-preview":"max-video-preview:-1"},"canonical":"https:\/\/www.bellunopress.it\/fr\/2023\/11\/13\/8-mete-imperdibili-per-gli-amanti-della-montagna\/","og_locale":"fr_FR","og_type":"article","og_title":"8 mete imperdibili per gli amanti della montagna - Bellunopress - Dolomiti","og_description":"Aria pura, allenamento fisico e digital detox: la vacanza in montagna \u00e8 un vero toccasana per corpo e mente. Partire significa regalarsi momenti indimenticabili tra terra e cielo, in un ambiente quasi magico dove ad ogni passo le nuvole si avvicinano e l\u2019aria diventa pi\u00f9 leggera. Ma quali sono le destinazioni da non perdere per [&hellip;]","og_url":"https:\/\/www.bellunopress.it\/fr\/2023\/11\/13\/8-mete-imperdibili-per-gli-amanti-della-montagna\/","og_site_name":"Bellunopress - Dolomiti","article_publisher":"https:\/\/www.facebook.com\/profile.php?id=100008943462799","article_published_time":"2023-11-13T12:32:38+00:00","og_image":[{"width":1000,"height":613,"url":"https:\/\/www.bellunopress.it\/wp-content\/uploads\/2023\/09\/Tre-Cime-di-Lavaredo_edited.jpg","type":"image\/jpeg"}],"author":"redazione","twitter_card":"summary_large_image","twitter_creator":"@bellunopress","twitter_site":"@bellunopress","twitter_misc":{"Written by":"redazione","Est. reading time":"4 minutes"},"schema":{"@context":"https:\/\/schema.org","@graph":[{"@type":"Article","@id":"https:\/\/www.bellunopress.it\/2023\/11\/13\/8-mete-imperdibili-per-gli-amanti-della-montagna\/#article","isPartOf":{"@id":"https:\/\/www.bellunopress.it\/2023\/11\/13\/8-mete-imperdibili-per-gli-amanti-della-montagna\/"},"author":{"name":"redazione","@id":"https:\/\/www.bellunopress.it\/#\/schema\/person\/79bb06722b37ece1c03d3e94beb30d73"},"headline":"8 mete imperdibili per gli amanti della montagna","datePublished":"2023-11-13T12:32:38+00:00","mainEntityOfPage":{"@id":"https:\/\/www.bellunopress.it\/2023\/11\/13\/8-mete-imperdibili-per-gli-amanti-della-montagna\/"},"wordCount":831,"publisher":{"@id":"https:\/\/www.bellunopress.it\/#organization"},"image":{"@id":"https:\/\/www.bellunopress.it\/2023\/11\/13\/8-mete-imperdibili-per-gli-amanti-della-montagna\/#primaryimage"},"thumbnailUrl":"https:\/\/www.bellunopress.it\/wp-content\/uploads\/2023\/09\/Tre-Cime-di-Lavaredo_edited.jpg","articleSection":["Sport, tempo libero"],"inLanguage":"fr-FR"},{"@type":"WebPage","@id":"https:\/\/www.bellunopress.it\/2023\/11\/13\/8-mete-imperdibili-per-gli-amanti-della-montagna\/","url":"https:\/\/www.bellunopress.it\/2023\/11\/13\/8-mete-imperdibili-per-gli-amanti-della-montagna\/","name":"8 mete imperdibili per gli amanti della montagna - Bellunopress - Dolomiti","isPartOf":{"@id":"https:\/\/www.bellunopress.it\/#website"},"primaryImageOfPage":{"@id":"https:\/\/www.bellunopress.it\/2023\/11\/13\/8-mete-imperdibili-per-gli-amanti-della-montagna\/#primaryimage"},"image":{"@id":"https:\/\/www.bellunopress.it\/2023\/11\/13\/8-mete-imperdibili-per-gli-amanti-della-montagna\/#primaryimage"},"thumbnailUrl":"https:\/\/www.bellunopress.it\/wp-content\/uploads\/2023\/09\/Tre-Cime-di-Lavaredo_edited.jpg","datePublished":"2023-11-13T12:32:38+00:00","breadcrumb":{"@id":"https:\/\/www.bellunopress.it\/2023\/11\/13\/8-mete-imperdibili-per-gli-amanti-della-montagna\/#breadcrumb"},"inLanguage":"fr-FR","potentialAction":[{"@type":"ReadAction","target":["https:\/\/www.bellunopress.it\/2023\/11\/13\/8-mete-imperdibili-per-gli-amanti-della-montagna\/"]}]},{"@type":"ImageObject","inLanguage":"fr-FR","@id":"https:\/\/www.bellunopress.it\/2023\/11\/13\/8-mete-imperdibili-per-gli-amanti-della-montagna\/#primaryimage","url":"https:\/\/www.bellunopress.it\/wp-content\/uploads\/2023\/09\/Tre-Cime-di-Lavaredo_edited.jpg","contentUrl":"https:\/\/www.bellunopress.it\/wp-content\/uploads\/2023\/09\/Tre-Cime-di-Lavaredo_edited.jpg","width":1000,"height":613,"caption":"Tre Cime di Lavaredo"},{"@type":"BreadcrumbList","@id":"https:\/\/www.bellunopress.it\/2023\/11\/13\/8-mete-imperdibili-per-gli-amanti-della-montagna\/#breadcrumb","itemListElement":[{"@type":"ListItem","position":1,"name":"Home","item":"https:\/\/www.bellunopress.it\/"},{"@type":"ListItem","position":2,"name":"8 mete imperdibili per gli amanti della montagna"}]},{"@type":"WebSite","@id":"https:\/\/www.bellunopress.it\/#website","url":"https:\/\/www.bellunopress.it\/","name":"Bellunopress - Dolomiti","description":"e-mail: redazione@bellunopress.it","publisher":{"@id":"https:\/\/www.bellunopress.it\/#organization"},"potentialAction":[{"@type":"SearchAction","target":{"@type":"EntryPoint","urlTemplate":"https:\/\/www.bellunopress.it\/?s={search_term_string}"},"query-input":{"@type":"PropertyValueSpecification","valueRequired":true,"valueName":"search_term_string"}}],"inLanguage":"fr-FR"},{"@type":"Organization","@id":"https:\/\/www.bellunopress.it\/#organization","name":"Bellunopress","url":"https:\/\/www.bellunopress.it\/","logo":{"@type":"ImageObject","inLanguage":"fr-FR","@id":"https:\/\/www.bellunopress.it\/#\/schema\/logo\/image\/","url":"https:\/\/www.bellunopress.it\/wp-content\/uploads\/2011\/05\/cropped-logo-bellunopress-.jpg","contentUrl":"https:\/\/www.bellunopress.it\/wp-content\/uploads\/2011\/05\/cropped-logo-bellunopress-.jpg","width":512,"height":512,"caption":"Bellunopress"},"image":{"@id":"https:\/\/www.bellunopress.it\/#\/schema\/logo\/image\/"},"sameAs":["https:\/\/www.facebook.com\/profile.php?id=100008943462799","https:\/\/x.com\/bellunopress","https:\/\/www.linkedin.com\/hp\/?dnr=JBzUWaJfMUw8vbXJJ2tVW5-I3jZKvC4wsoxE&amp;amp;amp;amp;amp;amp;trk=nav_responsive_tab_home","https:\/\/www.youtube.com\/channel\/UCxL0wu1uN0_3_7hGG0306cw"]},{"@type":"Person","@id":"https:\/\/www.bellunopress.it\/#\/schema\/person\/79bb06722b37ece1c03d3e94beb30d73","name":"r\u00e9daction","image":{"@type":"ImageObject","inLanguage":"fr-FR","@id":"https:\/\/secure.gravatar.com\/avatar\/37d968a2e67a6fd04c169c4bdef102d0bc5d31b2546345219e348575eb80e9a0?s=96&d=mm&r=g","url":"https:\/\/secure.gravatar.com\/avatar\/37d968a2e67a6fd04c169c4bdef102d0bc5d31b2546345219e348575eb80e9a0?s=96&d=mm&r=g","contentUrl":"https:\/\/secure.gravatar.com\/avatar\/37d968a2e67a6fd04c169c4bdef102d0bc5d31b2546345219e348575eb80e9a0?s=96&d=mm&r=g","caption":"redazione"},"sameAs":["http:\/\/www.bellunopress.it","https:\/\/x.com\/bellunopress"],"url":"https:\/\/www.bellunopress.it\/fr\/author\/redazione\/"}]}},"_links":{"self":[{"href":"https:\/\/www.bellunopress.it\/fr\/wp-json\/wp\/v2\/posts\/145868","targetHints":{"allow":["GET"]}}],"collection":[{"href":"https:\/\/www.bellunopress.it\/fr\/wp-json\/wp\/v2\/posts"}],"about":[{"href":"https:\/\/www.bellunopress.it\/fr\/wp-json\/wp\/v2\/types\/post"}],"author":[{"embeddable":true,"href":"https:\/\/www.bellunopress.it\/fr\/wp-json\/wp\/v2\/users\/2"}],"replies":[{"embeddable":true,"href":"https:\/\/www.bellunopress.it\/fr\/wp-json\/wp\/v2\/comments?post=145868"}],"version-history":[{"count":1,"href":"https:\/\/www.bellunopress.it\/fr\/wp-json\/wp\/v2\/posts\/145868\/revisions"}],"predecessor-version":[{"id":145869,"href":"https:\/\/www.bellunopress.it\/fr\/wp-json\/wp\/v2\/posts\/145868\/revisions\/145869"}],"wp:featuredmedia":[{"embeddable":true,"href":"https:\/\/www.bellunopress.it\/fr\/wp-json\/wp\/v2\/media\/144528"}],"wp:attachment":[{"href":"https:\/\/www.bellunopress.it\/fr\/wp-json\/wp\/v2\/media?parent=145868"}],"wp:term":[{"taxonomy":"category","embeddable":true,"href":"https:\/\/www.bellunopress.it\/fr\/wp-json\/wp\/v2\/categories?post=145868"},{"taxonomy":"post_tag","embeddable":true,"href":"https:\/\/www.bellunopress.it\/fr\/wp-json\/wp\/v2\/tags?post=145868"}],"curies":[{"name":"wp","href":"https:\/\/api.w.org\/{rel}","templated":true}]}}