{"id":145860,"date":"2023-11-13T09:14:58","date_gmt":"2023-11-13T08:14:58","guid":{"rendered":"https:\/\/www.bellunopress.it\/?p=145860"},"modified":"2023-11-19T15:08:32","modified_gmt":"2023-11-19T14:08:32","slug":"popoli-stati-e-bandiere-di-marco-zanetti","status":"publish","type":"post","link":"https:\/\/www.bellunopress.it\/fr\/2023\/11\/13\/popoli-stati-e-bandiere-di-marco-zanetti\/","title":{"rendered":"Popoli, stati e bandiere\u00a0 \u00a0 * di Marco Zanetti"},"content":{"rendered":"<p>Qualche pubblica amministrazione locale espone di questi tempi bandiere di altri paesi in segno di solidariet\u00e0 per le sciagure che li affliggono. E ci\u00f2 \u00e8 del tutto comprensibile.<\/p>\n<figure id=\"attachment_145862\" aria-describedby=\"caption-attachment-145862\" style=\"width: 310px\" class=\"wp-caption alignleft\"><img loading=\"lazy\" decoding=\"async\" class=\"size-full wp-image-145862\" src=\"https:\/\/www.bellunopress.it\/wp-content\/uploads\/2023\/11\/bandiere-municipio-Venezia.jpg\" alt=\"\" width=\"310\" height=\"229\" \/><figcaption id=\"caption-attachment-145862\" class=\"wp-caption-text\">Municipio di Venezia<\/figcaption><\/figure>\n<figure id=\"attachment_145861\" aria-describedby=\"caption-attachment-145861\" style=\"width: 1000px\" class=\"wp-caption alignleft\"><img loading=\"lazy\" decoding=\"async\" class=\"size-full wp-image-145861\" src=\"https:\/\/www.bellunopress.it\/wp-content\/uploads\/2023\/11\/bandiere-Comune-Belluno-Palazzo-Rosso_edited.jpg\" alt=\"\" width=\"1000\" height=\"750\" srcset=\"https:\/\/www.bellunopress.it\/wp-content\/uploads\/2023\/11\/bandiere-Comune-Belluno-Palazzo-Rosso_edited.jpg 1000w, https:\/\/www.bellunopress.it\/wp-content\/uploads\/2023\/11\/bandiere-Comune-Belluno-Palazzo-Rosso_edited-500x375.jpg 500w, https:\/\/www.bellunopress.it\/wp-content\/uploads\/2023\/11\/bandiere-Comune-Belluno-Palazzo-Rosso_edited-696x522.jpg 696w\" sizes=\"auto, (max-width: 1000px) 100vw, 1000px\" \/><figcaption id=\"caption-attachment-145861\" class=\"wp-caption-text\">Palazzo Rosso &#8211; Belluno<\/figcaption><\/figure>\n<p>Al municipio di Venezia, oltre alla bandiera dell&#8217;Ucraina \u00e8 stata esposta di recente la bandiera di Israele.<\/p>\n<p>Diverso il caso di Belluno, dove assieme al tricolore e altre bandiere &#8220;di rito&#8221;, \u00e8 esposta la bandiera della citt\u00e0, che ha gli stessi colori di quella Ucraina.<\/p>\n<p>Si deve osservare, a prescindere dai sentimenti che hanno determinato queste azioni, che queste esposizioni di bandiere di altri paesi derogano dalle regole del corretto cerimoniale istituzionale.<br \/>\nUna efficace illustrazione del cerimoniale si trova comodamente nel sito della <a href=\"https:\/\/presidenza.governo.it\/ufficio_cerimoniale\/cerimoniale\/bandiera_esposizione_schemi.html\">Presidenza del Consiglio<\/a>: in sostanza altre bandiere nazionali si possono esporre solo in occasione di visite ufficiali di rappresentanti di quel Paese.<\/p>\n<p>Inoltre, \u00e8 del tutto evidente che la licenza di esporre questa o quella bandiera per simpatie o motivazioni di solidariet\u00e0 espone ad infinite criticit\u00e0. Ad esempio, nel caso veneziano perch\u00e9 non esporre anche quella dello stato (autorit\u00e0) palestinese, che \u00e8 pure oggi &#8220;vittima&#8221; assieme ad Israele; come se Venezia ignorasse &#8211; serenissimamente &#8211; che gli stati in questione, secondo certi accordi internazionali, sono due. Come se qui l&#8217;amministrazione locale avesse scelto altrimenti una diversa opzione di politica estera, ma con quali atti deliberativi e di chi? Del sindaco, della giunta o del consiglio comunale?<\/p>\n<p>E che dire del fatto che oggi sono censiti nel pianeta ben 60 conflitti in corso: come ce la caviamo con le omissioni?<\/p>\n<p>Il coinvolgimento delle comunit\u00e0 locali anche sulle pi\u00f9 gravi questioni internazionali \u00e8 certamente sacrosanto, tuttavia seguire le regole non \u00e8 mera mera questione formale e burocratica ed esprimere solidariet\u00e0 alle vittime in forme pi\u00f9 mature \u00e8 certo auspicabile.<\/p>\n<p><strong>Marco Zanetti<\/strong><\/p>","protected":false},"excerpt":{"rendered":"<p>Qualche pubblica amministrazione locale espone di questi tempi bandiere di altri paesi in segno di solidariet\u00e0 per le sciagure che li affliggono. E ci\u00f2 \u00e8 del tutto comprensibile. Al municipio di Venezia, oltre alla bandiera dell&#8217;Ucraina \u00e8 stata esposta di recente la bandiera di Israele. Diverso il caso di Belluno, dove assieme al tricolore e [&hellip;]<\/p>\n","protected":false},"author":2,"featured_media":145861,"comment_status":"closed","ping_status":"open","sticky":false,"template":"","format":"standard","meta":{"footnotes":""},"categories":[26,8],"tags":[],"class_list":["post-145860","post","type-post","status-publish","format-standard","has-post-thumbnail","category-prima-pagina","category-societa-istituzioni"],"yoast_head":"<!-- This site is optimized with the Yoast SEO plugin v28.4 - https:\/\/yoast.com\/product\/yoast-seo-wordpress\/ -->\n<title>Popoli, stati e bandiere\u00a0 \u00a0 * di Marco Zanetti - Bellunopress - Dolomiti<\/title>\n<meta name=\"robots\" content=\"index, follow, max-snippet:-1, max-image-preview:large, max-video-preview:-1\" \/>\n<link rel=\"canonical\" href=\"https:\/\/www.bellunopress.it\/fr\/2023\/11\/13\/popoli-stati-e-bandiere-di-marco-zanetti\/\" \/>\n<meta property=\"og:locale\" content=\"fr_FR\" \/>\n<meta property=\"og:type\" content=\"article\" \/>\n<meta property=\"og:title\" content=\"Popoli, stati e bandiere\u00a0 \u00a0 * di Marco Zanetti - Bellunopress - Dolomiti\" \/>\n<meta property=\"og:description\" content=\"Qualche pubblica amministrazione locale espone di questi tempi bandiere di altri paesi in segno di solidariet\u00e0 per le sciagure che li affliggono. E ci\u00f2 \u00e8 del tutto comprensibile. Al municipio di Venezia, oltre alla bandiera dell&#8217;Ucraina \u00e8 stata esposta di recente la bandiera di Israele. Diverso il caso di Belluno, dove assieme al tricolore e [&hellip;]\" \/>\n<meta property=\"og:url\" content=\"https:\/\/www.bellunopress.it\/fr\/2023\/11\/13\/popoli-stati-e-bandiere-di-marco-zanetti\/\" \/>\n<meta property=\"og:site_name\" content=\"Bellunopress - Dolomiti\" \/>\n<meta property=\"article:publisher\" content=\"https:\/\/www.facebook.com\/profile.php?id=100008943462799\" \/>\n<meta property=\"article:published_time\" content=\"2023-11-13T08:14:58+00:00\" \/>\n<meta property=\"article:modified_time\" content=\"2023-11-19T14:08:32+00:00\" \/>\n<meta property=\"og:image\" content=\"https:\/\/www.bellunopress.it\/wp-content\/uploads\/2023\/11\/bandiere-Comune-Belluno-Palazzo-Rosso_edited.jpg\" \/>\n\t<meta property=\"og:image:width\" content=\"1000\" \/>\n\t<meta property=\"og:image:height\" content=\"750\" \/>\n\t<meta property=\"og:image:type\" content=\"image\/jpeg\" \/>\n<meta name=\"author\" content=\"redazione\" \/>\n<meta name=\"twitter:card\" content=\"summary_large_image\" \/>\n<meta name=\"twitter:creator\" content=\"@bellunopress\" \/>\n<meta name=\"twitter:site\" content=\"@bellunopress\" \/>\n<meta name=\"twitter:label1\" content=\"Written by\" \/>\n\t<meta name=\"twitter:data1\" content=\"redazione\" \/>\n\t<meta name=\"twitter:label2\" content=\"Est. reading time\" \/>\n\t<meta name=\"twitter:data2\" content=\"2 minutes\" \/>\n<script type=\"application\/ld+json\" class=\"yoast-schema-graph\">{\"@context\":\"https:\\\/\\\/schema.org\",\"@graph\":[{\"@type\":\"Article\",\"@id\":\"https:\\\/\\\/www.bellunopress.it\\\/2023\\\/11\\\/13\\\/popoli-stati-e-bandiere-di-marco-zanetti\\\/#article\",\"isPartOf\":{\"@id\":\"https:\\\/\\\/www.bellunopress.it\\\/2023\\\/11\\\/13\\\/popoli-stati-e-bandiere-di-marco-zanetti\\\/\"},\"author\":{\"name\":\"redazione\",\"@id\":\"https:\\\/\\\/www.bellunopress.it\\\/#\\\/schema\\\/person\\\/79bb06722b37ece1c03d3e94beb30d73\"},\"headline\":\"Popoli, stati e bandiere\u00a0 \u00a0 * di Marco Zanetti\",\"datePublished\":\"2023-11-13T08:14:58+00:00\",\"dateModified\":\"2023-11-19T14:08:32+00:00\",\"mainEntityOfPage\":{\"@id\":\"https:\\\/\\\/www.bellunopress.it\\\/2023\\\/11\\\/13\\\/popoli-stati-e-bandiere-di-marco-zanetti\\\/\"},\"wordCount\":311,\"publisher\":{\"@id\":\"https:\\\/\\\/www.bellunopress.it\\\/#organization\"},\"image\":{\"@id\":\"https:\\\/\\\/www.bellunopress.it\\\/2023\\\/11\\\/13\\\/popoli-stati-e-bandiere-di-marco-zanetti\\\/#primaryimage\"},\"thumbnailUrl\":\"https:\\\/\\\/www.bellunopress.it\\\/wp-content\\\/uploads\\\/2023\\\/11\\\/bandiere-Comune-Belluno-Palazzo-Rosso_edited.jpg\",\"articleSection\":[\"Prima Pagina\",\"Societ\u00e0, Associazioni, Istituzioni\"],\"inLanguage\":\"fr-FR\"},{\"@type\":\"WebPage\",\"@id\":\"https:\\\/\\\/www.bellunopress.it\\\/2023\\\/11\\\/13\\\/popoli-stati-e-bandiere-di-marco-zanetti\\\/\",\"url\":\"https:\\\/\\\/www.bellunopress.it\\\/2023\\\/11\\\/13\\\/popoli-stati-e-bandiere-di-marco-zanetti\\\/\",\"name\":\"Popoli, stati e bandiere\u00a0 \u00a0 * di Marco Zanetti - Bellunopress - Dolomiti\",\"isPartOf\":{\"@id\":\"https:\\\/\\\/www.bellunopress.it\\\/#website\"},\"primaryImageOfPage\":{\"@id\":\"https:\\\/\\\/www.bellunopress.it\\\/2023\\\/11\\\/13\\\/popoli-stati-e-bandiere-di-marco-zanetti\\\/#primaryimage\"},\"image\":{\"@id\":\"https:\\\/\\\/www.bellunopress.it\\\/2023\\\/11\\\/13\\\/popoli-stati-e-bandiere-di-marco-zanetti\\\/#primaryimage\"},\"thumbnailUrl\":\"https:\\\/\\\/www.bellunopress.it\\\/wp-content\\\/uploads\\\/2023\\\/11\\\/bandiere-Comune-Belluno-Palazzo-Rosso_edited.jpg\",\"datePublished\":\"2023-11-13T08:14:58+00:00\",\"dateModified\":\"2023-11-19T14:08:32+00:00\",\"breadcrumb\":{\"@id\":\"https:\\\/\\\/www.bellunopress.it\\\/2023\\\/11\\\/13\\\/popoli-stati-e-bandiere-di-marco-zanetti\\\/#breadcrumb\"},\"inLanguage\":\"fr-FR\",\"potentialAction\":[{\"@type\":\"ReadAction\",\"target\":[\"https:\\\/\\\/www.bellunopress.it\\\/2023\\\/11\\\/13\\\/popoli-stati-e-bandiere-di-marco-zanetti\\\/\"]}]},{\"@type\":\"ImageObject\",\"inLanguage\":\"fr-FR\",\"@id\":\"https:\\\/\\\/www.bellunopress.it\\\/2023\\\/11\\\/13\\\/popoli-stati-e-bandiere-di-marco-zanetti\\\/#primaryimage\",\"url\":\"https:\\\/\\\/www.bellunopress.it\\\/wp-content\\\/uploads\\\/2023\\\/11\\\/bandiere-Comune-Belluno-Palazzo-Rosso_edited.jpg\",\"contentUrl\":\"https:\\\/\\\/www.bellunopress.it\\\/wp-content\\\/uploads\\\/2023\\\/11\\\/bandiere-Comune-Belluno-Palazzo-Rosso_edited.jpg\",\"width\":1000,\"height\":750,\"caption\":\"Palazzo Rosso - Belluno\"},{\"@type\":\"BreadcrumbList\",\"@id\":\"https:\\\/\\\/www.bellunopress.it\\\/2023\\\/11\\\/13\\\/popoli-stati-e-bandiere-di-marco-zanetti\\\/#breadcrumb\",\"itemListElement\":[{\"@type\":\"ListItem\",\"position\":1,\"name\":\"Home\",\"item\":\"https:\\\/\\\/www.bellunopress.it\\\/\"},{\"@type\":\"ListItem\",\"position\":2,\"name\":\"Popoli, stati e bandiere\u00a0 \u00a0 * di Marco Zanetti\"}]},{\"@type\":\"WebSite\",\"@id\":\"https:\\\/\\\/www.bellunopress.it\\\/#website\",\"url\":\"https:\\\/\\\/www.bellunopress.it\\\/\",\"name\":\"Bellunopress - Dolomiti\",\"description\":\"e-mail: redazione@bellunopress.it\",\"publisher\":{\"@id\":\"https:\\\/\\\/www.bellunopress.it\\\/#organization\"},\"potentialAction\":[{\"@type\":\"SearchAction\",\"target\":{\"@type\":\"EntryPoint\",\"urlTemplate\":\"https:\\\/\\\/www.bellunopress.it\\\/?s={search_term_string}\"},\"query-input\":{\"@type\":\"PropertyValueSpecification\",\"valueRequired\":true,\"valueName\":\"search_term_string\"}}],\"inLanguage\":\"fr-FR\"},{\"@type\":\"Organization\",\"@id\":\"https:\\\/\\\/www.bellunopress.it\\\/#organization\",\"name\":\"Bellunopress\",\"url\":\"https:\\\/\\\/www.bellunopress.it\\\/\",\"logo\":{\"@type\":\"ImageObject\",\"inLanguage\":\"fr-FR\",\"@id\":\"https:\\\/\\\/www.bellunopress.it\\\/#\\\/schema\\\/logo\\\/image\\\/\",\"url\":\"https:\\\/\\\/www.bellunopress.it\\\/wp-content\\\/uploads\\\/2011\\\/05\\\/cropped-logo-bellunopress-.jpg\",\"contentUrl\":\"https:\\\/\\\/www.bellunopress.it\\\/wp-content\\\/uploads\\\/2011\\\/05\\\/cropped-logo-bellunopress-.jpg\",\"width\":512,\"height\":512,\"caption\":\"Bellunopress\"},\"image\":{\"@id\":\"https:\\\/\\\/www.bellunopress.it\\\/#\\\/schema\\\/logo\\\/image\\\/\"},\"sameAs\":[\"https:\\\/\\\/www.facebook.com\\\/profile.php?id=100008943462799\",\"https:\\\/\\\/x.com\\\/bellunopress\",\"https:\\\/\\\/www.linkedin.com\\\/hp\\\/?dnr=JBzUWaJfMUw8vbXJJ2tVW5-I3jZKvC4wsoxE&amp;amp;amp;amp;amp;amp;trk=nav_responsive_tab_home\",\"https:\\\/\\\/www.youtube.com\\\/channel\\\/UCxL0wu1uN0_3_7hGG0306cw\"]},{\"@type\":\"Person\",\"@id\":\"https:\\\/\\\/www.bellunopress.it\\\/#\\\/schema\\\/person\\\/79bb06722b37ece1c03d3e94beb30d73\",\"name\":\"redazione\",\"image\":{\"@type\":\"ImageObject\",\"inLanguage\":\"fr-FR\",\"@id\":\"https:\\\/\\\/secure.gravatar.com\\\/avatar\\\/37d968a2e67a6fd04c169c4bdef102d0bc5d31b2546345219e348575eb80e9a0?s=96&d=mm&r=g\",\"url\":\"https:\\\/\\\/secure.gravatar.com\\\/avatar\\\/37d968a2e67a6fd04c169c4bdef102d0bc5d31b2546345219e348575eb80e9a0?s=96&d=mm&r=g\",\"contentUrl\":\"https:\\\/\\\/secure.gravatar.com\\\/avatar\\\/37d968a2e67a6fd04c169c4bdef102d0bc5d31b2546345219e348575eb80e9a0?s=96&d=mm&r=g\",\"caption\":\"redazione\"},\"sameAs\":[\"http:\\\/\\\/www.bellunopress.it\",\"https:\\\/\\\/x.com\\\/bellunopress\"],\"url\":\"https:\\\/\\\/www.bellunopress.it\\\/fr\\\/author\\\/redazione\\\/\"}]}<\/script>\n<!-- \/ Yoast SEO plugin. -->","yoast_head_json":{"title":"Popoli, stati e bandiere\u00a0 \u00a0 * di Marco Zanetti - Bellunopress - Dolomiti","robots":{"index":"index","follow":"follow","max-snippet":"max-snippet:-1","max-image-preview":"max-image-preview:large","max-video-preview":"max-video-preview:-1"},"canonical":"https:\/\/www.bellunopress.it\/fr\/2023\/11\/13\/popoli-stati-e-bandiere-di-marco-zanetti\/","og_locale":"fr_FR","og_type":"article","og_title":"Popoli, stati e bandiere\u00a0 \u00a0 * di Marco Zanetti - Bellunopress - Dolomiti","og_description":"Qualche pubblica amministrazione locale espone di questi tempi bandiere di altri paesi in segno di solidariet\u00e0 per le sciagure che li affliggono. E ci\u00f2 \u00e8 del tutto comprensibile. Al municipio di Venezia, oltre alla bandiera dell&#8217;Ucraina \u00e8 stata esposta di recente la bandiera di Israele. Diverso il caso di Belluno, dove assieme al tricolore e [&hellip;]","og_url":"https:\/\/www.bellunopress.it\/fr\/2023\/11\/13\/popoli-stati-e-bandiere-di-marco-zanetti\/","og_site_name":"Bellunopress - Dolomiti","article_publisher":"https:\/\/www.facebook.com\/profile.php?id=100008943462799","article_published_time":"2023-11-13T08:14:58+00:00","article_modified_time":"2023-11-19T14:08:32+00:00","og_image":[{"width":1000,"height":750,"url":"https:\/\/www.bellunopress.it\/wp-content\/uploads\/2023\/11\/bandiere-Comune-Belluno-Palazzo-Rosso_edited.jpg","type":"image\/jpeg"}],"author":"redazione","twitter_card":"summary_large_image","twitter_creator":"@bellunopress","twitter_site":"@bellunopress","twitter_misc":{"Written by":"redazione","Est. reading time":"2 minutes"},"schema":{"@context":"https:\/\/schema.org","@graph":[{"@type":"Article","@id":"https:\/\/www.bellunopress.it\/2023\/11\/13\/popoli-stati-e-bandiere-di-marco-zanetti\/#article","isPartOf":{"@id":"https:\/\/www.bellunopress.it\/2023\/11\/13\/popoli-stati-e-bandiere-di-marco-zanetti\/"},"author":{"name":"redazione","@id":"https:\/\/www.bellunopress.it\/#\/schema\/person\/79bb06722b37ece1c03d3e94beb30d73"},"headline":"Popoli, stati e bandiere\u00a0 \u00a0 * di Marco Zanetti","datePublished":"2023-11-13T08:14:58+00:00","dateModified":"2023-11-19T14:08:32+00:00","mainEntityOfPage":{"@id":"https:\/\/www.bellunopress.it\/2023\/11\/13\/popoli-stati-e-bandiere-di-marco-zanetti\/"},"wordCount":311,"publisher":{"@id":"https:\/\/www.bellunopress.it\/#organization"},"image":{"@id":"https:\/\/www.bellunopress.it\/2023\/11\/13\/popoli-stati-e-bandiere-di-marco-zanetti\/#primaryimage"},"thumbnailUrl":"https:\/\/www.bellunopress.it\/wp-content\/uploads\/2023\/11\/bandiere-Comune-Belluno-Palazzo-Rosso_edited.jpg","articleSection":["Prima Pagina","Societ\u00e0, Associazioni, Istituzioni"],"inLanguage":"fr-FR"},{"@type":"WebPage","@id":"https:\/\/www.bellunopress.it\/2023\/11\/13\/popoli-stati-e-bandiere-di-marco-zanetti\/","url":"https:\/\/www.bellunopress.it\/2023\/11\/13\/popoli-stati-e-bandiere-di-marco-zanetti\/","name":"Popoli, stati e bandiere\u00a0 \u00a0 * di Marco Zanetti - Bellunopress - Dolomiti","isPartOf":{"@id":"https:\/\/www.bellunopress.it\/#website"},"primaryImageOfPage":{"@id":"https:\/\/www.bellunopress.it\/2023\/11\/13\/popoli-stati-e-bandiere-di-marco-zanetti\/#primaryimage"},"image":{"@id":"https:\/\/www.bellunopress.it\/2023\/11\/13\/popoli-stati-e-bandiere-di-marco-zanetti\/#primaryimage"},"thumbnailUrl":"https:\/\/www.bellunopress.it\/wp-content\/uploads\/2023\/11\/bandiere-Comune-Belluno-Palazzo-Rosso_edited.jpg","datePublished":"2023-11-13T08:14:58+00:00","dateModified":"2023-11-19T14:08:32+00:00","breadcrumb":{"@id":"https:\/\/www.bellunopress.it\/2023\/11\/13\/popoli-stati-e-bandiere-di-marco-zanetti\/#breadcrumb"},"inLanguage":"fr-FR","potentialAction":[{"@type":"ReadAction","target":["https:\/\/www.bellunopress.it\/2023\/11\/13\/popoli-stati-e-bandiere-di-marco-zanetti\/"]}]},{"@type":"ImageObject","inLanguage":"fr-FR","@id":"https:\/\/www.bellunopress.it\/2023\/11\/13\/popoli-stati-e-bandiere-di-marco-zanetti\/#primaryimage","url":"https:\/\/www.bellunopress.it\/wp-content\/uploads\/2023\/11\/bandiere-Comune-Belluno-Palazzo-Rosso_edited.jpg","contentUrl":"https:\/\/www.bellunopress.it\/wp-content\/uploads\/2023\/11\/bandiere-Comune-Belluno-Palazzo-Rosso_edited.jpg","width":1000,"height":750,"caption":"Palazzo Rosso - Belluno"},{"@type":"BreadcrumbList","@id":"https:\/\/www.bellunopress.it\/2023\/11\/13\/popoli-stati-e-bandiere-di-marco-zanetti\/#breadcrumb","itemListElement":[{"@type":"ListItem","position":1,"name":"Home","item":"https:\/\/www.bellunopress.it\/"},{"@type":"ListItem","position":2,"name":"Popoli, stati e bandiere\u00a0 \u00a0 * di Marco Zanetti"}]},{"@type":"WebSite","@id":"https:\/\/www.bellunopress.it\/#website","url":"https:\/\/www.bellunopress.it\/","name":"Bellunopress - Dolomiti","description":"e-mail: redazione@bellunopress.it","publisher":{"@id":"https:\/\/www.bellunopress.it\/#organization"},"potentialAction":[{"@type":"SearchAction","target":{"@type":"EntryPoint","urlTemplate":"https:\/\/www.bellunopress.it\/?s={search_term_string}"},"query-input":{"@type":"PropertyValueSpecification","valueRequired":true,"valueName":"search_term_string"}}],"inLanguage":"fr-FR"},{"@type":"Organization","@id":"https:\/\/www.bellunopress.it\/#organization","name":"Bellunopress","url":"https:\/\/www.bellunopress.it\/","logo":{"@type":"ImageObject","inLanguage":"fr-FR","@id":"https:\/\/www.bellunopress.it\/#\/schema\/logo\/image\/","url":"https:\/\/www.bellunopress.it\/wp-content\/uploads\/2011\/05\/cropped-logo-bellunopress-.jpg","contentUrl":"https:\/\/www.bellunopress.it\/wp-content\/uploads\/2011\/05\/cropped-logo-bellunopress-.jpg","width":512,"height":512,"caption":"Bellunopress"},"image":{"@id":"https:\/\/www.bellunopress.it\/#\/schema\/logo\/image\/"},"sameAs":["https:\/\/www.facebook.com\/profile.php?id=100008943462799","https:\/\/x.com\/bellunopress","https:\/\/www.linkedin.com\/hp\/?dnr=JBzUWaJfMUw8vbXJJ2tVW5-I3jZKvC4wsoxE&amp;amp;amp;amp;amp;amp;trk=nav_responsive_tab_home","https:\/\/www.youtube.com\/channel\/UCxL0wu1uN0_3_7hGG0306cw"]},{"@type":"Person","@id":"https:\/\/www.bellunopress.it\/#\/schema\/person\/79bb06722b37ece1c03d3e94beb30d73","name":"r\u00e9daction","image":{"@type":"ImageObject","inLanguage":"fr-FR","@id":"https:\/\/secure.gravatar.com\/avatar\/37d968a2e67a6fd04c169c4bdef102d0bc5d31b2546345219e348575eb80e9a0?s=96&d=mm&r=g","url":"https:\/\/secure.gravatar.com\/avatar\/37d968a2e67a6fd04c169c4bdef102d0bc5d31b2546345219e348575eb80e9a0?s=96&d=mm&r=g","contentUrl":"https:\/\/secure.gravatar.com\/avatar\/37d968a2e67a6fd04c169c4bdef102d0bc5d31b2546345219e348575eb80e9a0?s=96&d=mm&r=g","caption":"redazione"},"sameAs":["http:\/\/www.bellunopress.it","https:\/\/x.com\/bellunopress"],"url":"https:\/\/www.bellunopress.it\/fr\/author\/redazione\/"}]}},"_links":{"self":[{"href":"https:\/\/www.bellunopress.it\/fr\/wp-json\/wp\/v2\/posts\/145860","targetHints":{"allow":["GET"]}}],"collection":[{"href":"https:\/\/www.bellunopress.it\/fr\/wp-json\/wp\/v2\/posts"}],"about":[{"href":"https:\/\/www.bellunopress.it\/fr\/wp-json\/wp\/v2\/types\/post"}],"author":[{"embeddable":true,"href":"https:\/\/www.bellunopress.it\/fr\/wp-json\/wp\/v2\/users\/2"}],"replies":[{"embeddable":true,"href":"https:\/\/www.bellunopress.it\/fr\/wp-json\/wp\/v2\/comments?post=145860"}],"version-history":[{"count":3,"href":"https:\/\/www.bellunopress.it\/fr\/wp-json\/wp\/v2\/posts\/145860\/revisions"}],"predecessor-version":[{"id":145865,"href":"https:\/\/www.bellunopress.it\/fr\/wp-json\/wp\/v2\/posts\/145860\/revisions\/145865"}],"wp:featuredmedia":[{"embeddable":true,"href":"https:\/\/www.bellunopress.it\/fr\/wp-json\/wp\/v2\/media\/145861"}],"wp:attachment":[{"href":"https:\/\/www.bellunopress.it\/fr\/wp-json\/wp\/v2\/media?parent=145860"}],"wp:term":[{"taxonomy":"category","embeddable":true,"href":"https:\/\/www.bellunopress.it\/fr\/wp-json\/wp\/v2\/categories?post=145860"},{"taxonomy":"post_tag","embeddable":true,"href":"https:\/\/www.bellunopress.it\/fr\/wp-json\/wp\/v2\/tags?post=145860"}],"curies":[{"name":"wp","href":"https:\/\/api.w.org\/{rel}","templated":true}]}}