{"id":145834,"date":"2023-11-11T20:13:49","date_gmt":"2023-11-11T19:13:49","guid":{"rendered":"https:\/\/www.bellunopress.it\/?p=145834"},"modified":"2023-11-11T20:13:49","modified_gmt":"2023-11-11T19:13:49","slug":"gelatieri-pasticceri-e-cuochi-spagnoli-alla-mostra-internazionale-del-gelato-di-longarone","status":"publish","type":"post","link":"https:\/\/www.bellunopress.it\/fr\/2023\/11\/11\/gelatieri-pasticceri-e-cuochi-spagnoli-alla-mostra-internazionale-del-gelato-di-longarone\/","title":{"rendered":"Gelatieri, pasticceri e cuochi spagnoli alla Mostra internazionale del Gelato di Longarone"},"content":{"rendered":"<figure id=\"attachment_145835\" aria-describedby=\"caption-attachment-145835\" style=\"width: 872px\" class=\"wp-caption alignleft\"><img loading=\"lazy\" decoding=\"async\" class=\"size-full wp-image-145835\" src=\"https:\/\/www.bellunopress.it\/wp-content\/uploads\/2023\/11\/Marco-Miquel-ANHCEA_edited.jpg\" alt=\"\" width=\"872\" height=\"1000\" srcset=\"https:\/\/www.bellunopress.it\/wp-content\/uploads\/2023\/11\/Marco-Miquel-ANHCEA_edited.jpg 872w, https:\/\/www.bellunopress.it\/wp-content\/uploads\/2023\/11\/Marco-Miquel-ANHCEA_edited-436x500.jpg 436w, https:\/\/www.bellunopress.it\/wp-content\/uploads\/2023\/11\/Marco-Miquel-ANHCEA_edited-696x798.jpg 696w\" sizes=\"auto, (max-width: 872px) 100vw, 872px\" \/><figcaption id=\"caption-attachment-145835\" class=\"wp-caption-text\"><br \/>Marco Miquel &#8211; Anhcea<\/figcaption><\/figure>\n<p>Qualche anticipazione per un evento eccezionale che, grazie alla Mostra internazionale del Gelato di Longarone, avr\u00e0 luogo nelle giornate di luned\u00ec 27 (nel meraviglioso CastelBrando Hotel, su invito) e, nella sede della fiera, marted\u00ec 28 novembre prossimi con il patrocinio di Artglace, la confederazione delle Associazioni dei gelatieri artigiani d\u2019Europa.<\/p>\n<p>Una delegazione composta da sei tra i migliori e pi\u00f9 celebri professionisti dei mestieri del gusto spagnoli, gelatieri, pasticcieri, cuochi guidata da Marco Miquel Sirvent, presidente dell\u2019ANHCEA (Associaci\u00f3n Nacional de Heladeros Artesanos), svolger\u00e0 un Educational dal tema<\/p>\n<p><strong>L\u2019ORIGINE E IL RICORDO<\/strong><\/p>\n<p>Un susseguirsi di emozionanti creazioni di gelateria, pasticceria, di cucina ispirate al tema, realizzate in diretta davanti al pubblico e che culmineranno nelle varie degustazioni. A seguire, per dare maggior spessore all\u2019evento, un\u2019amichevole chiacchierata con il pubblico sulle tecniche di lavorazione e le motivazioni che hanno ispirato le carriere e le scelte di vita dei professionisti.<\/p>","protected":false},"excerpt":{"rendered":"<p>Qualche anticipazione per un evento eccezionale che, grazie alla Mostra internazionale del Gelato di Longarone, avr\u00e0 luogo nelle giornate di luned\u00ec 27 (nel meraviglioso CastelBrando Hotel, su invito) e, nella sede della fiera, marted\u00ec 28 novembre prossimi con il patrocinio di Artglace, la confederazione delle Associazioni dei gelatieri artigiani d\u2019Europa. Una delegazione composta da sei [&hellip;]<\/p>\n","protected":false},"author":2,"featured_media":145835,"comment_status":"closed","ping_status":"open","sticky":false,"template":"","format":"standard","meta":{"footnotes":""},"categories":[3393,25],"tags":[],"class_list":["post-145834","post","type-post","status-publish","format-standard","has-post-thumbnail","category-eventi-enogastronomici","category-pausa-caffe"],"yoast_head":"<!-- This site is optimized with the Yoast SEO plugin v28.4 - https:\/\/yoast.com\/product\/yoast-seo-wordpress\/ -->\n<title>Gelatieri, pasticceri e cuochi spagnoli alla Mostra internazionale del Gelato di Longarone - Bellunopress - Dolomiti<\/title>\n<meta name=\"robots\" content=\"index, follow, max-snippet:-1, max-image-preview:large, max-video-preview:-1\" \/>\n<link rel=\"canonical\" href=\"https:\/\/www.bellunopress.it\/fr\/2023\/11\/11\/gelatieri-pasticceri-e-cuochi-spagnoli-alla-mostra-internazionale-del-gelato-di-longarone\/\" \/>\n<meta property=\"og:locale\" content=\"fr_FR\" \/>\n<meta property=\"og:type\" content=\"article\" \/>\n<meta property=\"og:title\" content=\"Gelatieri, pasticceri e cuochi spagnoli alla Mostra internazionale del Gelato di Longarone - Bellunopress - Dolomiti\" \/>\n<meta property=\"og:description\" content=\"Qualche anticipazione per un evento eccezionale che, grazie alla Mostra internazionale del Gelato di Longarone, avr\u00e0 luogo nelle giornate di luned\u00ec 27 (nel meraviglioso CastelBrando Hotel, su invito) e, nella sede della fiera, marted\u00ec 28 novembre prossimi con il patrocinio di Artglace, la confederazione delle Associazioni dei gelatieri artigiani d\u2019Europa. Una delegazione composta da sei [&hellip;]\" \/>\n<meta property=\"og:url\" content=\"https:\/\/www.bellunopress.it\/fr\/2023\/11\/11\/gelatieri-pasticceri-e-cuochi-spagnoli-alla-mostra-internazionale-del-gelato-di-longarone\/\" \/>\n<meta property=\"og:site_name\" content=\"Bellunopress - Dolomiti\" \/>\n<meta property=\"article:publisher\" content=\"https:\/\/www.facebook.com\/profile.php?id=100008943462799\" \/>\n<meta property=\"article:published_time\" content=\"2023-11-11T19:13:49+00:00\" \/>\n<meta property=\"og:image\" content=\"https:\/\/www.bellunopress.it\/wp-content\/uploads\/2023\/11\/Marco-Miquel-ANHCEA_edited.jpg\" \/>\n\t<meta property=\"og:image:width\" content=\"872\" \/>\n\t<meta property=\"og:image:height\" content=\"1000\" \/>\n\t<meta property=\"og:image:type\" content=\"image\/jpeg\" \/>\n<meta name=\"author\" content=\"redazione\" \/>\n<meta name=\"twitter:card\" content=\"summary_large_image\" \/>\n<meta name=\"twitter:creator\" content=\"@bellunopress\" \/>\n<meta name=\"twitter:site\" content=\"@bellunopress\" \/>\n<meta name=\"twitter:label1\" content=\"\u00c9crit par\" \/>\n\t<meta name=\"twitter:data1\" content=\"redazione\" \/>\n\t<meta name=\"twitter:label2\" content=\"Dur\u00e9e de lecture estim\u00e9e\" \/>\n\t<meta name=\"twitter:data2\" content=\"1 minute\" \/>\n<script type=\"application\/ld+json\" class=\"yoast-schema-graph\">{\"@context\":\"https:\\\/\\\/schema.org\",\"@graph\":[{\"@type\":\"Article\",\"@id\":\"https:\\\/\\\/www.bellunopress.it\\\/2023\\\/11\\\/11\\\/gelatieri-pasticceri-e-cuochi-spagnoli-alla-mostra-internazionale-del-gelato-di-longarone\\\/#article\",\"isPartOf\":{\"@id\":\"https:\\\/\\\/www.bellunopress.it\\\/2023\\\/11\\\/11\\\/gelatieri-pasticceri-e-cuochi-spagnoli-alla-mostra-internazionale-del-gelato-di-longarone\\\/\"},\"author\":{\"name\":\"redazione\",\"@id\":\"https:\\\/\\\/www.bellunopress.it\\\/#\\\/schema\\\/person\\\/79bb06722b37ece1c03d3e94beb30d73\"},\"headline\":\"Gelatieri, pasticceri e cuochi spagnoli alla Mostra internazionale del Gelato di Longarone\",\"datePublished\":\"2023-11-11T19:13:49+00:00\",\"mainEntityOfPage\":{\"@id\":\"https:\\\/\\\/www.bellunopress.it\\\/2023\\\/11\\\/11\\\/gelatieri-pasticceri-e-cuochi-spagnoli-alla-mostra-internazionale-del-gelato-di-longarone\\\/\"},\"wordCount\":174,\"publisher\":{\"@id\":\"https:\\\/\\\/www.bellunopress.it\\\/#organization\"},\"image\":{\"@id\":\"https:\\\/\\\/www.bellunopress.it\\\/2023\\\/11\\\/11\\\/gelatieri-pasticceri-e-cuochi-spagnoli-alla-mostra-internazionale-del-gelato-di-longarone\\\/#primaryimage\"},\"thumbnailUrl\":\"https:\\\/\\\/www.bellunopress.it\\\/wp-content\\\/uploads\\\/2023\\\/11\\\/Marco-Miquel-ANHCEA_edited.jpg\",\"articleSection\":[\"Eventi enogastronomici\",\"Pausa Caff\u00e8\"],\"inLanguage\":\"fr-FR\"},{\"@type\":\"WebPage\",\"@id\":\"https:\\\/\\\/www.bellunopress.it\\\/2023\\\/11\\\/11\\\/gelatieri-pasticceri-e-cuochi-spagnoli-alla-mostra-internazionale-del-gelato-di-longarone\\\/\",\"url\":\"https:\\\/\\\/www.bellunopress.it\\\/2023\\\/11\\\/11\\\/gelatieri-pasticceri-e-cuochi-spagnoli-alla-mostra-internazionale-del-gelato-di-longarone\\\/\",\"name\":\"Gelatieri, pasticceri e cuochi spagnoli alla Mostra internazionale del Gelato di Longarone - Bellunopress - Dolomiti\",\"isPartOf\":{\"@id\":\"https:\\\/\\\/www.bellunopress.it\\\/#website\"},\"primaryImageOfPage\":{\"@id\":\"https:\\\/\\\/www.bellunopress.it\\\/2023\\\/11\\\/11\\\/gelatieri-pasticceri-e-cuochi-spagnoli-alla-mostra-internazionale-del-gelato-di-longarone\\\/#primaryimage\"},\"image\":{\"@id\":\"https:\\\/\\\/www.bellunopress.it\\\/2023\\\/11\\\/11\\\/gelatieri-pasticceri-e-cuochi-spagnoli-alla-mostra-internazionale-del-gelato-di-longarone\\\/#primaryimage\"},\"thumbnailUrl\":\"https:\\\/\\\/www.bellunopress.it\\\/wp-content\\\/uploads\\\/2023\\\/11\\\/Marco-Miquel-ANHCEA_edited.jpg\",\"datePublished\":\"2023-11-11T19:13:49+00:00\",\"breadcrumb\":{\"@id\":\"https:\\\/\\\/www.bellunopress.it\\\/2023\\\/11\\\/11\\\/gelatieri-pasticceri-e-cuochi-spagnoli-alla-mostra-internazionale-del-gelato-di-longarone\\\/#breadcrumb\"},\"inLanguage\":\"fr-FR\",\"potentialAction\":[{\"@type\":\"ReadAction\",\"target\":[\"https:\\\/\\\/www.bellunopress.it\\\/2023\\\/11\\\/11\\\/gelatieri-pasticceri-e-cuochi-spagnoli-alla-mostra-internazionale-del-gelato-di-longarone\\\/\"]}]},{\"@type\":\"ImageObject\",\"inLanguage\":\"fr-FR\",\"@id\":\"https:\\\/\\\/www.bellunopress.it\\\/2023\\\/11\\\/11\\\/gelatieri-pasticceri-e-cuochi-spagnoli-alla-mostra-internazionale-del-gelato-di-longarone\\\/#primaryimage\",\"url\":\"https:\\\/\\\/www.bellunopress.it\\\/wp-content\\\/uploads\\\/2023\\\/11\\\/Marco-Miquel-ANHCEA_edited.jpg\",\"contentUrl\":\"https:\\\/\\\/www.bellunopress.it\\\/wp-content\\\/uploads\\\/2023\\\/11\\\/Marco-Miquel-ANHCEA_edited.jpg\",\"width\":872,\"height\":1000,\"caption\":\"Marco Miquel - Anhcea\"},{\"@type\":\"BreadcrumbList\",\"@id\":\"https:\\\/\\\/www.bellunopress.it\\\/2023\\\/11\\\/11\\\/gelatieri-pasticceri-e-cuochi-spagnoli-alla-mostra-internazionale-del-gelato-di-longarone\\\/#breadcrumb\",\"itemListElement\":[{\"@type\":\"ListItem\",\"position\":1,\"name\":\"Home\",\"item\":\"https:\\\/\\\/www.bellunopress.it\\\/\"},{\"@type\":\"ListItem\",\"position\":2,\"name\":\"Gelatieri, pasticceri e cuochi spagnoli alla Mostra internazionale del Gelato di Longarone\"}]},{\"@type\":\"WebSite\",\"@id\":\"https:\\\/\\\/www.bellunopress.it\\\/#website\",\"url\":\"https:\\\/\\\/www.bellunopress.it\\\/\",\"name\":\"Bellunopress - Dolomiti\",\"description\":\"e-mail: redazione@bellunopress.it\",\"publisher\":{\"@id\":\"https:\\\/\\\/www.bellunopress.it\\\/#organization\"},\"potentialAction\":[{\"@type\":\"SearchAction\",\"target\":{\"@type\":\"EntryPoint\",\"urlTemplate\":\"https:\\\/\\\/www.bellunopress.it\\\/?s={search_term_string}\"},\"query-input\":{\"@type\":\"PropertyValueSpecification\",\"valueRequired\":true,\"valueName\":\"search_term_string\"}}],\"inLanguage\":\"fr-FR\"},{\"@type\":\"Organization\",\"@id\":\"https:\\\/\\\/www.bellunopress.it\\\/#organization\",\"name\":\"Bellunopress\",\"url\":\"https:\\\/\\\/www.bellunopress.it\\\/\",\"logo\":{\"@type\":\"ImageObject\",\"inLanguage\":\"fr-FR\",\"@id\":\"https:\\\/\\\/www.bellunopress.it\\\/#\\\/schema\\\/logo\\\/image\\\/\",\"url\":\"https:\\\/\\\/www.bellunopress.it\\\/wp-content\\\/uploads\\\/2011\\\/05\\\/cropped-logo-bellunopress-.jpg\",\"contentUrl\":\"https:\\\/\\\/www.bellunopress.it\\\/wp-content\\\/uploads\\\/2011\\\/05\\\/cropped-logo-bellunopress-.jpg\",\"width\":512,\"height\":512,\"caption\":\"Bellunopress\"},\"image\":{\"@id\":\"https:\\\/\\\/www.bellunopress.it\\\/#\\\/schema\\\/logo\\\/image\\\/\"},\"sameAs\":[\"https:\\\/\\\/www.facebook.com\\\/profile.php?id=100008943462799\",\"https:\\\/\\\/x.com\\\/bellunopress\",\"https:\\\/\\\/www.linkedin.com\\\/hp\\\/?dnr=JBzUWaJfMUw8vbXJJ2tVW5-I3jZKvC4wsoxE&amp;amp;amp;amp;amp;amp;trk=nav_responsive_tab_home\",\"https:\\\/\\\/www.youtube.com\\\/channel\\\/UCxL0wu1uN0_3_7hGG0306cw\"]},{\"@type\":\"Person\",\"@id\":\"https:\\\/\\\/www.bellunopress.it\\\/#\\\/schema\\\/person\\\/79bb06722b37ece1c03d3e94beb30d73\",\"name\":\"redazione\",\"image\":{\"@type\":\"ImageObject\",\"inLanguage\":\"fr-FR\",\"@id\":\"https:\\\/\\\/secure.gravatar.com\\\/avatar\\\/37d968a2e67a6fd04c169c4bdef102d0bc5d31b2546345219e348575eb80e9a0?s=96&d=mm&r=g\",\"url\":\"https:\\\/\\\/secure.gravatar.com\\\/avatar\\\/37d968a2e67a6fd04c169c4bdef102d0bc5d31b2546345219e348575eb80e9a0?s=96&d=mm&r=g\",\"contentUrl\":\"https:\\\/\\\/secure.gravatar.com\\\/avatar\\\/37d968a2e67a6fd04c169c4bdef102d0bc5d31b2546345219e348575eb80e9a0?s=96&d=mm&r=g\",\"caption\":\"redazione\"},\"sameAs\":[\"http:\\\/\\\/www.bellunopress.it\",\"https:\\\/\\\/x.com\\\/bellunopress\"],\"url\":\"https:\\\/\\\/www.bellunopress.it\\\/fr\\\/author\\\/redazione\\\/\"}]}<\/script>\n<!-- \/ Yoast SEO plugin. -->","yoast_head_json":{"title":"Gelatieri, pasticceri e cuochi spagnoli alla Mostra internazionale del Gelato di Longarone - Bellunopress - Dolomiti","robots":{"index":"index","follow":"follow","max-snippet":"max-snippet:-1","max-image-preview":"max-image-preview:large","max-video-preview":"max-video-preview:-1"},"canonical":"https:\/\/www.bellunopress.it\/fr\/2023\/11\/11\/gelatieri-pasticceri-e-cuochi-spagnoli-alla-mostra-internazionale-del-gelato-di-longarone\/","og_locale":"fr_FR","og_type":"article","og_title":"Gelatieri, pasticceri e cuochi spagnoli alla Mostra internazionale del Gelato di Longarone - Bellunopress - Dolomiti","og_description":"Qualche anticipazione per un evento eccezionale che, grazie alla Mostra internazionale del Gelato di Longarone, avr\u00e0 luogo nelle giornate di luned\u00ec 27 (nel meraviglioso CastelBrando Hotel, su invito) e, nella sede della fiera, marted\u00ec 28 novembre prossimi con il patrocinio di Artglace, la confederazione delle Associazioni dei gelatieri artigiani d\u2019Europa. Una delegazione composta da sei [&hellip;]","og_url":"https:\/\/www.bellunopress.it\/fr\/2023\/11\/11\/gelatieri-pasticceri-e-cuochi-spagnoli-alla-mostra-internazionale-del-gelato-di-longarone\/","og_site_name":"Bellunopress - Dolomiti","article_publisher":"https:\/\/www.facebook.com\/profile.php?id=100008943462799","article_published_time":"2023-11-11T19:13:49+00:00","og_image":[{"width":872,"height":1000,"url":"https:\/\/www.bellunopress.it\/wp-content\/uploads\/2023\/11\/Marco-Miquel-ANHCEA_edited.jpg","type":"image\/jpeg"}],"author":"redazione","twitter_card":"summary_large_image","twitter_creator":"@bellunopress","twitter_site":"@bellunopress","twitter_misc":{"\u00c9crit par":"redazione","Dur\u00e9e de lecture estim\u00e9e":"1 minute"},"schema":{"@context":"https:\/\/schema.org","@graph":[{"@type":"Article","@id":"https:\/\/www.bellunopress.it\/2023\/11\/11\/gelatieri-pasticceri-e-cuochi-spagnoli-alla-mostra-internazionale-del-gelato-di-longarone\/#article","isPartOf":{"@id":"https:\/\/www.bellunopress.it\/2023\/11\/11\/gelatieri-pasticceri-e-cuochi-spagnoli-alla-mostra-internazionale-del-gelato-di-longarone\/"},"author":{"name":"redazione","@id":"https:\/\/www.bellunopress.it\/#\/schema\/person\/79bb06722b37ece1c03d3e94beb30d73"},"headline":"Gelatieri, pasticceri e cuochi spagnoli alla Mostra internazionale del Gelato di Longarone","datePublished":"2023-11-11T19:13:49+00:00","mainEntityOfPage":{"@id":"https:\/\/www.bellunopress.it\/2023\/11\/11\/gelatieri-pasticceri-e-cuochi-spagnoli-alla-mostra-internazionale-del-gelato-di-longarone\/"},"wordCount":174,"publisher":{"@id":"https:\/\/www.bellunopress.it\/#organization"},"image":{"@id":"https:\/\/www.bellunopress.it\/2023\/11\/11\/gelatieri-pasticceri-e-cuochi-spagnoli-alla-mostra-internazionale-del-gelato-di-longarone\/#primaryimage"},"thumbnailUrl":"https:\/\/www.bellunopress.it\/wp-content\/uploads\/2023\/11\/Marco-Miquel-ANHCEA_edited.jpg","articleSection":["Eventi enogastronomici","Pausa Caff\u00e8"],"inLanguage":"fr-FR"},{"@type":"WebPage","@id":"https:\/\/www.bellunopress.it\/2023\/11\/11\/gelatieri-pasticceri-e-cuochi-spagnoli-alla-mostra-internazionale-del-gelato-di-longarone\/","url":"https:\/\/www.bellunopress.it\/2023\/11\/11\/gelatieri-pasticceri-e-cuochi-spagnoli-alla-mostra-internazionale-del-gelato-di-longarone\/","name":"Gelatieri, pasticceri e cuochi spagnoli alla Mostra internazionale del Gelato di Longarone - Bellunopress - Dolomiti","isPartOf":{"@id":"https:\/\/www.bellunopress.it\/#website"},"primaryImageOfPage":{"@id":"https:\/\/www.bellunopress.it\/2023\/11\/11\/gelatieri-pasticceri-e-cuochi-spagnoli-alla-mostra-internazionale-del-gelato-di-longarone\/#primaryimage"},"image":{"@id":"https:\/\/www.bellunopress.it\/2023\/11\/11\/gelatieri-pasticceri-e-cuochi-spagnoli-alla-mostra-internazionale-del-gelato-di-longarone\/#primaryimage"},"thumbnailUrl":"https:\/\/www.bellunopress.it\/wp-content\/uploads\/2023\/11\/Marco-Miquel-ANHCEA_edited.jpg","datePublished":"2023-11-11T19:13:49+00:00","breadcrumb":{"@id":"https:\/\/www.bellunopress.it\/2023\/11\/11\/gelatieri-pasticceri-e-cuochi-spagnoli-alla-mostra-internazionale-del-gelato-di-longarone\/#breadcrumb"},"inLanguage":"fr-FR","potentialAction":[{"@type":"ReadAction","target":["https:\/\/www.bellunopress.it\/2023\/11\/11\/gelatieri-pasticceri-e-cuochi-spagnoli-alla-mostra-internazionale-del-gelato-di-longarone\/"]}]},{"@type":"ImageObject","inLanguage":"fr-FR","@id":"https:\/\/www.bellunopress.it\/2023\/11\/11\/gelatieri-pasticceri-e-cuochi-spagnoli-alla-mostra-internazionale-del-gelato-di-longarone\/#primaryimage","url":"https:\/\/www.bellunopress.it\/wp-content\/uploads\/2023\/11\/Marco-Miquel-ANHCEA_edited.jpg","contentUrl":"https:\/\/www.bellunopress.it\/wp-content\/uploads\/2023\/11\/Marco-Miquel-ANHCEA_edited.jpg","width":872,"height":1000,"caption":"Marco Miquel - Anhcea"},{"@type":"BreadcrumbList","@id":"https:\/\/www.bellunopress.it\/2023\/11\/11\/gelatieri-pasticceri-e-cuochi-spagnoli-alla-mostra-internazionale-del-gelato-di-longarone\/#breadcrumb","itemListElement":[{"@type":"ListItem","position":1,"name":"Home","item":"https:\/\/www.bellunopress.it\/"},{"@type":"ListItem","position":2,"name":"Gelatieri, pasticceri e cuochi spagnoli alla Mostra internazionale del Gelato di Longarone"}]},{"@type":"WebSite","@id":"https:\/\/www.bellunopress.it\/#website","url":"https:\/\/www.bellunopress.it\/","name":"Bellunopress - Dolomiti","description":"e-mail: redazione@bellunopress.it","publisher":{"@id":"https:\/\/www.bellunopress.it\/#organization"},"potentialAction":[{"@type":"SearchAction","target":{"@type":"EntryPoint","urlTemplate":"https:\/\/www.bellunopress.it\/?s={search_term_string}"},"query-input":{"@type":"PropertyValueSpecification","valueRequired":true,"valueName":"search_term_string"}}],"inLanguage":"fr-FR"},{"@type":"Organization","@id":"https:\/\/www.bellunopress.it\/#organization","name":"Bellunopress","url":"https:\/\/www.bellunopress.it\/","logo":{"@type":"ImageObject","inLanguage":"fr-FR","@id":"https:\/\/www.bellunopress.it\/#\/schema\/logo\/image\/","url":"https:\/\/www.bellunopress.it\/wp-content\/uploads\/2011\/05\/cropped-logo-bellunopress-.jpg","contentUrl":"https:\/\/www.bellunopress.it\/wp-content\/uploads\/2011\/05\/cropped-logo-bellunopress-.jpg","width":512,"height":512,"caption":"Bellunopress"},"image":{"@id":"https:\/\/www.bellunopress.it\/#\/schema\/logo\/image\/"},"sameAs":["https:\/\/www.facebook.com\/profile.php?id=100008943462799","https:\/\/x.com\/bellunopress","https:\/\/www.linkedin.com\/hp\/?dnr=JBzUWaJfMUw8vbXJJ2tVW5-I3jZKvC4wsoxE&amp;amp;amp;amp;amp;amp;trk=nav_responsive_tab_home","https:\/\/www.youtube.com\/channel\/UCxL0wu1uN0_3_7hGG0306cw"]},{"@type":"Person","@id":"https:\/\/www.bellunopress.it\/#\/schema\/person\/79bb06722b37ece1c03d3e94beb30d73","name":"r\u00e9daction","image":{"@type":"ImageObject","inLanguage":"fr-FR","@id":"https:\/\/secure.gravatar.com\/avatar\/37d968a2e67a6fd04c169c4bdef102d0bc5d31b2546345219e348575eb80e9a0?s=96&d=mm&r=g","url":"https:\/\/secure.gravatar.com\/avatar\/37d968a2e67a6fd04c169c4bdef102d0bc5d31b2546345219e348575eb80e9a0?s=96&d=mm&r=g","contentUrl":"https:\/\/secure.gravatar.com\/avatar\/37d968a2e67a6fd04c169c4bdef102d0bc5d31b2546345219e348575eb80e9a0?s=96&d=mm&r=g","caption":"redazione"},"sameAs":["http:\/\/www.bellunopress.it","https:\/\/x.com\/bellunopress"],"url":"https:\/\/www.bellunopress.it\/fr\/author\/redazione\/"}]}},"_links":{"self":[{"href":"https:\/\/www.bellunopress.it\/fr\/wp-json\/wp\/v2\/posts\/145834","targetHints":{"allow":["GET"]}}],"collection":[{"href":"https:\/\/www.bellunopress.it\/fr\/wp-json\/wp\/v2\/posts"}],"about":[{"href":"https:\/\/www.bellunopress.it\/fr\/wp-json\/wp\/v2\/types\/post"}],"author":[{"embeddable":true,"href":"https:\/\/www.bellunopress.it\/fr\/wp-json\/wp\/v2\/users\/2"}],"replies":[{"embeddable":true,"href":"https:\/\/www.bellunopress.it\/fr\/wp-json\/wp\/v2\/comments?post=145834"}],"version-history":[{"count":1,"href":"https:\/\/www.bellunopress.it\/fr\/wp-json\/wp\/v2\/posts\/145834\/revisions"}],"predecessor-version":[{"id":145836,"href":"https:\/\/www.bellunopress.it\/fr\/wp-json\/wp\/v2\/posts\/145834\/revisions\/145836"}],"wp:featuredmedia":[{"embeddable":true,"href":"https:\/\/www.bellunopress.it\/fr\/wp-json\/wp\/v2\/media\/145835"}],"wp:attachment":[{"href":"https:\/\/www.bellunopress.it\/fr\/wp-json\/wp\/v2\/media?parent=145834"}],"wp:term":[{"taxonomy":"category","embeddable":true,"href":"https:\/\/www.bellunopress.it\/fr\/wp-json\/wp\/v2\/categories?post=145834"},{"taxonomy":"post_tag","embeddable":true,"href":"https:\/\/www.bellunopress.it\/fr\/wp-json\/wp\/v2\/tags?post=145834"}],"curies":[{"name":"wp","href":"https:\/\/api.w.org\/{rel}","templated":true}]}}