{"id":145824,"date":"2023-11-11T11:08:49","date_gmt":"2023-11-11T10:08:49","guid":{"rendered":"https:\/\/www.bellunopress.it\/?p=145824"},"modified":"2023-11-11T11:08:49","modified_gmt":"2023-11-11T10:08:49","slug":"meningiti-e-vaccinazioni","status":"publish","type":"post","link":"https:\/\/www.bellunopress.it\/fr\/2023\/11\/11\/meningiti-e-vaccinazioni\/","title":{"rendered":"Meningiti e vaccinazioni"},"content":{"rendered":"<p><img loading=\"lazy\" decoding=\"async\" class=\"alignleft size-full wp-image-84065\" src=\"https:\/\/www.bellunopress.it\/wp-content\/uploads\/2017\/02\/ulss-1-dolomiti.jpg\" alt=\"\" width=\"214\" height=\"110\" \/>Da inizio 2023, sono nove i casi di meningite registrati in Veneto e legati a diverse cause, come meningococco, pneumococco e herpes virus.<\/p>\n<p>Lo comunica la Direzione Prevenzione della Regione Veneto, che informa che nell\u2019ultima settimana in Veneto sono stati notificati tre casi di meningite che hanno interessato giovani fino ai 17 anni. Tali casi, registrati in provincia di Padova, Belluno e Vicenza, non sono connessi tra di loro e sono dovuti a cause diverse (meningococco, pneumococco e herpes virus).<\/p>\n<p>\u201cTra questi \u2013 informano gli esperti del Veneto &#8211; vi \u00e8 una bambina di 5 mesi deceduta a Padova per meningite da pneumococco. Il pneumococco (Streptococcus pneumoniae) \u00e8 un batterio che pu\u00f2 causare complicanze gravi (ad esempio meningite, polmonite e otite) nei neonati e nelle persone pi\u00f9 anziane. Un caso ha coinvolto anche un ragazzo di 17 anni nella provincia di Belluno. Questa meningite \u00e8 causata da un batterio diverso, il meningococco (Neisseria meningitidis). Le condizioni del ragazzo sono in miglioramento. Sono state messe in atto dalle due ULSS coinvolte (Dolomiti e Marca Trevigiana) tutte le azioni di sanit\u00e0 pubblica previste\u201d.<\/p>\n<p>\u201cTra le diverse cause di meningite \u2013 dicono i tecnici della Direzione Prevenzione &#8211; a livello regionale tra il 2022 e il 2023 si \u00e8 osservata una leggera crescita di meningiti da meningococco, in particolare di tipo B. Il meningococco \u00e8 un batterio che spesso si trova nelle prime vie aeree di persone sane, senza dare nessun segno di malattia. In alcuni casi, senza segni premonitori, il meningococco pu\u00f2 causare quadri clinici gravi come la meningite. Il meningococco causa meningite soprattutto nei neonati e negli adolescenti\u201d<\/p>\n<p>La stessa Direzione Prevenzione ricorda che \u201cper proteggersi da queste infezioni provocate nello specifico da pneumococco e meningococco sono disponibili diversi vaccini. Esistono diversi tipi di pneumococco e la vaccinazione protegge dai sottotipi pi\u00f9 diffusi. In regione Veneto da molti anni \u00e8 gi\u00e0 a regime l\u2019offerta attiva gratuita di tutti i vaccini disponibili che proteggono da pneumococco e meningococco. I diversi vaccini sono offerti ai neonati e agli adolescenti in base al rischio associato a queste fasce d\u2019et\u00e0 cos\u00ec come previsto dal Piano Nazionale Vaccinale. L\u2019accesso alla vaccinazione contro il pneumococco e il meningococco per tutti i nuovi nati avviene tramite chiamata attiva con lettera di invito. La percentuale di genitori che non aderiscono alla vaccinazione \u00e8 del 6% contro il pneumococco e del 9% contro il meningococco. A tutti gli adolescenti al quattordicesimo anno di et\u00e0 \u00e8 offerta gratuitamente, con chiamata attiva, la vaccinazione contro il meningococco di tipo ACWY. Nonostante l\u2019importanza di questa protezione purtroppo ancora quasi 1 ragazzo su 4 non si vaccina (22%)\u201d.<\/p>\n<p>Dato l\u2019attuale scenario regionale che ha visto la circolazione del meningococco B tra gli adolescenti, la Regione Veneto ha definito un piano straordinario vaccinale. Il piano prevede anche la vaccinazione per il meningococco B per i nuovi 14enni e l\u2019offerta gratuita a richiesta per tutti gli adolescenti e ai giovani adulti (dai nati nell\u2019anno 1997 ai nati nell\u2019anno 2010).<\/p>\n<p>\u201cLa vaccinazione \u2013 raccomandano gli esperti della Direzione Prevenzione &#8211; rimane uno degli strumenti di prevenzione pi\u00f9 importanti per ridurre al minimo il rischio e tutelare la salute di tutti. La vaccinazione negli adulti \u00e8 raccomandata se sono presenti fattori di rischio (per esempio malattie croniche e immunodeficienza) o condizioni particolari (per esempio viaggi in zone a rischio)\u201d.<\/p>\n<p>Per maggiori informazioni \u00e8 possibile rivolgersi al proprio Medico Curante o al Servizio Igiene e Sanit\u00e0 Pubblica della propria ULSS.<\/p>\n<p>&nbsp;<\/p>","protected":false},"excerpt":{"rendered":"<p>Da inizio 2023, sono nove i casi di meningite registrati in Veneto e legati a diverse cause, come meningococco, pneumococco e herpes virus. Lo comunica la Direzione Prevenzione della Regione Veneto, che informa che nell\u2019ultima settimana in Veneto sono stati notificati tre casi di meningite che hanno interessato giovani fino ai 17 anni. Tali casi, [&hellip;]<\/p>\n","protected":false},"author":2,"featured_media":122834,"comment_status":"closed","ping_status":"open","sticky":false,"template":"","format":"standard","meta":{"footnotes":""},"categories":[17],"tags":[],"class_list":["post-145824","post","type-post","status-publish","format-standard","has-post-thumbnail","category-sanita"],"yoast_head":"<!-- This site is optimized with the Yoast SEO plugin v28.4 - https:\/\/yoast.com\/product\/yoast-seo-wordpress\/ -->\n<title>Meningiti e vaccinazioni - Bellunopress - Dolomiti<\/title>\n<meta name=\"robots\" content=\"index, follow, max-snippet:-1, max-image-preview:large, max-video-preview:-1\" \/>\n<link rel=\"canonical\" href=\"https:\/\/www.bellunopress.it\/fr\/2023\/11\/11\/meningiti-e-vaccinazioni\/\" \/>\n<meta property=\"og:locale\" content=\"fr_FR\" \/>\n<meta property=\"og:type\" content=\"article\" \/>\n<meta property=\"og:title\" content=\"Meningiti e vaccinazioni - Bellunopress - Dolomiti\" \/>\n<meta property=\"og:description\" content=\"Da inizio 2023, sono nove i casi di meningite registrati in Veneto e legati a diverse cause, come meningococco, pneumococco e herpes virus. Lo comunica la Direzione Prevenzione della Regione Veneto, che informa che nell\u2019ultima settimana in Veneto sono stati notificati tre casi di meningite che hanno interessato giovani fino ai 17 anni. Tali casi, [&hellip;]\" \/>\n<meta property=\"og:url\" content=\"https:\/\/www.bellunopress.it\/fr\/2023\/11\/11\/meningiti-e-vaccinazioni\/\" \/>\n<meta property=\"og:site_name\" content=\"Bellunopress - Dolomiti\" \/>\n<meta property=\"article:publisher\" content=\"https:\/\/www.facebook.com\/profile.php?id=100008943462799\" \/>\n<meta property=\"article:published_time\" content=\"2023-11-11T10:08:49+00:00\" \/>\n<meta property=\"og:image\" content=\"https:\/\/www.bellunopress.it\/wp-content\/uploads\/2021\/03\/Ulss-Dolomiti_edited.jpg\" \/>\n\t<meta property=\"og:image:width\" content=\"900\" \/>\n\t<meta property=\"og:image:height\" content=\"900\" \/>\n\t<meta property=\"og:image:type\" content=\"image\/jpeg\" \/>\n<meta name=\"author\" content=\"redazione\" \/>\n<meta name=\"twitter:card\" content=\"summary_large_image\" \/>\n<meta name=\"twitter:creator\" content=\"@bellunopress\" \/>\n<meta name=\"twitter:site\" content=\"@bellunopress\" \/>\n<meta name=\"twitter:label1\" content=\"\u00c9crit par\" \/>\n\t<meta name=\"twitter:data1\" content=\"redazione\" \/>\n\t<meta name=\"twitter:label2\" content=\"Dur\u00e9e de lecture estim\u00e9e\" \/>\n\t<meta name=\"twitter:data2\" content=\"3 minutes\" \/>\n<script type=\"application\/ld+json\" class=\"yoast-schema-graph\">{\"@context\":\"https:\\\/\\\/schema.org\",\"@graph\":[{\"@type\":\"Article\",\"@id\":\"https:\\\/\\\/www.bellunopress.it\\\/2023\\\/11\\\/11\\\/meningiti-e-vaccinazioni\\\/#article\",\"isPartOf\":{\"@id\":\"https:\\\/\\\/www.bellunopress.it\\\/2023\\\/11\\\/11\\\/meningiti-e-vaccinazioni\\\/\"},\"author\":{\"name\":\"redazione\",\"@id\":\"https:\\\/\\\/www.bellunopress.it\\\/#\\\/schema\\\/person\\\/79bb06722b37ece1c03d3e94beb30d73\"},\"headline\":\"Meningiti e vaccinazioni\",\"datePublished\":\"2023-11-11T10:08:49+00:00\",\"mainEntityOfPage\":{\"@id\":\"https:\\\/\\\/www.bellunopress.it\\\/2023\\\/11\\\/11\\\/meningiti-e-vaccinazioni\\\/\"},\"wordCount\":558,\"publisher\":{\"@id\":\"https:\\\/\\\/www.bellunopress.it\\\/#organization\"},\"image\":{\"@id\":\"https:\\\/\\\/www.bellunopress.it\\\/2023\\\/11\\\/11\\\/meningiti-e-vaccinazioni\\\/#primaryimage\"},\"thumbnailUrl\":\"https:\\\/\\\/www.bellunopress.it\\\/wp-content\\\/uploads\\\/2021\\\/03\\\/Ulss-Dolomiti_edited.jpg\",\"articleSection\":[\"Sanit\u00e0 Medicina\"],\"inLanguage\":\"fr-FR\"},{\"@type\":\"WebPage\",\"@id\":\"https:\\\/\\\/www.bellunopress.it\\\/2023\\\/11\\\/11\\\/meningiti-e-vaccinazioni\\\/\",\"url\":\"https:\\\/\\\/www.bellunopress.it\\\/2023\\\/11\\\/11\\\/meningiti-e-vaccinazioni\\\/\",\"name\":\"Meningiti e vaccinazioni - Bellunopress - Dolomiti\",\"isPartOf\":{\"@id\":\"https:\\\/\\\/www.bellunopress.it\\\/#website\"},\"primaryImageOfPage\":{\"@id\":\"https:\\\/\\\/www.bellunopress.it\\\/2023\\\/11\\\/11\\\/meningiti-e-vaccinazioni\\\/#primaryimage\"},\"image\":{\"@id\":\"https:\\\/\\\/www.bellunopress.it\\\/2023\\\/11\\\/11\\\/meningiti-e-vaccinazioni\\\/#primaryimage\"},\"thumbnailUrl\":\"https:\\\/\\\/www.bellunopress.it\\\/wp-content\\\/uploads\\\/2021\\\/03\\\/Ulss-Dolomiti_edited.jpg\",\"datePublished\":\"2023-11-11T10:08:49+00:00\",\"breadcrumb\":{\"@id\":\"https:\\\/\\\/www.bellunopress.it\\\/2023\\\/11\\\/11\\\/meningiti-e-vaccinazioni\\\/#breadcrumb\"},\"inLanguage\":\"fr-FR\",\"potentialAction\":[{\"@type\":\"ReadAction\",\"target\":[\"https:\\\/\\\/www.bellunopress.it\\\/2023\\\/11\\\/11\\\/meningiti-e-vaccinazioni\\\/\"]}]},{\"@type\":\"ImageObject\",\"inLanguage\":\"fr-FR\",\"@id\":\"https:\\\/\\\/www.bellunopress.it\\\/2023\\\/11\\\/11\\\/meningiti-e-vaccinazioni\\\/#primaryimage\",\"url\":\"https:\\\/\\\/www.bellunopress.it\\\/wp-content\\\/uploads\\\/2021\\\/03\\\/Ulss-Dolomiti_edited.jpg\",\"contentUrl\":\"https:\\\/\\\/www.bellunopress.it\\\/wp-content\\\/uploads\\\/2021\\\/03\\\/Ulss-Dolomiti_edited.jpg\",\"width\":900,\"height\":900},{\"@type\":\"BreadcrumbList\",\"@id\":\"https:\\\/\\\/www.bellunopress.it\\\/2023\\\/11\\\/11\\\/meningiti-e-vaccinazioni\\\/#breadcrumb\",\"itemListElement\":[{\"@type\":\"ListItem\",\"position\":1,\"name\":\"Home\",\"item\":\"https:\\\/\\\/www.bellunopress.it\\\/\"},{\"@type\":\"ListItem\",\"position\":2,\"name\":\"Meningiti e vaccinazioni\"}]},{\"@type\":\"WebSite\",\"@id\":\"https:\\\/\\\/www.bellunopress.it\\\/#website\",\"url\":\"https:\\\/\\\/www.bellunopress.it\\\/\",\"name\":\"Bellunopress - Dolomiti\",\"description\":\"e-mail: redazione@bellunopress.it\",\"publisher\":{\"@id\":\"https:\\\/\\\/www.bellunopress.it\\\/#organization\"},\"potentialAction\":[{\"@type\":\"SearchAction\",\"target\":{\"@type\":\"EntryPoint\",\"urlTemplate\":\"https:\\\/\\\/www.bellunopress.it\\\/?s={search_term_string}\"},\"query-input\":{\"@type\":\"PropertyValueSpecification\",\"valueRequired\":true,\"valueName\":\"search_term_string\"}}],\"inLanguage\":\"fr-FR\"},{\"@type\":\"Organization\",\"@id\":\"https:\\\/\\\/www.bellunopress.it\\\/#organization\",\"name\":\"Bellunopress\",\"url\":\"https:\\\/\\\/www.bellunopress.it\\\/\",\"logo\":{\"@type\":\"ImageObject\",\"inLanguage\":\"fr-FR\",\"@id\":\"https:\\\/\\\/www.bellunopress.it\\\/#\\\/schema\\\/logo\\\/image\\\/\",\"url\":\"https:\\\/\\\/www.bellunopress.it\\\/wp-content\\\/uploads\\\/2011\\\/05\\\/cropped-logo-bellunopress-.jpg\",\"contentUrl\":\"https:\\\/\\\/www.bellunopress.it\\\/wp-content\\\/uploads\\\/2011\\\/05\\\/cropped-logo-bellunopress-.jpg\",\"width\":512,\"height\":512,\"caption\":\"Bellunopress\"},\"image\":{\"@id\":\"https:\\\/\\\/www.bellunopress.it\\\/#\\\/schema\\\/logo\\\/image\\\/\"},\"sameAs\":[\"https:\\\/\\\/www.facebook.com\\\/profile.php?id=100008943462799\",\"https:\\\/\\\/x.com\\\/bellunopress\",\"https:\\\/\\\/www.linkedin.com\\\/hp\\\/?dnr=JBzUWaJfMUw8vbXJJ2tVW5-I3jZKvC4wsoxE&amp;amp;amp;amp;amp;amp;trk=nav_responsive_tab_home\",\"https:\\\/\\\/www.youtube.com\\\/channel\\\/UCxL0wu1uN0_3_7hGG0306cw\"]},{\"@type\":\"Person\",\"@id\":\"https:\\\/\\\/www.bellunopress.it\\\/#\\\/schema\\\/person\\\/79bb06722b37ece1c03d3e94beb30d73\",\"name\":\"redazione\",\"image\":{\"@type\":\"ImageObject\",\"inLanguage\":\"fr-FR\",\"@id\":\"https:\\\/\\\/secure.gravatar.com\\\/avatar\\\/37d968a2e67a6fd04c169c4bdef102d0bc5d31b2546345219e348575eb80e9a0?s=96&d=mm&r=g\",\"url\":\"https:\\\/\\\/secure.gravatar.com\\\/avatar\\\/37d968a2e67a6fd04c169c4bdef102d0bc5d31b2546345219e348575eb80e9a0?s=96&d=mm&r=g\",\"contentUrl\":\"https:\\\/\\\/secure.gravatar.com\\\/avatar\\\/37d968a2e67a6fd04c169c4bdef102d0bc5d31b2546345219e348575eb80e9a0?s=96&d=mm&r=g\",\"caption\":\"redazione\"},\"sameAs\":[\"http:\\\/\\\/www.bellunopress.it\",\"https:\\\/\\\/x.com\\\/bellunopress\"],\"url\":\"https:\\\/\\\/www.bellunopress.it\\\/fr\\\/author\\\/redazione\\\/\"}]}<\/script>\n<!-- \/ Yoast SEO plugin. -->","yoast_head_json":{"title":"Meningiti e vaccinazioni - Bellunopress - Dolomiti","robots":{"index":"index","follow":"follow","max-snippet":"max-snippet:-1","max-image-preview":"max-image-preview:large","max-video-preview":"max-video-preview:-1"},"canonical":"https:\/\/www.bellunopress.it\/fr\/2023\/11\/11\/meningiti-e-vaccinazioni\/","og_locale":"fr_FR","og_type":"article","og_title":"Meningiti e vaccinazioni - Bellunopress - Dolomiti","og_description":"Da inizio 2023, sono nove i casi di meningite registrati in Veneto e legati a diverse cause, come meningococco, pneumococco e herpes virus. Lo comunica la Direzione Prevenzione della Regione Veneto, che informa che nell\u2019ultima settimana in Veneto sono stati notificati tre casi di meningite che hanno interessato giovani fino ai 17 anni. Tali casi, [&hellip;]","og_url":"https:\/\/www.bellunopress.it\/fr\/2023\/11\/11\/meningiti-e-vaccinazioni\/","og_site_name":"Bellunopress - Dolomiti","article_publisher":"https:\/\/www.facebook.com\/profile.php?id=100008943462799","article_published_time":"2023-11-11T10:08:49+00:00","og_image":[{"width":900,"height":900,"url":"https:\/\/www.bellunopress.it\/wp-content\/uploads\/2021\/03\/Ulss-Dolomiti_edited.jpg","type":"image\/jpeg"}],"author":"redazione","twitter_card":"summary_large_image","twitter_creator":"@bellunopress","twitter_site":"@bellunopress","twitter_misc":{"\u00c9crit par":"redazione","Dur\u00e9e de lecture estim\u00e9e":"3 minutes"},"schema":{"@context":"https:\/\/schema.org","@graph":[{"@type":"Article","@id":"https:\/\/www.bellunopress.it\/2023\/11\/11\/meningiti-e-vaccinazioni\/#article","isPartOf":{"@id":"https:\/\/www.bellunopress.it\/2023\/11\/11\/meningiti-e-vaccinazioni\/"},"author":{"name":"redazione","@id":"https:\/\/www.bellunopress.it\/#\/schema\/person\/79bb06722b37ece1c03d3e94beb30d73"},"headline":"Meningiti e vaccinazioni","datePublished":"2023-11-11T10:08:49+00:00","mainEntityOfPage":{"@id":"https:\/\/www.bellunopress.it\/2023\/11\/11\/meningiti-e-vaccinazioni\/"},"wordCount":558,"publisher":{"@id":"https:\/\/www.bellunopress.it\/#organization"},"image":{"@id":"https:\/\/www.bellunopress.it\/2023\/11\/11\/meningiti-e-vaccinazioni\/#primaryimage"},"thumbnailUrl":"https:\/\/www.bellunopress.it\/wp-content\/uploads\/2021\/03\/Ulss-Dolomiti_edited.jpg","articleSection":["Sanit\u00e0 Medicina"],"inLanguage":"fr-FR"},{"@type":"WebPage","@id":"https:\/\/www.bellunopress.it\/2023\/11\/11\/meningiti-e-vaccinazioni\/","url":"https:\/\/www.bellunopress.it\/2023\/11\/11\/meningiti-e-vaccinazioni\/","name":"Meningiti e vaccinazioni - Bellunopress - Dolomiti","isPartOf":{"@id":"https:\/\/www.bellunopress.it\/#website"},"primaryImageOfPage":{"@id":"https:\/\/www.bellunopress.it\/2023\/11\/11\/meningiti-e-vaccinazioni\/#primaryimage"},"image":{"@id":"https:\/\/www.bellunopress.it\/2023\/11\/11\/meningiti-e-vaccinazioni\/#primaryimage"},"thumbnailUrl":"https:\/\/www.bellunopress.it\/wp-content\/uploads\/2021\/03\/Ulss-Dolomiti_edited.jpg","datePublished":"2023-11-11T10:08:49+00:00","breadcrumb":{"@id":"https:\/\/www.bellunopress.it\/2023\/11\/11\/meningiti-e-vaccinazioni\/#breadcrumb"},"inLanguage":"fr-FR","potentialAction":[{"@type":"ReadAction","target":["https:\/\/www.bellunopress.it\/2023\/11\/11\/meningiti-e-vaccinazioni\/"]}]},{"@type":"ImageObject","inLanguage":"fr-FR","@id":"https:\/\/www.bellunopress.it\/2023\/11\/11\/meningiti-e-vaccinazioni\/#primaryimage","url":"https:\/\/www.bellunopress.it\/wp-content\/uploads\/2021\/03\/Ulss-Dolomiti_edited.jpg","contentUrl":"https:\/\/www.bellunopress.it\/wp-content\/uploads\/2021\/03\/Ulss-Dolomiti_edited.jpg","width":900,"height":900},{"@type":"BreadcrumbList","@id":"https:\/\/www.bellunopress.it\/2023\/11\/11\/meningiti-e-vaccinazioni\/#breadcrumb","itemListElement":[{"@type":"ListItem","position":1,"name":"Home","item":"https:\/\/www.bellunopress.it\/"},{"@type":"ListItem","position":2,"name":"Meningiti e vaccinazioni"}]},{"@type":"WebSite","@id":"https:\/\/www.bellunopress.it\/#website","url":"https:\/\/www.bellunopress.it\/","name":"Bellunopress - Dolomiti","description":"e-mail: redazione@bellunopress.it","publisher":{"@id":"https:\/\/www.bellunopress.it\/#organization"},"potentialAction":[{"@type":"SearchAction","target":{"@type":"EntryPoint","urlTemplate":"https:\/\/www.bellunopress.it\/?s={search_term_string}"},"query-input":{"@type":"PropertyValueSpecification","valueRequired":true,"valueName":"search_term_string"}}],"inLanguage":"fr-FR"},{"@type":"Organization","@id":"https:\/\/www.bellunopress.it\/#organization","name":"Bellunopress","url":"https:\/\/www.bellunopress.it\/","logo":{"@type":"ImageObject","inLanguage":"fr-FR","@id":"https:\/\/www.bellunopress.it\/#\/schema\/logo\/image\/","url":"https:\/\/www.bellunopress.it\/wp-content\/uploads\/2011\/05\/cropped-logo-bellunopress-.jpg","contentUrl":"https:\/\/www.bellunopress.it\/wp-content\/uploads\/2011\/05\/cropped-logo-bellunopress-.jpg","width":512,"height":512,"caption":"Bellunopress"},"image":{"@id":"https:\/\/www.bellunopress.it\/#\/schema\/logo\/image\/"},"sameAs":["https:\/\/www.facebook.com\/profile.php?id=100008943462799","https:\/\/x.com\/bellunopress","https:\/\/www.linkedin.com\/hp\/?dnr=JBzUWaJfMUw8vbXJJ2tVW5-I3jZKvC4wsoxE&amp;amp;amp;amp;amp;amp;trk=nav_responsive_tab_home","https:\/\/www.youtube.com\/channel\/UCxL0wu1uN0_3_7hGG0306cw"]},{"@type":"Person","@id":"https:\/\/www.bellunopress.it\/#\/schema\/person\/79bb06722b37ece1c03d3e94beb30d73","name":"r\u00e9daction","image":{"@type":"ImageObject","inLanguage":"fr-FR","@id":"https:\/\/secure.gravatar.com\/avatar\/37d968a2e67a6fd04c169c4bdef102d0bc5d31b2546345219e348575eb80e9a0?s=96&d=mm&r=g","url":"https:\/\/secure.gravatar.com\/avatar\/37d968a2e67a6fd04c169c4bdef102d0bc5d31b2546345219e348575eb80e9a0?s=96&d=mm&r=g","contentUrl":"https:\/\/secure.gravatar.com\/avatar\/37d968a2e67a6fd04c169c4bdef102d0bc5d31b2546345219e348575eb80e9a0?s=96&d=mm&r=g","caption":"redazione"},"sameAs":["http:\/\/www.bellunopress.it","https:\/\/x.com\/bellunopress"],"url":"https:\/\/www.bellunopress.it\/fr\/author\/redazione\/"}]}},"_links":{"self":[{"href":"https:\/\/www.bellunopress.it\/fr\/wp-json\/wp\/v2\/posts\/145824","targetHints":{"allow":["GET"]}}],"collection":[{"href":"https:\/\/www.bellunopress.it\/fr\/wp-json\/wp\/v2\/posts"}],"about":[{"href":"https:\/\/www.bellunopress.it\/fr\/wp-json\/wp\/v2\/types\/post"}],"author":[{"embeddable":true,"href":"https:\/\/www.bellunopress.it\/fr\/wp-json\/wp\/v2\/users\/2"}],"replies":[{"embeddable":true,"href":"https:\/\/www.bellunopress.it\/fr\/wp-json\/wp\/v2\/comments?post=145824"}],"version-history":[{"count":1,"href":"https:\/\/www.bellunopress.it\/fr\/wp-json\/wp\/v2\/posts\/145824\/revisions"}],"predecessor-version":[{"id":145825,"href":"https:\/\/www.bellunopress.it\/fr\/wp-json\/wp\/v2\/posts\/145824\/revisions\/145825"}],"wp:featuredmedia":[{"embeddable":true,"href":"https:\/\/www.bellunopress.it\/fr\/wp-json\/wp\/v2\/media\/122834"}],"wp:attachment":[{"href":"https:\/\/www.bellunopress.it\/fr\/wp-json\/wp\/v2\/media?parent=145824"}],"wp:term":[{"taxonomy":"category","embeddable":true,"href":"https:\/\/www.bellunopress.it\/fr\/wp-json\/wp\/v2\/categories?post=145824"},{"taxonomy":"post_tag","embeddable":true,"href":"https:\/\/www.bellunopress.it\/fr\/wp-json\/wp\/v2\/tags?post=145824"}],"curies":[{"name":"wp","href":"https:\/\/api.w.org\/{rel}","templated":true}]}}