{"id":145821,"date":"2023-11-11T10:27:42","date_gmt":"2023-11-11T09:27:42","guid":{"rendered":"https:\/\/www.bellunopress.it\/?p=145821"},"modified":"2023-11-11T10:27:42","modified_gmt":"2023-11-11T09:27:42","slug":"ponte-nelle-alpi-approvato-il-progetto-del-nuovo-sentiero-verso-la-chiesetta-di-santandrea","status":"publish","type":"post","link":"https:\/\/www.bellunopress.it\/fr\/2023\/11\/11\/ponte-nelle-alpi-approvato-il-progetto-del-nuovo-sentiero-verso-la-chiesetta-di-santandrea\/","title":{"rendered":"Ponte nelle Alpi. Approvato il progetto del nuovo sentiero verso la Chiesetta di Sant&#8217;Andrea"},"content":{"rendered":"<div id=\"message-htmlpart1\" class=\"message-htmlpart\">\n<div class=\"rcmBody\">\n<div dir=\"ltr\">\n<div>\n<p><img loading=\"lazy\" decoding=\"async\" class=\"alignleft size-full wp-image-145822\" src=\"https:\/\/www.bellunopress.it\/wp-content\/uploads\/2023\/11\/chiesetta-S.Andrea-Ponte-nelle-Alpi.jpg\" alt=\"\" width=\"720\" height=\"960\" srcset=\"https:\/\/www.bellunopress.it\/wp-content\/uploads\/2023\/11\/chiesetta-S.Andrea-Ponte-nelle-Alpi.jpg 720w, https:\/\/www.bellunopress.it\/wp-content\/uploads\/2023\/11\/chiesetta-S.Andrea-Ponte-nelle-Alpi-375x500.jpg 375w, https:\/\/www.bellunopress.it\/wp-content\/uploads\/2023\/11\/chiesetta-S.Andrea-Ponte-nelle-Alpi-696x928.jpg 696w\" sizes=\"auto, (max-width: 720px) 100vw, 720px\" \/>Via libera al progetto esecutivo: la Chiesetta di Sant&#8217;Andrea posta a 740 metri, sopra l&#8217;abitato di Polpet avr\u00e0 un sentiero tutto nuovo.<span class=\"v1gmail-Apple-converted-space\">\u00a0<\/span><\/p>\n<p>Generazioni di abitanti del paese hanno utilizzato il sentiero che porta al monte Frusseda per ricavare il sostentamento dai boschi, dai prati e dai campi. Un balcone naturale su tutta la Valbelluna, laddove sorgeva la torre di avvistamento di epoca romana (Castelin) e, nell&#8217;anno mille, un convento. Poi, nel &#8216;300, venne edificata la Chiesetta di Sant&#8217;Andrea: un artista ignoto scolp\u00ec la statua lignea del santo, affresc\u00f2 le pareti e, nel 1493, fu posta la campana che ancor oggi i visitatori fanno risuonare.<span class=\"v1gmail-Apple-converted-space\">\u00a0<\/span><\/p>\n<p>A questo proposito, i volontari del Comitato frazionale di Polpet si adoperano costantemente per la pulizia e il decoro dell&#8217;area. Non a caso, la chiesetta \u00e8 stata pi\u00f9 volte nella classifica dei &#8220;Luoghi del Cuore&#8221; del FAI ed \u00e8 una delle mete pi\u00f9 frequentate in provincia di Belluno.<span class=\"v1gmail-Apple-converted-space\">\u00a0<\/span><\/p>\n<p>Non solo: lo scorso agosto, \u00e8 stato sottoscritto un accordo di programma tra il Parco nazionale Dolomiti Bellunesi e il Comune di Ponte nelle Alpi, condiviso dall&#8217;Unione montana Bellunese, dal Comitato frazionale di Polpet e dalla parrocchia di Ponte nelle Alpi, mentre l&#8217;ente Parco ha promosso una serie di finanziamenti per il recupero e la valorizzazione dei sentieri e i percorsi storico-turistici di accesso all&#8217;area.<\/p>\n<p>In pi\u00f9, nei giorni scorsi, la giunta comunale di Ponte nelle Alpi ha approvato il progetto esecutivo, redatto dal dottore forestale Luca Soccal, che prevede la riqualificazione, sistemazione e messa in sicurezza del sentiero. Le prime opere potranno iniziare gi\u00e0 nelle prossime settimane per poi proseguire nella primavera 2024.<span class=\"v1gmail-Apple-converted-space\">\u00a0<\/span><\/p>\n<p>L&#8217;assessore in Unione montana, Oliseo Salvagno, e l&#8217;assessore comunale, Andrea Pontello, hanno seguito da vicino l&#8217;iter progettuale. Ed espresso soddisfazione per il raggiungimento dell&#8217;obiettivo: \u00abRingraziamo il presidente del Parco, Ennio Vigne, per l&#8217;attenzione concreta rivolta a uno dei luoghi pi\u00f9 significativi del nostro territorio. La gratitudine va espressa anche a tutti i volontari del locale Comitato frazionale che si impegnano per la valorizzazione della chiesetta, oltre all&#8217;architetto Alessandro Lazzari del settore lavori pubblici del Comune e al tecnico Fabrizio Comiotto dell&#8217;Unione montana\u00bb.<span class=\"v1gmail-Apple-converted-space\">\u00a0<\/span><\/p>\n<p>Pure il sindaco Paolo Vendramini ha evidenziato l&#8217;importanza dell&#8217;intervento: \u00abSono circa seimila all&#8217;anno i visitatori orientati a salire lungo il sentiero che porta alla Chiesetta di Sant&#8217;Andrea per una passeggiata, ma anche per una preghiera. Famosa \u00e8 la campana che viene suonata dai passanti come portafortuna. L&#8217;opera approvata si presenta come un modo efficace per valorizzare il nostro ambiente, la nostra storia, e per sviluppare il turismo e la cultura\u00bb.<span class=\"v1gmail-Apple-converted-space\">\u00a0<\/span><\/p>\n<\/div>\n<\/div>\n<\/div>\n<\/div>\n<p class=\"image-attachment\">","protected":false},"excerpt":{"rendered":"<p>Via libera al progetto esecutivo: la Chiesetta di Sant&#8217;Andrea posta a 740 metri, sopra l&#8217;abitato di Polpet avr\u00e0 un sentiero tutto nuovo.\u00a0 Generazioni di abitanti del paese hanno utilizzato il sentiero che porta al monte Frusseda per ricavare il sostentamento dai boschi, dai prati e dai campi. Un balcone naturale su tutta la Valbelluna, laddove [&hellip;]<\/p>\n","protected":false},"author":2,"featured_media":145822,"comment_status":"closed","ping_status":"open","sticky":false,"template":"","format":"standard","meta":{"footnotes":""},"categories":[5,26,8],"tags":[],"class_list":["post-145821","post","type-post","status-publish","format-standard","has-post-thumbnail","category-cronaca","category-prima-pagina","category-societa-istituzioni"],"yoast_head":"<!-- This site is optimized with the Yoast SEO plugin v28.4 - https:\/\/yoast.com\/product\/yoast-seo-wordpress\/ -->\n<title>Ponte nelle Alpi. Approvato il progetto del nuovo sentiero verso la Chiesetta di Sant&#039;Andrea - Bellunopress - Dolomiti<\/title>\n<meta name=\"robots\" content=\"index, follow, max-snippet:-1, max-image-preview:large, max-video-preview:-1\" \/>\n<link rel=\"canonical\" href=\"https:\/\/www.bellunopress.it\/fr\/2023\/11\/11\/ponte-nelle-alpi-approvato-il-progetto-del-nuovo-sentiero-verso-la-chiesetta-di-santandrea\/\" \/>\n<meta property=\"og:locale\" content=\"fr_FR\" \/>\n<meta property=\"og:type\" content=\"article\" \/>\n<meta property=\"og:title\" content=\"Ponte nelle Alpi. Approvato il progetto del nuovo sentiero verso la Chiesetta di Sant&#039;Andrea - Bellunopress - Dolomiti\" \/>\n<meta property=\"og:description\" content=\"Via libera al progetto esecutivo: la Chiesetta di Sant&#8217;Andrea posta a 740 metri, sopra l&#8217;abitato di Polpet avr\u00e0 un sentiero tutto nuovo.\u00a0 Generazioni di abitanti del paese hanno utilizzato il sentiero che porta al monte Frusseda per ricavare il sostentamento dai boschi, dai prati e dai campi. Un balcone naturale su tutta la Valbelluna, laddove [&hellip;]\" \/>\n<meta property=\"og:url\" content=\"https:\/\/www.bellunopress.it\/fr\/2023\/11\/11\/ponte-nelle-alpi-approvato-il-progetto-del-nuovo-sentiero-verso-la-chiesetta-di-santandrea\/\" \/>\n<meta property=\"og:site_name\" content=\"Bellunopress - Dolomiti\" \/>\n<meta property=\"article:publisher\" content=\"https:\/\/www.facebook.com\/profile.php?id=100008943462799\" \/>\n<meta property=\"article:published_time\" content=\"2023-11-11T09:27:42+00:00\" \/>\n<meta property=\"og:image\" content=\"https:\/\/www.bellunopress.it\/wp-content\/uploads\/2023\/11\/chiesetta-S.Andrea-Ponte-nelle-Alpi.jpg\" \/>\n\t<meta property=\"og:image:width\" content=\"720\" \/>\n\t<meta property=\"og:image:height\" content=\"960\" \/>\n\t<meta property=\"og:image:type\" content=\"image\/jpeg\" \/>\n<meta name=\"author\" content=\"redazione\" \/>\n<meta name=\"twitter:card\" content=\"summary_large_image\" \/>\n<meta name=\"twitter:creator\" content=\"@bellunopress\" \/>\n<meta name=\"twitter:site\" content=\"@bellunopress\" \/>\n<meta name=\"twitter:label1\" content=\"\u00c9crit par\" \/>\n\t<meta name=\"twitter:data1\" content=\"redazione\" \/>\n\t<meta name=\"twitter:label2\" content=\"Dur\u00e9e de lecture estim\u00e9e\" \/>\n\t<meta name=\"twitter:data2\" content=\"2 minutes\" \/>\n<script type=\"application\/ld+json\" class=\"yoast-schema-graph\">{\"@context\":\"https:\\\/\\\/schema.org\",\"@graph\":[{\"@type\":\"Article\",\"@id\":\"https:\\\/\\\/www.bellunopress.it\\\/2023\\\/11\\\/11\\\/ponte-nelle-alpi-approvato-il-progetto-del-nuovo-sentiero-verso-la-chiesetta-di-santandrea\\\/#article\",\"isPartOf\":{\"@id\":\"https:\\\/\\\/www.bellunopress.it\\\/2023\\\/11\\\/11\\\/ponte-nelle-alpi-approvato-il-progetto-del-nuovo-sentiero-verso-la-chiesetta-di-santandrea\\\/\"},\"author\":{\"name\":\"redazione\",\"@id\":\"https:\\\/\\\/www.bellunopress.it\\\/#\\\/schema\\\/person\\\/79bb06722b37ece1c03d3e94beb30d73\"},\"headline\":\"Ponte nelle Alpi. Approvato il progetto del nuovo sentiero verso la Chiesetta di Sant&#8217;Andrea\",\"datePublished\":\"2023-11-11T09:27:42+00:00\",\"mainEntityOfPage\":{\"@id\":\"https:\\\/\\\/www.bellunopress.it\\\/2023\\\/11\\\/11\\\/ponte-nelle-alpi-approvato-il-progetto-del-nuovo-sentiero-verso-la-chiesetta-di-santandrea\\\/\"},\"wordCount\":445,\"publisher\":{\"@id\":\"https:\\\/\\\/www.bellunopress.it\\\/#organization\"},\"image\":{\"@id\":\"https:\\\/\\\/www.bellunopress.it\\\/2023\\\/11\\\/11\\\/ponte-nelle-alpi-approvato-il-progetto-del-nuovo-sentiero-verso-la-chiesetta-di-santandrea\\\/#primaryimage\"},\"thumbnailUrl\":\"https:\\\/\\\/www.bellunopress.it\\\/wp-content\\\/uploads\\\/2023\\\/11\\\/chiesetta-S.Andrea-Ponte-nelle-Alpi.jpg\",\"articleSection\":[\"Cronaca\\\/Politica\",\"Prima Pagina\",\"Societ\u00e0, Associazioni, Istituzioni\"],\"inLanguage\":\"fr-FR\"},{\"@type\":\"WebPage\",\"@id\":\"https:\\\/\\\/www.bellunopress.it\\\/2023\\\/11\\\/11\\\/ponte-nelle-alpi-approvato-il-progetto-del-nuovo-sentiero-verso-la-chiesetta-di-santandrea\\\/\",\"url\":\"https:\\\/\\\/www.bellunopress.it\\\/2023\\\/11\\\/11\\\/ponte-nelle-alpi-approvato-il-progetto-del-nuovo-sentiero-verso-la-chiesetta-di-santandrea\\\/\",\"name\":\"Ponte nelle Alpi. Approvato il progetto del nuovo sentiero verso la Chiesetta di Sant'Andrea - Bellunopress - Dolomiti\",\"isPartOf\":{\"@id\":\"https:\\\/\\\/www.bellunopress.it\\\/#website\"},\"primaryImageOfPage\":{\"@id\":\"https:\\\/\\\/www.bellunopress.it\\\/2023\\\/11\\\/11\\\/ponte-nelle-alpi-approvato-il-progetto-del-nuovo-sentiero-verso-la-chiesetta-di-santandrea\\\/#primaryimage\"},\"image\":{\"@id\":\"https:\\\/\\\/www.bellunopress.it\\\/2023\\\/11\\\/11\\\/ponte-nelle-alpi-approvato-il-progetto-del-nuovo-sentiero-verso-la-chiesetta-di-santandrea\\\/#primaryimage\"},\"thumbnailUrl\":\"https:\\\/\\\/www.bellunopress.it\\\/wp-content\\\/uploads\\\/2023\\\/11\\\/chiesetta-S.Andrea-Ponte-nelle-Alpi.jpg\",\"datePublished\":\"2023-11-11T09:27:42+00:00\",\"breadcrumb\":{\"@id\":\"https:\\\/\\\/www.bellunopress.it\\\/2023\\\/11\\\/11\\\/ponte-nelle-alpi-approvato-il-progetto-del-nuovo-sentiero-verso-la-chiesetta-di-santandrea\\\/#breadcrumb\"},\"inLanguage\":\"fr-FR\",\"potentialAction\":[{\"@type\":\"ReadAction\",\"target\":[\"https:\\\/\\\/www.bellunopress.it\\\/2023\\\/11\\\/11\\\/ponte-nelle-alpi-approvato-il-progetto-del-nuovo-sentiero-verso-la-chiesetta-di-santandrea\\\/\"]}]},{\"@type\":\"ImageObject\",\"inLanguage\":\"fr-FR\",\"@id\":\"https:\\\/\\\/www.bellunopress.it\\\/2023\\\/11\\\/11\\\/ponte-nelle-alpi-approvato-il-progetto-del-nuovo-sentiero-verso-la-chiesetta-di-santandrea\\\/#primaryimage\",\"url\":\"https:\\\/\\\/www.bellunopress.it\\\/wp-content\\\/uploads\\\/2023\\\/11\\\/chiesetta-S.Andrea-Ponte-nelle-Alpi.jpg\",\"contentUrl\":\"https:\\\/\\\/www.bellunopress.it\\\/wp-content\\\/uploads\\\/2023\\\/11\\\/chiesetta-S.Andrea-Ponte-nelle-Alpi.jpg\",\"width\":720,\"height\":960},{\"@type\":\"BreadcrumbList\",\"@id\":\"https:\\\/\\\/www.bellunopress.it\\\/2023\\\/11\\\/11\\\/ponte-nelle-alpi-approvato-il-progetto-del-nuovo-sentiero-verso-la-chiesetta-di-santandrea\\\/#breadcrumb\",\"itemListElement\":[{\"@type\":\"ListItem\",\"position\":1,\"name\":\"Home\",\"item\":\"https:\\\/\\\/www.bellunopress.it\\\/\"},{\"@type\":\"ListItem\",\"position\":2,\"name\":\"Ponte nelle Alpi. Approvato il progetto del nuovo sentiero verso la Chiesetta di Sant&#8217;Andrea\"}]},{\"@type\":\"WebSite\",\"@id\":\"https:\\\/\\\/www.bellunopress.it\\\/#website\",\"url\":\"https:\\\/\\\/www.bellunopress.it\\\/\",\"name\":\"Bellunopress - Dolomiti\",\"description\":\"e-mail: redazione@bellunopress.it\",\"publisher\":{\"@id\":\"https:\\\/\\\/www.bellunopress.it\\\/#organization\"},\"potentialAction\":[{\"@type\":\"SearchAction\",\"target\":{\"@type\":\"EntryPoint\",\"urlTemplate\":\"https:\\\/\\\/www.bellunopress.it\\\/?s={search_term_string}\"},\"query-input\":{\"@type\":\"PropertyValueSpecification\",\"valueRequired\":true,\"valueName\":\"search_term_string\"}}],\"inLanguage\":\"fr-FR\"},{\"@type\":\"Organization\",\"@id\":\"https:\\\/\\\/www.bellunopress.it\\\/#organization\",\"name\":\"Bellunopress\",\"url\":\"https:\\\/\\\/www.bellunopress.it\\\/\",\"logo\":{\"@type\":\"ImageObject\",\"inLanguage\":\"fr-FR\",\"@id\":\"https:\\\/\\\/www.bellunopress.it\\\/#\\\/schema\\\/logo\\\/image\\\/\",\"url\":\"https:\\\/\\\/www.bellunopress.it\\\/wp-content\\\/uploads\\\/2011\\\/05\\\/cropped-logo-bellunopress-.jpg\",\"contentUrl\":\"https:\\\/\\\/www.bellunopress.it\\\/wp-content\\\/uploads\\\/2011\\\/05\\\/cropped-logo-bellunopress-.jpg\",\"width\":512,\"height\":512,\"caption\":\"Bellunopress\"},\"image\":{\"@id\":\"https:\\\/\\\/www.bellunopress.it\\\/#\\\/schema\\\/logo\\\/image\\\/\"},\"sameAs\":[\"https:\\\/\\\/www.facebook.com\\\/profile.php?id=100008943462799\",\"https:\\\/\\\/x.com\\\/bellunopress\",\"https:\\\/\\\/www.linkedin.com\\\/hp\\\/?dnr=JBzUWaJfMUw8vbXJJ2tVW5-I3jZKvC4wsoxE&amp;amp;amp;amp;amp;amp;trk=nav_responsive_tab_home\",\"https:\\\/\\\/www.youtube.com\\\/channel\\\/UCxL0wu1uN0_3_7hGG0306cw\"]},{\"@type\":\"Person\",\"@id\":\"https:\\\/\\\/www.bellunopress.it\\\/#\\\/schema\\\/person\\\/79bb06722b37ece1c03d3e94beb30d73\",\"name\":\"redazione\",\"image\":{\"@type\":\"ImageObject\",\"inLanguage\":\"fr-FR\",\"@id\":\"https:\\\/\\\/secure.gravatar.com\\\/avatar\\\/37d968a2e67a6fd04c169c4bdef102d0bc5d31b2546345219e348575eb80e9a0?s=96&d=mm&r=g\",\"url\":\"https:\\\/\\\/secure.gravatar.com\\\/avatar\\\/37d968a2e67a6fd04c169c4bdef102d0bc5d31b2546345219e348575eb80e9a0?s=96&d=mm&r=g\",\"contentUrl\":\"https:\\\/\\\/secure.gravatar.com\\\/avatar\\\/37d968a2e67a6fd04c169c4bdef102d0bc5d31b2546345219e348575eb80e9a0?s=96&d=mm&r=g\",\"caption\":\"redazione\"},\"sameAs\":[\"http:\\\/\\\/www.bellunopress.it\",\"https:\\\/\\\/x.com\\\/bellunopress\"],\"url\":\"https:\\\/\\\/www.bellunopress.it\\\/fr\\\/author\\\/redazione\\\/\"}]}<\/script>\n<!-- \/ Yoast SEO plugin. -->","yoast_head_json":{"title":"Ponte nelle Alpi. Approvato il progetto del nuovo sentiero verso la Chiesetta di Sant'Andrea - Bellunopress - Dolomiti","robots":{"index":"index","follow":"follow","max-snippet":"max-snippet:-1","max-image-preview":"max-image-preview:large","max-video-preview":"max-video-preview:-1"},"canonical":"https:\/\/www.bellunopress.it\/fr\/2023\/11\/11\/ponte-nelle-alpi-approvato-il-progetto-del-nuovo-sentiero-verso-la-chiesetta-di-santandrea\/","og_locale":"fr_FR","og_type":"article","og_title":"Ponte nelle Alpi. Approvato il progetto del nuovo sentiero verso la Chiesetta di Sant'Andrea - Bellunopress - Dolomiti","og_description":"Via libera al progetto esecutivo: la Chiesetta di Sant&#8217;Andrea posta a 740 metri, sopra l&#8217;abitato di Polpet avr\u00e0 un sentiero tutto nuovo.\u00a0 Generazioni di abitanti del paese hanno utilizzato il sentiero che porta al monte Frusseda per ricavare il sostentamento dai boschi, dai prati e dai campi. Un balcone naturale su tutta la Valbelluna, laddove [&hellip;]","og_url":"https:\/\/www.bellunopress.it\/fr\/2023\/11\/11\/ponte-nelle-alpi-approvato-il-progetto-del-nuovo-sentiero-verso-la-chiesetta-di-santandrea\/","og_site_name":"Bellunopress - Dolomiti","article_publisher":"https:\/\/www.facebook.com\/profile.php?id=100008943462799","article_published_time":"2023-11-11T09:27:42+00:00","og_image":[{"width":720,"height":960,"url":"https:\/\/www.bellunopress.it\/wp-content\/uploads\/2023\/11\/chiesetta-S.Andrea-Ponte-nelle-Alpi.jpg","type":"image\/jpeg"}],"author":"redazione","twitter_card":"summary_large_image","twitter_creator":"@bellunopress","twitter_site":"@bellunopress","twitter_misc":{"\u00c9crit par":"redazione","Dur\u00e9e de lecture estim\u00e9e":"2 minutes"},"schema":{"@context":"https:\/\/schema.org","@graph":[{"@type":"Article","@id":"https:\/\/www.bellunopress.it\/2023\/11\/11\/ponte-nelle-alpi-approvato-il-progetto-del-nuovo-sentiero-verso-la-chiesetta-di-santandrea\/#article","isPartOf":{"@id":"https:\/\/www.bellunopress.it\/2023\/11\/11\/ponte-nelle-alpi-approvato-il-progetto-del-nuovo-sentiero-verso-la-chiesetta-di-santandrea\/"},"author":{"name":"redazione","@id":"https:\/\/www.bellunopress.it\/#\/schema\/person\/79bb06722b37ece1c03d3e94beb30d73"},"headline":"Ponte nelle Alpi. Approvato il progetto del nuovo sentiero verso la Chiesetta di Sant&#8217;Andrea","datePublished":"2023-11-11T09:27:42+00:00","mainEntityOfPage":{"@id":"https:\/\/www.bellunopress.it\/2023\/11\/11\/ponte-nelle-alpi-approvato-il-progetto-del-nuovo-sentiero-verso-la-chiesetta-di-santandrea\/"},"wordCount":445,"publisher":{"@id":"https:\/\/www.bellunopress.it\/#organization"},"image":{"@id":"https:\/\/www.bellunopress.it\/2023\/11\/11\/ponte-nelle-alpi-approvato-il-progetto-del-nuovo-sentiero-verso-la-chiesetta-di-santandrea\/#primaryimage"},"thumbnailUrl":"https:\/\/www.bellunopress.it\/wp-content\/uploads\/2023\/11\/chiesetta-S.Andrea-Ponte-nelle-Alpi.jpg","articleSection":["Cronaca\/Politica","Prima Pagina","Societ\u00e0, Associazioni, Istituzioni"],"inLanguage":"fr-FR"},{"@type":"WebPage","@id":"https:\/\/www.bellunopress.it\/2023\/11\/11\/ponte-nelle-alpi-approvato-il-progetto-del-nuovo-sentiero-verso-la-chiesetta-di-santandrea\/","url":"https:\/\/www.bellunopress.it\/2023\/11\/11\/ponte-nelle-alpi-approvato-il-progetto-del-nuovo-sentiero-verso-la-chiesetta-di-santandrea\/","name":"Ponte nelle Alpi. Approvato il progetto del nuovo sentiero verso la Chiesetta di Sant'Andrea - Bellunopress - Dolomiti","isPartOf":{"@id":"https:\/\/www.bellunopress.it\/#website"},"primaryImageOfPage":{"@id":"https:\/\/www.bellunopress.it\/2023\/11\/11\/ponte-nelle-alpi-approvato-il-progetto-del-nuovo-sentiero-verso-la-chiesetta-di-santandrea\/#primaryimage"},"image":{"@id":"https:\/\/www.bellunopress.it\/2023\/11\/11\/ponte-nelle-alpi-approvato-il-progetto-del-nuovo-sentiero-verso-la-chiesetta-di-santandrea\/#primaryimage"},"thumbnailUrl":"https:\/\/www.bellunopress.it\/wp-content\/uploads\/2023\/11\/chiesetta-S.Andrea-Ponte-nelle-Alpi.jpg","datePublished":"2023-11-11T09:27:42+00:00","breadcrumb":{"@id":"https:\/\/www.bellunopress.it\/2023\/11\/11\/ponte-nelle-alpi-approvato-il-progetto-del-nuovo-sentiero-verso-la-chiesetta-di-santandrea\/#breadcrumb"},"inLanguage":"fr-FR","potentialAction":[{"@type":"ReadAction","target":["https:\/\/www.bellunopress.it\/2023\/11\/11\/ponte-nelle-alpi-approvato-il-progetto-del-nuovo-sentiero-verso-la-chiesetta-di-santandrea\/"]}]},{"@type":"ImageObject","inLanguage":"fr-FR","@id":"https:\/\/www.bellunopress.it\/2023\/11\/11\/ponte-nelle-alpi-approvato-il-progetto-del-nuovo-sentiero-verso-la-chiesetta-di-santandrea\/#primaryimage","url":"https:\/\/www.bellunopress.it\/wp-content\/uploads\/2023\/11\/chiesetta-S.Andrea-Ponte-nelle-Alpi.jpg","contentUrl":"https:\/\/www.bellunopress.it\/wp-content\/uploads\/2023\/11\/chiesetta-S.Andrea-Ponte-nelle-Alpi.jpg","width":720,"height":960},{"@type":"BreadcrumbList","@id":"https:\/\/www.bellunopress.it\/2023\/11\/11\/ponte-nelle-alpi-approvato-il-progetto-del-nuovo-sentiero-verso-la-chiesetta-di-santandrea\/#breadcrumb","itemListElement":[{"@type":"ListItem","position":1,"name":"Home","item":"https:\/\/www.bellunopress.it\/"},{"@type":"ListItem","position":2,"name":"Ponte nelle Alpi. Approvato il progetto del nuovo sentiero verso la Chiesetta di Sant&#8217;Andrea"}]},{"@type":"WebSite","@id":"https:\/\/www.bellunopress.it\/#website","url":"https:\/\/www.bellunopress.it\/","name":"Bellunopress - Dolomiti","description":"e-mail: redazione@bellunopress.it","publisher":{"@id":"https:\/\/www.bellunopress.it\/#organization"},"potentialAction":[{"@type":"SearchAction","target":{"@type":"EntryPoint","urlTemplate":"https:\/\/www.bellunopress.it\/?s={search_term_string}"},"query-input":{"@type":"PropertyValueSpecification","valueRequired":true,"valueName":"search_term_string"}}],"inLanguage":"fr-FR"},{"@type":"Organization","@id":"https:\/\/www.bellunopress.it\/#organization","name":"Bellunopress","url":"https:\/\/www.bellunopress.it\/","logo":{"@type":"ImageObject","inLanguage":"fr-FR","@id":"https:\/\/www.bellunopress.it\/#\/schema\/logo\/image\/","url":"https:\/\/www.bellunopress.it\/wp-content\/uploads\/2011\/05\/cropped-logo-bellunopress-.jpg","contentUrl":"https:\/\/www.bellunopress.it\/wp-content\/uploads\/2011\/05\/cropped-logo-bellunopress-.jpg","width":512,"height":512,"caption":"Bellunopress"},"image":{"@id":"https:\/\/www.bellunopress.it\/#\/schema\/logo\/image\/"},"sameAs":["https:\/\/www.facebook.com\/profile.php?id=100008943462799","https:\/\/x.com\/bellunopress","https:\/\/www.linkedin.com\/hp\/?dnr=JBzUWaJfMUw8vbXJJ2tVW5-I3jZKvC4wsoxE&amp;amp;amp;amp;amp;amp;trk=nav_responsive_tab_home","https:\/\/www.youtube.com\/channel\/UCxL0wu1uN0_3_7hGG0306cw"]},{"@type":"Person","@id":"https:\/\/www.bellunopress.it\/#\/schema\/person\/79bb06722b37ece1c03d3e94beb30d73","name":"r\u00e9daction","image":{"@type":"ImageObject","inLanguage":"fr-FR","@id":"https:\/\/secure.gravatar.com\/avatar\/37d968a2e67a6fd04c169c4bdef102d0bc5d31b2546345219e348575eb80e9a0?s=96&d=mm&r=g","url":"https:\/\/secure.gravatar.com\/avatar\/37d968a2e67a6fd04c169c4bdef102d0bc5d31b2546345219e348575eb80e9a0?s=96&d=mm&r=g","contentUrl":"https:\/\/secure.gravatar.com\/avatar\/37d968a2e67a6fd04c169c4bdef102d0bc5d31b2546345219e348575eb80e9a0?s=96&d=mm&r=g","caption":"redazione"},"sameAs":["http:\/\/www.bellunopress.it","https:\/\/x.com\/bellunopress"],"url":"https:\/\/www.bellunopress.it\/fr\/author\/redazione\/"}]}},"_links":{"self":[{"href":"https:\/\/www.bellunopress.it\/fr\/wp-json\/wp\/v2\/posts\/145821","targetHints":{"allow":["GET"]}}],"collection":[{"href":"https:\/\/www.bellunopress.it\/fr\/wp-json\/wp\/v2\/posts"}],"about":[{"href":"https:\/\/www.bellunopress.it\/fr\/wp-json\/wp\/v2\/types\/post"}],"author":[{"embeddable":true,"href":"https:\/\/www.bellunopress.it\/fr\/wp-json\/wp\/v2\/users\/2"}],"replies":[{"embeddable":true,"href":"https:\/\/www.bellunopress.it\/fr\/wp-json\/wp\/v2\/comments?post=145821"}],"version-history":[{"count":1,"href":"https:\/\/www.bellunopress.it\/fr\/wp-json\/wp\/v2\/posts\/145821\/revisions"}],"predecessor-version":[{"id":145823,"href":"https:\/\/www.bellunopress.it\/fr\/wp-json\/wp\/v2\/posts\/145821\/revisions\/145823"}],"wp:featuredmedia":[{"embeddable":true,"href":"https:\/\/www.bellunopress.it\/fr\/wp-json\/wp\/v2\/media\/145822"}],"wp:attachment":[{"href":"https:\/\/www.bellunopress.it\/fr\/wp-json\/wp\/v2\/media?parent=145821"}],"wp:term":[{"taxonomy":"category","embeddable":true,"href":"https:\/\/www.bellunopress.it\/fr\/wp-json\/wp\/v2\/categories?post=145821"},{"taxonomy":"post_tag","embeddable":true,"href":"https:\/\/www.bellunopress.it\/fr\/wp-json\/wp\/v2\/tags?post=145821"}],"curies":[{"name":"wp","href":"https:\/\/api.w.org\/{rel}","templated":true}]}}