{"id":145815,"date":"2023-11-12T10:31:24","date_gmt":"2023-11-12T09:31:24","guid":{"rendered":"https:\/\/www.bellunopress.it\/?p=145815"},"modified":"2023-11-10T19:35:14","modified_gmt":"2023-11-10T18:35:14","slug":"etica-ambientale-ed-economia-circolare-una-sintesi-possibile-giovedi-in-sala-bianchi-ore-17","status":"publish","type":"post","link":"https:\/\/www.bellunopress.it\/fr\/2023\/11\/12\/etica-ambientale-ed-economia-circolare-una-sintesi-possibile-giovedi-in-sala-bianchi-ore-17\/","title":{"rendered":"Etica ambientale ed economia circolare: una sintesi possibile. Gioved\u00ec in sala Bianchi ore 17"},"content":{"rendered":"<p><img loading=\"lazy\" decoding=\"async\" class=\"alignleft size-full wp-image-108197\" src=\"https:\/\/www.bellunopress.it\/wp-content\/uploads\/2019\/09\/consulta-bioetica-onlus.jpg\" alt=\"\" width=\"275\" height=\"183\" \/>Gioved\u00ec 16 novembre, alle ore 17.00, in sala Bianchi a Belluno, si terr\u00e0 il secondo incontro del ciclo \u201cBioetica per tutti\u201d, organizzato dalla sezione bellunese della Consulta di Bioetica Onlus.<\/p>\n<p>Dopo la serata dedicata alle \u201cdisposizioni anticipate di trattamento\u201d, che si \u00e8 tenuta il 19 ottobre scorso con una sala gremita, questa volta l\u2019attenzione si sposta sull\u2019argomento dell\u2019etica ambientale.<\/p>\n<p>Il titolo di questo secondo incontro \u00e8 \u201cEtica ambientale ed economia circolare: una sintesi possibile\u201d. Gli interventi che si susseguiranno saranno del prof. Franco Manti, docente di filosofia morale all\u2019universit\u00e0 di Genova che tratter\u00e0 delle questioni di natura filosofica, della prof.ssa Irene Saterini, docente di storia filosofia e bioetica che affronter\u00e0 il rapporto tra etica ambientale e sistema educativo, per concludere con l\u2019intervento dell\u2019ing. Francesco De Bettin, imprenditore bellunese, fondatore della DBA Group, azienda leader nella gestione dei processi innovativi, che affronter\u00e0 il tema delle nuove frontiere dell\u2019economia circolare e della Green Economy. Moderatore del dibattito, il prof. di filosofia e Dirigente scolastico Samuele De Bettin della sezione di Belluno della Consulta di bioetica onlus.<\/p>\n<p>L\u2019 incontro si propone di affrontare da diversi punti di vista una questione vitale del nostro tempo. Se la bioetica infatti nasce negli anni &#8217;70 riflettendo sulle conseguenze del progresso tecnico-scientifico sull\u2019inizio della vita, sulla malattia e sulla fine della vita delle persone, negli anni &#8217;90 essa allarga la sua riflessione ai doveri morali dell\u2019uomo di fronte alle sfide dello sviluppo tecnologico riguardo all\u2019ambiente, agli ecosistemi, agli animali non umani, in modo che tale sviluppo possa soddisfare i bisogni della presente generazione senza compromettere la possibilit\u00e0 delle generazioni future di soddisfare i propri. Per il tema trattato e per i relatori coinvolti, l\u2019incontro \u00e8 particolarmente dedicato al mondo della scuola, dagli insegnanti agli studenti.<\/p>","protected":false},"excerpt":{"rendered":"<p>Gioved\u00ec 16 novembre, alle ore 17.00, in sala Bianchi a Belluno, si terr\u00e0 il secondo incontro del ciclo \u201cBioetica per tutti\u201d, organizzato dalla sezione bellunese della Consulta di Bioetica Onlus. Dopo la serata dedicata alle \u201cdisposizioni anticipate di trattamento\u201d, che si \u00e8 tenuta il 19 ottobre scorso con una sala gremita, questa volta l\u2019attenzione si [&hellip;]<\/p>\n","protected":false},"author":2,"featured_media":108197,"comment_status":"closed","ping_status":"open","sticky":false,"template":"","format":"standard","meta":{"footnotes":""},"categories":[25,8],"tags":[],"class_list":["post-145815","post","type-post","status-publish","format-standard","has-post-thumbnail","category-pausa-caffe","category-societa-istituzioni"],"yoast_head":"<!-- This site is optimized with the Yoast SEO plugin v28.4 - https:\/\/yoast.com\/product\/yoast-seo-wordpress\/ -->\n<title>Etica ambientale ed economia circolare: una sintesi possibile. Gioved\u00ec in sala Bianchi ore 17 - Bellunopress - Dolomiti<\/title>\n<meta name=\"robots\" content=\"index, follow, max-snippet:-1, max-image-preview:large, max-video-preview:-1\" \/>\n<link rel=\"canonical\" href=\"https:\/\/www.bellunopress.it\/fr\/2023\/11\/12\/etica-ambientale-ed-economia-circolare-una-sintesi-possibile-giovedi-in-sala-bianchi-ore-17\/\" \/>\n<meta property=\"og:locale\" content=\"fr_FR\" \/>\n<meta property=\"og:type\" content=\"article\" \/>\n<meta property=\"og:title\" content=\"Etica ambientale ed economia circolare: una sintesi possibile. Gioved\u00ec in sala Bianchi ore 17 - Bellunopress - Dolomiti\" \/>\n<meta property=\"og:description\" content=\"Gioved\u00ec 16 novembre, alle ore 17.00, in sala Bianchi a Belluno, si terr\u00e0 il secondo incontro del ciclo \u201cBioetica per tutti\u201d, organizzato dalla sezione bellunese della Consulta di Bioetica Onlus. Dopo la serata dedicata alle \u201cdisposizioni anticipate di trattamento\u201d, che si \u00e8 tenuta il 19 ottobre scorso con una sala gremita, questa volta l\u2019attenzione si [&hellip;]\" \/>\n<meta property=\"og:url\" content=\"https:\/\/www.bellunopress.it\/fr\/2023\/11\/12\/etica-ambientale-ed-economia-circolare-una-sintesi-possibile-giovedi-in-sala-bianchi-ore-17\/\" \/>\n<meta property=\"og:site_name\" content=\"Bellunopress - Dolomiti\" \/>\n<meta property=\"article:publisher\" content=\"https:\/\/www.facebook.com\/profile.php?id=100008943462799\" \/>\n<meta property=\"article:published_time\" content=\"2023-11-12T09:31:24+00:00\" \/>\n<meta property=\"og:image\" content=\"https:\/\/www.bellunopress.it\/wp-content\/uploads\/2019\/09\/consulta-bioetica-onlus.jpg\" \/>\n\t<meta property=\"og:image:width\" content=\"275\" \/>\n\t<meta property=\"og:image:height\" content=\"183\" \/>\n\t<meta property=\"og:image:type\" content=\"image\/jpeg\" \/>\n<meta name=\"author\" content=\"redazione\" \/>\n<meta name=\"twitter:card\" content=\"summary_large_image\" \/>\n<meta name=\"twitter:creator\" content=\"@bellunopress\" \/>\n<meta name=\"twitter:site\" content=\"@bellunopress\" \/>\n<meta name=\"twitter:label1\" content=\"Written by\" \/>\n\t<meta name=\"twitter:data1\" content=\"redazione\" \/>\n\t<meta name=\"twitter:label2\" content=\"Est. reading time\" \/>\n\t<meta name=\"twitter:data2\" content=\"1 minute\" \/>\n<script type=\"application\/ld+json\" class=\"yoast-schema-graph\">{\"@context\":\"https:\\\/\\\/schema.org\",\"@graph\":[{\"@type\":\"Article\",\"@id\":\"https:\\\/\\\/www.bellunopress.it\\\/2023\\\/11\\\/12\\\/etica-ambientale-ed-economia-circolare-una-sintesi-possibile-giovedi-in-sala-bianchi-ore-17\\\/#article\",\"isPartOf\":{\"@id\":\"https:\\\/\\\/www.bellunopress.it\\\/2023\\\/11\\\/12\\\/etica-ambientale-ed-economia-circolare-una-sintesi-possibile-giovedi-in-sala-bianchi-ore-17\\\/\"},\"author\":{\"name\":\"redazione\",\"@id\":\"https:\\\/\\\/www.bellunopress.it\\\/#\\\/schema\\\/person\\\/79bb06722b37ece1c03d3e94beb30d73\"},\"headline\":\"Etica ambientale ed economia circolare: una sintesi possibile. Gioved\u00ec in sala Bianchi ore 17\",\"datePublished\":\"2023-11-12T09:31:24+00:00\",\"mainEntityOfPage\":{\"@id\":\"https:\\\/\\\/www.bellunopress.it\\\/2023\\\/11\\\/12\\\/etica-ambientale-ed-economia-circolare-una-sintesi-possibile-giovedi-in-sala-bianchi-ore-17\\\/\"},\"wordCount\":305,\"publisher\":{\"@id\":\"https:\\\/\\\/www.bellunopress.it\\\/#organization\"},\"image\":{\"@id\":\"https:\\\/\\\/www.bellunopress.it\\\/2023\\\/11\\\/12\\\/etica-ambientale-ed-economia-circolare-una-sintesi-possibile-giovedi-in-sala-bianchi-ore-17\\\/#primaryimage\"},\"thumbnailUrl\":\"https:\\\/\\\/www.bellunopress.it\\\/wp-content\\\/uploads\\\/2019\\\/09\\\/consulta-bioetica-onlus.jpg\",\"articleSection\":[\"Pausa Caff\u00e8\",\"Societ\u00e0, Associazioni, Istituzioni\"],\"inLanguage\":\"fr-FR\"},{\"@type\":\"WebPage\",\"@id\":\"https:\\\/\\\/www.bellunopress.it\\\/2023\\\/11\\\/12\\\/etica-ambientale-ed-economia-circolare-una-sintesi-possibile-giovedi-in-sala-bianchi-ore-17\\\/\",\"url\":\"https:\\\/\\\/www.bellunopress.it\\\/2023\\\/11\\\/12\\\/etica-ambientale-ed-economia-circolare-una-sintesi-possibile-giovedi-in-sala-bianchi-ore-17\\\/\",\"name\":\"Etica ambientale ed economia circolare: una sintesi possibile. Gioved\u00ec in sala Bianchi ore 17 - Bellunopress - Dolomiti\",\"isPartOf\":{\"@id\":\"https:\\\/\\\/www.bellunopress.it\\\/#website\"},\"primaryImageOfPage\":{\"@id\":\"https:\\\/\\\/www.bellunopress.it\\\/2023\\\/11\\\/12\\\/etica-ambientale-ed-economia-circolare-una-sintesi-possibile-giovedi-in-sala-bianchi-ore-17\\\/#primaryimage\"},\"image\":{\"@id\":\"https:\\\/\\\/www.bellunopress.it\\\/2023\\\/11\\\/12\\\/etica-ambientale-ed-economia-circolare-una-sintesi-possibile-giovedi-in-sala-bianchi-ore-17\\\/#primaryimage\"},\"thumbnailUrl\":\"https:\\\/\\\/www.bellunopress.it\\\/wp-content\\\/uploads\\\/2019\\\/09\\\/consulta-bioetica-onlus.jpg\",\"datePublished\":\"2023-11-12T09:31:24+00:00\",\"breadcrumb\":{\"@id\":\"https:\\\/\\\/www.bellunopress.it\\\/2023\\\/11\\\/12\\\/etica-ambientale-ed-economia-circolare-una-sintesi-possibile-giovedi-in-sala-bianchi-ore-17\\\/#breadcrumb\"},\"inLanguage\":\"fr-FR\",\"potentialAction\":[{\"@type\":\"ReadAction\",\"target\":[\"https:\\\/\\\/www.bellunopress.it\\\/2023\\\/11\\\/12\\\/etica-ambientale-ed-economia-circolare-una-sintesi-possibile-giovedi-in-sala-bianchi-ore-17\\\/\"]}]},{\"@type\":\"ImageObject\",\"inLanguage\":\"fr-FR\",\"@id\":\"https:\\\/\\\/www.bellunopress.it\\\/2023\\\/11\\\/12\\\/etica-ambientale-ed-economia-circolare-una-sintesi-possibile-giovedi-in-sala-bianchi-ore-17\\\/#primaryimage\",\"url\":\"https:\\\/\\\/www.bellunopress.it\\\/wp-content\\\/uploads\\\/2019\\\/09\\\/consulta-bioetica-onlus.jpg\",\"contentUrl\":\"https:\\\/\\\/www.bellunopress.it\\\/wp-content\\\/uploads\\\/2019\\\/09\\\/consulta-bioetica-onlus.jpg\",\"width\":275,\"height\":183},{\"@type\":\"BreadcrumbList\",\"@id\":\"https:\\\/\\\/www.bellunopress.it\\\/2023\\\/11\\\/12\\\/etica-ambientale-ed-economia-circolare-una-sintesi-possibile-giovedi-in-sala-bianchi-ore-17\\\/#breadcrumb\",\"itemListElement\":[{\"@type\":\"ListItem\",\"position\":1,\"name\":\"Home\",\"item\":\"https:\\\/\\\/www.bellunopress.it\\\/\"},{\"@type\":\"ListItem\",\"position\":2,\"name\":\"Etica ambientale ed economia circolare: una sintesi possibile. Gioved\u00ec in sala Bianchi ore 17\"}]},{\"@type\":\"WebSite\",\"@id\":\"https:\\\/\\\/www.bellunopress.it\\\/#website\",\"url\":\"https:\\\/\\\/www.bellunopress.it\\\/\",\"name\":\"Bellunopress - Dolomiti\",\"description\":\"e-mail: redazione@bellunopress.it\",\"publisher\":{\"@id\":\"https:\\\/\\\/www.bellunopress.it\\\/#organization\"},\"potentialAction\":[{\"@type\":\"SearchAction\",\"target\":{\"@type\":\"EntryPoint\",\"urlTemplate\":\"https:\\\/\\\/www.bellunopress.it\\\/?s={search_term_string}\"},\"query-input\":{\"@type\":\"PropertyValueSpecification\",\"valueRequired\":true,\"valueName\":\"search_term_string\"}}],\"inLanguage\":\"fr-FR\"},{\"@type\":\"Organization\",\"@id\":\"https:\\\/\\\/www.bellunopress.it\\\/#organization\",\"name\":\"Bellunopress\",\"url\":\"https:\\\/\\\/www.bellunopress.it\\\/\",\"logo\":{\"@type\":\"ImageObject\",\"inLanguage\":\"fr-FR\",\"@id\":\"https:\\\/\\\/www.bellunopress.it\\\/#\\\/schema\\\/logo\\\/image\\\/\",\"url\":\"https:\\\/\\\/www.bellunopress.it\\\/wp-content\\\/uploads\\\/2011\\\/05\\\/cropped-logo-bellunopress-.jpg\",\"contentUrl\":\"https:\\\/\\\/www.bellunopress.it\\\/wp-content\\\/uploads\\\/2011\\\/05\\\/cropped-logo-bellunopress-.jpg\",\"width\":512,\"height\":512,\"caption\":\"Bellunopress\"},\"image\":{\"@id\":\"https:\\\/\\\/www.bellunopress.it\\\/#\\\/schema\\\/logo\\\/image\\\/\"},\"sameAs\":[\"https:\\\/\\\/www.facebook.com\\\/profile.php?id=100008943462799\",\"https:\\\/\\\/x.com\\\/bellunopress\",\"https:\\\/\\\/www.linkedin.com\\\/hp\\\/?dnr=JBzUWaJfMUw8vbXJJ2tVW5-I3jZKvC4wsoxE&amp;amp;amp;amp;amp;amp;trk=nav_responsive_tab_home\",\"https:\\\/\\\/www.youtube.com\\\/channel\\\/UCxL0wu1uN0_3_7hGG0306cw\"]},{\"@type\":\"Person\",\"@id\":\"https:\\\/\\\/www.bellunopress.it\\\/#\\\/schema\\\/person\\\/79bb06722b37ece1c03d3e94beb30d73\",\"name\":\"redazione\",\"image\":{\"@type\":\"ImageObject\",\"inLanguage\":\"fr-FR\",\"@id\":\"https:\\\/\\\/secure.gravatar.com\\\/avatar\\\/37d968a2e67a6fd04c169c4bdef102d0bc5d31b2546345219e348575eb80e9a0?s=96&d=mm&r=g\",\"url\":\"https:\\\/\\\/secure.gravatar.com\\\/avatar\\\/37d968a2e67a6fd04c169c4bdef102d0bc5d31b2546345219e348575eb80e9a0?s=96&d=mm&r=g\",\"contentUrl\":\"https:\\\/\\\/secure.gravatar.com\\\/avatar\\\/37d968a2e67a6fd04c169c4bdef102d0bc5d31b2546345219e348575eb80e9a0?s=96&d=mm&r=g\",\"caption\":\"redazione\"},\"sameAs\":[\"http:\\\/\\\/www.bellunopress.it\",\"https:\\\/\\\/x.com\\\/bellunopress\"],\"url\":\"https:\\\/\\\/www.bellunopress.it\\\/fr\\\/author\\\/redazione\\\/\"}]}<\/script>\n<!-- \/ Yoast SEO plugin. -->","yoast_head_json":{"title":"Etica ambientale ed economia circolare: una sintesi possibile. Gioved\u00ec in sala Bianchi ore 17 - Bellunopress - Dolomiti","robots":{"index":"index","follow":"follow","max-snippet":"max-snippet:-1","max-image-preview":"max-image-preview:large","max-video-preview":"max-video-preview:-1"},"canonical":"https:\/\/www.bellunopress.it\/fr\/2023\/11\/12\/etica-ambientale-ed-economia-circolare-una-sintesi-possibile-giovedi-in-sala-bianchi-ore-17\/","og_locale":"fr_FR","og_type":"article","og_title":"Etica ambientale ed economia circolare: una sintesi possibile. Gioved\u00ec in sala Bianchi ore 17 - Bellunopress - Dolomiti","og_description":"Gioved\u00ec 16 novembre, alle ore 17.00, in sala Bianchi a Belluno, si terr\u00e0 il secondo incontro del ciclo \u201cBioetica per tutti\u201d, organizzato dalla sezione bellunese della Consulta di Bioetica Onlus. Dopo la serata dedicata alle \u201cdisposizioni anticipate di trattamento\u201d, che si \u00e8 tenuta il 19 ottobre scorso con una sala gremita, questa volta l\u2019attenzione si [&hellip;]","og_url":"https:\/\/www.bellunopress.it\/fr\/2023\/11\/12\/etica-ambientale-ed-economia-circolare-una-sintesi-possibile-giovedi-in-sala-bianchi-ore-17\/","og_site_name":"Bellunopress - Dolomiti","article_publisher":"https:\/\/www.facebook.com\/profile.php?id=100008943462799","article_published_time":"2023-11-12T09:31:24+00:00","og_image":[{"width":275,"height":183,"url":"https:\/\/www.bellunopress.it\/wp-content\/uploads\/2019\/09\/consulta-bioetica-onlus.jpg","type":"image\/jpeg"}],"author":"redazione","twitter_card":"summary_large_image","twitter_creator":"@bellunopress","twitter_site":"@bellunopress","twitter_misc":{"Written by":"redazione","Est. reading time":"1 minute"},"schema":{"@context":"https:\/\/schema.org","@graph":[{"@type":"Article","@id":"https:\/\/www.bellunopress.it\/2023\/11\/12\/etica-ambientale-ed-economia-circolare-una-sintesi-possibile-giovedi-in-sala-bianchi-ore-17\/#article","isPartOf":{"@id":"https:\/\/www.bellunopress.it\/2023\/11\/12\/etica-ambientale-ed-economia-circolare-una-sintesi-possibile-giovedi-in-sala-bianchi-ore-17\/"},"author":{"name":"redazione","@id":"https:\/\/www.bellunopress.it\/#\/schema\/person\/79bb06722b37ece1c03d3e94beb30d73"},"headline":"Etica ambientale ed economia circolare: una sintesi possibile. Gioved\u00ec in sala Bianchi ore 17","datePublished":"2023-11-12T09:31:24+00:00","mainEntityOfPage":{"@id":"https:\/\/www.bellunopress.it\/2023\/11\/12\/etica-ambientale-ed-economia-circolare-una-sintesi-possibile-giovedi-in-sala-bianchi-ore-17\/"},"wordCount":305,"publisher":{"@id":"https:\/\/www.bellunopress.it\/#organization"},"image":{"@id":"https:\/\/www.bellunopress.it\/2023\/11\/12\/etica-ambientale-ed-economia-circolare-una-sintesi-possibile-giovedi-in-sala-bianchi-ore-17\/#primaryimage"},"thumbnailUrl":"https:\/\/www.bellunopress.it\/wp-content\/uploads\/2019\/09\/consulta-bioetica-onlus.jpg","articleSection":["Pausa Caff\u00e8","Societ\u00e0, Associazioni, Istituzioni"],"inLanguage":"fr-FR"},{"@type":"WebPage","@id":"https:\/\/www.bellunopress.it\/2023\/11\/12\/etica-ambientale-ed-economia-circolare-una-sintesi-possibile-giovedi-in-sala-bianchi-ore-17\/","url":"https:\/\/www.bellunopress.it\/2023\/11\/12\/etica-ambientale-ed-economia-circolare-una-sintesi-possibile-giovedi-in-sala-bianchi-ore-17\/","name":"Etica ambientale ed economia circolare: una sintesi possibile. Gioved\u00ec in sala Bianchi ore 17 - Bellunopress - Dolomiti","isPartOf":{"@id":"https:\/\/www.bellunopress.it\/#website"},"primaryImageOfPage":{"@id":"https:\/\/www.bellunopress.it\/2023\/11\/12\/etica-ambientale-ed-economia-circolare-una-sintesi-possibile-giovedi-in-sala-bianchi-ore-17\/#primaryimage"},"image":{"@id":"https:\/\/www.bellunopress.it\/2023\/11\/12\/etica-ambientale-ed-economia-circolare-una-sintesi-possibile-giovedi-in-sala-bianchi-ore-17\/#primaryimage"},"thumbnailUrl":"https:\/\/www.bellunopress.it\/wp-content\/uploads\/2019\/09\/consulta-bioetica-onlus.jpg","datePublished":"2023-11-12T09:31:24+00:00","breadcrumb":{"@id":"https:\/\/www.bellunopress.it\/2023\/11\/12\/etica-ambientale-ed-economia-circolare-una-sintesi-possibile-giovedi-in-sala-bianchi-ore-17\/#breadcrumb"},"inLanguage":"fr-FR","potentialAction":[{"@type":"ReadAction","target":["https:\/\/www.bellunopress.it\/2023\/11\/12\/etica-ambientale-ed-economia-circolare-una-sintesi-possibile-giovedi-in-sala-bianchi-ore-17\/"]}]},{"@type":"ImageObject","inLanguage":"fr-FR","@id":"https:\/\/www.bellunopress.it\/2023\/11\/12\/etica-ambientale-ed-economia-circolare-una-sintesi-possibile-giovedi-in-sala-bianchi-ore-17\/#primaryimage","url":"https:\/\/www.bellunopress.it\/wp-content\/uploads\/2019\/09\/consulta-bioetica-onlus.jpg","contentUrl":"https:\/\/www.bellunopress.it\/wp-content\/uploads\/2019\/09\/consulta-bioetica-onlus.jpg","width":275,"height":183},{"@type":"BreadcrumbList","@id":"https:\/\/www.bellunopress.it\/2023\/11\/12\/etica-ambientale-ed-economia-circolare-una-sintesi-possibile-giovedi-in-sala-bianchi-ore-17\/#breadcrumb","itemListElement":[{"@type":"ListItem","position":1,"name":"Home","item":"https:\/\/www.bellunopress.it\/"},{"@type":"ListItem","position":2,"name":"Etica ambientale ed economia circolare: una sintesi possibile. Gioved\u00ec in sala Bianchi ore 17"}]},{"@type":"WebSite","@id":"https:\/\/www.bellunopress.it\/#website","url":"https:\/\/www.bellunopress.it\/","name":"Bellunopress - Dolomiti","description":"e-mail: redazione@bellunopress.it","publisher":{"@id":"https:\/\/www.bellunopress.it\/#organization"},"potentialAction":[{"@type":"SearchAction","target":{"@type":"EntryPoint","urlTemplate":"https:\/\/www.bellunopress.it\/?s={search_term_string}"},"query-input":{"@type":"PropertyValueSpecification","valueRequired":true,"valueName":"search_term_string"}}],"inLanguage":"fr-FR"},{"@type":"Organization","@id":"https:\/\/www.bellunopress.it\/#organization","name":"Bellunopress","url":"https:\/\/www.bellunopress.it\/","logo":{"@type":"ImageObject","inLanguage":"fr-FR","@id":"https:\/\/www.bellunopress.it\/#\/schema\/logo\/image\/","url":"https:\/\/www.bellunopress.it\/wp-content\/uploads\/2011\/05\/cropped-logo-bellunopress-.jpg","contentUrl":"https:\/\/www.bellunopress.it\/wp-content\/uploads\/2011\/05\/cropped-logo-bellunopress-.jpg","width":512,"height":512,"caption":"Bellunopress"},"image":{"@id":"https:\/\/www.bellunopress.it\/#\/schema\/logo\/image\/"},"sameAs":["https:\/\/www.facebook.com\/profile.php?id=100008943462799","https:\/\/x.com\/bellunopress","https:\/\/www.linkedin.com\/hp\/?dnr=JBzUWaJfMUw8vbXJJ2tVW5-I3jZKvC4wsoxE&amp;amp;amp;amp;amp;amp;trk=nav_responsive_tab_home","https:\/\/www.youtube.com\/channel\/UCxL0wu1uN0_3_7hGG0306cw"]},{"@type":"Person","@id":"https:\/\/www.bellunopress.it\/#\/schema\/person\/79bb06722b37ece1c03d3e94beb30d73","name":"r\u00e9daction","image":{"@type":"ImageObject","inLanguage":"fr-FR","@id":"https:\/\/secure.gravatar.com\/avatar\/37d968a2e67a6fd04c169c4bdef102d0bc5d31b2546345219e348575eb80e9a0?s=96&d=mm&r=g","url":"https:\/\/secure.gravatar.com\/avatar\/37d968a2e67a6fd04c169c4bdef102d0bc5d31b2546345219e348575eb80e9a0?s=96&d=mm&r=g","contentUrl":"https:\/\/secure.gravatar.com\/avatar\/37d968a2e67a6fd04c169c4bdef102d0bc5d31b2546345219e348575eb80e9a0?s=96&d=mm&r=g","caption":"redazione"},"sameAs":["http:\/\/www.bellunopress.it","https:\/\/x.com\/bellunopress"],"url":"https:\/\/www.bellunopress.it\/fr\/author\/redazione\/"}]}},"_links":{"self":[{"href":"https:\/\/www.bellunopress.it\/fr\/wp-json\/wp\/v2\/posts\/145815","targetHints":{"allow":["GET"]}}],"collection":[{"href":"https:\/\/www.bellunopress.it\/fr\/wp-json\/wp\/v2\/posts"}],"about":[{"href":"https:\/\/www.bellunopress.it\/fr\/wp-json\/wp\/v2\/types\/post"}],"author":[{"embeddable":true,"href":"https:\/\/www.bellunopress.it\/fr\/wp-json\/wp\/v2\/users\/2"}],"replies":[{"embeddable":true,"href":"https:\/\/www.bellunopress.it\/fr\/wp-json\/wp\/v2\/comments?post=145815"}],"version-history":[{"count":1,"href":"https:\/\/www.bellunopress.it\/fr\/wp-json\/wp\/v2\/posts\/145815\/revisions"}],"predecessor-version":[{"id":145816,"href":"https:\/\/www.bellunopress.it\/fr\/wp-json\/wp\/v2\/posts\/145815\/revisions\/145816"}],"wp:featuredmedia":[{"embeddable":true,"href":"https:\/\/www.bellunopress.it\/fr\/wp-json\/wp\/v2\/media\/108197"}],"wp:attachment":[{"href":"https:\/\/www.bellunopress.it\/fr\/wp-json\/wp\/v2\/media?parent=145815"}],"wp:term":[{"taxonomy":"category","embeddable":true,"href":"https:\/\/www.bellunopress.it\/fr\/wp-json\/wp\/v2\/categories?post=145815"},{"taxonomy":"post_tag","embeddable":true,"href":"https:\/\/www.bellunopress.it\/fr\/wp-json\/wp\/v2\/tags?post=145815"}],"curies":[{"name":"wp","href":"https:\/\/api.w.org\/{rel}","templated":true}]}}