{"id":145811,"date":"2023-11-10T18:48:50","date_gmt":"2023-11-10T17:48:50","guid":{"rendered":"https:\/\/www.bellunopress.it\/?p=145811"},"modified":"2023-11-10T18:48:50","modified_gmt":"2023-11-10T17:48:50","slug":"progetto-ambientiamoci-del-rotary-club-di-belluno-alla-partenza-la-terza-edizione-di-non-abbiamo-un-pianeta-b-per-le-scuole","status":"publish","type":"post","link":"https:\/\/www.bellunopress.it\/fr\/2023\/11\/10\/progetto-ambientiamoci-del-rotary-club-di-belluno-alla-partenza-la-terza-edizione-di-non-abbiamo-un-pianeta-b-per-le-scuole\/","title":{"rendered":"Progetto AmbientiAMOci del Rotary Club di Belluno: alla partenza la terza edizione di &#8220;Non Abbiamo un Pianeta B&#8221;, per le scuole"},"content":{"rendered":"<p><img loading=\"lazy\" decoding=\"async\" class=\"alignleft size-full wp-image-24861\" src=\"https:\/\/www.bellunopress.it\/wp-content\/uploads\/2011\/03\/rotary.jpg\" alt=\"\" width=\"140\" height=\"105\" \/>Pronta la quarta edizione di &#8220;Non abbiamo un pianeta B&#8221;, l&#8217;azione rivolta alle classi di tutti gli ordini e gradi della provincia di Belluno e che desiderano parlare di cambiamento climatico e affrontare i temi correlati. L&#8217;azione \u00e8 parte del progetto AmbientiAMOci del Rotary Club di Belluno e vede operare nelle attivit\u00e0 con le scuole i facilitatori dell&#8217;associazione &#8220;Insieme si Pu\u00f2 ONG&#8221; e della cooperativa sociale &#8220;Cantiere della Provvidenza societ\u00e0 persona ambiente&#8221;, partner tecnici e scientifici del progetto.<br \/>\nIl favorire la conoscenza sui cambiamenti climatici rientra tra gli obiettivi della settima azione del Rotary International, mentre l&#8217;ambiente \u00e8 il tema centrale del Distretto Rotary 2060 (Triveneto) che nel 2024 celebra il suo Centenario della costituzione. La prima edizione (anno scolastico 2019\/2020) ha visto la partecipazione di 11 classi di ogni ordine e grado con 220 fra alunni e studenti. Causa la pandemia da Covid le azioni sono state fermate nel mese di marzo 2020. La seconda edizione (anno scolastico 2021\/2022) ha riscontrato apprezzamento e ampio coinvolgimento di classi, ben 26 e di studenti, circa 500, la terza edizione (anno scolastico 2022\/2023) ha visto coinvolte 16 classi e 303 alunni\/studenti. Il percorso di educazione ambientale &#8220;Non abbiamo un Pianeta B&#8221; ha come obiettivo la sensibilizzazione dei ragazzi a un approccio pro-attivo nei confronti della crisi ecologica e climatica. Quattro gli incontri di due ore previsti per ciascuna delle classi partecipanti: &#8220;TESTA&#8221;, dedicato all&#8217;alfabetizzazione climatica; &#8220;CUORE&#8221;, di percezione del proprio sentire e della propria empatia con protagonisti gli alunni\/studenti; &#8220;MANI&#8221;, dedicato alla progettazione di una azione collettiva di responsabilit\u00e0 ambientale e alla stesura di un decalogo di buone pratiche; &#8220;PIEDI&#8221;, dedicato ad un tempo di verifica della messa in pratica dell&#8217;azione concreta e del decalogo.<\/p>\n<p>Quindi, oltre a fornire una conoscenza dei cambiamenti climatici sotto i pi\u00f9 vari aspetti, l&#8217;azione cerca di promuovere lo sviluppo del pensiero critico e di coinvolgere i giovani in modo che abbiano consapevolezza dell&#8217;impatto degli stili di vita sull&#8217;ambiente circostante e comprendano i diversi ruoli che possono intraprendere da cittadini attivi. Il team dei facilitatori, di origine multidisciplinare e multiculturale, aggiorna in continuazione i dati riportati in aula e lavora nel contestualizzare le tematiche ambientali al territorio, avendo numerosi esempi di eventi estremi e catastrofici e di conseguenze visibili del cambiamento climatico, anche vicino a noi come il crollo del ghiacciaio della Marmolada o le conseguenze della tempesta Vaia o le varie inondazioni che imperversano nella nostra provincia. L&#8217;azione prevede anche il coinvolgimento degli insegnanti e dei genitori. AmbientiAMOCI prevede anche una seconda azione denominata &#8220;Eco Sveglia&#8221;, trasmissione radiofonica in quattro lingue (italiano, inglese, portoghese e spagnolo), che offre una panoramica completa della crisi ambientale globale e diffusa nei cinque continenti dalla webradio di ABM &#8211; Associazione Bellunesi nel Mondo. La terza azione progettuale \u00e8 il sito www.ambientiamociqui.it ove si possono trovare i podcast della trasmissione e altre utili informazioni per chi vuole avvicinarsi al tema dal punto di vista educativo ed informativo.<\/p>\n<p>AmbientiAMOci \u00e8 coordinato e conta sul fondamentale sostegno del Rotary Club di Belluno e si avvale del contributo degli sponsor Lattebusche, Manifattura Valcismon, Unifarco, Assicurazioni Generali, Blackfin e Lu-Ve Group\/Sest.<br \/>\nAl progetto collaborano anche i Rotary ClubCadore-Cortina e Rotary Club Feltre, mentre danno il loro apporto tecnico Radio ABM e SVG. Partner promozionali Le Scuole in Rete per un Mondo di Solidariet\u00e0 e Pace e la rivista Il Veses. Sono ancora aperte le iscrizioni alle classi e scuole interessate. Per informazioni si pu\u00f2 telefonare al 3701370804 oppure scrivere all&#8217;indirizzo di posta elettronicainfo@ambinetiamociqui.it. Per informazioni si pu\u00f2 visitare il sito www.ambientiamociqui.it<\/p>","protected":false},"excerpt":{"rendered":"<p>Pronta la quarta edizione di &#8220;Non abbiamo un pianeta B&#8221;, l&#8217;azione rivolta alle classi di tutti gli ordini e gradi della provincia di Belluno e che desiderano parlare di cambiamento climatico e affrontare i temi correlati. L&#8217;azione \u00e8 parte del progetto AmbientiAMOci del Rotary Club di Belluno e vede operare nelle attivit\u00e0 con le scuole [&hellip;]<\/p>\n","protected":false},"author":2,"featured_media":136473,"comment_status":"closed","ping_status":"open","sticky":false,"template":"","format":"standard","meta":{"footnotes":""},"categories":[15,8],"tags":[],"class_list":["post-145811","post","type-post","status-publish","format-standard","has-post-thumbnail","category-scuola","category-societa-istituzioni"],"yoast_head":"<!-- This site is optimized with the Yoast SEO plugin v28.4 - https:\/\/yoast.com\/product\/yoast-seo-wordpress\/ -->\n<title>Progetto AmbientiAMOci del Rotary Club di Belluno: alla partenza la terza edizione di &quot;Non Abbiamo un Pianeta B&quot;, per le scuole - Bellunopress - Dolomiti<\/title>\n<meta name=\"robots\" content=\"index, follow, max-snippet:-1, max-image-preview:large, max-video-preview:-1\" \/>\n<link rel=\"canonical\" href=\"https:\/\/www.bellunopress.it\/fr\/2023\/11\/10\/progetto-ambientiamoci-del-rotary-club-di-belluno-alla-partenza-la-terza-edizione-di-non-abbiamo-un-pianeta-b-per-le-scuole\/\" \/>\n<meta property=\"og:locale\" content=\"fr_FR\" \/>\n<meta property=\"og:type\" content=\"article\" \/>\n<meta property=\"og:title\" content=\"Progetto AmbientiAMOci del Rotary Club di Belluno: alla partenza la terza edizione di &quot;Non Abbiamo un Pianeta B&quot;, per le scuole - Bellunopress - Dolomiti\" \/>\n<meta property=\"og:description\" content=\"Pronta la quarta edizione di &#8220;Non abbiamo un pianeta B&#8221;, l&#8217;azione rivolta alle classi di tutti gli ordini e gradi della provincia di Belluno e che desiderano parlare di cambiamento climatico e affrontare i temi correlati. L&#8217;azione \u00e8 parte del progetto AmbientiAMOci del Rotary Club di Belluno e vede operare nelle attivit\u00e0 con le scuole [&hellip;]\" \/>\n<meta property=\"og:url\" content=\"https:\/\/www.bellunopress.it\/fr\/2023\/11\/10\/progetto-ambientiamoci-del-rotary-club-di-belluno-alla-partenza-la-terza-edizione-di-non-abbiamo-un-pianeta-b-per-le-scuole\/\" \/>\n<meta property=\"og:site_name\" content=\"Bellunopress - Dolomiti\" \/>\n<meta property=\"article:publisher\" content=\"https:\/\/www.facebook.com\/profile.php?id=100008943462799\" \/>\n<meta property=\"article:published_time\" content=\"2023-11-10T17:48:50+00:00\" \/>\n<meta property=\"og:image\" content=\"https:\/\/www.bellunopress.it\/wp-content\/uploads\/2022\/09\/rotary-club_edited.jpg\" \/>\n\t<meta property=\"og:image:width\" content=\"660\" \/>\n\t<meta property=\"og:image:height\" content=\"660\" \/>\n\t<meta property=\"og:image:type\" content=\"image\/jpeg\" \/>\n<meta name=\"author\" content=\"redazione\" \/>\n<meta name=\"twitter:card\" content=\"summary_large_image\" \/>\n<meta name=\"twitter:creator\" content=\"@bellunopress\" \/>\n<meta name=\"twitter:site\" content=\"@bellunopress\" \/>\n<meta name=\"twitter:label1\" content=\"\u00c9crit par\" \/>\n\t<meta name=\"twitter:data1\" content=\"redazione\" \/>\n\t<meta name=\"twitter:label2\" content=\"Dur\u00e9e de lecture estim\u00e9e\" \/>\n\t<meta name=\"twitter:data2\" content=\"3 minutes\" \/>\n<script type=\"application\/ld+json\" class=\"yoast-schema-graph\">{\"@context\":\"https:\\\/\\\/schema.org\",\"@graph\":[{\"@type\":\"Article\",\"@id\":\"https:\\\/\\\/www.bellunopress.it\\\/2023\\\/11\\\/10\\\/progetto-ambientiamoci-del-rotary-club-di-belluno-alla-partenza-la-terza-edizione-di-non-abbiamo-un-pianeta-b-per-le-scuole\\\/#article\",\"isPartOf\":{\"@id\":\"https:\\\/\\\/www.bellunopress.it\\\/2023\\\/11\\\/10\\\/progetto-ambientiamoci-del-rotary-club-di-belluno-alla-partenza-la-terza-edizione-di-non-abbiamo-un-pianeta-b-per-le-scuole\\\/\"},\"author\":{\"name\":\"redazione\",\"@id\":\"https:\\\/\\\/www.bellunopress.it\\\/#\\\/schema\\\/person\\\/79bb06722b37ece1c03d3e94beb30d73\"},\"headline\":\"Progetto AmbientiAMOci del Rotary Club di Belluno: alla partenza la terza edizione di &#8220;Non Abbiamo un Pianeta B&#8221;, per le scuole\",\"datePublished\":\"2023-11-10T17:48:50+00:00\",\"mainEntityOfPage\":{\"@id\":\"https:\\\/\\\/www.bellunopress.it\\\/2023\\\/11\\\/10\\\/progetto-ambientiamoci-del-rotary-club-di-belluno-alla-partenza-la-terza-edizione-di-non-abbiamo-un-pianeta-b-per-le-scuole\\\/\"},\"wordCount\":610,\"publisher\":{\"@id\":\"https:\\\/\\\/www.bellunopress.it\\\/#organization\"},\"image\":{\"@id\":\"https:\\\/\\\/www.bellunopress.it\\\/2023\\\/11\\\/10\\\/progetto-ambientiamoci-del-rotary-club-di-belluno-alla-partenza-la-terza-edizione-di-non-abbiamo-un-pianeta-b-per-le-scuole\\\/#primaryimage\"},\"thumbnailUrl\":\"https:\\\/\\\/www.bellunopress.it\\\/wp-content\\\/uploads\\\/2022\\\/09\\\/rotary-club_edited.jpg\",\"articleSection\":[\"Scuola\",\"Societ\u00e0, Associazioni, Istituzioni\"],\"inLanguage\":\"fr-FR\"},{\"@type\":\"WebPage\",\"@id\":\"https:\\\/\\\/www.bellunopress.it\\\/2023\\\/11\\\/10\\\/progetto-ambientiamoci-del-rotary-club-di-belluno-alla-partenza-la-terza-edizione-di-non-abbiamo-un-pianeta-b-per-le-scuole\\\/\",\"url\":\"https:\\\/\\\/www.bellunopress.it\\\/2023\\\/11\\\/10\\\/progetto-ambientiamoci-del-rotary-club-di-belluno-alla-partenza-la-terza-edizione-di-non-abbiamo-un-pianeta-b-per-le-scuole\\\/\",\"name\":\"Progetto AmbientiAMOci del Rotary Club di Belluno: alla partenza la terza edizione di \\\"Non Abbiamo un Pianeta B\\\", per le scuole - Bellunopress - Dolomiti\",\"isPartOf\":{\"@id\":\"https:\\\/\\\/www.bellunopress.it\\\/#website\"},\"primaryImageOfPage\":{\"@id\":\"https:\\\/\\\/www.bellunopress.it\\\/2023\\\/11\\\/10\\\/progetto-ambientiamoci-del-rotary-club-di-belluno-alla-partenza-la-terza-edizione-di-non-abbiamo-un-pianeta-b-per-le-scuole\\\/#primaryimage\"},\"image\":{\"@id\":\"https:\\\/\\\/www.bellunopress.it\\\/2023\\\/11\\\/10\\\/progetto-ambientiamoci-del-rotary-club-di-belluno-alla-partenza-la-terza-edizione-di-non-abbiamo-un-pianeta-b-per-le-scuole\\\/#primaryimage\"},\"thumbnailUrl\":\"https:\\\/\\\/www.bellunopress.it\\\/wp-content\\\/uploads\\\/2022\\\/09\\\/rotary-club_edited.jpg\",\"datePublished\":\"2023-11-10T17:48:50+00:00\",\"breadcrumb\":{\"@id\":\"https:\\\/\\\/www.bellunopress.it\\\/2023\\\/11\\\/10\\\/progetto-ambientiamoci-del-rotary-club-di-belluno-alla-partenza-la-terza-edizione-di-non-abbiamo-un-pianeta-b-per-le-scuole\\\/#breadcrumb\"},\"inLanguage\":\"fr-FR\",\"potentialAction\":[{\"@type\":\"ReadAction\",\"target\":[\"https:\\\/\\\/www.bellunopress.it\\\/2023\\\/11\\\/10\\\/progetto-ambientiamoci-del-rotary-club-di-belluno-alla-partenza-la-terza-edizione-di-non-abbiamo-un-pianeta-b-per-le-scuole\\\/\"]}]},{\"@type\":\"ImageObject\",\"inLanguage\":\"fr-FR\",\"@id\":\"https:\\\/\\\/www.bellunopress.it\\\/2023\\\/11\\\/10\\\/progetto-ambientiamoci-del-rotary-club-di-belluno-alla-partenza-la-terza-edizione-di-non-abbiamo-un-pianeta-b-per-le-scuole\\\/#primaryimage\",\"url\":\"https:\\\/\\\/www.bellunopress.it\\\/wp-content\\\/uploads\\\/2022\\\/09\\\/rotary-club_edited.jpg\",\"contentUrl\":\"https:\\\/\\\/www.bellunopress.it\\\/wp-content\\\/uploads\\\/2022\\\/09\\\/rotary-club_edited.jpg\",\"width\":660,\"height\":660},{\"@type\":\"BreadcrumbList\",\"@id\":\"https:\\\/\\\/www.bellunopress.it\\\/2023\\\/11\\\/10\\\/progetto-ambientiamoci-del-rotary-club-di-belluno-alla-partenza-la-terza-edizione-di-non-abbiamo-un-pianeta-b-per-le-scuole\\\/#breadcrumb\",\"itemListElement\":[{\"@type\":\"ListItem\",\"position\":1,\"name\":\"Home\",\"item\":\"https:\\\/\\\/www.bellunopress.it\\\/\"},{\"@type\":\"ListItem\",\"position\":2,\"name\":\"Progetto AmbientiAMOci del Rotary Club di Belluno: alla partenza la terza edizione di &#8220;Non Abbiamo un Pianeta B&#8221;, per le scuole\"}]},{\"@type\":\"WebSite\",\"@id\":\"https:\\\/\\\/www.bellunopress.it\\\/#website\",\"url\":\"https:\\\/\\\/www.bellunopress.it\\\/\",\"name\":\"Bellunopress - Dolomiti\",\"description\":\"e-mail: redazione@bellunopress.it\",\"publisher\":{\"@id\":\"https:\\\/\\\/www.bellunopress.it\\\/#organization\"},\"potentialAction\":[{\"@type\":\"SearchAction\",\"target\":{\"@type\":\"EntryPoint\",\"urlTemplate\":\"https:\\\/\\\/www.bellunopress.it\\\/?s={search_term_string}\"},\"query-input\":{\"@type\":\"PropertyValueSpecification\",\"valueRequired\":true,\"valueName\":\"search_term_string\"}}],\"inLanguage\":\"fr-FR\"},{\"@type\":\"Organization\",\"@id\":\"https:\\\/\\\/www.bellunopress.it\\\/#organization\",\"name\":\"Bellunopress\",\"url\":\"https:\\\/\\\/www.bellunopress.it\\\/\",\"logo\":{\"@type\":\"ImageObject\",\"inLanguage\":\"fr-FR\",\"@id\":\"https:\\\/\\\/www.bellunopress.it\\\/#\\\/schema\\\/logo\\\/image\\\/\",\"url\":\"https:\\\/\\\/www.bellunopress.it\\\/wp-content\\\/uploads\\\/2011\\\/05\\\/cropped-logo-bellunopress-.jpg\",\"contentUrl\":\"https:\\\/\\\/www.bellunopress.it\\\/wp-content\\\/uploads\\\/2011\\\/05\\\/cropped-logo-bellunopress-.jpg\",\"width\":512,\"height\":512,\"caption\":\"Bellunopress\"},\"image\":{\"@id\":\"https:\\\/\\\/www.bellunopress.it\\\/#\\\/schema\\\/logo\\\/image\\\/\"},\"sameAs\":[\"https:\\\/\\\/www.facebook.com\\\/profile.php?id=100008943462799\",\"https:\\\/\\\/x.com\\\/bellunopress\",\"https:\\\/\\\/www.linkedin.com\\\/hp\\\/?dnr=JBzUWaJfMUw8vbXJJ2tVW5-I3jZKvC4wsoxE&amp;amp;amp;amp;amp;amp;trk=nav_responsive_tab_home\",\"https:\\\/\\\/www.youtube.com\\\/channel\\\/UCxL0wu1uN0_3_7hGG0306cw\"]},{\"@type\":\"Person\",\"@id\":\"https:\\\/\\\/www.bellunopress.it\\\/#\\\/schema\\\/person\\\/79bb06722b37ece1c03d3e94beb30d73\",\"name\":\"redazione\",\"image\":{\"@type\":\"ImageObject\",\"inLanguage\":\"fr-FR\",\"@id\":\"https:\\\/\\\/secure.gravatar.com\\\/avatar\\\/37d968a2e67a6fd04c169c4bdef102d0bc5d31b2546345219e348575eb80e9a0?s=96&d=mm&r=g\",\"url\":\"https:\\\/\\\/secure.gravatar.com\\\/avatar\\\/37d968a2e67a6fd04c169c4bdef102d0bc5d31b2546345219e348575eb80e9a0?s=96&d=mm&r=g\",\"contentUrl\":\"https:\\\/\\\/secure.gravatar.com\\\/avatar\\\/37d968a2e67a6fd04c169c4bdef102d0bc5d31b2546345219e348575eb80e9a0?s=96&d=mm&r=g\",\"caption\":\"redazione\"},\"sameAs\":[\"http:\\\/\\\/www.bellunopress.it\",\"https:\\\/\\\/x.com\\\/bellunopress\"],\"url\":\"https:\\\/\\\/www.bellunopress.it\\\/fr\\\/author\\\/redazione\\\/\"}]}<\/script>\n<!-- \/ Yoast SEO plugin. -->","yoast_head_json":{"title":"Progetto AmbientiAMOci del Rotary Club di Belluno: alla partenza la terza edizione di \"Non Abbiamo un Pianeta B\", per le scuole - Bellunopress - Dolomiti","robots":{"index":"index","follow":"follow","max-snippet":"max-snippet:-1","max-image-preview":"max-image-preview:large","max-video-preview":"max-video-preview:-1"},"canonical":"https:\/\/www.bellunopress.it\/fr\/2023\/11\/10\/progetto-ambientiamoci-del-rotary-club-di-belluno-alla-partenza-la-terza-edizione-di-non-abbiamo-un-pianeta-b-per-le-scuole\/","og_locale":"fr_FR","og_type":"article","og_title":"Progetto AmbientiAMOci del Rotary Club di Belluno: alla partenza la terza edizione di \"Non Abbiamo un Pianeta B\", per le scuole - Bellunopress - Dolomiti","og_description":"Pronta la quarta edizione di &#8220;Non abbiamo un pianeta B&#8221;, l&#8217;azione rivolta alle classi di tutti gli ordini e gradi della provincia di Belluno e che desiderano parlare di cambiamento climatico e affrontare i temi correlati. L&#8217;azione \u00e8 parte del progetto AmbientiAMOci del Rotary Club di Belluno e vede operare nelle attivit\u00e0 con le scuole [&hellip;]","og_url":"https:\/\/www.bellunopress.it\/fr\/2023\/11\/10\/progetto-ambientiamoci-del-rotary-club-di-belluno-alla-partenza-la-terza-edizione-di-non-abbiamo-un-pianeta-b-per-le-scuole\/","og_site_name":"Bellunopress - Dolomiti","article_publisher":"https:\/\/www.facebook.com\/profile.php?id=100008943462799","article_published_time":"2023-11-10T17:48:50+00:00","og_image":[{"width":660,"height":660,"url":"https:\/\/www.bellunopress.it\/wp-content\/uploads\/2022\/09\/rotary-club_edited.jpg","type":"image\/jpeg"}],"author":"redazione","twitter_card":"summary_large_image","twitter_creator":"@bellunopress","twitter_site":"@bellunopress","twitter_misc":{"\u00c9crit par":"redazione","Dur\u00e9e de lecture estim\u00e9e":"3 minutes"},"schema":{"@context":"https:\/\/schema.org","@graph":[{"@type":"Article","@id":"https:\/\/www.bellunopress.it\/2023\/11\/10\/progetto-ambientiamoci-del-rotary-club-di-belluno-alla-partenza-la-terza-edizione-di-non-abbiamo-un-pianeta-b-per-le-scuole\/#article","isPartOf":{"@id":"https:\/\/www.bellunopress.it\/2023\/11\/10\/progetto-ambientiamoci-del-rotary-club-di-belluno-alla-partenza-la-terza-edizione-di-non-abbiamo-un-pianeta-b-per-le-scuole\/"},"author":{"name":"redazione","@id":"https:\/\/www.bellunopress.it\/#\/schema\/person\/79bb06722b37ece1c03d3e94beb30d73"},"headline":"Progetto AmbientiAMOci del Rotary Club di Belluno: alla partenza la terza edizione di &#8220;Non Abbiamo un Pianeta B&#8221;, per le scuole","datePublished":"2023-11-10T17:48:50+00:00","mainEntityOfPage":{"@id":"https:\/\/www.bellunopress.it\/2023\/11\/10\/progetto-ambientiamoci-del-rotary-club-di-belluno-alla-partenza-la-terza-edizione-di-non-abbiamo-un-pianeta-b-per-le-scuole\/"},"wordCount":610,"publisher":{"@id":"https:\/\/www.bellunopress.it\/#organization"},"image":{"@id":"https:\/\/www.bellunopress.it\/2023\/11\/10\/progetto-ambientiamoci-del-rotary-club-di-belluno-alla-partenza-la-terza-edizione-di-non-abbiamo-un-pianeta-b-per-le-scuole\/#primaryimage"},"thumbnailUrl":"https:\/\/www.bellunopress.it\/wp-content\/uploads\/2022\/09\/rotary-club_edited.jpg","articleSection":["Scuola","Societ\u00e0, Associazioni, Istituzioni"],"inLanguage":"fr-FR"},{"@type":"WebPage","@id":"https:\/\/www.bellunopress.it\/2023\/11\/10\/progetto-ambientiamoci-del-rotary-club-di-belluno-alla-partenza-la-terza-edizione-di-non-abbiamo-un-pianeta-b-per-le-scuole\/","url":"https:\/\/www.bellunopress.it\/2023\/11\/10\/progetto-ambientiamoci-del-rotary-club-di-belluno-alla-partenza-la-terza-edizione-di-non-abbiamo-un-pianeta-b-per-le-scuole\/","name":"Progetto AmbientiAMOci del Rotary Club di Belluno: alla partenza la terza edizione di \"Non Abbiamo un Pianeta B\", per le scuole - Bellunopress - Dolomiti","isPartOf":{"@id":"https:\/\/www.bellunopress.it\/#website"},"primaryImageOfPage":{"@id":"https:\/\/www.bellunopress.it\/2023\/11\/10\/progetto-ambientiamoci-del-rotary-club-di-belluno-alla-partenza-la-terza-edizione-di-non-abbiamo-un-pianeta-b-per-le-scuole\/#primaryimage"},"image":{"@id":"https:\/\/www.bellunopress.it\/2023\/11\/10\/progetto-ambientiamoci-del-rotary-club-di-belluno-alla-partenza-la-terza-edizione-di-non-abbiamo-un-pianeta-b-per-le-scuole\/#primaryimage"},"thumbnailUrl":"https:\/\/www.bellunopress.it\/wp-content\/uploads\/2022\/09\/rotary-club_edited.jpg","datePublished":"2023-11-10T17:48:50+00:00","breadcrumb":{"@id":"https:\/\/www.bellunopress.it\/2023\/11\/10\/progetto-ambientiamoci-del-rotary-club-di-belluno-alla-partenza-la-terza-edizione-di-non-abbiamo-un-pianeta-b-per-le-scuole\/#breadcrumb"},"inLanguage":"fr-FR","potentialAction":[{"@type":"ReadAction","target":["https:\/\/www.bellunopress.it\/2023\/11\/10\/progetto-ambientiamoci-del-rotary-club-di-belluno-alla-partenza-la-terza-edizione-di-non-abbiamo-un-pianeta-b-per-le-scuole\/"]}]},{"@type":"ImageObject","inLanguage":"fr-FR","@id":"https:\/\/www.bellunopress.it\/2023\/11\/10\/progetto-ambientiamoci-del-rotary-club-di-belluno-alla-partenza-la-terza-edizione-di-non-abbiamo-un-pianeta-b-per-le-scuole\/#primaryimage","url":"https:\/\/www.bellunopress.it\/wp-content\/uploads\/2022\/09\/rotary-club_edited.jpg","contentUrl":"https:\/\/www.bellunopress.it\/wp-content\/uploads\/2022\/09\/rotary-club_edited.jpg","width":660,"height":660},{"@type":"BreadcrumbList","@id":"https:\/\/www.bellunopress.it\/2023\/11\/10\/progetto-ambientiamoci-del-rotary-club-di-belluno-alla-partenza-la-terza-edizione-di-non-abbiamo-un-pianeta-b-per-le-scuole\/#breadcrumb","itemListElement":[{"@type":"ListItem","position":1,"name":"Home","item":"https:\/\/www.bellunopress.it\/"},{"@type":"ListItem","position":2,"name":"Progetto AmbientiAMOci del Rotary Club di Belluno: alla partenza la terza edizione di &#8220;Non Abbiamo un Pianeta B&#8221;, per le scuole"}]},{"@type":"WebSite","@id":"https:\/\/www.bellunopress.it\/#website","url":"https:\/\/www.bellunopress.it\/","name":"Bellunopress - Dolomiti","description":"e-mail: redazione@bellunopress.it","publisher":{"@id":"https:\/\/www.bellunopress.it\/#organization"},"potentialAction":[{"@type":"SearchAction","target":{"@type":"EntryPoint","urlTemplate":"https:\/\/www.bellunopress.it\/?s={search_term_string}"},"query-input":{"@type":"PropertyValueSpecification","valueRequired":true,"valueName":"search_term_string"}}],"inLanguage":"fr-FR"},{"@type":"Organization","@id":"https:\/\/www.bellunopress.it\/#organization","name":"Bellunopress","url":"https:\/\/www.bellunopress.it\/","logo":{"@type":"ImageObject","inLanguage":"fr-FR","@id":"https:\/\/www.bellunopress.it\/#\/schema\/logo\/image\/","url":"https:\/\/www.bellunopress.it\/wp-content\/uploads\/2011\/05\/cropped-logo-bellunopress-.jpg","contentUrl":"https:\/\/www.bellunopress.it\/wp-content\/uploads\/2011\/05\/cropped-logo-bellunopress-.jpg","width":512,"height":512,"caption":"Bellunopress"},"image":{"@id":"https:\/\/www.bellunopress.it\/#\/schema\/logo\/image\/"},"sameAs":["https:\/\/www.facebook.com\/profile.php?id=100008943462799","https:\/\/x.com\/bellunopress","https:\/\/www.linkedin.com\/hp\/?dnr=JBzUWaJfMUw8vbXJJ2tVW5-I3jZKvC4wsoxE&amp;amp;amp;amp;amp;amp;trk=nav_responsive_tab_home","https:\/\/www.youtube.com\/channel\/UCxL0wu1uN0_3_7hGG0306cw"]},{"@type":"Person","@id":"https:\/\/www.bellunopress.it\/#\/schema\/person\/79bb06722b37ece1c03d3e94beb30d73","name":"r\u00e9daction","image":{"@type":"ImageObject","inLanguage":"fr-FR","@id":"https:\/\/secure.gravatar.com\/avatar\/37d968a2e67a6fd04c169c4bdef102d0bc5d31b2546345219e348575eb80e9a0?s=96&d=mm&r=g","url":"https:\/\/secure.gravatar.com\/avatar\/37d968a2e67a6fd04c169c4bdef102d0bc5d31b2546345219e348575eb80e9a0?s=96&d=mm&r=g","contentUrl":"https:\/\/secure.gravatar.com\/avatar\/37d968a2e67a6fd04c169c4bdef102d0bc5d31b2546345219e348575eb80e9a0?s=96&d=mm&r=g","caption":"redazione"},"sameAs":["http:\/\/www.bellunopress.it","https:\/\/x.com\/bellunopress"],"url":"https:\/\/www.bellunopress.it\/fr\/author\/redazione\/"}]}},"_links":{"self":[{"href":"https:\/\/www.bellunopress.it\/fr\/wp-json\/wp\/v2\/posts\/145811","targetHints":{"allow":["GET"]}}],"collection":[{"href":"https:\/\/www.bellunopress.it\/fr\/wp-json\/wp\/v2\/posts"}],"about":[{"href":"https:\/\/www.bellunopress.it\/fr\/wp-json\/wp\/v2\/types\/post"}],"author":[{"embeddable":true,"href":"https:\/\/www.bellunopress.it\/fr\/wp-json\/wp\/v2\/users\/2"}],"replies":[{"embeddable":true,"href":"https:\/\/www.bellunopress.it\/fr\/wp-json\/wp\/v2\/comments?post=145811"}],"version-history":[{"count":1,"href":"https:\/\/www.bellunopress.it\/fr\/wp-json\/wp\/v2\/posts\/145811\/revisions"}],"predecessor-version":[{"id":145812,"href":"https:\/\/www.bellunopress.it\/fr\/wp-json\/wp\/v2\/posts\/145811\/revisions\/145812"}],"wp:featuredmedia":[{"embeddable":true,"href":"https:\/\/www.bellunopress.it\/fr\/wp-json\/wp\/v2\/media\/136473"}],"wp:attachment":[{"href":"https:\/\/www.bellunopress.it\/fr\/wp-json\/wp\/v2\/media?parent=145811"}],"wp:term":[{"taxonomy":"category","embeddable":true,"href":"https:\/\/www.bellunopress.it\/fr\/wp-json\/wp\/v2\/categories?post=145811"},{"taxonomy":"post_tag","embeddable":true,"href":"https:\/\/www.bellunopress.it\/fr\/wp-json\/wp\/v2\/tags?post=145811"}],"curies":[{"name":"wp","href":"https:\/\/api.w.org\/{rel}","templated":true}]}}