{"id":145808,"date":"2023-11-10T18:14:44","date_gmt":"2023-11-10T17:14:44","guid":{"rendered":"https:\/\/www.bellunopress.it\/?p=145808"},"modified":"2023-11-10T18:14:44","modified_gmt":"2023-11-10T17:14:44","slug":"cane-bloccato-su-uno-sperone-salvato-dallelicottero","status":"publish","type":"post","link":"https:\/\/www.bellunopress.it\/fr\/2023\/11\/10\/cane-bloccato-su-uno-sperone-salvato-dallelicottero\/","title":{"rendered":"Cane bloccato su uno sperone salvato dall&#8217;elicottero"},"content":{"rendered":"<p><img loading=\"lazy\" decoding=\"async\" class=\"alignleft size-full wp-image-145809\" src=\"https:\/\/www.bellunopress.it\/wp-content\/uploads\/2023\/11\/salvataggio-cane-Flo_edited.jpg\" alt=\"\" width=\"939\" height=\"825\" srcset=\"https:\/\/www.bellunopress.it\/wp-content\/uploads\/2023\/11\/salvataggio-cane-Flo_edited.jpg 939w, https:\/\/www.bellunopress.it\/wp-content\/uploads\/2023\/11\/salvataggio-cane-Flo_edited-500x439.jpg 500w, https:\/\/www.bellunopress.it\/wp-content\/uploads\/2023\/11\/salvataggio-cane-Flo_edited-696x612.jpg 696w\" sizes=\"auto, (max-width: 939px) 100vw, 939px\" \/>Il salvataggio per Flo un cane di media taglia \u00e8 arrivato dall\u2019alto con l\u2019elicottero Drago 149, dopo che il meticcio \u00e8 rimasto \u201cincrodato\u201d su una parete rocciosa per rincorrere un animale selvatico nei pressi di \u201cPonte della Stua\u201d, in Val Bulera nel comune di Alano di Piave.<\/p>\n<p>L\u2019allarme \u00e8 stato dato nel pomeriggio di venerd\u00ec dal proprietario a cui \u00e8 sfuggito il controllo dell\u2019animale poi finito incrodato su una parete rocciosa. I vigili del fuoco intervenuti con il personale di Feltre e i volontari del Basso Feltrino, vista l\u2019impossibilit\u00e0 di raggiungere il cane dal sentiero, si sono calati dalla parete, riuscendo a raggiungere l\u2019animale. Constatato la pericolosit\u00e0 nel recuperare dall\u2019alto l\u2019animale come anche calandolo, hanno fatto intervenire l\u2019elicottero Drago 149. Un elisoccorritore si \u00e8 calato portando a bordo Flo che \u00e8 stato poi riconsegnato al felice proprietario per lo scampato pericolo.<\/p>","protected":false},"excerpt":{"rendered":"<p>Il salvataggio per Flo un cane di media taglia \u00e8 arrivato dall\u2019alto con l\u2019elicottero Drago 149, dopo che il meticcio \u00e8 rimasto \u201cincrodato\u201d su una parete rocciosa per rincorrere un animale selvatico nei pressi di \u201cPonte della Stua\u201d, in Val Bulera nel comune di Alano di Piave. L\u2019allarme \u00e8 stato dato nel pomeriggio di venerd\u00ec [&hellip;]<\/p>\n","protected":false},"author":2,"featured_media":145809,"comment_status":"closed","ping_status":"open","sticky":false,"template":"","format":"standard","meta":{"footnotes":""},"categories":[5],"tags":[],"class_list":["post-145808","post","type-post","status-publish","format-standard","has-post-thumbnail","category-cronaca"],"yoast_head":"<!-- This site is optimized with the Yoast SEO plugin v28.4 - https:\/\/yoast.com\/product\/yoast-seo-wordpress\/ -->\n<title>Cane bloccato su uno sperone salvato dall&#039;elicottero - Bellunopress - Dolomiti<\/title>\n<meta name=\"robots\" content=\"index, follow, max-snippet:-1, max-image-preview:large, max-video-preview:-1\" \/>\n<link rel=\"canonical\" href=\"https:\/\/www.bellunopress.it\/fr\/2023\/11\/10\/cane-bloccato-su-uno-sperone-salvato-dallelicottero\/\" \/>\n<meta property=\"og:locale\" content=\"fr_FR\" \/>\n<meta property=\"og:type\" content=\"article\" \/>\n<meta property=\"og:title\" content=\"Cane bloccato su uno sperone salvato dall&#039;elicottero - Bellunopress - Dolomiti\" \/>\n<meta property=\"og:description\" content=\"Il salvataggio per Flo un cane di media taglia \u00e8 arrivato dall\u2019alto con l\u2019elicottero Drago 149, dopo che il meticcio \u00e8 rimasto \u201cincrodato\u201d su una parete rocciosa per rincorrere un animale selvatico nei pressi di \u201cPonte della Stua\u201d, in Val Bulera nel comune di Alano di Piave. L\u2019allarme \u00e8 stato dato nel pomeriggio di venerd\u00ec [&hellip;]\" \/>\n<meta property=\"og:url\" content=\"https:\/\/www.bellunopress.it\/fr\/2023\/11\/10\/cane-bloccato-su-uno-sperone-salvato-dallelicottero\/\" \/>\n<meta property=\"og:site_name\" content=\"Bellunopress - Dolomiti\" \/>\n<meta property=\"article:publisher\" content=\"https:\/\/www.facebook.com\/profile.php?id=100008943462799\" \/>\n<meta property=\"article:published_time\" content=\"2023-11-10T17:14:44+00:00\" \/>\n<meta property=\"og:image\" content=\"https:\/\/www.bellunopress.it\/wp-content\/uploads\/2023\/11\/salvataggio-cane-Flo_edited.jpg\" \/>\n\t<meta property=\"og:image:width\" content=\"939\" \/>\n\t<meta property=\"og:image:height\" content=\"825\" \/>\n\t<meta property=\"og:image:type\" content=\"image\/jpeg\" \/>\n<meta name=\"author\" content=\"redazione\" \/>\n<meta name=\"twitter:card\" content=\"summary_large_image\" \/>\n<meta name=\"twitter:creator\" content=\"@bellunopress\" \/>\n<meta name=\"twitter:site\" content=\"@bellunopress\" \/>\n<meta name=\"twitter:label1\" content=\"\u00c9crit par\" \/>\n\t<meta name=\"twitter:data1\" content=\"redazione\" \/>\n\t<meta name=\"twitter:label2\" content=\"Dur\u00e9e de lecture estim\u00e9e\" \/>\n\t<meta name=\"twitter:data2\" content=\"1 minute\" \/>\n<script type=\"application\/ld+json\" class=\"yoast-schema-graph\">{\"@context\":\"https:\\\/\\\/schema.org\",\"@graph\":[{\"@type\":\"Article\",\"@id\":\"https:\\\/\\\/www.bellunopress.it\\\/2023\\\/11\\\/10\\\/cane-bloccato-su-uno-sperone-salvato-dallelicottero\\\/#article\",\"isPartOf\":{\"@id\":\"https:\\\/\\\/www.bellunopress.it\\\/2023\\\/11\\\/10\\\/cane-bloccato-su-uno-sperone-salvato-dallelicottero\\\/\"},\"author\":{\"name\":\"redazione\",\"@id\":\"https:\\\/\\\/www.bellunopress.it\\\/#\\\/schema\\\/person\\\/79bb06722b37ece1c03d3e94beb30d73\"},\"headline\":\"Cane bloccato su uno sperone salvato dall&#8217;elicottero\",\"datePublished\":\"2023-11-10T17:14:44+00:00\",\"mainEntityOfPage\":{\"@id\":\"https:\\\/\\\/www.bellunopress.it\\\/2023\\\/11\\\/10\\\/cane-bloccato-su-uno-sperone-salvato-dallelicottero\\\/\"},\"wordCount\":150,\"publisher\":{\"@id\":\"https:\\\/\\\/www.bellunopress.it\\\/#organization\"},\"image\":{\"@id\":\"https:\\\/\\\/www.bellunopress.it\\\/2023\\\/11\\\/10\\\/cane-bloccato-su-uno-sperone-salvato-dallelicottero\\\/#primaryimage\"},\"thumbnailUrl\":\"https:\\\/\\\/www.bellunopress.it\\\/wp-content\\\/uploads\\\/2023\\\/11\\\/salvataggio-cane-Flo_edited.jpg\",\"articleSection\":[\"Cronaca\\\/Politica\"],\"inLanguage\":\"fr-FR\"},{\"@type\":\"WebPage\",\"@id\":\"https:\\\/\\\/www.bellunopress.it\\\/2023\\\/11\\\/10\\\/cane-bloccato-su-uno-sperone-salvato-dallelicottero\\\/\",\"url\":\"https:\\\/\\\/www.bellunopress.it\\\/2023\\\/11\\\/10\\\/cane-bloccato-su-uno-sperone-salvato-dallelicottero\\\/\",\"name\":\"Cane bloccato su uno sperone salvato dall'elicottero - Bellunopress - Dolomiti\",\"isPartOf\":{\"@id\":\"https:\\\/\\\/www.bellunopress.it\\\/#website\"},\"primaryImageOfPage\":{\"@id\":\"https:\\\/\\\/www.bellunopress.it\\\/2023\\\/11\\\/10\\\/cane-bloccato-su-uno-sperone-salvato-dallelicottero\\\/#primaryimage\"},\"image\":{\"@id\":\"https:\\\/\\\/www.bellunopress.it\\\/2023\\\/11\\\/10\\\/cane-bloccato-su-uno-sperone-salvato-dallelicottero\\\/#primaryimage\"},\"thumbnailUrl\":\"https:\\\/\\\/www.bellunopress.it\\\/wp-content\\\/uploads\\\/2023\\\/11\\\/salvataggio-cane-Flo_edited.jpg\",\"datePublished\":\"2023-11-10T17:14:44+00:00\",\"breadcrumb\":{\"@id\":\"https:\\\/\\\/www.bellunopress.it\\\/2023\\\/11\\\/10\\\/cane-bloccato-su-uno-sperone-salvato-dallelicottero\\\/#breadcrumb\"},\"inLanguage\":\"fr-FR\",\"potentialAction\":[{\"@type\":\"ReadAction\",\"target\":[\"https:\\\/\\\/www.bellunopress.it\\\/2023\\\/11\\\/10\\\/cane-bloccato-su-uno-sperone-salvato-dallelicottero\\\/\"]}]},{\"@type\":\"ImageObject\",\"inLanguage\":\"fr-FR\",\"@id\":\"https:\\\/\\\/www.bellunopress.it\\\/2023\\\/11\\\/10\\\/cane-bloccato-su-uno-sperone-salvato-dallelicottero\\\/#primaryimage\",\"url\":\"https:\\\/\\\/www.bellunopress.it\\\/wp-content\\\/uploads\\\/2023\\\/11\\\/salvataggio-cane-Flo_edited.jpg\",\"contentUrl\":\"https:\\\/\\\/www.bellunopress.it\\\/wp-content\\\/uploads\\\/2023\\\/11\\\/salvataggio-cane-Flo_edited.jpg\",\"width\":939,\"height\":825},{\"@type\":\"BreadcrumbList\",\"@id\":\"https:\\\/\\\/www.bellunopress.it\\\/2023\\\/11\\\/10\\\/cane-bloccato-su-uno-sperone-salvato-dallelicottero\\\/#breadcrumb\",\"itemListElement\":[{\"@type\":\"ListItem\",\"position\":1,\"name\":\"Home\",\"item\":\"https:\\\/\\\/www.bellunopress.it\\\/\"},{\"@type\":\"ListItem\",\"position\":2,\"name\":\"Cane bloccato su uno sperone salvato dall&#8217;elicottero\"}]},{\"@type\":\"WebSite\",\"@id\":\"https:\\\/\\\/www.bellunopress.it\\\/#website\",\"url\":\"https:\\\/\\\/www.bellunopress.it\\\/\",\"name\":\"Bellunopress - Dolomiti\",\"description\":\"e-mail: redazione@bellunopress.it\",\"publisher\":{\"@id\":\"https:\\\/\\\/www.bellunopress.it\\\/#organization\"},\"potentialAction\":[{\"@type\":\"SearchAction\",\"target\":{\"@type\":\"EntryPoint\",\"urlTemplate\":\"https:\\\/\\\/www.bellunopress.it\\\/?s={search_term_string}\"},\"query-input\":{\"@type\":\"PropertyValueSpecification\",\"valueRequired\":true,\"valueName\":\"search_term_string\"}}],\"inLanguage\":\"fr-FR\"},{\"@type\":\"Organization\",\"@id\":\"https:\\\/\\\/www.bellunopress.it\\\/#organization\",\"name\":\"Bellunopress\",\"url\":\"https:\\\/\\\/www.bellunopress.it\\\/\",\"logo\":{\"@type\":\"ImageObject\",\"inLanguage\":\"fr-FR\",\"@id\":\"https:\\\/\\\/www.bellunopress.it\\\/#\\\/schema\\\/logo\\\/image\\\/\",\"url\":\"https:\\\/\\\/www.bellunopress.it\\\/wp-content\\\/uploads\\\/2011\\\/05\\\/cropped-logo-bellunopress-.jpg\",\"contentUrl\":\"https:\\\/\\\/www.bellunopress.it\\\/wp-content\\\/uploads\\\/2011\\\/05\\\/cropped-logo-bellunopress-.jpg\",\"width\":512,\"height\":512,\"caption\":\"Bellunopress\"},\"image\":{\"@id\":\"https:\\\/\\\/www.bellunopress.it\\\/#\\\/schema\\\/logo\\\/image\\\/\"},\"sameAs\":[\"https:\\\/\\\/www.facebook.com\\\/profile.php?id=100008943462799\",\"https:\\\/\\\/x.com\\\/bellunopress\",\"https:\\\/\\\/www.linkedin.com\\\/hp\\\/?dnr=JBzUWaJfMUw8vbXJJ2tVW5-I3jZKvC4wsoxE&amp;amp;amp;amp;amp;amp;trk=nav_responsive_tab_home\",\"https:\\\/\\\/www.youtube.com\\\/channel\\\/UCxL0wu1uN0_3_7hGG0306cw\"]},{\"@type\":\"Person\",\"@id\":\"https:\\\/\\\/www.bellunopress.it\\\/#\\\/schema\\\/person\\\/79bb06722b37ece1c03d3e94beb30d73\",\"name\":\"redazione\",\"image\":{\"@type\":\"ImageObject\",\"inLanguage\":\"fr-FR\",\"@id\":\"https:\\\/\\\/secure.gravatar.com\\\/avatar\\\/37d968a2e67a6fd04c169c4bdef102d0bc5d31b2546345219e348575eb80e9a0?s=96&d=mm&r=g\",\"url\":\"https:\\\/\\\/secure.gravatar.com\\\/avatar\\\/37d968a2e67a6fd04c169c4bdef102d0bc5d31b2546345219e348575eb80e9a0?s=96&d=mm&r=g\",\"contentUrl\":\"https:\\\/\\\/secure.gravatar.com\\\/avatar\\\/37d968a2e67a6fd04c169c4bdef102d0bc5d31b2546345219e348575eb80e9a0?s=96&d=mm&r=g\",\"caption\":\"redazione\"},\"sameAs\":[\"http:\\\/\\\/www.bellunopress.it\",\"https:\\\/\\\/x.com\\\/bellunopress\"],\"url\":\"https:\\\/\\\/www.bellunopress.it\\\/fr\\\/author\\\/redazione\\\/\"}]}<\/script>\n<!-- \/ Yoast SEO plugin. -->","yoast_head_json":{"title":"Cane bloccato su uno sperone salvato dall'elicottero - Bellunopress - Dolomiti","robots":{"index":"index","follow":"follow","max-snippet":"max-snippet:-1","max-image-preview":"max-image-preview:large","max-video-preview":"max-video-preview:-1"},"canonical":"https:\/\/www.bellunopress.it\/fr\/2023\/11\/10\/cane-bloccato-su-uno-sperone-salvato-dallelicottero\/","og_locale":"fr_FR","og_type":"article","og_title":"Cane bloccato su uno sperone salvato dall'elicottero - Bellunopress - Dolomiti","og_description":"Il salvataggio per Flo un cane di media taglia \u00e8 arrivato dall\u2019alto con l\u2019elicottero Drago 149, dopo che il meticcio \u00e8 rimasto \u201cincrodato\u201d su una parete rocciosa per rincorrere un animale selvatico nei pressi di \u201cPonte della Stua\u201d, in Val Bulera nel comune di Alano di Piave. L\u2019allarme \u00e8 stato dato nel pomeriggio di venerd\u00ec [&hellip;]","og_url":"https:\/\/www.bellunopress.it\/fr\/2023\/11\/10\/cane-bloccato-su-uno-sperone-salvato-dallelicottero\/","og_site_name":"Bellunopress - Dolomiti","article_publisher":"https:\/\/www.facebook.com\/profile.php?id=100008943462799","article_published_time":"2023-11-10T17:14:44+00:00","og_image":[{"width":939,"height":825,"url":"https:\/\/www.bellunopress.it\/wp-content\/uploads\/2023\/11\/salvataggio-cane-Flo_edited.jpg","type":"image\/jpeg"}],"author":"redazione","twitter_card":"summary_large_image","twitter_creator":"@bellunopress","twitter_site":"@bellunopress","twitter_misc":{"\u00c9crit par":"redazione","Dur\u00e9e de lecture estim\u00e9e":"1 minute"},"schema":{"@context":"https:\/\/schema.org","@graph":[{"@type":"Article","@id":"https:\/\/www.bellunopress.it\/2023\/11\/10\/cane-bloccato-su-uno-sperone-salvato-dallelicottero\/#article","isPartOf":{"@id":"https:\/\/www.bellunopress.it\/2023\/11\/10\/cane-bloccato-su-uno-sperone-salvato-dallelicottero\/"},"author":{"name":"redazione","@id":"https:\/\/www.bellunopress.it\/#\/schema\/person\/79bb06722b37ece1c03d3e94beb30d73"},"headline":"Cane bloccato su uno sperone salvato dall&#8217;elicottero","datePublished":"2023-11-10T17:14:44+00:00","mainEntityOfPage":{"@id":"https:\/\/www.bellunopress.it\/2023\/11\/10\/cane-bloccato-su-uno-sperone-salvato-dallelicottero\/"},"wordCount":150,"publisher":{"@id":"https:\/\/www.bellunopress.it\/#organization"},"image":{"@id":"https:\/\/www.bellunopress.it\/2023\/11\/10\/cane-bloccato-su-uno-sperone-salvato-dallelicottero\/#primaryimage"},"thumbnailUrl":"https:\/\/www.bellunopress.it\/wp-content\/uploads\/2023\/11\/salvataggio-cane-Flo_edited.jpg","articleSection":["Cronaca\/Politica"],"inLanguage":"fr-FR"},{"@type":"WebPage","@id":"https:\/\/www.bellunopress.it\/2023\/11\/10\/cane-bloccato-su-uno-sperone-salvato-dallelicottero\/","url":"https:\/\/www.bellunopress.it\/2023\/11\/10\/cane-bloccato-su-uno-sperone-salvato-dallelicottero\/","name":"Cane bloccato su uno sperone salvato dall'elicottero - Bellunopress - Dolomiti","isPartOf":{"@id":"https:\/\/www.bellunopress.it\/#website"},"primaryImageOfPage":{"@id":"https:\/\/www.bellunopress.it\/2023\/11\/10\/cane-bloccato-su-uno-sperone-salvato-dallelicottero\/#primaryimage"},"image":{"@id":"https:\/\/www.bellunopress.it\/2023\/11\/10\/cane-bloccato-su-uno-sperone-salvato-dallelicottero\/#primaryimage"},"thumbnailUrl":"https:\/\/www.bellunopress.it\/wp-content\/uploads\/2023\/11\/salvataggio-cane-Flo_edited.jpg","datePublished":"2023-11-10T17:14:44+00:00","breadcrumb":{"@id":"https:\/\/www.bellunopress.it\/2023\/11\/10\/cane-bloccato-su-uno-sperone-salvato-dallelicottero\/#breadcrumb"},"inLanguage":"fr-FR","potentialAction":[{"@type":"ReadAction","target":["https:\/\/www.bellunopress.it\/2023\/11\/10\/cane-bloccato-su-uno-sperone-salvato-dallelicottero\/"]}]},{"@type":"ImageObject","inLanguage":"fr-FR","@id":"https:\/\/www.bellunopress.it\/2023\/11\/10\/cane-bloccato-su-uno-sperone-salvato-dallelicottero\/#primaryimage","url":"https:\/\/www.bellunopress.it\/wp-content\/uploads\/2023\/11\/salvataggio-cane-Flo_edited.jpg","contentUrl":"https:\/\/www.bellunopress.it\/wp-content\/uploads\/2023\/11\/salvataggio-cane-Flo_edited.jpg","width":939,"height":825},{"@type":"BreadcrumbList","@id":"https:\/\/www.bellunopress.it\/2023\/11\/10\/cane-bloccato-su-uno-sperone-salvato-dallelicottero\/#breadcrumb","itemListElement":[{"@type":"ListItem","position":1,"name":"Home","item":"https:\/\/www.bellunopress.it\/"},{"@type":"ListItem","position":2,"name":"Cane bloccato su uno sperone salvato dall&#8217;elicottero"}]},{"@type":"WebSite","@id":"https:\/\/www.bellunopress.it\/#website","url":"https:\/\/www.bellunopress.it\/","name":"Bellunopress - Dolomiti","description":"e-mail: redazione@bellunopress.it","publisher":{"@id":"https:\/\/www.bellunopress.it\/#organization"},"potentialAction":[{"@type":"SearchAction","target":{"@type":"EntryPoint","urlTemplate":"https:\/\/www.bellunopress.it\/?s={search_term_string}"},"query-input":{"@type":"PropertyValueSpecification","valueRequired":true,"valueName":"search_term_string"}}],"inLanguage":"fr-FR"},{"@type":"Organization","@id":"https:\/\/www.bellunopress.it\/#organization","name":"Bellunopress","url":"https:\/\/www.bellunopress.it\/","logo":{"@type":"ImageObject","inLanguage":"fr-FR","@id":"https:\/\/www.bellunopress.it\/#\/schema\/logo\/image\/","url":"https:\/\/www.bellunopress.it\/wp-content\/uploads\/2011\/05\/cropped-logo-bellunopress-.jpg","contentUrl":"https:\/\/www.bellunopress.it\/wp-content\/uploads\/2011\/05\/cropped-logo-bellunopress-.jpg","width":512,"height":512,"caption":"Bellunopress"},"image":{"@id":"https:\/\/www.bellunopress.it\/#\/schema\/logo\/image\/"},"sameAs":["https:\/\/www.facebook.com\/profile.php?id=100008943462799","https:\/\/x.com\/bellunopress","https:\/\/www.linkedin.com\/hp\/?dnr=JBzUWaJfMUw8vbXJJ2tVW5-I3jZKvC4wsoxE&amp;amp;amp;amp;amp;amp;trk=nav_responsive_tab_home","https:\/\/www.youtube.com\/channel\/UCxL0wu1uN0_3_7hGG0306cw"]},{"@type":"Person","@id":"https:\/\/www.bellunopress.it\/#\/schema\/person\/79bb06722b37ece1c03d3e94beb30d73","name":"r\u00e9daction","image":{"@type":"ImageObject","inLanguage":"fr-FR","@id":"https:\/\/secure.gravatar.com\/avatar\/37d968a2e67a6fd04c169c4bdef102d0bc5d31b2546345219e348575eb80e9a0?s=96&d=mm&r=g","url":"https:\/\/secure.gravatar.com\/avatar\/37d968a2e67a6fd04c169c4bdef102d0bc5d31b2546345219e348575eb80e9a0?s=96&d=mm&r=g","contentUrl":"https:\/\/secure.gravatar.com\/avatar\/37d968a2e67a6fd04c169c4bdef102d0bc5d31b2546345219e348575eb80e9a0?s=96&d=mm&r=g","caption":"redazione"},"sameAs":["http:\/\/www.bellunopress.it","https:\/\/x.com\/bellunopress"],"url":"https:\/\/www.bellunopress.it\/fr\/author\/redazione\/"}]}},"_links":{"self":[{"href":"https:\/\/www.bellunopress.it\/fr\/wp-json\/wp\/v2\/posts\/145808","targetHints":{"allow":["GET"]}}],"collection":[{"href":"https:\/\/www.bellunopress.it\/fr\/wp-json\/wp\/v2\/posts"}],"about":[{"href":"https:\/\/www.bellunopress.it\/fr\/wp-json\/wp\/v2\/types\/post"}],"author":[{"embeddable":true,"href":"https:\/\/www.bellunopress.it\/fr\/wp-json\/wp\/v2\/users\/2"}],"replies":[{"embeddable":true,"href":"https:\/\/www.bellunopress.it\/fr\/wp-json\/wp\/v2\/comments?post=145808"}],"version-history":[{"count":1,"href":"https:\/\/www.bellunopress.it\/fr\/wp-json\/wp\/v2\/posts\/145808\/revisions"}],"predecessor-version":[{"id":145810,"href":"https:\/\/www.bellunopress.it\/fr\/wp-json\/wp\/v2\/posts\/145808\/revisions\/145810"}],"wp:featuredmedia":[{"embeddable":true,"href":"https:\/\/www.bellunopress.it\/fr\/wp-json\/wp\/v2\/media\/145809"}],"wp:attachment":[{"href":"https:\/\/www.bellunopress.it\/fr\/wp-json\/wp\/v2\/media?parent=145808"}],"wp:term":[{"taxonomy":"category","embeddable":true,"href":"https:\/\/www.bellunopress.it\/fr\/wp-json\/wp\/v2\/categories?post=145808"},{"taxonomy":"post_tag","embeddable":true,"href":"https:\/\/www.bellunopress.it\/fr\/wp-json\/wp\/v2\/tags?post=145808"}],"curies":[{"name":"wp","href":"https:\/\/api.w.org\/{rel}","templated":true}]}}