{"id":145803,"date":"2023-11-10T17:28:36","date_gmt":"2023-11-10T16:28:36","guid":{"rendered":"https:\/\/www.bellunopress.it\/?p=145803"},"modified":"2023-11-10T17:33:33","modified_gmt":"2023-11-10T16:33:33","slug":"enzo-fiore-e-paolo-vegas-il-fascino-dellappropriazione-il-28-dicembre-alla-galleria-contini-di-cortina","status":"publish","type":"post","link":"https:\/\/www.bellunopress.it\/fr\/2023\/11\/10\/enzo-fiore-e-paolo-vegas-il-fascino-dellappropriazione-il-28-dicembre-alla-galleria-contini-di-cortina\/","title":{"rendered":"Enzo Fiore e Paolo Vegas: Il Fascino dell&#8217;Appropriazione. Il 28 dicembre alla Galleria Contini di Cortina"},"content":{"rendered":"<p><img loading=\"lazy\" decoding=\"async\" class=\"alignleft size-full wp-image-145804\" src=\"https:\/\/www.bellunopress.it\/wp-content\/uploads\/2023\/11\/Fiore-Vegas-Il-fascino-dellappropriazione-Galleria-Contini_edited.jpg\" alt=\"\" width=\"899\" height=\"687\" srcset=\"https:\/\/www.bellunopress.it\/wp-content\/uploads\/2023\/11\/Fiore-Vegas-Il-fascino-dellappropriazione-Galleria-Contini_edited.jpg 899w, https:\/\/www.bellunopress.it\/wp-content\/uploads\/2023\/11\/Fiore-Vegas-Il-fascino-dellappropriazione-Galleria-Contini_edited-500x382.jpg 500w, https:\/\/www.bellunopress.it\/wp-content\/uploads\/2023\/11\/Fiore-Vegas-Il-fascino-dellappropriazione-Galleria-Contini_edited-696x532.jpg 696w\" sizes=\"auto, (max-width: 899px) 100vw, 899px\" \/>La Galleria d&#8217;Arte Contini \u00e8 lieta di presentare la mostra &#8220;Enzo Fiore e Paolo Vegas: Il Fascino dell&#8217;Appropriazione&#8221; che vedr\u00e0 esposte le opere degli artisti Enzo Fiore e Paolo Vegas. L&#8217;inaugurazione sar\u00e0 presenziata dagli artisti e si terr\u00e0 gioved\u00ec 28 dicembre 2023 nella sede di P.zza Silvestro Franceschi 7 a Cortina d&#8217;Ampezzo, nel cuore delle Dolomiti.<\/p>\n<p>L&#8217;esposizione propone un intrigante dialogo tra opere realizzate con tecniche assai differenti: la giustapposizione e la stratificazione di materiali organici nelle tele di Enzo Fiore entreranno in contatto con le manipolazioni fotografiche di Paolo Vegas. Lo spettatore avr\u00e0 cos\u00ec l&#8217;occasione di esplorare le diverse tematiche dei due artisti, con due prospettive divergenti.<\/p>\n<p><strong>Enzo Fiore<\/strong> nasce a Milano nel 1968. Dopo aver frequentato il liceo artistico di Milano si diploma in pittura nel 1991 all\u2019Accademia di Belle Arti di Brera, sotto la guida del Maestro Luciano Fabro. Per alcuni anni si dedica al restauro di dipinti antichi ed alla realizzazione di allestimenti scenografici. Sin dal suo debutto come artista nel 1997, Fiore attinge direttamente dalla natura per creare le sue opere, avvalendosi di una tecnica unica<br \/>\nbasata sull\u2019impiego di muschio, foglie, radici, terra, pietre, resina e cemento, combinando insieme forme sospese tra realt\u00e0 e fantasia, sovente introduce nelle sue creazioni l\u2019utilizzo di svariati insetti. Dal 2006 \u00e8 rappresentato dalla Galleria d\u2019arte Contini di Venezia e Cortina d\u2019Ampezzo che dato vita a numerose esposizioni personali e collettive sia all\u2019interno degli spazi della galleria che presso importanti istituzioni pubbliche tra le quali nel 2008 il Palazzo Ducale di Sabbioneta (Mantova), nel 2012 il Complesso del Vittoriano a Roma, nel 2013 il Palazzo Callas a Sirmione, nel 2017 Fondazione Bevilacqua-La Masa di Venezia, nel 2022<br \/>\nla Galleria Comunale di Arte Moderna e Contemporanea di Viareggio (GAMC) e al Palp di Pontedera. Le sue opere sono presenti in numerose collezioni pubbliche e private. Enzo Fiore attualmente vive e lavora vicino a Milano.<\/p>\n<p><strong>Paolo Vegas<\/strong> nasce a Biella nel 1973. Diplomato all\u2019Istituto Europeo di Design nel 1992, inizia la sua attivit\u00e0 di fotografo a Milano dove collabora dal 1993 con diversi fotografi e agenzie pubblicitarie. Nel novembre del 1997 a Milano presenta i suoi lavori in una mostra intitolata \u2018People and Things\u2019. Nel dicembre \u201897 prende parte ad una iniziativa di beneficenza, collaborando ad un progetto fotografico per Emergency. Ha collaborato<br \/>\ncome assistente per fotografi internazionali come Giac Casale, Joe Oppedisano e Giovanni Gastel alla realizzazione di campagne pubblicitarie per Barbour, Peugeot \u201898, Algida \u201899, Pagine Gialle, Richard Ginori, Irge e al calendario Same. Il percorso artistico di Paolo Vegas \u00e8 stato fortemente influenzato da questo periodo.<br \/>\nNel 2011 \u00e8 invitato, con Omar Ronda, a partecipare alla 54\u00b0 Biennale di Venezia al Padiglione Italia. Dal 2014 al 2017 \u00e8 rappresentato dalla Galleria d&#8217;arte Contini Art Uk con sede a Londra e dal 2018 dalla Galleria d\u2019Arte Contini di Venezia e Cortina d&#8217;Ampezzo, la quale nel 2019 presenta la sua mostra personale \u2018Stories of People and Things\u2019 presso la sede di Cortina d\u2019Ampezzo. Il suo lavoro \u00e8 presente nella collezione privata del museo<br \/>\nM.A.C.I.S.T. &#8211; Museo d&#8217;Arte Contemporanea Internazionale Senza Tendenze e in numerose collezioni pubbliche e private.<\/p>\n<p>Vernissage sabato 28 dicembre 2023 &#8211; ore 18.30 alla presenza degli artisti<br \/>\nLa mostra rimarr\u00e0 aperta tutti i giorni fino al 2 aprile 2024<br \/>\nOrario: 10.00-13.00 \/ 16.00-20.00<br \/>\nGALLERIA D\u2019ARTE CONTINI<br \/>\nP.zza Silvestro Franceschi 7<br \/>\n32043 Cortina d\u2019Ampezzo<br \/>\nTel. +39 0436 867400<\/p>","protected":false},"excerpt":{"rendered":"<p>La Galleria d&#8217;Arte Contini \u00e8 lieta di presentare la mostra &#8220;Enzo Fiore e Paolo Vegas: Il Fascino dell&#8217;Appropriazione&#8221; che vedr\u00e0 esposte le opere degli artisti Enzo Fiore e Paolo Vegas. L&#8217;inaugurazione sar\u00e0 presenziata dagli artisti e si terr\u00e0 gioved\u00ec 28 dicembre 2023 nella sede di P.zza Silvestro Franceschi 7 a Cortina d&#8217;Ampezzo, nel cuore delle [&hellip;]<\/p>\n","protected":false},"author":2,"featured_media":145804,"comment_status":"closed","ping_status":"open","sticky":false,"template":"","format":"standard","meta":{"footnotes":""},"categories":[27,3,25],"tags":[],"class_list":["post-145803","post","type-post","status-publish","format-standard","has-post-thumbnail","category-appuntamenti","category-arte-cultura-spettacoli-scienza-archivi","category-pausa-caffe"],"yoast_head":"<!-- This site is optimized with the Yoast SEO plugin v28.4 - https:\/\/yoast.com\/product\/yoast-seo-wordpress\/ -->\n<title>Enzo Fiore e Paolo Vegas: Il Fascino dell&#039;Appropriazione. Il 28 dicembre alla Galleria Contini di Cortina - Bellunopress - Dolomiti<\/title>\n<meta name=\"robots\" content=\"index, follow, max-snippet:-1, max-image-preview:large, max-video-preview:-1\" \/>\n<link rel=\"canonical\" href=\"https:\/\/www.bellunopress.it\/fr\/2023\/11\/10\/enzo-fiore-e-paolo-vegas-il-fascino-dellappropriazione-il-28-dicembre-alla-galleria-contini-di-cortina\/\" \/>\n<meta property=\"og:locale\" content=\"fr_FR\" \/>\n<meta property=\"og:type\" content=\"article\" \/>\n<meta property=\"og:title\" content=\"Enzo Fiore e Paolo Vegas: Il Fascino dell&#039;Appropriazione. Il 28 dicembre alla Galleria Contini di Cortina - Bellunopress - Dolomiti\" \/>\n<meta property=\"og:description\" content=\"La Galleria d&#8217;Arte Contini \u00e8 lieta di presentare la mostra &#8220;Enzo Fiore e Paolo Vegas: Il Fascino dell&#8217;Appropriazione&#8221; che vedr\u00e0 esposte le opere degli artisti Enzo Fiore e Paolo Vegas. L&#8217;inaugurazione sar\u00e0 presenziata dagli artisti e si terr\u00e0 gioved\u00ec 28 dicembre 2023 nella sede di P.zza Silvestro Franceschi 7 a Cortina d&#8217;Ampezzo, nel cuore delle [&hellip;]\" \/>\n<meta property=\"og:url\" content=\"https:\/\/www.bellunopress.it\/fr\/2023\/11\/10\/enzo-fiore-e-paolo-vegas-il-fascino-dellappropriazione-il-28-dicembre-alla-galleria-contini-di-cortina\/\" \/>\n<meta property=\"og:site_name\" content=\"Bellunopress - Dolomiti\" \/>\n<meta property=\"article:publisher\" content=\"https:\/\/www.facebook.com\/profile.php?id=100008943462799\" \/>\n<meta property=\"article:published_time\" content=\"2023-11-10T16:28:36+00:00\" \/>\n<meta property=\"article:modified_time\" content=\"2023-11-10T16:33:33+00:00\" \/>\n<meta property=\"og:image\" content=\"https:\/\/www.bellunopress.it\/wp-content\/uploads\/2023\/11\/Fiore-Vegas-Il-fascino-dellappropriazione-Galleria-Contini_edited.jpg\" \/>\n\t<meta property=\"og:image:width\" content=\"899\" \/>\n\t<meta property=\"og:image:height\" content=\"687\" \/>\n\t<meta property=\"og:image:type\" content=\"image\/jpeg\" \/>\n<meta name=\"author\" content=\"redazione\" \/>\n<meta name=\"twitter:card\" content=\"summary_large_image\" \/>\n<meta name=\"twitter:creator\" content=\"@bellunopress\" \/>\n<meta name=\"twitter:site\" content=\"@bellunopress\" \/>\n<meta name=\"twitter:label1\" content=\"\u00c9crit par\" \/>\n\t<meta name=\"twitter:data1\" content=\"redazione\" \/>\n\t<meta name=\"twitter:label2\" content=\"Dur\u00e9e de lecture estim\u00e9e\" \/>\n\t<meta name=\"twitter:data2\" content=\"3 minutes\" \/>\n<script type=\"application\/ld+json\" class=\"yoast-schema-graph\">{\"@context\":\"https:\\\/\\\/schema.org\",\"@graph\":[{\"@type\":\"Article\",\"@id\":\"https:\\\/\\\/www.bellunopress.it\\\/2023\\\/11\\\/10\\\/enzo-fiore-e-paolo-vegas-il-fascino-dellappropriazione-il-28-dicembre-alla-galleria-contini-di-cortina\\\/#article\",\"isPartOf\":{\"@id\":\"https:\\\/\\\/www.bellunopress.it\\\/2023\\\/11\\\/10\\\/enzo-fiore-e-paolo-vegas-il-fascino-dellappropriazione-il-28-dicembre-alla-galleria-contini-di-cortina\\\/\"},\"author\":{\"name\":\"redazione\",\"@id\":\"https:\\\/\\\/www.bellunopress.it\\\/#\\\/schema\\\/person\\\/79bb06722b37ece1c03d3e94beb30d73\"},\"headline\":\"Enzo Fiore e Paolo Vegas: Il Fascino dell&#8217;Appropriazione. Il 28 dicembre alla Galleria Contini di Cortina\",\"datePublished\":\"2023-11-10T16:28:36+00:00\",\"dateModified\":\"2023-11-10T16:33:33+00:00\",\"mainEntityOfPage\":{\"@id\":\"https:\\\/\\\/www.bellunopress.it\\\/2023\\\/11\\\/10\\\/enzo-fiore-e-paolo-vegas-il-fascino-dellappropriazione-il-28-dicembre-alla-galleria-contini-di-cortina\\\/\"},\"wordCount\":560,\"publisher\":{\"@id\":\"https:\\\/\\\/www.bellunopress.it\\\/#organization\"},\"image\":{\"@id\":\"https:\\\/\\\/www.bellunopress.it\\\/2023\\\/11\\\/10\\\/enzo-fiore-e-paolo-vegas-il-fascino-dellappropriazione-il-28-dicembre-alla-galleria-contini-di-cortina\\\/#primaryimage\"},\"thumbnailUrl\":\"https:\\\/\\\/www.bellunopress.it\\\/wp-content\\\/uploads\\\/2023\\\/11\\\/Fiore-Vegas-Il-fascino-dellappropriazione-Galleria-Contini_edited.jpg\",\"articleSection\":[\"Appuntamenti, Eventi\",\"Arte, Cultura, Spettacoli, Scienza\",\"Pausa Caff\u00e8\"],\"inLanguage\":\"fr-FR\"},{\"@type\":\"WebPage\",\"@id\":\"https:\\\/\\\/www.bellunopress.it\\\/2023\\\/11\\\/10\\\/enzo-fiore-e-paolo-vegas-il-fascino-dellappropriazione-il-28-dicembre-alla-galleria-contini-di-cortina\\\/\",\"url\":\"https:\\\/\\\/www.bellunopress.it\\\/2023\\\/11\\\/10\\\/enzo-fiore-e-paolo-vegas-il-fascino-dellappropriazione-il-28-dicembre-alla-galleria-contini-di-cortina\\\/\",\"name\":\"Enzo Fiore e Paolo Vegas: Il Fascino dell'Appropriazione. Il 28 dicembre alla Galleria Contini di Cortina - Bellunopress - Dolomiti\",\"isPartOf\":{\"@id\":\"https:\\\/\\\/www.bellunopress.it\\\/#website\"},\"primaryImageOfPage\":{\"@id\":\"https:\\\/\\\/www.bellunopress.it\\\/2023\\\/11\\\/10\\\/enzo-fiore-e-paolo-vegas-il-fascino-dellappropriazione-il-28-dicembre-alla-galleria-contini-di-cortina\\\/#primaryimage\"},\"image\":{\"@id\":\"https:\\\/\\\/www.bellunopress.it\\\/2023\\\/11\\\/10\\\/enzo-fiore-e-paolo-vegas-il-fascino-dellappropriazione-il-28-dicembre-alla-galleria-contini-di-cortina\\\/#primaryimage\"},\"thumbnailUrl\":\"https:\\\/\\\/www.bellunopress.it\\\/wp-content\\\/uploads\\\/2023\\\/11\\\/Fiore-Vegas-Il-fascino-dellappropriazione-Galleria-Contini_edited.jpg\",\"datePublished\":\"2023-11-10T16:28:36+00:00\",\"dateModified\":\"2023-11-10T16:33:33+00:00\",\"breadcrumb\":{\"@id\":\"https:\\\/\\\/www.bellunopress.it\\\/2023\\\/11\\\/10\\\/enzo-fiore-e-paolo-vegas-il-fascino-dellappropriazione-il-28-dicembre-alla-galleria-contini-di-cortina\\\/#breadcrumb\"},\"inLanguage\":\"fr-FR\",\"potentialAction\":[{\"@type\":\"ReadAction\",\"target\":[\"https:\\\/\\\/www.bellunopress.it\\\/2023\\\/11\\\/10\\\/enzo-fiore-e-paolo-vegas-il-fascino-dellappropriazione-il-28-dicembre-alla-galleria-contini-di-cortina\\\/\"]}]},{\"@type\":\"ImageObject\",\"inLanguage\":\"fr-FR\",\"@id\":\"https:\\\/\\\/www.bellunopress.it\\\/2023\\\/11\\\/10\\\/enzo-fiore-e-paolo-vegas-il-fascino-dellappropriazione-il-28-dicembre-alla-galleria-contini-di-cortina\\\/#primaryimage\",\"url\":\"https:\\\/\\\/www.bellunopress.it\\\/wp-content\\\/uploads\\\/2023\\\/11\\\/Fiore-Vegas-Il-fascino-dellappropriazione-Galleria-Contini_edited.jpg\",\"contentUrl\":\"https:\\\/\\\/www.bellunopress.it\\\/wp-content\\\/uploads\\\/2023\\\/11\\\/Fiore-Vegas-Il-fascino-dellappropriazione-Galleria-Contini_edited.jpg\",\"width\":899,\"height\":687},{\"@type\":\"BreadcrumbList\",\"@id\":\"https:\\\/\\\/www.bellunopress.it\\\/2023\\\/11\\\/10\\\/enzo-fiore-e-paolo-vegas-il-fascino-dellappropriazione-il-28-dicembre-alla-galleria-contini-di-cortina\\\/#breadcrumb\",\"itemListElement\":[{\"@type\":\"ListItem\",\"position\":1,\"name\":\"Home\",\"item\":\"https:\\\/\\\/www.bellunopress.it\\\/\"},{\"@type\":\"ListItem\",\"position\":2,\"name\":\"Enzo Fiore e Paolo Vegas: Il Fascino dell&#8217;Appropriazione. Il 28 dicembre alla Galleria Contini di Cortina\"}]},{\"@type\":\"WebSite\",\"@id\":\"https:\\\/\\\/www.bellunopress.it\\\/#website\",\"url\":\"https:\\\/\\\/www.bellunopress.it\\\/\",\"name\":\"Bellunopress - Dolomiti\",\"description\":\"e-mail: redazione@bellunopress.it\",\"publisher\":{\"@id\":\"https:\\\/\\\/www.bellunopress.it\\\/#organization\"},\"potentialAction\":[{\"@type\":\"SearchAction\",\"target\":{\"@type\":\"EntryPoint\",\"urlTemplate\":\"https:\\\/\\\/www.bellunopress.it\\\/?s={search_term_string}\"},\"query-input\":{\"@type\":\"PropertyValueSpecification\",\"valueRequired\":true,\"valueName\":\"search_term_string\"}}],\"inLanguage\":\"fr-FR\"},{\"@type\":\"Organization\",\"@id\":\"https:\\\/\\\/www.bellunopress.it\\\/#organization\",\"name\":\"Bellunopress\",\"url\":\"https:\\\/\\\/www.bellunopress.it\\\/\",\"logo\":{\"@type\":\"ImageObject\",\"inLanguage\":\"fr-FR\",\"@id\":\"https:\\\/\\\/www.bellunopress.it\\\/#\\\/schema\\\/logo\\\/image\\\/\",\"url\":\"https:\\\/\\\/www.bellunopress.it\\\/wp-content\\\/uploads\\\/2011\\\/05\\\/cropped-logo-bellunopress-.jpg\",\"contentUrl\":\"https:\\\/\\\/www.bellunopress.it\\\/wp-content\\\/uploads\\\/2011\\\/05\\\/cropped-logo-bellunopress-.jpg\",\"width\":512,\"height\":512,\"caption\":\"Bellunopress\"},\"image\":{\"@id\":\"https:\\\/\\\/www.bellunopress.it\\\/#\\\/schema\\\/logo\\\/image\\\/\"},\"sameAs\":[\"https:\\\/\\\/www.facebook.com\\\/profile.php?id=100008943462799\",\"https:\\\/\\\/x.com\\\/bellunopress\",\"https:\\\/\\\/www.linkedin.com\\\/hp\\\/?dnr=JBzUWaJfMUw8vbXJJ2tVW5-I3jZKvC4wsoxE&amp;amp;amp;amp;amp;amp;trk=nav_responsive_tab_home\",\"https:\\\/\\\/www.youtube.com\\\/channel\\\/UCxL0wu1uN0_3_7hGG0306cw\"]},{\"@type\":\"Person\",\"@id\":\"https:\\\/\\\/www.bellunopress.it\\\/#\\\/schema\\\/person\\\/79bb06722b37ece1c03d3e94beb30d73\",\"name\":\"redazione\",\"image\":{\"@type\":\"ImageObject\",\"inLanguage\":\"fr-FR\",\"@id\":\"https:\\\/\\\/secure.gravatar.com\\\/avatar\\\/37d968a2e67a6fd04c169c4bdef102d0bc5d31b2546345219e348575eb80e9a0?s=96&d=mm&r=g\",\"url\":\"https:\\\/\\\/secure.gravatar.com\\\/avatar\\\/37d968a2e67a6fd04c169c4bdef102d0bc5d31b2546345219e348575eb80e9a0?s=96&d=mm&r=g\",\"contentUrl\":\"https:\\\/\\\/secure.gravatar.com\\\/avatar\\\/37d968a2e67a6fd04c169c4bdef102d0bc5d31b2546345219e348575eb80e9a0?s=96&d=mm&r=g\",\"caption\":\"redazione\"},\"sameAs\":[\"http:\\\/\\\/www.bellunopress.it\",\"https:\\\/\\\/x.com\\\/bellunopress\"],\"url\":\"https:\\\/\\\/www.bellunopress.it\\\/fr\\\/author\\\/redazione\\\/\"}]}<\/script>\n<!-- \/ Yoast SEO plugin. -->","yoast_head_json":{"title":"Enzo Fiore e Paolo Vegas: Il Fascino dell'Appropriazione. Il 28 dicembre alla Galleria Contini di Cortina - Bellunopress - Dolomiti","robots":{"index":"index","follow":"follow","max-snippet":"max-snippet:-1","max-image-preview":"max-image-preview:large","max-video-preview":"max-video-preview:-1"},"canonical":"https:\/\/www.bellunopress.it\/fr\/2023\/11\/10\/enzo-fiore-e-paolo-vegas-il-fascino-dellappropriazione-il-28-dicembre-alla-galleria-contini-di-cortina\/","og_locale":"fr_FR","og_type":"article","og_title":"Enzo Fiore e Paolo Vegas: Il Fascino dell'Appropriazione. Il 28 dicembre alla Galleria Contini di Cortina - Bellunopress - Dolomiti","og_description":"La Galleria d&#8217;Arte Contini \u00e8 lieta di presentare la mostra &#8220;Enzo Fiore e Paolo Vegas: Il Fascino dell&#8217;Appropriazione&#8221; che vedr\u00e0 esposte le opere degli artisti Enzo Fiore e Paolo Vegas. L&#8217;inaugurazione sar\u00e0 presenziata dagli artisti e si terr\u00e0 gioved\u00ec 28 dicembre 2023 nella sede di P.zza Silvestro Franceschi 7 a Cortina d&#8217;Ampezzo, nel cuore delle [&hellip;]","og_url":"https:\/\/www.bellunopress.it\/fr\/2023\/11\/10\/enzo-fiore-e-paolo-vegas-il-fascino-dellappropriazione-il-28-dicembre-alla-galleria-contini-di-cortina\/","og_site_name":"Bellunopress - Dolomiti","article_publisher":"https:\/\/www.facebook.com\/profile.php?id=100008943462799","article_published_time":"2023-11-10T16:28:36+00:00","article_modified_time":"2023-11-10T16:33:33+00:00","og_image":[{"width":899,"height":687,"url":"https:\/\/www.bellunopress.it\/wp-content\/uploads\/2023\/11\/Fiore-Vegas-Il-fascino-dellappropriazione-Galleria-Contini_edited.jpg","type":"image\/jpeg"}],"author":"redazione","twitter_card":"summary_large_image","twitter_creator":"@bellunopress","twitter_site":"@bellunopress","twitter_misc":{"\u00c9crit par":"redazione","Dur\u00e9e de lecture estim\u00e9e":"3 minutes"},"schema":{"@context":"https:\/\/schema.org","@graph":[{"@type":"Article","@id":"https:\/\/www.bellunopress.it\/2023\/11\/10\/enzo-fiore-e-paolo-vegas-il-fascino-dellappropriazione-il-28-dicembre-alla-galleria-contini-di-cortina\/#article","isPartOf":{"@id":"https:\/\/www.bellunopress.it\/2023\/11\/10\/enzo-fiore-e-paolo-vegas-il-fascino-dellappropriazione-il-28-dicembre-alla-galleria-contini-di-cortina\/"},"author":{"name":"redazione","@id":"https:\/\/www.bellunopress.it\/#\/schema\/person\/79bb06722b37ece1c03d3e94beb30d73"},"headline":"Enzo Fiore e Paolo Vegas: Il Fascino dell&#8217;Appropriazione. Il 28 dicembre alla Galleria Contini di Cortina","datePublished":"2023-11-10T16:28:36+00:00","dateModified":"2023-11-10T16:33:33+00:00","mainEntityOfPage":{"@id":"https:\/\/www.bellunopress.it\/2023\/11\/10\/enzo-fiore-e-paolo-vegas-il-fascino-dellappropriazione-il-28-dicembre-alla-galleria-contini-di-cortina\/"},"wordCount":560,"publisher":{"@id":"https:\/\/www.bellunopress.it\/#organization"},"image":{"@id":"https:\/\/www.bellunopress.it\/2023\/11\/10\/enzo-fiore-e-paolo-vegas-il-fascino-dellappropriazione-il-28-dicembre-alla-galleria-contini-di-cortina\/#primaryimage"},"thumbnailUrl":"https:\/\/www.bellunopress.it\/wp-content\/uploads\/2023\/11\/Fiore-Vegas-Il-fascino-dellappropriazione-Galleria-Contini_edited.jpg","articleSection":["Appuntamenti, Eventi","Arte, Cultura, Spettacoli, Scienza","Pausa Caff\u00e8"],"inLanguage":"fr-FR"},{"@type":"WebPage","@id":"https:\/\/www.bellunopress.it\/2023\/11\/10\/enzo-fiore-e-paolo-vegas-il-fascino-dellappropriazione-il-28-dicembre-alla-galleria-contini-di-cortina\/","url":"https:\/\/www.bellunopress.it\/2023\/11\/10\/enzo-fiore-e-paolo-vegas-il-fascino-dellappropriazione-il-28-dicembre-alla-galleria-contini-di-cortina\/","name":"Enzo Fiore e Paolo Vegas: Il Fascino dell'Appropriazione. Il 28 dicembre alla Galleria Contini di Cortina - Bellunopress - Dolomiti","isPartOf":{"@id":"https:\/\/www.bellunopress.it\/#website"},"primaryImageOfPage":{"@id":"https:\/\/www.bellunopress.it\/2023\/11\/10\/enzo-fiore-e-paolo-vegas-il-fascino-dellappropriazione-il-28-dicembre-alla-galleria-contini-di-cortina\/#primaryimage"},"image":{"@id":"https:\/\/www.bellunopress.it\/2023\/11\/10\/enzo-fiore-e-paolo-vegas-il-fascino-dellappropriazione-il-28-dicembre-alla-galleria-contini-di-cortina\/#primaryimage"},"thumbnailUrl":"https:\/\/www.bellunopress.it\/wp-content\/uploads\/2023\/11\/Fiore-Vegas-Il-fascino-dellappropriazione-Galleria-Contini_edited.jpg","datePublished":"2023-11-10T16:28:36+00:00","dateModified":"2023-11-10T16:33:33+00:00","breadcrumb":{"@id":"https:\/\/www.bellunopress.it\/2023\/11\/10\/enzo-fiore-e-paolo-vegas-il-fascino-dellappropriazione-il-28-dicembre-alla-galleria-contini-di-cortina\/#breadcrumb"},"inLanguage":"fr-FR","potentialAction":[{"@type":"ReadAction","target":["https:\/\/www.bellunopress.it\/2023\/11\/10\/enzo-fiore-e-paolo-vegas-il-fascino-dellappropriazione-il-28-dicembre-alla-galleria-contini-di-cortina\/"]}]},{"@type":"ImageObject","inLanguage":"fr-FR","@id":"https:\/\/www.bellunopress.it\/2023\/11\/10\/enzo-fiore-e-paolo-vegas-il-fascino-dellappropriazione-il-28-dicembre-alla-galleria-contini-di-cortina\/#primaryimage","url":"https:\/\/www.bellunopress.it\/wp-content\/uploads\/2023\/11\/Fiore-Vegas-Il-fascino-dellappropriazione-Galleria-Contini_edited.jpg","contentUrl":"https:\/\/www.bellunopress.it\/wp-content\/uploads\/2023\/11\/Fiore-Vegas-Il-fascino-dellappropriazione-Galleria-Contini_edited.jpg","width":899,"height":687},{"@type":"BreadcrumbList","@id":"https:\/\/www.bellunopress.it\/2023\/11\/10\/enzo-fiore-e-paolo-vegas-il-fascino-dellappropriazione-il-28-dicembre-alla-galleria-contini-di-cortina\/#breadcrumb","itemListElement":[{"@type":"ListItem","position":1,"name":"Home","item":"https:\/\/www.bellunopress.it\/"},{"@type":"ListItem","position":2,"name":"Enzo Fiore e Paolo Vegas: Il Fascino dell&#8217;Appropriazione. Il 28 dicembre alla Galleria Contini di Cortina"}]},{"@type":"WebSite","@id":"https:\/\/www.bellunopress.it\/#website","url":"https:\/\/www.bellunopress.it\/","name":"Bellunopress - Dolomiti","description":"e-mail: redazione@bellunopress.it","publisher":{"@id":"https:\/\/www.bellunopress.it\/#organization"},"potentialAction":[{"@type":"SearchAction","target":{"@type":"EntryPoint","urlTemplate":"https:\/\/www.bellunopress.it\/?s={search_term_string}"},"query-input":{"@type":"PropertyValueSpecification","valueRequired":true,"valueName":"search_term_string"}}],"inLanguage":"fr-FR"},{"@type":"Organization","@id":"https:\/\/www.bellunopress.it\/#organization","name":"Bellunopress","url":"https:\/\/www.bellunopress.it\/","logo":{"@type":"ImageObject","inLanguage":"fr-FR","@id":"https:\/\/www.bellunopress.it\/#\/schema\/logo\/image\/","url":"https:\/\/www.bellunopress.it\/wp-content\/uploads\/2011\/05\/cropped-logo-bellunopress-.jpg","contentUrl":"https:\/\/www.bellunopress.it\/wp-content\/uploads\/2011\/05\/cropped-logo-bellunopress-.jpg","width":512,"height":512,"caption":"Bellunopress"},"image":{"@id":"https:\/\/www.bellunopress.it\/#\/schema\/logo\/image\/"},"sameAs":["https:\/\/www.facebook.com\/profile.php?id=100008943462799","https:\/\/x.com\/bellunopress","https:\/\/www.linkedin.com\/hp\/?dnr=JBzUWaJfMUw8vbXJJ2tVW5-I3jZKvC4wsoxE&amp;amp;amp;amp;amp;amp;trk=nav_responsive_tab_home","https:\/\/www.youtube.com\/channel\/UCxL0wu1uN0_3_7hGG0306cw"]},{"@type":"Person","@id":"https:\/\/www.bellunopress.it\/#\/schema\/person\/79bb06722b37ece1c03d3e94beb30d73","name":"r\u00e9daction","image":{"@type":"ImageObject","inLanguage":"fr-FR","@id":"https:\/\/secure.gravatar.com\/avatar\/37d968a2e67a6fd04c169c4bdef102d0bc5d31b2546345219e348575eb80e9a0?s=96&d=mm&r=g","url":"https:\/\/secure.gravatar.com\/avatar\/37d968a2e67a6fd04c169c4bdef102d0bc5d31b2546345219e348575eb80e9a0?s=96&d=mm&r=g","contentUrl":"https:\/\/secure.gravatar.com\/avatar\/37d968a2e67a6fd04c169c4bdef102d0bc5d31b2546345219e348575eb80e9a0?s=96&d=mm&r=g","caption":"redazione"},"sameAs":["http:\/\/www.bellunopress.it","https:\/\/x.com\/bellunopress"],"url":"https:\/\/www.bellunopress.it\/fr\/author\/redazione\/"}]}},"_links":{"self":[{"href":"https:\/\/www.bellunopress.it\/fr\/wp-json\/wp\/v2\/posts\/145803","targetHints":{"allow":["GET"]}}],"collection":[{"href":"https:\/\/www.bellunopress.it\/fr\/wp-json\/wp\/v2\/posts"}],"about":[{"href":"https:\/\/www.bellunopress.it\/fr\/wp-json\/wp\/v2\/types\/post"}],"author":[{"embeddable":true,"href":"https:\/\/www.bellunopress.it\/fr\/wp-json\/wp\/v2\/users\/2"}],"replies":[{"embeddable":true,"href":"https:\/\/www.bellunopress.it\/fr\/wp-json\/wp\/v2\/comments?post=145803"}],"version-history":[{"count":3,"href":"https:\/\/www.bellunopress.it\/fr\/wp-json\/wp\/v2\/posts\/145803\/revisions"}],"predecessor-version":[{"id":145807,"href":"https:\/\/www.bellunopress.it\/fr\/wp-json\/wp\/v2\/posts\/145803\/revisions\/145807"}],"wp:featuredmedia":[{"embeddable":true,"href":"https:\/\/www.bellunopress.it\/fr\/wp-json\/wp\/v2\/media\/145804"}],"wp:attachment":[{"href":"https:\/\/www.bellunopress.it\/fr\/wp-json\/wp\/v2\/media?parent=145803"}],"wp:term":[{"taxonomy":"category","embeddable":true,"href":"https:\/\/www.bellunopress.it\/fr\/wp-json\/wp\/v2\/categories?post=145803"},{"taxonomy":"post_tag","embeddable":true,"href":"https:\/\/www.bellunopress.it\/fr\/wp-json\/wp\/v2\/tags?post=145803"}],"curies":[{"name":"wp","href":"https:\/\/api.w.org\/{rel}","templated":true}]}}