{"id":145792,"date":"2023-11-10T05:33:45","date_gmt":"2023-11-10T04:33:45","guid":{"rendered":"https:\/\/www.bellunopress.it\/?p=145792"},"modified":"2023-11-10T05:33:45","modified_gmt":"2023-11-10T04:33:45","slug":"belluno-incontri-dellamministrazione-con-la-popolazione-per-il-progetto-capi-frazione","status":"publish","type":"post","link":"https:\/\/www.bellunopress.it\/fr\/2023\/11\/10\/belluno-incontri-dellamministrazione-con-la-popolazione-per-il-progetto-capi-frazione\/","title":{"rendered":"Belluno. Incontri dell&#8217;Amministrazione con la popolazione per il progetto capi frazione"},"content":{"rendered":"<figure id=\"attachment_113617\" aria-describedby=\"caption-attachment-113617\" style=\"width: 800px\" class=\"wp-caption alignleft\"><img loading=\"lazy\" decoding=\"async\" class=\"size-full wp-image-113617\" src=\"https:\/\/www.bellunopress.it\/wp-content\/uploads\/2020\/04\/palazzo-rosso_edited.jpg\" alt=\"\" width=\"800\" height=\"563\" srcset=\"https:\/\/www.bellunopress.it\/wp-content\/uploads\/2020\/04\/palazzo-rosso_edited.jpg 800w, https:\/\/www.bellunopress.it\/wp-content\/uploads\/2020\/04\/palazzo-rosso_edited-500x352.jpg 500w, https:\/\/www.bellunopress.it\/wp-content\/uploads\/2020\/04\/palazzo-rosso_edited-696x490.jpg 696w, https:\/\/www.bellunopress.it\/wp-content\/uploads\/2020\/04\/palazzo-rosso_edited-597x420.jpg 597w, https:\/\/www.bellunopress.it\/wp-content\/uploads\/2020\/04\/palazzo-rosso_edited-100x70.jpg 100w\" sizes=\"auto, (max-width: 800px) 100vw, 800px\" \/><figcaption id=\"caption-attachment-113617\" class=\"wp-caption-text\">Palazzo Rosso, sede dell&#8217;amministrazione comunale di Belluno<\/figcaption><\/figure>\n<p><strong>Prossimi appuntamenti il 14 novembre in sala Bianchi e il 16 in Neveg\u00e0l<\/strong><\/p>\n<p>Dopo l\u2019interruzione dovuta agli eventi meteorologici avversi, che hanno comportato lo<br \/>\nslittamento di due date all\u2019inizio di novembre, riprendono gli incontri pubblici con la<br \/>\ncittadinanza per la presentazione del progetto dei capi frazione, programmati per<br \/>\ncoprire tutto il territorio comunale.<\/p>\n<p>Scopo della serate \u00e8 la presentazione di una bozza di regolamento, per raccogliere le<br \/>\nosservazioni da parte dei cittadini e coinvolgerli nella definizione del documento.<br \/>\nMarted\u00ec 14 novembre, alle 20.30, gli amministratori saranno nella sala Eliseo Dal<br \/>\nPont \u201cBianchi\u201d, in viale Fantuzzi, per un incontro rivolto principalmente agli abitanti<br \/>\ndi Borgo Piave, via Monte Grappa, Anconetta, Coraulo ai Piai, Castelet, Borgo Pr\u00e0, via<br \/>\nLungardo, via dell\u2019Anta, Centro storico, via Simon da Cusighe, via Garibaldi, piazza<br \/>\ndei Martiri, via Segato, via I Novembre, la Cerva, via San Francesco, via San Biagio,<br \/>\nMussoi, via Col di Piana, via Travazzoi, Fisterre, via Feltre, San Gervasio, Mier, via Col<br \/>\nda Ren.<\/p>\n<p>Gioved\u00ec 16 novembre, invece, sempre alle 20.30, ritrovo nella sala ex Hall del<br \/>\ncentro Le Torri, in Neveg\u00e0l, per gli abitanti del Neveg\u00e0l e delle Ronce.<br \/>\nSeguiranno, poi, altri due appuntamenti: luned\u00ec 20 novembre all\u2019ex asilo di Bolzano<br \/>\nBellunese e mercoled\u00ec 22 alla casetta degli alpini al campo sportivo di Salce.<br \/>\nVerranno comunicate successivamente le date di recupero dei due incontri a Castion<br \/>\ne Castoi, annullati per il maltempo.<\/p>","protected":false},"excerpt":{"rendered":"<p>Prossimi appuntamenti il 14 novembre in sala Bianchi e il 16 in Neveg\u00e0l Dopo l\u2019interruzione dovuta agli eventi meteorologici avversi, che hanno comportato lo slittamento di due date all\u2019inizio di novembre, riprendono gli incontri pubblici con la cittadinanza per la presentazione del progetto dei capi frazione, programmati per coprire tutto il territorio comunale. Scopo della [&hellip;]<\/p>\n","protected":false},"author":2,"featured_media":113617,"comment_status":"closed","ping_status":"open","sticky":false,"template":"","format":"standard","meta":{"footnotes":""},"categories":[8],"tags":[],"class_list":["post-145792","post","type-post","status-publish","format-standard","has-post-thumbnail","category-societa-istituzioni"],"yoast_head":"<!-- This site is optimized with the Yoast SEO plugin v28.4 - https:\/\/yoast.com\/product\/yoast-seo-wordpress\/ -->\n<title>Belluno. Incontri dell&#039;Amministrazione con la popolazione per il progetto capi frazione - Bellunopress - Dolomiti<\/title>\n<meta name=\"robots\" content=\"index, follow, max-snippet:-1, max-image-preview:large, max-video-preview:-1\" \/>\n<link rel=\"canonical\" href=\"https:\/\/www.bellunopress.it\/fr\/2023\/11\/10\/belluno-incontri-dellamministrazione-con-la-popolazione-per-il-progetto-capi-frazione\/\" \/>\n<meta property=\"og:locale\" content=\"fr_FR\" \/>\n<meta property=\"og:type\" content=\"article\" \/>\n<meta property=\"og:title\" content=\"Belluno. Incontri dell&#039;Amministrazione con la popolazione per il progetto capi frazione - Bellunopress - Dolomiti\" \/>\n<meta property=\"og:description\" content=\"Prossimi appuntamenti il 14 novembre in sala Bianchi e il 16 in Neveg\u00e0l Dopo l\u2019interruzione dovuta agli eventi meteorologici avversi, che hanno comportato lo slittamento di due date all\u2019inizio di novembre, riprendono gli incontri pubblici con la cittadinanza per la presentazione del progetto dei capi frazione, programmati per coprire tutto il territorio comunale. Scopo della [&hellip;]\" \/>\n<meta property=\"og:url\" content=\"https:\/\/www.bellunopress.it\/fr\/2023\/11\/10\/belluno-incontri-dellamministrazione-con-la-popolazione-per-il-progetto-capi-frazione\/\" \/>\n<meta property=\"og:site_name\" content=\"Bellunopress - Dolomiti\" \/>\n<meta property=\"article:publisher\" content=\"https:\/\/www.facebook.com\/profile.php?id=100008943462799\" \/>\n<meta property=\"article:published_time\" content=\"2023-11-10T04:33:45+00:00\" \/>\n<meta property=\"og:image\" content=\"https:\/\/www.bellunopress.it\/wp-content\/uploads\/2020\/04\/palazzo-rosso_edited.jpg\" \/>\n\t<meta property=\"og:image:width\" content=\"800\" \/>\n\t<meta property=\"og:image:height\" content=\"563\" \/>\n\t<meta property=\"og:image:type\" content=\"image\/jpeg\" \/>\n<meta name=\"author\" content=\"redazione\" \/>\n<meta name=\"twitter:card\" content=\"summary_large_image\" \/>\n<meta name=\"twitter:creator\" content=\"@bellunopress\" \/>\n<meta name=\"twitter:site\" content=\"@bellunopress\" \/>\n<meta name=\"twitter:label1\" content=\"\u00c9crit par\" \/>\n\t<meta name=\"twitter:data1\" content=\"redazione\" \/>\n\t<meta name=\"twitter:label2\" content=\"Dur\u00e9e de lecture estim\u00e9e\" \/>\n\t<meta name=\"twitter:data2\" content=\"1 minute\" \/>\n<script type=\"application\/ld+json\" class=\"yoast-schema-graph\">{\"@context\":\"https:\\\/\\\/schema.org\",\"@graph\":[{\"@type\":\"Article\",\"@id\":\"https:\\\/\\\/www.bellunopress.it\\\/2023\\\/11\\\/10\\\/belluno-incontri-dellamministrazione-con-la-popolazione-per-il-progetto-capi-frazione\\\/#article\",\"isPartOf\":{\"@id\":\"https:\\\/\\\/www.bellunopress.it\\\/2023\\\/11\\\/10\\\/belluno-incontri-dellamministrazione-con-la-popolazione-per-il-progetto-capi-frazione\\\/\"},\"author\":{\"name\":\"redazione\",\"@id\":\"https:\\\/\\\/www.bellunopress.it\\\/#\\\/schema\\\/person\\\/79bb06722b37ece1c03d3e94beb30d73\"},\"headline\":\"Belluno. Incontri dell&#8217;Amministrazione con la popolazione per il progetto capi frazione\",\"datePublished\":\"2023-11-10T04:33:45+00:00\",\"mainEntityOfPage\":{\"@id\":\"https:\\\/\\\/www.bellunopress.it\\\/2023\\\/11\\\/10\\\/belluno-incontri-dellamministrazione-con-la-popolazione-per-il-progetto-capi-frazione\\\/\"},\"wordCount\":254,\"publisher\":{\"@id\":\"https:\\\/\\\/www.bellunopress.it\\\/#organization\"},\"image\":{\"@id\":\"https:\\\/\\\/www.bellunopress.it\\\/2023\\\/11\\\/10\\\/belluno-incontri-dellamministrazione-con-la-popolazione-per-il-progetto-capi-frazione\\\/#primaryimage\"},\"thumbnailUrl\":\"https:\\\/\\\/www.bellunopress.it\\\/wp-content\\\/uploads\\\/2020\\\/04\\\/palazzo-rosso_edited.jpg\",\"articleSection\":[\"Societ\u00e0, Associazioni, Istituzioni\"],\"inLanguage\":\"fr-FR\"},{\"@type\":\"WebPage\",\"@id\":\"https:\\\/\\\/www.bellunopress.it\\\/2023\\\/11\\\/10\\\/belluno-incontri-dellamministrazione-con-la-popolazione-per-il-progetto-capi-frazione\\\/\",\"url\":\"https:\\\/\\\/www.bellunopress.it\\\/2023\\\/11\\\/10\\\/belluno-incontri-dellamministrazione-con-la-popolazione-per-il-progetto-capi-frazione\\\/\",\"name\":\"Belluno. Incontri dell'Amministrazione con la popolazione per il progetto capi frazione - Bellunopress - Dolomiti\",\"isPartOf\":{\"@id\":\"https:\\\/\\\/www.bellunopress.it\\\/#website\"},\"primaryImageOfPage\":{\"@id\":\"https:\\\/\\\/www.bellunopress.it\\\/2023\\\/11\\\/10\\\/belluno-incontri-dellamministrazione-con-la-popolazione-per-il-progetto-capi-frazione\\\/#primaryimage\"},\"image\":{\"@id\":\"https:\\\/\\\/www.bellunopress.it\\\/2023\\\/11\\\/10\\\/belluno-incontri-dellamministrazione-con-la-popolazione-per-il-progetto-capi-frazione\\\/#primaryimage\"},\"thumbnailUrl\":\"https:\\\/\\\/www.bellunopress.it\\\/wp-content\\\/uploads\\\/2020\\\/04\\\/palazzo-rosso_edited.jpg\",\"datePublished\":\"2023-11-10T04:33:45+00:00\",\"breadcrumb\":{\"@id\":\"https:\\\/\\\/www.bellunopress.it\\\/2023\\\/11\\\/10\\\/belluno-incontri-dellamministrazione-con-la-popolazione-per-il-progetto-capi-frazione\\\/#breadcrumb\"},\"inLanguage\":\"fr-FR\",\"potentialAction\":[{\"@type\":\"ReadAction\",\"target\":[\"https:\\\/\\\/www.bellunopress.it\\\/2023\\\/11\\\/10\\\/belluno-incontri-dellamministrazione-con-la-popolazione-per-il-progetto-capi-frazione\\\/\"]}]},{\"@type\":\"ImageObject\",\"inLanguage\":\"fr-FR\",\"@id\":\"https:\\\/\\\/www.bellunopress.it\\\/2023\\\/11\\\/10\\\/belluno-incontri-dellamministrazione-con-la-popolazione-per-il-progetto-capi-frazione\\\/#primaryimage\",\"url\":\"https:\\\/\\\/www.bellunopress.it\\\/wp-content\\\/uploads\\\/2020\\\/04\\\/palazzo-rosso_edited.jpg\",\"contentUrl\":\"https:\\\/\\\/www.bellunopress.it\\\/wp-content\\\/uploads\\\/2020\\\/04\\\/palazzo-rosso_edited.jpg\",\"width\":800,\"height\":563,\"caption\":\"Palazzo Rosso, sede dell'amministrazione comunale di Belluno\"},{\"@type\":\"BreadcrumbList\",\"@id\":\"https:\\\/\\\/www.bellunopress.it\\\/2023\\\/11\\\/10\\\/belluno-incontri-dellamministrazione-con-la-popolazione-per-il-progetto-capi-frazione\\\/#breadcrumb\",\"itemListElement\":[{\"@type\":\"ListItem\",\"position\":1,\"name\":\"Home\",\"item\":\"https:\\\/\\\/www.bellunopress.it\\\/\"},{\"@type\":\"ListItem\",\"position\":2,\"name\":\"Belluno. Incontri dell&#8217;Amministrazione con la popolazione per il progetto capi frazione\"}]},{\"@type\":\"WebSite\",\"@id\":\"https:\\\/\\\/www.bellunopress.it\\\/#website\",\"url\":\"https:\\\/\\\/www.bellunopress.it\\\/\",\"name\":\"Bellunopress - Dolomiti\",\"description\":\"e-mail: redazione@bellunopress.it\",\"publisher\":{\"@id\":\"https:\\\/\\\/www.bellunopress.it\\\/#organization\"},\"potentialAction\":[{\"@type\":\"SearchAction\",\"target\":{\"@type\":\"EntryPoint\",\"urlTemplate\":\"https:\\\/\\\/www.bellunopress.it\\\/?s={search_term_string}\"},\"query-input\":{\"@type\":\"PropertyValueSpecification\",\"valueRequired\":true,\"valueName\":\"search_term_string\"}}],\"inLanguage\":\"fr-FR\"},{\"@type\":\"Organization\",\"@id\":\"https:\\\/\\\/www.bellunopress.it\\\/#organization\",\"name\":\"Bellunopress\",\"url\":\"https:\\\/\\\/www.bellunopress.it\\\/\",\"logo\":{\"@type\":\"ImageObject\",\"inLanguage\":\"fr-FR\",\"@id\":\"https:\\\/\\\/www.bellunopress.it\\\/#\\\/schema\\\/logo\\\/image\\\/\",\"url\":\"https:\\\/\\\/www.bellunopress.it\\\/wp-content\\\/uploads\\\/2011\\\/05\\\/cropped-logo-bellunopress-.jpg\",\"contentUrl\":\"https:\\\/\\\/www.bellunopress.it\\\/wp-content\\\/uploads\\\/2011\\\/05\\\/cropped-logo-bellunopress-.jpg\",\"width\":512,\"height\":512,\"caption\":\"Bellunopress\"},\"image\":{\"@id\":\"https:\\\/\\\/www.bellunopress.it\\\/#\\\/schema\\\/logo\\\/image\\\/\"},\"sameAs\":[\"https:\\\/\\\/www.facebook.com\\\/profile.php?id=100008943462799\",\"https:\\\/\\\/x.com\\\/bellunopress\",\"https:\\\/\\\/www.linkedin.com\\\/hp\\\/?dnr=JBzUWaJfMUw8vbXJJ2tVW5-I3jZKvC4wsoxE&amp;amp;amp;amp;amp;amp;trk=nav_responsive_tab_home\",\"https:\\\/\\\/www.youtube.com\\\/channel\\\/UCxL0wu1uN0_3_7hGG0306cw\"]},{\"@type\":\"Person\",\"@id\":\"https:\\\/\\\/www.bellunopress.it\\\/#\\\/schema\\\/person\\\/79bb06722b37ece1c03d3e94beb30d73\",\"name\":\"redazione\",\"image\":{\"@type\":\"ImageObject\",\"inLanguage\":\"fr-FR\",\"@id\":\"https:\\\/\\\/secure.gravatar.com\\\/avatar\\\/37d968a2e67a6fd04c169c4bdef102d0bc5d31b2546345219e348575eb80e9a0?s=96&d=mm&r=g\",\"url\":\"https:\\\/\\\/secure.gravatar.com\\\/avatar\\\/37d968a2e67a6fd04c169c4bdef102d0bc5d31b2546345219e348575eb80e9a0?s=96&d=mm&r=g\",\"contentUrl\":\"https:\\\/\\\/secure.gravatar.com\\\/avatar\\\/37d968a2e67a6fd04c169c4bdef102d0bc5d31b2546345219e348575eb80e9a0?s=96&d=mm&r=g\",\"caption\":\"redazione\"},\"sameAs\":[\"http:\\\/\\\/www.bellunopress.it\",\"https:\\\/\\\/x.com\\\/bellunopress\"],\"url\":\"https:\\\/\\\/www.bellunopress.it\\\/fr\\\/author\\\/redazione\\\/\"}]}<\/script>\n<!-- \/ Yoast SEO plugin. -->","yoast_head_json":{"title":"Belluno. Incontri dell'Amministrazione con la popolazione per il progetto capi frazione - Bellunopress - Dolomiti","robots":{"index":"index","follow":"follow","max-snippet":"max-snippet:-1","max-image-preview":"max-image-preview:large","max-video-preview":"max-video-preview:-1"},"canonical":"https:\/\/www.bellunopress.it\/fr\/2023\/11\/10\/belluno-incontri-dellamministrazione-con-la-popolazione-per-il-progetto-capi-frazione\/","og_locale":"fr_FR","og_type":"article","og_title":"Belluno. Incontri dell'Amministrazione con la popolazione per il progetto capi frazione - Bellunopress - Dolomiti","og_description":"Prossimi appuntamenti il 14 novembre in sala Bianchi e il 16 in Neveg\u00e0l Dopo l\u2019interruzione dovuta agli eventi meteorologici avversi, che hanno comportato lo slittamento di due date all\u2019inizio di novembre, riprendono gli incontri pubblici con la cittadinanza per la presentazione del progetto dei capi frazione, programmati per coprire tutto il territorio comunale. Scopo della [&hellip;]","og_url":"https:\/\/www.bellunopress.it\/fr\/2023\/11\/10\/belluno-incontri-dellamministrazione-con-la-popolazione-per-il-progetto-capi-frazione\/","og_site_name":"Bellunopress - Dolomiti","article_publisher":"https:\/\/www.facebook.com\/profile.php?id=100008943462799","article_published_time":"2023-11-10T04:33:45+00:00","og_image":[{"width":800,"height":563,"url":"https:\/\/www.bellunopress.it\/wp-content\/uploads\/2020\/04\/palazzo-rosso_edited.jpg","type":"image\/jpeg"}],"author":"redazione","twitter_card":"summary_large_image","twitter_creator":"@bellunopress","twitter_site":"@bellunopress","twitter_misc":{"\u00c9crit par":"redazione","Dur\u00e9e de lecture estim\u00e9e":"1 minute"},"schema":{"@context":"https:\/\/schema.org","@graph":[{"@type":"Article","@id":"https:\/\/www.bellunopress.it\/2023\/11\/10\/belluno-incontri-dellamministrazione-con-la-popolazione-per-il-progetto-capi-frazione\/#article","isPartOf":{"@id":"https:\/\/www.bellunopress.it\/2023\/11\/10\/belluno-incontri-dellamministrazione-con-la-popolazione-per-il-progetto-capi-frazione\/"},"author":{"name":"redazione","@id":"https:\/\/www.bellunopress.it\/#\/schema\/person\/79bb06722b37ece1c03d3e94beb30d73"},"headline":"Belluno. Incontri dell&#8217;Amministrazione con la popolazione per il progetto capi frazione","datePublished":"2023-11-10T04:33:45+00:00","mainEntityOfPage":{"@id":"https:\/\/www.bellunopress.it\/2023\/11\/10\/belluno-incontri-dellamministrazione-con-la-popolazione-per-il-progetto-capi-frazione\/"},"wordCount":254,"publisher":{"@id":"https:\/\/www.bellunopress.it\/#organization"},"image":{"@id":"https:\/\/www.bellunopress.it\/2023\/11\/10\/belluno-incontri-dellamministrazione-con-la-popolazione-per-il-progetto-capi-frazione\/#primaryimage"},"thumbnailUrl":"https:\/\/www.bellunopress.it\/wp-content\/uploads\/2020\/04\/palazzo-rosso_edited.jpg","articleSection":["Societ\u00e0, Associazioni, Istituzioni"],"inLanguage":"fr-FR"},{"@type":"WebPage","@id":"https:\/\/www.bellunopress.it\/2023\/11\/10\/belluno-incontri-dellamministrazione-con-la-popolazione-per-il-progetto-capi-frazione\/","url":"https:\/\/www.bellunopress.it\/2023\/11\/10\/belluno-incontri-dellamministrazione-con-la-popolazione-per-il-progetto-capi-frazione\/","name":"Belluno. Incontri dell'Amministrazione con la popolazione per il progetto capi frazione - Bellunopress - Dolomiti","isPartOf":{"@id":"https:\/\/www.bellunopress.it\/#website"},"primaryImageOfPage":{"@id":"https:\/\/www.bellunopress.it\/2023\/11\/10\/belluno-incontri-dellamministrazione-con-la-popolazione-per-il-progetto-capi-frazione\/#primaryimage"},"image":{"@id":"https:\/\/www.bellunopress.it\/2023\/11\/10\/belluno-incontri-dellamministrazione-con-la-popolazione-per-il-progetto-capi-frazione\/#primaryimage"},"thumbnailUrl":"https:\/\/www.bellunopress.it\/wp-content\/uploads\/2020\/04\/palazzo-rosso_edited.jpg","datePublished":"2023-11-10T04:33:45+00:00","breadcrumb":{"@id":"https:\/\/www.bellunopress.it\/2023\/11\/10\/belluno-incontri-dellamministrazione-con-la-popolazione-per-il-progetto-capi-frazione\/#breadcrumb"},"inLanguage":"fr-FR","potentialAction":[{"@type":"ReadAction","target":["https:\/\/www.bellunopress.it\/2023\/11\/10\/belluno-incontri-dellamministrazione-con-la-popolazione-per-il-progetto-capi-frazione\/"]}]},{"@type":"ImageObject","inLanguage":"fr-FR","@id":"https:\/\/www.bellunopress.it\/2023\/11\/10\/belluno-incontri-dellamministrazione-con-la-popolazione-per-il-progetto-capi-frazione\/#primaryimage","url":"https:\/\/www.bellunopress.it\/wp-content\/uploads\/2020\/04\/palazzo-rosso_edited.jpg","contentUrl":"https:\/\/www.bellunopress.it\/wp-content\/uploads\/2020\/04\/palazzo-rosso_edited.jpg","width":800,"height":563,"caption":"Palazzo Rosso, sede dell'amministrazione comunale di Belluno"},{"@type":"BreadcrumbList","@id":"https:\/\/www.bellunopress.it\/2023\/11\/10\/belluno-incontri-dellamministrazione-con-la-popolazione-per-il-progetto-capi-frazione\/#breadcrumb","itemListElement":[{"@type":"ListItem","position":1,"name":"Home","item":"https:\/\/www.bellunopress.it\/"},{"@type":"ListItem","position":2,"name":"Belluno. Incontri dell&#8217;Amministrazione con la popolazione per il progetto capi frazione"}]},{"@type":"WebSite","@id":"https:\/\/www.bellunopress.it\/#website","url":"https:\/\/www.bellunopress.it\/","name":"Bellunopress - Dolomiti","description":"e-mail: redazione@bellunopress.it","publisher":{"@id":"https:\/\/www.bellunopress.it\/#organization"},"potentialAction":[{"@type":"SearchAction","target":{"@type":"EntryPoint","urlTemplate":"https:\/\/www.bellunopress.it\/?s={search_term_string}"},"query-input":{"@type":"PropertyValueSpecification","valueRequired":true,"valueName":"search_term_string"}}],"inLanguage":"fr-FR"},{"@type":"Organization","@id":"https:\/\/www.bellunopress.it\/#organization","name":"Bellunopress","url":"https:\/\/www.bellunopress.it\/","logo":{"@type":"ImageObject","inLanguage":"fr-FR","@id":"https:\/\/www.bellunopress.it\/#\/schema\/logo\/image\/","url":"https:\/\/www.bellunopress.it\/wp-content\/uploads\/2011\/05\/cropped-logo-bellunopress-.jpg","contentUrl":"https:\/\/www.bellunopress.it\/wp-content\/uploads\/2011\/05\/cropped-logo-bellunopress-.jpg","width":512,"height":512,"caption":"Bellunopress"},"image":{"@id":"https:\/\/www.bellunopress.it\/#\/schema\/logo\/image\/"},"sameAs":["https:\/\/www.facebook.com\/profile.php?id=100008943462799","https:\/\/x.com\/bellunopress","https:\/\/www.linkedin.com\/hp\/?dnr=JBzUWaJfMUw8vbXJJ2tVW5-I3jZKvC4wsoxE&amp;amp;amp;amp;amp;amp;trk=nav_responsive_tab_home","https:\/\/www.youtube.com\/channel\/UCxL0wu1uN0_3_7hGG0306cw"]},{"@type":"Person","@id":"https:\/\/www.bellunopress.it\/#\/schema\/person\/79bb06722b37ece1c03d3e94beb30d73","name":"r\u00e9daction","image":{"@type":"ImageObject","inLanguage":"fr-FR","@id":"https:\/\/secure.gravatar.com\/avatar\/37d968a2e67a6fd04c169c4bdef102d0bc5d31b2546345219e348575eb80e9a0?s=96&d=mm&r=g","url":"https:\/\/secure.gravatar.com\/avatar\/37d968a2e67a6fd04c169c4bdef102d0bc5d31b2546345219e348575eb80e9a0?s=96&d=mm&r=g","contentUrl":"https:\/\/secure.gravatar.com\/avatar\/37d968a2e67a6fd04c169c4bdef102d0bc5d31b2546345219e348575eb80e9a0?s=96&d=mm&r=g","caption":"redazione"},"sameAs":["http:\/\/www.bellunopress.it","https:\/\/x.com\/bellunopress"],"url":"https:\/\/www.bellunopress.it\/fr\/author\/redazione\/"}]}},"_links":{"self":[{"href":"https:\/\/www.bellunopress.it\/fr\/wp-json\/wp\/v2\/posts\/145792","targetHints":{"allow":["GET"]}}],"collection":[{"href":"https:\/\/www.bellunopress.it\/fr\/wp-json\/wp\/v2\/posts"}],"about":[{"href":"https:\/\/www.bellunopress.it\/fr\/wp-json\/wp\/v2\/types\/post"}],"author":[{"embeddable":true,"href":"https:\/\/www.bellunopress.it\/fr\/wp-json\/wp\/v2\/users\/2"}],"replies":[{"embeddable":true,"href":"https:\/\/www.bellunopress.it\/fr\/wp-json\/wp\/v2\/comments?post=145792"}],"version-history":[{"count":1,"href":"https:\/\/www.bellunopress.it\/fr\/wp-json\/wp\/v2\/posts\/145792\/revisions"}],"predecessor-version":[{"id":145793,"href":"https:\/\/www.bellunopress.it\/fr\/wp-json\/wp\/v2\/posts\/145792\/revisions\/145793"}],"wp:featuredmedia":[{"embeddable":true,"href":"https:\/\/www.bellunopress.it\/fr\/wp-json\/wp\/v2\/media\/113617"}],"wp:attachment":[{"href":"https:\/\/www.bellunopress.it\/fr\/wp-json\/wp\/v2\/media?parent=145792"}],"wp:term":[{"taxonomy":"category","embeddable":true,"href":"https:\/\/www.bellunopress.it\/fr\/wp-json\/wp\/v2\/categories?post=145792"},{"taxonomy":"post_tag","embeddable":true,"href":"https:\/\/www.bellunopress.it\/fr\/wp-json\/wp\/v2\/tags?post=145792"}],"curies":[{"name":"wp","href":"https:\/\/api.w.org\/{rel}","templated":true}]}}