{"id":145776,"date":"2023-11-09T16:49:09","date_gmt":"2023-11-09T15:49:09","guid":{"rendered":"https:\/\/www.bellunopress.it\/?p=145776"},"modified":"2023-11-09T16:49:09","modified_gmt":"2023-11-09T15:49:09","slug":"ripristino-della-pista-al-campo-scuola-in-nevegal","status":"publish","type":"post","link":"https:\/\/www.bellunopress.it\/fr\/2023\/11\/09\/ripristino-della-pista-al-campo-scuola-in-nevegal\/","title":{"rendered":"Ripristino della pista al campo scuola in Nevegal"},"content":{"rendered":"<figure id=\"attachment_142842\" aria-describedby=\"caption-attachment-142842\" style=\"width: 1000px\" class=\"wp-caption alignleft\"><img loading=\"lazy\" decoding=\"async\" class=\"size-full wp-image-142842\" src=\"https:\/\/www.bellunopress.it\/wp-content\/uploads\/2023\/07\/Pulizia-sentieri-Nevegal-16-luglio-4_edited.jpg\" alt=\"\" width=\"1000\" height=\"991\" srcset=\"https:\/\/www.bellunopress.it\/wp-content\/uploads\/2023\/07\/Pulizia-sentieri-Nevegal-16-luglio-4_edited.jpg 1000w, https:\/\/www.bellunopress.it\/wp-content\/uploads\/2023\/07\/Pulizia-sentieri-Nevegal-16-luglio-4_edited-500x496.jpg 500w, https:\/\/www.bellunopress.it\/wp-content\/uploads\/2023\/07\/Pulizia-sentieri-Nevegal-16-luglio-4_edited-696x690.jpg 696w, https:\/\/www.bellunopress.it\/wp-content\/uploads\/2023\/07\/Pulizia-sentieri-Nevegal-16-luglio-4_edited-424x420.jpg 424w\" sizes=\"auto, (max-width: 1000px) 100vw, 1000px\" \/><figcaption id=\"caption-attachment-142842\" class=\"wp-caption-text\">Sentieri Nevegal (Foto di repertorio)<\/figcaption><\/figure>\n<p>Prender\u00e0 ufficialmente il via la prossima settimana il cantiere lungo la pista di rientro al campo scuola del Nevegal, in zona \u201cSitta\u201d. La strada, larga oltre tre metri, \u00e8 stata erosa dalle forti piogge che hanno interessato il territorio tra il 30 ottobre e il 4 novembre tanto da risultare impraticabile e pericolosa. Immediato l\u2019intervento del Comune, l\u2019assessore Franco Roccon, tecnici e maestranze sono stati sul posto il giorno stesso dello smottamento per valutare i danni e la natura dell\u2019intervento.<\/p>\n<p>\u201cParliamo di uno smottamento di circa 40 metri di lunghezza e 20 di larghezza, con una profondit\u00e0 media di 2 metri \u2013 spiega Roccon -. L\u2019acqua ha fatto cedere il terreno, trascinando a valle diversi metri cubi di sassi e terra. Stiamo per intervenire con maestranze e mezzi del Comune, cercando di ricreare il pi\u00f9 possibile il piano viabile e sciabile al servizio del rientro al campo scuola; di fatto abbiamo gi\u00e0 iniziato a lavorare, i mezzi sono gi\u00e0 stati portati sul posto e gli scavi inizieranno la prossima settimana\u201d.<\/p>\n<p>E\u2019 in via di pianificazione, invece, l\u2019intervento a Medil dove allo stesso modo un tratto di strada ha ceduto rendendo del tutto impossibile il passaggio. Con un nuovo sopralluogo nei giorni scorsi assessore e tecnici hanno individuato, insieme a qualche abitante della zona, una strada alternativa praticabile in attesa del ripristino di quella principale. Per questo intervento sono gi\u00e0 stati stanziati in via d\u2019urgenza, con una variazione di bilancio, 70 mila euro che rappresentano un primo ed emergenziale stanziamento per dare risposta agli abitanti della zona, agli ospiti del Cas e ai titolare dell\u2019azienda agricola vicina.<\/p>","protected":false},"excerpt":{"rendered":"<p>Prender\u00e0 ufficialmente il via la prossima settimana il cantiere lungo la pista di rientro al campo scuola del Nevegal, in zona \u201cSitta\u201d. La strada, larga oltre tre metri, \u00e8 stata erosa dalle forti piogge che hanno interessato il territorio tra il 30 ottobre e il 4 novembre tanto da risultare impraticabile e pericolosa. Immediato l\u2019intervento [&hellip;]<\/p>\n","protected":false},"author":2,"featured_media":142842,"comment_status":"closed","ping_status":"open","sticky":false,"template":"","format":"standard","meta":{"footnotes":""},"categories":[5],"tags":[],"class_list":["post-145776","post","type-post","status-publish","format-standard","has-post-thumbnail","category-cronaca"],"yoast_head":"<!-- This site is optimized with the Yoast SEO plugin v28.4 - https:\/\/yoast.com\/product\/yoast-seo-wordpress\/ -->\n<title>Ripristino della pista al campo scuola in Nevegal - Bellunopress - Dolomiti<\/title>\n<meta name=\"robots\" content=\"index, follow, max-snippet:-1, max-image-preview:large, max-video-preview:-1\" \/>\n<link rel=\"canonical\" href=\"https:\/\/www.bellunopress.it\/fr\/2023\/11\/09\/ripristino-della-pista-al-campo-scuola-in-nevegal\/\" \/>\n<meta property=\"og:locale\" content=\"fr_FR\" \/>\n<meta property=\"og:type\" content=\"article\" \/>\n<meta property=\"og:title\" content=\"Ripristino della pista al campo scuola in Nevegal - Bellunopress - Dolomiti\" \/>\n<meta property=\"og:description\" content=\"Prender\u00e0 ufficialmente il via la prossima settimana il cantiere lungo la pista di rientro al campo scuola del Nevegal, in zona \u201cSitta\u201d. La strada, larga oltre tre metri, \u00e8 stata erosa dalle forti piogge che hanno interessato il territorio tra il 30 ottobre e il 4 novembre tanto da risultare impraticabile e pericolosa. Immediato l\u2019intervento [&hellip;]\" \/>\n<meta property=\"og:url\" content=\"https:\/\/www.bellunopress.it\/fr\/2023\/11\/09\/ripristino-della-pista-al-campo-scuola-in-nevegal\/\" \/>\n<meta property=\"og:site_name\" content=\"Bellunopress - Dolomiti\" \/>\n<meta property=\"article:publisher\" content=\"https:\/\/www.facebook.com\/profile.php?id=100008943462799\" \/>\n<meta property=\"article:published_time\" content=\"2023-11-09T15:49:09+00:00\" \/>\n<meta property=\"og:image\" content=\"https:\/\/www.bellunopress.it\/wp-content\/uploads\/2023\/07\/Pulizia-sentieri-Nevegal-16-luglio-4_edited.jpg\" \/>\n\t<meta property=\"og:image:width\" content=\"1000\" \/>\n\t<meta property=\"og:image:height\" content=\"991\" \/>\n\t<meta property=\"og:image:type\" content=\"image\/jpeg\" \/>\n<meta name=\"author\" content=\"redazione\" \/>\n<meta name=\"twitter:card\" content=\"summary_large_image\" \/>\n<meta name=\"twitter:creator\" content=\"@bellunopress\" \/>\n<meta name=\"twitter:site\" content=\"@bellunopress\" \/>\n<meta name=\"twitter:label1\" content=\"Written by\" \/>\n\t<meta name=\"twitter:data1\" content=\"redazione\" \/>\n\t<meta name=\"twitter:label2\" content=\"Est. reading time\" \/>\n\t<meta name=\"twitter:data2\" content=\"1 minute\" \/>\n<script type=\"application\/ld+json\" class=\"yoast-schema-graph\">{\"@context\":\"https:\\\/\\\/schema.org\",\"@graph\":[{\"@type\":\"Article\",\"@id\":\"https:\\\/\\\/www.bellunopress.it\\\/2023\\\/11\\\/09\\\/ripristino-della-pista-al-campo-scuola-in-nevegal\\\/#article\",\"isPartOf\":{\"@id\":\"https:\\\/\\\/www.bellunopress.it\\\/2023\\\/11\\\/09\\\/ripristino-della-pista-al-campo-scuola-in-nevegal\\\/\"},\"author\":{\"name\":\"redazione\",\"@id\":\"https:\\\/\\\/www.bellunopress.it\\\/#\\\/schema\\\/person\\\/79bb06722b37ece1c03d3e94beb30d73\"},\"headline\":\"Ripristino della pista al campo scuola in Nevegal\",\"datePublished\":\"2023-11-09T15:49:09+00:00\",\"mainEntityOfPage\":{\"@id\":\"https:\\\/\\\/www.bellunopress.it\\\/2023\\\/11\\\/09\\\/ripristino-della-pista-al-campo-scuola-in-nevegal\\\/\"},\"wordCount\":285,\"publisher\":{\"@id\":\"https:\\\/\\\/www.bellunopress.it\\\/#organization\"},\"image\":{\"@id\":\"https:\\\/\\\/www.bellunopress.it\\\/2023\\\/11\\\/09\\\/ripristino-della-pista-al-campo-scuola-in-nevegal\\\/#primaryimage\"},\"thumbnailUrl\":\"https:\\\/\\\/www.bellunopress.it\\\/wp-content\\\/uploads\\\/2023\\\/07\\\/Pulizia-sentieri-Nevegal-16-luglio-4_edited.jpg\",\"articleSection\":[\"Cronaca\\\/Politica\"],\"inLanguage\":\"fr-FR\"},{\"@type\":\"WebPage\",\"@id\":\"https:\\\/\\\/www.bellunopress.it\\\/2023\\\/11\\\/09\\\/ripristino-della-pista-al-campo-scuola-in-nevegal\\\/\",\"url\":\"https:\\\/\\\/www.bellunopress.it\\\/2023\\\/11\\\/09\\\/ripristino-della-pista-al-campo-scuola-in-nevegal\\\/\",\"name\":\"Ripristino della pista al campo scuola in Nevegal - Bellunopress - Dolomiti\",\"isPartOf\":{\"@id\":\"https:\\\/\\\/www.bellunopress.it\\\/#website\"},\"primaryImageOfPage\":{\"@id\":\"https:\\\/\\\/www.bellunopress.it\\\/2023\\\/11\\\/09\\\/ripristino-della-pista-al-campo-scuola-in-nevegal\\\/#primaryimage\"},\"image\":{\"@id\":\"https:\\\/\\\/www.bellunopress.it\\\/2023\\\/11\\\/09\\\/ripristino-della-pista-al-campo-scuola-in-nevegal\\\/#primaryimage\"},\"thumbnailUrl\":\"https:\\\/\\\/www.bellunopress.it\\\/wp-content\\\/uploads\\\/2023\\\/07\\\/Pulizia-sentieri-Nevegal-16-luglio-4_edited.jpg\",\"datePublished\":\"2023-11-09T15:49:09+00:00\",\"breadcrumb\":{\"@id\":\"https:\\\/\\\/www.bellunopress.it\\\/2023\\\/11\\\/09\\\/ripristino-della-pista-al-campo-scuola-in-nevegal\\\/#breadcrumb\"},\"inLanguage\":\"fr-FR\",\"potentialAction\":[{\"@type\":\"ReadAction\",\"target\":[\"https:\\\/\\\/www.bellunopress.it\\\/2023\\\/11\\\/09\\\/ripristino-della-pista-al-campo-scuola-in-nevegal\\\/\"]}]},{\"@type\":\"ImageObject\",\"inLanguage\":\"fr-FR\",\"@id\":\"https:\\\/\\\/www.bellunopress.it\\\/2023\\\/11\\\/09\\\/ripristino-della-pista-al-campo-scuola-in-nevegal\\\/#primaryimage\",\"url\":\"https:\\\/\\\/www.bellunopress.it\\\/wp-content\\\/uploads\\\/2023\\\/07\\\/Pulizia-sentieri-Nevegal-16-luglio-4_edited.jpg\",\"contentUrl\":\"https:\\\/\\\/www.bellunopress.it\\\/wp-content\\\/uploads\\\/2023\\\/07\\\/Pulizia-sentieri-Nevegal-16-luglio-4_edited.jpg\",\"width\":1000,\"height\":991,\"caption\":\"Sentieri Nevegal (Foto di repertorio)\"},{\"@type\":\"BreadcrumbList\",\"@id\":\"https:\\\/\\\/www.bellunopress.it\\\/2023\\\/11\\\/09\\\/ripristino-della-pista-al-campo-scuola-in-nevegal\\\/#breadcrumb\",\"itemListElement\":[{\"@type\":\"ListItem\",\"position\":1,\"name\":\"Home\",\"item\":\"https:\\\/\\\/www.bellunopress.it\\\/\"},{\"@type\":\"ListItem\",\"position\":2,\"name\":\"Ripristino della pista al campo scuola in Nevegal\"}]},{\"@type\":\"WebSite\",\"@id\":\"https:\\\/\\\/www.bellunopress.it\\\/#website\",\"url\":\"https:\\\/\\\/www.bellunopress.it\\\/\",\"name\":\"Bellunopress - Dolomiti\",\"description\":\"e-mail: redazione@bellunopress.it\",\"publisher\":{\"@id\":\"https:\\\/\\\/www.bellunopress.it\\\/#organization\"},\"potentialAction\":[{\"@type\":\"SearchAction\",\"target\":{\"@type\":\"EntryPoint\",\"urlTemplate\":\"https:\\\/\\\/www.bellunopress.it\\\/?s={search_term_string}\"},\"query-input\":{\"@type\":\"PropertyValueSpecification\",\"valueRequired\":true,\"valueName\":\"search_term_string\"}}],\"inLanguage\":\"fr-FR\"},{\"@type\":\"Organization\",\"@id\":\"https:\\\/\\\/www.bellunopress.it\\\/#organization\",\"name\":\"Bellunopress\",\"url\":\"https:\\\/\\\/www.bellunopress.it\\\/\",\"logo\":{\"@type\":\"ImageObject\",\"inLanguage\":\"fr-FR\",\"@id\":\"https:\\\/\\\/www.bellunopress.it\\\/#\\\/schema\\\/logo\\\/image\\\/\",\"url\":\"https:\\\/\\\/www.bellunopress.it\\\/wp-content\\\/uploads\\\/2011\\\/05\\\/cropped-logo-bellunopress-.jpg\",\"contentUrl\":\"https:\\\/\\\/www.bellunopress.it\\\/wp-content\\\/uploads\\\/2011\\\/05\\\/cropped-logo-bellunopress-.jpg\",\"width\":512,\"height\":512,\"caption\":\"Bellunopress\"},\"image\":{\"@id\":\"https:\\\/\\\/www.bellunopress.it\\\/#\\\/schema\\\/logo\\\/image\\\/\"},\"sameAs\":[\"https:\\\/\\\/www.facebook.com\\\/profile.php?id=100008943462799\",\"https:\\\/\\\/x.com\\\/bellunopress\",\"https:\\\/\\\/www.linkedin.com\\\/hp\\\/?dnr=JBzUWaJfMUw8vbXJJ2tVW5-I3jZKvC4wsoxE&amp;amp;amp;amp;amp;amp;trk=nav_responsive_tab_home\",\"https:\\\/\\\/www.youtube.com\\\/channel\\\/UCxL0wu1uN0_3_7hGG0306cw\"]},{\"@type\":\"Person\",\"@id\":\"https:\\\/\\\/www.bellunopress.it\\\/#\\\/schema\\\/person\\\/79bb06722b37ece1c03d3e94beb30d73\",\"name\":\"redazione\",\"image\":{\"@type\":\"ImageObject\",\"inLanguage\":\"fr-FR\",\"@id\":\"https:\\\/\\\/secure.gravatar.com\\\/avatar\\\/37d968a2e67a6fd04c169c4bdef102d0bc5d31b2546345219e348575eb80e9a0?s=96&d=mm&r=g\",\"url\":\"https:\\\/\\\/secure.gravatar.com\\\/avatar\\\/37d968a2e67a6fd04c169c4bdef102d0bc5d31b2546345219e348575eb80e9a0?s=96&d=mm&r=g\",\"contentUrl\":\"https:\\\/\\\/secure.gravatar.com\\\/avatar\\\/37d968a2e67a6fd04c169c4bdef102d0bc5d31b2546345219e348575eb80e9a0?s=96&d=mm&r=g\",\"caption\":\"redazione\"},\"sameAs\":[\"http:\\\/\\\/www.bellunopress.it\",\"https:\\\/\\\/x.com\\\/bellunopress\"],\"url\":\"https:\\\/\\\/www.bellunopress.it\\\/fr\\\/author\\\/redazione\\\/\"}]}<\/script>\n<!-- \/ Yoast SEO plugin. -->","yoast_head_json":{"title":"Ripristino della pista al campo scuola in Nevegal - Bellunopress - Dolomiti","robots":{"index":"index","follow":"follow","max-snippet":"max-snippet:-1","max-image-preview":"max-image-preview:large","max-video-preview":"max-video-preview:-1"},"canonical":"https:\/\/www.bellunopress.it\/fr\/2023\/11\/09\/ripristino-della-pista-al-campo-scuola-in-nevegal\/","og_locale":"fr_FR","og_type":"article","og_title":"Ripristino della pista al campo scuola in Nevegal - Bellunopress - Dolomiti","og_description":"Prender\u00e0 ufficialmente il via la prossima settimana il cantiere lungo la pista di rientro al campo scuola del Nevegal, in zona \u201cSitta\u201d. La strada, larga oltre tre metri, \u00e8 stata erosa dalle forti piogge che hanno interessato il territorio tra il 30 ottobre e il 4 novembre tanto da risultare impraticabile e pericolosa. Immediato l\u2019intervento [&hellip;]","og_url":"https:\/\/www.bellunopress.it\/fr\/2023\/11\/09\/ripristino-della-pista-al-campo-scuola-in-nevegal\/","og_site_name":"Bellunopress - Dolomiti","article_publisher":"https:\/\/www.facebook.com\/profile.php?id=100008943462799","article_published_time":"2023-11-09T15:49:09+00:00","og_image":[{"width":1000,"height":991,"url":"https:\/\/www.bellunopress.it\/wp-content\/uploads\/2023\/07\/Pulizia-sentieri-Nevegal-16-luglio-4_edited.jpg","type":"image\/jpeg"}],"author":"redazione","twitter_card":"summary_large_image","twitter_creator":"@bellunopress","twitter_site":"@bellunopress","twitter_misc":{"Written by":"redazione","Est. reading time":"1 minute"},"schema":{"@context":"https:\/\/schema.org","@graph":[{"@type":"Article","@id":"https:\/\/www.bellunopress.it\/2023\/11\/09\/ripristino-della-pista-al-campo-scuola-in-nevegal\/#article","isPartOf":{"@id":"https:\/\/www.bellunopress.it\/2023\/11\/09\/ripristino-della-pista-al-campo-scuola-in-nevegal\/"},"author":{"name":"redazione","@id":"https:\/\/www.bellunopress.it\/#\/schema\/person\/79bb06722b37ece1c03d3e94beb30d73"},"headline":"Ripristino della pista al campo scuola in Nevegal","datePublished":"2023-11-09T15:49:09+00:00","mainEntityOfPage":{"@id":"https:\/\/www.bellunopress.it\/2023\/11\/09\/ripristino-della-pista-al-campo-scuola-in-nevegal\/"},"wordCount":285,"publisher":{"@id":"https:\/\/www.bellunopress.it\/#organization"},"image":{"@id":"https:\/\/www.bellunopress.it\/2023\/11\/09\/ripristino-della-pista-al-campo-scuola-in-nevegal\/#primaryimage"},"thumbnailUrl":"https:\/\/www.bellunopress.it\/wp-content\/uploads\/2023\/07\/Pulizia-sentieri-Nevegal-16-luglio-4_edited.jpg","articleSection":["Cronaca\/Politica"],"inLanguage":"fr-FR"},{"@type":"WebPage","@id":"https:\/\/www.bellunopress.it\/2023\/11\/09\/ripristino-della-pista-al-campo-scuola-in-nevegal\/","url":"https:\/\/www.bellunopress.it\/2023\/11\/09\/ripristino-della-pista-al-campo-scuola-in-nevegal\/","name":"Ripristino della pista al campo scuola in Nevegal - Bellunopress - Dolomiti","isPartOf":{"@id":"https:\/\/www.bellunopress.it\/#website"},"primaryImageOfPage":{"@id":"https:\/\/www.bellunopress.it\/2023\/11\/09\/ripristino-della-pista-al-campo-scuola-in-nevegal\/#primaryimage"},"image":{"@id":"https:\/\/www.bellunopress.it\/2023\/11\/09\/ripristino-della-pista-al-campo-scuola-in-nevegal\/#primaryimage"},"thumbnailUrl":"https:\/\/www.bellunopress.it\/wp-content\/uploads\/2023\/07\/Pulizia-sentieri-Nevegal-16-luglio-4_edited.jpg","datePublished":"2023-11-09T15:49:09+00:00","breadcrumb":{"@id":"https:\/\/www.bellunopress.it\/2023\/11\/09\/ripristino-della-pista-al-campo-scuola-in-nevegal\/#breadcrumb"},"inLanguage":"fr-FR","potentialAction":[{"@type":"ReadAction","target":["https:\/\/www.bellunopress.it\/2023\/11\/09\/ripristino-della-pista-al-campo-scuola-in-nevegal\/"]}]},{"@type":"ImageObject","inLanguage":"fr-FR","@id":"https:\/\/www.bellunopress.it\/2023\/11\/09\/ripristino-della-pista-al-campo-scuola-in-nevegal\/#primaryimage","url":"https:\/\/www.bellunopress.it\/wp-content\/uploads\/2023\/07\/Pulizia-sentieri-Nevegal-16-luglio-4_edited.jpg","contentUrl":"https:\/\/www.bellunopress.it\/wp-content\/uploads\/2023\/07\/Pulizia-sentieri-Nevegal-16-luglio-4_edited.jpg","width":1000,"height":991,"caption":"Sentieri Nevegal (Foto di repertorio)"},{"@type":"BreadcrumbList","@id":"https:\/\/www.bellunopress.it\/2023\/11\/09\/ripristino-della-pista-al-campo-scuola-in-nevegal\/#breadcrumb","itemListElement":[{"@type":"ListItem","position":1,"name":"Home","item":"https:\/\/www.bellunopress.it\/"},{"@type":"ListItem","position":2,"name":"Ripristino della pista al campo scuola in Nevegal"}]},{"@type":"WebSite","@id":"https:\/\/www.bellunopress.it\/#website","url":"https:\/\/www.bellunopress.it\/","name":"Bellunopress - Dolomiti","description":"e-mail: redazione@bellunopress.it","publisher":{"@id":"https:\/\/www.bellunopress.it\/#organization"},"potentialAction":[{"@type":"SearchAction","target":{"@type":"EntryPoint","urlTemplate":"https:\/\/www.bellunopress.it\/?s={search_term_string}"},"query-input":{"@type":"PropertyValueSpecification","valueRequired":true,"valueName":"search_term_string"}}],"inLanguage":"fr-FR"},{"@type":"Organization","@id":"https:\/\/www.bellunopress.it\/#organization","name":"Bellunopress","url":"https:\/\/www.bellunopress.it\/","logo":{"@type":"ImageObject","inLanguage":"fr-FR","@id":"https:\/\/www.bellunopress.it\/#\/schema\/logo\/image\/","url":"https:\/\/www.bellunopress.it\/wp-content\/uploads\/2011\/05\/cropped-logo-bellunopress-.jpg","contentUrl":"https:\/\/www.bellunopress.it\/wp-content\/uploads\/2011\/05\/cropped-logo-bellunopress-.jpg","width":512,"height":512,"caption":"Bellunopress"},"image":{"@id":"https:\/\/www.bellunopress.it\/#\/schema\/logo\/image\/"},"sameAs":["https:\/\/www.facebook.com\/profile.php?id=100008943462799","https:\/\/x.com\/bellunopress","https:\/\/www.linkedin.com\/hp\/?dnr=JBzUWaJfMUw8vbXJJ2tVW5-I3jZKvC4wsoxE&amp;amp;amp;amp;amp;amp;trk=nav_responsive_tab_home","https:\/\/www.youtube.com\/channel\/UCxL0wu1uN0_3_7hGG0306cw"]},{"@type":"Person","@id":"https:\/\/www.bellunopress.it\/#\/schema\/person\/79bb06722b37ece1c03d3e94beb30d73","name":"r\u00e9daction","image":{"@type":"ImageObject","inLanguage":"fr-FR","@id":"https:\/\/secure.gravatar.com\/avatar\/37d968a2e67a6fd04c169c4bdef102d0bc5d31b2546345219e348575eb80e9a0?s=96&d=mm&r=g","url":"https:\/\/secure.gravatar.com\/avatar\/37d968a2e67a6fd04c169c4bdef102d0bc5d31b2546345219e348575eb80e9a0?s=96&d=mm&r=g","contentUrl":"https:\/\/secure.gravatar.com\/avatar\/37d968a2e67a6fd04c169c4bdef102d0bc5d31b2546345219e348575eb80e9a0?s=96&d=mm&r=g","caption":"redazione"},"sameAs":["http:\/\/www.bellunopress.it","https:\/\/x.com\/bellunopress"],"url":"https:\/\/www.bellunopress.it\/fr\/author\/redazione\/"}]}},"_links":{"self":[{"href":"https:\/\/www.bellunopress.it\/fr\/wp-json\/wp\/v2\/posts\/145776","targetHints":{"allow":["GET"]}}],"collection":[{"href":"https:\/\/www.bellunopress.it\/fr\/wp-json\/wp\/v2\/posts"}],"about":[{"href":"https:\/\/www.bellunopress.it\/fr\/wp-json\/wp\/v2\/types\/post"}],"author":[{"embeddable":true,"href":"https:\/\/www.bellunopress.it\/fr\/wp-json\/wp\/v2\/users\/2"}],"replies":[{"embeddable":true,"href":"https:\/\/www.bellunopress.it\/fr\/wp-json\/wp\/v2\/comments?post=145776"}],"version-history":[{"count":1,"href":"https:\/\/www.bellunopress.it\/fr\/wp-json\/wp\/v2\/posts\/145776\/revisions"}],"predecessor-version":[{"id":145777,"href":"https:\/\/www.bellunopress.it\/fr\/wp-json\/wp\/v2\/posts\/145776\/revisions\/145777"}],"wp:featuredmedia":[{"embeddable":true,"href":"https:\/\/www.bellunopress.it\/fr\/wp-json\/wp\/v2\/media\/142842"}],"wp:attachment":[{"href":"https:\/\/www.bellunopress.it\/fr\/wp-json\/wp\/v2\/media?parent=145776"}],"wp:term":[{"taxonomy":"category","embeddable":true,"href":"https:\/\/www.bellunopress.it\/fr\/wp-json\/wp\/v2\/categories?post=145776"},{"taxonomy":"post_tag","embeddable":true,"href":"https:\/\/www.bellunopress.it\/fr\/wp-json\/wp\/v2\/tags?post=145776"}],"curies":[{"name":"wp","href":"https:\/\/api.w.org\/{rel}","templated":true}]}}