{"id":145772,"date":"2023-11-09T15:18:23","date_gmt":"2023-11-09T14:18:23","guid":{"rendered":"https:\/\/www.bellunopress.it\/?p=145772"},"modified":"2023-11-09T15:18:23","modified_gmt":"2023-11-09T14:18:23","slug":"dismissione-della-partecipazione-della-provincia-da-dolomiti-ambiente-nessuna-offerta-deola-bim-gsp-ultima-ancora-di-salvataggio","status":"publish","type":"post","link":"https:\/\/www.bellunopress.it\/fr\/2023\/11\/09\/dismissione-della-partecipazione-della-provincia-da-dolomiti-ambiente-nessuna-offerta-deola-bim-gsp-ultima-ancora-di-salvataggio\/","title":{"rendered":"Dismissione della partecipazione della Provincia da Dolomiti ambiente. Nessuna offerta. Deola: &#8220;Bim Gsp ultima ancora di salvataggio&#8221;"},"content":{"rendered":"<figure id=\"attachment_114439\" aria-describedby=\"caption-attachment-114439\" style=\"width: 564px\" class=\"wp-caption alignleft\"><img loading=\"lazy\" decoding=\"async\" class=\"size-full wp-image-114439\" src=\"https:\/\/www.bellunopress.it\/wp-content\/uploads\/2020\/05\/simone-deola_edited.jpg\" alt=\"\" width=\"564\" height=\"659\" srcset=\"https:\/\/www.bellunopress.it\/wp-content\/uploads\/2020\/05\/simone-deola_edited.jpg 564w, https:\/\/www.bellunopress.it\/wp-content\/uploads\/2020\/05\/simone-deola_edited-428x500.jpg 428w, https:\/\/www.bellunopress.it\/wp-content\/uploads\/2020\/05\/simone-deola_edited-359x420.jpg 359w\" sizes=\"auto, (max-width: 564px) 100vw, 564px\" \/><figcaption id=\"caption-attachment-114439\" class=\"wp-caption-text\">Simone Deola &#8211; Consigliere provinciale con delega all&#8217;Ambiente<\/figcaption><\/figure>\n<p>Belluno, 9 novembre 2023 &#8211; Si \u00e8 chiusa ieri la procedura di evidenza pubblica per la dismissione della partecipazione della Provincia ne &#8220;La Dolomiti Ambiente&#8221; e non sono pervenute offerte.<br \/>\nSul caso interviene il consigliere provinciale Simone Deola.<\/p>\n<p>&#8220;Purtroppo, il contesto di grande incertezza in cui versa l&#8217;affidamento del servizio nel nostro bacino ha fortemente scoraggiato potenziali acquirenti. &#8211; commenta Simone Deola, consigliere provinciale con delega all&#8217;ambiente &#8211;<\/p>\n<p>Il tema della mancanza di sicurezza sulla continuit\u00e0 del conferimento si \u00e8 dimostrato dominante. Da questa gara non viene messo in discussione il valore e la potenziale strategicit\u00e0 della societ\u00e0 ma, pi\u00f9 che mai, il contesto e il meccanismo nei quali essa dovrebbe operare&#8221;.<\/p>\n<p>La gara era stata pubblicata in data 16 agosto dopo che erano fallite le trattative per la cessione diretta da parte della Provincia alle 4 societ\u00e0 che si occupano attualmente della raccolta.<\/p>\n<p>&#8220;Come Amministratori pubblici dovremmo avere a cuore il futuro di un bene pubblico che, nel contesto dei rifiuti, in questo momento, significherebbe maggiore autonomia e indipendenza e che potrebbe vedere anche l&#8217;implementazione di ulteriori lavorazioni e fonti di business come l&#8217;ambito energetico. &#8211; continua Deola &#8211; Questo per\u00f2 non \u00e8 accaduto e anzi si \u00e8 vista una generale ostilit\u00e0 nei confronti de La Dolomiti Ambiente con considerazioni pubbliche che seppur ampiamente smentite, gettano cattiva luce sulla societ\u00e0, e scelte formali, come l&#8217;ultima deliberazione dell&#8217;assemblea del Consiglio di Bacino che, di fatto e in questo momento, escludono lo smaltimento dal perimetro dell&#8217;affidamento del servizio concentrandolo esclusivamente nella raccolta&#8221;.<\/p>\n<p>Permane comunque la possibilit\u00e0 per BIM Gsp di esercitare il diritto di prelazione entro circa 90 giorni pareggiando il valore che rappresentava la base d&#8217;asta della procedura di dismissione.<\/p>\n<p>&#8220;Ho sentito in questi mesi tecnici e amministratori paventare e auspicare che il conferimento dell&#8217;umido avvenga in altri impianti che sarebbero meno costosi, ma le vere domande sono: si \u00e8 certi che i prezzi che altri impianti propongono in questo momento siano garantiti anche per gli anni futuri? Si \u00e8 calcolato il costo ambientale che il trasporto di 20 mila tonnellate di umido all&#8217;anno avrebbe, ancor pi\u00f9 in una provincia che si candida a diventare Carbon Neutral?<\/p>\n<p>Si sono calcolati i costi economici e ambientali che avrebbero i diversi centri di travaso necessari per trasferire fuori provincia il rifiuto umido?<\/p>\n<p>Si \u00e8 calcolato a livello strategico e politico quali sarebbero le ripercussioni che la dismissione di qualsiasi forma di smaltimento avrebbe?<\/p>\n<p>Queste e altre domande credo debbano essere alla base delle scelte dei Sindaci che a breve saranno chiamati a esprimere mandato a Bim Gsp di esercitare il diritto di prelazione che, a questo punto, rappresenta l&#8217;ultima ancora di salvataggio, non tanto de La Dolomiti Ambiente, quanto, a mio avviso, dell&#8217;affidamento del servizio integrato di raccolta e smaltimento dei rifiuti in Provincia di Belluno&#8221; conclude Deola.<\/p>","protected":false},"excerpt":{"rendered":"<p>Belluno, 9 novembre 2023 &#8211; Si \u00e8 chiusa ieri la procedura di evidenza pubblica per la dismissione della partecipazione della Provincia ne &#8220;La Dolomiti Ambiente&#8221; e non sono pervenute offerte. Sul caso interviene il consigliere provinciale Simone Deola. &#8220;Purtroppo, il contesto di grande incertezza in cui versa l&#8217;affidamento del servizio nel nostro bacino ha fortemente [&hellip;]<\/p>\n","protected":false},"author":2,"featured_media":114439,"comment_status":"closed","ping_status":"open","sticky":false,"template":"","format":"standard","meta":{"footnotes":""},"categories":[5,26],"tags":[],"class_list":["post-145772","post","type-post","status-publish","format-standard","has-post-thumbnail","category-cronaca","category-prima-pagina"],"yoast_head":"<!-- This site is optimized with the Yoast SEO plugin v28.4 - https:\/\/yoast.com\/product\/yoast-seo-wordpress\/ -->\n<title>Dismissione della partecipazione della Provincia da Dolomiti ambiente. Nessuna offerta. Deola: &quot;Bim Gsp ultima ancora di salvataggio&quot; - Bellunopress - Dolomiti<\/title>\n<meta name=\"robots\" content=\"index, follow, max-snippet:-1, max-image-preview:large, max-video-preview:-1\" \/>\n<link rel=\"canonical\" href=\"https:\/\/www.bellunopress.it\/fr\/2023\/11\/09\/dismissione-della-partecipazione-della-provincia-da-dolomiti-ambiente-nessuna-offerta-deola-bim-gsp-ultima-ancora-di-salvataggio\/\" \/>\n<meta property=\"og:locale\" content=\"fr_FR\" \/>\n<meta property=\"og:type\" content=\"article\" \/>\n<meta property=\"og:title\" content=\"Dismissione della partecipazione della Provincia da Dolomiti ambiente. Nessuna offerta. Deola: &quot;Bim Gsp ultima ancora di salvataggio&quot; - Bellunopress - Dolomiti\" \/>\n<meta property=\"og:description\" content=\"Belluno, 9 novembre 2023 &#8211; Si \u00e8 chiusa ieri la procedura di evidenza pubblica per la dismissione della partecipazione della Provincia ne &#8220;La Dolomiti Ambiente&#8221; e non sono pervenute offerte. Sul caso interviene il consigliere provinciale Simone Deola. &#8220;Purtroppo, il contesto di grande incertezza in cui versa l&#8217;affidamento del servizio nel nostro bacino ha fortemente [&hellip;]\" \/>\n<meta property=\"og:url\" content=\"https:\/\/www.bellunopress.it\/fr\/2023\/11\/09\/dismissione-della-partecipazione-della-provincia-da-dolomiti-ambiente-nessuna-offerta-deola-bim-gsp-ultima-ancora-di-salvataggio\/\" \/>\n<meta property=\"og:site_name\" content=\"Bellunopress - Dolomiti\" \/>\n<meta property=\"article:publisher\" content=\"https:\/\/www.facebook.com\/profile.php?id=100008943462799\" \/>\n<meta property=\"article:published_time\" content=\"2023-11-09T14:18:23+00:00\" \/>\n<meta property=\"og:image\" content=\"https:\/\/www.bellunopress.it\/wp-content\/uploads\/2020\/05\/simone-deola_edited.jpg\" \/>\n\t<meta property=\"og:image:width\" content=\"564\" \/>\n\t<meta property=\"og:image:height\" content=\"659\" \/>\n\t<meta property=\"og:image:type\" content=\"image\/jpeg\" \/>\n<meta name=\"author\" content=\"redazione\" \/>\n<meta name=\"twitter:card\" content=\"summary_large_image\" \/>\n<meta name=\"twitter:creator\" content=\"@bellunopress\" \/>\n<meta name=\"twitter:site\" content=\"@bellunopress\" \/>\n<meta name=\"twitter:label1\" content=\"Written by\" \/>\n\t<meta name=\"twitter:data1\" content=\"redazione\" \/>\n\t<meta name=\"twitter:label2\" content=\"Est. reading time\" \/>\n\t<meta name=\"twitter:data2\" content=\"2 minutes\" \/>\n<script type=\"application\/ld+json\" class=\"yoast-schema-graph\">{\"@context\":\"https:\\\/\\\/schema.org\",\"@graph\":[{\"@type\":\"Article\",\"@id\":\"https:\\\/\\\/www.bellunopress.it\\\/2023\\\/11\\\/09\\\/dismissione-della-partecipazione-della-provincia-da-dolomiti-ambiente-nessuna-offerta-deola-bim-gsp-ultima-ancora-di-salvataggio\\\/#article\",\"isPartOf\":{\"@id\":\"https:\\\/\\\/www.bellunopress.it\\\/2023\\\/11\\\/09\\\/dismissione-della-partecipazione-della-provincia-da-dolomiti-ambiente-nessuna-offerta-deola-bim-gsp-ultima-ancora-di-salvataggio\\\/\"},\"author\":{\"name\":\"redazione\",\"@id\":\"https:\\\/\\\/www.bellunopress.it\\\/#\\\/schema\\\/person\\\/79bb06722b37ece1c03d3e94beb30d73\"},\"headline\":\"Dismissione della partecipazione della Provincia da Dolomiti ambiente. Nessuna offerta. Deola: &#8220;Bim Gsp ultima ancora di salvataggio&#8221;\",\"datePublished\":\"2023-11-09T14:18:23+00:00\",\"mainEntityOfPage\":{\"@id\":\"https:\\\/\\\/www.bellunopress.it\\\/2023\\\/11\\\/09\\\/dismissione-della-partecipazione-della-provincia-da-dolomiti-ambiente-nessuna-offerta-deola-bim-gsp-ultima-ancora-di-salvataggio\\\/\"},\"wordCount\":498,\"publisher\":{\"@id\":\"https:\\\/\\\/www.bellunopress.it\\\/#organization\"},\"image\":{\"@id\":\"https:\\\/\\\/www.bellunopress.it\\\/2023\\\/11\\\/09\\\/dismissione-della-partecipazione-della-provincia-da-dolomiti-ambiente-nessuna-offerta-deola-bim-gsp-ultima-ancora-di-salvataggio\\\/#primaryimage\"},\"thumbnailUrl\":\"https:\\\/\\\/www.bellunopress.it\\\/wp-content\\\/uploads\\\/2020\\\/05\\\/simone-deola_edited.jpg\",\"articleSection\":[\"Cronaca\\\/Politica\",\"Prima Pagina\"],\"inLanguage\":\"fr-FR\"},{\"@type\":\"WebPage\",\"@id\":\"https:\\\/\\\/www.bellunopress.it\\\/2023\\\/11\\\/09\\\/dismissione-della-partecipazione-della-provincia-da-dolomiti-ambiente-nessuna-offerta-deola-bim-gsp-ultima-ancora-di-salvataggio\\\/\",\"url\":\"https:\\\/\\\/www.bellunopress.it\\\/2023\\\/11\\\/09\\\/dismissione-della-partecipazione-della-provincia-da-dolomiti-ambiente-nessuna-offerta-deola-bim-gsp-ultima-ancora-di-salvataggio\\\/\",\"name\":\"Dismissione della partecipazione della Provincia da Dolomiti ambiente. Nessuna offerta. Deola: \\\"Bim Gsp ultima ancora di salvataggio\\\" - Bellunopress - Dolomiti\",\"isPartOf\":{\"@id\":\"https:\\\/\\\/www.bellunopress.it\\\/#website\"},\"primaryImageOfPage\":{\"@id\":\"https:\\\/\\\/www.bellunopress.it\\\/2023\\\/11\\\/09\\\/dismissione-della-partecipazione-della-provincia-da-dolomiti-ambiente-nessuna-offerta-deola-bim-gsp-ultima-ancora-di-salvataggio\\\/#primaryimage\"},\"image\":{\"@id\":\"https:\\\/\\\/www.bellunopress.it\\\/2023\\\/11\\\/09\\\/dismissione-della-partecipazione-della-provincia-da-dolomiti-ambiente-nessuna-offerta-deola-bim-gsp-ultima-ancora-di-salvataggio\\\/#primaryimage\"},\"thumbnailUrl\":\"https:\\\/\\\/www.bellunopress.it\\\/wp-content\\\/uploads\\\/2020\\\/05\\\/simone-deola_edited.jpg\",\"datePublished\":\"2023-11-09T14:18:23+00:00\",\"breadcrumb\":{\"@id\":\"https:\\\/\\\/www.bellunopress.it\\\/2023\\\/11\\\/09\\\/dismissione-della-partecipazione-della-provincia-da-dolomiti-ambiente-nessuna-offerta-deola-bim-gsp-ultima-ancora-di-salvataggio\\\/#breadcrumb\"},\"inLanguage\":\"fr-FR\",\"potentialAction\":[{\"@type\":\"ReadAction\",\"target\":[\"https:\\\/\\\/www.bellunopress.it\\\/2023\\\/11\\\/09\\\/dismissione-della-partecipazione-della-provincia-da-dolomiti-ambiente-nessuna-offerta-deola-bim-gsp-ultima-ancora-di-salvataggio\\\/\"]}]},{\"@type\":\"ImageObject\",\"inLanguage\":\"fr-FR\",\"@id\":\"https:\\\/\\\/www.bellunopress.it\\\/2023\\\/11\\\/09\\\/dismissione-della-partecipazione-della-provincia-da-dolomiti-ambiente-nessuna-offerta-deola-bim-gsp-ultima-ancora-di-salvataggio\\\/#primaryimage\",\"url\":\"https:\\\/\\\/www.bellunopress.it\\\/wp-content\\\/uploads\\\/2020\\\/05\\\/simone-deola_edited.jpg\",\"contentUrl\":\"https:\\\/\\\/www.bellunopress.it\\\/wp-content\\\/uploads\\\/2020\\\/05\\\/simone-deola_edited.jpg\",\"width\":564,\"height\":659,\"caption\":\"Simone Deola - Assessore\"},{\"@type\":\"BreadcrumbList\",\"@id\":\"https:\\\/\\\/www.bellunopress.it\\\/2023\\\/11\\\/09\\\/dismissione-della-partecipazione-della-provincia-da-dolomiti-ambiente-nessuna-offerta-deola-bim-gsp-ultima-ancora-di-salvataggio\\\/#breadcrumb\",\"itemListElement\":[{\"@type\":\"ListItem\",\"position\":1,\"name\":\"Home\",\"item\":\"https:\\\/\\\/www.bellunopress.it\\\/\"},{\"@type\":\"ListItem\",\"position\":2,\"name\":\"Dismissione della partecipazione della Provincia da Dolomiti ambiente. Nessuna offerta. Deola: &#8220;Bim Gsp ultima ancora di salvataggio&#8221;\"}]},{\"@type\":\"WebSite\",\"@id\":\"https:\\\/\\\/www.bellunopress.it\\\/#website\",\"url\":\"https:\\\/\\\/www.bellunopress.it\\\/\",\"name\":\"Bellunopress - Dolomiti\",\"description\":\"e-mail: redazione@bellunopress.it\",\"publisher\":{\"@id\":\"https:\\\/\\\/www.bellunopress.it\\\/#organization\"},\"potentialAction\":[{\"@type\":\"SearchAction\",\"target\":{\"@type\":\"EntryPoint\",\"urlTemplate\":\"https:\\\/\\\/www.bellunopress.it\\\/?s={search_term_string}\"},\"query-input\":{\"@type\":\"PropertyValueSpecification\",\"valueRequired\":true,\"valueName\":\"search_term_string\"}}],\"inLanguage\":\"fr-FR\"},{\"@type\":\"Organization\",\"@id\":\"https:\\\/\\\/www.bellunopress.it\\\/#organization\",\"name\":\"Bellunopress\",\"url\":\"https:\\\/\\\/www.bellunopress.it\\\/\",\"logo\":{\"@type\":\"ImageObject\",\"inLanguage\":\"fr-FR\",\"@id\":\"https:\\\/\\\/www.bellunopress.it\\\/#\\\/schema\\\/logo\\\/image\\\/\",\"url\":\"https:\\\/\\\/www.bellunopress.it\\\/wp-content\\\/uploads\\\/2011\\\/05\\\/cropped-logo-bellunopress-.jpg\",\"contentUrl\":\"https:\\\/\\\/www.bellunopress.it\\\/wp-content\\\/uploads\\\/2011\\\/05\\\/cropped-logo-bellunopress-.jpg\",\"width\":512,\"height\":512,\"caption\":\"Bellunopress\"},\"image\":{\"@id\":\"https:\\\/\\\/www.bellunopress.it\\\/#\\\/schema\\\/logo\\\/image\\\/\"},\"sameAs\":[\"https:\\\/\\\/www.facebook.com\\\/profile.php?id=100008943462799\",\"https:\\\/\\\/x.com\\\/bellunopress\",\"https:\\\/\\\/www.linkedin.com\\\/hp\\\/?dnr=JBzUWaJfMUw8vbXJJ2tVW5-I3jZKvC4wsoxE&amp;amp;amp;amp;amp;amp;trk=nav_responsive_tab_home\",\"https:\\\/\\\/www.youtube.com\\\/channel\\\/UCxL0wu1uN0_3_7hGG0306cw\"]},{\"@type\":\"Person\",\"@id\":\"https:\\\/\\\/www.bellunopress.it\\\/#\\\/schema\\\/person\\\/79bb06722b37ece1c03d3e94beb30d73\",\"name\":\"redazione\",\"image\":{\"@type\":\"ImageObject\",\"inLanguage\":\"fr-FR\",\"@id\":\"https:\\\/\\\/secure.gravatar.com\\\/avatar\\\/37d968a2e67a6fd04c169c4bdef102d0bc5d31b2546345219e348575eb80e9a0?s=96&d=mm&r=g\",\"url\":\"https:\\\/\\\/secure.gravatar.com\\\/avatar\\\/37d968a2e67a6fd04c169c4bdef102d0bc5d31b2546345219e348575eb80e9a0?s=96&d=mm&r=g\",\"contentUrl\":\"https:\\\/\\\/secure.gravatar.com\\\/avatar\\\/37d968a2e67a6fd04c169c4bdef102d0bc5d31b2546345219e348575eb80e9a0?s=96&d=mm&r=g\",\"caption\":\"redazione\"},\"sameAs\":[\"http:\\\/\\\/www.bellunopress.it\",\"https:\\\/\\\/x.com\\\/bellunopress\"],\"url\":\"https:\\\/\\\/www.bellunopress.it\\\/fr\\\/author\\\/redazione\\\/\"}]}<\/script>\n<!-- \/ Yoast SEO plugin. -->","yoast_head_json":{"title":"Dismissione della partecipazione della Provincia da Dolomiti ambiente. Nessuna offerta. Deola: \"Bim Gsp ultima ancora di salvataggio\" - Bellunopress - Dolomiti","robots":{"index":"index","follow":"follow","max-snippet":"max-snippet:-1","max-image-preview":"max-image-preview:large","max-video-preview":"max-video-preview:-1"},"canonical":"https:\/\/www.bellunopress.it\/fr\/2023\/11\/09\/dismissione-della-partecipazione-della-provincia-da-dolomiti-ambiente-nessuna-offerta-deola-bim-gsp-ultima-ancora-di-salvataggio\/","og_locale":"fr_FR","og_type":"article","og_title":"Dismissione della partecipazione della Provincia da Dolomiti ambiente. Nessuna offerta. Deola: \"Bim Gsp ultima ancora di salvataggio\" - Bellunopress - Dolomiti","og_description":"Belluno, 9 novembre 2023 &#8211; Si \u00e8 chiusa ieri la procedura di evidenza pubblica per la dismissione della partecipazione della Provincia ne &#8220;La Dolomiti Ambiente&#8221; e non sono pervenute offerte. Sul caso interviene il consigliere provinciale Simone Deola. &#8220;Purtroppo, il contesto di grande incertezza in cui versa l&#8217;affidamento del servizio nel nostro bacino ha fortemente [&hellip;]","og_url":"https:\/\/www.bellunopress.it\/fr\/2023\/11\/09\/dismissione-della-partecipazione-della-provincia-da-dolomiti-ambiente-nessuna-offerta-deola-bim-gsp-ultima-ancora-di-salvataggio\/","og_site_name":"Bellunopress - Dolomiti","article_publisher":"https:\/\/www.facebook.com\/profile.php?id=100008943462799","article_published_time":"2023-11-09T14:18:23+00:00","og_image":[{"width":564,"height":659,"url":"https:\/\/www.bellunopress.it\/wp-content\/uploads\/2020\/05\/simone-deola_edited.jpg","type":"image\/jpeg"}],"author":"redazione","twitter_card":"summary_large_image","twitter_creator":"@bellunopress","twitter_site":"@bellunopress","twitter_misc":{"Written by":"redazione","Est. reading time":"2 minutes"},"schema":{"@context":"https:\/\/schema.org","@graph":[{"@type":"Article","@id":"https:\/\/www.bellunopress.it\/2023\/11\/09\/dismissione-della-partecipazione-della-provincia-da-dolomiti-ambiente-nessuna-offerta-deola-bim-gsp-ultima-ancora-di-salvataggio\/#article","isPartOf":{"@id":"https:\/\/www.bellunopress.it\/2023\/11\/09\/dismissione-della-partecipazione-della-provincia-da-dolomiti-ambiente-nessuna-offerta-deola-bim-gsp-ultima-ancora-di-salvataggio\/"},"author":{"name":"redazione","@id":"https:\/\/www.bellunopress.it\/#\/schema\/person\/79bb06722b37ece1c03d3e94beb30d73"},"headline":"Dismissione della partecipazione della Provincia da Dolomiti ambiente. Nessuna offerta. Deola: &#8220;Bim Gsp ultima ancora di salvataggio&#8221;","datePublished":"2023-11-09T14:18:23+00:00","mainEntityOfPage":{"@id":"https:\/\/www.bellunopress.it\/2023\/11\/09\/dismissione-della-partecipazione-della-provincia-da-dolomiti-ambiente-nessuna-offerta-deola-bim-gsp-ultima-ancora-di-salvataggio\/"},"wordCount":498,"publisher":{"@id":"https:\/\/www.bellunopress.it\/#organization"},"image":{"@id":"https:\/\/www.bellunopress.it\/2023\/11\/09\/dismissione-della-partecipazione-della-provincia-da-dolomiti-ambiente-nessuna-offerta-deola-bim-gsp-ultima-ancora-di-salvataggio\/#primaryimage"},"thumbnailUrl":"https:\/\/www.bellunopress.it\/wp-content\/uploads\/2020\/05\/simone-deola_edited.jpg","articleSection":["Cronaca\/Politica","Prima Pagina"],"inLanguage":"fr-FR"},{"@type":"WebPage","@id":"https:\/\/www.bellunopress.it\/2023\/11\/09\/dismissione-della-partecipazione-della-provincia-da-dolomiti-ambiente-nessuna-offerta-deola-bim-gsp-ultima-ancora-di-salvataggio\/","url":"https:\/\/www.bellunopress.it\/2023\/11\/09\/dismissione-della-partecipazione-della-provincia-da-dolomiti-ambiente-nessuna-offerta-deola-bim-gsp-ultima-ancora-di-salvataggio\/","name":"Dismissione della partecipazione della Provincia da Dolomiti ambiente. Nessuna offerta. Deola: \"Bim Gsp ultima ancora di salvataggio\" - Bellunopress - Dolomiti","isPartOf":{"@id":"https:\/\/www.bellunopress.it\/#website"},"primaryImageOfPage":{"@id":"https:\/\/www.bellunopress.it\/2023\/11\/09\/dismissione-della-partecipazione-della-provincia-da-dolomiti-ambiente-nessuna-offerta-deola-bim-gsp-ultima-ancora-di-salvataggio\/#primaryimage"},"image":{"@id":"https:\/\/www.bellunopress.it\/2023\/11\/09\/dismissione-della-partecipazione-della-provincia-da-dolomiti-ambiente-nessuna-offerta-deola-bim-gsp-ultima-ancora-di-salvataggio\/#primaryimage"},"thumbnailUrl":"https:\/\/www.bellunopress.it\/wp-content\/uploads\/2020\/05\/simone-deola_edited.jpg","datePublished":"2023-11-09T14:18:23+00:00","breadcrumb":{"@id":"https:\/\/www.bellunopress.it\/2023\/11\/09\/dismissione-della-partecipazione-della-provincia-da-dolomiti-ambiente-nessuna-offerta-deola-bim-gsp-ultima-ancora-di-salvataggio\/#breadcrumb"},"inLanguage":"fr-FR","potentialAction":[{"@type":"ReadAction","target":["https:\/\/www.bellunopress.it\/2023\/11\/09\/dismissione-della-partecipazione-della-provincia-da-dolomiti-ambiente-nessuna-offerta-deola-bim-gsp-ultima-ancora-di-salvataggio\/"]}]},{"@type":"ImageObject","inLanguage":"fr-FR","@id":"https:\/\/www.bellunopress.it\/2023\/11\/09\/dismissione-della-partecipazione-della-provincia-da-dolomiti-ambiente-nessuna-offerta-deola-bim-gsp-ultima-ancora-di-salvataggio\/#primaryimage","url":"https:\/\/www.bellunopress.it\/wp-content\/uploads\/2020\/05\/simone-deola_edited.jpg","contentUrl":"https:\/\/www.bellunopress.it\/wp-content\/uploads\/2020\/05\/simone-deola_edited.jpg","width":564,"height":659,"caption":"Simone Deola - Assessore"},{"@type":"BreadcrumbList","@id":"https:\/\/www.bellunopress.it\/2023\/11\/09\/dismissione-della-partecipazione-della-provincia-da-dolomiti-ambiente-nessuna-offerta-deola-bim-gsp-ultima-ancora-di-salvataggio\/#breadcrumb","itemListElement":[{"@type":"ListItem","position":1,"name":"Home","item":"https:\/\/www.bellunopress.it\/"},{"@type":"ListItem","position":2,"name":"Dismissione della partecipazione della Provincia da Dolomiti ambiente. Nessuna offerta. Deola: &#8220;Bim Gsp ultima ancora di salvataggio&#8221;"}]},{"@type":"WebSite","@id":"https:\/\/www.bellunopress.it\/#website","url":"https:\/\/www.bellunopress.it\/","name":"Bellunopress - Dolomiti","description":"e-mail: redazione@bellunopress.it","publisher":{"@id":"https:\/\/www.bellunopress.it\/#organization"},"potentialAction":[{"@type":"SearchAction","target":{"@type":"EntryPoint","urlTemplate":"https:\/\/www.bellunopress.it\/?s={search_term_string}"},"query-input":{"@type":"PropertyValueSpecification","valueRequired":true,"valueName":"search_term_string"}}],"inLanguage":"fr-FR"},{"@type":"Organization","@id":"https:\/\/www.bellunopress.it\/#organization","name":"Bellunopress","url":"https:\/\/www.bellunopress.it\/","logo":{"@type":"ImageObject","inLanguage":"fr-FR","@id":"https:\/\/www.bellunopress.it\/#\/schema\/logo\/image\/","url":"https:\/\/www.bellunopress.it\/wp-content\/uploads\/2011\/05\/cropped-logo-bellunopress-.jpg","contentUrl":"https:\/\/www.bellunopress.it\/wp-content\/uploads\/2011\/05\/cropped-logo-bellunopress-.jpg","width":512,"height":512,"caption":"Bellunopress"},"image":{"@id":"https:\/\/www.bellunopress.it\/#\/schema\/logo\/image\/"},"sameAs":["https:\/\/www.facebook.com\/profile.php?id=100008943462799","https:\/\/x.com\/bellunopress","https:\/\/www.linkedin.com\/hp\/?dnr=JBzUWaJfMUw8vbXJJ2tVW5-I3jZKvC4wsoxE&amp;amp;amp;amp;amp;amp;trk=nav_responsive_tab_home","https:\/\/www.youtube.com\/channel\/UCxL0wu1uN0_3_7hGG0306cw"]},{"@type":"Person","@id":"https:\/\/www.bellunopress.it\/#\/schema\/person\/79bb06722b37ece1c03d3e94beb30d73","name":"r\u00e9daction","image":{"@type":"ImageObject","inLanguage":"fr-FR","@id":"https:\/\/secure.gravatar.com\/avatar\/37d968a2e67a6fd04c169c4bdef102d0bc5d31b2546345219e348575eb80e9a0?s=96&d=mm&r=g","url":"https:\/\/secure.gravatar.com\/avatar\/37d968a2e67a6fd04c169c4bdef102d0bc5d31b2546345219e348575eb80e9a0?s=96&d=mm&r=g","contentUrl":"https:\/\/secure.gravatar.com\/avatar\/37d968a2e67a6fd04c169c4bdef102d0bc5d31b2546345219e348575eb80e9a0?s=96&d=mm&r=g","caption":"redazione"},"sameAs":["http:\/\/www.bellunopress.it","https:\/\/x.com\/bellunopress"],"url":"https:\/\/www.bellunopress.it\/fr\/author\/redazione\/"}]}},"_links":{"self":[{"href":"https:\/\/www.bellunopress.it\/fr\/wp-json\/wp\/v2\/posts\/145772","targetHints":{"allow":["GET"]}}],"collection":[{"href":"https:\/\/www.bellunopress.it\/fr\/wp-json\/wp\/v2\/posts"}],"about":[{"href":"https:\/\/www.bellunopress.it\/fr\/wp-json\/wp\/v2\/types\/post"}],"author":[{"embeddable":true,"href":"https:\/\/www.bellunopress.it\/fr\/wp-json\/wp\/v2\/users\/2"}],"replies":[{"embeddable":true,"href":"https:\/\/www.bellunopress.it\/fr\/wp-json\/wp\/v2\/comments?post=145772"}],"version-history":[{"count":1,"href":"https:\/\/www.bellunopress.it\/fr\/wp-json\/wp\/v2\/posts\/145772\/revisions"}],"predecessor-version":[{"id":145775,"href":"https:\/\/www.bellunopress.it\/fr\/wp-json\/wp\/v2\/posts\/145772\/revisions\/145775"}],"wp:featuredmedia":[{"embeddable":true,"href":"https:\/\/www.bellunopress.it\/fr\/wp-json\/wp\/v2\/media\/114439"}],"wp:attachment":[{"href":"https:\/\/www.bellunopress.it\/fr\/wp-json\/wp\/v2\/media?parent=145772"}],"wp:term":[{"taxonomy":"category","embeddable":true,"href":"https:\/\/www.bellunopress.it\/fr\/wp-json\/wp\/v2\/categories?post=145772"},{"taxonomy":"post_tag","embeddable":true,"href":"https:\/\/www.bellunopress.it\/fr\/wp-json\/wp\/v2\/tags?post=145772"}],"curies":[{"name":"wp","href":"https:\/\/api.w.org\/{rel}","templated":true}]}}