{"id":145763,"date":"2023-11-09T10:40:44","date_gmt":"2023-11-09T09:40:44","guid":{"rendered":"https:\/\/www.bellunopress.it\/?p=145763"},"modified":"2023-11-09T10:40:44","modified_gmt":"2023-11-09T09:40:44","slug":"il-governo-taglia-i-fondi-agli-enti-locali-ma-per-la-sindaca-fusaro-sono-solo-illazioni","status":"publish","type":"post","link":"https:\/\/www.bellunopress.it\/fr\/2023\/11\/09\/il-governo-taglia-i-fondi-agli-enti-locali-ma-per-la-sindaca-fusaro-sono-solo-illazioni\/","title":{"rendered":"Il governo taglia i fondi agli enti locali ma per la sindaca Fusaro sono solo \u201cillazioni\u201d"},"content":{"rendered":"<p><img loading=\"lazy\" decoding=\"async\" class=\"alignleft size-full wp-image-145764\" src=\"https:\/\/www.bellunopress.it\/wp-content\/uploads\/2023\/11\/PD-Feltre.jpg\" alt=\"\" width=\"357\" height=\"281\" \/>Feltre, 9 novembre 2023 &#8211; Ieri la sindaca di Feltre ha definito &#8220;illazioni&#8221; il taglio dei finanziamenti agli enti locali previsti nella manovra finanziaria.<\/p>\n<p>Peccato che i tagli siano stati confermati, oltre che dall&#8217;Anci, anche dal ministro Giorgetti. Tuttavia a smentire il fatto che si trattasse solo di illazioni ci ha pensato la sua stessa maggioranza. Il consigliere Denis Zatta (Fratelli d&#8217;Italia) ha infatti dichiarato che stanno lavorando sul tema, confermando quindi che i tagli ci sono. Di certo per\u00f2, ha aggiunto Denis Zatta, mai la maggioranza avrebbe votato un odg sui tagli proposto dal PD.<\/p>\n<p>Apprendiamo che la maggioranza non vota le cose nella sostanza ma a seconda di<br \/>\nchi le propone. E pensare che avevano fatto del finto civismo la loro bandiera.<\/p>\n<p>Risultato finale?<\/p>\n<p>Un ordine del giorno che chiedeva al comune di Feltre di prendere posizione contro i tagli del governo (circa 200.000 euro in meno rispetto al 2023) e al senatore De Carlo, unico rappresentate territoriale della provincia in Parlamento, di proporre una modifica in parlamento, \u00e8 stato respinto dalla maggioranza di centro destra. Non solo dunque il Governo taglia i fondi al comune di Feltre, ma la maggioranza feltrina tace e ringrazia.<\/p>\n<p>I dati veri parlano chiaro: dagli indirizzi di bilancio emerge che il prossimo anno, sulla base delle stime redatte dagli uffici, il Comune di Feltre spender\u00e0 pi\u00f9 o meno la stessa cifra in termini di utenze. Nonostante questo il governo ha gi\u00e0 deciso di tagliare il &#8220;Fondo per la continuit\u00e0 dei servizi&#8221;, ossia il contributo che lo stato garantiva per far fronte all&#8217;aumento dei prezzi. Solo con questa operazione il Comune perde 132.000 euro. A questo va aggiunto il taglio agli enti locali in finanziaria che comporter\u00e0, per Feltre, almeno altri 60.000 euro di minori trasferimenti. In totale, dunque, circa 200.000 euro. I tagli riguarderanno tutti i Comuni e le Province, tranne quelli con i bilanci in dissesto. In Veneto nessun ente si trova in questa situazione. Curioso che la Lega, n\u00e9 in consiglio n\u00e9 in generale, non abbia, su questo, niente da dire.<\/p>\n<p><strong>Il circolo PD Feltre Seren Pedavena<\/strong><\/p>","protected":false},"excerpt":{"rendered":"<p>Feltre, 9 novembre 2023 &#8211; Ieri la sindaca di Feltre ha definito &#8220;illazioni&#8221; il taglio dei finanziamenti agli enti locali previsti nella manovra finanziaria. Peccato che i tagli siano stati confermati, oltre che dall&#8217;Anci, anche dal ministro Giorgetti. Tuttavia a smentire il fatto che si trattasse solo di illazioni ci ha pensato la sua stessa [&hellip;]<\/p>\n","protected":false},"author":2,"featured_media":145764,"comment_status":"closed","ping_status":"open","sticky":false,"template":"","format":"standard","meta":{"footnotes":""},"categories":[5,26],"tags":[],"class_list":["post-145763","post","type-post","status-publish","format-standard","has-post-thumbnail","category-cronaca","category-prima-pagina"],"yoast_head":"<!-- This site is optimized with the Yoast SEO plugin v28.4 - https:\/\/yoast.com\/product\/yoast-seo-wordpress\/ -->\n<title>Il governo taglia i fondi agli enti locali ma per la sindaca Fusaro sono solo \u201cillazioni\u201d - Bellunopress - Dolomiti<\/title>\n<meta name=\"robots\" content=\"index, follow, max-snippet:-1, max-image-preview:large, max-video-preview:-1\" \/>\n<link rel=\"canonical\" href=\"https:\/\/www.bellunopress.it\/fr\/2023\/11\/09\/il-governo-taglia-i-fondi-agli-enti-locali-ma-per-la-sindaca-fusaro-sono-solo-illazioni\/\" \/>\n<meta property=\"og:locale\" content=\"fr_FR\" \/>\n<meta property=\"og:type\" content=\"article\" \/>\n<meta property=\"og:title\" content=\"Il governo taglia i fondi agli enti locali ma per la sindaca Fusaro sono solo \u201cillazioni\u201d - Bellunopress - Dolomiti\" \/>\n<meta property=\"og:description\" content=\"Feltre, 9 novembre 2023 &#8211; Ieri la sindaca di Feltre ha definito &#8220;illazioni&#8221; il taglio dei finanziamenti agli enti locali previsti nella manovra finanziaria. Peccato che i tagli siano stati confermati, oltre che dall&#8217;Anci, anche dal ministro Giorgetti. Tuttavia a smentire il fatto che si trattasse solo di illazioni ci ha pensato la sua stessa [&hellip;]\" \/>\n<meta property=\"og:url\" content=\"https:\/\/www.bellunopress.it\/fr\/2023\/11\/09\/il-governo-taglia-i-fondi-agli-enti-locali-ma-per-la-sindaca-fusaro-sono-solo-illazioni\/\" \/>\n<meta property=\"og:site_name\" content=\"Bellunopress - Dolomiti\" \/>\n<meta property=\"article:publisher\" content=\"https:\/\/www.facebook.com\/profile.php?id=100008943462799\" \/>\n<meta property=\"article:published_time\" content=\"2023-11-09T09:40:44+00:00\" \/>\n<meta property=\"og:image\" content=\"https:\/\/www.bellunopress.it\/wp-content\/uploads\/2023\/11\/PD-Feltre.jpg\" \/>\n\t<meta property=\"og:image:width\" content=\"357\" \/>\n\t<meta property=\"og:image:height\" content=\"281\" \/>\n\t<meta property=\"og:image:type\" content=\"image\/jpeg\" \/>\n<meta name=\"author\" content=\"redazione\" \/>\n<meta name=\"twitter:card\" content=\"summary_large_image\" \/>\n<meta name=\"twitter:creator\" content=\"@bellunopress\" \/>\n<meta name=\"twitter:site\" content=\"@bellunopress\" \/>\n<meta name=\"twitter:label1\" content=\"\u00c9crit par\" \/>\n\t<meta name=\"twitter:data1\" content=\"redazione\" \/>\n\t<meta name=\"twitter:label2\" content=\"Dur\u00e9e de lecture estim\u00e9e\" \/>\n\t<meta name=\"twitter:data2\" content=\"2 minutes\" \/>\n<script type=\"application\/ld+json\" class=\"yoast-schema-graph\">{\"@context\":\"https:\\\/\\\/schema.org\",\"@graph\":[{\"@type\":\"Article\",\"@id\":\"https:\\\/\\\/www.bellunopress.it\\\/2023\\\/11\\\/09\\\/il-governo-taglia-i-fondi-agli-enti-locali-ma-per-la-sindaca-fusaro-sono-solo-illazioni\\\/#article\",\"isPartOf\":{\"@id\":\"https:\\\/\\\/www.bellunopress.it\\\/2023\\\/11\\\/09\\\/il-governo-taglia-i-fondi-agli-enti-locali-ma-per-la-sindaca-fusaro-sono-solo-illazioni\\\/\"},\"author\":{\"name\":\"redazione\",\"@id\":\"https:\\\/\\\/www.bellunopress.it\\\/#\\\/schema\\\/person\\\/79bb06722b37ece1c03d3e94beb30d73\"},\"headline\":\"Il governo taglia i fondi agli enti locali ma per la sindaca Fusaro sono solo \u201cillazioni\u201d\",\"datePublished\":\"2023-11-09T09:40:44+00:00\",\"mainEntityOfPage\":{\"@id\":\"https:\\\/\\\/www.bellunopress.it\\\/2023\\\/11\\\/09\\\/il-governo-taglia-i-fondi-agli-enti-locali-ma-per-la-sindaca-fusaro-sono-solo-illazioni\\\/\"},\"wordCount\":358,\"publisher\":{\"@id\":\"https:\\\/\\\/www.bellunopress.it\\\/#organization\"},\"image\":{\"@id\":\"https:\\\/\\\/www.bellunopress.it\\\/2023\\\/11\\\/09\\\/il-governo-taglia-i-fondi-agli-enti-locali-ma-per-la-sindaca-fusaro-sono-solo-illazioni\\\/#primaryimage\"},\"thumbnailUrl\":\"https:\\\/\\\/www.bellunopress.it\\\/wp-content\\\/uploads\\\/2023\\\/11\\\/PD-Feltre.jpg\",\"articleSection\":[\"Cronaca\\\/Politica\",\"Prima Pagina\"],\"inLanguage\":\"fr-FR\"},{\"@type\":\"WebPage\",\"@id\":\"https:\\\/\\\/www.bellunopress.it\\\/2023\\\/11\\\/09\\\/il-governo-taglia-i-fondi-agli-enti-locali-ma-per-la-sindaca-fusaro-sono-solo-illazioni\\\/\",\"url\":\"https:\\\/\\\/www.bellunopress.it\\\/2023\\\/11\\\/09\\\/il-governo-taglia-i-fondi-agli-enti-locali-ma-per-la-sindaca-fusaro-sono-solo-illazioni\\\/\",\"name\":\"Il governo taglia i fondi agli enti locali ma per la sindaca Fusaro sono solo \u201cillazioni\u201d - Bellunopress - Dolomiti\",\"isPartOf\":{\"@id\":\"https:\\\/\\\/www.bellunopress.it\\\/#website\"},\"primaryImageOfPage\":{\"@id\":\"https:\\\/\\\/www.bellunopress.it\\\/2023\\\/11\\\/09\\\/il-governo-taglia-i-fondi-agli-enti-locali-ma-per-la-sindaca-fusaro-sono-solo-illazioni\\\/#primaryimage\"},\"image\":{\"@id\":\"https:\\\/\\\/www.bellunopress.it\\\/2023\\\/11\\\/09\\\/il-governo-taglia-i-fondi-agli-enti-locali-ma-per-la-sindaca-fusaro-sono-solo-illazioni\\\/#primaryimage\"},\"thumbnailUrl\":\"https:\\\/\\\/www.bellunopress.it\\\/wp-content\\\/uploads\\\/2023\\\/11\\\/PD-Feltre.jpg\",\"datePublished\":\"2023-11-09T09:40:44+00:00\",\"breadcrumb\":{\"@id\":\"https:\\\/\\\/www.bellunopress.it\\\/2023\\\/11\\\/09\\\/il-governo-taglia-i-fondi-agli-enti-locali-ma-per-la-sindaca-fusaro-sono-solo-illazioni\\\/#breadcrumb\"},\"inLanguage\":\"fr-FR\",\"potentialAction\":[{\"@type\":\"ReadAction\",\"target\":[\"https:\\\/\\\/www.bellunopress.it\\\/2023\\\/11\\\/09\\\/il-governo-taglia-i-fondi-agli-enti-locali-ma-per-la-sindaca-fusaro-sono-solo-illazioni\\\/\"]}]},{\"@type\":\"ImageObject\",\"inLanguage\":\"fr-FR\",\"@id\":\"https:\\\/\\\/www.bellunopress.it\\\/2023\\\/11\\\/09\\\/il-governo-taglia-i-fondi-agli-enti-locali-ma-per-la-sindaca-fusaro-sono-solo-illazioni\\\/#primaryimage\",\"url\":\"https:\\\/\\\/www.bellunopress.it\\\/wp-content\\\/uploads\\\/2023\\\/11\\\/PD-Feltre.jpg\",\"contentUrl\":\"https:\\\/\\\/www.bellunopress.it\\\/wp-content\\\/uploads\\\/2023\\\/11\\\/PD-Feltre.jpg\",\"width\":357,\"height\":281},{\"@type\":\"BreadcrumbList\",\"@id\":\"https:\\\/\\\/www.bellunopress.it\\\/2023\\\/11\\\/09\\\/il-governo-taglia-i-fondi-agli-enti-locali-ma-per-la-sindaca-fusaro-sono-solo-illazioni\\\/#breadcrumb\",\"itemListElement\":[{\"@type\":\"ListItem\",\"position\":1,\"name\":\"Home\",\"item\":\"https:\\\/\\\/www.bellunopress.it\\\/\"},{\"@type\":\"ListItem\",\"position\":2,\"name\":\"Il governo taglia i fondi agli enti locali ma per la sindaca Fusaro sono solo \u201cillazioni\u201d\"}]},{\"@type\":\"WebSite\",\"@id\":\"https:\\\/\\\/www.bellunopress.it\\\/#website\",\"url\":\"https:\\\/\\\/www.bellunopress.it\\\/\",\"name\":\"Bellunopress - Dolomiti\",\"description\":\"e-mail: redazione@bellunopress.it\",\"publisher\":{\"@id\":\"https:\\\/\\\/www.bellunopress.it\\\/#organization\"},\"potentialAction\":[{\"@type\":\"SearchAction\",\"target\":{\"@type\":\"EntryPoint\",\"urlTemplate\":\"https:\\\/\\\/www.bellunopress.it\\\/?s={search_term_string}\"},\"query-input\":{\"@type\":\"PropertyValueSpecification\",\"valueRequired\":true,\"valueName\":\"search_term_string\"}}],\"inLanguage\":\"fr-FR\"},{\"@type\":\"Organization\",\"@id\":\"https:\\\/\\\/www.bellunopress.it\\\/#organization\",\"name\":\"Bellunopress\",\"url\":\"https:\\\/\\\/www.bellunopress.it\\\/\",\"logo\":{\"@type\":\"ImageObject\",\"inLanguage\":\"fr-FR\",\"@id\":\"https:\\\/\\\/www.bellunopress.it\\\/#\\\/schema\\\/logo\\\/image\\\/\",\"url\":\"https:\\\/\\\/www.bellunopress.it\\\/wp-content\\\/uploads\\\/2011\\\/05\\\/cropped-logo-bellunopress-.jpg\",\"contentUrl\":\"https:\\\/\\\/www.bellunopress.it\\\/wp-content\\\/uploads\\\/2011\\\/05\\\/cropped-logo-bellunopress-.jpg\",\"width\":512,\"height\":512,\"caption\":\"Bellunopress\"},\"image\":{\"@id\":\"https:\\\/\\\/www.bellunopress.it\\\/#\\\/schema\\\/logo\\\/image\\\/\"},\"sameAs\":[\"https:\\\/\\\/www.facebook.com\\\/profile.php?id=100008943462799\",\"https:\\\/\\\/x.com\\\/bellunopress\",\"https:\\\/\\\/www.linkedin.com\\\/hp\\\/?dnr=JBzUWaJfMUw8vbXJJ2tVW5-I3jZKvC4wsoxE&amp;amp;amp;amp;amp;amp;trk=nav_responsive_tab_home\",\"https:\\\/\\\/www.youtube.com\\\/channel\\\/UCxL0wu1uN0_3_7hGG0306cw\"]},{\"@type\":\"Person\",\"@id\":\"https:\\\/\\\/www.bellunopress.it\\\/#\\\/schema\\\/person\\\/79bb06722b37ece1c03d3e94beb30d73\",\"name\":\"redazione\",\"image\":{\"@type\":\"ImageObject\",\"inLanguage\":\"fr-FR\",\"@id\":\"https:\\\/\\\/secure.gravatar.com\\\/avatar\\\/37d968a2e67a6fd04c169c4bdef102d0bc5d31b2546345219e348575eb80e9a0?s=96&d=mm&r=g\",\"url\":\"https:\\\/\\\/secure.gravatar.com\\\/avatar\\\/37d968a2e67a6fd04c169c4bdef102d0bc5d31b2546345219e348575eb80e9a0?s=96&d=mm&r=g\",\"contentUrl\":\"https:\\\/\\\/secure.gravatar.com\\\/avatar\\\/37d968a2e67a6fd04c169c4bdef102d0bc5d31b2546345219e348575eb80e9a0?s=96&d=mm&r=g\",\"caption\":\"redazione\"},\"sameAs\":[\"http:\\\/\\\/www.bellunopress.it\",\"https:\\\/\\\/x.com\\\/bellunopress\"],\"url\":\"https:\\\/\\\/www.bellunopress.it\\\/fr\\\/author\\\/redazione\\\/\"}]}<\/script>\n<!-- \/ Yoast SEO plugin. -->","yoast_head_json":{"title":"Il governo taglia i fondi agli enti locali ma per la sindaca Fusaro sono solo \u201cillazioni\u201d - Bellunopress - Dolomiti","robots":{"index":"index","follow":"follow","max-snippet":"max-snippet:-1","max-image-preview":"max-image-preview:large","max-video-preview":"max-video-preview:-1"},"canonical":"https:\/\/www.bellunopress.it\/fr\/2023\/11\/09\/il-governo-taglia-i-fondi-agli-enti-locali-ma-per-la-sindaca-fusaro-sono-solo-illazioni\/","og_locale":"fr_FR","og_type":"article","og_title":"Il governo taglia i fondi agli enti locali ma per la sindaca Fusaro sono solo \u201cillazioni\u201d - Bellunopress - Dolomiti","og_description":"Feltre, 9 novembre 2023 &#8211; Ieri la sindaca di Feltre ha definito &#8220;illazioni&#8221; il taglio dei finanziamenti agli enti locali previsti nella manovra finanziaria. Peccato che i tagli siano stati confermati, oltre che dall&#8217;Anci, anche dal ministro Giorgetti. Tuttavia a smentire il fatto che si trattasse solo di illazioni ci ha pensato la sua stessa [&hellip;]","og_url":"https:\/\/www.bellunopress.it\/fr\/2023\/11\/09\/il-governo-taglia-i-fondi-agli-enti-locali-ma-per-la-sindaca-fusaro-sono-solo-illazioni\/","og_site_name":"Bellunopress - Dolomiti","article_publisher":"https:\/\/www.facebook.com\/profile.php?id=100008943462799","article_published_time":"2023-11-09T09:40:44+00:00","og_image":[{"width":357,"height":281,"url":"https:\/\/www.bellunopress.it\/wp-content\/uploads\/2023\/11\/PD-Feltre.jpg","type":"image\/jpeg"}],"author":"redazione","twitter_card":"summary_large_image","twitter_creator":"@bellunopress","twitter_site":"@bellunopress","twitter_misc":{"\u00c9crit par":"redazione","Dur\u00e9e de lecture estim\u00e9e":"2 minutes"},"schema":{"@context":"https:\/\/schema.org","@graph":[{"@type":"Article","@id":"https:\/\/www.bellunopress.it\/2023\/11\/09\/il-governo-taglia-i-fondi-agli-enti-locali-ma-per-la-sindaca-fusaro-sono-solo-illazioni\/#article","isPartOf":{"@id":"https:\/\/www.bellunopress.it\/2023\/11\/09\/il-governo-taglia-i-fondi-agli-enti-locali-ma-per-la-sindaca-fusaro-sono-solo-illazioni\/"},"author":{"name":"redazione","@id":"https:\/\/www.bellunopress.it\/#\/schema\/person\/79bb06722b37ece1c03d3e94beb30d73"},"headline":"Il governo taglia i fondi agli enti locali ma per la sindaca Fusaro sono solo \u201cillazioni\u201d","datePublished":"2023-11-09T09:40:44+00:00","mainEntityOfPage":{"@id":"https:\/\/www.bellunopress.it\/2023\/11\/09\/il-governo-taglia-i-fondi-agli-enti-locali-ma-per-la-sindaca-fusaro-sono-solo-illazioni\/"},"wordCount":358,"publisher":{"@id":"https:\/\/www.bellunopress.it\/#organization"},"image":{"@id":"https:\/\/www.bellunopress.it\/2023\/11\/09\/il-governo-taglia-i-fondi-agli-enti-locali-ma-per-la-sindaca-fusaro-sono-solo-illazioni\/#primaryimage"},"thumbnailUrl":"https:\/\/www.bellunopress.it\/wp-content\/uploads\/2023\/11\/PD-Feltre.jpg","articleSection":["Cronaca\/Politica","Prima Pagina"],"inLanguage":"fr-FR"},{"@type":"WebPage","@id":"https:\/\/www.bellunopress.it\/2023\/11\/09\/il-governo-taglia-i-fondi-agli-enti-locali-ma-per-la-sindaca-fusaro-sono-solo-illazioni\/","url":"https:\/\/www.bellunopress.it\/2023\/11\/09\/il-governo-taglia-i-fondi-agli-enti-locali-ma-per-la-sindaca-fusaro-sono-solo-illazioni\/","name":"Il governo taglia i fondi agli enti locali ma per la sindaca Fusaro sono solo \u201cillazioni\u201d - Bellunopress - Dolomiti","isPartOf":{"@id":"https:\/\/www.bellunopress.it\/#website"},"primaryImageOfPage":{"@id":"https:\/\/www.bellunopress.it\/2023\/11\/09\/il-governo-taglia-i-fondi-agli-enti-locali-ma-per-la-sindaca-fusaro-sono-solo-illazioni\/#primaryimage"},"image":{"@id":"https:\/\/www.bellunopress.it\/2023\/11\/09\/il-governo-taglia-i-fondi-agli-enti-locali-ma-per-la-sindaca-fusaro-sono-solo-illazioni\/#primaryimage"},"thumbnailUrl":"https:\/\/www.bellunopress.it\/wp-content\/uploads\/2023\/11\/PD-Feltre.jpg","datePublished":"2023-11-09T09:40:44+00:00","breadcrumb":{"@id":"https:\/\/www.bellunopress.it\/2023\/11\/09\/il-governo-taglia-i-fondi-agli-enti-locali-ma-per-la-sindaca-fusaro-sono-solo-illazioni\/#breadcrumb"},"inLanguage":"fr-FR","potentialAction":[{"@type":"ReadAction","target":["https:\/\/www.bellunopress.it\/2023\/11\/09\/il-governo-taglia-i-fondi-agli-enti-locali-ma-per-la-sindaca-fusaro-sono-solo-illazioni\/"]}]},{"@type":"ImageObject","inLanguage":"fr-FR","@id":"https:\/\/www.bellunopress.it\/2023\/11\/09\/il-governo-taglia-i-fondi-agli-enti-locali-ma-per-la-sindaca-fusaro-sono-solo-illazioni\/#primaryimage","url":"https:\/\/www.bellunopress.it\/wp-content\/uploads\/2023\/11\/PD-Feltre.jpg","contentUrl":"https:\/\/www.bellunopress.it\/wp-content\/uploads\/2023\/11\/PD-Feltre.jpg","width":357,"height":281},{"@type":"BreadcrumbList","@id":"https:\/\/www.bellunopress.it\/2023\/11\/09\/il-governo-taglia-i-fondi-agli-enti-locali-ma-per-la-sindaca-fusaro-sono-solo-illazioni\/#breadcrumb","itemListElement":[{"@type":"ListItem","position":1,"name":"Home","item":"https:\/\/www.bellunopress.it\/"},{"@type":"ListItem","position":2,"name":"Il governo taglia i fondi agli enti locali ma per la sindaca Fusaro sono solo \u201cillazioni\u201d"}]},{"@type":"WebSite","@id":"https:\/\/www.bellunopress.it\/#website","url":"https:\/\/www.bellunopress.it\/","name":"Bellunopress - Dolomiti","description":"e-mail: redazione@bellunopress.it","publisher":{"@id":"https:\/\/www.bellunopress.it\/#organization"},"potentialAction":[{"@type":"SearchAction","target":{"@type":"EntryPoint","urlTemplate":"https:\/\/www.bellunopress.it\/?s={search_term_string}"},"query-input":{"@type":"PropertyValueSpecification","valueRequired":true,"valueName":"search_term_string"}}],"inLanguage":"fr-FR"},{"@type":"Organization","@id":"https:\/\/www.bellunopress.it\/#organization","name":"Bellunopress","url":"https:\/\/www.bellunopress.it\/","logo":{"@type":"ImageObject","inLanguage":"fr-FR","@id":"https:\/\/www.bellunopress.it\/#\/schema\/logo\/image\/","url":"https:\/\/www.bellunopress.it\/wp-content\/uploads\/2011\/05\/cropped-logo-bellunopress-.jpg","contentUrl":"https:\/\/www.bellunopress.it\/wp-content\/uploads\/2011\/05\/cropped-logo-bellunopress-.jpg","width":512,"height":512,"caption":"Bellunopress"},"image":{"@id":"https:\/\/www.bellunopress.it\/#\/schema\/logo\/image\/"},"sameAs":["https:\/\/www.facebook.com\/profile.php?id=100008943462799","https:\/\/x.com\/bellunopress","https:\/\/www.linkedin.com\/hp\/?dnr=JBzUWaJfMUw8vbXJJ2tVW5-I3jZKvC4wsoxE&amp;amp;amp;amp;amp;amp;trk=nav_responsive_tab_home","https:\/\/www.youtube.com\/channel\/UCxL0wu1uN0_3_7hGG0306cw"]},{"@type":"Person","@id":"https:\/\/www.bellunopress.it\/#\/schema\/person\/79bb06722b37ece1c03d3e94beb30d73","name":"r\u00e9daction","image":{"@type":"ImageObject","inLanguage":"fr-FR","@id":"https:\/\/secure.gravatar.com\/avatar\/37d968a2e67a6fd04c169c4bdef102d0bc5d31b2546345219e348575eb80e9a0?s=96&d=mm&r=g","url":"https:\/\/secure.gravatar.com\/avatar\/37d968a2e67a6fd04c169c4bdef102d0bc5d31b2546345219e348575eb80e9a0?s=96&d=mm&r=g","contentUrl":"https:\/\/secure.gravatar.com\/avatar\/37d968a2e67a6fd04c169c4bdef102d0bc5d31b2546345219e348575eb80e9a0?s=96&d=mm&r=g","caption":"redazione"},"sameAs":["http:\/\/www.bellunopress.it","https:\/\/x.com\/bellunopress"],"url":"https:\/\/www.bellunopress.it\/fr\/author\/redazione\/"}]}},"_links":{"self":[{"href":"https:\/\/www.bellunopress.it\/fr\/wp-json\/wp\/v2\/posts\/145763","targetHints":{"allow":["GET"]}}],"collection":[{"href":"https:\/\/www.bellunopress.it\/fr\/wp-json\/wp\/v2\/posts"}],"about":[{"href":"https:\/\/www.bellunopress.it\/fr\/wp-json\/wp\/v2\/types\/post"}],"author":[{"embeddable":true,"href":"https:\/\/www.bellunopress.it\/fr\/wp-json\/wp\/v2\/users\/2"}],"replies":[{"embeddable":true,"href":"https:\/\/www.bellunopress.it\/fr\/wp-json\/wp\/v2\/comments?post=145763"}],"version-history":[{"count":1,"href":"https:\/\/www.bellunopress.it\/fr\/wp-json\/wp\/v2\/posts\/145763\/revisions"}],"predecessor-version":[{"id":145765,"href":"https:\/\/www.bellunopress.it\/fr\/wp-json\/wp\/v2\/posts\/145763\/revisions\/145765"}],"wp:featuredmedia":[{"embeddable":true,"href":"https:\/\/www.bellunopress.it\/fr\/wp-json\/wp\/v2\/media\/145764"}],"wp:attachment":[{"href":"https:\/\/www.bellunopress.it\/fr\/wp-json\/wp\/v2\/media?parent=145763"}],"wp:term":[{"taxonomy":"category","embeddable":true,"href":"https:\/\/www.bellunopress.it\/fr\/wp-json\/wp\/v2\/categories?post=145763"},{"taxonomy":"post_tag","embeddable":true,"href":"https:\/\/www.bellunopress.it\/fr\/wp-json\/wp\/v2\/tags?post=145763"}],"curies":[{"name":"wp","href":"https:\/\/api.w.org\/{rel}","templated":true}]}}