{"id":145758,"date":"2023-11-09T10:05:55","date_gmt":"2023-11-09T09:05:55","guid":{"rendered":"https:\/\/www.bellunopress.it\/?p=145758"},"modified":"2023-11-09T10:06:31","modified_gmt":"2023-11-09T09:06:31","slug":"pista-da-bob-e-sanita-tutto-fa-brodo-purche-sia-business-zaia-allineato-allassemblea-di-confindustria","status":"publish","type":"post","link":"https:\/\/www.bellunopress.it\/fr\/2023\/11\/09\/pista-da-bob-e-sanita-tutto-fa-brodo-purche-sia-business-zaia-allineato-allassemblea-di-confindustria\/","title":{"rendered":"Pista da bob e sanit\u00e0, tutto fa brodo, purch\u00e9 sia business. Zaia allineato all&#8217;assemblea di Confindustria"},"content":{"rendered":"<p><img loading=\"lazy\" decoding=\"async\" class=\"alignleft size-full wp-image-145305\" src=\"https:\/\/www.bellunopress.it\/wp-content\/uploads\/2023\/10\/giu-le-mani-dalla-sanita-pubblica-belluno_edited.jpg\" alt=\"\" width=\"1000\" height=\"563\" srcset=\"https:\/\/www.bellunopress.it\/wp-content\/uploads\/2023\/10\/giu-le-mani-dalla-sanita-pubblica-belluno_edited.jpg 1000w, https:\/\/www.bellunopress.it\/wp-content\/uploads\/2023\/10\/giu-le-mani-dalla-sanita-pubblica-belluno_edited-500x282.jpg 500w, https:\/\/www.bellunopress.it\/wp-content\/uploads\/2023\/10\/giu-le-mani-dalla-sanita-pubblica-belluno_edited-696x392.jpg 696w\" sizes=\"auto, (max-width: 1000px) 100vw, 1000px\" \/>C\u2019eravamo anche noi luned\u00ec 6\/11 all\u2019assemblea annuale di Confindustria al Teatro Comunale di Belluno.<br \/>\nIl \u201cfattore Olimpiadi\u201d \u00e8 stato argomento centrale: \u201cla nostra grande occasione\u201d per dotare la montagna di nuove infrastrutture, trattenere i giovani, la soluzione a tutti i nostri mali insomma. Non parliamo poi della pista da bob: cosa volete che siano 120 milioni di euro e rotti (ad essere ottimisti) rispetto ai grandi vantaggi che ci avrebbe portato\u2026 e via cosi.<\/p>\n<p>Al di l\u00e0 di questo eravamo presenti per sentire l\u2019intervento del Presidente della regione.<br \/>\nAd un appuntamento di Confindustria, si sa, si parla di business, che si tratti di Olimpiadi o di Sanit\u00e0 e Luca Zaia, interpellato sui problemi del Sistema Sanitario, si \u00e8 calato perfettamente nella parte del manager:<\/p>\n<p>\u201cHo una visione molto nitida del problema: la vedo dal punto di vista industriale..\u201d<br \/>\n\u201cDa una parte abbiamo il professionista che eroga la prestazione nella nostra azienda, dall\u2019altro abbiamo il cliente\/paziente che mi da un incremento della richiesta di prestazioni\u201d<\/p>\n<p>I termini usati possono lasciare allibiti, ma questa \u00e8 la situazione: i medici sono diventati professionisti che erogano beni di consumo a clienti sempre pi\u00f9 esigenti. Le Aziende ospedaliere devono produrre e risparmiare. I bilanci sono centrali e i direttori sanitari vengono valutati in base a quanto risparmiano.<br \/>\nQuesto \u00e8 il nocciolo del problema: se non viene messa in crisi questa visione non ci sar\u00e0 fine al peggio. Ma non siamo per niente fiduciosi di un futuro migliore se il Presidente della regione ci spiega che non \u00e8 vero che i medici scappano dal pubblico per andare nel privato, o che \u201ci gettonisti sono i nostri medici che escono da pensionati ed entrano con le cooperative\u201d.<br \/>\nZaia, poi, non dovrebbe stupirsi se la richiesta di prestazioni cresce. Lo dice lui che mancano 50.000 medici in Italia, dei quali 3.500 in Veneto, e che la programmazione \u00e8 stata sbagliata. Ma subito dopo afferma che i motivi invece sono: la \u201cmedicina difensiva\u201d (il medico eroga troppe prestazioni per non rischiare denunce da parte del paziente); la scarsa appropriatezza di alcune prescrizioni; l\u2019eccesso di domanda di prestazioni \u201cprovocata\u201d dall\u2019elevata offerta tecnologica: abbiamo investito cos\u00ec tanto in tecnologia che abbiamo provocato ancora pi\u00f9 richieste di prestazioni\u2026 ma se non abbiamo medici come facciamo?<br \/>\nColpa di medici pavidi e pazienti troppo esigenti quindi?<\/p>\n<p>Noi crediamo invece che \u201cil vero problema non sono i medici a gettone, ma lo stato della sanit\u00e0 pubblica e le condizioni di lavoro del personale medico e sanitario\u201d, come sostiene Pierino di Silverio, presidente ANAAO Assomed. Il fuggi fuggi generale \u00e8 provocato dalle infernali condizioni in cui si trova ad operare chi lavora in ospedale, dalle pressioni a cui sono sottoposti. Dalle retribuzioni e carriere bloccate, dai turni massacranti. Dai tagli che, dal 2015, hanno cancellato 35.000 posti letto e 7.000 reparti in tutta Italia, che hanno colpito anche la medicina territoriale e i medici di famiglia. E potremmo elencarne molti altri di meccanismi perversi che hanno stanno distruggendo il Sistema sanitario nazionale.<\/p>\n<p>Ecco perch\u00e9 eravamo in piazza il 28 ottobre a Belluno: perch\u00e9 non sar\u00e0 la visione aziendalistica, \u201colimpica\u201d, a risolvere i nostri problemi, non sar\u00e0 la cura trattata come business in aziende che non sono pi\u00f9 ospedali a garantirci un futuro migliore, ma solo una mobilitazione di persone, utenti (non clienti), medici e personale sanitario, informata e determinata riuscir\u00e0 a ribaltare i termini del discorso ed invertire la rotta.<\/p>\n<p>LA SANIT\u00c0 NON PU\u00d2 ESSERE UN BUSINESS,<br \/>\nMA IL MIGLIORE INVESTIMENTO PER IL NOSTRO FUTURO!<\/p>\n<p>Altro luogo e altro scenario. Al Consiglio Comunale di Feltre svolto il 6 novembre scorso e on line, alla precisa domanda dell\u2019assessore di opposizione Del Bianco sul perch\u00e9 della mancata partecipazione della Sindaca di Feltre alla manifestazione del 28 ottobre la risposta \u00e8 stata: \u201cla manifestazione era troppo politicizzata\u201d. Senza polemica, ma per corretta conoscenza, CoVesap ( il \u201cCoordinamento Veneto Sanit\u00e0 Pubblica\u201d) promotore della manifestazione e la \u201cRete Gi\u00f9 Le mani dalla Sanit\u00e0 Bellunese\u201d fanno da tempo politica: si interessano ai problemi che, legati anche al territorio, riguardano il sistema sanitario pubblico. Fanno politica perch\u00e9 animano confronti, sollecitano opinioni, hanno una visione d\u2019insieme e danno la possibilit\u00e0 di partecipare attivamente ad un cambiamento. Se a Belluno c\u2019erano bandiere questo riguarda scelte di singoli sindacati o schieramenti politici, ma su una presenza di 4.000 e pi\u00f9 persone non potevano passare inosservati i tanti cartelli, striscioni e soprattutto le PERSONE che chiedevano (e chiedono) attenzione anche dagli Amministratori verso tutti quegli aspetti sociali e sanitari carenti anche nella nostra provincia. A fine agosto poi abbiamo chiesto anche che la Conferenza dei Sindaci sia luogo aperto alla cittadinanza e agli organi di informazione e che venga pubblicato il Verbale degli incontri che si svolgono, ci\u00f2 in rispetto di un Regolamento vigente ma soprattutto verso tutti coloro che vivono nei Comuni che rappresentano. Stiamo aspettando delle risposte ma nel frattempo \u00e8 nostro dovere sollecitare che vengano date informazioni corrette.<\/p>\n<p><strong>LA RETE GIU\u2019 LE MANI DALLA SANITA\u2019 BELLUNESE<\/strong><\/p>\n<p>&nbsp;<\/p>\n<p>&nbsp;<\/p>","protected":false},"excerpt":{"rendered":"<p>C\u2019eravamo anche noi luned\u00ec 6\/11 all\u2019assemblea annuale di Confindustria al Teatro Comunale di Belluno. Il \u201cfattore Olimpiadi\u201d \u00e8 stato argomento centrale: \u201cla nostra grande occasione\u201d per dotare la montagna di nuove infrastrutture, trattenere i giovani, la soluzione a tutti i nostri mali insomma. Non parliamo poi della pista da bob: cosa volete che siano 120 [&hellip;]<\/p>\n","protected":false},"author":2,"featured_media":125311,"comment_status":"closed","ping_status":"open","sticky":false,"template":"","format":"standard","meta":{"footnotes":""},"categories":[5,3446,36,26],"tags":[],"class_list":["post-145758","post","type-post","status-publish","format-standard","has-post-thumbnail","category-cronaca","category-featured","category-lavoro-economia","category-prima-pagina"],"yoast_head":"<!-- This site is optimized with the Yoast SEO plugin v28.4 - https:\/\/yoast.com\/product\/yoast-seo-wordpress\/ -->\n<title>Pista da bob e sanit\u00e0, tutto fa brodo, purch\u00e9 sia business. Zaia allineato all&#039;assemblea di Confindustria - Bellunopress - Dolomiti<\/title>\n<meta name=\"robots\" content=\"index, follow, max-snippet:-1, max-image-preview:large, max-video-preview:-1\" \/>\n<link rel=\"canonical\" href=\"https:\/\/www.bellunopress.it\/fr\/2023\/11\/09\/pista-da-bob-e-sanita-tutto-fa-brodo-purche-sia-business-zaia-allineato-allassemblea-di-confindustria\/\" \/>\n<meta property=\"og:locale\" content=\"fr_FR\" \/>\n<meta property=\"og:type\" content=\"article\" \/>\n<meta property=\"og:title\" content=\"Pista da bob e sanit\u00e0, tutto fa brodo, purch\u00e9 sia business. Zaia allineato all&#039;assemblea di Confindustria - Bellunopress - Dolomiti\" \/>\n<meta property=\"og:description\" content=\"C\u2019eravamo anche noi luned\u00ec 6\/11 all\u2019assemblea annuale di Confindustria al Teatro Comunale di Belluno. Il \u201cfattore Olimpiadi\u201d \u00e8 stato argomento centrale: \u201cla nostra grande occasione\u201d per dotare la montagna di nuove infrastrutture, trattenere i giovani, la soluzione a tutti i nostri mali insomma. Non parliamo poi della pista da bob: cosa volete che siano 120 [&hellip;]\" \/>\n<meta property=\"og:url\" content=\"https:\/\/www.bellunopress.it\/fr\/2023\/11\/09\/pista-da-bob-e-sanita-tutto-fa-brodo-purche-sia-business-zaia-allineato-allassemblea-di-confindustria\/\" \/>\n<meta property=\"og:site_name\" content=\"Bellunopress - Dolomiti\" \/>\n<meta property=\"article:publisher\" content=\"https:\/\/www.facebook.com\/profile.php?id=100008943462799\" \/>\n<meta property=\"article:published_time\" content=\"2023-11-09T09:05:55+00:00\" \/>\n<meta property=\"article:modified_time\" content=\"2023-11-09T09:06:31+00:00\" \/>\n<meta property=\"og:image\" content=\"https:\/\/www.bellunopress.it\/wp-content\/uploads\/2021\/06\/teatro-comunale-1-piano_edited.jpg\" \/>\n\t<meta property=\"og:image:width\" content=\"800\" \/>\n\t<meta property=\"og:image:height\" content=\"600\" \/>\n\t<meta property=\"og:image:type\" content=\"image\/jpeg\" \/>\n<meta name=\"author\" content=\"redazione\" \/>\n<meta name=\"twitter:card\" content=\"summary_large_image\" \/>\n<meta name=\"twitter:creator\" content=\"@bellunopress\" \/>\n<meta name=\"twitter:site\" content=\"@bellunopress\" \/>\n<meta name=\"twitter:label1\" content=\"Written by\" \/>\n\t<meta name=\"twitter:data1\" content=\"redazione\" \/>\n\t<meta name=\"twitter:label2\" content=\"Est. reading time\" \/>\n\t<meta name=\"twitter:data2\" content=\"4 minutes\" \/>\n<script type=\"application\/ld+json\" class=\"yoast-schema-graph\">{\"@context\":\"https:\\\/\\\/schema.org\",\"@graph\":[{\"@type\":\"Article\",\"@id\":\"https:\\\/\\\/www.bellunopress.it\\\/2023\\\/11\\\/09\\\/pista-da-bob-e-sanita-tutto-fa-brodo-purche-sia-business-zaia-allineato-allassemblea-di-confindustria\\\/#article\",\"isPartOf\":{\"@id\":\"https:\\\/\\\/www.bellunopress.it\\\/2023\\\/11\\\/09\\\/pista-da-bob-e-sanita-tutto-fa-brodo-purche-sia-business-zaia-allineato-allassemblea-di-confindustria\\\/\"},\"author\":{\"name\":\"redazione\",\"@id\":\"https:\\\/\\\/www.bellunopress.it\\\/#\\\/schema\\\/person\\\/79bb06722b37ece1c03d3e94beb30d73\"},\"headline\":\"Pista da bob e sanit\u00e0, tutto fa brodo, purch\u00e9 sia business. Zaia allineato all&#8217;assemblea di Confindustria\",\"datePublished\":\"2023-11-09T09:05:55+00:00\",\"dateModified\":\"2023-11-09T09:06:31+00:00\",\"mainEntityOfPage\":{\"@id\":\"https:\\\/\\\/www.bellunopress.it\\\/2023\\\/11\\\/09\\\/pista-da-bob-e-sanita-tutto-fa-brodo-purche-sia-business-zaia-allineato-allassemblea-di-confindustria\\\/\"},\"wordCount\":830,\"publisher\":{\"@id\":\"https:\\\/\\\/www.bellunopress.it\\\/#organization\"},\"image\":{\"@id\":\"https:\\\/\\\/www.bellunopress.it\\\/2023\\\/11\\\/09\\\/pista-da-bob-e-sanita-tutto-fa-brodo-purche-sia-business-zaia-allineato-allassemblea-di-confindustria\\\/#primaryimage\"},\"thumbnailUrl\":\"https:\\\/\\\/www.bellunopress.it\\\/wp-content\\\/uploads\\\/2021\\\/06\\\/teatro-comunale-1-piano_edited.jpg\",\"articleSection\":[\"Cronaca\\\/Politica\",\"Featured\",\"Lavoro, Economia, Turismo\",\"Prima Pagina\"],\"inLanguage\":\"fr-FR\"},{\"@type\":\"WebPage\",\"@id\":\"https:\\\/\\\/www.bellunopress.it\\\/2023\\\/11\\\/09\\\/pista-da-bob-e-sanita-tutto-fa-brodo-purche-sia-business-zaia-allineato-allassemblea-di-confindustria\\\/\",\"url\":\"https:\\\/\\\/www.bellunopress.it\\\/2023\\\/11\\\/09\\\/pista-da-bob-e-sanita-tutto-fa-brodo-purche-sia-business-zaia-allineato-allassemblea-di-confindustria\\\/\",\"name\":\"Pista da bob e sanit\u00e0, tutto fa brodo, purch\u00e9 sia business. Zaia allineato all'assemblea di Confindustria - Bellunopress - Dolomiti\",\"isPartOf\":{\"@id\":\"https:\\\/\\\/www.bellunopress.it\\\/#website\"},\"primaryImageOfPage\":{\"@id\":\"https:\\\/\\\/www.bellunopress.it\\\/2023\\\/11\\\/09\\\/pista-da-bob-e-sanita-tutto-fa-brodo-purche-sia-business-zaia-allineato-allassemblea-di-confindustria\\\/#primaryimage\"},\"image\":{\"@id\":\"https:\\\/\\\/www.bellunopress.it\\\/2023\\\/11\\\/09\\\/pista-da-bob-e-sanita-tutto-fa-brodo-purche-sia-business-zaia-allineato-allassemblea-di-confindustria\\\/#primaryimage\"},\"thumbnailUrl\":\"https:\\\/\\\/www.bellunopress.it\\\/wp-content\\\/uploads\\\/2021\\\/06\\\/teatro-comunale-1-piano_edited.jpg\",\"datePublished\":\"2023-11-09T09:05:55+00:00\",\"dateModified\":\"2023-11-09T09:06:31+00:00\",\"breadcrumb\":{\"@id\":\"https:\\\/\\\/www.bellunopress.it\\\/2023\\\/11\\\/09\\\/pista-da-bob-e-sanita-tutto-fa-brodo-purche-sia-business-zaia-allineato-allassemblea-di-confindustria\\\/#breadcrumb\"},\"inLanguage\":\"fr-FR\",\"potentialAction\":[{\"@type\":\"ReadAction\",\"target\":[\"https:\\\/\\\/www.bellunopress.it\\\/2023\\\/11\\\/09\\\/pista-da-bob-e-sanita-tutto-fa-brodo-purche-sia-business-zaia-allineato-allassemblea-di-confindustria\\\/\"]}]},{\"@type\":\"ImageObject\",\"inLanguage\":\"fr-FR\",\"@id\":\"https:\\\/\\\/www.bellunopress.it\\\/2023\\\/11\\\/09\\\/pista-da-bob-e-sanita-tutto-fa-brodo-purche-sia-business-zaia-allineato-allassemblea-di-confindustria\\\/#primaryimage\",\"url\":\"https:\\\/\\\/www.bellunopress.it\\\/wp-content\\\/uploads\\\/2021\\\/06\\\/teatro-comunale-1-piano_edited.jpg\",\"contentUrl\":\"https:\\\/\\\/www.bellunopress.it\\\/wp-content\\\/uploads\\\/2021\\\/06\\\/teatro-comunale-1-piano_edited.jpg\",\"width\":800,\"height\":600,\"caption\":\"Teatro Comunale di Belluno\"},{\"@type\":\"BreadcrumbList\",\"@id\":\"https:\\\/\\\/www.bellunopress.it\\\/2023\\\/11\\\/09\\\/pista-da-bob-e-sanita-tutto-fa-brodo-purche-sia-business-zaia-allineato-allassemblea-di-confindustria\\\/#breadcrumb\",\"itemListElement\":[{\"@type\":\"ListItem\",\"position\":1,\"name\":\"Home\",\"item\":\"https:\\\/\\\/www.bellunopress.it\\\/\"},{\"@type\":\"ListItem\",\"position\":2,\"name\":\"Pista da bob e sanit\u00e0, tutto fa brodo, purch\u00e9 sia business. Zaia allineato all&#8217;assemblea di Confindustria\"}]},{\"@type\":\"WebSite\",\"@id\":\"https:\\\/\\\/www.bellunopress.it\\\/#website\",\"url\":\"https:\\\/\\\/www.bellunopress.it\\\/\",\"name\":\"Bellunopress - Dolomiti\",\"description\":\"e-mail: redazione@bellunopress.it\",\"publisher\":{\"@id\":\"https:\\\/\\\/www.bellunopress.it\\\/#organization\"},\"potentialAction\":[{\"@type\":\"SearchAction\",\"target\":{\"@type\":\"EntryPoint\",\"urlTemplate\":\"https:\\\/\\\/www.bellunopress.it\\\/?s={search_term_string}\"},\"query-input\":{\"@type\":\"PropertyValueSpecification\",\"valueRequired\":true,\"valueName\":\"search_term_string\"}}],\"inLanguage\":\"fr-FR\"},{\"@type\":\"Organization\",\"@id\":\"https:\\\/\\\/www.bellunopress.it\\\/#organization\",\"name\":\"Bellunopress\",\"url\":\"https:\\\/\\\/www.bellunopress.it\\\/\",\"logo\":{\"@type\":\"ImageObject\",\"inLanguage\":\"fr-FR\",\"@id\":\"https:\\\/\\\/www.bellunopress.it\\\/#\\\/schema\\\/logo\\\/image\\\/\",\"url\":\"https:\\\/\\\/www.bellunopress.it\\\/wp-content\\\/uploads\\\/2011\\\/05\\\/cropped-logo-bellunopress-.jpg\",\"contentUrl\":\"https:\\\/\\\/www.bellunopress.it\\\/wp-content\\\/uploads\\\/2011\\\/05\\\/cropped-logo-bellunopress-.jpg\",\"width\":512,\"height\":512,\"caption\":\"Bellunopress\"},\"image\":{\"@id\":\"https:\\\/\\\/www.bellunopress.it\\\/#\\\/schema\\\/logo\\\/image\\\/\"},\"sameAs\":[\"https:\\\/\\\/www.facebook.com\\\/profile.php?id=100008943462799\",\"https:\\\/\\\/x.com\\\/bellunopress\",\"https:\\\/\\\/www.linkedin.com\\\/hp\\\/?dnr=JBzUWaJfMUw8vbXJJ2tVW5-I3jZKvC4wsoxE&amp;amp;amp;amp;amp;amp;trk=nav_responsive_tab_home\",\"https:\\\/\\\/www.youtube.com\\\/channel\\\/UCxL0wu1uN0_3_7hGG0306cw\"]},{\"@type\":\"Person\",\"@id\":\"https:\\\/\\\/www.bellunopress.it\\\/#\\\/schema\\\/person\\\/79bb06722b37ece1c03d3e94beb30d73\",\"name\":\"redazione\",\"image\":{\"@type\":\"ImageObject\",\"inLanguage\":\"fr-FR\",\"@id\":\"https:\\\/\\\/secure.gravatar.com\\\/avatar\\\/37d968a2e67a6fd04c169c4bdef102d0bc5d31b2546345219e348575eb80e9a0?s=96&d=mm&r=g\",\"url\":\"https:\\\/\\\/secure.gravatar.com\\\/avatar\\\/37d968a2e67a6fd04c169c4bdef102d0bc5d31b2546345219e348575eb80e9a0?s=96&d=mm&r=g\",\"contentUrl\":\"https:\\\/\\\/secure.gravatar.com\\\/avatar\\\/37d968a2e67a6fd04c169c4bdef102d0bc5d31b2546345219e348575eb80e9a0?s=96&d=mm&r=g\",\"caption\":\"redazione\"},\"sameAs\":[\"http:\\\/\\\/www.bellunopress.it\",\"https:\\\/\\\/x.com\\\/bellunopress\"],\"url\":\"https:\\\/\\\/www.bellunopress.it\\\/fr\\\/author\\\/redazione\\\/\"}]}<\/script>\n<!-- \/ Yoast SEO plugin. -->","yoast_head_json":{"title":"Pista da bob e sanit\u00e0, tutto fa brodo, purch\u00e9 sia business. Zaia allineato all'assemblea di Confindustria - Bellunopress - Dolomiti","robots":{"index":"index","follow":"follow","max-snippet":"max-snippet:-1","max-image-preview":"max-image-preview:large","max-video-preview":"max-video-preview:-1"},"canonical":"https:\/\/www.bellunopress.it\/fr\/2023\/11\/09\/pista-da-bob-e-sanita-tutto-fa-brodo-purche-sia-business-zaia-allineato-allassemblea-di-confindustria\/","og_locale":"fr_FR","og_type":"article","og_title":"Pista da bob e sanit\u00e0, tutto fa brodo, purch\u00e9 sia business. Zaia allineato all'assemblea di Confindustria - Bellunopress - Dolomiti","og_description":"C\u2019eravamo anche noi luned\u00ec 6\/11 all\u2019assemblea annuale di Confindustria al Teatro Comunale di Belluno. Il \u201cfattore Olimpiadi\u201d \u00e8 stato argomento centrale: \u201cla nostra grande occasione\u201d per dotare la montagna di nuove infrastrutture, trattenere i giovani, la soluzione a tutti i nostri mali insomma. Non parliamo poi della pista da bob: cosa volete che siano 120 [&hellip;]","og_url":"https:\/\/www.bellunopress.it\/fr\/2023\/11\/09\/pista-da-bob-e-sanita-tutto-fa-brodo-purche-sia-business-zaia-allineato-allassemblea-di-confindustria\/","og_site_name":"Bellunopress - Dolomiti","article_publisher":"https:\/\/www.facebook.com\/profile.php?id=100008943462799","article_published_time":"2023-11-09T09:05:55+00:00","article_modified_time":"2023-11-09T09:06:31+00:00","og_image":[{"width":800,"height":600,"url":"https:\/\/www.bellunopress.it\/wp-content\/uploads\/2021\/06\/teatro-comunale-1-piano_edited.jpg","type":"image\/jpeg"}],"author":"redazione","twitter_card":"summary_large_image","twitter_creator":"@bellunopress","twitter_site":"@bellunopress","twitter_misc":{"Written by":"redazione","Est. reading time":"4 minutes"},"schema":{"@context":"https:\/\/schema.org","@graph":[{"@type":"Article","@id":"https:\/\/www.bellunopress.it\/2023\/11\/09\/pista-da-bob-e-sanita-tutto-fa-brodo-purche-sia-business-zaia-allineato-allassemblea-di-confindustria\/#article","isPartOf":{"@id":"https:\/\/www.bellunopress.it\/2023\/11\/09\/pista-da-bob-e-sanita-tutto-fa-brodo-purche-sia-business-zaia-allineato-allassemblea-di-confindustria\/"},"author":{"name":"redazione","@id":"https:\/\/www.bellunopress.it\/#\/schema\/person\/79bb06722b37ece1c03d3e94beb30d73"},"headline":"Pista da bob e sanit\u00e0, tutto fa brodo, purch\u00e9 sia business. Zaia allineato all&#8217;assemblea di Confindustria","datePublished":"2023-11-09T09:05:55+00:00","dateModified":"2023-11-09T09:06:31+00:00","mainEntityOfPage":{"@id":"https:\/\/www.bellunopress.it\/2023\/11\/09\/pista-da-bob-e-sanita-tutto-fa-brodo-purche-sia-business-zaia-allineato-allassemblea-di-confindustria\/"},"wordCount":830,"publisher":{"@id":"https:\/\/www.bellunopress.it\/#organization"},"image":{"@id":"https:\/\/www.bellunopress.it\/2023\/11\/09\/pista-da-bob-e-sanita-tutto-fa-brodo-purche-sia-business-zaia-allineato-allassemblea-di-confindustria\/#primaryimage"},"thumbnailUrl":"https:\/\/www.bellunopress.it\/wp-content\/uploads\/2021\/06\/teatro-comunale-1-piano_edited.jpg","articleSection":["Cronaca\/Politica","Featured","Lavoro, Economia, Turismo","Prima Pagina"],"inLanguage":"fr-FR"},{"@type":"WebPage","@id":"https:\/\/www.bellunopress.it\/2023\/11\/09\/pista-da-bob-e-sanita-tutto-fa-brodo-purche-sia-business-zaia-allineato-allassemblea-di-confindustria\/","url":"https:\/\/www.bellunopress.it\/2023\/11\/09\/pista-da-bob-e-sanita-tutto-fa-brodo-purche-sia-business-zaia-allineato-allassemblea-di-confindustria\/","name":"Pista da bob e sanit\u00e0, tutto fa brodo, purch\u00e9 sia business. Zaia allineato all'assemblea di Confindustria - Bellunopress - Dolomiti","isPartOf":{"@id":"https:\/\/www.bellunopress.it\/#website"},"primaryImageOfPage":{"@id":"https:\/\/www.bellunopress.it\/2023\/11\/09\/pista-da-bob-e-sanita-tutto-fa-brodo-purche-sia-business-zaia-allineato-allassemblea-di-confindustria\/#primaryimage"},"image":{"@id":"https:\/\/www.bellunopress.it\/2023\/11\/09\/pista-da-bob-e-sanita-tutto-fa-brodo-purche-sia-business-zaia-allineato-allassemblea-di-confindustria\/#primaryimage"},"thumbnailUrl":"https:\/\/www.bellunopress.it\/wp-content\/uploads\/2021\/06\/teatro-comunale-1-piano_edited.jpg","datePublished":"2023-11-09T09:05:55+00:00","dateModified":"2023-11-09T09:06:31+00:00","breadcrumb":{"@id":"https:\/\/www.bellunopress.it\/2023\/11\/09\/pista-da-bob-e-sanita-tutto-fa-brodo-purche-sia-business-zaia-allineato-allassemblea-di-confindustria\/#breadcrumb"},"inLanguage":"fr-FR","potentialAction":[{"@type":"ReadAction","target":["https:\/\/www.bellunopress.it\/2023\/11\/09\/pista-da-bob-e-sanita-tutto-fa-brodo-purche-sia-business-zaia-allineato-allassemblea-di-confindustria\/"]}]},{"@type":"ImageObject","inLanguage":"fr-FR","@id":"https:\/\/www.bellunopress.it\/2023\/11\/09\/pista-da-bob-e-sanita-tutto-fa-brodo-purche-sia-business-zaia-allineato-allassemblea-di-confindustria\/#primaryimage","url":"https:\/\/www.bellunopress.it\/wp-content\/uploads\/2021\/06\/teatro-comunale-1-piano_edited.jpg","contentUrl":"https:\/\/www.bellunopress.it\/wp-content\/uploads\/2021\/06\/teatro-comunale-1-piano_edited.jpg","width":800,"height":600,"caption":"Teatro Comunale di Belluno"},{"@type":"BreadcrumbList","@id":"https:\/\/www.bellunopress.it\/2023\/11\/09\/pista-da-bob-e-sanita-tutto-fa-brodo-purche-sia-business-zaia-allineato-allassemblea-di-confindustria\/#breadcrumb","itemListElement":[{"@type":"ListItem","position":1,"name":"Home","item":"https:\/\/www.bellunopress.it\/"},{"@type":"ListItem","position":2,"name":"Pista da bob e sanit\u00e0, tutto fa brodo, purch\u00e9 sia business. Zaia allineato all&#8217;assemblea di Confindustria"}]},{"@type":"WebSite","@id":"https:\/\/www.bellunopress.it\/#website","url":"https:\/\/www.bellunopress.it\/","name":"Bellunopress - Dolomiti","description":"e-mail: redazione@bellunopress.it","publisher":{"@id":"https:\/\/www.bellunopress.it\/#organization"},"potentialAction":[{"@type":"SearchAction","target":{"@type":"EntryPoint","urlTemplate":"https:\/\/www.bellunopress.it\/?s={search_term_string}"},"query-input":{"@type":"PropertyValueSpecification","valueRequired":true,"valueName":"search_term_string"}}],"inLanguage":"fr-FR"},{"@type":"Organization","@id":"https:\/\/www.bellunopress.it\/#organization","name":"Bellunopress","url":"https:\/\/www.bellunopress.it\/","logo":{"@type":"ImageObject","inLanguage":"fr-FR","@id":"https:\/\/www.bellunopress.it\/#\/schema\/logo\/image\/","url":"https:\/\/www.bellunopress.it\/wp-content\/uploads\/2011\/05\/cropped-logo-bellunopress-.jpg","contentUrl":"https:\/\/www.bellunopress.it\/wp-content\/uploads\/2011\/05\/cropped-logo-bellunopress-.jpg","width":512,"height":512,"caption":"Bellunopress"},"image":{"@id":"https:\/\/www.bellunopress.it\/#\/schema\/logo\/image\/"},"sameAs":["https:\/\/www.facebook.com\/profile.php?id=100008943462799","https:\/\/x.com\/bellunopress","https:\/\/www.linkedin.com\/hp\/?dnr=JBzUWaJfMUw8vbXJJ2tVW5-I3jZKvC4wsoxE&amp;amp;amp;amp;amp;amp;trk=nav_responsive_tab_home","https:\/\/www.youtube.com\/channel\/UCxL0wu1uN0_3_7hGG0306cw"]},{"@type":"Person","@id":"https:\/\/www.bellunopress.it\/#\/schema\/person\/79bb06722b37ece1c03d3e94beb30d73","name":"r\u00e9daction","image":{"@type":"ImageObject","inLanguage":"fr-FR","@id":"https:\/\/secure.gravatar.com\/avatar\/37d968a2e67a6fd04c169c4bdef102d0bc5d31b2546345219e348575eb80e9a0?s=96&d=mm&r=g","url":"https:\/\/secure.gravatar.com\/avatar\/37d968a2e67a6fd04c169c4bdef102d0bc5d31b2546345219e348575eb80e9a0?s=96&d=mm&r=g","contentUrl":"https:\/\/secure.gravatar.com\/avatar\/37d968a2e67a6fd04c169c4bdef102d0bc5d31b2546345219e348575eb80e9a0?s=96&d=mm&r=g","caption":"redazione"},"sameAs":["http:\/\/www.bellunopress.it","https:\/\/x.com\/bellunopress"],"url":"https:\/\/www.bellunopress.it\/fr\/author\/redazione\/"}]}},"_links":{"self":[{"href":"https:\/\/www.bellunopress.it\/fr\/wp-json\/wp\/v2\/posts\/145758","targetHints":{"allow":["GET"]}}],"collection":[{"href":"https:\/\/www.bellunopress.it\/fr\/wp-json\/wp\/v2\/posts"}],"about":[{"href":"https:\/\/www.bellunopress.it\/fr\/wp-json\/wp\/v2\/types\/post"}],"author":[{"embeddable":true,"href":"https:\/\/www.bellunopress.it\/fr\/wp-json\/wp\/v2\/users\/2"}],"replies":[{"embeddable":true,"href":"https:\/\/www.bellunopress.it\/fr\/wp-json\/wp\/v2\/comments?post=145758"}],"version-history":[{"count":2,"href":"https:\/\/www.bellunopress.it\/fr\/wp-json\/wp\/v2\/posts\/145758\/revisions"}],"predecessor-version":[{"id":145760,"href":"https:\/\/www.bellunopress.it\/fr\/wp-json\/wp\/v2\/posts\/145758\/revisions\/145760"}],"wp:featuredmedia":[{"embeddable":true,"href":"https:\/\/www.bellunopress.it\/fr\/wp-json\/wp\/v2\/media\/125311"}],"wp:attachment":[{"href":"https:\/\/www.bellunopress.it\/fr\/wp-json\/wp\/v2\/media?parent=145758"}],"wp:term":[{"taxonomy":"category","embeddable":true,"href":"https:\/\/www.bellunopress.it\/fr\/wp-json\/wp\/v2\/categories?post=145758"},{"taxonomy":"post_tag","embeddable":true,"href":"https:\/\/www.bellunopress.it\/fr\/wp-json\/wp\/v2\/tags?post=145758"}],"curies":[{"name":"wp","href":"https:\/\/api.w.org\/{rel}","templated":true}]}}