{"id":145753,"date":"2023-11-09T07:57:16","date_gmt":"2023-11-09T06:57:16","guid":{"rendered":"https:\/\/www.bellunopress.it\/?p=145753"},"modified":"2023-11-09T07:57:16","modified_gmt":"2023-11-09T06:57:16","slug":"lassociazione-internazionale-dino-buzzati-venerdi-10-in-assemblea-a-feltre","status":"publish","type":"post","link":"https:\/\/www.bellunopress.it\/fr\/2023\/11\/09\/lassociazione-internazionale-dino-buzzati-venerdi-10-in-assemblea-a-feltre\/","title":{"rendered":"L\u2019Associazione internazionale Dino Buzzati venerd\u00ec 10 in assemblea a Feltre"},"content":{"rendered":"<figure id=\"attachment_6837\" aria-describedby=\"caption-attachment-6837\" style=\"width: 280px\" class=\"wp-caption alignleft\"><img loading=\"lazy\" decoding=\"async\" class=\"size-full wp-image-6837\" src=\"https:\/\/www.bellunopress.it\/wp-content\/uploads\/2009\/08\/buzzati1-leggera.jpg\" alt=\"\" width=\"280\" height=\"207\" \/><figcaption id=\"caption-attachment-6837\" class=\"wp-caption-text\">Dino Buzzati<\/figcaption><\/figure>\n<p>Dopo i convegni d\u2019autunno nelle universit\u00e0 di Chambery, Venezia Ca\u2019 Foscari e Salamanca, e dopo la serata del 7 novembre per l\u2019intitolazione del Teatro Comunale di Belluno a Dino Buzzati, come deliberato in data 30 ottobre dal Consiglio Direttivo l\u2019Assemblea annuale dell\u2019Associazione internazionale Dino Buzzati \u00e8 convocata, ai sensi dell\u2019art. 9 dello Statuto per venerd\u00ec 10 novembre alle ore 17 presso la sede municipale di Feltre, in Piazza Maggiore.<\/p>\n<p>All\u2019ordine del giorno:<br \/>\n1) Relazione morale del presidente Marco Perale<br \/>\n2) Stato di avanzamento editoriale di Rivista \u201cStdu buzzatiani\u201d, Quaderni e altre pubblicazioni<br \/>\n3) Presentazione bilancio consuntivo 2022 e preventivo 2023<br \/>\n4) Discussione ed eventuale approvazione dei bilanci associativi<\/p>\n<p>A seguire, alle ore 17,30 si terr\u00e0 la consueta cerimonia di conferimento delle borse di studio, offerte quest\u2019anno dal Rotary Club di Feltre, dal Lions Club di Belluno e dal socio Stefano Rossi, che affiancano ormai da anni l\u2019Associazione in questo impegno.<br \/>\nI due premiati di quest\u2019anno, Bulent Ayyildiz dell\u2019Universit\u00e0 di Ankara (Turchia) e Virginia Benedetti dottoranda dell\u2019Universit\u00e0 per stranieri di Perugia \/ Chambery-Savoye Mont Blanc, presenteranno i loro progetti di studio.<br \/>\nAl termine, verranno presentate le ultime pubblicazioni realizzate, finanziate o sostenute dall\u2019Associazione nel corso del 2023<\/p>\n<p>Quanti non fossero in regola con il pagamento delle quote sociali potranno sanare la loro posizione prima dell\u2019inizio dell\u2019assemblea e partecipare quindi ai lavori<\/p>\n<p>&nbsp;<\/p>","protected":false},"excerpt":{"rendered":"<p>Dopo i convegni d\u2019autunno nelle universit\u00e0 di Chambery, Venezia Ca\u2019 Foscari e Salamanca, e dopo la serata del 7 novembre per l\u2019intitolazione del Teatro Comunale di Belluno a Dino Buzzati, come deliberato in data 30 ottobre dal Consiglio Direttivo l\u2019Assemblea annuale dell\u2019Associazione internazionale Dino Buzzati \u00e8 convocata, ai sensi dell\u2019art. 9 dello Statuto per venerd\u00ec [&hellip;]<\/p>\n","protected":false},"author":2,"featured_media":130850,"comment_status":"closed","ping_status":"open","sticky":false,"template":"","format":"standard","meta":{"footnotes":""},"categories":[8],"tags":[],"class_list":["post-145753","post","type-post","status-publish","format-standard","has-post-thumbnail","category-societa-istituzioni"],"yoast_head":"<!-- This site is optimized with the Yoast SEO plugin v28.4 - https:\/\/yoast.com\/product\/yoast-seo-wordpress\/ -->\n<title>L\u2019Associazione internazionale Dino Buzzati venerd\u00ec 10 in assemblea a Feltre - Bellunopress - Dolomiti<\/title>\n<meta name=\"robots\" content=\"index, follow, max-snippet:-1, max-image-preview:large, max-video-preview:-1\" \/>\n<link rel=\"canonical\" href=\"https:\/\/www.bellunopress.it\/fr\/2023\/11\/09\/lassociazione-internazionale-dino-buzzati-venerdi-10-in-assemblea-a-feltre\/\" \/>\n<meta property=\"og:locale\" content=\"fr_FR\" \/>\n<meta property=\"og:type\" content=\"article\" \/>\n<meta property=\"og:title\" content=\"L\u2019Associazione internazionale Dino Buzzati venerd\u00ec 10 in assemblea a Feltre - Bellunopress - Dolomiti\" \/>\n<meta property=\"og:description\" content=\"Dopo i convegni d\u2019autunno nelle universit\u00e0 di Chambery, Venezia Ca\u2019 Foscari e Salamanca, e dopo la serata del 7 novembre per l\u2019intitolazione del Teatro Comunale di Belluno a Dino Buzzati, come deliberato in data 30 ottobre dal Consiglio Direttivo l\u2019Assemblea annuale dell\u2019Associazione internazionale Dino Buzzati \u00e8 convocata, ai sensi dell\u2019art. 9 dello Statuto per venerd\u00ec [&hellip;]\" \/>\n<meta property=\"og:url\" content=\"https:\/\/www.bellunopress.it\/fr\/2023\/11\/09\/lassociazione-internazionale-dino-buzzati-venerdi-10-in-assemblea-a-feltre\/\" \/>\n<meta property=\"og:site_name\" content=\"Bellunopress - Dolomiti\" \/>\n<meta property=\"article:publisher\" content=\"https:\/\/www.facebook.com\/profile.php?id=100008943462799\" \/>\n<meta property=\"article:published_time\" content=\"2023-11-09T06:57:16+00:00\" \/>\n<meta property=\"og:image\" content=\"https:\/\/www.bellunopress.it\/wp-content\/uploads\/2022\/01\/Dino-Buzzati.jpeg\" \/>\n\t<meta property=\"og:image:width\" content=\"780\" \/>\n\t<meta property=\"og:image:height\" content=\"470\" \/>\n\t<meta property=\"og:image:type\" content=\"image\/jpeg\" \/>\n<meta name=\"author\" content=\"redazione\" \/>\n<meta name=\"twitter:card\" content=\"summary_large_image\" \/>\n<meta name=\"twitter:creator\" content=\"@bellunopress\" \/>\n<meta name=\"twitter:site\" content=\"@bellunopress\" \/>\n<meta name=\"twitter:label1\" content=\"\u00c9crit par\" \/>\n\t<meta name=\"twitter:data1\" content=\"redazione\" \/>\n\t<meta name=\"twitter:label2\" content=\"Dur\u00e9e de lecture estim\u00e9e\" \/>\n\t<meta name=\"twitter:data2\" content=\"1 minute\" \/>\n<script type=\"application\/ld+json\" class=\"yoast-schema-graph\">{\"@context\":\"https:\\\/\\\/schema.org\",\"@graph\":[{\"@type\":\"Article\",\"@id\":\"https:\\\/\\\/www.bellunopress.it\\\/2023\\\/11\\\/09\\\/lassociazione-internazionale-dino-buzzati-venerdi-10-in-assemblea-a-feltre\\\/#article\",\"isPartOf\":{\"@id\":\"https:\\\/\\\/www.bellunopress.it\\\/2023\\\/11\\\/09\\\/lassociazione-internazionale-dino-buzzati-venerdi-10-in-assemblea-a-feltre\\\/\"},\"author\":{\"name\":\"redazione\",\"@id\":\"https:\\\/\\\/www.bellunopress.it\\\/#\\\/schema\\\/person\\\/79bb06722b37ece1c03d3e94beb30d73\"},\"headline\":\"L\u2019Associazione internazionale Dino Buzzati venerd\u00ec 10 in assemblea a Feltre\",\"datePublished\":\"2023-11-09T06:57:16+00:00\",\"mainEntityOfPage\":{\"@id\":\"https:\\\/\\\/www.bellunopress.it\\\/2023\\\/11\\\/09\\\/lassociazione-internazionale-dino-buzzati-venerdi-10-in-assemblea-a-feltre\\\/\"},\"wordCount\":239,\"publisher\":{\"@id\":\"https:\\\/\\\/www.bellunopress.it\\\/#organization\"},\"image\":{\"@id\":\"https:\\\/\\\/www.bellunopress.it\\\/2023\\\/11\\\/09\\\/lassociazione-internazionale-dino-buzzati-venerdi-10-in-assemblea-a-feltre\\\/#primaryimage\"},\"thumbnailUrl\":\"https:\\\/\\\/www.bellunopress.it\\\/wp-content\\\/uploads\\\/2022\\\/01\\\/Dino-Buzzati.jpeg\",\"articleSection\":[\"Societ\u00e0, Associazioni, Istituzioni\"],\"inLanguage\":\"fr-FR\"},{\"@type\":\"WebPage\",\"@id\":\"https:\\\/\\\/www.bellunopress.it\\\/2023\\\/11\\\/09\\\/lassociazione-internazionale-dino-buzzati-venerdi-10-in-assemblea-a-feltre\\\/\",\"url\":\"https:\\\/\\\/www.bellunopress.it\\\/2023\\\/11\\\/09\\\/lassociazione-internazionale-dino-buzzati-venerdi-10-in-assemblea-a-feltre\\\/\",\"name\":\"L\u2019Associazione internazionale Dino Buzzati venerd\u00ec 10 in assemblea a Feltre - Bellunopress - Dolomiti\",\"isPartOf\":{\"@id\":\"https:\\\/\\\/www.bellunopress.it\\\/#website\"},\"primaryImageOfPage\":{\"@id\":\"https:\\\/\\\/www.bellunopress.it\\\/2023\\\/11\\\/09\\\/lassociazione-internazionale-dino-buzzati-venerdi-10-in-assemblea-a-feltre\\\/#primaryimage\"},\"image\":{\"@id\":\"https:\\\/\\\/www.bellunopress.it\\\/2023\\\/11\\\/09\\\/lassociazione-internazionale-dino-buzzati-venerdi-10-in-assemblea-a-feltre\\\/#primaryimage\"},\"thumbnailUrl\":\"https:\\\/\\\/www.bellunopress.it\\\/wp-content\\\/uploads\\\/2022\\\/01\\\/Dino-Buzzati.jpeg\",\"datePublished\":\"2023-11-09T06:57:16+00:00\",\"breadcrumb\":{\"@id\":\"https:\\\/\\\/www.bellunopress.it\\\/2023\\\/11\\\/09\\\/lassociazione-internazionale-dino-buzzati-venerdi-10-in-assemblea-a-feltre\\\/#breadcrumb\"},\"inLanguage\":\"fr-FR\",\"potentialAction\":[{\"@type\":\"ReadAction\",\"target\":[\"https:\\\/\\\/www.bellunopress.it\\\/2023\\\/11\\\/09\\\/lassociazione-internazionale-dino-buzzati-venerdi-10-in-assemblea-a-feltre\\\/\"]}]},{\"@type\":\"ImageObject\",\"inLanguage\":\"fr-FR\",\"@id\":\"https:\\\/\\\/www.bellunopress.it\\\/2023\\\/11\\\/09\\\/lassociazione-internazionale-dino-buzzati-venerdi-10-in-assemblea-a-feltre\\\/#primaryimage\",\"url\":\"https:\\\/\\\/www.bellunopress.it\\\/wp-content\\\/uploads\\\/2022\\\/01\\\/Dino-Buzzati.jpeg\",\"contentUrl\":\"https:\\\/\\\/www.bellunopress.it\\\/wp-content\\\/uploads\\\/2022\\\/01\\\/Dino-Buzzati.jpeg\",\"width\":780,\"height\":470,\"caption\":\"Dino Buzzati\"},{\"@type\":\"BreadcrumbList\",\"@id\":\"https:\\\/\\\/www.bellunopress.it\\\/2023\\\/11\\\/09\\\/lassociazione-internazionale-dino-buzzati-venerdi-10-in-assemblea-a-feltre\\\/#breadcrumb\",\"itemListElement\":[{\"@type\":\"ListItem\",\"position\":1,\"name\":\"Home\",\"item\":\"https:\\\/\\\/www.bellunopress.it\\\/\"},{\"@type\":\"ListItem\",\"position\":2,\"name\":\"L\u2019Associazione internazionale Dino Buzzati venerd\u00ec 10 in assemblea a Feltre\"}]},{\"@type\":\"WebSite\",\"@id\":\"https:\\\/\\\/www.bellunopress.it\\\/#website\",\"url\":\"https:\\\/\\\/www.bellunopress.it\\\/\",\"name\":\"Bellunopress - Dolomiti\",\"description\":\"e-mail: redazione@bellunopress.it\",\"publisher\":{\"@id\":\"https:\\\/\\\/www.bellunopress.it\\\/#organization\"},\"potentialAction\":[{\"@type\":\"SearchAction\",\"target\":{\"@type\":\"EntryPoint\",\"urlTemplate\":\"https:\\\/\\\/www.bellunopress.it\\\/?s={search_term_string}\"},\"query-input\":{\"@type\":\"PropertyValueSpecification\",\"valueRequired\":true,\"valueName\":\"search_term_string\"}}],\"inLanguage\":\"fr-FR\"},{\"@type\":\"Organization\",\"@id\":\"https:\\\/\\\/www.bellunopress.it\\\/#organization\",\"name\":\"Bellunopress\",\"url\":\"https:\\\/\\\/www.bellunopress.it\\\/\",\"logo\":{\"@type\":\"ImageObject\",\"inLanguage\":\"fr-FR\",\"@id\":\"https:\\\/\\\/www.bellunopress.it\\\/#\\\/schema\\\/logo\\\/image\\\/\",\"url\":\"https:\\\/\\\/www.bellunopress.it\\\/wp-content\\\/uploads\\\/2011\\\/05\\\/cropped-logo-bellunopress-.jpg\",\"contentUrl\":\"https:\\\/\\\/www.bellunopress.it\\\/wp-content\\\/uploads\\\/2011\\\/05\\\/cropped-logo-bellunopress-.jpg\",\"width\":512,\"height\":512,\"caption\":\"Bellunopress\"},\"image\":{\"@id\":\"https:\\\/\\\/www.bellunopress.it\\\/#\\\/schema\\\/logo\\\/image\\\/\"},\"sameAs\":[\"https:\\\/\\\/www.facebook.com\\\/profile.php?id=100008943462799\",\"https:\\\/\\\/x.com\\\/bellunopress\",\"https:\\\/\\\/www.linkedin.com\\\/hp\\\/?dnr=JBzUWaJfMUw8vbXJJ2tVW5-I3jZKvC4wsoxE&amp;amp;amp;amp;amp;amp;trk=nav_responsive_tab_home\",\"https:\\\/\\\/www.youtube.com\\\/channel\\\/UCxL0wu1uN0_3_7hGG0306cw\"]},{\"@type\":\"Person\",\"@id\":\"https:\\\/\\\/www.bellunopress.it\\\/#\\\/schema\\\/person\\\/79bb06722b37ece1c03d3e94beb30d73\",\"name\":\"redazione\",\"image\":{\"@type\":\"ImageObject\",\"inLanguage\":\"fr-FR\",\"@id\":\"https:\\\/\\\/secure.gravatar.com\\\/avatar\\\/37d968a2e67a6fd04c169c4bdef102d0bc5d31b2546345219e348575eb80e9a0?s=96&d=mm&r=g\",\"url\":\"https:\\\/\\\/secure.gravatar.com\\\/avatar\\\/37d968a2e67a6fd04c169c4bdef102d0bc5d31b2546345219e348575eb80e9a0?s=96&d=mm&r=g\",\"contentUrl\":\"https:\\\/\\\/secure.gravatar.com\\\/avatar\\\/37d968a2e67a6fd04c169c4bdef102d0bc5d31b2546345219e348575eb80e9a0?s=96&d=mm&r=g\",\"caption\":\"redazione\"},\"sameAs\":[\"http:\\\/\\\/www.bellunopress.it\",\"https:\\\/\\\/x.com\\\/bellunopress\"],\"url\":\"https:\\\/\\\/www.bellunopress.it\\\/fr\\\/author\\\/redazione\\\/\"}]}<\/script>\n<!-- \/ Yoast SEO plugin. -->","yoast_head_json":{"title":"L\u2019Associazione internazionale Dino Buzzati venerd\u00ec 10 in assemblea a Feltre - Bellunopress - Dolomiti","robots":{"index":"index","follow":"follow","max-snippet":"max-snippet:-1","max-image-preview":"max-image-preview:large","max-video-preview":"max-video-preview:-1"},"canonical":"https:\/\/www.bellunopress.it\/fr\/2023\/11\/09\/lassociazione-internazionale-dino-buzzati-venerdi-10-in-assemblea-a-feltre\/","og_locale":"fr_FR","og_type":"article","og_title":"L\u2019Associazione internazionale Dino Buzzati venerd\u00ec 10 in assemblea a Feltre - Bellunopress - Dolomiti","og_description":"Dopo i convegni d\u2019autunno nelle universit\u00e0 di Chambery, Venezia Ca\u2019 Foscari e Salamanca, e dopo la serata del 7 novembre per l\u2019intitolazione del Teatro Comunale di Belluno a Dino Buzzati, come deliberato in data 30 ottobre dal Consiglio Direttivo l\u2019Assemblea annuale dell\u2019Associazione internazionale Dino Buzzati \u00e8 convocata, ai sensi dell\u2019art. 9 dello Statuto per venerd\u00ec [&hellip;]","og_url":"https:\/\/www.bellunopress.it\/fr\/2023\/11\/09\/lassociazione-internazionale-dino-buzzati-venerdi-10-in-assemblea-a-feltre\/","og_site_name":"Bellunopress - Dolomiti","article_publisher":"https:\/\/www.facebook.com\/profile.php?id=100008943462799","article_published_time":"2023-11-09T06:57:16+00:00","og_image":[{"width":780,"height":470,"url":"https:\/\/www.bellunopress.it\/wp-content\/uploads\/2022\/01\/Dino-Buzzati.jpeg","type":"image\/jpeg"}],"author":"redazione","twitter_card":"summary_large_image","twitter_creator":"@bellunopress","twitter_site":"@bellunopress","twitter_misc":{"\u00c9crit par":"redazione","Dur\u00e9e de lecture estim\u00e9e":"1 minute"},"schema":{"@context":"https:\/\/schema.org","@graph":[{"@type":"Article","@id":"https:\/\/www.bellunopress.it\/2023\/11\/09\/lassociazione-internazionale-dino-buzzati-venerdi-10-in-assemblea-a-feltre\/#article","isPartOf":{"@id":"https:\/\/www.bellunopress.it\/2023\/11\/09\/lassociazione-internazionale-dino-buzzati-venerdi-10-in-assemblea-a-feltre\/"},"author":{"name":"redazione","@id":"https:\/\/www.bellunopress.it\/#\/schema\/person\/79bb06722b37ece1c03d3e94beb30d73"},"headline":"L\u2019Associazione internazionale Dino Buzzati venerd\u00ec 10 in assemblea a Feltre","datePublished":"2023-11-09T06:57:16+00:00","mainEntityOfPage":{"@id":"https:\/\/www.bellunopress.it\/2023\/11\/09\/lassociazione-internazionale-dino-buzzati-venerdi-10-in-assemblea-a-feltre\/"},"wordCount":239,"publisher":{"@id":"https:\/\/www.bellunopress.it\/#organization"},"image":{"@id":"https:\/\/www.bellunopress.it\/2023\/11\/09\/lassociazione-internazionale-dino-buzzati-venerdi-10-in-assemblea-a-feltre\/#primaryimage"},"thumbnailUrl":"https:\/\/www.bellunopress.it\/wp-content\/uploads\/2022\/01\/Dino-Buzzati.jpeg","articleSection":["Societ\u00e0, Associazioni, Istituzioni"],"inLanguage":"fr-FR"},{"@type":"WebPage","@id":"https:\/\/www.bellunopress.it\/2023\/11\/09\/lassociazione-internazionale-dino-buzzati-venerdi-10-in-assemblea-a-feltre\/","url":"https:\/\/www.bellunopress.it\/2023\/11\/09\/lassociazione-internazionale-dino-buzzati-venerdi-10-in-assemblea-a-feltre\/","name":"L\u2019Associazione internazionale Dino Buzzati venerd\u00ec 10 in assemblea a Feltre - Bellunopress - Dolomiti","isPartOf":{"@id":"https:\/\/www.bellunopress.it\/#website"},"primaryImageOfPage":{"@id":"https:\/\/www.bellunopress.it\/2023\/11\/09\/lassociazione-internazionale-dino-buzzati-venerdi-10-in-assemblea-a-feltre\/#primaryimage"},"image":{"@id":"https:\/\/www.bellunopress.it\/2023\/11\/09\/lassociazione-internazionale-dino-buzzati-venerdi-10-in-assemblea-a-feltre\/#primaryimage"},"thumbnailUrl":"https:\/\/www.bellunopress.it\/wp-content\/uploads\/2022\/01\/Dino-Buzzati.jpeg","datePublished":"2023-11-09T06:57:16+00:00","breadcrumb":{"@id":"https:\/\/www.bellunopress.it\/2023\/11\/09\/lassociazione-internazionale-dino-buzzati-venerdi-10-in-assemblea-a-feltre\/#breadcrumb"},"inLanguage":"fr-FR","potentialAction":[{"@type":"ReadAction","target":["https:\/\/www.bellunopress.it\/2023\/11\/09\/lassociazione-internazionale-dino-buzzati-venerdi-10-in-assemblea-a-feltre\/"]}]},{"@type":"ImageObject","inLanguage":"fr-FR","@id":"https:\/\/www.bellunopress.it\/2023\/11\/09\/lassociazione-internazionale-dino-buzzati-venerdi-10-in-assemblea-a-feltre\/#primaryimage","url":"https:\/\/www.bellunopress.it\/wp-content\/uploads\/2022\/01\/Dino-Buzzati.jpeg","contentUrl":"https:\/\/www.bellunopress.it\/wp-content\/uploads\/2022\/01\/Dino-Buzzati.jpeg","width":780,"height":470,"caption":"Dino Buzzati"},{"@type":"BreadcrumbList","@id":"https:\/\/www.bellunopress.it\/2023\/11\/09\/lassociazione-internazionale-dino-buzzati-venerdi-10-in-assemblea-a-feltre\/#breadcrumb","itemListElement":[{"@type":"ListItem","position":1,"name":"Home","item":"https:\/\/www.bellunopress.it\/"},{"@type":"ListItem","position":2,"name":"L\u2019Associazione internazionale Dino Buzzati venerd\u00ec 10 in assemblea a Feltre"}]},{"@type":"WebSite","@id":"https:\/\/www.bellunopress.it\/#website","url":"https:\/\/www.bellunopress.it\/","name":"Bellunopress - Dolomiti","description":"e-mail: redazione@bellunopress.it","publisher":{"@id":"https:\/\/www.bellunopress.it\/#organization"},"potentialAction":[{"@type":"SearchAction","target":{"@type":"EntryPoint","urlTemplate":"https:\/\/www.bellunopress.it\/?s={search_term_string}"},"query-input":{"@type":"PropertyValueSpecification","valueRequired":true,"valueName":"search_term_string"}}],"inLanguage":"fr-FR"},{"@type":"Organization","@id":"https:\/\/www.bellunopress.it\/#organization","name":"Bellunopress","url":"https:\/\/www.bellunopress.it\/","logo":{"@type":"ImageObject","inLanguage":"fr-FR","@id":"https:\/\/www.bellunopress.it\/#\/schema\/logo\/image\/","url":"https:\/\/www.bellunopress.it\/wp-content\/uploads\/2011\/05\/cropped-logo-bellunopress-.jpg","contentUrl":"https:\/\/www.bellunopress.it\/wp-content\/uploads\/2011\/05\/cropped-logo-bellunopress-.jpg","width":512,"height":512,"caption":"Bellunopress"},"image":{"@id":"https:\/\/www.bellunopress.it\/#\/schema\/logo\/image\/"},"sameAs":["https:\/\/www.facebook.com\/profile.php?id=100008943462799","https:\/\/x.com\/bellunopress","https:\/\/www.linkedin.com\/hp\/?dnr=JBzUWaJfMUw8vbXJJ2tVW5-I3jZKvC4wsoxE&amp;amp;amp;amp;amp;amp;trk=nav_responsive_tab_home","https:\/\/www.youtube.com\/channel\/UCxL0wu1uN0_3_7hGG0306cw"]},{"@type":"Person","@id":"https:\/\/www.bellunopress.it\/#\/schema\/person\/79bb06722b37ece1c03d3e94beb30d73","name":"r\u00e9daction","image":{"@type":"ImageObject","inLanguage":"fr-FR","@id":"https:\/\/secure.gravatar.com\/avatar\/37d968a2e67a6fd04c169c4bdef102d0bc5d31b2546345219e348575eb80e9a0?s=96&d=mm&r=g","url":"https:\/\/secure.gravatar.com\/avatar\/37d968a2e67a6fd04c169c4bdef102d0bc5d31b2546345219e348575eb80e9a0?s=96&d=mm&r=g","contentUrl":"https:\/\/secure.gravatar.com\/avatar\/37d968a2e67a6fd04c169c4bdef102d0bc5d31b2546345219e348575eb80e9a0?s=96&d=mm&r=g","caption":"redazione"},"sameAs":["http:\/\/www.bellunopress.it","https:\/\/x.com\/bellunopress"],"url":"https:\/\/www.bellunopress.it\/fr\/author\/redazione\/"}]}},"_links":{"self":[{"href":"https:\/\/www.bellunopress.it\/fr\/wp-json\/wp\/v2\/posts\/145753","targetHints":{"allow":["GET"]}}],"collection":[{"href":"https:\/\/www.bellunopress.it\/fr\/wp-json\/wp\/v2\/posts"}],"about":[{"href":"https:\/\/www.bellunopress.it\/fr\/wp-json\/wp\/v2\/types\/post"}],"author":[{"embeddable":true,"href":"https:\/\/www.bellunopress.it\/fr\/wp-json\/wp\/v2\/users\/2"}],"replies":[{"embeddable":true,"href":"https:\/\/www.bellunopress.it\/fr\/wp-json\/wp\/v2\/comments?post=145753"}],"version-history":[{"count":1,"href":"https:\/\/www.bellunopress.it\/fr\/wp-json\/wp\/v2\/posts\/145753\/revisions"}],"predecessor-version":[{"id":145754,"href":"https:\/\/www.bellunopress.it\/fr\/wp-json\/wp\/v2\/posts\/145753\/revisions\/145754"}],"wp:featuredmedia":[{"embeddable":true,"href":"https:\/\/www.bellunopress.it\/fr\/wp-json\/wp\/v2\/media\/130850"}],"wp:attachment":[{"href":"https:\/\/www.bellunopress.it\/fr\/wp-json\/wp\/v2\/media?parent=145753"}],"wp:term":[{"taxonomy":"category","embeddable":true,"href":"https:\/\/www.bellunopress.it\/fr\/wp-json\/wp\/v2\/categories?post=145753"},{"taxonomy":"post_tag","embeddable":true,"href":"https:\/\/www.bellunopress.it\/fr\/wp-json\/wp\/v2\/tags?post=145753"}],"curies":[{"name":"wp","href":"https:\/\/api.w.org\/{rel}","templated":true}]}}