{"id":145751,"date":"2023-11-08T20:15:16","date_gmt":"2023-11-08T19:15:16","guid":{"rendered":"https:\/\/www.bellunopress.it\/?p=145751"},"modified":"2023-11-08T20:15:16","modified_gmt":"2023-11-08T19:15:16","slug":"delmastro-de-carlo-entro-il-20-novembre-anche-belluno-avra-il-direttore-titolare-del-carcere","status":"publish","type":"post","link":"https:\/\/www.bellunopress.it\/fr\/2023\/11\/08\/delmastro-de-carlo-entro-il-20-novembre-anche-belluno-avra-il-direttore-titolare-del-carcere\/","title":{"rendered":"Delmastro, De Carlo: &#8220;Entro il 20 novembre anche Belluno avr\u00e0 il direttore titolare del carcere&#8221;"},"content":{"rendered":"<figure id=\"attachment_118414\" aria-describedby=\"caption-attachment-118414\" style=\"width: 800px\" class=\"wp-caption alignleft\"><img loading=\"lazy\" decoding=\"async\" class=\"size-full wp-image-118414\" src=\"https:\/\/www.bellunopress.it\/wp-content\/uploads\/2020\/10\/carcere-Baldenich_edited.jpg\" alt=\"\" width=\"800\" height=\"533\" srcset=\"https:\/\/www.bellunopress.it\/wp-content\/uploads\/2020\/10\/carcere-Baldenich_edited.jpg 800w, https:\/\/www.bellunopress.it\/wp-content\/uploads\/2020\/10\/carcere-Baldenich_edited-500x333.jpg 500w, https:\/\/www.bellunopress.it\/wp-content\/uploads\/2020\/10\/carcere-Baldenich_edited-696x464.jpg 696w, https:\/\/www.bellunopress.it\/wp-content\/uploads\/2020\/10\/carcere-Baldenich_edited-630x420.jpg 630w\" sizes=\"auto, (max-width: 800px) 100vw, 800px\" \/><figcaption id=\"caption-attachment-118414\" class=\"wp-caption-text\">Casa circondariale di Belluno<\/figcaption><\/figure>\n<p>Entro il 20 novembre prender\u00e0 servizio presso la Casa Circondariale di Belluno la dottoressa Lara Rampin.<br \/>\nSono stati infatti assunti 57 nuovi dirigenti penitenziari per garantire ad ogni istituto penitenziario un direttore titolare ed archiviare cos\u00ec definitivamente la stagione dei direttori ad interim.<\/p>\n<p>&#8220;Il Governo Meloni realizza un traguardo epocale: mai pi\u00f9 istituti penitenziari senza direttore per garantire sicurezza e legalit\u00e0 negli istituti e garantire le migliori condizioni di lavoro a uomini e donne della Polizia Penitenziaria.&#8221;, dichiara il Sottosegretario Andrea Delmastro delle Vedove.<\/p>\n<p>Soddisfatto il senatore Luca De Carlo: &#8220;Alla dottoressa Lara Rampin formulo le mie congratulazioni e un augurio affinch\u00e9 svolga il suo dovere nel migliore dei modi, garantendo sicurezza e legalit\u00e0 nell&#8217;Istituto di Belluno, collaborando strettamente con il locale corpo di Polizia Penitenziaria. Un grazie va alla direttrice uscente, Tiziana Paolini, che \u00e8 riuscita a portare avanti un grande lavoro nonostante le note ed evidenti difficolt\u00e0 che ha sempre affrontato con dedizione ed impegno.<br \/>\nUn ringraziamento naturalmente anche al Sottosegretario alla Giustizia Andrea Delmastro che ha sempre assicurato che il Governo avrebbe garantito un direttore titolare per ogni istituto penitenziario d&#8217;Italia.<br \/>\nPossiamo con orgoglio e come maggioranza di governo dire: promessa mantenuta anche a Belluno.<br \/>\nContinuer\u00f2, al fianco del Sottosegretario Delmastro, a lavorare per riportare sicurezza e legalit\u00e0 in carcere e per assicurare alla Polizia Penitenziaria le migliori condizioni di lavoro, intimamente convinto che difendere la Polizia Penitenziaria non solo significhi difendere la sicurezza dei nostri istituti, ma anche e indirettamente il miglior trattamento dei detenuti stessi.&#8221;<\/p>\n<p>\u00c8 quanto dichiarano in una nota Andrea Delmastro delle Vedove, deputato di Fratelli d&#8217;Italia e Sottosegretario di Stato al Ministero della Giustizia e il Senatore di Fratelli d&#8217;Italia Luca De Carlo.<\/p>","protected":false},"excerpt":{"rendered":"<p>Entro il 20 novembre prender\u00e0 servizio presso la Casa Circondariale di Belluno la dottoressa Lara Rampin. Sono stati infatti assunti 57 nuovi dirigenti penitenziari per garantire ad ogni istituto penitenziario un direttore titolare ed archiviare cos\u00ec definitivamente la stagione dei direttori ad interim. &#8220;Il Governo Meloni realizza un traguardo epocale: mai pi\u00f9 istituti penitenziari senza [&hellip;]<\/p>\n","protected":false},"author":2,"featured_media":119117,"comment_status":"closed","ping_status":"open","sticky":false,"template":"","format":"standard","meta":{"footnotes":""},"categories":[26,8],"tags":[],"class_list":["post-145751","post","type-post","status-publish","format-standard","has-post-thumbnail","category-prima-pagina","category-societa-istituzioni"],"yoast_head":"<!-- This site is optimized with the Yoast SEO plugin v28.4 - https:\/\/yoast.com\/product\/yoast-seo-wordpress\/ -->\n<title>Delmastro, De Carlo: &quot;Entro il 20 novembre anche Belluno avr\u00e0 il direttore titolare del carcere&quot; - Bellunopress - Dolomiti<\/title>\n<meta name=\"robots\" content=\"index, follow, max-snippet:-1, max-image-preview:large, max-video-preview:-1\" \/>\n<link rel=\"canonical\" href=\"https:\/\/www.bellunopress.it\/fr\/2023\/11\/08\/delmastro-de-carlo-entro-il-20-novembre-anche-belluno-avra-il-direttore-titolare-del-carcere\/\" \/>\n<meta property=\"og:locale\" content=\"fr_FR\" \/>\n<meta property=\"og:type\" content=\"article\" \/>\n<meta property=\"og:title\" content=\"Delmastro, De Carlo: &quot;Entro il 20 novembre anche Belluno avr\u00e0 il direttore titolare del carcere&quot; - Bellunopress - Dolomiti\" \/>\n<meta property=\"og:description\" content=\"Entro il 20 novembre prender\u00e0 servizio presso la Casa Circondariale di Belluno la dottoressa Lara Rampin. Sono stati infatti assunti 57 nuovi dirigenti penitenziari per garantire ad ogni istituto penitenziario un direttore titolare ed archiviare cos\u00ec definitivamente la stagione dei direttori ad interim. &#8220;Il Governo Meloni realizza un traguardo epocale: mai pi\u00f9 istituti penitenziari senza [&hellip;]\" \/>\n<meta property=\"og:url\" content=\"https:\/\/www.bellunopress.it\/fr\/2023\/11\/08\/delmastro-de-carlo-entro-il-20-novembre-anche-belluno-avra-il-direttore-titolare-del-carcere\/\" \/>\n<meta property=\"og:site_name\" content=\"Bellunopress - Dolomiti\" \/>\n<meta property=\"article:publisher\" content=\"https:\/\/www.facebook.com\/profile.php?id=100008943462799\" \/>\n<meta property=\"article:published_time\" content=\"2023-11-08T19:15:16+00:00\" \/>\n<meta property=\"og:image\" content=\"https:\/\/www.bellunopress.it\/wp-content\/uploads\/2020\/11\/carcere-baldenich-2_edited.jpg\" \/>\n\t<meta property=\"og:image:width\" content=\"800\" \/>\n\t<meta property=\"og:image:height\" content=\"545\" \/>\n\t<meta property=\"og:image:type\" content=\"image\/jpeg\" \/>\n<meta name=\"author\" content=\"redazione\" \/>\n<meta name=\"twitter:card\" content=\"summary_large_image\" \/>\n<meta name=\"twitter:creator\" content=\"@bellunopress\" \/>\n<meta name=\"twitter:site\" content=\"@bellunopress\" \/>\n<meta name=\"twitter:label1\" content=\"\u00c9crit par\" \/>\n\t<meta name=\"twitter:data1\" content=\"redazione\" \/>\n\t<meta name=\"twitter:label2\" content=\"Dur\u00e9e de lecture estim\u00e9e\" \/>\n\t<meta name=\"twitter:data2\" content=\"1 minute\" \/>\n<script type=\"application\/ld+json\" class=\"yoast-schema-graph\">{\"@context\":\"https:\\\/\\\/schema.org\",\"@graph\":[{\"@type\":\"Article\",\"@id\":\"https:\\\/\\\/www.bellunopress.it\\\/2023\\\/11\\\/08\\\/delmastro-de-carlo-entro-il-20-novembre-anche-belluno-avra-il-direttore-titolare-del-carcere\\\/#article\",\"isPartOf\":{\"@id\":\"https:\\\/\\\/www.bellunopress.it\\\/2023\\\/11\\\/08\\\/delmastro-de-carlo-entro-il-20-novembre-anche-belluno-avra-il-direttore-titolare-del-carcere\\\/\"},\"author\":{\"name\":\"redazione\",\"@id\":\"https:\\\/\\\/www.bellunopress.it\\\/#\\\/schema\\\/person\\\/79bb06722b37ece1c03d3e94beb30d73\"},\"headline\":\"Delmastro, De Carlo: &#8220;Entro il 20 novembre anche Belluno avr\u00e0 il direttore titolare del carcere&#8221;\",\"datePublished\":\"2023-11-08T19:15:16+00:00\",\"mainEntityOfPage\":{\"@id\":\"https:\\\/\\\/www.bellunopress.it\\\/2023\\\/11\\\/08\\\/delmastro-de-carlo-entro-il-20-novembre-anche-belluno-avra-il-direttore-titolare-del-carcere\\\/\"},\"wordCount\":306,\"publisher\":{\"@id\":\"https:\\\/\\\/www.bellunopress.it\\\/#organization\"},\"image\":{\"@id\":\"https:\\\/\\\/www.bellunopress.it\\\/2023\\\/11\\\/08\\\/delmastro-de-carlo-entro-il-20-novembre-anche-belluno-avra-il-direttore-titolare-del-carcere\\\/#primaryimage\"},\"thumbnailUrl\":\"https:\\\/\\\/www.bellunopress.it\\\/wp-content\\\/uploads\\\/2020\\\/11\\\/carcere-baldenich-2_edited.jpg\",\"articleSection\":[\"Prima Pagina\",\"Societ\u00e0, Associazioni, Istituzioni\"],\"inLanguage\":\"fr-FR\"},{\"@type\":\"WebPage\",\"@id\":\"https:\\\/\\\/www.bellunopress.it\\\/2023\\\/11\\\/08\\\/delmastro-de-carlo-entro-il-20-novembre-anche-belluno-avra-il-direttore-titolare-del-carcere\\\/\",\"url\":\"https:\\\/\\\/www.bellunopress.it\\\/2023\\\/11\\\/08\\\/delmastro-de-carlo-entro-il-20-novembre-anche-belluno-avra-il-direttore-titolare-del-carcere\\\/\",\"name\":\"Delmastro, De Carlo: \\\"Entro il 20 novembre anche Belluno avr\u00e0 il direttore titolare del carcere\\\" - Bellunopress - Dolomiti\",\"isPartOf\":{\"@id\":\"https:\\\/\\\/www.bellunopress.it\\\/#website\"},\"primaryImageOfPage\":{\"@id\":\"https:\\\/\\\/www.bellunopress.it\\\/2023\\\/11\\\/08\\\/delmastro-de-carlo-entro-il-20-novembre-anche-belluno-avra-il-direttore-titolare-del-carcere\\\/#primaryimage\"},\"image\":{\"@id\":\"https:\\\/\\\/www.bellunopress.it\\\/2023\\\/11\\\/08\\\/delmastro-de-carlo-entro-il-20-novembre-anche-belluno-avra-il-direttore-titolare-del-carcere\\\/#primaryimage\"},\"thumbnailUrl\":\"https:\\\/\\\/www.bellunopress.it\\\/wp-content\\\/uploads\\\/2020\\\/11\\\/carcere-baldenich-2_edited.jpg\",\"datePublished\":\"2023-11-08T19:15:16+00:00\",\"breadcrumb\":{\"@id\":\"https:\\\/\\\/www.bellunopress.it\\\/2023\\\/11\\\/08\\\/delmastro-de-carlo-entro-il-20-novembre-anche-belluno-avra-il-direttore-titolare-del-carcere\\\/#breadcrumb\"},\"inLanguage\":\"fr-FR\",\"potentialAction\":[{\"@type\":\"ReadAction\",\"target\":[\"https:\\\/\\\/www.bellunopress.it\\\/2023\\\/11\\\/08\\\/delmastro-de-carlo-entro-il-20-novembre-anche-belluno-avra-il-direttore-titolare-del-carcere\\\/\"]}]},{\"@type\":\"ImageObject\",\"inLanguage\":\"fr-FR\",\"@id\":\"https:\\\/\\\/www.bellunopress.it\\\/2023\\\/11\\\/08\\\/delmastro-de-carlo-entro-il-20-novembre-anche-belluno-avra-il-direttore-titolare-del-carcere\\\/#primaryimage\",\"url\":\"https:\\\/\\\/www.bellunopress.it\\\/wp-content\\\/uploads\\\/2020\\\/11\\\/carcere-baldenich-2_edited.jpg\",\"contentUrl\":\"https:\\\/\\\/www.bellunopress.it\\\/wp-content\\\/uploads\\\/2020\\\/11\\\/carcere-baldenich-2_edited.jpg\",\"width\":800,\"height\":545},{\"@type\":\"BreadcrumbList\",\"@id\":\"https:\\\/\\\/www.bellunopress.it\\\/2023\\\/11\\\/08\\\/delmastro-de-carlo-entro-il-20-novembre-anche-belluno-avra-il-direttore-titolare-del-carcere\\\/#breadcrumb\",\"itemListElement\":[{\"@type\":\"ListItem\",\"position\":1,\"name\":\"Home\",\"item\":\"https:\\\/\\\/www.bellunopress.it\\\/\"},{\"@type\":\"ListItem\",\"position\":2,\"name\":\"Delmastro, De Carlo: &#8220;Entro il 20 novembre anche Belluno avr\u00e0 il direttore titolare del carcere&#8221;\"}]},{\"@type\":\"WebSite\",\"@id\":\"https:\\\/\\\/www.bellunopress.it\\\/#website\",\"url\":\"https:\\\/\\\/www.bellunopress.it\\\/\",\"name\":\"Bellunopress - Dolomiti\",\"description\":\"e-mail: redazione@bellunopress.it\",\"publisher\":{\"@id\":\"https:\\\/\\\/www.bellunopress.it\\\/#organization\"},\"potentialAction\":[{\"@type\":\"SearchAction\",\"target\":{\"@type\":\"EntryPoint\",\"urlTemplate\":\"https:\\\/\\\/www.bellunopress.it\\\/?s={search_term_string}\"},\"query-input\":{\"@type\":\"PropertyValueSpecification\",\"valueRequired\":true,\"valueName\":\"search_term_string\"}}],\"inLanguage\":\"fr-FR\"},{\"@type\":\"Organization\",\"@id\":\"https:\\\/\\\/www.bellunopress.it\\\/#organization\",\"name\":\"Bellunopress\",\"url\":\"https:\\\/\\\/www.bellunopress.it\\\/\",\"logo\":{\"@type\":\"ImageObject\",\"inLanguage\":\"fr-FR\",\"@id\":\"https:\\\/\\\/www.bellunopress.it\\\/#\\\/schema\\\/logo\\\/image\\\/\",\"url\":\"https:\\\/\\\/www.bellunopress.it\\\/wp-content\\\/uploads\\\/2011\\\/05\\\/cropped-logo-bellunopress-.jpg\",\"contentUrl\":\"https:\\\/\\\/www.bellunopress.it\\\/wp-content\\\/uploads\\\/2011\\\/05\\\/cropped-logo-bellunopress-.jpg\",\"width\":512,\"height\":512,\"caption\":\"Bellunopress\"},\"image\":{\"@id\":\"https:\\\/\\\/www.bellunopress.it\\\/#\\\/schema\\\/logo\\\/image\\\/\"},\"sameAs\":[\"https:\\\/\\\/www.facebook.com\\\/profile.php?id=100008943462799\",\"https:\\\/\\\/x.com\\\/bellunopress\",\"https:\\\/\\\/www.linkedin.com\\\/hp\\\/?dnr=JBzUWaJfMUw8vbXJJ2tVW5-I3jZKvC4wsoxE&amp;amp;amp;amp;amp;amp;trk=nav_responsive_tab_home\",\"https:\\\/\\\/www.youtube.com\\\/channel\\\/UCxL0wu1uN0_3_7hGG0306cw\"]},{\"@type\":\"Person\",\"@id\":\"https:\\\/\\\/www.bellunopress.it\\\/#\\\/schema\\\/person\\\/79bb06722b37ece1c03d3e94beb30d73\",\"name\":\"redazione\",\"image\":{\"@type\":\"ImageObject\",\"inLanguage\":\"fr-FR\",\"@id\":\"https:\\\/\\\/secure.gravatar.com\\\/avatar\\\/37d968a2e67a6fd04c169c4bdef102d0bc5d31b2546345219e348575eb80e9a0?s=96&d=mm&r=g\",\"url\":\"https:\\\/\\\/secure.gravatar.com\\\/avatar\\\/37d968a2e67a6fd04c169c4bdef102d0bc5d31b2546345219e348575eb80e9a0?s=96&d=mm&r=g\",\"contentUrl\":\"https:\\\/\\\/secure.gravatar.com\\\/avatar\\\/37d968a2e67a6fd04c169c4bdef102d0bc5d31b2546345219e348575eb80e9a0?s=96&d=mm&r=g\",\"caption\":\"redazione\"},\"sameAs\":[\"http:\\\/\\\/www.bellunopress.it\",\"https:\\\/\\\/x.com\\\/bellunopress\"],\"url\":\"https:\\\/\\\/www.bellunopress.it\\\/fr\\\/author\\\/redazione\\\/\"}]}<\/script>\n<!-- \/ Yoast SEO plugin. -->","yoast_head_json":{"title":"Delmastro, De Carlo: \"Entro il 20 novembre anche Belluno avr\u00e0 il direttore titolare del carcere\" - Bellunopress - Dolomiti","robots":{"index":"index","follow":"follow","max-snippet":"max-snippet:-1","max-image-preview":"max-image-preview:large","max-video-preview":"max-video-preview:-1"},"canonical":"https:\/\/www.bellunopress.it\/fr\/2023\/11\/08\/delmastro-de-carlo-entro-il-20-novembre-anche-belluno-avra-il-direttore-titolare-del-carcere\/","og_locale":"fr_FR","og_type":"article","og_title":"Delmastro, De Carlo: \"Entro il 20 novembre anche Belluno avr\u00e0 il direttore titolare del carcere\" - Bellunopress - Dolomiti","og_description":"Entro il 20 novembre prender\u00e0 servizio presso la Casa Circondariale di Belluno la dottoressa Lara Rampin. Sono stati infatti assunti 57 nuovi dirigenti penitenziari per garantire ad ogni istituto penitenziario un direttore titolare ed archiviare cos\u00ec definitivamente la stagione dei direttori ad interim. &#8220;Il Governo Meloni realizza un traguardo epocale: mai pi\u00f9 istituti penitenziari senza [&hellip;]","og_url":"https:\/\/www.bellunopress.it\/fr\/2023\/11\/08\/delmastro-de-carlo-entro-il-20-novembre-anche-belluno-avra-il-direttore-titolare-del-carcere\/","og_site_name":"Bellunopress - Dolomiti","article_publisher":"https:\/\/www.facebook.com\/profile.php?id=100008943462799","article_published_time":"2023-11-08T19:15:16+00:00","og_image":[{"width":800,"height":545,"url":"https:\/\/www.bellunopress.it\/wp-content\/uploads\/2020\/11\/carcere-baldenich-2_edited.jpg","type":"image\/jpeg"}],"author":"redazione","twitter_card":"summary_large_image","twitter_creator":"@bellunopress","twitter_site":"@bellunopress","twitter_misc":{"\u00c9crit par":"redazione","Dur\u00e9e de lecture estim\u00e9e":"1 minute"},"schema":{"@context":"https:\/\/schema.org","@graph":[{"@type":"Article","@id":"https:\/\/www.bellunopress.it\/2023\/11\/08\/delmastro-de-carlo-entro-il-20-novembre-anche-belluno-avra-il-direttore-titolare-del-carcere\/#article","isPartOf":{"@id":"https:\/\/www.bellunopress.it\/2023\/11\/08\/delmastro-de-carlo-entro-il-20-novembre-anche-belluno-avra-il-direttore-titolare-del-carcere\/"},"author":{"name":"redazione","@id":"https:\/\/www.bellunopress.it\/#\/schema\/person\/79bb06722b37ece1c03d3e94beb30d73"},"headline":"Delmastro, De Carlo: &#8220;Entro il 20 novembre anche Belluno avr\u00e0 il direttore titolare del carcere&#8221;","datePublished":"2023-11-08T19:15:16+00:00","mainEntityOfPage":{"@id":"https:\/\/www.bellunopress.it\/2023\/11\/08\/delmastro-de-carlo-entro-il-20-novembre-anche-belluno-avra-il-direttore-titolare-del-carcere\/"},"wordCount":306,"publisher":{"@id":"https:\/\/www.bellunopress.it\/#organization"},"image":{"@id":"https:\/\/www.bellunopress.it\/2023\/11\/08\/delmastro-de-carlo-entro-il-20-novembre-anche-belluno-avra-il-direttore-titolare-del-carcere\/#primaryimage"},"thumbnailUrl":"https:\/\/www.bellunopress.it\/wp-content\/uploads\/2020\/11\/carcere-baldenich-2_edited.jpg","articleSection":["Prima Pagina","Societ\u00e0, Associazioni, Istituzioni"],"inLanguage":"fr-FR"},{"@type":"WebPage","@id":"https:\/\/www.bellunopress.it\/2023\/11\/08\/delmastro-de-carlo-entro-il-20-novembre-anche-belluno-avra-il-direttore-titolare-del-carcere\/","url":"https:\/\/www.bellunopress.it\/2023\/11\/08\/delmastro-de-carlo-entro-il-20-novembre-anche-belluno-avra-il-direttore-titolare-del-carcere\/","name":"Delmastro, De Carlo: \"Entro il 20 novembre anche Belluno avr\u00e0 il direttore titolare del carcere\" - Bellunopress - Dolomiti","isPartOf":{"@id":"https:\/\/www.bellunopress.it\/#website"},"primaryImageOfPage":{"@id":"https:\/\/www.bellunopress.it\/2023\/11\/08\/delmastro-de-carlo-entro-il-20-novembre-anche-belluno-avra-il-direttore-titolare-del-carcere\/#primaryimage"},"image":{"@id":"https:\/\/www.bellunopress.it\/2023\/11\/08\/delmastro-de-carlo-entro-il-20-novembre-anche-belluno-avra-il-direttore-titolare-del-carcere\/#primaryimage"},"thumbnailUrl":"https:\/\/www.bellunopress.it\/wp-content\/uploads\/2020\/11\/carcere-baldenich-2_edited.jpg","datePublished":"2023-11-08T19:15:16+00:00","breadcrumb":{"@id":"https:\/\/www.bellunopress.it\/2023\/11\/08\/delmastro-de-carlo-entro-il-20-novembre-anche-belluno-avra-il-direttore-titolare-del-carcere\/#breadcrumb"},"inLanguage":"fr-FR","potentialAction":[{"@type":"ReadAction","target":["https:\/\/www.bellunopress.it\/2023\/11\/08\/delmastro-de-carlo-entro-il-20-novembre-anche-belluno-avra-il-direttore-titolare-del-carcere\/"]}]},{"@type":"ImageObject","inLanguage":"fr-FR","@id":"https:\/\/www.bellunopress.it\/2023\/11\/08\/delmastro-de-carlo-entro-il-20-novembre-anche-belluno-avra-il-direttore-titolare-del-carcere\/#primaryimage","url":"https:\/\/www.bellunopress.it\/wp-content\/uploads\/2020\/11\/carcere-baldenich-2_edited.jpg","contentUrl":"https:\/\/www.bellunopress.it\/wp-content\/uploads\/2020\/11\/carcere-baldenich-2_edited.jpg","width":800,"height":545},{"@type":"BreadcrumbList","@id":"https:\/\/www.bellunopress.it\/2023\/11\/08\/delmastro-de-carlo-entro-il-20-novembre-anche-belluno-avra-il-direttore-titolare-del-carcere\/#breadcrumb","itemListElement":[{"@type":"ListItem","position":1,"name":"Home","item":"https:\/\/www.bellunopress.it\/"},{"@type":"ListItem","position":2,"name":"Delmastro, De Carlo: &#8220;Entro il 20 novembre anche Belluno avr\u00e0 il direttore titolare del carcere&#8221;"}]},{"@type":"WebSite","@id":"https:\/\/www.bellunopress.it\/#website","url":"https:\/\/www.bellunopress.it\/","name":"Bellunopress - Dolomiti","description":"e-mail: redazione@bellunopress.it","publisher":{"@id":"https:\/\/www.bellunopress.it\/#organization"},"potentialAction":[{"@type":"SearchAction","target":{"@type":"EntryPoint","urlTemplate":"https:\/\/www.bellunopress.it\/?s={search_term_string}"},"query-input":{"@type":"PropertyValueSpecification","valueRequired":true,"valueName":"search_term_string"}}],"inLanguage":"fr-FR"},{"@type":"Organization","@id":"https:\/\/www.bellunopress.it\/#organization","name":"Bellunopress","url":"https:\/\/www.bellunopress.it\/","logo":{"@type":"ImageObject","inLanguage":"fr-FR","@id":"https:\/\/www.bellunopress.it\/#\/schema\/logo\/image\/","url":"https:\/\/www.bellunopress.it\/wp-content\/uploads\/2011\/05\/cropped-logo-bellunopress-.jpg","contentUrl":"https:\/\/www.bellunopress.it\/wp-content\/uploads\/2011\/05\/cropped-logo-bellunopress-.jpg","width":512,"height":512,"caption":"Bellunopress"},"image":{"@id":"https:\/\/www.bellunopress.it\/#\/schema\/logo\/image\/"},"sameAs":["https:\/\/www.facebook.com\/profile.php?id=100008943462799","https:\/\/x.com\/bellunopress","https:\/\/www.linkedin.com\/hp\/?dnr=JBzUWaJfMUw8vbXJJ2tVW5-I3jZKvC4wsoxE&amp;amp;amp;amp;amp;amp;trk=nav_responsive_tab_home","https:\/\/www.youtube.com\/channel\/UCxL0wu1uN0_3_7hGG0306cw"]},{"@type":"Person","@id":"https:\/\/www.bellunopress.it\/#\/schema\/person\/79bb06722b37ece1c03d3e94beb30d73","name":"r\u00e9daction","image":{"@type":"ImageObject","inLanguage":"fr-FR","@id":"https:\/\/secure.gravatar.com\/avatar\/37d968a2e67a6fd04c169c4bdef102d0bc5d31b2546345219e348575eb80e9a0?s=96&d=mm&r=g","url":"https:\/\/secure.gravatar.com\/avatar\/37d968a2e67a6fd04c169c4bdef102d0bc5d31b2546345219e348575eb80e9a0?s=96&d=mm&r=g","contentUrl":"https:\/\/secure.gravatar.com\/avatar\/37d968a2e67a6fd04c169c4bdef102d0bc5d31b2546345219e348575eb80e9a0?s=96&d=mm&r=g","caption":"redazione"},"sameAs":["http:\/\/www.bellunopress.it","https:\/\/x.com\/bellunopress"],"url":"https:\/\/www.bellunopress.it\/fr\/author\/redazione\/"}]}},"_links":{"self":[{"href":"https:\/\/www.bellunopress.it\/fr\/wp-json\/wp\/v2\/posts\/145751","targetHints":{"allow":["GET"]}}],"collection":[{"href":"https:\/\/www.bellunopress.it\/fr\/wp-json\/wp\/v2\/posts"}],"about":[{"href":"https:\/\/www.bellunopress.it\/fr\/wp-json\/wp\/v2\/types\/post"}],"author":[{"embeddable":true,"href":"https:\/\/www.bellunopress.it\/fr\/wp-json\/wp\/v2\/users\/2"}],"replies":[{"embeddable":true,"href":"https:\/\/www.bellunopress.it\/fr\/wp-json\/wp\/v2\/comments?post=145751"}],"version-history":[{"count":1,"href":"https:\/\/www.bellunopress.it\/fr\/wp-json\/wp\/v2\/posts\/145751\/revisions"}],"predecessor-version":[{"id":145752,"href":"https:\/\/www.bellunopress.it\/fr\/wp-json\/wp\/v2\/posts\/145751\/revisions\/145752"}],"wp:featuredmedia":[{"embeddable":true,"href":"https:\/\/www.bellunopress.it\/fr\/wp-json\/wp\/v2\/media\/119117"}],"wp:attachment":[{"href":"https:\/\/www.bellunopress.it\/fr\/wp-json\/wp\/v2\/media?parent=145751"}],"wp:term":[{"taxonomy":"category","embeddable":true,"href":"https:\/\/www.bellunopress.it\/fr\/wp-json\/wp\/v2\/categories?post=145751"},{"taxonomy":"post_tag","embeddable":true,"href":"https:\/\/www.bellunopress.it\/fr\/wp-json\/wp\/v2\/tags?post=145751"}],"curies":[{"name":"wp","href":"https:\/\/api.w.org\/{rel}","templated":true}]}}