{"id":145747,"date":"2023-11-08T16:42:48","date_gmt":"2023-11-08T15:42:48","guid":{"rendered":"https:\/\/www.bellunopress.it\/?p=145747"},"modified":"2023-11-08T16:42:48","modified_gmt":"2023-11-08T15:42:48","slug":"menzione-speciale-per-lospedale-di-feltre","status":"publish","type":"post","link":"https:\/\/www.bellunopress.it\/fr\/2023\/11\/08\/menzione-speciale-per-lospedale-di-feltre\/","title":{"rendered":"Menzione speciale per l&#8217;ospedale di Feltre"},"content":{"rendered":"<figure id=\"attachment_112702\" aria-describedby=\"caption-attachment-112702\" style=\"width: 900px\" class=\"wp-caption alignleft\"><img loading=\"lazy\" decoding=\"async\" class=\"size-full wp-image-112702\" src=\"https:\/\/www.bellunopress.it\/wp-content\/uploads\/2020\/03\/Ospedale-Feltre-2.jpg\" alt=\"\" width=\"900\" height=\"675\" srcset=\"https:\/\/www.bellunopress.it\/wp-content\/uploads\/2020\/03\/Ospedale-Feltre-2.jpg 900w, https:\/\/www.bellunopress.it\/wp-content\/uploads\/2020\/03\/Ospedale-Feltre-2-500x375.jpg 500w, https:\/\/www.bellunopress.it\/wp-content\/uploads\/2020\/03\/Ospedale-Feltre-2-696x522.jpg 696w, https:\/\/www.bellunopress.it\/wp-content\/uploads\/2020\/03\/Ospedale-Feltre-2-560x420.jpg 560w, https:\/\/www.bellunopress.it\/wp-content\/uploads\/2020\/03\/Ospedale-Feltre-2-80x60.jpg 80w, https:\/\/www.bellunopress.it\/wp-content\/uploads\/2020\/03\/Ospedale-Feltre-2-265x198.jpg 265w\" sizes=\"auto, (max-width: 900px) 100vw, 900px\" \/><figcaption id=\"caption-attachment-112702\" class=\"wp-caption-text\">Ospedale di Feltre<\/figcaption><\/figure>\n<p>Feltre, 8 novembre 2023 &#8211; Oggi all&#8217;ospedale di Feltre il Commissario Dal Ben ha condiviso l&#8217;orgoglio per la menzione speciale ottenuto dall&#8217;ospedale di Feltre per il percorso riabilitativo post intervento alla prostata nell&#8217;ambito del concorso nazionale promosso dalla fondazione Onda.<\/p>\n<p>La Fondazione Onda ha premiato gli ospedali che si distinguono per l&#8217;approccio all&#8217;avanguardia e interdisciplinare nella gestione delle complicanze funzionali urinarie e sessuali post trattamento per il tumore della prostata. Nel dettaglio, il Concorso si prefigge di contribuire al miglioramento dei percorsi integrati per eventuali problematiche post-trattamento e di incoraggiare l&#8217;implementazione negli ospedali che a oggi ne sono sprovvisti.<\/p>\n<p>Un apposito Comitato di esperti istituito da Fondazione Onda ha esaminato le candidature pervenute, valutando ogni percorso in base a rilevanza, multidisciplinariet\u00e0, efficacia, efficienza e replicabilit\u00e0 e ha premiato o dato una menzione ai migliori percorsi ospedalieri per la gestione delle complicanze funzionali urinarie e sessuali post trattamento del tumore della prostata e per i migliori percorsi ospedalieri per la gestione delle complicanze funzionali sessuali post trattamento del tumore della prostata.<\/p>\n<p>Nel 2023 \u00e8 stato creato in ULSS 1 Dolomiti il percorso diagnostico terapeutico (PDTA) per il Paziente con sospetto o accertato tumore della prostata, per definirne le modalit\u00e0 di presa in carico dalla diagnosi alla stadiazione e trattamento pi\u00f9 idoneo. La complessit\u00e0 della patologia, le sue implicazioni psicologiche e funzionali richiedono un sempre crescente approccio multidisciplinare al problema.<\/p>\n<p>Presso l&#8217;Urologia di Feltre la presa in carico multidisciplinare del paziente con sospetto tumore della prostata avviene sin dall&#8217;inizio del percorso assieme alla Radiologia, permettendo l&#8217;esecuzione di una RM multiparamentrca della prostata poche settimane prima della biopsia. La prenotazione preoperatoria di tale esame ha semplificato il percorso della persona in vista della biopsia prostatica, con un importante riduzione dei tempi di attesa dal sospetto di malattia alla diagnosi ed un importante guadagno di precisione permettendo l&#8217;esecuzione di una biopsia target.<\/p>\n<p>Raggiunta la diagnosi, la decisione terapeutica viene presa sempre pi\u00f9 spesso ricorrendo alla discussione del caso presso il Gruppo Oncologico Multidisciplinare (GOM) composto da esperti delle varie discipline coinvolte (urologia, oncologia, radioterapia, radiologia, anatomia patologica) che si riunisce a cadenza settimanale a Feltre sia in presenza sia &#8220;per via telematica&#8221;: solo per il tumore della prostata, negli ultimi 6 mesi sono stati discussi al GOM 44 nuovi casi.<\/p>\n<p>Non in ultimo, dal 2023 ai Pazienti sottoposti a prostatectomia radicale viene offerto un percorso di sostegno psicologico a supporto delle possibili ripercussioni funzionali sulla sfera sessuale della malattia che va ad integrarsi alla gi\u00e0 presente riabilitazione farmacologica per il potenziamento della funzione erettile e un percorso riabilitativo.<\/p>\n<p>Tale gestione multidisciplinare presso l&#8217;Urologia di Feltre ha permesso la presa in carico di un sempre crescente numero di pazienti con tumore della prostata, arrivando ad eseguire 259 biopsie prostatiche in questi primi 10 mesi del 2023, superando sia le 244 biopsie eseguite in tutto l&#8217;anno 2022 sia le 245 biopsia del 2019, anno pre-pandemia. Sempre nei primi 10 mesi del 2023 sono stati eseguiti 74 interventi di prostatectomia radicale, eguagliando i 75 interventi eseguiti durante tutto l&#8217;anno 2022 e superando i 68 interventi eseguiti prepandemia nel 2019, i 58 del 2020, i 67 del 2022.<\/p>\n<p>La qualit\u00e0 del lavoro svolto al Santa Maria del Prato \u00e8 stata riconosciuta con l&#8217;assegnazione l&#8217;anno scorso del Bollino Azzurro all&#8217;Ospedale di Feltre dalla Fondazione Osservatorio Nazionale sulla salute della donna e di genere (Fondazione ONDA) e quest&#8217;anno di una menzione speciale al Santa Maria del Prato per la riabilitazione funzionale post-operatoria.<\/p>\n<p>Oggi il commissario Dal Ben ha presentato il percorso con il direttore medico Sabrina Marconato, il direttore della Urologia Roberto Bertoldin e la giovane equipe del reparto.<\/p>","protected":false},"excerpt":{"rendered":"<p>Feltre, 8 novembre 2023 &#8211; Oggi all&#8217;ospedale di Feltre il Commissario Dal Ben ha condiviso l&#8217;orgoglio per la menzione speciale ottenuto dall&#8217;ospedale di Feltre per il percorso riabilitativo post intervento alla prostata nell&#8217;ambito del concorso nazionale promosso dalla fondazione Onda. La Fondazione Onda ha premiato gli ospedali che si distinguono per l&#8217;approccio all&#8217;avanguardia e interdisciplinare [&hellip;]<\/p>\n","protected":false},"author":2,"featured_media":112702,"comment_status":"closed","ping_status":"open","sticky":false,"template":"","format":"standard","meta":{"footnotes":""},"categories":[17],"tags":[],"class_list":["post-145747","post","type-post","status-publish","format-standard","has-post-thumbnail","category-sanita"],"yoast_head":"<!-- This site is optimized with the Yoast SEO plugin v28.4 - https:\/\/yoast.com\/product\/yoast-seo-wordpress\/ -->\n<title>Menzione speciale per l&#039;ospedale di Feltre - Bellunopress - Dolomiti<\/title>\n<meta name=\"robots\" content=\"index, follow, max-snippet:-1, max-image-preview:large, max-video-preview:-1\" \/>\n<link rel=\"canonical\" href=\"https:\/\/www.bellunopress.it\/fr\/2023\/11\/08\/menzione-speciale-per-lospedale-di-feltre\/\" \/>\n<meta property=\"og:locale\" content=\"fr_FR\" \/>\n<meta property=\"og:type\" content=\"article\" \/>\n<meta property=\"og:title\" content=\"Menzione speciale per l&#039;ospedale di Feltre - Bellunopress - Dolomiti\" \/>\n<meta property=\"og:description\" content=\"Feltre, 8 novembre 2023 &#8211; Oggi all&#8217;ospedale di Feltre il Commissario Dal Ben ha condiviso l&#8217;orgoglio per la menzione speciale ottenuto dall&#8217;ospedale di Feltre per il percorso riabilitativo post intervento alla prostata nell&#8217;ambito del concorso nazionale promosso dalla fondazione Onda. La Fondazione Onda ha premiato gli ospedali che si distinguono per l&#8217;approccio all&#8217;avanguardia e interdisciplinare [&hellip;]\" \/>\n<meta property=\"og:url\" content=\"https:\/\/www.bellunopress.it\/fr\/2023\/11\/08\/menzione-speciale-per-lospedale-di-feltre\/\" \/>\n<meta property=\"og:site_name\" content=\"Bellunopress - Dolomiti\" \/>\n<meta property=\"article:publisher\" content=\"https:\/\/www.facebook.com\/profile.php?id=100008943462799\" \/>\n<meta property=\"article:published_time\" content=\"2023-11-08T15:42:48+00:00\" \/>\n<meta property=\"og:image\" content=\"https:\/\/www.bellunopress.it\/wp-content\/uploads\/2020\/03\/Ospedale-Feltre-2.jpg\" \/>\n\t<meta property=\"og:image:width\" content=\"900\" \/>\n\t<meta property=\"og:image:height\" content=\"675\" \/>\n\t<meta property=\"og:image:type\" content=\"image\/jpeg\" \/>\n<meta name=\"author\" content=\"redazione\" \/>\n<meta name=\"twitter:card\" content=\"summary_large_image\" \/>\n<meta name=\"twitter:creator\" content=\"@bellunopress\" \/>\n<meta name=\"twitter:site\" content=\"@bellunopress\" \/>\n<meta name=\"twitter:label1\" content=\"\u00c9crit par\" \/>\n\t<meta name=\"twitter:data1\" content=\"redazione\" \/>\n\t<meta name=\"twitter:label2\" content=\"Dur\u00e9e de lecture estim\u00e9e\" \/>\n\t<meta name=\"twitter:data2\" content=\"3 minutes\" \/>\n<script type=\"application\/ld+json\" class=\"yoast-schema-graph\">{\"@context\":\"https:\\\/\\\/schema.org\",\"@graph\":[{\"@type\":\"Article\",\"@id\":\"https:\\\/\\\/www.bellunopress.it\\\/2023\\\/11\\\/08\\\/menzione-speciale-per-lospedale-di-feltre\\\/#article\",\"isPartOf\":{\"@id\":\"https:\\\/\\\/www.bellunopress.it\\\/2023\\\/11\\\/08\\\/menzione-speciale-per-lospedale-di-feltre\\\/\"},\"author\":{\"name\":\"redazione\",\"@id\":\"https:\\\/\\\/www.bellunopress.it\\\/#\\\/schema\\\/person\\\/79bb06722b37ece1c03d3e94beb30d73\"},\"headline\":\"Menzione speciale per l&#8217;ospedale di Feltre\",\"datePublished\":\"2023-11-08T15:42:48+00:00\",\"mainEntityOfPage\":{\"@id\":\"https:\\\/\\\/www.bellunopress.it\\\/2023\\\/11\\\/08\\\/menzione-speciale-per-lospedale-di-feltre\\\/\"},\"wordCount\":607,\"publisher\":{\"@id\":\"https:\\\/\\\/www.bellunopress.it\\\/#organization\"},\"image\":{\"@id\":\"https:\\\/\\\/www.bellunopress.it\\\/2023\\\/11\\\/08\\\/menzione-speciale-per-lospedale-di-feltre\\\/#primaryimage\"},\"thumbnailUrl\":\"https:\\\/\\\/www.bellunopress.it\\\/wp-content\\\/uploads\\\/2020\\\/03\\\/Ospedale-Feltre-2.jpg\",\"articleSection\":[\"Sanit\u00e0 Medicina\"],\"inLanguage\":\"fr-FR\"},{\"@type\":\"WebPage\",\"@id\":\"https:\\\/\\\/www.bellunopress.it\\\/2023\\\/11\\\/08\\\/menzione-speciale-per-lospedale-di-feltre\\\/\",\"url\":\"https:\\\/\\\/www.bellunopress.it\\\/2023\\\/11\\\/08\\\/menzione-speciale-per-lospedale-di-feltre\\\/\",\"name\":\"Menzione speciale per l'ospedale di Feltre - Bellunopress - Dolomiti\",\"isPartOf\":{\"@id\":\"https:\\\/\\\/www.bellunopress.it\\\/#website\"},\"primaryImageOfPage\":{\"@id\":\"https:\\\/\\\/www.bellunopress.it\\\/2023\\\/11\\\/08\\\/menzione-speciale-per-lospedale-di-feltre\\\/#primaryimage\"},\"image\":{\"@id\":\"https:\\\/\\\/www.bellunopress.it\\\/2023\\\/11\\\/08\\\/menzione-speciale-per-lospedale-di-feltre\\\/#primaryimage\"},\"thumbnailUrl\":\"https:\\\/\\\/www.bellunopress.it\\\/wp-content\\\/uploads\\\/2020\\\/03\\\/Ospedale-Feltre-2.jpg\",\"datePublished\":\"2023-11-08T15:42:48+00:00\",\"breadcrumb\":{\"@id\":\"https:\\\/\\\/www.bellunopress.it\\\/2023\\\/11\\\/08\\\/menzione-speciale-per-lospedale-di-feltre\\\/#breadcrumb\"},\"inLanguage\":\"fr-FR\",\"potentialAction\":[{\"@type\":\"ReadAction\",\"target\":[\"https:\\\/\\\/www.bellunopress.it\\\/2023\\\/11\\\/08\\\/menzione-speciale-per-lospedale-di-feltre\\\/\"]}]},{\"@type\":\"ImageObject\",\"inLanguage\":\"fr-FR\",\"@id\":\"https:\\\/\\\/www.bellunopress.it\\\/2023\\\/11\\\/08\\\/menzione-speciale-per-lospedale-di-feltre\\\/#primaryimage\",\"url\":\"https:\\\/\\\/www.bellunopress.it\\\/wp-content\\\/uploads\\\/2020\\\/03\\\/Ospedale-Feltre-2.jpg\",\"contentUrl\":\"https:\\\/\\\/www.bellunopress.it\\\/wp-content\\\/uploads\\\/2020\\\/03\\\/Ospedale-Feltre-2.jpg\",\"width\":900,\"height\":675,\"caption\":\"Ospedale di Feltre\"},{\"@type\":\"BreadcrumbList\",\"@id\":\"https:\\\/\\\/www.bellunopress.it\\\/2023\\\/11\\\/08\\\/menzione-speciale-per-lospedale-di-feltre\\\/#breadcrumb\",\"itemListElement\":[{\"@type\":\"ListItem\",\"position\":1,\"name\":\"Home\",\"item\":\"https:\\\/\\\/www.bellunopress.it\\\/\"},{\"@type\":\"ListItem\",\"position\":2,\"name\":\"Menzione speciale per l&#8217;ospedale di Feltre\"}]},{\"@type\":\"WebSite\",\"@id\":\"https:\\\/\\\/www.bellunopress.it\\\/#website\",\"url\":\"https:\\\/\\\/www.bellunopress.it\\\/\",\"name\":\"Bellunopress - Dolomiti\",\"description\":\"e-mail: redazione@bellunopress.it\",\"publisher\":{\"@id\":\"https:\\\/\\\/www.bellunopress.it\\\/#organization\"},\"potentialAction\":[{\"@type\":\"SearchAction\",\"target\":{\"@type\":\"EntryPoint\",\"urlTemplate\":\"https:\\\/\\\/www.bellunopress.it\\\/?s={search_term_string}\"},\"query-input\":{\"@type\":\"PropertyValueSpecification\",\"valueRequired\":true,\"valueName\":\"search_term_string\"}}],\"inLanguage\":\"fr-FR\"},{\"@type\":\"Organization\",\"@id\":\"https:\\\/\\\/www.bellunopress.it\\\/#organization\",\"name\":\"Bellunopress\",\"url\":\"https:\\\/\\\/www.bellunopress.it\\\/\",\"logo\":{\"@type\":\"ImageObject\",\"inLanguage\":\"fr-FR\",\"@id\":\"https:\\\/\\\/www.bellunopress.it\\\/#\\\/schema\\\/logo\\\/image\\\/\",\"url\":\"https:\\\/\\\/www.bellunopress.it\\\/wp-content\\\/uploads\\\/2011\\\/05\\\/cropped-logo-bellunopress-.jpg\",\"contentUrl\":\"https:\\\/\\\/www.bellunopress.it\\\/wp-content\\\/uploads\\\/2011\\\/05\\\/cropped-logo-bellunopress-.jpg\",\"width\":512,\"height\":512,\"caption\":\"Bellunopress\"},\"image\":{\"@id\":\"https:\\\/\\\/www.bellunopress.it\\\/#\\\/schema\\\/logo\\\/image\\\/\"},\"sameAs\":[\"https:\\\/\\\/www.facebook.com\\\/profile.php?id=100008943462799\",\"https:\\\/\\\/x.com\\\/bellunopress\",\"https:\\\/\\\/www.linkedin.com\\\/hp\\\/?dnr=JBzUWaJfMUw8vbXJJ2tVW5-I3jZKvC4wsoxE&amp;amp;amp;amp;amp;amp;trk=nav_responsive_tab_home\",\"https:\\\/\\\/www.youtube.com\\\/channel\\\/UCxL0wu1uN0_3_7hGG0306cw\"]},{\"@type\":\"Person\",\"@id\":\"https:\\\/\\\/www.bellunopress.it\\\/#\\\/schema\\\/person\\\/79bb06722b37ece1c03d3e94beb30d73\",\"name\":\"redazione\",\"image\":{\"@type\":\"ImageObject\",\"inLanguage\":\"fr-FR\",\"@id\":\"https:\\\/\\\/secure.gravatar.com\\\/avatar\\\/37d968a2e67a6fd04c169c4bdef102d0bc5d31b2546345219e348575eb80e9a0?s=96&d=mm&r=g\",\"url\":\"https:\\\/\\\/secure.gravatar.com\\\/avatar\\\/37d968a2e67a6fd04c169c4bdef102d0bc5d31b2546345219e348575eb80e9a0?s=96&d=mm&r=g\",\"contentUrl\":\"https:\\\/\\\/secure.gravatar.com\\\/avatar\\\/37d968a2e67a6fd04c169c4bdef102d0bc5d31b2546345219e348575eb80e9a0?s=96&d=mm&r=g\",\"caption\":\"redazione\"},\"sameAs\":[\"http:\\\/\\\/www.bellunopress.it\",\"https:\\\/\\\/x.com\\\/bellunopress\"],\"url\":\"https:\\\/\\\/www.bellunopress.it\\\/fr\\\/author\\\/redazione\\\/\"}]}<\/script>\n<!-- \/ Yoast SEO plugin. -->","yoast_head_json":{"title":"Menzione speciale per l'ospedale di Feltre - Bellunopress - Dolomiti","robots":{"index":"index","follow":"follow","max-snippet":"max-snippet:-1","max-image-preview":"max-image-preview:large","max-video-preview":"max-video-preview:-1"},"canonical":"https:\/\/www.bellunopress.it\/fr\/2023\/11\/08\/menzione-speciale-per-lospedale-di-feltre\/","og_locale":"fr_FR","og_type":"article","og_title":"Menzione speciale per l'ospedale di Feltre - Bellunopress - Dolomiti","og_description":"Feltre, 8 novembre 2023 &#8211; Oggi all&#8217;ospedale di Feltre il Commissario Dal Ben ha condiviso l&#8217;orgoglio per la menzione speciale ottenuto dall&#8217;ospedale di Feltre per il percorso riabilitativo post intervento alla prostata nell&#8217;ambito del concorso nazionale promosso dalla fondazione Onda. La Fondazione Onda ha premiato gli ospedali che si distinguono per l&#8217;approccio all&#8217;avanguardia e interdisciplinare [&hellip;]","og_url":"https:\/\/www.bellunopress.it\/fr\/2023\/11\/08\/menzione-speciale-per-lospedale-di-feltre\/","og_site_name":"Bellunopress - Dolomiti","article_publisher":"https:\/\/www.facebook.com\/profile.php?id=100008943462799","article_published_time":"2023-11-08T15:42:48+00:00","og_image":[{"width":900,"height":675,"url":"https:\/\/www.bellunopress.it\/wp-content\/uploads\/2020\/03\/Ospedale-Feltre-2.jpg","type":"image\/jpeg"}],"author":"redazione","twitter_card":"summary_large_image","twitter_creator":"@bellunopress","twitter_site":"@bellunopress","twitter_misc":{"\u00c9crit par":"redazione","Dur\u00e9e de lecture estim\u00e9e":"3 minutes"},"schema":{"@context":"https:\/\/schema.org","@graph":[{"@type":"Article","@id":"https:\/\/www.bellunopress.it\/2023\/11\/08\/menzione-speciale-per-lospedale-di-feltre\/#article","isPartOf":{"@id":"https:\/\/www.bellunopress.it\/2023\/11\/08\/menzione-speciale-per-lospedale-di-feltre\/"},"author":{"name":"redazione","@id":"https:\/\/www.bellunopress.it\/#\/schema\/person\/79bb06722b37ece1c03d3e94beb30d73"},"headline":"Menzione speciale per l&#8217;ospedale di Feltre","datePublished":"2023-11-08T15:42:48+00:00","mainEntityOfPage":{"@id":"https:\/\/www.bellunopress.it\/2023\/11\/08\/menzione-speciale-per-lospedale-di-feltre\/"},"wordCount":607,"publisher":{"@id":"https:\/\/www.bellunopress.it\/#organization"},"image":{"@id":"https:\/\/www.bellunopress.it\/2023\/11\/08\/menzione-speciale-per-lospedale-di-feltre\/#primaryimage"},"thumbnailUrl":"https:\/\/www.bellunopress.it\/wp-content\/uploads\/2020\/03\/Ospedale-Feltre-2.jpg","articleSection":["Sanit\u00e0 Medicina"],"inLanguage":"fr-FR"},{"@type":"WebPage","@id":"https:\/\/www.bellunopress.it\/2023\/11\/08\/menzione-speciale-per-lospedale-di-feltre\/","url":"https:\/\/www.bellunopress.it\/2023\/11\/08\/menzione-speciale-per-lospedale-di-feltre\/","name":"Menzione speciale per l'ospedale di Feltre - Bellunopress - Dolomiti","isPartOf":{"@id":"https:\/\/www.bellunopress.it\/#website"},"primaryImageOfPage":{"@id":"https:\/\/www.bellunopress.it\/2023\/11\/08\/menzione-speciale-per-lospedale-di-feltre\/#primaryimage"},"image":{"@id":"https:\/\/www.bellunopress.it\/2023\/11\/08\/menzione-speciale-per-lospedale-di-feltre\/#primaryimage"},"thumbnailUrl":"https:\/\/www.bellunopress.it\/wp-content\/uploads\/2020\/03\/Ospedale-Feltre-2.jpg","datePublished":"2023-11-08T15:42:48+00:00","breadcrumb":{"@id":"https:\/\/www.bellunopress.it\/2023\/11\/08\/menzione-speciale-per-lospedale-di-feltre\/#breadcrumb"},"inLanguage":"fr-FR","potentialAction":[{"@type":"ReadAction","target":["https:\/\/www.bellunopress.it\/2023\/11\/08\/menzione-speciale-per-lospedale-di-feltre\/"]}]},{"@type":"ImageObject","inLanguage":"fr-FR","@id":"https:\/\/www.bellunopress.it\/2023\/11\/08\/menzione-speciale-per-lospedale-di-feltre\/#primaryimage","url":"https:\/\/www.bellunopress.it\/wp-content\/uploads\/2020\/03\/Ospedale-Feltre-2.jpg","contentUrl":"https:\/\/www.bellunopress.it\/wp-content\/uploads\/2020\/03\/Ospedale-Feltre-2.jpg","width":900,"height":675,"caption":"Ospedale di Feltre"},{"@type":"BreadcrumbList","@id":"https:\/\/www.bellunopress.it\/2023\/11\/08\/menzione-speciale-per-lospedale-di-feltre\/#breadcrumb","itemListElement":[{"@type":"ListItem","position":1,"name":"Home","item":"https:\/\/www.bellunopress.it\/"},{"@type":"ListItem","position":2,"name":"Menzione speciale per l&#8217;ospedale di Feltre"}]},{"@type":"WebSite","@id":"https:\/\/www.bellunopress.it\/#website","url":"https:\/\/www.bellunopress.it\/","name":"Bellunopress - Dolomiti","description":"e-mail: redazione@bellunopress.it","publisher":{"@id":"https:\/\/www.bellunopress.it\/#organization"},"potentialAction":[{"@type":"SearchAction","target":{"@type":"EntryPoint","urlTemplate":"https:\/\/www.bellunopress.it\/?s={search_term_string}"},"query-input":{"@type":"PropertyValueSpecification","valueRequired":true,"valueName":"search_term_string"}}],"inLanguage":"fr-FR"},{"@type":"Organization","@id":"https:\/\/www.bellunopress.it\/#organization","name":"Bellunopress","url":"https:\/\/www.bellunopress.it\/","logo":{"@type":"ImageObject","inLanguage":"fr-FR","@id":"https:\/\/www.bellunopress.it\/#\/schema\/logo\/image\/","url":"https:\/\/www.bellunopress.it\/wp-content\/uploads\/2011\/05\/cropped-logo-bellunopress-.jpg","contentUrl":"https:\/\/www.bellunopress.it\/wp-content\/uploads\/2011\/05\/cropped-logo-bellunopress-.jpg","width":512,"height":512,"caption":"Bellunopress"},"image":{"@id":"https:\/\/www.bellunopress.it\/#\/schema\/logo\/image\/"},"sameAs":["https:\/\/www.facebook.com\/profile.php?id=100008943462799","https:\/\/x.com\/bellunopress","https:\/\/www.linkedin.com\/hp\/?dnr=JBzUWaJfMUw8vbXJJ2tVW5-I3jZKvC4wsoxE&amp;amp;amp;amp;amp;amp;trk=nav_responsive_tab_home","https:\/\/www.youtube.com\/channel\/UCxL0wu1uN0_3_7hGG0306cw"]},{"@type":"Person","@id":"https:\/\/www.bellunopress.it\/#\/schema\/person\/79bb06722b37ece1c03d3e94beb30d73","name":"r\u00e9daction","image":{"@type":"ImageObject","inLanguage":"fr-FR","@id":"https:\/\/secure.gravatar.com\/avatar\/37d968a2e67a6fd04c169c4bdef102d0bc5d31b2546345219e348575eb80e9a0?s=96&d=mm&r=g","url":"https:\/\/secure.gravatar.com\/avatar\/37d968a2e67a6fd04c169c4bdef102d0bc5d31b2546345219e348575eb80e9a0?s=96&d=mm&r=g","contentUrl":"https:\/\/secure.gravatar.com\/avatar\/37d968a2e67a6fd04c169c4bdef102d0bc5d31b2546345219e348575eb80e9a0?s=96&d=mm&r=g","caption":"redazione"},"sameAs":["http:\/\/www.bellunopress.it","https:\/\/x.com\/bellunopress"],"url":"https:\/\/www.bellunopress.it\/fr\/author\/redazione\/"}]}},"_links":{"self":[{"href":"https:\/\/www.bellunopress.it\/fr\/wp-json\/wp\/v2\/posts\/145747","targetHints":{"allow":["GET"]}}],"collection":[{"href":"https:\/\/www.bellunopress.it\/fr\/wp-json\/wp\/v2\/posts"}],"about":[{"href":"https:\/\/www.bellunopress.it\/fr\/wp-json\/wp\/v2\/types\/post"}],"author":[{"embeddable":true,"href":"https:\/\/www.bellunopress.it\/fr\/wp-json\/wp\/v2\/users\/2"}],"replies":[{"embeddable":true,"href":"https:\/\/www.bellunopress.it\/fr\/wp-json\/wp\/v2\/comments?post=145747"}],"version-history":[{"count":1,"href":"https:\/\/www.bellunopress.it\/fr\/wp-json\/wp\/v2\/posts\/145747\/revisions"}],"predecessor-version":[{"id":145748,"href":"https:\/\/www.bellunopress.it\/fr\/wp-json\/wp\/v2\/posts\/145747\/revisions\/145748"}],"wp:featuredmedia":[{"embeddable":true,"href":"https:\/\/www.bellunopress.it\/fr\/wp-json\/wp\/v2\/media\/112702"}],"wp:attachment":[{"href":"https:\/\/www.bellunopress.it\/fr\/wp-json\/wp\/v2\/media?parent=145747"}],"wp:term":[{"taxonomy":"category","embeddable":true,"href":"https:\/\/www.bellunopress.it\/fr\/wp-json\/wp\/v2\/categories?post=145747"},{"taxonomy":"post_tag","embeddable":true,"href":"https:\/\/www.bellunopress.it\/fr\/wp-json\/wp\/v2\/tags?post=145747"}],"curies":[{"name":"wp","href":"https:\/\/api.w.org\/{rel}","templated":true}]}}