{"id":145736,"date":"2023-11-08T13:36:01","date_gmt":"2023-11-08T12:36:01","guid":{"rendered":"https:\/\/www.bellunopress.it\/?p=145736"},"modified":"2023-11-17T12:30:57","modified_gmt":"2023-11-17T11:30:57","slug":"uomini-e-lupi-in-cammino-max-solinas-e-dario-canossi-a-teatro","status":"publish","type":"post","link":"https:\/\/www.bellunopress.it\/fr\/2023\/11\/08\/uomini-e-lupi-in-cammino-max-solinas-e-dario-canossi-a-teatro\/","title":{"rendered":"Uomini e lupi in cammino. Max Solinas e Dario Canossi a Teatro"},"content":{"rendered":"<figure id=\"attachment_145737\" aria-describedby=\"caption-attachment-145737\" style=\"width: 1000px\" class=\"wp-caption alignleft\"><img loading=\"lazy\" decoding=\"async\" class=\"size-full wp-image-145737\" src=\"https:\/\/www.bellunopress.it\/wp-content\/uploads\/2023\/11\/Max-Solinas_edited.jpg\" alt=\"\" width=\"1000\" height=\"976\" srcset=\"https:\/\/www.bellunopress.it\/wp-content\/uploads\/2023\/11\/Max-Solinas_edited.jpg 1000w, https:\/\/www.bellunopress.it\/wp-content\/uploads\/2023\/11\/Max-Solinas_edited-500x488.jpg 500w, https:\/\/www.bellunopress.it\/wp-content\/uploads\/2023\/11\/Max-Solinas_edited-696x679.jpg 696w\" sizes=\"auto, (max-width: 1000px) 100vw, 1000px\" \/><figcaption id=\"caption-attachment-145737\" class=\"wp-caption-text\">Max Solinas<\/figcaption><\/figure>\n<p>Causa l\u2019improvviso impedimento per motivi di salute di un componente della compagnia, lo spettacolo \u201cAscoltando il monte\u201d previsto per venerd\u00ec 17 novembre non potr\u00e0 avere svolgimento.<br \/>\nI biglietti gi\u00e0 acquistati potranno essere rimborsati entro e non oltre il 30 novembre 2023.<\/p>\n<p>***********************************************<\/p>\n<p>Incontro Max Solinas (scultore, scrittore e alpinista) in una domenica mattina d\u2019autunno: il sole splende su Piazza dei Martiri, mentre mi attende di fianco alla sua scultura, quasi ultimata per l\u2019imminente Ex Tempore bellunese.<\/p>\n<p>Mi saluta sorridente, e in pochi secondi siamo immersi in un dialogo fatto di scambi schietti e sinceri, che mi rimanda al suo modo di scrivere e che fin dalla prima lettura ho potuto apprezzare. Il suo ultimo romanzo \u2018Il lupo e l\u2019equilibrista\u2019 narra di un uomo e un lupo destinati ad incontrarsi per percorrere una parte di cammino insieme. Una storia fatta di sali scendi, dentro fuori, vicino lontano, metaforici e reali, che altro non sono che il rispecchiamento della vita stessa. Il concetto di circolarit\u00e0, che mi ha rapita, \u00e8 uno dei temi principali: lo si ritrova nello svolgersi dei capitoli cos\u00ec come nello scorrere delle nostre giornate: un\u2019opera inizia e finisce, un lavoro comincia e giunge al termine, la luna sorge e tramonta, spiega l\u2019autore.<\/p>\n<p>Le tematiche de \u2018Il lupo e l\u2019equilibrista\u2019 sono il filo conduttore che ha dato vita allo spettacolo teatrale \u2018Ascoltando il monte. Uomini e lupi in cammino \u2019 . Nato da un\u2019idea di Max Solinas e Dario Canossi (gruppo musicale LUF), e coordinato dalla regia di Marco Rampoldi (Agenzia Duepunti di Milano), lo spettacolo itinerante \u00e8 andato in scena a Milano lo scorso autunno, e approder\u00e0 a Belluno al Teatro Giovanni XXIII venerd\u00ec 17 novembre 2023, alle ore 21.<br \/>\nSul palco 4 musicisti, un cantante e un lettore per creare un connubio tra musica, canzoni,<br \/>\nletture e racconti. Le parole del romanzo di Max si fondono cos\u00ec con le melodie dell\u2019album<br \/>\n\u2018Tornando al monte\u2019 di Dario e dei LUF, in una performance coinvolgente e ricca di messaggi<br \/>\nper gli spettatori. Un\u2019 escalation tra parlato e cantato che accompagner\u00e0 il pubblico verso la<br \/>\ncima di quel monte e di chiss\u00e0 quanti altri.<br \/>\nAutori dei testi delle canzoni, oltre a Max Solinas, sono Mauro Corona, Nives Meroi, Erri De<br \/>\nLuca e Paolo Cognetti.<\/p>\n<p>Tra pensieri, parole, sculture, foglie colorate e lupi silenti.. non mi resta che prenotare il mio posto a Teatro, con l\u2019invito che anche voi possiate fare lo stesso.<br \/>\nInfo e prenotazioni: tel. 0437 948874\/ www.scoppiospettacoli.it<\/p>\n<p><strong>Valentina De Nart<\/strong><\/p>","protected":false},"excerpt":{"rendered":"<p>Causa l\u2019improvviso impedimento per motivi di salute di un componente della compagnia, lo spettacolo \u201cAscoltando il monte\u201d previsto per venerd\u00ec 17 novembre non potr\u00e0 avere svolgimento. I biglietti gi\u00e0 acquistati potranno essere rimborsati entro e non oltre il 30 novembre 2023. *********************************************** Incontro Max Solinas (scultore, scrittore e alpinista) in una domenica mattina d\u2019autunno: il [&hellip;]<\/p>\n","protected":false},"author":2,"featured_media":145737,"comment_status":"closed","ping_status":"open","sticky":false,"template":"","format":"standard","meta":{"footnotes":""},"categories":[27,3,25],"tags":[],"class_list":["post-145736","post","type-post","status-publish","format-standard","has-post-thumbnail","category-appuntamenti","category-arte-cultura-spettacoli-scienza-archivi","category-pausa-caffe"],"yoast_head":"<!-- This site is optimized with the Yoast SEO plugin v28.4 - https:\/\/yoast.com\/product\/yoast-seo-wordpress\/ -->\n<title>Uomini e lupi in cammino. Max Solinas e Dario Canossi a Teatro - Bellunopress - Dolomiti<\/title>\n<meta name=\"robots\" content=\"index, follow, max-snippet:-1, max-image-preview:large, max-video-preview:-1\" \/>\n<link rel=\"canonical\" href=\"https:\/\/www.bellunopress.it\/fr\/2023\/11\/08\/uomini-e-lupi-in-cammino-max-solinas-e-dario-canossi-a-teatro\/\" \/>\n<meta property=\"og:locale\" content=\"fr_FR\" \/>\n<meta property=\"og:type\" content=\"article\" \/>\n<meta property=\"og:title\" content=\"Uomini e lupi in cammino. Max Solinas e Dario Canossi a Teatro - Bellunopress - Dolomiti\" \/>\n<meta property=\"og:description\" content=\"Causa l\u2019improvviso impedimento per motivi di salute di un componente della compagnia, lo spettacolo \u201cAscoltando il monte\u201d previsto per venerd\u00ec 17 novembre non potr\u00e0 avere svolgimento. I biglietti gi\u00e0 acquistati potranno essere rimborsati entro e non oltre il 30 novembre 2023. *********************************************** Incontro Max Solinas (scultore, scrittore e alpinista) in una domenica mattina d\u2019autunno: il [&hellip;]\" \/>\n<meta property=\"og:url\" content=\"https:\/\/www.bellunopress.it\/fr\/2023\/11\/08\/uomini-e-lupi-in-cammino-max-solinas-e-dario-canossi-a-teatro\/\" \/>\n<meta property=\"og:site_name\" content=\"Bellunopress - Dolomiti\" \/>\n<meta property=\"article:publisher\" content=\"https:\/\/www.facebook.com\/profile.php?id=100008943462799\" \/>\n<meta property=\"article:published_time\" content=\"2023-11-08T12:36:01+00:00\" \/>\n<meta property=\"article:modified_time\" content=\"2023-11-17T11:30:57+00:00\" \/>\n<meta property=\"og:image\" content=\"https:\/\/www.bellunopress.it\/wp-content\/uploads\/2023\/11\/Max-Solinas_edited.jpg\" \/>\n\t<meta property=\"og:image:width\" content=\"1000\" \/>\n\t<meta property=\"og:image:height\" content=\"976\" \/>\n\t<meta property=\"og:image:type\" content=\"image\/jpeg\" \/>\n<meta name=\"author\" content=\"redazione\" \/>\n<meta name=\"twitter:card\" content=\"summary_large_image\" \/>\n<meta name=\"twitter:creator\" content=\"@bellunopress\" \/>\n<meta name=\"twitter:site\" content=\"@bellunopress\" \/>\n<meta name=\"twitter:label1\" content=\"\u00c9crit par\" \/>\n\t<meta name=\"twitter:data1\" content=\"redazione\" \/>\n\t<meta name=\"twitter:label2\" content=\"Dur\u00e9e de lecture estim\u00e9e\" \/>\n\t<meta name=\"twitter:data2\" content=\"2 minutes\" \/>\n<script type=\"application\/ld+json\" class=\"yoast-schema-graph\">{\"@context\":\"https:\\\/\\\/schema.org\",\"@graph\":[{\"@type\":\"Article\",\"@id\":\"https:\\\/\\\/www.bellunopress.it\\\/2023\\\/11\\\/08\\\/uomini-e-lupi-in-cammino-max-solinas-e-dario-canossi-a-teatro\\\/#article\",\"isPartOf\":{\"@id\":\"https:\\\/\\\/www.bellunopress.it\\\/2023\\\/11\\\/08\\\/uomini-e-lupi-in-cammino-max-solinas-e-dario-canossi-a-teatro\\\/\"},\"author\":{\"name\":\"redazione\",\"@id\":\"https:\\\/\\\/www.bellunopress.it\\\/#\\\/schema\\\/person\\\/79bb06722b37ece1c03d3e94beb30d73\"},\"headline\":\"Uomini e lupi in cammino. Max Solinas e Dario Canossi a Teatro\",\"datePublished\":\"2023-11-08T12:36:01+00:00\",\"dateModified\":\"2023-11-17T11:30:57+00:00\",\"mainEntityOfPage\":{\"@id\":\"https:\\\/\\\/www.bellunopress.it\\\/2023\\\/11\\\/08\\\/uomini-e-lupi-in-cammino-max-solinas-e-dario-canossi-a-teatro\\\/\"},\"wordCount\":431,\"publisher\":{\"@id\":\"https:\\\/\\\/www.bellunopress.it\\\/#organization\"},\"image\":{\"@id\":\"https:\\\/\\\/www.bellunopress.it\\\/2023\\\/11\\\/08\\\/uomini-e-lupi-in-cammino-max-solinas-e-dario-canossi-a-teatro\\\/#primaryimage\"},\"thumbnailUrl\":\"https:\\\/\\\/www.bellunopress.it\\\/wp-content\\\/uploads\\\/2023\\\/11\\\/Max-Solinas_edited.jpg\",\"articleSection\":[\"Appuntamenti, Eventi\",\"Arte, Cultura, Spettacoli, Scienza\",\"Pausa Caff\u00e8\"],\"inLanguage\":\"fr-FR\"},{\"@type\":\"WebPage\",\"@id\":\"https:\\\/\\\/www.bellunopress.it\\\/2023\\\/11\\\/08\\\/uomini-e-lupi-in-cammino-max-solinas-e-dario-canossi-a-teatro\\\/\",\"url\":\"https:\\\/\\\/www.bellunopress.it\\\/2023\\\/11\\\/08\\\/uomini-e-lupi-in-cammino-max-solinas-e-dario-canossi-a-teatro\\\/\",\"name\":\"Uomini e lupi in cammino. Max Solinas e Dario Canossi a Teatro - Bellunopress - Dolomiti\",\"isPartOf\":{\"@id\":\"https:\\\/\\\/www.bellunopress.it\\\/#website\"},\"primaryImageOfPage\":{\"@id\":\"https:\\\/\\\/www.bellunopress.it\\\/2023\\\/11\\\/08\\\/uomini-e-lupi-in-cammino-max-solinas-e-dario-canossi-a-teatro\\\/#primaryimage\"},\"image\":{\"@id\":\"https:\\\/\\\/www.bellunopress.it\\\/2023\\\/11\\\/08\\\/uomini-e-lupi-in-cammino-max-solinas-e-dario-canossi-a-teatro\\\/#primaryimage\"},\"thumbnailUrl\":\"https:\\\/\\\/www.bellunopress.it\\\/wp-content\\\/uploads\\\/2023\\\/11\\\/Max-Solinas_edited.jpg\",\"datePublished\":\"2023-11-08T12:36:01+00:00\",\"dateModified\":\"2023-11-17T11:30:57+00:00\",\"breadcrumb\":{\"@id\":\"https:\\\/\\\/www.bellunopress.it\\\/2023\\\/11\\\/08\\\/uomini-e-lupi-in-cammino-max-solinas-e-dario-canossi-a-teatro\\\/#breadcrumb\"},\"inLanguage\":\"fr-FR\",\"potentialAction\":[{\"@type\":\"ReadAction\",\"target\":[\"https:\\\/\\\/www.bellunopress.it\\\/2023\\\/11\\\/08\\\/uomini-e-lupi-in-cammino-max-solinas-e-dario-canossi-a-teatro\\\/\"]}]},{\"@type\":\"ImageObject\",\"inLanguage\":\"fr-FR\",\"@id\":\"https:\\\/\\\/www.bellunopress.it\\\/2023\\\/11\\\/08\\\/uomini-e-lupi-in-cammino-max-solinas-e-dario-canossi-a-teatro\\\/#primaryimage\",\"url\":\"https:\\\/\\\/www.bellunopress.it\\\/wp-content\\\/uploads\\\/2023\\\/11\\\/Max-Solinas_edited.jpg\",\"contentUrl\":\"https:\\\/\\\/www.bellunopress.it\\\/wp-content\\\/uploads\\\/2023\\\/11\\\/Max-Solinas_edited.jpg\",\"width\":1000,\"height\":976,\"caption\":\"Max Solinas\"},{\"@type\":\"BreadcrumbList\",\"@id\":\"https:\\\/\\\/www.bellunopress.it\\\/2023\\\/11\\\/08\\\/uomini-e-lupi-in-cammino-max-solinas-e-dario-canossi-a-teatro\\\/#breadcrumb\",\"itemListElement\":[{\"@type\":\"ListItem\",\"position\":1,\"name\":\"Home\",\"item\":\"https:\\\/\\\/www.bellunopress.it\\\/\"},{\"@type\":\"ListItem\",\"position\":2,\"name\":\"Uomini e lupi in cammino. Max Solinas e Dario Canossi a Teatro\"}]},{\"@type\":\"WebSite\",\"@id\":\"https:\\\/\\\/www.bellunopress.it\\\/#website\",\"url\":\"https:\\\/\\\/www.bellunopress.it\\\/\",\"name\":\"Bellunopress - Dolomiti\",\"description\":\"e-mail: redazione@bellunopress.it\",\"publisher\":{\"@id\":\"https:\\\/\\\/www.bellunopress.it\\\/#organization\"},\"potentialAction\":[{\"@type\":\"SearchAction\",\"target\":{\"@type\":\"EntryPoint\",\"urlTemplate\":\"https:\\\/\\\/www.bellunopress.it\\\/?s={search_term_string}\"},\"query-input\":{\"@type\":\"PropertyValueSpecification\",\"valueRequired\":true,\"valueName\":\"search_term_string\"}}],\"inLanguage\":\"fr-FR\"},{\"@type\":\"Organization\",\"@id\":\"https:\\\/\\\/www.bellunopress.it\\\/#organization\",\"name\":\"Bellunopress\",\"url\":\"https:\\\/\\\/www.bellunopress.it\\\/\",\"logo\":{\"@type\":\"ImageObject\",\"inLanguage\":\"fr-FR\",\"@id\":\"https:\\\/\\\/www.bellunopress.it\\\/#\\\/schema\\\/logo\\\/image\\\/\",\"url\":\"https:\\\/\\\/www.bellunopress.it\\\/wp-content\\\/uploads\\\/2011\\\/05\\\/cropped-logo-bellunopress-.jpg\",\"contentUrl\":\"https:\\\/\\\/www.bellunopress.it\\\/wp-content\\\/uploads\\\/2011\\\/05\\\/cropped-logo-bellunopress-.jpg\",\"width\":512,\"height\":512,\"caption\":\"Bellunopress\"},\"image\":{\"@id\":\"https:\\\/\\\/www.bellunopress.it\\\/#\\\/schema\\\/logo\\\/image\\\/\"},\"sameAs\":[\"https:\\\/\\\/www.facebook.com\\\/profile.php?id=100008943462799\",\"https:\\\/\\\/x.com\\\/bellunopress\",\"https:\\\/\\\/www.linkedin.com\\\/hp\\\/?dnr=JBzUWaJfMUw8vbXJJ2tVW5-I3jZKvC4wsoxE&amp;amp;amp;amp;amp;amp;trk=nav_responsive_tab_home\",\"https:\\\/\\\/www.youtube.com\\\/channel\\\/UCxL0wu1uN0_3_7hGG0306cw\"]},{\"@type\":\"Person\",\"@id\":\"https:\\\/\\\/www.bellunopress.it\\\/#\\\/schema\\\/person\\\/79bb06722b37ece1c03d3e94beb30d73\",\"name\":\"redazione\",\"image\":{\"@type\":\"ImageObject\",\"inLanguage\":\"fr-FR\",\"@id\":\"https:\\\/\\\/secure.gravatar.com\\\/avatar\\\/37d968a2e67a6fd04c169c4bdef102d0bc5d31b2546345219e348575eb80e9a0?s=96&d=mm&r=g\",\"url\":\"https:\\\/\\\/secure.gravatar.com\\\/avatar\\\/37d968a2e67a6fd04c169c4bdef102d0bc5d31b2546345219e348575eb80e9a0?s=96&d=mm&r=g\",\"contentUrl\":\"https:\\\/\\\/secure.gravatar.com\\\/avatar\\\/37d968a2e67a6fd04c169c4bdef102d0bc5d31b2546345219e348575eb80e9a0?s=96&d=mm&r=g\",\"caption\":\"redazione\"},\"sameAs\":[\"http:\\\/\\\/www.bellunopress.it\",\"https:\\\/\\\/x.com\\\/bellunopress\"],\"url\":\"https:\\\/\\\/www.bellunopress.it\\\/fr\\\/author\\\/redazione\\\/\"}]}<\/script>\n<!-- \/ Yoast SEO plugin. -->","yoast_head_json":{"title":"Uomini e lupi in cammino. Max Solinas e Dario Canossi a Teatro - Bellunopress - Dolomiti","robots":{"index":"index","follow":"follow","max-snippet":"max-snippet:-1","max-image-preview":"max-image-preview:large","max-video-preview":"max-video-preview:-1"},"canonical":"https:\/\/www.bellunopress.it\/fr\/2023\/11\/08\/uomini-e-lupi-in-cammino-max-solinas-e-dario-canossi-a-teatro\/","og_locale":"fr_FR","og_type":"article","og_title":"Uomini e lupi in cammino. Max Solinas e Dario Canossi a Teatro - Bellunopress - Dolomiti","og_description":"Causa l\u2019improvviso impedimento per motivi di salute di un componente della compagnia, lo spettacolo \u201cAscoltando il monte\u201d previsto per venerd\u00ec 17 novembre non potr\u00e0 avere svolgimento. I biglietti gi\u00e0 acquistati potranno essere rimborsati entro e non oltre il 30 novembre 2023. *********************************************** Incontro Max Solinas (scultore, scrittore e alpinista) in una domenica mattina d\u2019autunno: il [&hellip;]","og_url":"https:\/\/www.bellunopress.it\/fr\/2023\/11\/08\/uomini-e-lupi-in-cammino-max-solinas-e-dario-canossi-a-teatro\/","og_site_name":"Bellunopress - Dolomiti","article_publisher":"https:\/\/www.facebook.com\/profile.php?id=100008943462799","article_published_time":"2023-11-08T12:36:01+00:00","article_modified_time":"2023-11-17T11:30:57+00:00","og_image":[{"width":1000,"height":976,"url":"https:\/\/www.bellunopress.it\/wp-content\/uploads\/2023\/11\/Max-Solinas_edited.jpg","type":"image\/jpeg"}],"author":"redazione","twitter_card":"summary_large_image","twitter_creator":"@bellunopress","twitter_site":"@bellunopress","twitter_misc":{"\u00c9crit par":"redazione","Dur\u00e9e de lecture estim\u00e9e":"2 minutes"},"schema":{"@context":"https:\/\/schema.org","@graph":[{"@type":"Article","@id":"https:\/\/www.bellunopress.it\/2023\/11\/08\/uomini-e-lupi-in-cammino-max-solinas-e-dario-canossi-a-teatro\/#article","isPartOf":{"@id":"https:\/\/www.bellunopress.it\/2023\/11\/08\/uomini-e-lupi-in-cammino-max-solinas-e-dario-canossi-a-teatro\/"},"author":{"name":"redazione","@id":"https:\/\/www.bellunopress.it\/#\/schema\/person\/79bb06722b37ece1c03d3e94beb30d73"},"headline":"Uomini e lupi in cammino. Max Solinas e Dario Canossi a Teatro","datePublished":"2023-11-08T12:36:01+00:00","dateModified":"2023-11-17T11:30:57+00:00","mainEntityOfPage":{"@id":"https:\/\/www.bellunopress.it\/2023\/11\/08\/uomini-e-lupi-in-cammino-max-solinas-e-dario-canossi-a-teatro\/"},"wordCount":431,"publisher":{"@id":"https:\/\/www.bellunopress.it\/#organization"},"image":{"@id":"https:\/\/www.bellunopress.it\/2023\/11\/08\/uomini-e-lupi-in-cammino-max-solinas-e-dario-canossi-a-teatro\/#primaryimage"},"thumbnailUrl":"https:\/\/www.bellunopress.it\/wp-content\/uploads\/2023\/11\/Max-Solinas_edited.jpg","articleSection":["Appuntamenti, Eventi","Arte, Cultura, Spettacoli, Scienza","Pausa Caff\u00e8"],"inLanguage":"fr-FR"},{"@type":"WebPage","@id":"https:\/\/www.bellunopress.it\/2023\/11\/08\/uomini-e-lupi-in-cammino-max-solinas-e-dario-canossi-a-teatro\/","url":"https:\/\/www.bellunopress.it\/2023\/11\/08\/uomini-e-lupi-in-cammino-max-solinas-e-dario-canossi-a-teatro\/","name":"Uomini e lupi in cammino. Max Solinas e Dario Canossi a Teatro - Bellunopress - Dolomiti","isPartOf":{"@id":"https:\/\/www.bellunopress.it\/#website"},"primaryImageOfPage":{"@id":"https:\/\/www.bellunopress.it\/2023\/11\/08\/uomini-e-lupi-in-cammino-max-solinas-e-dario-canossi-a-teatro\/#primaryimage"},"image":{"@id":"https:\/\/www.bellunopress.it\/2023\/11\/08\/uomini-e-lupi-in-cammino-max-solinas-e-dario-canossi-a-teatro\/#primaryimage"},"thumbnailUrl":"https:\/\/www.bellunopress.it\/wp-content\/uploads\/2023\/11\/Max-Solinas_edited.jpg","datePublished":"2023-11-08T12:36:01+00:00","dateModified":"2023-11-17T11:30:57+00:00","breadcrumb":{"@id":"https:\/\/www.bellunopress.it\/2023\/11\/08\/uomini-e-lupi-in-cammino-max-solinas-e-dario-canossi-a-teatro\/#breadcrumb"},"inLanguage":"fr-FR","potentialAction":[{"@type":"ReadAction","target":["https:\/\/www.bellunopress.it\/2023\/11\/08\/uomini-e-lupi-in-cammino-max-solinas-e-dario-canossi-a-teatro\/"]}]},{"@type":"ImageObject","inLanguage":"fr-FR","@id":"https:\/\/www.bellunopress.it\/2023\/11\/08\/uomini-e-lupi-in-cammino-max-solinas-e-dario-canossi-a-teatro\/#primaryimage","url":"https:\/\/www.bellunopress.it\/wp-content\/uploads\/2023\/11\/Max-Solinas_edited.jpg","contentUrl":"https:\/\/www.bellunopress.it\/wp-content\/uploads\/2023\/11\/Max-Solinas_edited.jpg","width":1000,"height":976,"caption":"Max Solinas"},{"@type":"BreadcrumbList","@id":"https:\/\/www.bellunopress.it\/2023\/11\/08\/uomini-e-lupi-in-cammino-max-solinas-e-dario-canossi-a-teatro\/#breadcrumb","itemListElement":[{"@type":"ListItem","position":1,"name":"Home","item":"https:\/\/www.bellunopress.it\/"},{"@type":"ListItem","position":2,"name":"Uomini e lupi in cammino. Max Solinas e Dario Canossi a Teatro"}]},{"@type":"WebSite","@id":"https:\/\/www.bellunopress.it\/#website","url":"https:\/\/www.bellunopress.it\/","name":"Bellunopress - Dolomiti","description":"e-mail: redazione@bellunopress.it","publisher":{"@id":"https:\/\/www.bellunopress.it\/#organization"},"potentialAction":[{"@type":"SearchAction","target":{"@type":"EntryPoint","urlTemplate":"https:\/\/www.bellunopress.it\/?s={search_term_string}"},"query-input":{"@type":"PropertyValueSpecification","valueRequired":true,"valueName":"search_term_string"}}],"inLanguage":"fr-FR"},{"@type":"Organization","@id":"https:\/\/www.bellunopress.it\/#organization","name":"Bellunopress","url":"https:\/\/www.bellunopress.it\/","logo":{"@type":"ImageObject","inLanguage":"fr-FR","@id":"https:\/\/www.bellunopress.it\/#\/schema\/logo\/image\/","url":"https:\/\/www.bellunopress.it\/wp-content\/uploads\/2011\/05\/cropped-logo-bellunopress-.jpg","contentUrl":"https:\/\/www.bellunopress.it\/wp-content\/uploads\/2011\/05\/cropped-logo-bellunopress-.jpg","width":512,"height":512,"caption":"Bellunopress"},"image":{"@id":"https:\/\/www.bellunopress.it\/#\/schema\/logo\/image\/"},"sameAs":["https:\/\/www.facebook.com\/profile.php?id=100008943462799","https:\/\/x.com\/bellunopress","https:\/\/www.linkedin.com\/hp\/?dnr=JBzUWaJfMUw8vbXJJ2tVW5-I3jZKvC4wsoxE&amp;amp;amp;amp;amp;amp;trk=nav_responsive_tab_home","https:\/\/www.youtube.com\/channel\/UCxL0wu1uN0_3_7hGG0306cw"]},{"@type":"Person","@id":"https:\/\/www.bellunopress.it\/#\/schema\/person\/79bb06722b37ece1c03d3e94beb30d73","name":"r\u00e9daction","image":{"@type":"ImageObject","inLanguage":"fr-FR","@id":"https:\/\/secure.gravatar.com\/avatar\/37d968a2e67a6fd04c169c4bdef102d0bc5d31b2546345219e348575eb80e9a0?s=96&d=mm&r=g","url":"https:\/\/secure.gravatar.com\/avatar\/37d968a2e67a6fd04c169c4bdef102d0bc5d31b2546345219e348575eb80e9a0?s=96&d=mm&r=g","contentUrl":"https:\/\/secure.gravatar.com\/avatar\/37d968a2e67a6fd04c169c4bdef102d0bc5d31b2546345219e348575eb80e9a0?s=96&d=mm&r=g","caption":"redazione"},"sameAs":["http:\/\/www.bellunopress.it","https:\/\/x.com\/bellunopress"],"url":"https:\/\/www.bellunopress.it\/fr\/author\/redazione\/"}]}},"_links":{"self":[{"href":"https:\/\/www.bellunopress.it\/fr\/wp-json\/wp\/v2\/posts\/145736","targetHints":{"allow":["GET"]}}],"collection":[{"href":"https:\/\/www.bellunopress.it\/fr\/wp-json\/wp\/v2\/posts"}],"about":[{"href":"https:\/\/www.bellunopress.it\/fr\/wp-json\/wp\/v2\/types\/post"}],"author":[{"embeddable":true,"href":"https:\/\/www.bellunopress.it\/fr\/wp-json\/wp\/v2\/users\/2"}],"replies":[{"embeddable":true,"href":"https:\/\/www.bellunopress.it\/fr\/wp-json\/wp\/v2\/comments?post=145736"}],"version-history":[{"count":2,"href":"https:\/\/www.bellunopress.it\/fr\/wp-json\/wp\/v2\/posts\/145736\/revisions"}],"predecessor-version":[{"id":145985,"href":"https:\/\/www.bellunopress.it\/fr\/wp-json\/wp\/v2\/posts\/145736\/revisions\/145985"}],"wp:featuredmedia":[{"embeddable":true,"href":"https:\/\/www.bellunopress.it\/fr\/wp-json\/wp\/v2\/media\/145737"}],"wp:attachment":[{"href":"https:\/\/www.bellunopress.it\/fr\/wp-json\/wp\/v2\/media?parent=145736"}],"wp:term":[{"taxonomy":"category","embeddable":true,"href":"https:\/\/www.bellunopress.it\/fr\/wp-json\/wp\/v2\/categories?post=145736"},{"taxonomy":"post_tag","embeddable":true,"href":"https:\/\/www.bellunopress.it\/fr\/wp-json\/wp\/v2\/tags?post=145736"}],"curies":[{"name":"wp","href":"https:\/\/api.w.org\/{rel}","templated":true}]}}