{"id":145734,"date":"2023-11-08T13:26:44","date_gmt":"2023-11-08T12:26:44","guid":{"rendered":"https:\/\/www.bellunopress.it\/?p=145734"},"modified":"2023-11-08T13:26:44","modified_gmt":"2023-11-08T12:26:44","slug":"fadalto-interrogazione-di-zanoni-e-zottis-ennesima-chiusura-dovuta-al-maltempo-regione-intervenga-su-anas-e-autostrade","status":"publish","type":"post","link":"https:\/\/www.bellunopress.it\/fr\/2023\/11\/08\/fadalto-interrogazione-di-zanoni-e-zottis-ennesima-chiusura-dovuta-al-maltempo-regione-intervenga-su-anas-e-autostrade\/","title":{"rendered":"Fadalto. Interrogazione di Zanoni e Zottis: &#8220;Ennesima chiusura dovuta al maltempo. Regione intervenga su Anas e Autostrade&#8221;"},"content":{"rendered":"<div dir=\"auto\">\n<figure id=\"attachment_99292\" aria-describedby=\"caption-attachment-99292\" style=\"width: 213px\" class=\"wp-caption alignleft\"><img loading=\"lazy\" decoding=\"async\" class=\"size-full wp-image-99292\" src=\"https:\/\/www.bellunopress.it\/wp-content\/uploads\/2018\/11\/andrea-zanoni.jpg\" alt=\"\" width=\"213\" height=\"300\" \/><figcaption id=\"caption-attachment-99292\" class=\"wp-caption-text\">Andrea Zanoni, consigliere regionale<\/figcaption><\/figure>\n<p>&#8220;Per l&#8217;ennesima volta la strada statale Alemagna viene chiusa causa maltempo: un evento che avviene puntualmente in occasione di condizioni meteo che rischiano di provocare frane e lo sfondamento delle barriere di protezione dell&#8217;arteria viaria. Un frequente stop che si traduce in pesantissimi e prolungati disagi, anche di mesi, per chi deve raggiungere il luogo di lavoro, le scuole, le stazioni, gli ospedali. Senza dimenticare il danno arrecato alle attivit\u00e0 economiche. \u00c8 evidente la necessit\u00e0 di una svolta concreta, di cui la Regione deve farsi carico, almeno intervenendo sul Governo, Anas e Autostrade per l&#8217;Italia&#8221;.<\/p><\/div>\n<div dir=\"auto\"><\/div>\n<div dir=\"auto\">Questo il commento dei consiglieri regionali del PD Veneto, Andrea Zanoni e Francesca Zottis, alla luce della chiusura provvisoria a Fadalto, nel Comune di Vittorio Veneto della statale 51 &#8220;di Alemagna&#8221;.<\/div>\n<div dir=\"auto\"><\/div>\n<div dir=\"auto\">\n<figure id=\"attachment_134540\" aria-describedby=\"caption-attachment-134540\" style=\"width: 889px\" class=\"wp-caption alignleft\"><img loading=\"lazy\" decoding=\"async\" class=\"size-full wp-image-134540\" src=\"https:\/\/www.bellunopress.it\/wp-content\/uploads\/2022\/06\/Zottis_edited.jpg\" alt=\"\" width=\"889\" height=\"1000\" srcset=\"https:\/\/www.bellunopress.it\/wp-content\/uploads\/2022\/06\/Zottis_edited.jpg 889w, https:\/\/www.bellunopress.it\/wp-content\/uploads\/2022\/06\/Zottis_edited-445x500.jpg 445w, https:\/\/www.bellunopress.it\/wp-content\/uploads\/2022\/06\/Zottis_edited-696x783.jpg 696w, https:\/\/www.bellunopress.it\/wp-content\/uploads\/2022\/06\/Zottis_edited-373x420.jpg 373w\" sizes=\"auto, (max-width: 889px) 100vw, 889px\" \/><figcaption id=\"caption-attachment-134540\" class=\"wp-caption-text\">Francesca Zottis, consigliera regionale Pd<\/figcaption><\/figure>\n<p>I due esponenti dem hanno presentato al proposito un&#8217;interrogazione &#8220;per sapere se la Giunta ha intenzione finalmente di muoversi per ottenere con urgenza gli interventi definitivi di messa in sicurezza di questa arteria di fondamentale importanza. Da tempo si parla di un progetto per realizzare delle gallerie paramassi, ma nulla si \u00e8 ancora concretizzato. I cittadini sono esasperati da questa situazione e si sentono abbandonati dalle istituzioni che non intervengono con soluzioni definitive e con gli investimenti necessari. Ci sono lavoratori e genitori di studenti che devono frequentare la scuola che devono percorrere chilometri in pi\u00f9, sostenere le spese dell&#8217;autostrada, perdere ore e ore in pi\u00f9 del normale, con gravi disagi che si ripercuotono su migliaia di famiglie ed imprese. Continuare con soluzioni-tampone \u00e8 inaccettabile&#8221;.<\/p><\/div>","protected":false},"excerpt":{"rendered":"<p>&#8220;Per l&#8217;ennesima volta la strada statale Alemagna viene chiusa causa maltempo: un evento che avviene puntualmente in occasione di condizioni meteo che rischiano di provocare frane e lo sfondamento delle barriere di protezione dell&#8217;arteria viaria. Un frequente stop che si traduce in pesantissimi e prolungati disagi, anche di mesi, per chi deve raggiungere il luogo [&hellip;]<\/p>\n","protected":false},"author":2,"featured_media":99292,"comment_status":"closed","ping_status":"open","sticky":false,"template":"","format":"standard","meta":{"footnotes":""},"categories":[5],"tags":[],"class_list":["post-145734","post","type-post","status-publish","format-standard","has-post-thumbnail","category-cronaca"],"yoast_head":"<!-- This site is optimized with the Yoast SEO plugin v28.4 - https:\/\/yoast.com\/product\/yoast-seo-wordpress\/ -->\n<title>Fadalto. Interrogazione di Zanoni e Zottis: &quot;Ennesima chiusura dovuta al maltempo. Regione intervenga su Anas e Autostrade&quot; - Bellunopress - Dolomiti<\/title>\n<meta name=\"robots\" content=\"index, follow, max-snippet:-1, max-image-preview:large, max-video-preview:-1\" \/>\n<link rel=\"canonical\" href=\"https:\/\/www.bellunopress.it\/fr\/2023\/11\/08\/fadalto-interrogazione-di-zanoni-e-zottis-ennesima-chiusura-dovuta-al-maltempo-regione-intervenga-su-anas-e-autostrade\/\" \/>\n<meta property=\"og:locale\" content=\"fr_FR\" \/>\n<meta property=\"og:type\" content=\"article\" \/>\n<meta property=\"og:title\" content=\"Fadalto. Interrogazione di Zanoni e Zottis: &quot;Ennesima chiusura dovuta al maltempo. Regione intervenga su Anas e Autostrade&quot; - Bellunopress - Dolomiti\" \/>\n<meta property=\"og:description\" content=\"&#8220;Per l&#8217;ennesima volta la strada statale Alemagna viene chiusa causa maltempo: un evento che avviene puntualmente in occasione di condizioni meteo che rischiano di provocare frane e lo sfondamento delle barriere di protezione dell&#8217;arteria viaria. Un frequente stop che si traduce in pesantissimi e prolungati disagi, anche di mesi, per chi deve raggiungere il luogo [&hellip;]\" \/>\n<meta property=\"og:url\" content=\"https:\/\/www.bellunopress.it\/fr\/2023\/11\/08\/fadalto-interrogazione-di-zanoni-e-zottis-ennesima-chiusura-dovuta-al-maltempo-regione-intervenga-su-anas-e-autostrade\/\" \/>\n<meta property=\"og:site_name\" content=\"Bellunopress - Dolomiti\" \/>\n<meta property=\"article:publisher\" content=\"https:\/\/www.facebook.com\/profile.php?id=100008943462799\" \/>\n<meta property=\"article:published_time\" content=\"2023-11-08T12:26:44+00:00\" \/>\n<meta property=\"og:image\" content=\"https:\/\/www.bellunopress.it\/wp-content\/uploads\/2018\/11\/andrea-zanoni.jpg\" \/>\n\t<meta property=\"og:image:width\" content=\"213\" \/>\n\t<meta property=\"og:image:height\" content=\"300\" \/>\n\t<meta property=\"og:image:type\" content=\"image\/jpeg\" \/>\n<meta name=\"author\" content=\"redazione\" \/>\n<meta name=\"twitter:card\" content=\"summary_large_image\" \/>\n<meta name=\"twitter:creator\" content=\"@bellunopress\" \/>\n<meta name=\"twitter:site\" content=\"@bellunopress\" \/>\n<meta name=\"twitter:label1\" content=\"\u00c9crit par\" \/>\n\t<meta name=\"twitter:data1\" content=\"redazione\" \/>\n\t<meta name=\"twitter:label2\" content=\"Dur\u00e9e de lecture estim\u00e9e\" \/>\n\t<meta name=\"twitter:data2\" content=\"1 minute\" \/>\n<script type=\"application\/ld+json\" class=\"yoast-schema-graph\">{\"@context\":\"https:\\\/\\\/schema.org\",\"@graph\":[{\"@type\":\"Article\",\"@id\":\"https:\\\/\\\/www.bellunopress.it\\\/2023\\\/11\\\/08\\\/fadalto-interrogazione-di-zanoni-e-zottis-ennesima-chiusura-dovuta-al-maltempo-regione-intervenga-su-anas-e-autostrade\\\/#article\",\"isPartOf\":{\"@id\":\"https:\\\/\\\/www.bellunopress.it\\\/2023\\\/11\\\/08\\\/fadalto-interrogazione-di-zanoni-e-zottis-ennesima-chiusura-dovuta-al-maltempo-regione-intervenga-su-anas-e-autostrade\\\/\"},\"author\":{\"name\":\"redazione\",\"@id\":\"https:\\\/\\\/www.bellunopress.it\\\/#\\\/schema\\\/person\\\/79bb06722b37ece1c03d3e94beb30d73\"},\"headline\":\"Fadalto. Interrogazione di Zanoni e Zottis: &#8220;Ennesima chiusura dovuta al maltempo. Regione intervenga su Anas e Autostrade&#8221;\",\"datePublished\":\"2023-11-08T12:26:44+00:00\",\"mainEntityOfPage\":{\"@id\":\"https:\\\/\\\/www.bellunopress.it\\\/2023\\\/11\\\/08\\\/fadalto-interrogazione-di-zanoni-e-zottis-ennesima-chiusura-dovuta-al-maltempo-regione-intervenga-su-anas-e-autostrade\\\/\"},\"wordCount\":292,\"publisher\":{\"@id\":\"https:\\\/\\\/www.bellunopress.it\\\/#organization\"},\"image\":{\"@id\":\"https:\\\/\\\/www.bellunopress.it\\\/2023\\\/11\\\/08\\\/fadalto-interrogazione-di-zanoni-e-zottis-ennesima-chiusura-dovuta-al-maltempo-regione-intervenga-su-anas-e-autostrade\\\/#primaryimage\"},\"thumbnailUrl\":\"https:\\\/\\\/www.bellunopress.it\\\/wp-content\\\/uploads\\\/2018\\\/11\\\/andrea-zanoni.jpg\",\"articleSection\":[\"Cronaca\\\/Politica\"],\"inLanguage\":\"fr-FR\"},{\"@type\":\"WebPage\",\"@id\":\"https:\\\/\\\/www.bellunopress.it\\\/2023\\\/11\\\/08\\\/fadalto-interrogazione-di-zanoni-e-zottis-ennesima-chiusura-dovuta-al-maltempo-regione-intervenga-su-anas-e-autostrade\\\/\",\"url\":\"https:\\\/\\\/www.bellunopress.it\\\/2023\\\/11\\\/08\\\/fadalto-interrogazione-di-zanoni-e-zottis-ennesima-chiusura-dovuta-al-maltempo-regione-intervenga-su-anas-e-autostrade\\\/\",\"name\":\"Fadalto. Interrogazione di Zanoni e Zottis: \\\"Ennesima chiusura dovuta al maltempo. Regione intervenga su Anas e Autostrade\\\" - Bellunopress - Dolomiti\",\"isPartOf\":{\"@id\":\"https:\\\/\\\/www.bellunopress.it\\\/#website\"},\"primaryImageOfPage\":{\"@id\":\"https:\\\/\\\/www.bellunopress.it\\\/2023\\\/11\\\/08\\\/fadalto-interrogazione-di-zanoni-e-zottis-ennesima-chiusura-dovuta-al-maltempo-regione-intervenga-su-anas-e-autostrade\\\/#primaryimage\"},\"image\":{\"@id\":\"https:\\\/\\\/www.bellunopress.it\\\/2023\\\/11\\\/08\\\/fadalto-interrogazione-di-zanoni-e-zottis-ennesima-chiusura-dovuta-al-maltempo-regione-intervenga-su-anas-e-autostrade\\\/#primaryimage\"},\"thumbnailUrl\":\"https:\\\/\\\/www.bellunopress.it\\\/wp-content\\\/uploads\\\/2018\\\/11\\\/andrea-zanoni.jpg\",\"datePublished\":\"2023-11-08T12:26:44+00:00\",\"breadcrumb\":{\"@id\":\"https:\\\/\\\/www.bellunopress.it\\\/2023\\\/11\\\/08\\\/fadalto-interrogazione-di-zanoni-e-zottis-ennesima-chiusura-dovuta-al-maltempo-regione-intervenga-su-anas-e-autostrade\\\/#breadcrumb\"},\"inLanguage\":\"fr-FR\",\"potentialAction\":[{\"@type\":\"ReadAction\",\"target\":[\"https:\\\/\\\/www.bellunopress.it\\\/2023\\\/11\\\/08\\\/fadalto-interrogazione-di-zanoni-e-zottis-ennesima-chiusura-dovuta-al-maltempo-regione-intervenga-su-anas-e-autostrade\\\/\"]}]},{\"@type\":\"ImageObject\",\"inLanguage\":\"fr-FR\",\"@id\":\"https:\\\/\\\/www.bellunopress.it\\\/2023\\\/11\\\/08\\\/fadalto-interrogazione-di-zanoni-e-zottis-ennesima-chiusura-dovuta-al-maltempo-regione-intervenga-su-anas-e-autostrade\\\/#primaryimage\",\"url\":\"https:\\\/\\\/www.bellunopress.it\\\/wp-content\\\/uploads\\\/2018\\\/11\\\/andrea-zanoni.jpg\",\"contentUrl\":\"https:\\\/\\\/www.bellunopress.it\\\/wp-content\\\/uploads\\\/2018\\\/11\\\/andrea-zanoni.jpg\",\"width\":213,\"height\":300,\"caption\":\"Andrea Zanoni, consigliere regionale\"},{\"@type\":\"BreadcrumbList\",\"@id\":\"https:\\\/\\\/www.bellunopress.it\\\/2023\\\/11\\\/08\\\/fadalto-interrogazione-di-zanoni-e-zottis-ennesima-chiusura-dovuta-al-maltempo-regione-intervenga-su-anas-e-autostrade\\\/#breadcrumb\",\"itemListElement\":[{\"@type\":\"ListItem\",\"position\":1,\"name\":\"Home\",\"item\":\"https:\\\/\\\/www.bellunopress.it\\\/\"},{\"@type\":\"ListItem\",\"position\":2,\"name\":\"Fadalto. Interrogazione di Zanoni e Zottis: &#8220;Ennesima chiusura dovuta al maltempo. Regione intervenga su Anas e Autostrade&#8221;\"}]},{\"@type\":\"WebSite\",\"@id\":\"https:\\\/\\\/www.bellunopress.it\\\/#website\",\"url\":\"https:\\\/\\\/www.bellunopress.it\\\/\",\"name\":\"Bellunopress - Dolomiti\",\"description\":\"e-mail: redazione@bellunopress.it\",\"publisher\":{\"@id\":\"https:\\\/\\\/www.bellunopress.it\\\/#organization\"},\"potentialAction\":[{\"@type\":\"SearchAction\",\"target\":{\"@type\":\"EntryPoint\",\"urlTemplate\":\"https:\\\/\\\/www.bellunopress.it\\\/?s={search_term_string}\"},\"query-input\":{\"@type\":\"PropertyValueSpecification\",\"valueRequired\":true,\"valueName\":\"search_term_string\"}}],\"inLanguage\":\"fr-FR\"},{\"@type\":\"Organization\",\"@id\":\"https:\\\/\\\/www.bellunopress.it\\\/#organization\",\"name\":\"Bellunopress\",\"url\":\"https:\\\/\\\/www.bellunopress.it\\\/\",\"logo\":{\"@type\":\"ImageObject\",\"inLanguage\":\"fr-FR\",\"@id\":\"https:\\\/\\\/www.bellunopress.it\\\/#\\\/schema\\\/logo\\\/image\\\/\",\"url\":\"https:\\\/\\\/www.bellunopress.it\\\/wp-content\\\/uploads\\\/2011\\\/05\\\/cropped-logo-bellunopress-.jpg\",\"contentUrl\":\"https:\\\/\\\/www.bellunopress.it\\\/wp-content\\\/uploads\\\/2011\\\/05\\\/cropped-logo-bellunopress-.jpg\",\"width\":512,\"height\":512,\"caption\":\"Bellunopress\"},\"image\":{\"@id\":\"https:\\\/\\\/www.bellunopress.it\\\/#\\\/schema\\\/logo\\\/image\\\/\"},\"sameAs\":[\"https:\\\/\\\/www.facebook.com\\\/profile.php?id=100008943462799\",\"https:\\\/\\\/x.com\\\/bellunopress\",\"https:\\\/\\\/www.linkedin.com\\\/hp\\\/?dnr=JBzUWaJfMUw8vbXJJ2tVW5-I3jZKvC4wsoxE&amp;amp;amp;amp;amp;amp;trk=nav_responsive_tab_home\",\"https:\\\/\\\/www.youtube.com\\\/channel\\\/UCxL0wu1uN0_3_7hGG0306cw\"]},{\"@type\":\"Person\",\"@id\":\"https:\\\/\\\/www.bellunopress.it\\\/#\\\/schema\\\/person\\\/79bb06722b37ece1c03d3e94beb30d73\",\"name\":\"redazione\",\"image\":{\"@type\":\"ImageObject\",\"inLanguage\":\"fr-FR\",\"@id\":\"https:\\\/\\\/secure.gravatar.com\\\/avatar\\\/37d968a2e67a6fd04c169c4bdef102d0bc5d31b2546345219e348575eb80e9a0?s=96&d=mm&r=g\",\"url\":\"https:\\\/\\\/secure.gravatar.com\\\/avatar\\\/37d968a2e67a6fd04c169c4bdef102d0bc5d31b2546345219e348575eb80e9a0?s=96&d=mm&r=g\",\"contentUrl\":\"https:\\\/\\\/secure.gravatar.com\\\/avatar\\\/37d968a2e67a6fd04c169c4bdef102d0bc5d31b2546345219e348575eb80e9a0?s=96&d=mm&r=g\",\"caption\":\"redazione\"},\"sameAs\":[\"http:\\\/\\\/www.bellunopress.it\",\"https:\\\/\\\/x.com\\\/bellunopress\"],\"url\":\"https:\\\/\\\/www.bellunopress.it\\\/fr\\\/author\\\/redazione\\\/\"}]}<\/script>\n<!-- \/ Yoast SEO plugin. -->","yoast_head_json":{"title":"Fadalto. Interrogazione di Zanoni e Zottis: \"Ennesima chiusura dovuta al maltempo. Regione intervenga su Anas e Autostrade\" - Bellunopress - Dolomiti","robots":{"index":"index","follow":"follow","max-snippet":"max-snippet:-1","max-image-preview":"max-image-preview:large","max-video-preview":"max-video-preview:-1"},"canonical":"https:\/\/www.bellunopress.it\/fr\/2023\/11\/08\/fadalto-interrogazione-di-zanoni-e-zottis-ennesima-chiusura-dovuta-al-maltempo-regione-intervenga-su-anas-e-autostrade\/","og_locale":"fr_FR","og_type":"article","og_title":"Fadalto. Interrogazione di Zanoni e Zottis: \"Ennesima chiusura dovuta al maltempo. Regione intervenga su Anas e Autostrade\" - Bellunopress - Dolomiti","og_description":"&#8220;Per l&#8217;ennesima volta la strada statale Alemagna viene chiusa causa maltempo: un evento che avviene puntualmente in occasione di condizioni meteo che rischiano di provocare frane e lo sfondamento delle barriere di protezione dell&#8217;arteria viaria. Un frequente stop che si traduce in pesantissimi e prolungati disagi, anche di mesi, per chi deve raggiungere il luogo [&hellip;]","og_url":"https:\/\/www.bellunopress.it\/fr\/2023\/11\/08\/fadalto-interrogazione-di-zanoni-e-zottis-ennesima-chiusura-dovuta-al-maltempo-regione-intervenga-su-anas-e-autostrade\/","og_site_name":"Bellunopress - Dolomiti","article_publisher":"https:\/\/www.facebook.com\/profile.php?id=100008943462799","article_published_time":"2023-11-08T12:26:44+00:00","og_image":[{"width":213,"height":300,"url":"https:\/\/www.bellunopress.it\/wp-content\/uploads\/2018\/11\/andrea-zanoni.jpg","type":"image\/jpeg"}],"author":"redazione","twitter_card":"summary_large_image","twitter_creator":"@bellunopress","twitter_site":"@bellunopress","twitter_misc":{"\u00c9crit par":"redazione","Dur\u00e9e de lecture estim\u00e9e":"1 minute"},"schema":{"@context":"https:\/\/schema.org","@graph":[{"@type":"Article","@id":"https:\/\/www.bellunopress.it\/2023\/11\/08\/fadalto-interrogazione-di-zanoni-e-zottis-ennesima-chiusura-dovuta-al-maltempo-regione-intervenga-su-anas-e-autostrade\/#article","isPartOf":{"@id":"https:\/\/www.bellunopress.it\/2023\/11\/08\/fadalto-interrogazione-di-zanoni-e-zottis-ennesima-chiusura-dovuta-al-maltempo-regione-intervenga-su-anas-e-autostrade\/"},"author":{"name":"redazione","@id":"https:\/\/www.bellunopress.it\/#\/schema\/person\/79bb06722b37ece1c03d3e94beb30d73"},"headline":"Fadalto. Interrogazione di Zanoni e Zottis: &#8220;Ennesima chiusura dovuta al maltempo. Regione intervenga su Anas e Autostrade&#8221;","datePublished":"2023-11-08T12:26:44+00:00","mainEntityOfPage":{"@id":"https:\/\/www.bellunopress.it\/2023\/11\/08\/fadalto-interrogazione-di-zanoni-e-zottis-ennesima-chiusura-dovuta-al-maltempo-regione-intervenga-su-anas-e-autostrade\/"},"wordCount":292,"publisher":{"@id":"https:\/\/www.bellunopress.it\/#organization"},"image":{"@id":"https:\/\/www.bellunopress.it\/2023\/11\/08\/fadalto-interrogazione-di-zanoni-e-zottis-ennesima-chiusura-dovuta-al-maltempo-regione-intervenga-su-anas-e-autostrade\/#primaryimage"},"thumbnailUrl":"https:\/\/www.bellunopress.it\/wp-content\/uploads\/2018\/11\/andrea-zanoni.jpg","articleSection":["Cronaca\/Politica"],"inLanguage":"fr-FR"},{"@type":"WebPage","@id":"https:\/\/www.bellunopress.it\/2023\/11\/08\/fadalto-interrogazione-di-zanoni-e-zottis-ennesima-chiusura-dovuta-al-maltempo-regione-intervenga-su-anas-e-autostrade\/","url":"https:\/\/www.bellunopress.it\/2023\/11\/08\/fadalto-interrogazione-di-zanoni-e-zottis-ennesima-chiusura-dovuta-al-maltempo-regione-intervenga-su-anas-e-autostrade\/","name":"Fadalto. Interrogazione di Zanoni e Zottis: \"Ennesima chiusura dovuta al maltempo. Regione intervenga su Anas e Autostrade\" - Bellunopress - Dolomiti","isPartOf":{"@id":"https:\/\/www.bellunopress.it\/#website"},"primaryImageOfPage":{"@id":"https:\/\/www.bellunopress.it\/2023\/11\/08\/fadalto-interrogazione-di-zanoni-e-zottis-ennesima-chiusura-dovuta-al-maltempo-regione-intervenga-su-anas-e-autostrade\/#primaryimage"},"image":{"@id":"https:\/\/www.bellunopress.it\/2023\/11\/08\/fadalto-interrogazione-di-zanoni-e-zottis-ennesima-chiusura-dovuta-al-maltempo-regione-intervenga-su-anas-e-autostrade\/#primaryimage"},"thumbnailUrl":"https:\/\/www.bellunopress.it\/wp-content\/uploads\/2018\/11\/andrea-zanoni.jpg","datePublished":"2023-11-08T12:26:44+00:00","breadcrumb":{"@id":"https:\/\/www.bellunopress.it\/2023\/11\/08\/fadalto-interrogazione-di-zanoni-e-zottis-ennesima-chiusura-dovuta-al-maltempo-regione-intervenga-su-anas-e-autostrade\/#breadcrumb"},"inLanguage":"fr-FR","potentialAction":[{"@type":"ReadAction","target":["https:\/\/www.bellunopress.it\/2023\/11\/08\/fadalto-interrogazione-di-zanoni-e-zottis-ennesima-chiusura-dovuta-al-maltempo-regione-intervenga-su-anas-e-autostrade\/"]}]},{"@type":"ImageObject","inLanguage":"fr-FR","@id":"https:\/\/www.bellunopress.it\/2023\/11\/08\/fadalto-interrogazione-di-zanoni-e-zottis-ennesima-chiusura-dovuta-al-maltempo-regione-intervenga-su-anas-e-autostrade\/#primaryimage","url":"https:\/\/www.bellunopress.it\/wp-content\/uploads\/2018\/11\/andrea-zanoni.jpg","contentUrl":"https:\/\/www.bellunopress.it\/wp-content\/uploads\/2018\/11\/andrea-zanoni.jpg","width":213,"height":300,"caption":"Andrea Zanoni, consigliere regionale"},{"@type":"BreadcrumbList","@id":"https:\/\/www.bellunopress.it\/2023\/11\/08\/fadalto-interrogazione-di-zanoni-e-zottis-ennesima-chiusura-dovuta-al-maltempo-regione-intervenga-su-anas-e-autostrade\/#breadcrumb","itemListElement":[{"@type":"ListItem","position":1,"name":"Home","item":"https:\/\/www.bellunopress.it\/"},{"@type":"ListItem","position":2,"name":"Fadalto. Interrogazione di Zanoni e Zottis: &#8220;Ennesima chiusura dovuta al maltempo. Regione intervenga su Anas e Autostrade&#8221;"}]},{"@type":"WebSite","@id":"https:\/\/www.bellunopress.it\/#website","url":"https:\/\/www.bellunopress.it\/","name":"Bellunopress - Dolomiti","description":"e-mail: redazione@bellunopress.it","publisher":{"@id":"https:\/\/www.bellunopress.it\/#organization"},"potentialAction":[{"@type":"SearchAction","target":{"@type":"EntryPoint","urlTemplate":"https:\/\/www.bellunopress.it\/?s={search_term_string}"},"query-input":{"@type":"PropertyValueSpecification","valueRequired":true,"valueName":"search_term_string"}}],"inLanguage":"fr-FR"},{"@type":"Organization","@id":"https:\/\/www.bellunopress.it\/#organization","name":"Bellunopress","url":"https:\/\/www.bellunopress.it\/","logo":{"@type":"ImageObject","inLanguage":"fr-FR","@id":"https:\/\/www.bellunopress.it\/#\/schema\/logo\/image\/","url":"https:\/\/www.bellunopress.it\/wp-content\/uploads\/2011\/05\/cropped-logo-bellunopress-.jpg","contentUrl":"https:\/\/www.bellunopress.it\/wp-content\/uploads\/2011\/05\/cropped-logo-bellunopress-.jpg","width":512,"height":512,"caption":"Bellunopress"},"image":{"@id":"https:\/\/www.bellunopress.it\/#\/schema\/logo\/image\/"},"sameAs":["https:\/\/www.facebook.com\/profile.php?id=100008943462799","https:\/\/x.com\/bellunopress","https:\/\/www.linkedin.com\/hp\/?dnr=JBzUWaJfMUw8vbXJJ2tVW5-I3jZKvC4wsoxE&amp;amp;amp;amp;amp;amp;trk=nav_responsive_tab_home","https:\/\/www.youtube.com\/channel\/UCxL0wu1uN0_3_7hGG0306cw"]},{"@type":"Person","@id":"https:\/\/www.bellunopress.it\/#\/schema\/person\/79bb06722b37ece1c03d3e94beb30d73","name":"r\u00e9daction","image":{"@type":"ImageObject","inLanguage":"fr-FR","@id":"https:\/\/secure.gravatar.com\/avatar\/37d968a2e67a6fd04c169c4bdef102d0bc5d31b2546345219e348575eb80e9a0?s=96&d=mm&r=g","url":"https:\/\/secure.gravatar.com\/avatar\/37d968a2e67a6fd04c169c4bdef102d0bc5d31b2546345219e348575eb80e9a0?s=96&d=mm&r=g","contentUrl":"https:\/\/secure.gravatar.com\/avatar\/37d968a2e67a6fd04c169c4bdef102d0bc5d31b2546345219e348575eb80e9a0?s=96&d=mm&r=g","caption":"redazione"},"sameAs":["http:\/\/www.bellunopress.it","https:\/\/x.com\/bellunopress"],"url":"https:\/\/www.bellunopress.it\/fr\/author\/redazione\/"}]}},"_links":{"self":[{"href":"https:\/\/www.bellunopress.it\/fr\/wp-json\/wp\/v2\/posts\/145734","targetHints":{"allow":["GET"]}}],"collection":[{"href":"https:\/\/www.bellunopress.it\/fr\/wp-json\/wp\/v2\/posts"}],"about":[{"href":"https:\/\/www.bellunopress.it\/fr\/wp-json\/wp\/v2\/types\/post"}],"author":[{"embeddable":true,"href":"https:\/\/www.bellunopress.it\/fr\/wp-json\/wp\/v2\/users\/2"}],"replies":[{"embeddable":true,"href":"https:\/\/www.bellunopress.it\/fr\/wp-json\/wp\/v2\/comments?post=145734"}],"version-history":[{"count":1,"href":"https:\/\/www.bellunopress.it\/fr\/wp-json\/wp\/v2\/posts\/145734\/revisions"}],"predecessor-version":[{"id":145735,"href":"https:\/\/www.bellunopress.it\/fr\/wp-json\/wp\/v2\/posts\/145734\/revisions\/145735"}],"wp:featuredmedia":[{"embeddable":true,"href":"https:\/\/www.bellunopress.it\/fr\/wp-json\/wp\/v2\/media\/99292"}],"wp:attachment":[{"href":"https:\/\/www.bellunopress.it\/fr\/wp-json\/wp\/v2\/media?parent=145734"}],"wp:term":[{"taxonomy":"category","embeddable":true,"href":"https:\/\/www.bellunopress.it\/fr\/wp-json\/wp\/v2\/categories?post=145734"},{"taxonomy":"post_tag","embeddable":true,"href":"https:\/\/www.bellunopress.it\/fr\/wp-json\/wp\/v2\/tags?post=145734"}],"curies":[{"name":"wp","href":"https:\/\/api.w.org\/{rel}","templated":true}]}}