{"id":145731,"date":"2023-11-08T11:03:37","date_gmt":"2023-11-08T10:03:37","guid":{"rendered":"https:\/\/www.bellunopress.it\/?p=145731"},"modified":"2023-11-08T11:03:37","modified_gmt":"2023-11-08T10:03:37","slug":"alpago-raccolti-in-due-giorni-43mila-euro-per-martino-il-figlio-di-due-mesi-del-vigile-del-fuoco-walter-locatello","status":"publish","type":"post","link":"https:\/\/www.bellunopress.it\/fr\/2023\/11\/08\/alpago-raccolti-in-due-giorni-43mila-euro-per-martino-il-figlio-di-due-mesi-del-vigile-del-fuoco-walter-locatello\/","title":{"rendered":"Alpago, raccolti in due giorni 43mila euro per Martino, il figlio di due mesi del vigile del fuoco Walter Locatello\u00a0"},"content":{"rendered":"<div id=\"message-content\">\n<div class=\"rightcol\" role=\"region\" aria-labelledby=\"aria-label-messagebody\">\n<div id=\"messagebody\">\n<div id=\"message-htmlpart1\" class=\"message-htmlpart\">\n<div class=\"rcmBody\">\n<div>\n<figure id=\"attachment_145732\" aria-describedby=\"caption-attachment-145732\" style=\"width: 275px\" class=\"wp-caption alignleft\"><img loading=\"lazy\" decoding=\"async\" class=\"size-full wp-image-145732\" src=\"https:\/\/www.bellunopress.it\/wp-content\/uploads\/2023\/11\/walter-locatello.jpg\" alt=\"\" width=\"275\" height=\"225\" \/><figcaption id=\"caption-attachment-145732\" class=\"wp-caption-text\">Walter Locatello<\/figcaption><\/figure>\n<p>Sulla piattaforma <a href=\"https:\/\/gf.me\/v\/c\/gfm\/sostieni-martino\" target=\"_blank\" rel=\"noopener noreferrer\">GoFundMe<\/a> sono stati raccolti pi\u00f9 di 43mila euro in due giorni per il piccolo Martino, di appena due mesi, figlio del vigile del fuoco Walter Locatello, il cui corpo \u00e8 stato ritrovato il 6 novembre.<\/div>\n<div>\n<div class=\"v1gmail_quote\">\n<div class=\"v1gmail_quote\">\n<div class=\"v1gmail_quote\">\n<div class=\"v1gmail_quote\">\n<div class=\"v1gmail_quote\">\n<div class=\"v1gmail_quote\">\n<p dir=\"ltr\">Durante l&#8217;ultima emergenza meteo che si \u00e8 abbattuta sul bellunese, il 2 novembre,\u00a0 Locatello\u00a0\u00e8 stato inghiottito dalle acque di un canale nei pressi dell&#8217;abitazione dei suoi genitori. Un amico fraterno, Maurizio Torri, ha avviato da Alpago una campagna solidale che ha ricevuto 1.200 donazioni in poche ore.<\/p>\n<p dir=\"ltr\">&#8220;Martino &#8211; scrive &#8211; \u00e8 un bimbo bellissimo che regala a chiunque profondi sorrisi ed espressioni che ricordano tanto il suo pap\u00e0&#8221;.<\/p>\n<p dir=\"ltr\">Torri aggiunge che Sybil, la compagna di Locatello, attualmente si trova a dover affrontare una situazione difficile non solo dal punto di vista emotivo ma anche dal punto di vista economico.<\/p>\n<p dir=\"ltr\">&#8220;Walter &#8211; racconta &#8211; durante gli anni del suo servizio come Vigile del Fuoco, non si \u00e8 mai risparmiato nell&#8217;aiutare il prossimo mettendo in pi\u00f9 occasioni a repentaglio la propria incolumit\u00e0. \u00c8 stato pi\u00f9 volte in prima linea &#8211; prosegue &#8211; in scenari di emergenza come la tempesta Vaia, il terremoto de L&#8217;Aquila e l&#8217;alluvione in Emilia Romagna, mettendo a frutto la sua importante esperienza e preparazione&#8221;.<\/p>\n<p dir=\"ltr\">&#8220;Noi tutti come comunit\u00e0 &#8211; continua &#8211; gli siamo riconoscenti e ho deciso di aprire questa campagna per dare un aiuto concreto al suo bimbo, affinch\u00e9 possano diminuire le preoccupazioni legate alla sua crescita ed alla sua formazione&#8221;.<\/p>\n<p dir=\"ltr\">La piattaforma GoFundMe ha creato una pagina speciale in cui sono raggruppate le raccolte fondi riguardanti i danni causati dal maltempo nei giorni scorsi, non solo in Toscana ma in tutta la penisola. \u00c8 raggiungibile al link <a href=\"https:\/\/gfme.co\/emergenza-maltempo\" target=\"_blank\" rel=\"noopener noreferrer\">https:\/\/gfme.co\/emergenza-maltempo<\/a><\/p>\n<\/div>\n<\/div>\n<\/div>\n<\/div>\n<\/div>\n<\/div>\n<\/div>\n<\/div>\n<\/div>\n<\/div>\n<\/div>\n<\/div>","protected":false},"excerpt":{"rendered":"<p>Sulla piattaforma GoFundMe sono stati raccolti pi\u00f9 di 43mila euro in due giorni per il piccolo Martino, di appena due mesi, figlio del vigile del fuoco Walter Locatello, il cui corpo \u00e8 stato ritrovato il 6 novembre. Durante l&#8217;ultima emergenza meteo che si \u00e8 abbattuta sul bellunese, il 2 novembre,\u00a0 Locatello\u00a0\u00e8 stato inghiottito dalle acque [&hellip;]<\/p>\n","protected":false},"author":2,"featured_media":145648,"comment_status":"closed","ping_status":"open","sticky":false,"template":"","format":"standard","meta":{"footnotes":""},"categories":[8],"tags":[],"class_list":["post-145731","post","type-post","status-publish","format-standard","has-post-thumbnail","category-societa-istituzioni"],"yoast_head":"<!-- This site is optimized with the Yoast SEO plugin v28.4 - https:\/\/yoast.com\/product\/yoast-seo-wordpress\/ -->\n<title>Alpago, raccolti in due giorni 43mila euro per Martino, il figlio di due mesi del vigile del fuoco Walter Locatello\u00a0 - Bellunopress - Dolomiti<\/title>\n<meta name=\"robots\" content=\"index, follow, max-snippet:-1, max-image-preview:large, max-video-preview:-1\" \/>\n<link rel=\"canonical\" href=\"https:\/\/www.bellunopress.it\/fr\/2023\/11\/08\/alpago-raccolti-in-due-giorni-43mila-euro-per-martino-il-figlio-di-due-mesi-del-vigile-del-fuoco-walter-locatello\/\" \/>\n<meta property=\"og:locale\" content=\"fr_FR\" \/>\n<meta property=\"og:type\" content=\"article\" \/>\n<meta property=\"og:title\" content=\"Alpago, raccolti in due giorni 43mila euro per Martino, il figlio di due mesi del vigile del fuoco Walter Locatello\u00a0 - Bellunopress - Dolomiti\" \/>\n<meta property=\"og:description\" content=\"Sulla piattaforma GoFundMe sono stati raccolti pi\u00f9 di 43mila euro in due giorni per il piccolo Martino, di appena due mesi, figlio del vigile del fuoco Walter Locatello, il cui corpo \u00e8 stato ritrovato il 6 novembre. Durante l&#8217;ultima emergenza meteo che si \u00e8 abbattuta sul bellunese, il 2 novembre,\u00a0 Locatello\u00a0\u00e8 stato inghiottito dalle acque [&hellip;]\" \/>\n<meta property=\"og:url\" content=\"https:\/\/www.bellunopress.it\/fr\/2023\/11\/08\/alpago-raccolti-in-due-giorni-43mila-euro-per-martino-il-figlio-di-due-mesi-del-vigile-del-fuoco-walter-locatello\/\" \/>\n<meta property=\"og:site_name\" content=\"Bellunopress - Dolomiti\" \/>\n<meta property=\"article:publisher\" content=\"https:\/\/www.facebook.com\/profile.php?id=100008943462799\" \/>\n<meta property=\"article:published_time\" content=\"2023-11-08T10:03:37+00:00\" \/>\n<meta property=\"og:image\" content=\"https:\/\/www.bellunopress.it\/wp-content\/uploads\/2023\/11\/vigili-del-fioco-lago-di-s-croce_edited.jpg\" \/>\n\t<meta property=\"og:image:width\" content=\"1000\" \/>\n\t<meta property=\"og:image:height\" content=\"659\" \/>\n\t<meta property=\"og:image:type\" content=\"image\/jpeg\" \/>\n<meta name=\"author\" content=\"redazione\" \/>\n<meta name=\"twitter:card\" content=\"summary_large_image\" \/>\n<meta name=\"twitter:creator\" content=\"@bellunopress\" \/>\n<meta name=\"twitter:site\" content=\"@bellunopress\" \/>\n<meta name=\"twitter:label1\" content=\"\u00c9crit par\" \/>\n\t<meta name=\"twitter:data1\" content=\"redazione\" \/>\n\t<meta name=\"twitter:label2\" content=\"Dur\u00e9e de lecture estim\u00e9e\" \/>\n\t<meta name=\"twitter:data2\" content=\"1 minute\" \/>\n<script type=\"application\/ld+json\" class=\"yoast-schema-graph\">{\"@context\":\"https:\\\/\\\/schema.org\",\"@graph\":[{\"@type\":\"Article\",\"@id\":\"https:\\\/\\\/www.bellunopress.it\\\/2023\\\/11\\\/08\\\/alpago-raccolti-in-due-giorni-43mila-euro-per-martino-il-figlio-di-due-mesi-del-vigile-del-fuoco-walter-locatello\\\/#article\",\"isPartOf\":{\"@id\":\"https:\\\/\\\/www.bellunopress.it\\\/2023\\\/11\\\/08\\\/alpago-raccolti-in-due-giorni-43mila-euro-per-martino-il-figlio-di-due-mesi-del-vigile-del-fuoco-walter-locatello\\\/\"},\"author\":{\"name\":\"redazione\",\"@id\":\"https:\\\/\\\/www.bellunopress.it\\\/#\\\/schema\\\/person\\\/79bb06722b37ece1c03d3e94beb30d73\"},\"headline\":\"Alpago, raccolti in due giorni 43mila euro per Martino, il figlio di due mesi del vigile del fuoco Walter Locatello\u00a0\",\"datePublished\":\"2023-11-08T10:03:37+00:00\",\"mainEntityOfPage\":{\"@id\":\"https:\\\/\\\/www.bellunopress.it\\\/2023\\\/11\\\/08\\\/alpago-raccolti-in-due-giorni-43mila-euro-per-martino-il-figlio-di-due-mesi-del-vigile-del-fuoco-walter-locatello\\\/\"},\"wordCount\":308,\"publisher\":{\"@id\":\"https:\\\/\\\/www.bellunopress.it\\\/#organization\"},\"image\":{\"@id\":\"https:\\\/\\\/www.bellunopress.it\\\/2023\\\/11\\\/08\\\/alpago-raccolti-in-due-giorni-43mila-euro-per-martino-il-figlio-di-due-mesi-del-vigile-del-fuoco-walter-locatello\\\/#primaryimage\"},\"thumbnailUrl\":\"https:\\\/\\\/www.bellunopress.it\\\/wp-content\\\/uploads\\\/2023\\\/11\\\/vigili-del-fioco-lago-di-s-croce_edited.jpg\",\"articleSection\":[\"Societ\u00e0, Associazioni, Istituzioni\"],\"inLanguage\":\"fr-FR\"},{\"@type\":\"WebPage\",\"@id\":\"https:\\\/\\\/www.bellunopress.it\\\/2023\\\/11\\\/08\\\/alpago-raccolti-in-due-giorni-43mila-euro-per-martino-il-figlio-di-due-mesi-del-vigile-del-fuoco-walter-locatello\\\/\",\"url\":\"https:\\\/\\\/www.bellunopress.it\\\/2023\\\/11\\\/08\\\/alpago-raccolti-in-due-giorni-43mila-euro-per-martino-il-figlio-di-due-mesi-del-vigile-del-fuoco-walter-locatello\\\/\",\"name\":\"Alpago, raccolti in due giorni 43mila euro per Martino, il figlio di due mesi del vigile del fuoco Walter Locatello\u00a0 - Bellunopress - Dolomiti\",\"isPartOf\":{\"@id\":\"https:\\\/\\\/www.bellunopress.it\\\/#website\"},\"primaryImageOfPage\":{\"@id\":\"https:\\\/\\\/www.bellunopress.it\\\/2023\\\/11\\\/08\\\/alpago-raccolti-in-due-giorni-43mila-euro-per-martino-il-figlio-di-due-mesi-del-vigile-del-fuoco-walter-locatello\\\/#primaryimage\"},\"image\":{\"@id\":\"https:\\\/\\\/www.bellunopress.it\\\/2023\\\/11\\\/08\\\/alpago-raccolti-in-due-giorni-43mila-euro-per-martino-il-figlio-di-due-mesi-del-vigile-del-fuoco-walter-locatello\\\/#primaryimage\"},\"thumbnailUrl\":\"https:\\\/\\\/www.bellunopress.it\\\/wp-content\\\/uploads\\\/2023\\\/11\\\/vigili-del-fioco-lago-di-s-croce_edited.jpg\",\"datePublished\":\"2023-11-08T10:03:37+00:00\",\"breadcrumb\":{\"@id\":\"https:\\\/\\\/www.bellunopress.it\\\/2023\\\/11\\\/08\\\/alpago-raccolti-in-due-giorni-43mila-euro-per-martino-il-figlio-di-due-mesi-del-vigile-del-fuoco-walter-locatello\\\/#breadcrumb\"},\"inLanguage\":\"fr-FR\",\"potentialAction\":[{\"@type\":\"ReadAction\",\"target\":[\"https:\\\/\\\/www.bellunopress.it\\\/2023\\\/11\\\/08\\\/alpago-raccolti-in-due-giorni-43mila-euro-per-martino-il-figlio-di-due-mesi-del-vigile-del-fuoco-walter-locatello\\\/\"]}]},{\"@type\":\"ImageObject\",\"inLanguage\":\"fr-FR\",\"@id\":\"https:\\\/\\\/www.bellunopress.it\\\/2023\\\/11\\\/08\\\/alpago-raccolti-in-due-giorni-43mila-euro-per-martino-il-figlio-di-due-mesi-del-vigile-del-fuoco-walter-locatello\\\/#primaryimage\",\"url\":\"https:\\\/\\\/www.bellunopress.it\\\/wp-content\\\/uploads\\\/2023\\\/11\\\/vigili-del-fioco-lago-di-s-croce_edited.jpg\",\"contentUrl\":\"https:\\\/\\\/www.bellunopress.it\\\/wp-content\\\/uploads\\\/2023\\\/11\\\/vigili-del-fioco-lago-di-s-croce_edited.jpg\",\"width\":1000,\"height\":659},{\"@type\":\"BreadcrumbList\",\"@id\":\"https:\\\/\\\/www.bellunopress.it\\\/2023\\\/11\\\/08\\\/alpago-raccolti-in-due-giorni-43mila-euro-per-martino-il-figlio-di-due-mesi-del-vigile-del-fuoco-walter-locatello\\\/#breadcrumb\",\"itemListElement\":[{\"@type\":\"ListItem\",\"position\":1,\"name\":\"Home\",\"item\":\"https:\\\/\\\/www.bellunopress.it\\\/\"},{\"@type\":\"ListItem\",\"position\":2,\"name\":\"Alpago, raccolti in due giorni 43mila euro per Martino, il figlio di due mesi del vigile del fuoco Walter Locatello\u00a0\"}]},{\"@type\":\"WebSite\",\"@id\":\"https:\\\/\\\/www.bellunopress.it\\\/#website\",\"url\":\"https:\\\/\\\/www.bellunopress.it\\\/\",\"name\":\"Bellunopress - Dolomiti\",\"description\":\"e-mail: redazione@bellunopress.it\",\"publisher\":{\"@id\":\"https:\\\/\\\/www.bellunopress.it\\\/#organization\"},\"potentialAction\":[{\"@type\":\"SearchAction\",\"target\":{\"@type\":\"EntryPoint\",\"urlTemplate\":\"https:\\\/\\\/www.bellunopress.it\\\/?s={search_term_string}\"},\"query-input\":{\"@type\":\"PropertyValueSpecification\",\"valueRequired\":true,\"valueName\":\"search_term_string\"}}],\"inLanguage\":\"fr-FR\"},{\"@type\":\"Organization\",\"@id\":\"https:\\\/\\\/www.bellunopress.it\\\/#organization\",\"name\":\"Bellunopress\",\"url\":\"https:\\\/\\\/www.bellunopress.it\\\/\",\"logo\":{\"@type\":\"ImageObject\",\"inLanguage\":\"fr-FR\",\"@id\":\"https:\\\/\\\/www.bellunopress.it\\\/#\\\/schema\\\/logo\\\/image\\\/\",\"url\":\"https:\\\/\\\/www.bellunopress.it\\\/wp-content\\\/uploads\\\/2011\\\/05\\\/cropped-logo-bellunopress-.jpg\",\"contentUrl\":\"https:\\\/\\\/www.bellunopress.it\\\/wp-content\\\/uploads\\\/2011\\\/05\\\/cropped-logo-bellunopress-.jpg\",\"width\":512,\"height\":512,\"caption\":\"Bellunopress\"},\"image\":{\"@id\":\"https:\\\/\\\/www.bellunopress.it\\\/#\\\/schema\\\/logo\\\/image\\\/\"},\"sameAs\":[\"https:\\\/\\\/www.facebook.com\\\/profile.php?id=100008943462799\",\"https:\\\/\\\/x.com\\\/bellunopress\",\"https:\\\/\\\/www.linkedin.com\\\/hp\\\/?dnr=JBzUWaJfMUw8vbXJJ2tVW5-I3jZKvC4wsoxE&amp;amp;amp;amp;amp;amp;trk=nav_responsive_tab_home\",\"https:\\\/\\\/www.youtube.com\\\/channel\\\/UCxL0wu1uN0_3_7hGG0306cw\"]},{\"@type\":\"Person\",\"@id\":\"https:\\\/\\\/www.bellunopress.it\\\/#\\\/schema\\\/person\\\/79bb06722b37ece1c03d3e94beb30d73\",\"name\":\"redazione\",\"image\":{\"@type\":\"ImageObject\",\"inLanguage\":\"fr-FR\",\"@id\":\"https:\\\/\\\/secure.gravatar.com\\\/avatar\\\/37d968a2e67a6fd04c169c4bdef102d0bc5d31b2546345219e348575eb80e9a0?s=96&d=mm&r=g\",\"url\":\"https:\\\/\\\/secure.gravatar.com\\\/avatar\\\/37d968a2e67a6fd04c169c4bdef102d0bc5d31b2546345219e348575eb80e9a0?s=96&d=mm&r=g\",\"contentUrl\":\"https:\\\/\\\/secure.gravatar.com\\\/avatar\\\/37d968a2e67a6fd04c169c4bdef102d0bc5d31b2546345219e348575eb80e9a0?s=96&d=mm&r=g\",\"caption\":\"redazione\"},\"sameAs\":[\"http:\\\/\\\/www.bellunopress.it\",\"https:\\\/\\\/x.com\\\/bellunopress\"],\"url\":\"https:\\\/\\\/www.bellunopress.it\\\/fr\\\/author\\\/redazione\\\/\"}]}<\/script>\n<!-- \/ Yoast SEO plugin. -->","yoast_head_json":{"title":"Alpago, raccolti in due giorni 43mila euro per Martino, il figlio di due mesi del vigile del fuoco Walter Locatello\u00a0 - Bellunopress - Dolomiti","robots":{"index":"index","follow":"follow","max-snippet":"max-snippet:-1","max-image-preview":"max-image-preview:large","max-video-preview":"max-video-preview:-1"},"canonical":"https:\/\/www.bellunopress.it\/fr\/2023\/11\/08\/alpago-raccolti-in-due-giorni-43mila-euro-per-martino-il-figlio-di-due-mesi-del-vigile-del-fuoco-walter-locatello\/","og_locale":"fr_FR","og_type":"article","og_title":"Alpago, raccolti in due giorni 43mila euro per Martino, il figlio di due mesi del vigile del fuoco Walter Locatello\u00a0 - Bellunopress - Dolomiti","og_description":"Sulla piattaforma GoFundMe sono stati raccolti pi\u00f9 di 43mila euro in due giorni per il piccolo Martino, di appena due mesi, figlio del vigile del fuoco Walter Locatello, il cui corpo \u00e8 stato ritrovato il 6 novembre. Durante l&#8217;ultima emergenza meteo che si \u00e8 abbattuta sul bellunese, il 2 novembre,\u00a0 Locatello\u00a0\u00e8 stato inghiottito dalle acque [&hellip;]","og_url":"https:\/\/www.bellunopress.it\/fr\/2023\/11\/08\/alpago-raccolti-in-due-giorni-43mila-euro-per-martino-il-figlio-di-due-mesi-del-vigile-del-fuoco-walter-locatello\/","og_site_name":"Bellunopress - Dolomiti","article_publisher":"https:\/\/www.facebook.com\/profile.php?id=100008943462799","article_published_time":"2023-11-08T10:03:37+00:00","og_image":[{"width":1000,"height":659,"url":"https:\/\/www.bellunopress.it\/wp-content\/uploads\/2023\/11\/vigili-del-fioco-lago-di-s-croce_edited.jpg","type":"image\/jpeg"}],"author":"redazione","twitter_card":"summary_large_image","twitter_creator":"@bellunopress","twitter_site":"@bellunopress","twitter_misc":{"\u00c9crit par":"redazione","Dur\u00e9e de lecture estim\u00e9e":"1 minute"},"schema":{"@context":"https:\/\/schema.org","@graph":[{"@type":"Article","@id":"https:\/\/www.bellunopress.it\/2023\/11\/08\/alpago-raccolti-in-due-giorni-43mila-euro-per-martino-il-figlio-di-due-mesi-del-vigile-del-fuoco-walter-locatello\/#article","isPartOf":{"@id":"https:\/\/www.bellunopress.it\/2023\/11\/08\/alpago-raccolti-in-due-giorni-43mila-euro-per-martino-il-figlio-di-due-mesi-del-vigile-del-fuoco-walter-locatello\/"},"author":{"name":"redazione","@id":"https:\/\/www.bellunopress.it\/#\/schema\/person\/79bb06722b37ece1c03d3e94beb30d73"},"headline":"Alpago, raccolti in due giorni 43mila euro per Martino, il figlio di due mesi del vigile del fuoco Walter Locatello\u00a0","datePublished":"2023-11-08T10:03:37+00:00","mainEntityOfPage":{"@id":"https:\/\/www.bellunopress.it\/2023\/11\/08\/alpago-raccolti-in-due-giorni-43mila-euro-per-martino-il-figlio-di-due-mesi-del-vigile-del-fuoco-walter-locatello\/"},"wordCount":308,"publisher":{"@id":"https:\/\/www.bellunopress.it\/#organization"},"image":{"@id":"https:\/\/www.bellunopress.it\/2023\/11\/08\/alpago-raccolti-in-due-giorni-43mila-euro-per-martino-il-figlio-di-due-mesi-del-vigile-del-fuoco-walter-locatello\/#primaryimage"},"thumbnailUrl":"https:\/\/www.bellunopress.it\/wp-content\/uploads\/2023\/11\/vigili-del-fioco-lago-di-s-croce_edited.jpg","articleSection":["Societ\u00e0, Associazioni, Istituzioni"],"inLanguage":"fr-FR"},{"@type":"WebPage","@id":"https:\/\/www.bellunopress.it\/2023\/11\/08\/alpago-raccolti-in-due-giorni-43mila-euro-per-martino-il-figlio-di-due-mesi-del-vigile-del-fuoco-walter-locatello\/","url":"https:\/\/www.bellunopress.it\/2023\/11\/08\/alpago-raccolti-in-due-giorni-43mila-euro-per-martino-il-figlio-di-due-mesi-del-vigile-del-fuoco-walter-locatello\/","name":"Alpago, raccolti in due giorni 43mila euro per Martino, il figlio di due mesi del vigile del fuoco Walter Locatello\u00a0 - Bellunopress - Dolomiti","isPartOf":{"@id":"https:\/\/www.bellunopress.it\/#website"},"primaryImageOfPage":{"@id":"https:\/\/www.bellunopress.it\/2023\/11\/08\/alpago-raccolti-in-due-giorni-43mila-euro-per-martino-il-figlio-di-due-mesi-del-vigile-del-fuoco-walter-locatello\/#primaryimage"},"image":{"@id":"https:\/\/www.bellunopress.it\/2023\/11\/08\/alpago-raccolti-in-due-giorni-43mila-euro-per-martino-il-figlio-di-due-mesi-del-vigile-del-fuoco-walter-locatello\/#primaryimage"},"thumbnailUrl":"https:\/\/www.bellunopress.it\/wp-content\/uploads\/2023\/11\/vigili-del-fioco-lago-di-s-croce_edited.jpg","datePublished":"2023-11-08T10:03:37+00:00","breadcrumb":{"@id":"https:\/\/www.bellunopress.it\/2023\/11\/08\/alpago-raccolti-in-due-giorni-43mila-euro-per-martino-il-figlio-di-due-mesi-del-vigile-del-fuoco-walter-locatello\/#breadcrumb"},"inLanguage":"fr-FR","potentialAction":[{"@type":"ReadAction","target":["https:\/\/www.bellunopress.it\/2023\/11\/08\/alpago-raccolti-in-due-giorni-43mila-euro-per-martino-il-figlio-di-due-mesi-del-vigile-del-fuoco-walter-locatello\/"]}]},{"@type":"ImageObject","inLanguage":"fr-FR","@id":"https:\/\/www.bellunopress.it\/2023\/11\/08\/alpago-raccolti-in-due-giorni-43mila-euro-per-martino-il-figlio-di-due-mesi-del-vigile-del-fuoco-walter-locatello\/#primaryimage","url":"https:\/\/www.bellunopress.it\/wp-content\/uploads\/2023\/11\/vigili-del-fioco-lago-di-s-croce_edited.jpg","contentUrl":"https:\/\/www.bellunopress.it\/wp-content\/uploads\/2023\/11\/vigili-del-fioco-lago-di-s-croce_edited.jpg","width":1000,"height":659},{"@type":"BreadcrumbList","@id":"https:\/\/www.bellunopress.it\/2023\/11\/08\/alpago-raccolti-in-due-giorni-43mila-euro-per-martino-il-figlio-di-due-mesi-del-vigile-del-fuoco-walter-locatello\/#breadcrumb","itemListElement":[{"@type":"ListItem","position":1,"name":"Home","item":"https:\/\/www.bellunopress.it\/"},{"@type":"ListItem","position":2,"name":"Alpago, raccolti in due giorni 43mila euro per Martino, il figlio di due mesi del vigile del fuoco Walter Locatello\u00a0"}]},{"@type":"WebSite","@id":"https:\/\/www.bellunopress.it\/#website","url":"https:\/\/www.bellunopress.it\/","name":"Bellunopress - Dolomiti","description":"e-mail: redazione@bellunopress.it","publisher":{"@id":"https:\/\/www.bellunopress.it\/#organization"},"potentialAction":[{"@type":"SearchAction","target":{"@type":"EntryPoint","urlTemplate":"https:\/\/www.bellunopress.it\/?s={search_term_string}"},"query-input":{"@type":"PropertyValueSpecification","valueRequired":true,"valueName":"search_term_string"}}],"inLanguage":"fr-FR"},{"@type":"Organization","@id":"https:\/\/www.bellunopress.it\/#organization","name":"Bellunopress","url":"https:\/\/www.bellunopress.it\/","logo":{"@type":"ImageObject","inLanguage":"fr-FR","@id":"https:\/\/www.bellunopress.it\/#\/schema\/logo\/image\/","url":"https:\/\/www.bellunopress.it\/wp-content\/uploads\/2011\/05\/cropped-logo-bellunopress-.jpg","contentUrl":"https:\/\/www.bellunopress.it\/wp-content\/uploads\/2011\/05\/cropped-logo-bellunopress-.jpg","width":512,"height":512,"caption":"Bellunopress"},"image":{"@id":"https:\/\/www.bellunopress.it\/#\/schema\/logo\/image\/"},"sameAs":["https:\/\/www.facebook.com\/profile.php?id=100008943462799","https:\/\/x.com\/bellunopress","https:\/\/www.linkedin.com\/hp\/?dnr=JBzUWaJfMUw8vbXJJ2tVW5-I3jZKvC4wsoxE&amp;amp;amp;amp;amp;amp;trk=nav_responsive_tab_home","https:\/\/www.youtube.com\/channel\/UCxL0wu1uN0_3_7hGG0306cw"]},{"@type":"Person","@id":"https:\/\/www.bellunopress.it\/#\/schema\/person\/79bb06722b37ece1c03d3e94beb30d73","name":"r\u00e9daction","image":{"@type":"ImageObject","inLanguage":"fr-FR","@id":"https:\/\/secure.gravatar.com\/avatar\/37d968a2e67a6fd04c169c4bdef102d0bc5d31b2546345219e348575eb80e9a0?s=96&d=mm&r=g","url":"https:\/\/secure.gravatar.com\/avatar\/37d968a2e67a6fd04c169c4bdef102d0bc5d31b2546345219e348575eb80e9a0?s=96&d=mm&r=g","contentUrl":"https:\/\/secure.gravatar.com\/avatar\/37d968a2e67a6fd04c169c4bdef102d0bc5d31b2546345219e348575eb80e9a0?s=96&d=mm&r=g","caption":"redazione"},"sameAs":["http:\/\/www.bellunopress.it","https:\/\/x.com\/bellunopress"],"url":"https:\/\/www.bellunopress.it\/fr\/author\/redazione\/"}]}},"_links":{"self":[{"href":"https:\/\/www.bellunopress.it\/fr\/wp-json\/wp\/v2\/posts\/145731","targetHints":{"allow":["GET"]}}],"collection":[{"href":"https:\/\/www.bellunopress.it\/fr\/wp-json\/wp\/v2\/posts"}],"about":[{"href":"https:\/\/www.bellunopress.it\/fr\/wp-json\/wp\/v2\/types\/post"}],"author":[{"embeddable":true,"href":"https:\/\/www.bellunopress.it\/fr\/wp-json\/wp\/v2\/users\/2"}],"replies":[{"embeddable":true,"href":"https:\/\/www.bellunopress.it\/fr\/wp-json\/wp\/v2\/comments?post=145731"}],"version-history":[{"count":1,"href":"https:\/\/www.bellunopress.it\/fr\/wp-json\/wp\/v2\/posts\/145731\/revisions"}],"predecessor-version":[{"id":145733,"href":"https:\/\/www.bellunopress.it\/fr\/wp-json\/wp\/v2\/posts\/145731\/revisions\/145733"}],"wp:featuredmedia":[{"embeddable":true,"href":"https:\/\/www.bellunopress.it\/fr\/wp-json\/wp\/v2\/media\/145648"}],"wp:attachment":[{"href":"https:\/\/www.bellunopress.it\/fr\/wp-json\/wp\/v2\/media?parent=145731"}],"wp:term":[{"taxonomy":"category","embeddable":true,"href":"https:\/\/www.bellunopress.it\/fr\/wp-json\/wp\/v2\/categories?post=145731"},{"taxonomy":"post_tag","embeddable":true,"href":"https:\/\/www.bellunopress.it\/fr\/wp-json\/wp\/v2\/tags?post=145731"}],"curies":[{"name":"wp","href":"https:\/\/api.w.org\/{rel}","templated":true}]}}