{"id":145718,"date":"2023-11-12T20:23:08","date_gmt":"2023-11-12T19:23:08","guid":{"rendered":"https:\/\/www.bellunopress.it\/?p=145718"},"modified":"2023-11-08T10:25:13","modified_gmt":"2023-11-08T09:25:13","slug":"sabato-a-borgo-piave-franco-giuseppe-gobbato-presenta-il-saggio-storico-la-patria-sconfitta","status":"publish","type":"post","link":"https:\/\/www.bellunopress.it\/fr\/2023\/11\/12\/sabato-a-borgo-piave-franco-giuseppe-gobbato-presenta-il-saggio-storico-la-patria-sconfitta\/","title":{"rendered":"Sabato a Borgo Piave Franco Giuseppe Gobbato presenta il saggio storico &#8220;La patria sconfitta&#8221;"},"content":{"rendered":"<figure id=\"attachment_141423\" aria-describedby=\"caption-attachment-141423\" style=\"width: 1000px\" class=\"wp-caption alignleft\"><img loading=\"lazy\" decoding=\"async\" class=\"size-full wp-image-141423\" src=\"https:\/\/www.bellunopress.it\/wp-content\/uploads\/2023\/05\/Circolo-culturale-la-terra-dei-padri_edited.jpg\" alt=\"francesco dematt\u00e8\" width=\"1000\" height=\"750\" srcset=\"https:\/\/www.bellunopress.it\/wp-content\/uploads\/2023\/05\/Circolo-culturale-la-terra-dei-padri_edited.jpg 1000w, https:\/\/www.bellunopress.it\/wp-content\/uploads\/2023\/05\/Circolo-culturale-la-terra-dei-padri_edited-500x375.jpg 500w, https:\/\/www.bellunopress.it\/wp-content\/uploads\/2023\/05\/Circolo-culturale-la-terra-dei-padri_edited-696x522.jpg 696w, https:\/\/www.bellunopress.it\/wp-content\/uploads\/2023\/05\/Circolo-culturale-la-terra-dei-padri_edited-560x420.jpg 560w, https:\/\/www.bellunopress.it\/wp-content\/uploads\/2023\/05\/Circolo-culturale-la-terra-dei-padri_edited-80x60.jpg 80w, https:\/\/www.bellunopress.it\/wp-content\/uploads\/2023\/05\/Circolo-culturale-la-terra-dei-padri_edited-265x198.jpg 265w\" sizes=\"auto, (max-width: 1000px) 100vw, 1000px\" \/><figcaption id=\"caption-attachment-141423\" class=\"wp-caption-text\">Circolo culturale \u201cLa Terra dei Padri\u201d via dei Molini, 10 a Borgo Piave (davanti alla chiesa di San Nicol\u00f2) a Belluno<\/figcaption><\/figure>\n<p>Sabato 18 novembre alle ore 18.00 nella sede del Circolo la Terra dei Padri in via dei Molini, 10 &#8211; Belluno (Borgo Piave, davanti alla chiesa di San Nicol\u00f2), sar\u00e0 presentato in prima nazionale l&#8217;ultimo lavoro appena dato alle stampe dello storico vittoriese Franco Giuseppe Gobbato. L&#8217;autore presenter\u00e0 il saggio\/romanzo storico &#8220;La patria sconfitta&#8221; (ed. Ritter), uno splendido affresco sul periodo 1943\/47 ambientato tra Veneto, Friuli e Istria.<br \/>\nIntroduzione di Francesco Dematte&#8217;. Sar\u00e0 presente l&#8217;autore.<\/p>\n<p><strong>\u201cLa Patria Sconfitta\u201d \u2013 Editore Ritter (Milano) &#8211; di Franco Giuseppe Gobbato con la collaborazione di Giovanni Peco<\/strong><\/p>\n<p>Romanzo\/Saggio storico che copre un periodo che va dal 1943 al 1947. Il soggetto \u00e8 un uomo, il padre dell\u2019autore, travolto dagli eventi, pi\u00f9 grandi di lui e anche di tutta la sua generazione. Quella generazione di diciottenni, di allora, costretti comunque ad una scelta di parte, in entrambi gli ambiti difficile, che vede il protagonista entrare a far parte della R.S.I. in un Battaglione Costiero di Posizione di istanza in Istria. La storia si dipana fra Padova, Gorizia, Pola, Buie, Capodistria nel Carcere mandamentale, Borovnica nel tristemente famoso Campo di Concentramento, Udine, di nuovo Padova per finire a Torino. La microstoria \u00e8 inserita negli eventi sconvolgenti della macro-Storia, raccontando anche situazioni poco conosciute e traendo, dalla tragica difesa del confine orientale condotta come possibile dagli ultimi italiani rimasti in armi, i soldati della RSI, spunto per riflessioni sulle anomalie createsi nel Litorale Adriatico, rispetto al resto d\u2019Italia. Anomalie riscontrabili sia durante che nel dopo guerra, non mancando di toccare \u201cl\u2019epurazione\u201d perpetrata anche nel territorio nazionale e le scelte di condotta fatte dal PCI italiano, gi\u00e0 dal 1943, con tanto di documenti riprodotti integralmente.<\/p>\n<p><strong>Franco Giuseppe Gobbato<\/strong> (Vittorio Veneto, 1964), ricercatore storico e scrittore. Nel gennaio 2009 \u00e8 stato uno degli otto ricercatori del Dipartimento misto (italiani, sloveni e croati) istituito dal Centro Studi e Ricerche Storiche &#8220;Si\u00adlentes Loquimur&#8221; di Pordenone, per indagare sui fatti tragici avvenuti alla fine della seconda guerra mondiale sul confine orientale. Dal 2011 \u00e8 socio del Circolo Vittoriese di Ricerche Storiche, per il quale ha tenuto diverse conferenze su ricerche storiche effettuate. \u00c8 socio fondatore dell\u2019Associazione Culturale \u201cLuce nella Storia\u201d. Nel 2017 \u00e8 nominato, dal Comune di Vittorio Veneto, referente del Memoriale dei Cavalieri di Vittorio Veneto presso il Museo della Battaglia di Vittorio Veneto quale ideatore dello stesso. Ha curato la parte storica di diverse mostre fotografiche tenute nel vittoriese ed ha al suo attivo una ventina di pubblicazioni, l\u2019ultima delle quali si intitola \u201cBorovnica e altri campi di Tito\u201d \u2013 Ritter Edizioni &#8211; 2023.<br \/>\nGiovanni Peco (Monza, 1962). Da oltre vent&#8217;anni si occupa di ricerche storiche sul confine orientale e del periodo 1943-1945. Ha collaborato con l\u2019autore Pierangelo Pavesi al libro \u201cLe vittime dimenticate\u201d e con Franco Giuseppe Gobbato al libro \u201cBorovnica e altri campi di Tito\u201d \u2013 Ritter Edizioni &#8211; 2023. \u00c8 socio dell\u2019Associazione Culturale \u201cLuce nella Storia\u201d.<\/p>","protected":false},"excerpt":{"rendered":"<p>Sabato 18 novembre alle ore 18.00 nella sede del Circolo la Terra dei Padri in via dei Molini, 10 &#8211; Belluno (Borgo Piave, davanti alla chiesa di San Nicol\u00f2), sar\u00e0 presentato in prima nazionale l&#8217;ultimo lavoro appena dato alle stampe dello storico vittoriese Franco Giuseppe Gobbato. L&#8217;autore presenter\u00e0 il saggio\/romanzo storico &#8220;La patria sconfitta&#8221; (ed. [&hellip;]<\/p>\n","protected":false},"author":2,"featured_media":141423,"comment_status":"closed","ping_status":"open","sticky":false,"template":"","format":"standard","meta":{"footnotes":""},"categories":[27,25],"tags":[],"class_list":["post-145718","post","type-post","status-publish","format-standard","has-post-thumbnail","category-appuntamenti","category-pausa-caffe"],"yoast_head":"<!-- This site is optimized with the Yoast SEO plugin v28.4 - https:\/\/yoast.com\/product\/yoast-seo-wordpress\/ -->\n<title>Sabato a Borgo Piave Franco Giuseppe Gobbato presenta il saggio storico &quot;La patria sconfitta&quot; - Bellunopress - Dolomiti<\/title>\n<meta name=\"robots\" content=\"index, follow, max-snippet:-1, max-image-preview:large, max-video-preview:-1\" \/>\n<link rel=\"canonical\" href=\"https:\/\/www.bellunopress.it\/fr\/2023\/11\/12\/sabato-a-borgo-piave-franco-giuseppe-gobbato-presenta-il-saggio-storico-la-patria-sconfitta\/\" \/>\n<meta property=\"og:locale\" content=\"fr_FR\" \/>\n<meta property=\"og:type\" content=\"article\" \/>\n<meta property=\"og:title\" content=\"Sabato a Borgo Piave Franco Giuseppe Gobbato presenta il saggio storico &quot;La patria sconfitta&quot; - Bellunopress - Dolomiti\" \/>\n<meta property=\"og:description\" content=\"Sabato 18 novembre alle ore 18.00 nella sede del Circolo la Terra dei Padri in via dei Molini, 10 &#8211; Belluno (Borgo Piave, davanti alla chiesa di San Nicol\u00f2), sar\u00e0 presentato in prima nazionale l&#8217;ultimo lavoro appena dato alle stampe dello storico vittoriese Franco Giuseppe Gobbato. L&#8217;autore presenter\u00e0 il saggio\/romanzo storico &#8220;La patria sconfitta&#8221; (ed. [&hellip;]\" \/>\n<meta property=\"og:url\" content=\"https:\/\/www.bellunopress.it\/fr\/2023\/11\/12\/sabato-a-borgo-piave-franco-giuseppe-gobbato-presenta-il-saggio-storico-la-patria-sconfitta\/\" \/>\n<meta property=\"og:site_name\" content=\"Bellunopress - Dolomiti\" \/>\n<meta property=\"article:publisher\" content=\"https:\/\/www.facebook.com\/profile.php?id=100008943462799\" \/>\n<meta property=\"article:published_time\" content=\"2023-11-12T19:23:08+00:00\" \/>\n<meta property=\"og:image\" content=\"https:\/\/www.bellunopress.it\/wp-content\/uploads\/2023\/05\/Circolo-culturale-la-terra-dei-padri_edited.jpg\" \/>\n\t<meta property=\"og:image:width\" content=\"1000\" \/>\n\t<meta property=\"og:image:height\" content=\"750\" \/>\n\t<meta property=\"og:image:type\" content=\"image\/jpeg\" \/>\n<meta name=\"author\" content=\"redazione\" \/>\n<meta name=\"twitter:card\" content=\"summary_large_image\" \/>\n<meta name=\"twitter:creator\" content=\"@bellunopress\" \/>\n<meta name=\"twitter:site\" content=\"@bellunopress\" \/>\n<meta name=\"twitter:label1\" content=\"\u00c9crit par\" \/>\n\t<meta name=\"twitter:data1\" content=\"redazione\" \/>\n\t<meta name=\"twitter:label2\" content=\"Dur\u00e9e de lecture estim\u00e9e\" \/>\n\t<meta name=\"twitter:data2\" content=\"2 minutes\" \/>\n<script type=\"application\/ld+json\" class=\"yoast-schema-graph\">{\"@context\":\"https:\\\/\\\/schema.org\",\"@graph\":[{\"@type\":\"Article\",\"@id\":\"https:\\\/\\\/www.bellunopress.it\\\/2023\\\/11\\\/12\\\/sabato-a-borgo-piave-franco-giuseppe-gobbato-presenta-il-saggio-storico-la-patria-sconfitta\\\/#article\",\"isPartOf\":{\"@id\":\"https:\\\/\\\/www.bellunopress.it\\\/2023\\\/11\\\/12\\\/sabato-a-borgo-piave-franco-giuseppe-gobbato-presenta-il-saggio-storico-la-patria-sconfitta\\\/\"},\"author\":{\"name\":\"redazione\",\"@id\":\"https:\\\/\\\/www.bellunopress.it\\\/#\\\/schema\\\/person\\\/79bb06722b37ece1c03d3e94beb30d73\"},\"headline\":\"Sabato a Borgo Piave Franco Giuseppe Gobbato presenta il saggio storico &#8220;La patria sconfitta&#8221;\",\"datePublished\":\"2023-11-12T19:23:08+00:00\",\"mainEntityOfPage\":{\"@id\":\"https:\\\/\\\/www.bellunopress.it\\\/2023\\\/11\\\/12\\\/sabato-a-borgo-piave-franco-giuseppe-gobbato-presenta-il-saggio-storico-la-patria-sconfitta\\\/\"},\"wordCount\":512,\"publisher\":{\"@id\":\"https:\\\/\\\/www.bellunopress.it\\\/#organization\"},\"image\":{\"@id\":\"https:\\\/\\\/www.bellunopress.it\\\/2023\\\/11\\\/12\\\/sabato-a-borgo-piave-franco-giuseppe-gobbato-presenta-il-saggio-storico-la-patria-sconfitta\\\/#primaryimage\"},\"thumbnailUrl\":\"https:\\\/\\\/www.bellunopress.it\\\/wp-content\\\/uploads\\\/2023\\\/05\\\/Circolo-culturale-la-terra-dei-padri_edited.jpg\",\"articleSection\":[\"Appuntamenti, Eventi\",\"Pausa Caff\u00e8\"],\"inLanguage\":\"fr-FR\"},{\"@type\":\"WebPage\",\"@id\":\"https:\\\/\\\/www.bellunopress.it\\\/2023\\\/11\\\/12\\\/sabato-a-borgo-piave-franco-giuseppe-gobbato-presenta-il-saggio-storico-la-patria-sconfitta\\\/\",\"url\":\"https:\\\/\\\/www.bellunopress.it\\\/2023\\\/11\\\/12\\\/sabato-a-borgo-piave-franco-giuseppe-gobbato-presenta-il-saggio-storico-la-patria-sconfitta\\\/\",\"name\":\"Sabato a Borgo Piave Franco Giuseppe Gobbato presenta il saggio storico \\\"La patria sconfitta\\\" - Bellunopress - Dolomiti\",\"isPartOf\":{\"@id\":\"https:\\\/\\\/www.bellunopress.it\\\/#website\"},\"primaryImageOfPage\":{\"@id\":\"https:\\\/\\\/www.bellunopress.it\\\/2023\\\/11\\\/12\\\/sabato-a-borgo-piave-franco-giuseppe-gobbato-presenta-il-saggio-storico-la-patria-sconfitta\\\/#primaryimage\"},\"image\":{\"@id\":\"https:\\\/\\\/www.bellunopress.it\\\/2023\\\/11\\\/12\\\/sabato-a-borgo-piave-franco-giuseppe-gobbato-presenta-il-saggio-storico-la-patria-sconfitta\\\/#primaryimage\"},\"thumbnailUrl\":\"https:\\\/\\\/www.bellunopress.it\\\/wp-content\\\/uploads\\\/2023\\\/05\\\/Circolo-culturale-la-terra-dei-padri_edited.jpg\",\"datePublished\":\"2023-11-12T19:23:08+00:00\",\"breadcrumb\":{\"@id\":\"https:\\\/\\\/www.bellunopress.it\\\/2023\\\/11\\\/12\\\/sabato-a-borgo-piave-franco-giuseppe-gobbato-presenta-il-saggio-storico-la-patria-sconfitta\\\/#breadcrumb\"},\"inLanguage\":\"fr-FR\",\"potentialAction\":[{\"@type\":\"ReadAction\",\"target\":[\"https:\\\/\\\/www.bellunopress.it\\\/2023\\\/11\\\/12\\\/sabato-a-borgo-piave-franco-giuseppe-gobbato-presenta-il-saggio-storico-la-patria-sconfitta\\\/\"]}]},{\"@type\":\"ImageObject\",\"inLanguage\":\"fr-FR\",\"@id\":\"https:\\\/\\\/www.bellunopress.it\\\/2023\\\/11\\\/12\\\/sabato-a-borgo-piave-franco-giuseppe-gobbato-presenta-il-saggio-storico-la-patria-sconfitta\\\/#primaryimage\",\"url\":\"https:\\\/\\\/www.bellunopress.it\\\/wp-content\\\/uploads\\\/2023\\\/05\\\/Circolo-culturale-la-terra-dei-padri_edited.jpg\",\"contentUrl\":\"https:\\\/\\\/www.bellunopress.it\\\/wp-content\\\/uploads\\\/2023\\\/05\\\/Circolo-culturale-la-terra-dei-padri_edited.jpg\",\"width\":1000,\"height\":750,\"caption\":\"Circolo culturale \u201cLa Terra dei Padri\u201d via dei Molini, 10 a Borgo Piave (davanti alla chiesa di San Nicol\u00f2) a Belluno\"},{\"@type\":\"BreadcrumbList\",\"@id\":\"https:\\\/\\\/www.bellunopress.it\\\/2023\\\/11\\\/12\\\/sabato-a-borgo-piave-franco-giuseppe-gobbato-presenta-il-saggio-storico-la-patria-sconfitta\\\/#breadcrumb\",\"itemListElement\":[{\"@type\":\"ListItem\",\"position\":1,\"name\":\"Home\",\"item\":\"https:\\\/\\\/www.bellunopress.it\\\/\"},{\"@type\":\"ListItem\",\"position\":2,\"name\":\"Sabato a Borgo Piave Franco Giuseppe Gobbato presenta il saggio storico &#8220;La patria sconfitta&#8221;\"}]},{\"@type\":\"WebSite\",\"@id\":\"https:\\\/\\\/www.bellunopress.it\\\/#website\",\"url\":\"https:\\\/\\\/www.bellunopress.it\\\/\",\"name\":\"Bellunopress - Dolomiti\",\"description\":\"e-mail: redazione@bellunopress.it\",\"publisher\":{\"@id\":\"https:\\\/\\\/www.bellunopress.it\\\/#organization\"},\"potentialAction\":[{\"@type\":\"SearchAction\",\"target\":{\"@type\":\"EntryPoint\",\"urlTemplate\":\"https:\\\/\\\/www.bellunopress.it\\\/?s={search_term_string}\"},\"query-input\":{\"@type\":\"PropertyValueSpecification\",\"valueRequired\":true,\"valueName\":\"search_term_string\"}}],\"inLanguage\":\"fr-FR\"},{\"@type\":\"Organization\",\"@id\":\"https:\\\/\\\/www.bellunopress.it\\\/#organization\",\"name\":\"Bellunopress\",\"url\":\"https:\\\/\\\/www.bellunopress.it\\\/\",\"logo\":{\"@type\":\"ImageObject\",\"inLanguage\":\"fr-FR\",\"@id\":\"https:\\\/\\\/www.bellunopress.it\\\/#\\\/schema\\\/logo\\\/image\\\/\",\"url\":\"https:\\\/\\\/www.bellunopress.it\\\/wp-content\\\/uploads\\\/2011\\\/05\\\/cropped-logo-bellunopress-.jpg\",\"contentUrl\":\"https:\\\/\\\/www.bellunopress.it\\\/wp-content\\\/uploads\\\/2011\\\/05\\\/cropped-logo-bellunopress-.jpg\",\"width\":512,\"height\":512,\"caption\":\"Bellunopress\"},\"image\":{\"@id\":\"https:\\\/\\\/www.bellunopress.it\\\/#\\\/schema\\\/logo\\\/image\\\/\"},\"sameAs\":[\"https:\\\/\\\/www.facebook.com\\\/profile.php?id=100008943462799\",\"https:\\\/\\\/x.com\\\/bellunopress\",\"https:\\\/\\\/www.linkedin.com\\\/hp\\\/?dnr=JBzUWaJfMUw8vbXJJ2tVW5-I3jZKvC4wsoxE&amp;amp;amp;amp;amp;amp;trk=nav_responsive_tab_home\",\"https:\\\/\\\/www.youtube.com\\\/channel\\\/UCxL0wu1uN0_3_7hGG0306cw\"]},{\"@type\":\"Person\",\"@id\":\"https:\\\/\\\/www.bellunopress.it\\\/#\\\/schema\\\/person\\\/79bb06722b37ece1c03d3e94beb30d73\",\"name\":\"redazione\",\"image\":{\"@type\":\"ImageObject\",\"inLanguage\":\"fr-FR\",\"@id\":\"https:\\\/\\\/secure.gravatar.com\\\/avatar\\\/37d968a2e67a6fd04c169c4bdef102d0bc5d31b2546345219e348575eb80e9a0?s=96&d=mm&r=g\",\"url\":\"https:\\\/\\\/secure.gravatar.com\\\/avatar\\\/37d968a2e67a6fd04c169c4bdef102d0bc5d31b2546345219e348575eb80e9a0?s=96&d=mm&r=g\",\"contentUrl\":\"https:\\\/\\\/secure.gravatar.com\\\/avatar\\\/37d968a2e67a6fd04c169c4bdef102d0bc5d31b2546345219e348575eb80e9a0?s=96&d=mm&r=g\",\"caption\":\"redazione\"},\"sameAs\":[\"http:\\\/\\\/www.bellunopress.it\",\"https:\\\/\\\/x.com\\\/bellunopress\"],\"url\":\"https:\\\/\\\/www.bellunopress.it\\\/fr\\\/author\\\/redazione\\\/\"}]}<\/script>\n<!-- \/ Yoast SEO plugin. -->","yoast_head_json":{"title":"Sabato a Borgo Piave Franco Giuseppe Gobbato presenta il saggio storico \"La patria sconfitta\" - Bellunopress - Dolomiti","robots":{"index":"index","follow":"follow","max-snippet":"max-snippet:-1","max-image-preview":"max-image-preview:large","max-video-preview":"max-video-preview:-1"},"canonical":"https:\/\/www.bellunopress.it\/fr\/2023\/11\/12\/sabato-a-borgo-piave-franco-giuseppe-gobbato-presenta-il-saggio-storico-la-patria-sconfitta\/","og_locale":"fr_FR","og_type":"article","og_title":"Sabato a Borgo Piave Franco Giuseppe Gobbato presenta il saggio storico \"La patria sconfitta\" - Bellunopress - Dolomiti","og_description":"Sabato 18 novembre alle ore 18.00 nella sede del Circolo la Terra dei Padri in via dei Molini, 10 &#8211; Belluno (Borgo Piave, davanti alla chiesa di San Nicol\u00f2), sar\u00e0 presentato in prima nazionale l&#8217;ultimo lavoro appena dato alle stampe dello storico vittoriese Franco Giuseppe Gobbato. L&#8217;autore presenter\u00e0 il saggio\/romanzo storico &#8220;La patria sconfitta&#8221; (ed. [&hellip;]","og_url":"https:\/\/www.bellunopress.it\/fr\/2023\/11\/12\/sabato-a-borgo-piave-franco-giuseppe-gobbato-presenta-il-saggio-storico-la-patria-sconfitta\/","og_site_name":"Bellunopress - Dolomiti","article_publisher":"https:\/\/www.facebook.com\/profile.php?id=100008943462799","article_published_time":"2023-11-12T19:23:08+00:00","og_image":[{"width":1000,"height":750,"url":"https:\/\/www.bellunopress.it\/wp-content\/uploads\/2023\/05\/Circolo-culturale-la-terra-dei-padri_edited.jpg","type":"image\/jpeg"}],"author":"redazione","twitter_card":"summary_large_image","twitter_creator":"@bellunopress","twitter_site":"@bellunopress","twitter_misc":{"\u00c9crit par":"redazione","Dur\u00e9e de lecture estim\u00e9e":"2 minutes"},"schema":{"@context":"https:\/\/schema.org","@graph":[{"@type":"Article","@id":"https:\/\/www.bellunopress.it\/2023\/11\/12\/sabato-a-borgo-piave-franco-giuseppe-gobbato-presenta-il-saggio-storico-la-patria-sconfitta\/#article","isPartOf":{"@id":"https:\/\/www.bellunopress.it\/2023\/11\/12\/sabato-a-borgo-piave-franco-giuseppe-gobbato-presenta-il-saggio-storico-la-patria-sconfitta\/"},"author":{"name":"redazione","@id":"https:\/\/www.bellunopress.it\/#\/schema\/person\/79bb06722b37ece1c03d3e94beb30d73"},"headline":"Sabato a Borgo Piave Franco Giuseppe Gobbato presenta il saggio storico &#8220;La patria sconfitta&#8221;","datePublished":"2023-11-12T19:23:08+00:00","mainEntityOfPage":{"@id":"https:\/\/www.bellunopress.it\/2023\/11\/12\/sabato-a-borgo-piave-franco-giuseppe-gobbato-presenta-il-saggio-storico-la-patria-sconfitta\/"},"wordCount":512,"publisher":{"@id":"https:\/\/www.bellunopress.it\/#organization"},"image":{"@id":"https:\/\/www.bellunopress.it\/2023\/11\/12\/sabato-a-borgo-piave-franco-giuseppe-gobbato-presenta-il-saggio-storico-la-patria-sconfitta\/#primaryimage"},"thumbnailUrl":"https:\/\/www.bellunopress.it\/wp-content\/uploads\/2023\/05\/Circolo-culturale-la-terra-dei-padri_edited.jpg","articleSection":["Appuntamenti, Eventi","Pausa Caff\u00e8"],"inLanguage":"fr-FR"},{"@type":"WebPage","@id":"https:\/\/www.bellunopress.it\/2023\/11\/12\/sabato-a-borgo-piave-franco-giuseppe-gobbato-presenta-il-saggio-storico-la-patria-sconfitta\/","url":"https:\/\/www.bellunopress.it\/2023\/11\/12\/sabato-a-borgo-piave-franco-giuseppe-gobbato-presenta-il-saggio-storico-la-patria-sconfitta\/","name":"Sabato a Borgo Piave Franco Giuseppe Gobbato presenta il saggio storico \"La patria sconfitta\" - Bellunopress - Dolomiti","isPartOf":{"@id":"https:\/\/www.bellunopress.it\/#website"},"primaryImageOfPage":{"@id":"https:\/\/www.bellunopress.it\/2023\/11\/12\/sabato-a-borgo-piave-franco-giuseppe-gobbato-presenta-il-saggio-storico-la-patria-sconfitta\/#primaryimage"},"image":{"@id":"https:\/\/www.bellunopress.it\/2023\/11\/12\/sabato-a-borgo-piave-franco-giuseppe-gobbato-presenta-il-saggio-storico-la-patria-sconfitta\/#primaryimage"},"thumbnailUrl":"https:\/\/www.bellunopress.it\/wp-content\/uploads\/2023\/05\/Circolo-culturale-la-terra-dei-padri_edited.jpg","datePublished":"2023-11-12T19:23:08+00:00","breadcrumb":{"@id":"https:\/\/www.bellunopress.it\/2023\/11\/12\/sabato-a-borgo-piave-franco-giuseppe-gobbato-presenta-il-saggio-storico-la-patria-sconfitta\/#breadcrumb"},"inLanguage":"fr-FR","potentialAction":[{"@type":"ReadAction","target":["https:\/\/www.bellunopress.it\/2023\/11\/12\/sabato-a-borgo-piave-franco-giuseppe-gobbato-presenta-il-saggio-storico-la-patria-sconfitta\/"]}]},{"@type":"ImageObject","inLanguage":"fr-FR","@id":"https:\/\/www.bellunopress.it\/2023\/11\/12\/sabato-a-borgo-piave-franco-giuseppe-gobbato-presenta-il-saggio-storico-la-patria-sconfitta\/#primaryimage","url":"https:\/\/www.bellunopress.it\/wp-content\/uploads\/2023\/05\/Circolo-culturale-la-terra-dei-padri_edited.jpg","contentUrl":"https:\/\/www.bellunopress.it\/wp-content\/uploads\/2023\/05\/Circolo-culturale-la-terra-dei-padri_edited.jpg","width":1000,"height":750,"caption":"Circolo culturale \u201cLa Terra dei Padri\u201d via dei Molini, 10 a Borgo Piave (davanti alla chiesa di San Nicol\u00f2) a Belluno"},{"@type":"BreadcrumbList","@id":"https:\/\/www.bellunopress.it\/2023\/11\/12\/sabato-a-borgo-piave-franco-giuseppe-gobbato-presenta-il-saggio-storico-la-patria-sconfitta\/#breadcrumb","itemListElement":[{"@type":"ListItem","position":1,"name":"Home","item":"https:\/\/www.bellunopress.it\/"},{"@type":"ListItem","position":2,"name":"Sabato a Borgo Piave Franco Giuseppe Gobbato presenta il saggio storico &#8220;La patria sconfitta&#8221;"}]},{"@type":"WebSite","@id":"https:\/\/www.bellunopress.it\/#website","url":"https:\/\/www.bellunopress.it\/","name":"Bellunopress - Dolomiti","description":"e-mail: redazione@bellunopress.it","publisher":{"@id":"https:\/\/www.bellunopress.it\/#organization"},"potentialAction":[{"@type":"SearchAction","target":{"@type":"EntryPoint","urlTemplate":"https:\/\/www.bellunopress.it\/?s={search_term_string}"},"query-input":{"@type":"PropertyValueSpecification","valueRequired":true,"valueName":"search_term_string"}}],"inLanguage":"fr-FR"},{"@type":"Organization","@id":"https:\/\/www.bellunopress.it\/#organization","name":"Bellunopress","url":"https:\/\/www.bellunopress.it\/","logo":{"@type":"ImageObject","inLanguage":"fr-FR","@id":"https:\/\/www.bellunopress.it\/#\/schema\/logo\/image\/","url":"https:\/\/www.bellunopress.it\/wp-content\/uploads\/2011\/05\/cropped-logo-bellunopress-.jpg","contentUrl":"https:\/\/www.bellunopress.it\/wp-content\/uploads\/2011\/05\/cropped-logo-bellunopress-.jpg","width":512,"height":512,"caption":"Bellunopress"},"image":{"@id":"https:\/\/www.bellunopress.it\/#\/schema\/logo\/image\/"},"sameAs":["https:\/\/www.facebook.com\/profile.php?id=100008943462799","https:\/\/x.com\/bellunopress","https:\/\/www.linkedin.com\/hp\/?dnr=JBzUWaJfMUw8vbXJJ2tVW5-I3jZKvC4wsoxE&amp;amp;amp;amp;amp;amp;trk=nav_responsive_tab_home","https:\/\/www.youtube.com\/channel\/UCxL0wu1uN0_3_7hGG0306cw"]},{"@type":"Person","@id":"https:\/\/www.bellunopress.it\/#\/schema\/person\/79bb06722b37ece1c03d3e94beb30d73","name":"r\u00e9daction","image":{"@type":"ImageObject","inLanguage":"fr-FR","@id":"https:\/\/secure.gravatar.com\/avatar\/37d968a2e67a6fd04c169c4bdef102d0bc5d31b2546345219e348575eb80e9a0?s=96&d=mm&r=g","url":"https:\/\/secure.gravatar.com\/avatar\/37d968a2e67a6fd04c169c4bdef102d0bc5d31b2546345219e348575eb80e9a0?s=96&d=mm&r=g","contentUrl":"https:\/\/secure.gravatar.com\/avatar\/37d968a2e67a6fd04c169c4bdef102d0bc5d31b2546345219e348575eb80e9a0?s=96&d=mm&r=g","caption":"redazione"},"sameAs":["http:\/\/www.bellunopress.it","https:\/\/x.com\/bellunopress"],"url":"https:\/\/www.bellunopress.it\/fr\/author\/redazione\/"}]}},"_links":{"self":[{"href":"https:\/\/www.bellunopress.it\/fr\/wp-json\/wp\/v2\/posts\/145718","targetHints":{"allow":["GET"]}}],"collection":[{"href":"https:\/\/www.bellunopress.it\/fr\/wp-json\/wp\/v2\/posts"}],"about":[{"href":"https:\/\/www.bellunopress.it\/fr\/wp-json\/wp\/v2\/types\/post"}],"author":[{"embeddable":true,"href":"https:\/\/www.bellunopress.it\/fr\/wp-json\/wp\/v2\/users\/2"}],"replies":[{"embeddable":true,"href":"https:\/\/www.bellunopress.it\/fr\/wp-json\/wp\/v2\/comments?post=145718"}],"version-history":[{"count":3,"href":"https:\/\/www.bellunopress.it\/fr\/wp-json\/wp\/v2\/posts\/145718\/revisions"}],"predecessor-version":[{"id":145727,"href":"https:\/\/www.bellunopress.it\/fr\/wp-json\/wp\/v2\/posts\/145718\/revisions\/145727"}],"wp:featuredmedia":[{"embeddable":true,"href":"https:\/\/www.bellunopress.it\/fr\/wp-json\/wp\/v2\/media\/141423"}],"wp:attachment":[{"href":"https:\/\/www.bellunopress.it\/fr\/wp-json\/wp\/v2\/media?parent=145718"}],"wp:term":[{"taxonomy":"category","embeddable":true,"href":"https:\/\/www.bellunopress.it\/fr\/wp-json\/wp\/v2\/categories?post=145718"},{"taxonomy":"post_tag","embeddable":true,"href":"https:\/\/www.bellunopress.it\/fr\/wp-json\/wp\/v2\/tags?post=145718"}],"curies":[{"name":"wp","href":"https:\/\/api.w.org\/{rel}","templated":true}]}}