{"id":145714,"date":"2023-11-07T16:36:42","date_gmt":"2023-11-07T15:36:42","guid":{"rendered":"https:\/\/www.bellunopress.it\/?p=145714"},"modified":"2023-11-07T16:38:26","modified_gmt":"2023-11-07T15:38:26","slug":"in-240-a-cavarzano-per-i-50-anni-del-rifugio-alpino-furio-bianchet","status":"publish","type":"post","link":"https:\/\/www.bellunopress.it\/fr\/2023\/11\/07\/in-240-a-cavarzano-per-i-50-anni-del-rifugio-alpino-furio-bianchet\/","title":{"rendered":"In 240 a Cavarzano per i 50 anni del Rifugio alpino &#8220;Furio Bianchet&#8221;"},"content":{"rendered":"<p><img loading=\"lazy\" decoding=\"async\" class=\"alignleft size-full wp-image-145715\" src=\"https:\/\/www.bellunopress.it\/wp-content\/uploads\/2023\/11\/50-anni-rifugio-Bianchet-Sala-passocchiale-Cavarzano_edited.jpg\" alt=\"\" width=\"1000\" height=\"750\" srcset=\"https:\/\/www.bellunopress.it\/wp-content\/uploads\/2023\/11\/50-anni-rifugio-Bianchet-Sala-passocchiale-Cavarzano_edited.jpg 1000w, https:\/\/www.bellunopress.it\/wp-content\/uploads\/2023\/11\/50-anni-rifugio-Bianchet-Sala-passocchiale-Cavarzano_edited-500x375.jpg 500w, https:\/\/www.bellunopress.it\/wp-content\/uploads\/2023\/11\/50-anni-rifugio-Bianchet-Sala-passocchiale-Cavarzano_edited-696x522.jpg 696w\" sizes=\"auto, (max-width: 1000px) 100vw, 1000px\" \/>Un vero e proprio successo di partecipazione di amore per la montagna. Cos\u00ec il presidente della sezione del Club Alpino Italiano di Belluno Paolo Barp ha aperto la festa per il cinquantesimo compleanno del Rifugio Furio Bianchet in un auditorium parrocchiale di Cavarzano stipato all\u2019inverosimile.<\/p>\n<p>E\u2019 stata una festa lievitata sulla memoria e scandita dalle testimonianze. Innanzitutto quella di Gabriele Arrigoni che ricopriva la carica di presidente del Cai di Belluno quando il Rifugio Bianchet \u00e8 stato inaugurato il 29 giugno 1973. Arrigoni ha rammentato come l\u2019idea di far sorgere un rifugio ai piedi del versante nord della Schiara fosse stata avanzata da alcuni alpinisti tra i quali lo stesso Furio Bianchet innamorati della Val Vescov\u00e0 per la sua originalit\u00e0 e il suo contesto naturale.<br \/>\nGabriele Arrigoni ha rammentato altres\u00ec l\u2019impegno della Forestale nella sua costruzione e l\u2019impegno della sezione Cai di Belluno, che lo ha avuto poi in gestione, per arredarlo. All\u2019inaugurazione intervennero il presidente generale del Cai Giovanni Spagnolli che era anche presidente del Senato, tutti i parlamentari bellunesi, il vescovo Muccin.<br \/>\nEra presente anche il presidente del Collegio Nazionale Guide Alpine Armando Da Roit \u201cTama\u201d e tanti alpinisti arrivati per rendere omaggio e ricordare Furio Bianchet a cui era dedicato il rifugio.<\/p>\n<p>Ad illustrare la preziosit\u00e0 naturalistica ma anche la conformazione geologica e le antiche attivit\u00e0 silvo-pastorali della valle \u00e8 intervenuto Giorgio Fontanive. Una valle ricca anche di un suo fascino speleologico che, come ha raccontato Marino Casagrande, ha fatto innamorare tanti soci Cai componenti del Gruppo Grotte Solve.<\/p>\n<p>E\u2019 stato riservato al vicepresidente del Cai di Belluno Alberto Gris il compito di mettere a fuoco la figura di Bianchet che oltre che un valido alpinista \u00e8 stato un grande uomo e un instancabile ideatore di iniziative per promuovere Belluno, le sue montagne e le Dolomiti bellunesi. Fra le salite compiute, Gris ha ricordato quelle compiute da Bianchet con Alvise Andrich allo Spigolo Ovest al Cimon della Pala, quella sulla muraglia di Cima De Gasperi in Civetta e quella sulla parete sud della Tofana di Rozes con Attilio Tissi.<\/p>\n<p>Poich\u00e9 il rifugio si trova sul territorio amministrativo del Comune di Sedico, \u00e8 intervenuto il sindaco Stefano Deon a ricordare che la struttura rappresenta uno dei pi\u00f9 importanti punti di riferimento del Parco delle Dolomiti Bellunesi, come ha sottolineato anche il presidente del Parco Ennio Vigne, che ha evidenziato i progetti di collaborazione con il Cai di Belluno nella gestione e manutenzione dei sentieri che si sviluppano all\u2019interno del Parco.<\/p>\n<p>Nel corso di questo mezzo secolo di storia i protagonisti veri del Bianchet per\u00f2 \u2013 ha sottolineato il presidente del Cai Paolo Barp \u2013 sono stati indubbiamente i gestori o meglio i custodi del rifugio. E alla festa sono stati ricordati tutti a cominciare dal primo Fioravante Bellenzier. Significativi e toccanti le testimonianze di Rita Da Canal e dei coniugi Fedeli che sono gli attuali custodi. C\u2019\u00e8 poi un capitolo di storia alpinistica collegata al rifugio che ha tra i protagonisti soprattutto la Gusela del Vescov\u00e0, il monolite pi\u00f9 affascinante delle Dolomiti che dalla met\u00e0 del 1800 ha richiamato attenzione e tentativi di salita da parte di molti alpinisti. I primi salitori sono stati Arturo Andreoletti, Francesco Jori e Giuseppe Pasquali il14 settembre 1913. A raccontare le principali vie e imprese alpinistiche sulla Gusela e sulla Schiara \u00e8 intervenuto anche Gianni Gianeselli. A lui, che \u00e8 stato anche capostazione del Soccorso Alpino di Belluno, \u00e8 stato chiesto anche di raccontare alcuni incidenti sulla Gusela a cominciare da quello occorso alla famosa Guida alpina Gabriele Franceschini. Per soccorrerlo \u2013 ha rammentato Gianeselli \u2013 \u00e8 intervenuto l\u2019elicottero, pilotato da France Natra, utilizzato per le riprese del film \u201c<a href=\"https:\/\/www.bellunopress.it\/fr\/2016\/04\/17\/quella-volta-frank-sinatra-sul-set-de-colonnello-ryan-licenzia-le-comparse-perarolo-prendere-quelle-pieve-cadore\/\">Il Colonnello Von Ryan<\/a>\u201dgirato in Valbelluna nel 1964.<\/p>\n<p>Le vie sci alpinistiche sul versante nord della Schiara sono state illustrate da Giampaolo Sani. Nel suo insieme \u00e8 stata una festa che ha messo insieme testimonianze, storia e memoria che il Cai di Belluno ha voluto regalare ai suoi iscritti come aveva fatto pochi mesi fa per il sessantesimo compleanno del Rifugio Tissi. E come tutte le feste che si rispettano \u00e8 finita con un eccezionale repertorio di canti eseguiti dal Coro Cai diretto dalla maestra Elisa Isotton.<\/p>","protected":false},"excerpt":{"rendered":"<p>Un vero e proprio successo di partecipazione di amore per la montagna. Cos\u00ec il presidente della sezione del Club Alpino Italiano di Belluno Paolo Barp ha aperto la festa per il cinquantesimo compleanno del Rifugio Furio Bianchet in un auditorium parrocchiale di Cavarzano stipato all\u2019inverosimile. E\u2019 stata una festa lievitata sulla memoria e scandita dalle [&hellip;]<\/p>\n","protected":false},"author":2,"featured_media":145715,"comment_status":"closed","ping_status":"open","sticky":false,"template":"","format":"standard","meta":{"footnotes":""},"categories":[26,8],"tags":[],"class_list":["post-145714","post","type-post","status-publish","format-standard","has-post-thumbnail","category-prima-pagina","category-societa-istituzioni"],"yoast_head":"<!-- This site is optimized with the Yoast SEO plugin v28.4 - https:\/\/yoast.com\/product\/yoast-seo-wordpress\/ -->\n<title>In 240 a Cavarzano per i 50 anni del Rifugio alpino &quot;Furio Bianchet&quot; - Bellunopress - Dolomiti<\/title>\n<meta name=\"robots\" content=\"index, follow, max-snippet:-1, max-image-preview:large, max-video-preview:-1\" \/>\n<link rel=\"canonical\" href=\"https:\/\/www.bellunopress.it\/fr\/2023\/11\/07\/in-240-a-cavarzano-per-i-50-anni-del-rifugio-alpino-furio-bianchet\/\" \/>\n<meta property=\"og:locale\" content=\"fr_FR\" \/>\n<meta property=\"og:type\" content=\"article\" \/>\n<meta property=\"og:title\" content=\"In 240 a Cavarzano per i 50 anni del Rifugio alpino &quot;Furio Bianchet&quot; - Bellunopress - Dolomiti\" \/>\n<meta property=\"og:description\" content=\"Un vero e proprio successo di partecipazione di amore per la montagna. Cos\u00ec il presidente della sezione del Club Alpino Italiano di Belluno Paolo Barp ha aperto la festa per il cinquantesimo compleanno del Rifugio Furio Bianchet in un auditorium parrocchiale di Cavarzano stipato all\u2019inverosimile. E\u2019 stata una festa lievitata sulla memoria e scandita dalle [&hellip;]\" \/>\n<meta property=\"og:url\" content=\"https:\/\/www.bellunopress.it\/fr\/2023\/11\/07\/in-240-a-cavarzano-per-i-50-anni-del-rifugio-alpino-furio-bianchet\/\" \/>\n<meta property=\"og:site_name\" content=\"Bellunopress - Dolomiti\" \/>\n<meta property=\"article:publisher\" content=\"https:\/\/www.facebook.com\/profile.php?id=100008943462799\" \/>\n<meta property=\"article:published_time\" content=\"2023-11-07T15:36:42+00:00\" \/>\n<meta property=\"article:modified_time\" content=\"2023-11-07T15:38:26+00:00\" \/>\n<meta property=\"og:image\" content=\"https:\/\/www.bellunopress.it\/wp-content\/uploads\/2023\/11\/50-anni-rifugio-Bianchet-Sala-passocchiale-Cavarzano_edited.jpg\" \/>\n\t<meta property=\"og:image:width\" content=\"1000\" \/>\n\t<meta property=\"og:image:height\" content=\"750\" \/>\n\t<meta property=\"og:image:type\" content=\"image\/jpeg\" \/>\n<meta name=\"author\" content=\"redazione\" \/>\n<meta name=\"twitter:card\" content=\"summary_large_image\" \/>\n<meta name=\"twitter:creator\" content=\"@bellunopress\" \/>\n<meta name=\"twitter:site\" content=\"@bellunopress\" \/>\n<meta name=\"twitter:label1\" content=\"Written by\" \/>\n\t<meta name=\"twitter:data1\" content=\"redazione\" \/>\n\t<meta name=\"twitter:label2\" content=\"Est. reading time\" \/>\n\t<meta name=\"twitter:data2\" content=\"3 minutes\" \/>\n<script type=\"application\/ld+json\" class=\"yoast-schema-graph\">{\"@context\":\"https:\\\/\\\/schema.org\",\"@graph\":[{\"@type\":\"Article\",\"@id\":\"https:\\\/\\\/www.bellunopress.it\\\/2023\\\/11\\\/07\\\/in-240-a-cavarzano-per-i-50-anni-del-rifugio-alpino-furio-bianchet\\\/#article\",\"isPartOf\":{\"@id\":\"https:\\\/\\\/www.bellunopress.it\\\/2023\\\/11\\\/07\\\/in-240-a-cavarzano-per-i-50-anni-del-rifugio-alpino-furio-bianchet\\\/\"},\"author\":{\"name\":\"redazione\",\"@id\":\"https:\\\/\\\/www.bellunopress.it\\\/#\\\/schema\\\/person\\\/79bb06722b37ece1c03d3e94beb30d73\"},\"headline\":\"In 240 a Cavarzano per i 50 anni del Rifugio alpino &#8220;Furio Bianchet&#8221;\",\"datePublished\":\"2023-11-07T15:36:42+00:00\",\"dateModified\":\"2023-11-07T15:38:26+00:00\",\"mainEntityOfPage\":{\"@id\":\"https:\\\/\\\/www.bellunopress.it\\\/2023\\\/11\\\/07\\\/in-240-a-cavarzano-per-i-50-anni-del-rifugio-alpino-furio-bianchet\\\/\"},\"wordCount\":694,\"publisher\":{\"@id\":\"https:\\\/\\\/www.bellunopress.it\\\/#organization\"},\"image\":{\"@id\":\"https:\\\/\\\/www.bellunopress.it\\\/2023\\\/11\\\/07\\\/in-240-a-cavarzano-per-i-50-anni-del-rifugio-alpino-furio-bianchet\\\/#primaryimage\"},\"thumbnailUrl\":\"https:\\\/\\\/www.bellunopress.it\\\/wp-content\\\/uploads\\\/2023\\\/11\\\/50-anni-rifugio-Bianchet-Sala-passocchiale-Cavarzano_edited.jpg\",\"articleSection\":[\"Prima Pagina\",\"Societ\u00e0, Associazioni, Istituzioni\"],\"inLanguage\":\"fr-FR\"},{\"@type\":\"WebPage\",\"@id\":\"https:\\\/\\\/www.bellunopress.it\\\/2023\\\/11\\\/07\\\/in-240-a-cavarzano-per-i-50-anni-del-rifugio-alpino-furio-bianchet\\\/\",\"url\":\"https:\\\/\\\/www.bellunopress.it\\\/2023\\\/11\\\/07\\\/in-240-a-cavarzano-per-i-50-anni-del-rifugio-alpino-furio-bianchet\\\/\",\"name\":\"In 240 a Cavarzano per i 50 anni del Rifugio alpino \\\"Furio Bianchet\\\" - Bellunopress - Dolomiti\",\"isPartOf\":{\"@id\":\"https:\\\/\\\/www.bellunopress.it\\\/#website\"},\"primaryImageOfPage\":{\"@id\":\"https:\\\/\\\/www.bellunopress.it\\\/2023\\\/11\\\/07\\\/in-240-a-cavarzano-per-i-50-anni-del-rifugio-alpino-furio-bianchet\\\/#primaryimage\"},\"image\":{\"@id\":\"https:\\\/\\\/www.bellunopress.it\\\/2023\\\/11\\\/07\\\/in-240-a-cavarzano-per-i-50-anni-del-rifugio-alpino-furio-bianchet\\\/#primaryimage\"},\"thumbnailUrl\":\"https:\\\/\\\/www.bellunopress.it\\\/wp-content\\\/uploads\\\/2023\\\/11\\\/50-anni-rifugio-Bianchet-Sala-passocchiale-Cavarzano_edited.jpg\",\"datePublished\":\"2023-11-07T15:36:42+00:00\",\"dateModified\":\"2023-11-07T15:38:26+00:00\",\"breadcrumb\":{\"@id\":\"https:\\\/\\\/www.bellunopress.it\\\/2023\\\/11\\\/07\\\/in-240-a-cavarzano-per-i-50-anni-del-rifugio-alpino-furio-bianchet\\\/#breadcrumb\"},\"inLanguage\":\"fr-FR\",\"potentialAction\":[{\"@type\":\"ReadAction\",\"target\":[\"https:\\\/\\\/www.bellunopress.it\\\/2023\\\/11\\\/07\\\/in-240-a-cavarzano-per-i-50-anni-del-rifugio-alpino-furio-bianchet\\\/\"]}]},{\"@type\":\"ImageObject\",\"inLanguage\":\"fr-FR\",\"@id\":\"https:\\\/\\\/www.bellunopress.it\\\/2023\\\/11\\\/07\\\/in-240-a-cavarzano-per-i-50-anni-del-rifugio-alpino-furio-bianchet\\\/#primaryimage\",\"url\":\"https:\\\/\\\/www.bellunopress.it\\\/wp-content\\\/uploads\\\/2023\\\/11\\\/50-anni-rifugio-Bianchet-Sala-passocchiale-Cavarzano_edited.jpg\",\"contentUrl\":\"https:\\\/\\\/www.bellunopress.it\\\/wp-content\\\/uploads\\\/2023\\\/11\\\/50-anni-rifugio-Bianchet-Sala-passocchiale-Cavarzano_edited.jpg\",\"width\":1000,\"height\":750},{\"@type\":\"BreadcrumbList\",\"@id\":\"https:\\\/\\\/www.bellunopress.it\\\/2023\\\/11\\\/07\\\/in-240-a-cavarzano-per-i-50-anni-del-rifugio-alpino-furio-bianchet\\\/#breadcrumb\",\"itemListElement\":[{\"@type\":\"ListItem\",\"position\":1,\"name\":\"Home\",\"item\":\"https:\\\/\\\/www.bellunopress.it\\\/\"},{\"@type\":\"ListItem\",\"position\":2,\"name\":\"In 240 a Cavarzano per i 50 anni del Rifugio alpino &#8220;Furio Bianchet&#8221;\"}]},{\"@type\":\"WebSite\",\"@id\":\"https:\\\/\\\/www.bellunopress.it\\\/#website\",\"url\":\"https:\\\/\\\/www.bellunopress.it\\\/\",\"name\":\"Bellunopress - Dolomiti\",\"description\":\"e-mail: redazione@bellunopress.it\",\"publisher\":{\"@id\":\"https:\\\/\\\/www.bellunopress.it\\\/#organization\"},\"potentialAction\":[{\"@type\":\"SearchAction\",\"target\":{\"@type\":\"EntryPoint\",\"urlTemplate\":\"https:\\\/\\\/www.bellunopress.it\\\/?s={search_term_string}\"},\"query-input\":{\"@type\":\"PropertyValueSpecification\",\"valueRequired\":true,\"valueName\":\"search_term_string\"}}],\"inLanguage\":\"fr-FR\"},{\"@type\":\"Organization\",\"@id\":\"https:\\\/\\\/www.bellunopress.it\\\/#organization\",\"name\":\"Bellunopress\",\"url\":\"https:\\\/\\\/www.bellunopress.it\\\/\",\"logo\":{\"@type\":\"ImageObject\",\"inLanguage\":\"fr-FR\",\"@id\":\"https:\\\/\\\/www.bellunopress.it\\\/#\\\/schema\\\/logo\\\/image\\\/\",\"url\":\"https:\\\/\\\/www.bellunopress.it\\\/wp-content\\\/uploads\\\/2011\\\/05\\\/cropped-logo-bellunopress-.jpg\",\"contentUrl\":\"https:\\\/\\\/www.bellunopress.it\\\/wp-content\\\/uploads\\\/2011\\\/05\\\/cropped-logo-bellunopress-.jpg\",\"width\":512,\"height\":512,\"caption\":\"Bellunopress\"},\"image\":{\"@id\":\"https:\\\/\\\/www.bellunopress.it\\\/#\\\/schema\\\/logo\\\/image\\\/\"},\"sameAs\":[\"https:\\\/\\\/www.facebook.com\\\/profile.php?id=100008943462799\",\"https:\\\/\\\/x.com\\\/bellunopress\",\"https:\\\/\\\/www.linkedin.com\\\/hp\\\/?dnr=JBzUWaJfMUw8vbXJJ2tVW5-I3jZKvC4wsoxE&amp;amp;amp;amp;amp;amp;trk=nav_responsive_tab_home\",\"https:\\\/\\\/www.youtube.com\\\/channel\\\/UCxL0wu1uN0_3_7hGG0306cw\"]},{\"@type\":\"Person\",\"@id\":\"https:\\\/\\\/www.bellunopress.it\\\/#\\\/schema\\\/person\\\/79bb06722b37ece1c03d3e94beb30d73\",\"name\":\"redazione\",\"image\":{\"@type\":\"ImageObject\",\"inLanguage\":\"fr-FR\",\"@id\":\"https:\\\/\\\/secure.gravatar.com\\\/avatar\\\/37d968a2e67a6fd04c169c4bdef102d0bc5d31b2546345219e348575eb80e9a0?s=96&d=mm&r=g\",\"url\":\"https:\\\/\\\/secure.gravatar.com\\\/avatar\\\/37d968a2e67a6fd04c169c4bdef102d0bc5d31b2546345219e348575eb80e9a0?s=96&d=mm&r=g\",\"contentUrl\":\"https:\\\/\\\/secure.gravatar.com\\\/avatar\\\/37d968a2e67a6fd04c169c4bdef102d0bc5d31b2546345219e348575eb80e9a0?s=96&d=mm&r=g\",\"caption\":\"redazione\"},\"sameAs\":[\"http:\\\/\\\/www.bellunopress.it\",\"https:\\\/\\\/x.com\\\/bellunopress\"],\"url\":\"https:\\\/\\\/www.bellunopress.it\\\/fr\\\/author\\\/redazione\\\/\"}]}<\/script>\n<!-- \/ Yoast SEO plugin. -->","yoast_head_json":{"title":"In 240 a Cavarzano per i 50 anni del Rifugio alpino \"Furio Bianchet\" - Bellunopress - Dolomiti","robots":{"index":"index","follow":"follow","max-snippet":"max-snippet:-1","max-image-preview":"max-image-preview:large","max-video-preview":"max-video-preview:-1"},"canonical":"https:\/\/www.bellunopress.it\/fr\/2023\/11\/07\/in-240-a-cavarzano-per-i-50-anni-del-rifugio-alpino-furio-bianchet\/","og_locale":"fr_FR","og_type":"article","og_title":"In 240 a Cavarzano per i 50 anni del Rifugio alpino \"Furio Bianchet\" - Bellunopress - Dolomiti","og_description":"Un vero e proprio successo di partecipazione di amore per la montagna. Cos\u00ec il presidente della sezione del Club Alpino Italiano di Belluno Paolo Barp ha aperto la festa per il cinquantesimo compleanno del Rifugio Furio Bianchet in un auditorium parrocchiale di Cavarzano stipato all\u2019inverosimile. E\u2019 stata una festa lievitata sulla memoria e scandita dalle [&hellip;]","og_url":"https:\/\/www.bellunopress.it\/fr\/2023\/11\/07\/in-240-a-cavarzano-per-i-50-anni-del-rifugio-alpino-furio-bianchet\/","og_site_name":"Bellunopress - Dolomiti","article_publisher":"https:\/\/www.facebook.com\/profile.php?id=100008943462799","article_published_time":"2023-11-07T15:36:42+00:00","article_modified_time":"2023-11-07T15:38:26+00:00","og_image":[{"width":1000,"height":750,"url":"https:\/\/www.bellunopress.it\/wp-content\/uploads\/2023\/11\/50-anni-rifugio-Bianchet-Sala-passocchiale-Cavarzano_edited.jpg","type":"image\/jpeg"}],"author":"redazione","twitter_card":"summary_large_image","twitter_creator":"@bellunopress","twitter_site":"@bellunopress","twitter_misc":{"Written by":"redazione","Est. reading time":"3 minutes"},"schema":{"@context":"https:\/\/schema.org","@graph":[{"@type":"Article","@id":"https:\/\/www.bellunopress.it\/2023\/11\/07\/in-240-a-cavarzano-per-i-50-anni-del-rifugio-alpino-furio-bianchet\/#article","isPartOf":{"@id":"https:\/\/www.bellunopress.it\/2023\/11\/07\/in-240-a-cavarzano-per-i-50-anni-del-rifugio-alpino-furio-bianchet\/"},"author":{"name":"redazione","@id":"https:\/\/www.bellunopress.it\/#\/schema\/person\/79bb06722b37ece1c03d3e94beb30d73"},"headline":"In 240 a Cavarzano per i 50 anni del Rifugio alpino &#8220;Furio Bianchet&#8221;","datePublished":"2023-11-07T15:36:42+00:00","dateModified":"2023-11-07T15:38:26+00:00","mainEntityOfPage":{"@id":"https:\/\/www.bellunopress.it\/2023\/11\/07\/in-240-a-cavarzano-per-i-50-anni-del-rifugio-alpino-furio-bianchet\/"},"wordCount":694,"publisher":{"@id":"https:\/\/www.bellunopress.it\/#organization"},"image":{"@id":"https:\/\/www.bellunopress.it\/2023\/11\/07\/in-240-a-cavarzano-per-i-50-anni-del-rifugio-alpino-furio-bianchet\/#primaryimage"},"thumbnailUrl":"https:\/\/www.bellunopress.it\/wp-content\/uploads\/2023\/11\/50-anni-rifugio-Bianchet-Sala-passocchiale-Cavarzano_edited.jpg","articleSection":["Prima Pagina","Societ\u00e0, Associazioni, Istituzioni"],"inLanguage":"fr-FR"},{"@type":"WebPage","@id":"https:\/\/www.bellunopress.it\/2023\/11\/07\/in-240-a-cavarzano-per-i-50-anni-del-rifugio-alpino-furio-bianchet\/","url":"https:\/\/www.bellunopress.it\/2023\/11\/07\/in-240-a-cavarzano-per-i-50-anni-del-rifugio-alpino-furio-bianchet\/","name":"In 240 a Cavarzano per i 50 anni del Rifugio alpino \"Furio Bianchet\" - Bellunopress - Dolomiti","isPartOf":{"@id":"https:\/\/www.bellunopress.it\/#website"},"primaryImageOfPage":{"@id":"https:\/\/www.bellunopress.it\/2023\/11\/07\/in-240-a-cavarzano-per-i-50-anni-del-rifugio-alpino-furio-bianchet\/#primaryimage"},"image":{"@id":"https:\/\/www.bellunopress.it\/2023\/11\/07\/in-240-a-cavarzano-per-i-50-anni-del-rifugio-alpino-furio-bianchet\/#primaryimage"},"thumbnailUrl":"https:\/\/www.bellunopress.it\/wp-content\/uploads\/2023\/11\/50-anni-rifugio-Bianchet-Sala-passocchiale-Cavarzano_edited.jpg","datePublished":"2023-11-07T15:36:42+00:00","dateModified":"2023-11-07T15:38:26+00:00","breadcrumb":{"@id":"https:\/\/www.bellunopress.it\/2023\/11\/07\/in-240-a-cavarzano-per-i-50-anni-del-rifugio-alpino-furio-bianchet\/#breadcrumb"},"inLanguage":"fr-FR","potentialAction":[{"@type":"ReadAction","target":["https:\/\/www.bellunopress.it\/2023\/11\/07\/in-240-a-cavarzano-per-i-50-anni-del-rifugio-alpino-furio-bianchet\/"]}]},{"@type":"ImageObject","inLanguage":"fr-FR","@id":"https:\/\/www.bellunopress.it\/2023\/11\/07\/in-240-a-cavarzano-per-i-50-anni-del-rifugio-alpino-furio-bianchet\/#primaryimage","url":"https:\/\/www.bellunopress.it\/wp-content\/uploads\/2023\/11\/50-anni-rifugio-Bianchet-Sala-passocchiale-Cavarzano_edited.jpg","contentUrl":"https:\/\/www.bellunopress.it\/wp-content\/uploads\/2023\/11\/50-anni-rifugio-Bianchet-Sala-passocchiale-Cavarzano_edited.jpg","width":1000,"height":750},{"@type":"BreadcrumbList","@id":"https:\/\/www.bellunopress.it\/2023\/11\/07\/in-240-a-cavarzano-per-i-50-anni-del-rifugio-alpino-furio-bianchet\/#breadcrumb","itemListElement":[{"@type":"ListItem","position":1,"name":"Home","item":"https:\/\/www.bellunopress.it\/"},{"@type":"ListItem","position":2,"name":"In 240 a Cavarzano per i 50 anni del Rifugio alpino &#8220;Furio Bianchet&#8221;"}]},{"@type":"WebSite","@id":"https:\/\/www.bellunopress.it\/#website","url":"https:\/\/www.bellunopress.it\/","name":"Bellunopress - Dolomiti","description":"e-mail: redazione@bellunopress.it","publisher":{"@id":"https:\/\/www.bellunopress.it\/#organization"},"potentialAction":[{"@type":"SearchAction","target":{"@type":"EntryPoint","urlTemplate":"https:\/\/www.bellunopress.it\/?s={search_term_string}"},"query-input":{"@type":"PropertyValueSpecification","valueRequired":true,"valueName":"search_term_string"}}],"inLanguage":"fr-FR"},{"@type":"Organization","@id":"https:\/\/www.bellunopress.it\/#organization","name":"Bellunopress","url":"https:\/\/www.bellunopress.it\/","logo":{"@type":"ImageObject","inLanguage":"fr-FR","@id":"https:\/\/www.bellunopress.it\/#\/schema\/logo\/image\/","url":"https:\/\/www.bellunopress.it\/wp-content\/uploads\/2011\/05\/cropped-logo-bellunopress-.jpg","contentUrl":"https:\/\/www.bellunopress.it\/wp-content\/uploads\/2011\/05\/cropped-logo-bellunopress-.jpg","width":512,"height":512,"caption":"Bellunopress"},"image":{"@id":"https:\/\/www.bellunopress.it\/#\/schema\/logo\/image\/"},"sameAs":["https:\/\/www.facebook.com\/profile.php?id=100008943462799","https:\/\/x.com\/bellunopress","https:\/\/www.linkedin.com\/hp\/?dnr=JBzUWaJfMUw8vbXJJ2tVW5-I3jZKvC4wsoxE&amp;amp;amp;amp;amp;amp;trk=nav_responsive_tab_home","https:\/\/www.youtube.com\/channel\/UCxL0wu1uN0_3_7hGG0306cw"]},{"@type":"Person","@id":"https:\/\/www.bellunopress.it\/#\/schema\/person\/79bb06722b37ece1c03d3e94beb30d73","name":"r\u00e9daction","image":{"@type":"ImageObject","inLanguage":"fr-FR","@id":"https:\/\/secure.gravatar.com\/avatar\/37d968a2e67a6fd04c169c4bdef102d0bc5d31b2546345219e348575eb80e9a0?s=96&d=mm&r=g","url":"https:\/\/secure.gravatar.com\/avatar\/37d968a2e67a6fd04c169c4bdef102d0bc5d31b2546345219e348575eb80e9a0?s=96&d=mm&r=g","contentUrl":"https:\/\/secure.gravatar.com\/avatar\/37d968a2e67a6fd04c169c4bdef102d0bc5d31b2546345219e348575eb80e9a0?s=96&d=mm&r=g","caption":"redazione"},"sameAs":["http:\/\/www.bellunopress.it","https:\/\/x.com\/bellunopress"],"url":"https:\/\/www.bellunopress.it\/fr\/author\/redazione\/"}]}},"_links":{"self":[{"href":"https:\/\/www.bellunopress.it\/fr\/wp-json\/wp\/v2\/posts\/145714","targetHints":{"allow":["GET"]}}],"collection":[{"href":"https:\/\/www.bellunopress.it\/fr\/wp-json\/wp\/v2\/posts"}],"about":[{"href":"https:\/\/www.bellunopress.it\/fr\/wp-json\/wp\/v2\/types\/post"}],"author":[{"embeddable":true,"href":"https:\/\/www.bellunopress.it\/fr\/wp-json\/wp\/v2\/users\/2"}],"replies":[{"embeddable":true,"href":"https:\/\/www.bellunopress.it\/fr\/wp-json\/wp\/v2\/comments?post=145714"}],"version-history":[{"count":2,"href":"https:\/\/www.bellunopress.it\/fr\/wp-json\/wp\/v2\/posts\/145714\/revisions"}],"predecessor-version":[{"id":145717,"href":"https:\/\/www.bellunopress.it\/fr\/wp-json\/wp\/v2\/posts\/145714\/revisions\/145717"}],"wp:featuredmedia":[{"embeddable":true,"href":"https:\/\/www.bellunopress.it\/fr\/wp-json\/wp\/v2\/media\/145715"}],"wp:attachment":[{"href":"https:\/\/www.bellunopress.it\/fr\/wp-json\/wp\/v2\/media?parent=145714"}],"wp:term":[{"taxonomy":"category","embeddable":true,"href":"https:\/\/www.bellunopress.it\/fr\/wp-json\/wp\/v2\/categories?post=145714"},{"taxonomy":"post_tag","embeddable":true,"href":"https:\/\/www.bellunopress.it\/fr\/wp-json\/wp\/v2\/tags?post=145714"}],"curies":[{"name":"wp","href":"https:\/\/api.w.org\/{rel}","templated":true}]}}