{"id":145708,"date":"2023-11-07T15:37:20","date_gmt":"2023-11-07T14:37:20","guid":{"rendered":"https:\/\/www.bellunopress.it\/?p=145708"},"modified":"2023-11-07T15:40:17","modified_gmt":"2023-11-07T14:40:17","slug":"belluno-bilancio-di-previsione-2024-de-pellegrin-mancano-2-milioni-sforzi-enormi-per-non-alzare-le-tasse","status":"publish","type":"post","link":"https:\/\/www.bellunopress.it\/fr\/2023\/11\/07\/belluno-bilancio-di-previsione-2024-de-pellegrin-mancano-2-milioni-sforzi-enormi-per-non-alzare-le-tasse\/","title":{"rendered":"Belluno, bilancio di previsione 2024. De Pellegrin: &#8220;Mancano 2 milioni, sforzi enormi per non alzare le tasse&#8221;"},"content":{"rendered":"<figure id=\"attachment_135245\" aria-describedby=\"caption-attachment-135245\" style=\"width: 803px\" class=\"wp-caption alignleft\"><img loading=\"lazy\" decoding=\"async\" class=\"size-full wp-image-135245\" src=\"https:\/\/www.bellunopress.it\/wp-content\/uploads\/2022\/07\/Oscar-De-Pellegrin-sindaco-di-Belluno_edited.jpg\" alt=\"\" width=\"803\" height=\"1000\" srcset=\"https:\/\/www.bellunopress.it\/wp-content\/uploads\/2022\/07\/Oscar-De-Pellegrin-sindaco-di-Belluno_edited.jpg 803w, https:\/\/www.bellunopress.it\/wp-content\/uploads\/2022\/07\/Oscar-De-Pellegrin-sindaco-di-Belluno_edited-402x500.jpg 402w, https:\/\/www.bellunopress.it\/wp-content\/uploads\/2022\/07\/Oscar-De-Pellegrin-sindaco-di-Belluno_edited-696x867.jpg 696w, https:\/\/www.bellunopress.it\/wp-content\/uploads\/2022\/07\/Oscar-De-Pellegrin-sindaco-di-Belluno_edited-337x420.jpg 337w\" sizes=\"auto, (max-width: 803px) 100vw, 803px\" \/><figcaption id=\"caption-attachment-135245\" class=\"wp-caption-text\">Oscar De Pellegrin, sindaco di Belluno<\/figcaption><\/figure>\n<p>Chiuso il bilancio previsionale 2024: per il Comune di Belluno, grandi difficolt\u00e0 a far quadrare i conti. E\u2019 infatti aumentato rispetto allo scorso anno il gap tra il costo complessivo dei servizi erogati dal Comune e le entrate a disposizione per la parte corrente perch\u00e9, al momento, mancano all\u2019appello circa 2 milioni di euro a causa dell\u2019aumento del costo dei servizi. \u201cE\u2019 stato condotto un lavoro certosino su ogni centro di costo, con limature minime, economie, analisi di spese, entrate e ricavi per far quadrare i conti e riuscire a chiudere il bilancio senza aumentare le tasse \u2013 commenta il sindaco, Oscar De Pellegrin -. Il problema, come lo scorso anno, \u00e8 nella parte corrente non in quella capitale. Banalmente, mancano i soldi per erogare i servizi; \u00e8 come quando nel bilancio famigliare manca la liquidit\u00e0 per le spese quotidiane, siamo in questa situazione. Non vogliamo tagliare servizi, \u00e8 fondamentale che il Comune continui a sostenere il cittadino anche in questo momento difficile, ci siamo limitati a ritoccare qualche tariffa\u201d.<\/p>\n<p>Ammontano a 29 milioni 500 mila euro le spese in capo al Comune ma, al momento, la disponibilit\u00e0 \u00e8 di poco pi\u00f9 di 27 milioni. I maggiori centri di costo sono: manutenzioni territorio ed edifici (1 milione 900), sociale e politiche educative (5 milioni 150 mila) e spese per il personale (9 milioni 400 mila). \u201cAbbiamo concentrato l\u2019attenzione sul settore sociale ritenendo fondamentale sostenere le famiglie in questo momento storico \u2013 aggiunge il Sindaco -, e sulle manutenzioni del territorio. Questi sono i due capitoli su cui non possiamo lesinare\u201d.<\/p>\n<p>Nessun aumento sul fronte Imu, solo una modifica del sostegno finora riservato ai negozi sfitti. Il parametro agevolato (0,46 anzich\u00e9 0,80) finora riservato ai negozi sfitti di via Psaro, sar\u00e0 spostato a beneficio di via Mezzaterra, dove al momento si contano diversi immobili vuoti. Di contro, si prevede qualche ritocco nella tassa di soggiorno dovuta dai turisti al territorio, tutti introiti che saranno investiti in iniziative a favore del turismo, e nelle tariffe dei parcheggi: a Lambioi l costo orario passer\u00e0 da 0,80 a 1.00, mentre l\u2019abbonamento dagli attuali 21 euro a 25; al Metropolis, parcheggio coperto adiacente la stazione, la tariffa passer\u00e0 da 0,90 a 1,20. \u201critocchi minimi, a fronte dei quali i cittadini presto potranno godere di servizi migliorati \u2013 aggiunge il primo cittadino -: a Lambioi verr\u00e0 installato il pagamento attraverso il telepass e, alla cassa, con bancomat o carta di credito. Un miglioramento necessario, che render\u00e0 l\u2019area ancora pi\u00f9 attrattiva e pi\u00f9 facilmente fruibile\u201d.<\/p>\n<p>Sono stati introdotti gli adeguamenti Istat invece, per quanto riguarda le tariffe edilizia, Suap, Sue ed urbanistica: i costi, fermi dal 2008, aumenteranno dal 16,7%. Sul fronte Irpef il Comune ha modificato gli scaglioni (che passano da 4 a 3) sulla base delle direttive del Governo. Per la fascia pi\u00f9 bassa (che ha accorpato le prime due) da tra 0 e 28 mila euro \u00e8 stata mantenuta l\u2019aliquota minima di 0,72% (con esenzione per Irpef fino a 10 mila euro), mentre per la seconda (da 28 mila a 50 mila euro) l\u2019aliquota passa da 0,78% a 0,80% esattamente come la terza. \u201cI Comuni attorno a noi da tempo hanno uniformato a 0,80 i due scaglioni, togliendo l\u2019aliquota intermedia \u2013 spiega il sindaco , per il singolo cittadino l\u2019aumento sar\u00e0 di pochi euro\u201d.<\/p>\n<p>\u201cAlle spese previste e inserite a bilancio, si aggiungono quelle impreviste \u2013 conclude il primo cittadino -, si guardi all\u2019ultima emergenza meteo per esempio: abbiamo stanziato in via d\u2019urgenza, con una variazione di bilancio, 70 mila euro per il ripristino della strada di Medil e il costo complessivo della gestione dell\u2019emergenza ha superato, per le giornate comprese tra il 30 ottobre e il 4 novembre, i 100 mila euro\u201d.<\/p>\n<p>\u201cAd ogni modo &#8211; conclude De Pellegrin &#8211; abbiamo chiuso un bilancio equilibrato, studiando all\u2019euro costi e distribuzione delle spese e assicurando in questo modo il mantenimento di tutti i servizi e delle manutenzioni necessarie al nostro territorio. Abbiamo riservato particolare attenzione alle fasce deboli, l\u2019Irpef \u00e8 rimasta invariata per il primo scaglione e al sociale abbiamo riservato la stessa cifra del 2023, anche se le disponibilit\u00e0 sono decisamente inferiori rispetto allo scorso anno. Contiamo nelle variazioni di bilancio che ci saranno nel corso del 2024 e sulle ulteriori economie che riusciremo ad ottenere\u201d.<\/p>\n<p>&nbsp;<\/p>\n<p>&nbsp;<\/p>\n<p>&nbsp;<\/p>\n<p>&nbsp;<\/p>\n<p>&nbsp;<\/p>\n<p>&nbsp;<\/p>\n<p>&nbsp;<\/p>\n<p>&nbsp;<\/p>","protected":false},"excerpt":{"rendered":"<p>Chiuso il bilancio previsionale 2024: per il Comune di Belluno, grandi difficolt\u00e0 a far quadrare i conti. E\u2019 infatti aumentato rispetto allo scorso anno il gap tra il costo complessivo dei servizi erogati dal Comune e le entrate a disposizione per la parte corrente perch\u00e9, al momento, mancano all\u2019appello circa 2 milioni di euro a [&hellip;]<\/p>\n","protected":false},"author":2,"featured_media":135245,"comment_status":"closed","ping_status":"open","sticky":false,"template":"","format":"standard","meta":{"footnotes":""},"categories":[5,26,8],"tags":[],"class_list":["post-145708","post","type-post","status-publish","format-standard","has-post-thumbnail","category-cronaca","category-prima-pagina","category-societa-istituzioni"],"yoast_head":"<!-- This site is optimized with the Yoast SEO plugin v28.4 - https:\/\/yoast.com\/product\/yoast-seo-wordpress\/ -->\n<title>Belluno, bilancio di previsione 2024. De Pellegrin: &quot;Mancano 2 milioni, sforzi enormi per non alzare le tasse&quot; - Bellunopress - Dolomiti<\/title>\n<meta name=\"robots\" content=\"index, follow, max-snippet:-1, max-image-preview:large, max-video-preview:-1\" \/>\n<link rel=\"canonical\" href=\"https:\/\/www.bellunopress.it\/fr\/2023\/11\/07\/belluno-bilancio-di-previsione-2024-de-pellegrin-mancano-2-milioni-sforzi-enormi-per-non-alzare-le-tasse\/\" \/>\n<meta property=\"og:locale\" content=\"fr_FR\" \/>\n<meta property=\"og:type\" content=\"article\" \/>\n<meta property=\"og:title\" content=\"Belluno, bilancio di previsione 2024. De Pellegrin: &quot;Mancano 2 milioni, sforzi enormi per non alzare le tasse&quot; - Bellunopress - Dolomiti\" \/>\n<meta property=\"og:description\" content=\"Chiuso il bilancio previsionale 2024: per il Comune di Belluno, grandi difficolt\u00e0 a far quadrare i conti. E\u2019 infatti aumentato rispetto allo scorso anno il gap tra il costo complessivo dei servizi erogati dal Comune e le entrate a disposizione per la parte corrente perch\u00e9, al momento, mancano all\u2019appello circa 2 milioni di euro a [&hellip;]\" \/>\n<meta property=\"og:url\" content=\"https:\/\/www.bellunopress.it\/fr\/2023\/11\/07\/belluno-bilancio-di-previsione-2024-de-pellegrin-mancano-2-milioni-sforzi-enormi-per-non-alzare-le-tasse\/\" \/>\n<meta property=\"og:site_name\" content=\"Bellunopress - Dolomiti\" \/>\n<meta property=\"article:publisher\" content=\"https:\/\/www.facebook.com\/profile.php?id=100008943462799\" \/>\n<meta property=\"article:published_time\" content=\"2023-11-07T14:37:20+00:00\" \/>\n<meta property=\"article:modified_time\" content=\"2023-11-07T14:40:17+00:00\" \/>\n<meta property=\"og:image\" content=\"https:\/\/www.bellunopress.it\/wp-content\/uploads\/2022\/07\/Oscar-De-Pellegrin-sindaco-di-Belluno_edited.jpg\" \/>\n\t<meta property=\"og:image:width\" content=\"803\" \/>\n\t<meta property=\"og:image:height\" content=\"1000\" \/>\n\t<meta property=\"og:image:type\" content=\"image\/jpeg\" \/>\n<meta name=\"author\" content=\"redazione\" \/>\n<meta name=\"twitter:card\" content=\"summary_large_image\" \/>\n<meta name=\"twitter:creator\" content=\"@bellunopress\" \/>\n<meta name=\"twitter:site\" content=\"@bellunopress\" \/>\n<meta name=\"twitter:label1\" content=\"Written by\" \/>\n\t<meta name=\"twitter:data1\" content=\"redazione\" \/>\n\t<meta name=\"twitter:label2\" content=\"Est. reading time\" \/>\n\t<meta name=\"twitter:data2\" content=\"3 minutes\" \/>\n<script type=\"application\/ld+json\" class=\"yoast-schema-graph\">{\"@context\":\"https:\\\/\\\/schema.org\",\"@graph\":[{\"@type\":\"Article\",\"@id\":\"https:\\\/\\\/www.bellunopress.it\\\/2023\\\/11\\\/07\\\/belluno-bilancio-di-previsione-2024-de-pellegrin-mancano-2-milioni-sforzi-enormi-per-non-alzare-le-tasse\\\/#article\",\"isPartOf\":{\"@id\":\"https:\\\/\\\/www.bellunopress.it\\\/2023\\\/11\\\/07\\\/belluno-bilancio-di-previsione-2024-de-pellegrin-mancano-2-milioni-sforzi-enormi-per-non-alzare-le-tasse\\\/\"},\"author\":{\"name\":\"redazione\",\"@id\":\"https:\\\/\\\/www.bellunopress.it\\\/#\\\/schema\\\/person\\\/79bb06722b37ece1c03d3e94beb30d73\"},\"headline\":\"Belluno, bilancio di previsione 2024. De Pellegrin: &#8220;Mancano 2 milioni, sforzi enormi per non alzare le tasse&#8221;\",\"datePublished\":\"2023-11-07T14:37:20+00:00\",\"dateModified\":\"2023-11-07T14:40:17+00:00\",\"mainEntityOfPage\":{\"@id\":\"https:\\\/\\\/www.bellunopress.it\\\/2023\\\/11\\\/07\\\/belluno-bilancio-di-previsione-2024-de-pellegrin-mancano-2-milioni-sforzi-enormi-per-non-alzare-le-tasse\\\/\"},\"wordCount\":713,\"publisher\":{\"@id\":\"https:\\\/\\\/www.bellunopress.it\\\/#organization\"},\"image\":{\"@id\":\"https:\\\/\\\/www.bellunopress.it\\\/2023\\\/11\\\/07\\\/belluno-bilancio-di-previsione-2024-de-pellegrin-mancano-2-milioni-sforzi-enormi-per-non-alzare-le-tasse\\\/#primaryimage\"},\"thumbnailUrl\":\"https:\\\/\\\/www.bellunopress.it\\\/wp-content\\\/uploads\\\/2022\\\/07\\\/Oscar-De-Pellegrin-sindaco-di-Belluno_edited.jpg\",\"articleSection\":[\"Cronaca\\\/Politica\",\"Prima Pagina\",\"Societ\u00e0, Associazioni, Istituzioni\"],\"inLanguage\":\"fr-FR\"},{\"@type\":\"WebPage\",\"@id\":\"https:\\\/\\\/www.bellunopress.it\\\/2023\\\/11\\\/07\\\/belluno-bilancio-di-previsione-2024-de-pellegrin-mancano-2-milioni-sforzi-enormi-per-non-alzare-le-tasse\\\/\",\"url\":\"https:\\\/\\\/www.bellunopress.it\\\/2023\\\/11\\\/07\\\/belluno-bilancio-di-previsione-2024-de-pellegrin-mancano-2-milioni-sforzi-enormi-per-non-alzare-le-tasse\\\/\",\"name\":\"Belluno, bilancio di previsione 2024. De Pellegrin: \\\"Mancano 2 milioni, sforzi enormi per non alzare le tasse\\\" - Bellunopress - Dolomiti\",\"isPartOf\":{\"@id\":\"https:\\\/\\\/www.bellunopress.it\\\/#website\"},\"primaryImageOfPage\":{\"@id\":\"https:\\\/\\\/www.bellunopress.it\\\/2023\\\/11\\\/07\\\/belluno-bilancio-di-previsione-2024-de-pellegrin-mancano-2-milioni-sforzi-enormi-per-non-alzare-le-tasse\\\/#primaryimage\"},\"image\":{\"@id\":\"https:\\\/\\\/www.bellunopress.it\\\/2023\\\/11\\\/07\\\/belluno-bilancio-di-previsione-2024-de-pellegrin-mancano-2-milioni-sforzi-enormi-per-non-alzare-le-tasse\\\/#primaryimage\"},\"thumbnailUrl\":\"https:\\\/\\\/www.bellunopress.it\\\/wp-content\\\/uploads\\\/2022\\\/07\\\/Oscar-De-Pellegrin-sindaco-di-Belluno_edited.jpg\",\"datePublished\":\"2023-11-07T14:37:20+00:00\",\"dateModified\":\"2023-11-07T14:40:17+00:00\",\"breadcrumb\":{\"@id\":\"https:\\\/\\\/www.bellunopress.it\\\/2023\\\/11\\\/07\\\/belluno-bilancio-di-previsione-2024-de-pellegrin-mancano-2-milioni-sforzi-enormi-per-non-alzare-le-tasse\\\/#breadcrumb\"},\"inLanguage\":\"fr-FR\",\"potentialAction\":[{\"@type\":\"ReadAction\",\"target\":[\"https:\\\/\\\/www.bellunopress.it\\\/2023\\\/11\\\/07\\\/belluno-bilancio-di-previsione-2024-de-pellegrin-mancano-2-milioni-sforzi-enormi-per-non-alzare-le-tasse\\\/\"]}]},{\"@type\":\"ImageObject\",\"inLanguage\":\"fr-FR\",\"@id\":\"https:\\\/\\\/www.bellunopress.it\\\/2023\\\/11\\\/07\\\/belluno-bilancio-di-previsione-2024-de-pellegrin-mancano-2-milioni-sforzi-enormi-per-non-alzare-le-tasse\\\/#primaryimage\",\"url\":\"https:\\\/\\\/www.bellunopress.it\\\/wp-content\\\/uploads\\\/2022\\\/07\\\/Oscar-De-Pellegrin-sindaco-di-Belluno_edited.jpg\",\"contentUrl\":\"https:\\\/\\\/www.bellunopress.it\\\/wp-content\\\/uploads\\\/2022\\\/07\\\/Oscar-De-Pellegrin-sindaco-di-Belluno_edited.jpg\",\"width\":803,\"height\":1000,\"caption\":\"Oscar De Pellegrin, sindaco di Belluno\"},{\"@type\":\"BreadcrumbList\",\"@id\":\"https:\\\/\\\/www.bellunopress.it\\\/2023\\\/11\\\/07\\\/belluno-bilancio-di-previsione-2024-de-pellegrin-mancano-2-milioni-sforzi-enormi-per-non-alzare-le-tasse\\\/#breadcrumb\",\"itemListElement\":[{\"@type\":\"ListItem\",\"position\":1,\"name\":\"Home\",\"item\":\"https:\\\/\\\/www.bellunopress.it\\\/\"},{\"@type\":\"ListItem\",\"position\":2,\"name\":\"Belluno, bilancio di previsione 2024. De Pellegrin: &#8220;Mancano 2 milioni, sforzi enormi per non alzare le tasse&#8221;\"}]},{\"@type\":\"WebSite\",\"@id\":\"https:\\\/\\\/www.bellunopress.it\\\/#website\",\"url\":\"https:\\\/\\\/www.bellunopress.it\\\/\",\"name\":\"Bellunopress - Dolomiti\",\"description\":\"e-mail: redazione@bellunopress.it\",\"publisher\":{\"@id\":\"https:\\\/\\\/www.bellunopress.it\\\/#organization\"},\"potentialAction\":[{\"@type\":\"SearchAction\",\"target\":{\"@type\":\"EntryPoint\",\"urlTemplate\":\"https:\\\/\\\/www.bellunopress.it\\\/?s={search_term_string}\"},\"query-input\":{\"@type\":\"PropertyValueSpecification\",\"valueRequired\":true,\"valueName\":\"search_term_string\"}}],\"inLanguage\":\"fr-FR\"},{\"@type\":\"Organization\",\"@id\":\"https:\\\/\\\/www.bellunopress.it\\\/#organization\",\"name\":\"Bellunopress\",\"url\":\"https:\\\/\\\/www.bellunopress.it\\\/\",\"logo\":{\"@type\":\"ImageObject\",\"inLanguage\":\"fr-FR\",\"@id\":\"https:\\\/\\\/www.bellunopress.it\\\/#\\\/schema\\\/logo\\\/image\\\/\",\"url\":\"https:\\\/\\\/www.bellunopress.it\\\/wp-content\\\/uploads\\\/2011\\\/05\\\/cropped-logo-bellunopress-.jpg\",\"contentUrl\":\"https:\\\/\\\/www.bellunopress.it\\\/wp-content\\\/uploads\\\/2011\\\/05\\\/cropped-logo-bellunopress-.jpg\",\"width\":512,\"height\":512,\"caption\":\"Bellunopress\"},\"image\":{\"@id\":\"https:\\\/\\\/www.bellunopress.it\\\/#\\\/schema\\\/logo\\\/image\\\/\"},\"sameAs\":[\"https:\\\/\\\/www.facebook.com\\\/profile.php?id=100008943462799\",\"https:\\\/\\\/x.com\\\/bellunopress\",\"https:\\\/\\\/www.linkedin.com\\\/hp\\\/?dnr=JBzUWaJfMUw8vbXJJ2tVW5-I3jZKvC4wsoxE&amp;amp;amp;amp;amp;amp;trk=nav_responsive_tab_home\",\"https:\\\/\\\/www.youtube.com\\\/channel\\\/UCxL0wu1uN0_3_7hGG0306cw\"]},{\"@type\":\"Person\",\"@id\":\"https:\\\/\\\/www.bellunopress.it\\\/#\\\/schema\\\/person\\\/79bb06722b37ece1c03d3e94beb30d73\",\"name\":\"redazione\",\"image\":{\"@type\":\"ImageObject\",\"inLanguage\":\"fr-FR\",\"@id\":\"https:\\\/\\\/secure.gravatar.com\\\/avatar\\\/37d968a2e67a6fd04c169c4bdef102d0bc5d31b2546345219e348575eb80e9a0?s=96&d=mm&r=g\",\"url\":\"https:\\\/\\\/secure.gravatar.com\\\/avatar\\\/37d968a2e67a6fd04c169c4bdef102d0bc5d31b2546345219e348575eb80e9a0?s=96&d=mm&r=g\",\"contentUrl\":\"https:\\\/\\\/secure.gravatar.com\\\/avatar\\\/37d968a2e67a6fd04c169c4bdef102d0bc5d31b2546345219e348575eb80e9a0?s=96&d=mm&r=g\",\"caption\":\"redazione\"},\"sameAs\":[\"http:\\\/\\\/www.bellunopress.it\",\"https:\\\/\\\/x.com\\\/bellunopress\"],\"url\":\"https:\\\/\\\/www.bellunopress.it\\\/fr\\\/author\\\/redazione\\\/\"}]}<\/script>\n<!-- \/ Yoast SEO plugin. -->","yoast_head_json":{"title":"Belluno, bilancio di previsione 2024. De Pellegrin: \"Mancano 2 milioni, sforzi enormi per non alzare le tasse\" - Bellunopress - Dolomiti","robots":{"index":"index","follow":"follow","max-snippet":"max-snippet:-1","max-image-preview":"max-image-preview:large","max-video-preview":"max-video-preview:-1"},"canonical":"https:\/\/www.bellunopress.it\/fr\/2023\/11\/07\/belluno-bilancio-di-previsione-2024-de-pellegrin-mancano-2-milioni-sforzi-enormi-per-non-alzare-le-tasse\/","og_locale":"fr_FR","og_type":"article","og_title":"Belluno, bilancio di previsione 2024. De Pellegrin: \"Mancano 2 milioni, sforzi enormi per non alzare le tasse\" - Bellunopress - Dolomiti","og_description":"Chiuso il bilancio previsionale 2024: per il Comune di Belluno, grandi difficolt\u00e0 a far quadrare i conti. E\u2019 infatti aumentato rispetto allo scorso anno il gap tra il costo complessivo dei servizi erogati dal Comune e le entrate a disposizione per la parte corrente perch\u00e9, al momento, mancano all\u2019appello circa 2 milioni di euro a [&hellip;]","og_url":"https:\/\/www.bellunopress.it\/fr\/2023\/11\/07\/belluno-bilancio-di-previsione-2024-de-pellegrin-mancano-2-milioni-sforzi-enormi-per-non-alzare-le-tasse\/","og_site_name":"Bellunopress - Dolomiti","article_publisher":"https:\/\/www.facebook.com\/profile.php?id=100008943462799","article_published_time":"2023-11-07T14:37:20+00:00","article_modified_time":"2023-11-07T14:40:17+00:00","og_image":[{"width":803,"height":1000,"url":"https:\/\/www.bellunopress.it\/wp-content\/uploads\/2022\/07\/Oscar-De-Pellegrin-sindaco-di-Belluno_edited.jpg","type":"image\/jpeg"}],"author":"redazione","twitter_card":"summary_large_image","twitter_creator":"@bellunopress","twitter_site":"@bellunopress","twitter_misc":{"Written by":"redazione","Est. reading time":"3 minutes"},"schema":{"@context":"https:\/\/schema.org","@graph":[{"@type":"Article","@id":"https:\/\/www.bellunopress.it\/2023\/11\/07\/belluno-bilancio-di-previsione-2024-de-pellegrin-mancano-2-milioni-sforzi-enormi-per-non-alzare-le-tasse\/#article","isPartOf":{"@id":"https:\/\/www.bellunopress.it\/2023\/11\/07\/belluno-bilancio-di-previsione-2024-de-pellegrin-mancano-2-milioni-sforzi-enormi-per-non-alzare-le-tasse\/"},"author":{"name":"redazione","@id":"https:\/\/www.bellunopress.it\/#\/schema\/person\/79bb06722b37ece1c03d3e94beb30d73"},"headline":"Belluno, bilancio di previsione 2024. De Pellegrin: &#8220;Mancano 2 milioni, sforzi enormi per non alzare le tasse&#8221;","datePublished":"2023-11-07T14:37:20+00:00","dateModified":"2023-11-07T14:40:17+00:00","mainEntityOfPage":{"@id":"https:\/\/www.bellunopress.it\/2023\/11\/07\/belluno-bilancio-di-previsione-2024-de-pellegrin-mancano-2-milioni-sforzi-enormi-per-non-alzare-le-tasse\/"},"wordCount":713,"publisher":{"@id":"https:\/\/www.bellunopress.it\/#organization"},"image":{"@id":"https:\/\/www.bellunopress.it\/2023\/11\/07\/belluno-bilancio-di-previsione-2024-de-pellegrin-mancano-2-milioni-sforzi-enormi-per-non-alzare-le-tasse\/#primaryimage"},"thumbnailUrl":"https:\/\/www.bellunopress.it\/wp-content\/uploads\/2022\/07\/Oscar-De-Pellegrin-sindaco-di-Belluno_edited.jpg","articleSection":["Cronaca\/Politica","Prima Pagina","Societ\u00e0, Associazioni, Istituzioni"],"inLanguage":"fr-FR"},{"@type":"WebPage","@id":"https:\/\/www.bellunopress.it\/2023\/11\/07\/belluno-bilancio-di-previsione-2024-de-pellegrin-mancano-2-milioni-sforzi-enormi-per-non-alzare-le-tasse\/","url":"https:\/\/www.bellunopress.it\/2023\/11\/07\/belluno-bilancio-di-previsione-2024-de-pellegrin-mancano-2-milioni-sforzi-enormi-per-non-alzare-le-tasse\/","name":"Belluno, bilancio di previsione 2024. De Pellegrin: \"Mancano 2 milioni, sforzi enormi per non alzare le tasse\" - Bellunopress - Dolomiti","isPartOf":{"@id":"https:\/\/www.bellunopress.it\/#website"},"primaryImageOfPage":{"@id":"https:\/\/www.bellunopress.it\/2023\/11\/07\/belluno-bilancio-di-previsione-2024-de-pellegrin-mancano-2-milioni-sforzi-enormi-per-non-alzare-le-tasse\/#primaryimage"},"image":{"@id":"https:\/\/www.bellunopress.it\/2023\/11\/07\/belluno-bilancio-di-previsione-2024-de-pellegrin-mancano-2-milioni-sforzi-enormi-per-non-alzare-le-tasse\/#primaryimage"},"thumbnailUrl":"https:\/\/www.bellunopress.it\/wp-content\/uploads\/2022\/07\/Oscar-De-Pellegrin-sindaco-di-Belluno_edited.jpg","datePublished":"2023-11-07T14:37:20+00:00","dateModified":"2023-11-07T14:40:17+00:00","breadcrumb":{"@id":"https:\/\/www.bellunopress.it\/2023\/11\/07\/belluno-bilancio-di-previsione-2024-de-pellegrin-mancano-2-milioni-sforzi-enormi-per-non-alzare-le-tasse\/#breadcrumb"},"inLanguage":"fr-FR","potentialAction":[{"@type":"ReadAction","target":["https:\/\/www.bellunopress.it\/2023\/11\/07\/belluno-bilancio-di-previsione-2024-de-pellegrin-mancano-2-milioni-sforzi-enormi-per-non-alzare-le-tasse\/"]}]},{"@type":"ImageObject","inLanguage":"fr-FR","@id":"https:\/\/www.bellunopress.it\/2023\/11\/07\/belluno-bilancio-di-previsione-2024-de-pellegrin-mancano-2-milioni-sforzi-enormi-per-non-alzare-le-tasse\/#primaryimage","url":"https:\/\/www.bellunopress.it\/wp-content\/uploads\/2022\/07\/Oscar-De-Pellegrin-sindaco-di-Belluno_edited.jpg","contentUrl":"https:\/\/www.bellunopress.it\/wp-content\/uploads\/2022\/07\/Oscar-De-Pellegrin-sindaco-di-Belluno_edited.jpg","width":803,"height":1000,"caption":"Oscar De Pellegrin, sindaco di Belluno"},{"@type":"BreadcrumbList","@id":"https:\/\/www.bellunopress.it\/2023\/11\/07\/belluno-bilancio-di-previsione-2024-de-pellegrin-mancano-2-milioni-sforzi-enormi-per-non-alzare-le-tasse\/#breadcrumb","itemListElement":[{"@type":"ListItem","position":1,"name":"Home","item":"https:\/\/www.bellunopress.it\/"},{"@type":"ListItem","position":2,"name":"Belluno, bilancio di previsione 2024. De Pellegrin: &#8220;Mancano 2 milioni, sforzi enormi per non alzare le tasse&#8221;"}]},{"@type":"WebSite","@id":"https:\/\/www.bellunopress.it\/#website","url":"https:\/\/www.bellunopress.it\/","name":"Bellunopress - Dolomiti","description":"e-mail: redazione@bellunopress.it","publisher":{"@id":"https:\/\/www.bellunopress.it\/#organization"},"potentialAction":[{"@type":"SearchAction","target":{"@type":"EntryPoint","urlTemplate":"https:\/\/www.bellunopress.it\/?s={search_term_string}"},"query-input":{"@type":"PropertyValueSpecification","valueRequired":true,"valueName":"search_term_string"}}],"inLanguage":"fr-FR"},{"@type":"Organization","@id":"https:\/\/www.bellunopress.it\/#organization","name":"Bellunopress","url":"https:\/\/www.bellunopress.it\/","logo":{"@type":"ImageObject","inLanguage":"fr-FR","@id":"https:\/\/www.bellunopress.it\/#\/schema\/logo\/image\/","url":"https:\/\/www.bellunopress.it\/wp-content\/uploads\/2011\/05\/cropped-logo-bellunopress-.jpg","contentUrl":"https:\/\/www.bellunopress.it\/wp-content\/uploads\/2011\/05\/cropped-logo-bellunopress-.jpg","width":512,"height":512,"caption":"Bellunopress"},"image":{"@id":"https:\/\/www.bellunopress.it\/#\/schema\/logo\/image\/"},"sameAs":["https:\/\/www.facebook.com\/profile.php?id=100008943462799","https:\/\/x.com\/bellunopress","https:\/\/www.linkedin.com\/hp\/?dnr=JBzUWaJfMUw8vbXJJ2tVW5-I3jZKvC4wsoxE&amp;amp;amp;amp;amp;amp;trk=nav_responsive_tab_home","https:\/\/www.youtube.com\/channel\/UCxL0wu1uN0_3_7hGG0306cw"]},{"@type":"Person","@id":"https:\/\/www.bellunopress.it\/#\/schema\/person\/79bb06722b37ece1c03d3e94beb30d73","name":"r\u00e9daction","image":{"@type":"ImageObject","inLanguage":"fr-FR","@id":"https:\/\/secure.gravatar.com\/avatar\/37d968a2e67a6fd04c169c4bdef102d0bc5d31b2546345219e348575eb80e9a0?s=96&d=mm&r=g","url":"https:\/\/secure.gravatar.com\/avatar\/37d968a2e67a6fd04c169c4bdef102d0bc5d31b2546345219e348575eb80e9a0?s=96&d=mm&r=g","contentUrl":"https:\/\/secure.gravatar.com\/avatar\/37d968a2e67a6fd04c169c4bdef102d0bc5d31b2546345219e348575eb80e9a0?s=96&d=mm&r=g","caption":"redazione"},"sameAs":["http:\/\/www.bellunopress.it","https:\/\/x.com\/bellunopress"],"url":"https:\/\/www.bellunopress.it\/fr\/author\/redazione\/"}]}},"_links":{"self":[{"href":"https:\/\/www.bellunopress.it\/fr\/wp-json\/wp\/v2\/posts\/145708","targetHints":{"allow":["GET"]}}],"collection":[{"href":"https:\/\/www.bellunopress.it\/fr\/wp-json\/wp\/v2\/posts"}],"about":[{"href":"https:\/\/www.bellunopress.it\/fr\/wp-json\/wp\/v2\/types\/post"}],"author":[{"embeddable":true,"href":"https:\/\/www.bellunopress.it\/fr\/wp-json\/wp\/v2\/users\/2"}],"replies":[{"embeddable":true,"href":"https:\/\/www.bellunopress.it\/fr\/wp-json\/wp\/v2\/comments?post=145708"}],"version-history":[{"count":2,"href":"https:\/\/www.bellunopress.it\/fr\/wp-json\/wp\/v2\/posts\/145708\/revisions"}],"predecessor-version":[{"id":145710,"href":"https:\/\/www.bellunopress.it\/fr\/wp-json\/wp\/v2\/posts\/145708\/revisions\/145710"}],"wp:featuredmedia":[{"embeddable":true,"href":"https:\/\/www.bellunopress.it\/fr\/wp-json\/wp\/v2\/media\/135245"}],"wp:attachment":[{"href":"https:\/\/www.bellunopress.it\/fr\/wp-json\/wp\/v2\/media?parent=145708"}],"wp:term":[{"taxonomy":"category","embeddable":true,"href":"https:\/\/www.bellunopress.it\/fr\/wp-json\/wp\/v2\/categories?post=145708"},{"taxonomy":"post_tag","embeddable":true,"href":"https:\/\/www.bellunopress.it\/fr\/wp-json\/wp\/v2\/tags?post=145708"}],"curies":[{"name":"wp","href":"https:\/\/api.w.org\/{rel}","templated":true}]}}