{"id":145706,"date":"2023-11-07T14:32:59","date_gmt":"2023-11-07T13:32:59","guid":{"rendered":"https:\/\/www.bellunopress.it\/?p=145706"},"modified":"2023-11-07T15:47:53","modified_gmt":"2023-11-07T14:47:53","slug":"diritto-e-dovere-dellinformazione-il-comune-di-belluno-si-dimentica-dei-giornalisti-assostampa-sconcertata","status":"publish","type":"post","link":"https:\/\/www.bellunopress.it\/fr\/2023\/11\/07\/diritto-e-dovere-dellinformazione-il-comune-di-belluno-si-dimentica-dei-giornalisti-assostampa-sconcertata\/","title":{"rendered":"Diritto e dovere dell&#8217;informazione. Il Comune di Belluno &#8220;si dimentica&#8221; dei giornalisti. Interviene Assostampa, Richiesta accolta"},"content":{"rendered":"<p>Il Comune ha prontamente accolto le osservazioni di Assostampa, Apprendiamo che, come di consueto, sono stati riservati i posti per la stampa.<\/p>\n<p><img loading=\"lazy\" decoding=\"async\" class=\"alignleft size-full wp-image-139820\" src=\"https:\/\/www.bellunopress.it\/wp-content\/uploads\/2023\/02\/Assostampa_edited.jpg\" alt=\"\" width=\"452\" height=\"111\" \/>Assostampa Belluno apprende con profondo stupore che per l&#8217;evento di intitolazione del Teatro Comunale cittadino a Dino Buzzati, organizzato dal Comune di Belluno nel cinquantesimo della morte dello scrittore e giornalista bellunese, si richiede la prenotazione di un posto a teatro anche per i giornalisti. Non \u00e8 stato evidentemente ritenuto necessario riservare un posto per gli organi di informazione, come abitualmente avviene in occasione dei grandi eventi che interessano la comunit\u00e0. Parliamo di una decina di poltrone, non dell&#8217;intera platea. Ricordando il diritto dovere di cronaca che \u00e8 alla base dell&#8217;attivit\u00e0 giornalistica, e il ruolo dei mass media nel raccontare al pubblico che non potr\u00e0 essere presente al teatro comunale l&#8217;evento, Assostampa Belluno si stupisce per la clamorosa &#8220;svista&#8221; (augurandosi che di questo si tratti) e stigmatizza il comportamento del Comune di Belluno auspicando non abbia a ripetersi in futuro.<\/p>","protected":false},"excerpt":{"rendered":"<p>Il Comune ha prontamente accolto le osservazioni di Assostampa, Apprendiamo che, come di consueto, sono stati riservati i posti per la stampa. Assostampa Belluno apprende con profondo stupore che per l&#8217;evento di intitolazione del Teatro Comunale cittadino a Dino Buzzati, organizzato dal Comune di Belluno nel cinquantesimo della morte dello scrittore e giornalista bellunese, si [&hellip;]<\/p>\n","protected":false},"author":2,"featured_media":108723,"comment_status":"closed","ping_status":"open","sticky":false,"template":"","format":"standard","meta":{"footnotes":""},"categories":[5,26,8],"tags":[],"class_list":["post-145706","post","type-post","status-publish","format-standard","has-post-thumbnail","category-cronaca","category-prima-pagina","category-societa-istituzioni"],"yoast_head":"<!-- This site is optimized with the Yoast SEO plugin v28.4 - https:\/\/yoast.com\/product\/yoast-seo-wordpress\/ -->\n<title>Diritto e dovere dell&#039;informazione. Il Comune di Belluno &quot;si dimentica&quot; dei giornalisti. Interviene Assostampa, Richiesta accolta - Bellunopress - Dolomiti<\/title>\n<meta name=\"robots\" content=\"index, follow, max-snippet:-1, max-image-preview:large, max-video-preview:-1\" \/>\n<link rel=\"canonical\" href=\"https:\/\/www.bellunopress.it\/fr\/2023\/11\/07\/diritto-e-dovere-dellinformazione-il-comune-di-belluno-si-dimentica-dei-giornalisti-assostampa-sconcertata\/\" \/>\n<meta property=\"og:locale\" content=\"fr_FR\" \/>\n<meta property=\"og:type\" content=\"article\" \/>\n<meta property=\"og:title\" content=\"Diritto e dovere dell&#039;informazione. Il Comune di Belluno &quot;si dimentica&quot; dei giornalisti. Interviene Assostampa, Richiesta accolta - Bellunopress - Dolomiti\" \/>\n<meta property=\"og:description\" content=\"Il Comune ha prontamente accolto le osservazioni di Assostampa, Apprendiamo che, come di consueto, sono stati riservati i posti per la stampa. Assostampa Belluno apprende con profondo stupore che per l&#8217;evento di intitolazione del Teatro Comunale cittadino a Dino Buzzati, organizzato dal Comune di Belluno nel cinquantesimo della morte dello scrittore e giornalista bellunese, si [&hellip;]\" \/>\n<meta property=\"og:url\" content=\"https:\/\/www.bellunopress.it\/fr\/2023\/11\/07\/diritto-e-dovere-dellinformazione-il-comune-di-belluno-si-dimentica-dei-giornalisti-assostampa-sconcertata\/\" \/>\n<meta property=\"og:site_name\" content=\"Bellunopress - Dolomiti\" \/>\n<meta property=\"article:publisher\" content=\"https:\/\/www.facebook.com\/profile.php?id=100008943462799\" \/>\n<meta property=\"article:published_time\" content=\"2023-11-07T13:32:59+00:00\" \/>\n<meta property=\"article:modified_time\" content=\"2023-11-07T14:47:53+00:00\" \/>\n<meta property=\"og:image\" content=\"https:\/\/www.bellunopress.it\/wp-content\/uploads\/2019\/10\/Pioggia-teatro-comunale.jpg\" \/>\n\t<meta property=\"og:image:width\" content=\"300\" \/>\n\t<meta property=\"og:image:height\" content=\"225\" \/>\n\t<meta property=\"og:image:type\" content=\"image\/jpeg\" \/>\n<meta name=\"author\" content=\"redazione\" \/>\n<meta name=\"twitter:card\" content=\"summary_large_image\" \/>\n<meta name=\"twitter:creator\" content=\"@bellunopress\" \/>\n<meta name=\"twitter:site\" content=\"@bellunopress\" \/>\n<meta name=\"twitter:label1\" content=\"\u00c9crit par\" \/>\n\t<meta name=\"twitter:data1\" content=\"redazione\" \/>\n\t<meta name=\"twitter:label2\" content=\"Dur\u00e9e de lecture estim\u00e9e\" \/>\n\t<meta name=\"twitter:data2\" content=\"1 minute\" \/>\n<script type=\"application\/ld+json\" class=\"yoast-schema-graph\">{\"@context\":\"https:\\\/\\\/schema.org\",\"@graph\":[{\"@type\":\"Article\",\"@id\":\"https:\\\/\\\/www.bellunopress.it\\\/2023\\\/11\\\/07\\\/diritto-e-dovere-dellinformazione-il-comune-di-belluno-si-dimentica-dei-giornalisti-assostampa-sconcertata\\\/#article\",\"isPartOf\":{\"@id\":\"https:\\\/\\\/www.bellunopress.it\\\/2023\\\/11\\\/07\\\/diritto-e-dovere-dellinformazione-il-comune-di-belluno-si-dimentica-dei-giornalisti-assostampa-sconcertata\\\/\"},\"author\":{\"name\":\"redazione\",\"@id\":\"https:\\\/\\\/www.bellunopress.it\\\/#\\\/schema\\\/person\\\/79bb06722b37ece1c03d3e94beb30d73\"},\"headline\":\"Diritto e dovere dell&#8217;informazione. Il Comune di Belluno &#8220;si dimentica&#8221; dei giornalisti. Interviene Assostampa, Richiesta accolta\",\"datePublished\":\"2023-11-07T13:32:59+00:00\",\"dateModified\":\"2023-11-07T14:47:53+00:00\",\"mainEntityOfPage\":{\"@id\":\"https:\\\/\\\/www.bellunopress.it\\\/2023\\\/11\\\/07\\\/diritto-e-dovere-dellinformazione-il-comune-di-belluno-si-dimentica-dei-giornalisti-assostampa-sconcertata\\\/\"},\"wordCount\":181,\"publisher\":{\"@id\":\"https:\\\/\\\/www.bellunopress.it\\\/#organization\"},\"image\":{\"@id\":\"https:\\\/\\\/www.bellunopress.it\\\/2023\\\/11\\\/07\\\/diritto-e-dovere-dellinformazione-il-comune-di-belluno-si-dimentica-dei-giornalisti-assostampa-sconcertata\\\/#primaryimage\"},\"thumbnailUrl\":\"https:\\\/\\\/www.bellunopress.it\\\/wp-content\\\/uploads\\\/2019\\\/10\\\/Pioggia-teatro-comunale.jpg\",\"articleSection\":[\"Cronaca\\\/Politica\",\"Prima Pagina\",\"Societ\u00e0, Associazioni, Istituzioni\"],\"inLanguage\":\"fr-FR\"},{\"@type\":\"WebPage\",\"@id\":\"https:\\\/\\\/www.bellunopress.it\\\/2023\\\/11\\\/07\\\/diritto-e-dovere-dellinformazione-il-comune-di-belluno-si-dimentica-dei-giornalisti-assostampa-sconcertata\\\/\",\"url\":\"https:\\\/\\\/www.bellunopress.it\\\/2023\\\/11\\\/07\\\/diritto-e-dovere-dellinformazione-il-comune-di-belluno-si-dimentica-dei-giornalisti-assostampa-sconcertata\\\/\",\"name\":\"Diritto e dovere dell'informazione. Il Comune di Belluno \\\"si dimentica\\\" dei giornalisti. Interviene Assostampa, Richiesta accolta - Bellunopress - Dolomiti\",\"isPartOf\":{\"@id\":\"https:\\\/\\\/www.bellunopress.it\\\/#website\"},\"primaryImageOfPage\":{\"@id\":\"https:\\\/\\\/www.bellunopress.it\\\/2023\\\/11\\\/07\\\/diritto-e-dovere-dellinformazione-il-comune-di-belluno-si-dimentica-dei-giornalisti-assostampa-sconcertata\\\/#primaryimage\"},\"image\":{\"@id\":\"https:\\\/\\\/www.bellunopress.it\\\/2023\\\/11\\\/07\\\/diritto-e-dovere-dellinformazione-il-comune-di-belluno-si-dimentica-dei-giornalisti-assostampa-sconcertata\\\/#primaryimage\"},\"thumbnailUrl\":\"https:\\\/\\\/www.bellunopress.it\\\/wp-content\\\/uploads\\\/2019\\\/10\\\/Pioggia-teatro-comunale.jpg\",\"datePublished\":\"2023-11-07T13:32:59+00:00\",\"dateModified\":\"2023-11-07T14:47:53+00:00\",\"breadcrumb\":{\"@id\":\"https:\\\/\\\/www.bellunopress.it\\\/2023\\\/11\\\/07\\\/diritto-e-dovere-dellinformazione-il-comune-di-belluno-si-dimentica-dei-giornalisti-assostampa-sconcertata\\\/#breadcrumb\"},\"inLanguage\":\"fr-FR\",\"potentialAction\":[{\"@type\":\"ReadAction\",\"target\":[\"https:\\\/\\\/www.bellunopress.it\\\/2023\\\/11\\\/07\\\/diritto-e-dovere-dellinformazione-il-comune-di-belluno-si-dimentica-dei-giornalisti-assostampa-sconcertata\\\/\"]}]},{\"@type\":\"ImageObject\",\"inLanguage\":\"fr-FR\",\"@id\":\"https:\\\/\\\/www.bellunopress.it\\\/2023\\\/11\\\/07\\\/diritto-e-dovere-dellinformazione-il-comune-di-belluno-si-dimentica-dei-giornalisti-assostampa-sconcertata\\\/#primaryimage\",\"url\":\"https:\\\/\\\/www.bellunopress.it\\\/wp-content\\\/uploads\\\/2019\\\/10\\\/Pioggia-teatro-comunale.jpg\",\"contentUrl\":\"https:\\\/\\\/www.bellunopress.it\\\/wp-content\\\/uploads\\\/2019\\\/10\\\/Pioggia-teatro-comunale.jpg\",\"width\":300,\"height\":225,\"caption\":\"Teatro Comunale di Belluno\"},{\"@type\":\"BreadcrumbList\",\"@id\":\"https:\\\/\\\/www.bellunopress.it\\\/2023\\\/11\\\/07\\\/diritto-e-dovere-dellinformazione-il-comune-di-belluno-si-dimentica-dei-giornalisti-assostampa-sconcertata\\\/#breadcrumb\",\"itemListElement\":[{\"@type\":\"ListItem\",\"position\":1,\"name\":\"Home\",\"item\":\"https:\\\/\\\/www.bellunopress.it\\\/\"},{\"@type\":\"ListItem\",\"position\":2,\"name\":\"Diritto e dovere dell&#8217;informazione. Il Comune di Belluno &#8220;si dimentica&#8221; dei giornalisti. Interviene Assostampa, Richiesta accolta\"}]},{\"@type\":\"WebSite\",\"@id\":\"https:\\\/\\\/www.bellunopress.it\\\/#website\",\"url\":\"https:\\\/\\\/www.bellunopress.it\\\/\",\"name\":\"Bellunopress - Dolomiti\",\"description\":\"e-mail: redazione@bellunopress.it\",\"publisher\":{\"@id\":\"https:\\\/\\\/www.bellunopress.it\\\/#organization\"},\"potentialAction\":[{\"@type\":\"SearchAction\",\"target\":{\"@type\":\"EntryPoint\",\"urlTemplate\":\"https:\\\/\\\/www.bellunopress.it\\\/?s={search_term_string}\"},\"query-input\":{\"@type\":\"PropertyValueSpecification\",\"valueRequired\":true,\"valueName\":\"search_term_string\"}}],\"inLanguage\":\"fr-FR\"},{\"@type\":\"Organization\",\"@id\":\"https:\\\/\\\/www.bellunopress.it\\\/#organization\",\"name\":\"Bellunopress\",\"url\":\"https:\\\/\\\/www.bellunopress.it\\\/\",\"logo\":{\"@type\":\"ImageObject\",\"inLanguage\":\"fr-FR\",\"@id\":\"https:\\\/\\\/www.bellunopress.it\\\/#\\\/schema\\\/logo\\\/image\\\/\",\"url\":\"https:\\\/\\\/www.bellunopress.it\\\/wp-content\\\/uploads\\\/2011\\\/05\\\/cropped-logo-bellunopress-.jpg\",\"contentUrl\":\"https:\\\/\\\/www.bellunopress.it\\\/wp-content\\\/uploads\\\/2011\\\/05\\\/cropped-logo-bellunopress-.jpg\",\"width\":512,\"height\":512,\"caption\":\"Bellunopress\"},\"image\":{\"@id\":\"https:\\\/\\\/www.bellunopress.it\\\/#\\\/schema\\\/logo\\\/image\\\/\"},\"sameAs\":[\"https:\\\/\\\/www.facebook.com\\\/profile.php?id=100008943462799\",\"https:\\\/\\\/x.com\\\/bellunopress\",\"https:\\\/\\\/www.linkedin.com\\\/hp\\\/?dnr=JBzUWaJfMUw8vbXJJ2tVW5-I3jZKvC4wsoxE&amp;amp;amp;amp;amp;amp;trk=nav_responsive_tab_home\",\"https:\\\/\\\/www.youtube.com\\\/channel\\\/UCxL0wu1uN0_3_7hGG0306cw\"]},{\"@type\":\"Person\",\"@id\":\"https:\\\/\\\/www.bellunopress.it\\\/#\\\/schema\\\/person\\\/79bb06722b37ece1c03d3e94beb30d73\",\"name\":\"redazione\",\"image\":{\"@type\":\"ImageObject\",\"inLanguage\":\"fr-FR\",\"@id\":\"https:\\\/\\\/secure.gravatar.com\\\/avatar\\\/37d968a2e67a6fd04c169c4bdef102d0bc5d31b2546345219e348575eb80e9a0?s=96&d=mm&r=g\",\"url\":\"https:\\\/\\\/secure.gravatar.com\\\/avatar\\\/37d968a2e67a6fd04c169c4bdef102d0bc5d31b2546345219e348575eb80e9a0?s=96&d=mm&r=g\",\"contentUrl\":\"https:\\\/\\\/secure.gravatar.com\\\/avatar\\\/37d968a2e67a6fd04c169c4bdef102d0bc5d31b2546345219e348575eb80e9a0?s=96&d=mm&r=g\",\"caption\":\"redazione\"},\"sameAs\":[\"http:\\\/\\\/www.bellunopress.it\",\"https:\\\/\\\/x.com\\\/bellunopress\"],\"url\":\"https:\\\/\\\/www.bellunopress.it\\\/fr\\\/author\\\/redazione\\\/\"}]}<\/script>\n<!-- \/ Yoast SEO plugin. -->","yoast_head_json":{"title":"Diritto e dovere dell'informazione. Il Comune di Belluno \"si dimentica\" dei giornalisti. Interviene Assostampa, Richiesta accolta - Bellunopress - Dolomiti","robots":{"index":"index","follow":"follow","max-snippet":"max-snippet:-1","max-image-preview":"max-image-preview:large","max-video-preview":"max-video-preview:-1"},"canonical":"https:\/\/www.bellunopress.it\/fr\/2023\/11\/07\/diritto-e-dovere-dellinformazione-il-comune-di-belluno-si-dimentica-dei-giornalisti-assostampa-sconcertata\/","og_locale":"fr_FR","og_type":"article","og_title":"Diritto e dovere dell'informazione. Il Comune di Belluno \"si dimentica\" dei giornalisti. Interviene Assostampa, Richiesta accolta - Bellunopress - Dolomiti","og_description":"Il Comune ha prontamente accolto le osservazioni di Assostampa, Apprendiamo che, come di consueto, sono stati riservati i posti per la stampa. Assostampa Belluno apprende con profondo stupore che per l&#8217;evento di intitolazione del Teatro Comunale cittadino a Dino Buzzati, organizzato dal Comune di Belluno nel cinquantesimo della morte dello scrittore e giornalista bellunese, si [&hellip;]","og_url":"https:\/\/www.bellunopress.it\/fr\/2023\/11\/07\/diritto-e-dovere-dellinformazione-il-comune-di-belluno-si-dimentica-dei-giornalisti-assostampa-sconcertata\/","og_site_name":"Bellunopress - Dolomiti","article_publisher":"https:\/\/www.facebook.com\/profile.php?id=100008943462799","article_published_time":"2023-11-07T13:32:59+00:00","article_modified_time":"2023-11-07T14:47:53+00:00","og_image":[{"width":300,"height":225,"url":"https:\/\/www.bellunopress.it\/wp-content\/uploads\/2019\/10\/Pioggia-teatro-comunale.jpg","type":"image\/jpeg"}],"author":"redazione","twitter_card":"summary_large_image","twitter_creator":"@bellunopress","twitter_site":"@bellunopress","twitter_misc":{"\u00c9crit par":"redazione","Dur\u00e9e de lecture estim\u00e9e":"1 minute"},"schema":{"@context":"https:\/\/schema.org","@graph":[{"@type":"Article","@id":"https:\/\/www.bellunopress.it\/2023\/11\/07\/diritto-e-dovere-dellinformazione-il-comune-di-belluno-si-dimentica-dei-giornalisti-assostampa-sconcertata\/#article","isPartOf":{"@id":"https:\/\/www.bellunopress.it\/2023\/11\/07\/diritto-e-dovere-dellinformazione-il-comune-di-belluno-si-dimentica-dei-giornalisti-assostampa-sconcertata\/"},"author":{"name":"redazione","@id":"https:\/\/www.bellunopress.it\/#\/schema\/person\/79bb06722b37ece1c03d3e94beb30d73"},"headline":"Diritto e dovere dell&#8217;informazione. Il Comune di Belluno &#8220;si dimentica&#8221; dei giornalisti. Interviene Assostampa, Richiesta accolta","datePublished":"2023-11-07T13:32:59+00:00","dateModified":"2023-11-07T14:47:53+00:00","mainEntityOfPage":{"@id":"https:\/\/www.bellunopress.it\/2023\/11\/07\/diritto-e-dovere-dellinformazione-il-comune-di-belluno-si-dimentica-dei-giornalisti-assostampa-sconcertata\/"},"wordCount":181,"publisher":{"@id":"https:\/\/www.bellunopress.it\/#organization"},"image":{"@id":"https:\/\/www.bellunopress.it\/2023\/11\/07\/diritto-e-dovere-dellinformazione-il-comune-di-belluno-si-dimentica-dei-giornalisti-assostampa-sconcertata\/#primaryimage"},"thumbnailUrl":"https:\/\/www.bellunopress.it\/wp-content\/uploads\/2019\/10\/Pioggia-teatro-comunale.jpg","articleSection":["Cronaca\/Politica","Prima Pagina","Societ\u00e0, Associazioni, Istituzioni"],"inLanguage":"fr-FR"},{"@type":"WebPage","@id":"https:\/\/www.bellunopress.it\/2023\/11\/07\/diritto-e-dovere-dellinformazione-il-comune-di-belluno-si-dimentica-dei-giornalisti-assostampa-sconcertata\/","url":"https:\/\/www.bellunopress.it\/2023\/11\/07\/diritto-e-dovere-dellinformazione-il-comune-di-belluno-si-dimentica-dei-giornalisti-assostampa-sconcertata\/","name":"Diritto e dovere dell'informazione. Il Comune di Belluno \"si dimentica\" dei giornalisti. Interviene Assostampa, Richiesta accolta - Bellunopress - Dolomiti","isPartOf":{"@id":"https:\/\/www.bellunopress.it\/#website"},"primaryImageOfPage":{"@id":"https:\/\/www.bellunopress.it\/2023\/11\/07\/diritto-e-dovere-dellinformazione-il-comune-di-belluno-si-dimentica-dei-giornalisti-assostampa-sconcertata\/#primaryimage"},"image":{"@id":"https:\/\/www.bellunopress.it\/2023\/11\/07\/diritto-e-dovere-dellinformazione-il-comune-di-belluno-si-dimentica-dei-giornalisti-assostampa-sconcertata\/#primaryimage"},"thumbnailUrl":"https:\/\/www.bellunopress.it\/wp-content\/uploads\/2019\/10\/Pioggia-teatro-comunale.jpg","datePublished":"2023-11-07T13:32:59+00:00","dateModified":"2023-11-07T14:47:53+00:00","breadcrumb":{"@id":"https:\/\/www.bellunopress.it\/2023\/11\/07\/diritto-e-dovere-dellinformazione-il-comune-di-belluno-si-dimentica-dei-giornalisti-assostampa-sconcertata\/#breadcrumb"},"inLanguage":"fr-FR","potentialAction":[{"@type":"ReadAction","target":["https:\/\/www.bellunopress.it\/2023\/11\/07\/diritto-e-dovere-dellinformazione-il-comune-di-belluno-si-dimentica-dei-giornalisti-assostampa-sconcertata\/"]}]},{"@type":"ImageObject","inLanguage":"fr-FR","@id":"https:\/\/www.bellunopress.it\/2023\/11\/07\/diritto-e-dovere-dellinformazione-il-comune-di-belluno-si-dimentica-dei-giornalisti-assostampa-sconcertata\/#primaryimage","url":"https:\/\/www.bellunopress.it\/wp-content\/uploads\/2019\/10\/Pioggia-teatro-comunale.jpg","contentUrl":"https:\/\/www.bellunopress.it\/wp-content\/uploads\/2019\/10\/Pioggia-teatro-comunale.jpg","width":300,"height":225,"caption":"Teatro Comunale di Belluno"},{"@type":"BreadcrumbList","@id":"https:\/\/www.bellunopress.it\/2023\/11\/07\/diritto-e-dovere-dellinformazione-il-comune-di-belluno-si-dimentica-dei-giornalisti-assostampa-sconcertata\/#breadcrumb","itemListElement":[{"@type":"ListItem","position":1,"name":"Home","item":"https:\/\/www.bellunopress.it\/"},{"@type":"ListItem","position":2,"name":"Diritto e dovere dell&#8217;informazione. Il Comune di Belluno &#8220;si dimentica&#8221; dei giornalisti. Interviene Assostampa, Richiesta accolta"}]},{"@type":"WebSite","@id":"https:\/\/www.bellunopress.it\/#website","url":"https:\/\/www.bellunopress.it\/","name":"Bellunopress - Dolomiti","description":"e-mail: redazione@bellunopress.it","publisher":{"@id":"https:\/\/www.bellunopress.it\/#organization"},"potentialAction":[{"@type":"SearchAction","target":{"@type":"EntryPoint","urlTemplate":"https:\/\/www.bellunopress.it\/?s={search_term_string}"},"query-input":{"@type":"PropertyValueSpecification","valueRequired":true,"valueName":"search_term_string"}}],"inLanguage":"fr-FR"},{"@type":"Organization","@id":"https:\/\/www.bellunopress.it\/#organization","name":"Bellunopress","url":"https:\/\/www.bellunopress.it\/","logo":{"@type":"ImageObject","inLanguage":"fr-FR","@id":"https:\/\/www.bellunopress.it\/#\/schema\/logo\/image\/","url":"https:\/\/www.bellunopress.it\/wp-content\/uploads\/2011\/05\/cropped-logo-bellunopress-.jpg","contentUrl":"https:\/\/www.bellunopress.it\/wp-content\/uploads\/2011\/05\/cropped-logo-bellunopress-.jpg","width":512,"height":512,"caption":"Bellunopress"},"image":{"@id":"https:\/\/www.bellunopress.it\/#\/schema\/logo\/image\/"},"sameAs":["https:\/\/www.facebook.com\/profile.php?id=100008943462799","https:\/\/x.com\/bellunopress","https:\/\/www.linkedin.com\/hp\/?dnr=JBzUWaJfMUw8vbXJJ2tVW5-I3jZKvC4wsoxE&amp;amp;amp;amp;amp;amp;trk=nav_responsive_tab_home","https:\/\/www.youtube.com\/channel\/UCxL0wu1uN0_3_7hGG0306cw"]},{"@type":"Person","@id":"https:\/\/www.bellunopress.it\/#\/schema\/person\/79bb06722b37ece1c03d3e94beb30d73","name":"r\u00e9daction","image":{"@type":"ImageObject","inLanguage":"fr-FR","@id":"https:\/\/secure.gravatar.com\/avatar\/37d968a2e67a6fd04c169c4bdef102d0bc5d31b2546345219e348575eb80e9a0?s=96&d=mm&r=g","url":"https:\/\/secure.gravatar.com\/avatar\/37d968a2e67a6fd04c169c4bdef102d0bc5d31b2546345219e348575eb80e9a0?s=96&d=mm&r=g","contentUrl":"https:\/\/secure.gravatar.com\/avatar\/37d968a2e67a6fd04c169c4bdef102d0bc5d31b2546345219e348575eb80e9a0?s=96&d=mm&r=g","caption":"redazione"},"sameAs":["http:\/\/www.bellunopress.it","https:\/\/x.com\/bellunopress"],"url":"https:\/\/www.bellunopress.it\/fr\/author\/redazione\/"}]}},"_links":{"self":[{"href":"https:\/\/www.bellunopress.it\/fr\/wp-json\/wp\/v2\/posts\/145706","targetHints":{"allow":["GET"]}}],"collection":[{"href":"https:\/\/www.bellunopress.it\/fr\/wp-json\/wp\/v2\/posts"}],"about":[{"href":"https:\/\/www.bellunopress.it\/fr\/wp-json\/wp\/v2\/types\/post"}],"author":[{"embeddable":true,"href":"https:\/\/www.bellunopress.it\/fr\/wp-json\/wp\/v2\/users\/2"}],"replies":[{"embeddable":true,"href":"https:\/\/www.bellunopress.it\/fr\/wp-json\/wp\/v2\/comments?post=145706"}],"version-history":[{"count":4,"href":"https:\/\/www.bellunopress.it\/fr\/wp-json\/wp\/v2\/posts\/145706\/revisions"}],"predecessor-version":[{"id":145713,"href":"https:\/\/www.bellunopress.it\/fr\/wp-json\/wp\/v2\/posts\/145706\/revisions\/145713"}],"wp:featuredmedia":[{"embeddable":true,"href":"https:\/\/www.bellunopress.it\/fr\/wp-json\/wp\/v2\/media\/108723"}],"wp:attachment":[{"href":"https:\/\/www.bellunopress.it\/fr\/wp-json\/wp\/v2\/media?parent=145706"}],"wp:term":[{"taxonomy":"category","embeddable":true,"href":"https:\/\/www.bellunopress.it\/fr\/wp-json\/wp\/v2\/categories?post=145706"},{"taxonomy":"post_tag","embeddable":true,"href":"https:\/\/www.bellunopress.it\/fr\/wp-json\/wp\/v2\/tags?post=145706"}],"curies":[{"name":"wp","href":"https:\/\/api.w.org\/{rel}","templated":true}]}}