{"id":145700,"date":"2023-11-07T13:46:38","date_gmt":"2023-11-07T12:46:38","guid":{"rendered":"https:\/\/www.bellunopress.it\/?p=145700"},"modified":"2023-11-07T13:46:38","modified_gmt":"2023-11-07T12:46:38","slug":"a-damiano-jacobone-il-premio-speciale-gambrinus-mazzotti-2023","status":"publish","type":"post","link":"https:\/\/www.bellunopress.it\/fr\/2023\/11\/07\/a-damiano-jacobone-il-premio-speciale-gambrinus-mazzotti-2023\/","title":{"rendered":"A Damiano Jacobone il Premio speciale Gambrinus Mazzotti 2023"},"content":{"rendered":"<p><img loading=\"lazy\" decoding=\"async\" class=\"alignleft size-full wp-image-112452\" src=\"https:\/\/www.bellunopress.it\/wp-content\/uploads\/2020\/02\/Premio-Gambrinus-Giuseppe-Mazzotti.jpg\" alt=\"\" width=\"515\" height=\"402\" srcset=\"https:\/\/www.bellunopress.it\/wp-content\/uploads\/2020\/02\/Premio-Gambrinus-Giuseppe-Mazzotti.jpg 515w, https:\/\/www.bellunopress.it\/wp-content\/uploads\/2020\/02\/Premio-Gambrinus-Giuseppe-Mazzotti-500x390.jpg 500w\" sizes=\"auto, (max-width: 515px) 100vw, 515px\" \/>E&#8217; stato assegnato a Damiano Iacobone, professore associato di Storia dell&#8217;architettura al Politecnico di Milano, il premio speciale Gabrinus Mazzotti 2023 per il volume Alberto Alpago-Novello 1889 \u2013 1985. Architetture a Belluno, pubblicato nel 2023 dalla casa editrice Silvana editoriale di Milano, che analizza l&#8217;attivit\u00e0 dell&#8217;architetto feltrino Alpago-Novello non solo in termini progettuali ma anche valutando il contesto sociale e culturale \u2013 sia nazionale che cittadino \u2013 che ha determinato o meno la realizzazione delle opere, che hanno cambiato il volto della Citt\u00e0 alpina.<\/p>\n<p>Il premio aggiunge valore all&#8217;importante contributo scientifico alla storia di Belluno tra le citt\u00e0 del Veneto e dell&#8217;Italia ed \u00e8 frutto di accurate ricerche archivistiche svolte anche presso l&#8217;Archivio storico del Comune di Belluno.<\/p>\n<p>La cerimonia di premiazione si terr\u00e0 sabato 18 novembre alle 16.00 nella sede della Camera di Commercio di Treviso e Belluno | Dolomiti (Sala Borsa).<\/p>","protected":false},"excerpt":{"rendered":"<p>E&#8217; stato assegnato a Damiano Iacobone, professore associato di Storia dell&#8217;architettura al Politecnico di Milano, il premio speciale Gabrinus Mazzotti 2023 per il volume Alberto Alpago-Novello 1889 \u2013 1985. Architetture a Belluno, pubblicato nel 2023 dalla casa editrice Silvana editoriale di Milano, che analizza l&#8217;attivit\u00e0 dell&#8217;architetto feltrino Alpago-Novello non solo in termini progettuali ma anche [&hellip;]<\/p>\n","protected":false},"author":2,"featured_media":112452,"comment_status":"closed","ping_status":"open","sticky":false,"template":"","format":"standard","meta":{"footnotes":""},"categories":[3],"tags":[],"class_list":["post-145700","post","type-post","status-publish","format-standard","has-post-thumbnail","category-arte-cultura-spettacoli-scienza-archivi"],"yoast_head":"<!-- This site is optimized with the Yoast SEO plugin v28.4 - https:\/\/yoast.com\/product\/yoast-seo-wordpress\/ -->\n<title>A Damiano Jacobone il Premio speciale Gambrinus Mazzotti 2023 - Bellunopress - Dolomiti<\/title>\n<meta name=\"robots\" content=\"index, follow, max-snippet:-1, max-image-preview:large, max-video-preview:-1\" \/>\n<link rel=\"canonical\" href=\"https:\/\/www.bellunopress.it\/fr\/2023\/11\/07\/a-damiano-jacobone-il-premio-speciale-gambrinus-mazzotti-2023\/\" \/>\n<meta property=\"og:locale\" content=\"fr_FR\" \/>\n<meta property=\"og:type\" content=\"article\" \/>\n<meta property=\"og:title\" content=\"A Damiano Jacobone il Premio speciale Gambrinus Mazzotti 2023 - Bellunopress - Dolomiti\" \/>\n<meta property=\"og:description\" content=\"E&#8217; stato assegnato a Damiano Iacobone, professore associato di Storia dell&#8217;architettura al Politecnico di Milano, il premio speciale Gabrinus Mazzotti 2023 per il volume Alberto Alpago-Novello 1889 \u2013 1985. Architetture a Belluno, pubblicato nel 2023 dalla casa editrice Silvana editoriale di Milano, che analizza l&#8217;attivit\u00e0 dell&#8217;architetto feltrino Alpago-Novello non solo in termini progettuali ma anche [&hellip;]\" \/>\n<meta property=\"og:url\" content=\"https:\/\/www.bellunopress.it\/fr\/2023\/11\/07\/a-damiano-jacobone-il-premio-speciale-gambrinus-mazzotti-2023\/\" \/>\n<meta property=\"og:site_name\" content=\"Bellunopress - Dolomiti\" \/>\n<meta property=\"article:publisher\" content=\"https:\/\/www.facebook.com\/profile.php?id=100008943462799\" \/>\n<meta property=\"article:published_time\" content=\"2023-11-07T12:46:38+00:00\" \/>\n<meta property=\"og:image\" content=\"https:\/\/www.bellunopress.it\/wp-content\/uploads\/2020\/02\/Premio-Gambrinus-Giuseppe-Mazzotti.jpg\" \/>\n\t<meta property=\"og:image:width\" content=\"515\" \/>\n\t<meta property=\"og:image:height\" content=\"402\" \/>\n\t<meta property=\"og:image:type\" content=\"image\/jpeg\" \/>\n<meta name=\"author\" content=\"redazione\" \/>\n<meta name=\"twitter:card\" content=\"summary_large_image\" \/>\n<meta name=\"twitter:creator\" content=\"@bellunopress\" \/>\n<meta name=\"twitter:site\" content=\"@bellunopress\" \/>\n<meta name=\"twitter:label1\" content=\"\u00c9crit par\" \/>\n\t<meta name=\"twitter:data1\" content=\"redazione\" \/>\n\t<meta name=\"twitter:label2\" content=\"Dur\u00e9e de lecture estim\u00e9e\" \/>\n\t<meta name=\"twitter:data2\" content=\"1 minute\" \/>\n<script type=\"application\/ld+json\" class=\"yoast-schema-graph\">{\"@context\":\"https:\\\/\\\/schema.org\",\"@graph\":[{\"@type\":\"Article\",\"@id\":\"https:\\\/\\\/www.bellunopress.it\\\/2023\\\/11\\\/07\\\/a-damiano-jacobone-il-premio-speciale-gambrinus-mazzotti-2023\\\/#article\",\"isPartOf\":{\"@id\":\"https:\\\/\\\/www.bellunopress.it\\\/2023\\\/11\\\/07\\\/a-damiano-jacobone-il-premio-speciale-gambrinus-mazzotti-2023\\\/\"},\"author\":{\"name\":\"redazione\",\"@id\":\"https:\\\/\\\/www.bellunopress.it\\\/#\\\/schema\\\/person\\\/79bb06722b37ece1c03d3e94beb30d73\"},\"headline\":\"A Damiano Jacobone il Premio speciale Gambrinus Mazzotti 2023\",\"datePublished\":\"2023-11-07T12:46:38+00:00\",\"mainEntityOfPage\":{\"@id\":\"https:\\\/\\\/www.bellunopress.it\\\/2023\\\/11\\\/07\\\/a-damiano-jacobone-il-premio-speciale-gambrinus-mazzotti-2023\\\/\"},\"wordCount\":146,\"publisher\":{\"@id\":\"https:\\\/\\\/www.bellunopress.it\\\/#organization\"},\"image\":{\"@id\":\"https:\\\/\\\/www.bellunopress.it\\\/2023\\\/11\\\/07\\\/a-damiano-jacobone-il-premio-speciale-gambrinus-mazzotti-2023\\\/#primaryimage\"},\"thumbnailUrl\":\"https:\\\/\\\/www.bellunopress.it\\\/wp-content\\\/uploads\\\/2020\\\/02\\\/Premio-Gambrinus-Giuseppe-Mazzotti.jpg\",\"articleSection\":[\"Arte, Cultura, Spettacoli, Scienza\"],\"inLanguage\":\"fr-FR\"},{\"@type\":\"WebPage\",\"@id\":\"https:\\\/\\\/www.bellunopress.it\\\/2023\\\/11\\\/07\\\/a-damiano-jacobone-il-premio-speciale-gambrinus-mazzotti-2023\\\/\",\"url\":\"https:\\\/\\\/www.bellunopress.it\\\/2023\\\/11\\\/07\\\/a-damiano-jacobone-il-premio-speciale-gambrinus-mazzotti-2023\\\/\",\"name\":\"A Damiano Jacobone il Premio speciale Gambrinus Mazzotti 2023 - Bellunopress - Dolomiti\",\"isPartOf\":{\"@id\":\"https:\\\/\\\/www.bellunopress.it\\\/#website\"},\"primaryImageOfPage\":{\"@id\":\"https:\\\/\\\/www.bellunopress.it\\\/2023\\\/11\\\/07\\\/a-damiano-jacobone-il-premio-speciale-gambrinus-mazzotti-2023\\\/#primaryimage\"},\"image\":{\"@id\":\"https:\\\/\\\/www.bellunopress.it\\\/2023\\\/11\\\/07\\\/a-damiano-jacobone-il-premio-speciale-gambrinus-mazzotti-2023\\\/#primaryimage\"},\"thumbnailUrl\":\"https:\\\/\\\/www.bellunopress.it\\\/wp-content\\\/uploads\\\/2020\\\/02\\\/Premio-Gambrinus-Giuseppe-Mazzotti.jpg\",\"datePublished\":\"2023-11-07T12:46:38+00:00\",\"breadcrumb\":{\"@id\":\"https:\\\/\\\/www.bellunopress.it\\\/2023\\\/11\\\/07\\\/a-damiano-jacobone-il-premio-speciale-gambrinus-mazzotti-2023\\\/#breadcrumb\"},\"inLanguage\":\"fr-FR\",\"potentialAction\":[{\"@type\":\"ReadAction\",\"target\":[\"https:\\\/\\\/www.bellunopress.it\\\/2023\\\/11\\\/07\\\/a-damiano-jacobone-il-premio-speciale-gambrinus-mazzotti-2023\\\/\"]}]},{\"@type\":\"ImageObject\",\"inLanguage\":\"fr-FR\",\"@id\":\"https:\\\/\\\/www.bellunopress.it\\\/2023\\\/11\\\/07\\\/a-damiano-jacobone-il-premio-speciale-gambrinus-mazzotti-2023\\\/#primaryimage\",\"url\":\"https:\\\/\\\/www.bellunopress.it\\\/wp-content\\\/uploads\\\/2020\\\/02\\\/Premio-Gambrinus-Giuseppe-Mazzotti.jpg\",\"contentUrl\":\"https:\\\/\\\/www.bellunopress.it\\\/wp-content\\\/uploads\\\/2020\\\/02\\\/Premio-Gambrinus-Giuseppe-Mazzotti.jpg\",\"width\":515,\"height\":402},{\"@type\":\"BreadcrumbList\",\"@id\":\"https:\\\/\\\/www.bellunopress.it\\\/2023\\\/11\\\/07\\\/a-damiano-jacobone-il-premio-speciale-gambrinus-mazzotti-2023\\\/#breadcrumb\",\"itemListElement\":[{\"@type\":\"ListItem\",\"position\":1,\"name\":\"Home\",\"item\":\"https:\\\/\\\/www.bellunopress.it\\\/\"},{\"@type\":\"ListItem\",\"position\":2,\"name\":\"A Damiano Jacobone il Premio speciale Gambrinus Mazzotti 2023\"}]},{\"@type\":\"WebSite\",\"@id\":\"https:\\\/\\\/www.bellunopress.it\\\/#website\",\"url\":\"https:\\\/\\\/www.bellunopress.it\\\/\",\"name\":\"Bellunopress - Dolomiti\",\"description\":\"e-mail: redazione@bellunopress.it\",\"publisher\":{\"@id\":\"https:\\\/\\\/www.bellunopress.it\\\/#organization\"},\"potentialAction\":[{\"@type\":\"SearchAction\",\"target\":{\"@type\":\"EntryPoint\",\"urlTemplate\":\"https:\\\/\\\/www.bellunopress.it\\\/?s={search_term_string}\"},\"query-input\":{\"@type\":\"PropertyValueSpecification\",\"valueRequired\":true,\"valueName\":\"search_term_string\"}}],\"inLanguage\":\"fr-FR\"},{\"@type\":\"Organization\",\"@id\":\"https:\\\/\\\/www.bellunopress.it\\\/#organization\",\"name\":\"Bellunopress\",\"url\":\"https:\\\/\\\/www.bellunopress.it\\\/\",\"logo\":{\"@type\":\"ImageObject\",\"inLanguage\":\"fr-FR\",\"@id\":\"https:\\\/\\\/www.bellunopress.it\\\/#\\\/schema\\\/logo\\\/image\\\/\",\"url\":\"https:\\\/\\\/www.bellunopress.it\\\/wp-content\\\/uploads\\\/2011\\\/05\\\/cropped-logo-bellunopress-.jpg\",\"contentUrl\":\"https:\\\/\\\/www.bellunopress.it\\\/wp-content\\\/uploads\\\/2011\\\/05\\\/cropped-logo-bellunopress-.jpg\",\"width\":512,\"height\":512,\"caption\":\"Bellunopress\"},\"image\":{\"@id\":\"https:\\\/\\\/www.bellunopress.it\\\/#\\\/schema\\\/logo\\\/image\\\/\"},\"sameAs\":[\"https:\\\/\\\/www.facebook.com\\\/profile.php?id=100008943462799\",\"https:\\\/\\\/x.com\\\/bellunopress\",\"https:\\\/\\\/www.linkedin.com\\\/hp\\\/?dnr=JBzUWaJfMUw8vbXJJ2tVW5-I3jZKvC4wsoxE&amp;amp;amp;amp;amp;amp;trk=nav_responsive_tab_home\",\"https:\\\/\\\/www.youtube.com\\\/channel\\\/UCxL0wu1uN0_3_7hGG0306cw\"]},{\"@type\":\"Person\",\"@id\":\"https:\\\/\\\/www.bellunopress.it\\\/#\\\/schema\\\/person\\\/79bb06722b37ece1c03d3e94beb30d73\",\"name\":\"redazione\",\"image\":{\"@type\":\"ImageObject\",\"inLanguage\":\"fr-FR\",\"@id\":\"https:\\\/\\\/secure.gravatar.com\\\/avatar\\\/37d968a2e67a6fd04c169c4bdef102d0bc5d31b2546345219e348575eb80e9a0?s=96&d=mm&r=g\",\"url\":\"https:\\\/\\\/secure.gravatar.com\\\/avatar\\\/37d968a2e67a6fd04c169c4bdef102d0bc5d31b2546345219e348575eb80e9a0?s=96&d=mm&r=g\",\"contentUrl\":\"https:\\\/\\\/secure.gravatar.com\\\/avatar\\\/37d968a2e67a6fd04c169c4bdef102d0bc5d31b2546345219e348575eb80e9a0?s=96&d=mm&r=g\",\"caption\":\"redazione\"},\"sameAs\":[\"http:\\\/\\\/www.bellunopress.it\",\"https:\\\/\\\/x.com\\\/bellunopress\"],\"url\":\"https:\\\/\\\/www.bellunopress.it\\\/fr\\\/author\\\/redazione\\\/\"}]}<\/script>\n<!-- \/ Yoast SEO plugin. -->","yoast_head_json":{"title":"A Damiano Jacobone il Premio speciale Gambrinus Mazzotti 2023 - Bellunopress - Dolomiti","robots":{"index":"index","follow":"follow","max-snippet":"max-snippet:-1","max-image-preview":"max-image-preview:large","max-video-preview":"max-video-preview:-1"},"canonical":"https:\/\/www.bellunopress.it\/fr\/2023\/11\/07\/a-damiano-jacobone-il-premio-speciale-gambrinus-mazzotti-2023\/","og_locale":"fr_FR","og_type":"article","og_title":"A Damiano Jacobone il Premio speciale Gambrinus Mazzotti 2023 - Bellunopress - Dolomiti","og_description":"E&#8217; stato assegnato a Damiano Iacobone, professore associato di Storia dell&#8217;architettura al Politecnico di Milano, il premio speciale Gabrinus Mazzotti 2023 per il volume Alberto Alpago-Novello 1889 \u2013 1985. Architetture a Belluno, pubblicato nel 2023 dalla casa editrice Silvana editoriale di Milano, che analizza l&#8217;attivit\u00e0 dell&#8217;architetto feltrino Alpago-Novello non solo in termini progettuali ma anche [&hellip;]","og_url":"https:\/\/www.bellunopress.it\/fr\/2023\/11\/07\/a-damiano-jacobone-il-premio-speciale-gambrinus-mazzotti-2023\/","og_site_name":"Bellunopress - Dolomiti","article_publisher":"https:\/\/www.facebook.com\/profile.php?id=100008943462799","article_published_time":"2023-11-07T12:46:38+00:00","og_image":[{"width":515,"height":402,"url":"https:\/\/www.bellunopress.it\/wp-content\/uploads\/2020\/02\/Premio-Gambrinus-Giuseppe-Mazzotti.jpg","type":"image\/jpeg"}],"author":"redazione","twitter_card":"summary_large_image","twitter_creator":"@bellunopress","twitter_site":"@bellunopress","twitter_misc":{"\u00c9crit par":"redazione","Dur\u00e9e de lecture estim\u00e9e":"1 minute"},"schema":{"@context":"https:\/\/schema.org","@graph":[{"@type":"Article","@id":"https:\/\/www.bellunopress.it\/2023\/11\/07\/a-damiano-jacobone-il-premio-speciale-gambrinus-mazzotti-2023\/#article","isPartOf":{"@id":"https:\/\/www.bellunopress.it\/2023\/11\/07\/a-damiano-jacobone-il-premio-speciale-gambrinus-mazzotti-2023\/"},"author":{"name":"redazione","@id":"https:\/\/www.bellunopress.it\/#\/schema\/person\/79bb06722b37ece1c03d3e94beb30d73"},"headline":"A Damiano Jacobone il Premio speciale Gambrinus Mazzotti 2023","datePublished":"2023-11-07T12:46:38+00:00","mainEntityOfPage":{"@id":"https:\/\/www.bellunopress.it\/2023\/11\/07\/a-damiano-jacobone-il-premio-speciale-gambrinus-mazzotti-2023\/"},"wordCount":146,"publisher":{"@id":"https:\/\/www.bellunopress.it\/#organization"},"image":{"@id":"https:\/\/www.bellunopress.it\/2023\/11\/07\/a-damiano-jacobone-il-premio-speciale-gambrinus-mazzotti-2023\/#primaryimage"},"thumbnailUrl":"https:\/\/www.bellunopress.it\/wp-content\/uploads\/2020\/02\/Premio-Gambrinus-Giuseppe-Mazzotti.jpg","articleSection":["Arte, Cultura, Spettacoli, Scienza"],"inLanguage":"fr-FR"},{"@type":"WebPage","@id":"https:\/\/www.bellunopress.it\/2023\/11\/07\/a-damiano-jacobone-il-premio-speciale-gambrinus-mazzotti-2023\/","url":"https:\/\/www.bellunopress.it\/2023\/11\/07\/a-damiano-jacobone-il-premio-speciale-gambrinus-mazzotti-2023\/","name":"A Damiano Jacobone il Premio speciale Gambrinus Mazzotti 2023 - Bellunopress - Dolomiti","isPartOf":{"@id":"https:\/\/www.bellunopress.it\/#website"},"primaryImageOfPage":{"@id":"https:\/\/www.bellunopress.it\/2023\/11\/07\/a-damiano-jacobone-il-premio-speciale-gambrinus-mazzotti-2023\/#primaryimage"},"image":{"@id":"https:\/\/www.bellunopress.it\/2023\/11\/07\/a-damiano-jacobone-il-premio-speciale-gambrinus-mazzotti-2023\/#primaryimage"},"thumbnailUrl":"https:\/\/www.bellunopress.it\/wp-content\/uploads\/2020\/02\/Premio-Gambrinus-Giuseppe-Mazzotti.jpg","datePublished":"2023-11-07T12:46:38+00:00","breadcrumb":{"@id":"https:\/\/www.bellunopress.it\/2023\/11\/07\/a-damiano-jacobone-il-premio-speciale-gambrinus-mazzotti-2023\/#breadcrumb"},"inLanguage":"fr-FR","potentialAction":[{"@type":"ReadAction","target":["https:\/\/www.bellunopress.it\/2023\/11\/07\/a-damiano-jacobone-il-premio-speciale-gambrinus-mazzotti-2023\/"]}]},{"@type":"ImageObject","inLanguage":"fr-FR","@id":"https:\/\/www.bellunopress.it\/2023\/11\/07\/a-damiano-jacobone-il-premio-speciale-gambrinus-mazzotti-2023\/#primaryimage","url":"https:\/\/www.bellunopress.it\/wp-content\/uploads\/2020\/02\/Premio-Gambrinus-Giuseppe-Mazzotti.jpg","contentUrl":"https:\/\/www.bellunopress.it\/wp-content\/uploads\/2020\/02\/Premio-Gambrinus-Giuseppe-Mazzotti.jpg","width":515,"height":402},{"@type":"BreadcrumbList","@id":"https:\/\/www.bellunopress.it\/2023\/11\/07\/a-damiano-jacobone-il-premio-speciale-gambrinus-mazzotti-2023\/#breadcrumb","itemListElement":[{"@type":"ListItem","position":1,"name":"Home","item":"https:\/\/www.bellunopress.it\/"},{"@type":"ListItem","position":2,"name":"A Damiano Jacobone il Premio speciale Gambrinus Mazzotti 2023"}]},{"@type":"WebSite","@id":"https:\/\/www.bellunopress.it\/#website","url":"https:\/\/www.bellunopress.it\/","name":"Bellunopress - Dolomiti","description":"e-mail: redazione@bellunopress.it","publisher":{"@id":"https:\/\/www.bellunopress.it\/#organization"},"potentialAction":[{"@type":"SearchAction","target":{"@type":"EntryPoint","urlTemplate":"https:\/\/www.bellunopress.it\/?s={search_term_string}"},"query-input":{"@type":"PropertyValueSpecification","valueRequired":true,"valueName":"search_term_string"}}],"inLanguage":"fr-FR"},{"@type":"Organization","@id":"https:\/\/www.bellunopress.it\/#organization","name":"Bellunopress","url":"https:\/\/www.bellunopress.it\/","logo":{"@type":"ImageObject","inLanguage":"fr-FR","@id":"https:\/\/www.bellunopress.it\/#\/schema\/logo\/image\/","url":"https:\/\/www.bellunopress.it\/wp-content\/uploads\/2011\/05\/cropped-logo-bellunopress-.jpg","contentUrl":"https:\/\/www.bellunopress.it\/wp-content\/uploads\/2011\/05\/cropped-logo-bellunopress-.jpg","width":512,"height":512,"caption":"Bellunopress"},"image":{"@id":"https:\/\/www.bellunopress.it\/#\/schema\/logo\/image\/"},"sameAs":["https:\/\/www.facebook.com\/profile.php?id=100008943462799","https:\/\/x.com\/bellunopress","https:\/\/www.linkedin.com\/hp\/?dnr=JBzUWaJfMUw8vbXJJ2tVW5-I3jZKvC4wsoxE&amp;amp;amp;amp;amp;amp;trk=nav_responsive_tab_home","https:\/\/www.youtube.com\/channel\/UCxL0wu1uN0_3_7hGG0306cw"]},{"@type":"Person","@id":"https:\/\/www.bellunopress.it\/#\/schema\/person\/79bb06722b37ece1c03d3e94beb30d73","name":"r\u00e9daction","image":{"@type":"ImageObject","inLanguage":"fr-FR","@id":"https:\/\/secure.gravatar.com\/avatar\/37d968a2e67a6fd04c169c4bdef102d0bc5d31b2546345219e348575eb80e9a0?s=96&d=mm&r=g","url":"https:\/\/secure.gravatar.com\/avatar\/37d968a2e67a6fd04c169c4bdef102d0bc5d31b2546345219e348575eb80e9a0?s=96&d=mm&r=g","contentUrl":"https:\/\/secure.gravatar.com\/avatar\/37d968a2e67a6fd04c169c4bdef102d0bc5d31b2546345219e348575eb80e9a0?s=96&d=mm&r=g","caption":"redazione"},"sameAs":["http:\/\/www.bellunopress.it","https:\/\/x.com\/bellunopress"],"url":"https:\/\/www.bellunopress.it\/fr\/author\/redazione\/"}]}},"_links":{"self":[{"href":"https:\/\/www.bellunopress.it\/fr\/wp-json\/wp\/v2\/posts\/145700","targetHints":{"allow":["GET"]}}],"collection":[{"href":"https:\/\/www.bellunopress.it\/fr\/wp-json\/wp\/v2\/posts"}],"about":[{"href":"https:\/\/www.bellunopress.it\/fr\/wp-json\/wp\/v2\/types\/post"}],"author":[{"embeddable":true,"href":"https:\/\/www.bellunopress.it\/fr\/wp-json\/wp\/v2\/users\/2"}],"replies":[{"embeddable":true,"href":"https:\/\/www.bellunopress.it\/fr\/wp-json\/wp\/v2\/comments?post=145700"}],"version-history":[{"count":1,"href":"https:\/\/www.bellunopress.it\/fr\/wp-json\/wp\/v2\/posts\/145700\/revisions"}],"predecessor-version":[{"id":145701,"href":"https:\/\/www.bellunopress.it\/fr\/wp-json\/wp\/v2\/posts\/145700\/revisions\/145701"}],"wp:featuredmedia":[{"embeddable":true,"href":"https:\/\/www.bellunopress.it\/fr\/wp-json\/wp\/v2\/media\/112452"}],"wp:attachment":[{"href":"https:\/\/www.bellunopress.it\/fr\/wp-json\/wp\/v2\/media?parent=145700"}],"wp:term":[{"taxonomy":"category","embeddable":true,"href":"https:\/\/www.bellunopress.it\/fr\/wp-json\/wp\/v2\/categories?post=145700"},{"taxonomy":"post_tag","embeddable":true,"href":"https:\/\/www.bellunopress.it\/fr\/wp-json\/wp\/v2\/tags?post=145700"}],"curies":[{"name":"wp","href":"https:\/\/api.w.org\/{rel}","templated":true}]}}