{"id":145698,"date":"2023-11-07T09:40:30","date_gmt":"2023-11-07T08:40:30","guid":{"rendered":"https:\/\/www.bellunopress.it\/?p=145698"},"modified":"2023-11-07T09:40:30","modified_gmt":"2023-11-07T08:40:30","slug":"acerbo-prc-up-governo-cede-rete-tim-alla-cia-non-chiamateli-sovranisti-siamo-colonia-usa","status":"publish","type":"post","link":"https:\/\/www.bellunopress.it\/fr\/2023\/11\/07\/acerbo-prc-up-governo-cede-rete-tim-alla-cia-non-chiamateli-sovranisti-siamo-colonia-usa\/","title":{"rendered":"Acerbo (PRC-UP): governo cede rete Tim alla Cia. Non chiamateli sovranisti! Siamo colonia Usa"},"content":{"rendered":"<figure id=\"attachment_112629\" aria-describedby=\"caption-attachment-112629\" style=\"width: 394px\" class=\"wp-caption alignleft\"><img loading=\"lazy\" decoding=\"async\" class=\"size-full wp-image-112629\" src=\"https:\/\/www.bellunopress.it\/wp-content\/uploads\/2020\/03\/Maurizio-Acerbo-Prc.jpg\" alt=\"\" width=\"394\" height=\"264\" \/><figcaption id=\"caption-attachment-112629\" class=\"wp-caption-text\">Maurizio Acerbo<\/figcaption><\/figure>\n<p>&#8220;Il governo Meloni ha deciso di cedere la rete Tim direttamente alla CIA. Non chiamateli pi\u00f9 sovranisti. Il governo ha scelto di andare verso la separazione tra infrastruttura e servizi con una scelta opposta ai grandi paesi europei che, pur alleati degli USA, non rinunciano alla propria sovranit\u00e0. L&#8217;Italia col governo Meloni \u00e8 diventata direttamente una colonia USA. Mentre Francia e Germania difendono i loro settori strategici a partire dalle telecomunicazioni, il governo degli ex-sovranisti conferma che il suo asse strategico \u2013 gi\u00e0 delineato da Draghi \u2013 \u00e8 la completa sottomissione agli Stati Uniti&#8221;.<\/p>\n<p>Lo sostiene Maurizio Acerbo, segretario nazionale del Partito della Rifondazione Comunista, coordinamento di Unione Popolare<\/p>\n<p>&#8220;Non si pensi che sto esagerando. &#8211; prosegue Acerbo &#8211; Il governo ha rinunciato ad assumere il controllo pubblico consegnando l&#8217;infrastruttura essenziale delle nostre telecomunicazioni alla statunitense KKR, societ\u00e0 di investimento leader a livello mondiale nota per il ruolo che vi svolge all&#8217;interno l&#8217;ex-generale delle guerre in Iraq e Afghanistan e ex-direttore della CIA David Petraeus. Le nostre telecomunicazioni sono ora in mano direttamente di Washington. La CIA ha gi\u00e0 dimostrato anche in anni recenti in Italia di operare senza rispettare le nostre leggi (vedi caso Abu Omar per non andare alla strategia della tensione). Ora controlla direttamente la centrale di intercettazioni di tutte le comunicazioni del paese, quelle dei cittadini e anche degli apparati dello stato. La canzone di Finardi sulla CIA si \u00e8 rivelata profetica.<\/p>\n<p>Si pongono questioni economiche e democratiche di enorme portata che sono state sottratte al confronto pubblico.<\/p>\n<p>Il governo non ha voluto ascoltare le sacrosante proposte di lavoratrici e lavoratori e delle organizzazioni sindacali. La decisione di acquisire solo una partecipazione di minoranza, lasciando al fondo americano KKR il controllo di maggioranza del pacchetto azionario non tiene conto degli interessi nazionali e tantomeno della salvaguardia dell&#8217;occupazione.<\/p>\n<p>\u00c8 l&#8217;epilogo della sciagurata privatizzazione avviata dal centrosinistra a cui noi di Rifondazione Comunista ci opponemmo inascoltati e isolati negli anni &#8217;90. Nei confronti di un&#8217;azienda cinese come Huawei sono state poste questioni di sicurezza nazionale, invece ora rinunciamo a ogni precauzione nei confronti della potenza dominante che sar\u00e0 anche alleata ma non sempre ha interessi che collimano con i nostri e con quelli dell&#8217;Europa.<\/p>\n<p>L&#8217;Italia fino alla fine degli anni &#8217;80, con i partiti di massa nati dall&#8217;antifascismo, ha cercato di difendere una relativa autonomia dentro una sovranit\u00e0 limitata. &#8211; conclude Maurizio Acerbo &#8211; Ora siamo diventati davvero una repubblica delle banane&#8221;.<\/p>\n<p>&nbsp;<\/p>","protected":false},"excerpt":{"rendered":"<p>&#8220;Il governo Meloni ha deciso di cedere la rete Tim direttamente alla CIA. Non chiamateli pi\u00f9 sovranisti. Il governo ha scelto di andare verso la separazione tra infrastruttura e servizi con una scelta opposta ai grandi paesi europei che, pur alleati degli USA, non rinunciano alla propria sovranit\u00e0. L&#8217;Italia col governo Meloni \u00e8 diventata direttamente [&hellip;]<\/p>\n","protected":false},"author":2,"featured_media":112629,"comment_status":"closed","ping_status":"open","sticky":false,"template":"","format":"standard","meta":{"footnotes":""},"categories":[5,3446,26],"tags":[],"class_list":["post-145698","post","type-post","status-publish","format-standard","has-post-thumbnail","category-cronaca","category-featured","category-prima-pagina"],"yoast_head":"<!-- This site is optimized with the Yoast SEO plugin v28.4 - https:\/\/yoast.com\/product\/yoast-seo-wordpress\/ -->\n<title>Acerbo (PRC-UP): governo cede rete Tim alla Cia. Non chiamateli sovranisti! Siamo colonia Usa - Bellunopress - Dolomiti<\/title>\n<meta name=\"robots\" content=\"index, follow, max-snippet:-1, max-image-preview:large, max-video-preview:-1\" \/>\n<link rel=\"canonical\" href=\"https:\/\/www.bellunopress.it\/fr\/2023\/11\/07\/acerbo-prc-up-governo-cede-rete-tim-alla-cia-non-chiamateli-sovranisti-siamo-colonia-usa\/\" \/>\n<meta property=\"og:locale\" content=\"fr_FR\" \/>\n<meta property=\"og:type\" content=\"article\" \/>\n<meta property=\"og:title\" content=\"Acerbo (PRC-UP): governo cede rete Tim alla Cia. Non chiamateli sovranisti! Siamo colonia Usa - Bellunopress - Dolomiti\" \/>\n<meta property=\"og:description\" content=\"&#8220;Il governo Meloni ha deciso di cedere la rete Tim direttamente alla CIA. Non chiamateli pi\u00f9 sovranisti. Il governo ha scelto di andare verso la separazione tra infrastruttura e servizi con una scelta opposta ai grandi paesi europei che, pur alleati degli USA, non rinunciano alla propria sovranit\u00e0. L&#8217;Italia col governo Meloni \u00e8 diventata direttamente [&hellip;]\" \/>\n<meta property=\"og:url\" content=\"https:\/\/www.bellunopress.it\/fr\/2023\/11\/07\/acerbo-prc-up-governo-cede-rete-tim-alla-cia-non-chiamateli-sovranisti-siamo-colonia-usa\/\" \/>\n<meta property=\"og:site_name\" content=\"Bellunopress - Dolomiti\" \/>\n<meta property=\"article:publisher\" content=\"https:\/\/www.facebook.com\/profile.php?id=100008943462799\" \/>\n<meta property=\"article:published_time\" content=\"2023-11-07T08:40:30+00:00\" \/>\n<meta property=\"og:image\" content=\"https:\/\/www.bellunopress.it\/wp-content\/uploads\/2020\/03\/Maurizio-Acerbo-Prc.jpg\" \/>\n\t<meta property=\"og:image:width\" content=\"394\" \/>\n\t<meta property=\"og:image:height\" content=\"264\" \/>\n\t<meta property=\"og:image:type\" content=\"image\/jpeg\" \/>\n<meta name=\"author\" content=\"redazione\" \/>\n<meta name=\"twitter:card\" content=\"summary_large_image\" \/>\n<meta name=\"twitter:creator\" content=\"@bellunopress\" \/>\n<meta name=\"twitter:site\" content=\"@bellunopress\" \/>\n<meta name=\"twitter:label1\" content=\"\u00c9crit par\" \/>\n\t<meta name=\"twitter:data1\" content=\"redazione\" \/>\n\t<meta name=\"twitter:label2\" content=\"Dur\u00e9e de lecture estim\u00e9e\" \/>\n\t<meta name=\"twitter:data2\" content=\"2 minutes\" \/>\n<script type=\"application\/ld+json\" class=\"yoast-schema-graph\">{\"@context\":\"https:\\\/\\\/schema.org\",\"@graph\":[{\"@type\":\"Article\",\"@id\":\"https:\\\/\\\/www.bellunopress.it\\\/2023\\\/11\\\/07\\\/acerbo-prc-up-governo-cede-rete-tim-alla-cia-non-chiamateli-sovranisti-siamo-colonia-usa\\\/#article\",\"isPartOf\":{\"@id\":\"https:\\\/\\\/www.bellunopress.it\\\/2023\\\/11\\\/07\\\/acerbo-prc-up-governo-cede-rete-tim-alla-cia-non-chiamateli-sovranisti-siamo-colonia-usa\\\/\"},\"author\":{\"name\":\"redazione\",\"@id\":\"https:\\\/\\\/www.bellunopress.it\\\/#\\\/schema\\\/person\\\/79bb06722b37ece1c03d3e94beb30d73\"},\"headline\":\"Acerbo (PRC-UP): governo cede rete Tim alla Cia. Non chiamateli sovranisti! Siamo colonia Usa\",\"datePublished\":\"2023-11-07T08:40:30+00:00\",\"mainEntityOfPage\":{\"@id\":\"https:\\\/\\\/www.bellunopress.it\\\/2023\\\/11\\\/07\\\/acerbo-prc-up-governo-cede-rete-tim-alla-cia-non-chiamateli-sovranisti-siamo-colonia-usa\\\/\"},\"wordCount\":430,\"publisher\":{\"@id\":\"https:\\\/\\\/www.bellunopress.it\\\/#organization\"},\"image\":{\"@id\":\"https:\\\/\\\/www.bellunopress.it\\\/2023\\\/11\\\/07\\\/acerbo-prc-up-governo-cede-rete-tim-alla-cia-non-chiamateli-sovranisti-siamo-colonia-usa\\\/#primaryimage\"},\"thumbnailUrl\":\"https:\\\/\\\/www.bellunopress.it\\\/wp-content\\\/uploads\\\/2020\\\/03\\\/Maurizio-Acerbo-Prc.jpg\",\"articleSection\":[\"Cronaca\\\/Politica\",\"Featured\",\"Prima Pagina\"],\"inLanguage\":\"fr-FR\"},{\"@type\":\"WebPage\",\"@id\":\"https:\\\/\\\/www.bellunopress.it\\\/2023\\\/11\\\/07\\\/acerbo-prc-up-governo-cede-rete-tim-alla-cia-non-chiamateli-sovranisti-siamo-colonia-usa\\\/\",\"url\":\"https:\\\/\\\/www.bellunopress.it\\\/2023\\\/11\\\/07\\\/acerbo-prc-up-governo-cede-rete-tim-alla-cia-non-chiamateli-sovranisti-siamo-colonia-usa\\\/\",\"name\":\"Acerbo (PRC-UP): governo cede rete Tim alla Cia. Non chiamateli sovranisti! Siamo colonia Usa - Bellunopress - Dolomiti\",\"isPartOf\":{\"@id\":\"https:\\\/\\\/www.bellunopress.it\\\/#website\"},\"primaryImageOfPage\":{\"@id\":\"https:\\\/\\\/www.bellunopress.it\\\/2023\\\/11\\\/07\\\/acerbo-prc-up-governo-cede-rete-tim-alla-cia-non-chiamateli-sovranisti-siamo-colonia-usa\\\/#primaryimage\"},\"image\":{\"@id\":\"https:\\\/\\\/www.bellunopress.it\\\/2023\\\/11\\\/07\\\/acerbo-prc-up-governo-cede-rete-tim-alla-cia-non-chiamateli-sovranisti-siamo-colonia-usa\\\/#primaryimage\"},\"thumbnailUrl\":\"https:\\\/\\\/www.bellunopress.it\\\/wp-content\\\/uploads\\\/2020\\\/03\\\/Maurizio-Acerbo-Prc.jpg\",\"datePublished\":\"2023-11-07T08:40:30+00:00\",\"breadcrumb\":{\"@id\":\"https:\\\/\\\/www.bellunopress.it\\\/2023\\\/11\\\/07\\\/acerbo-prc-up-governo-cede-rete-tim-alla-cia-non-chiamateli-sovranisti-siamo-colonia-usa\\\/#breadcrumb\"},\"inLanguage\":\"fr-FR\",\"potentialAction\":[{\"@type\":\"ReadAction\",\"target\":[\"https:\\\/\\\/www.bellunopress.it\\\/2023\\\/11\\\/07\\\/acerbo-prc-up-governo-cede-rete-tim-alla-cia-non-chiamateli-sovranisti-siamo-colonia-usa\\\/\"]}]},{\"@type\":\"ImageObject\",\"inLanguage\":\"fr-FR\",\"@id\":\"https:\\\/\\\/www.bellunopress.it\\\/2023\\\/11\\\/07\\\/acerbo-prc-up-governo-cede-rete-tim-alla-cia-non-chiamateli-sovranisti-siamo-colonia-usa\\\/#primaryimage\",\"url\":\"https:\\\/\\\/www.bellunopress.it\\\/wp-content\\\/uploads\\\/2020\\\/03\\\/Maurizio-Acerbo-Prc.jpg\",\"contentUrl\":\"https:\\\/\\\/www.bellunopress.it\\\/wp-content\\\/uploads\\\/2020\\\/03\\\/Maurizio-Acerbo-Prc.jpg\",\"width\":394,\"height\":264,\"caption\":\"Maurizio Acerbo, Segretario nazionale Prc\"},{\"@type\":\"BreadcrumbList\",\"@id\":\"https:\\\/\\\/www.bellunopress.it\\\/2023\\\/11\\\/07\\\/acerbo-prc-up-governo-cede-rete-tim-alla-cia-non-chiamateli-sovranisti-siamo-colonia-usa\\\/#breadcrumb\",\"itemListElement\":[{\"@type\":\"ListItem\",\"position\":1,\"name\":\"Home\",\"item\":\"https:\\\/\\\/www.bellunopress.it\\\/\"},{\"@type\":\"ListItem\",\"position\":2,\"name\":\"Acerbo (PRC-UP): governo cede rete Tim alla Cia. Non chiamateli sovranisti! Siamo colonia Usa\"}]},{\"@type\":\"WebSite\",\"@id\":\"https:\\\/\\\/www.bellunopress.it\\\/#website\",\"url\":\"https:\\\/\\\/www.bellunopress.it\\\/\",\"name\":\"Bellunopress - Dolomiti\",\"description\":\"e-mail: redazione@bellunopress.it\",\"publisher\":{\"@id\":\"https:\\\/\\\/www.bellunopress.it\\\/#organization\"},\"potentialAction\":[{\"@type\":\"SearchAction\",\"target\":{\"@type\":\"EntryPoint\",\"urlTemplate\":\"https:\\\/\\\/www.bellunopress.it\\\/?s={search_term_string}\"},\"query-input\":{\"@type\":\"PropertyValueSpecification\",\"valueRequired\":true,\"valueName\":\"search_term_string\"}}],\"inLanguage\":\"fr-FR\"},{\"@type\":\"Organization\",\"@id\":\"https:\\\/\\\/www.bellunopress.it\\\/#organization\",\"name\":\"Bellunopress\",\"url\":\"https:\\\/\\\/www.bellunopress.it\\\/\",\"logo\":{\"@type\":\"ImageObject\",\"inLanguage\":\"fr-FR\",\"@id\":\"https:\\\/\\\/www.bellunopress.it\\\/#\\\/schema\\\/logo\\\/image\\\/\",\"url\":\"https:\\\/\\\/www.bellunopress.it\\\/wp-content\\\/uploads\\\/2011\\\/05\\\/cropped-logo-bellunopress-.jpg\",\"contentUrl\":\"https:\\\/\\\/www.bellunopress.it\\\/wp-content\\\/uploads\\\/2011\\\/05\\\/cropped-logo-bellunopress-.jpg\",\"width\":512,\"height\":512,\"caption\":\"Bellunopress\"},\"image\":{\"@id\":\"https:\\\/\\\/www.bellunopress.it\\\/#\\\/schema\\\/logo\\\/image\\\/\"},\"sameAs\":[\"https:\\\/\\\/www.facebook.com\\\/profile.php?id=100008943462799\",\"https:\\\/\\\/x.com\\\/bellunopress\",\"https:\\\/\\\/www.linkedin.com\\\/hp\\\/?dnr=JBzUWaJfMUw8vbXJJ2tVW5-I3jZKvC4wsoxE&amp;amp;amp;amp;amp;amp;trk=nav_responsive_tab_home\",\"https:\\\/\\\/www.youtube.com\\\/channel\\\/UCxL0wu1uN0_3_7hGG0306cw\"]},{\"@type\":\"Person\",\"@id\":\"https:\\\/\\\/www.bellunopress.it\\\/#\\\/schema\\\/person\\\/79bb06722b37ece1c03d3e94beb30d73\",\"name\":\"redazione\",\"image\":{\"@type\":\"ImageObject\",\"inLanguage\":\"fr-FR\",\"@id\":\"https:\\\/\\\/secure.gravatar.com\\\/avatar\\\/37d968a2e67a6fd04c169c4bdef102d0bc5d31b2546345219e348575eb80e9a0?s=96&d=mm&r=g\",\"url\":\"https:\\\/\\\/secure.gravatar.com\\\/avatar\\\/37d968a2e67a6fd04c169c4bdef102d0bc5d31b2546345219e348575eb80e9a0?s=96&d=mm&r=g\",\"contentUrl\":\"https:\\\/\\\/secure.gravatar.com\\\/avatar\\\/37d968a2e67a6fd04c169c4bdef102d0bc5d31b2546345219e348575eb80e9a0?s=96&d=mm&r=g\",\"caption\":\"redazione\"},\"sameAs\":[\"http:\\\/\\\/www.bellunopress.it\",\"https:\\\/\\\/x.com\\\/bellunopress\"],\"url\":\"https:\\\/\\\/www.bellunopress.it\\\/fr\\\/author\\\/redazione\\\/\"}]}<\/script>\n<!-- \/ Yoast SEO plugin. -->","yoast_head_json":{"title":"Acerbo (PRC-UP): governo cede rete Tim alla Cia. Non chiamateli sovranisti! Siamo colonia Usa - Bellunopress - Dolomiti","robots":{"index":"index","follow":"follow","max-snippet":"max-snippet:-1","max-image-preview":"max-image-preview:large","max-video-preview":"max-video-preview:-1"},"canonical":"https:\/\/www.bellunopress.it\/fr\/2023\/11\/07\/acerbo-prc-up-governo-cede-rete-tim-alla-cia-non-chiamateli-sovranisti-siamo-colonia-usa\/","og_locale":"fr_FR","og_type":"article","og_title":"Acerbo (PRC-UP): governo cede rete Tim alla Cia. Non chiamateli sovranisti! Siamo colonia Usa - Bellunopress - Dolomiti","og_description":"&#8220;Il governo Meloni ha deciso di cedere la rete Tim direttamente alla CIA. Non chiamateli pi\u00f9 sovranisti. Il governo ha scelto di andare verso la separazione tra infrastruttura e servizi con una scelta opposta ai grandi paesi europei che, pur alleati degli USA, non rinunciano alla propria sovranit\u00e0. L&#8217;Italia col governo Meloni \u00e8 diventata direttamente [&hellip;]","og_url":"https:\/\/www.bellunopress.it\/fr\/2023\/11\/07\/acerbo-prc-up-governo-cede-rete-tim-alla-cia-non-chiamateli-sovranisti-siamo-colonia-usa\/","og_site_name":"Bellunopress - Dolomiti","article_publisher":"https:\/\/www.facebook.com\/profile.php?id=100008943462799","article_published_time":"2023-11-07T08:40:30+00:00","og_image":[{"width":394,"height":264,"url":"https:\/\/www.bellunopress.it\/wp-content\/uploads\/2020\/03\/Maurizio-Acerbo-Prc.jpg","type":"image\/jpeg"}],"author":"redazione","twitter_card":"summary_large_image","twitter_creator":"@bellunopress","twitter_site":"@bellunopress","twitter_misc":{"\u00c9crit par":"redazione","Dur\u00e9e de lecture estim\u00e9e":"2 minutes"},"schema":{"@context":"https:\/\/schema.org","@graph":[{"@type":"Article","@id":"https:\/\/www.bellunopress.it\/2023\/11\/07\/acerbo-prc-up-governo-cede-rete-tim-alla-cia-non-chiamateli-sovranisti-siamo-colonia-usa\/#article","isPartOf":{"@id":"https:\/\/www.bellunopress.it\/2023\/11\/07\/acerbo-prc-up-governo-cede-rete-tim-alla-cia-non-chiamateli-sovranisti-siamo-colonia-usa\/"},"author":{"name":"redazione","@id":"https:\/\/www.bellunopress.it\/#\/schema\/person\/79bb06722b37ece1c03d3e94beb30d73"},"headline":"Acerbo (PRC-UP): governo cede rete Tim alla Cia. Non chiamateli sovranisti! Siamo colonia Usa","datePublished":"2023-11-07T08:40:30+00:00","mainEntityOfPage":{"@id":"https:\/\/www.bellunopress.it\/2023\/11\/07\/acerbo-prc-up-governo-cede-rete-tim-alla-cia-non-chiamateli-sovranisti-siamo-colonia-usa\/"},"wordCount":430,"publisher":{"@id":"https:\/\/www.bellunopress.it\/#organization"},"image":{"@id":"https:\/\/www.bellunopress.it\/2023\/11\/07\/acerbo-prc-up-governo-cede-rete-tim-alla-cia-non-chiamateli-sovranisti-siamo-colonia-usa\/#primaryimage"},"thumbnailUrl":"https:\/\/www.bellunopress.it\/wp-content\/uploads\/2020\/03\/Maurizio-Acerbo-Prc.jpg","articleSection":["Cronaca\/Politica","Featured","Prima Pagina"],"inLanguage":"fr-FR"},{"@type":"WebPage","@id":"https:\/\/www.bellunopress.it\/2023\/11\/07\/acerbo-prc-up-governo-cede-rete-tim-alla-cia-non-chiamateli-sovranisti-siamo-colonia-usa\/","url":"https:\/\/www.bellunopress.it\/2023\/11\/07\/acerbo-prc-up-governo-cede-rete-tim-alla-cia-non-chiamateli-sovranisti-siamo-colonia-usa\/","name":"Acerbo (PRC-UP): governo cede rete Tim alla Cia. Non chiamateli sovranisti! Siamo colonia Usa - Bellunopress - Dolomiti","isPartOf":{"@id":"https:\/\/www.bellunopress.it\/#website"},"primaryImageOfPage":{"@id":"https:\/\/www.bellunopress.it\/2023\/11\/07\/acerbo-prc-up-governo-cede-rete-tim-alla-cia-non-chiamateli-sovranisti-siamo-colonia-usa\/#primaryimage"},"image":{"@id":"https:\/\/www.bellunopress.it\/2023\/11\/07\/acerbo-prc-up-governo-cede-rete-tim-alla-cia-non-chiamateli-sovranisti-siamo-colonia-usa\/#primaryimage"},"thumbnailUrl":"https:\/\/www.bellunopress.it\/wp-content\/uploads\/2020\/03\/Maurizio-Acerbo-Prc.jpg","datePublished":"2023-11-07T08:40:30+00:00","breadcrumb":{"@id":"https:\/\/www.bellunopress.it\/2023\/11\/07\/acerbo-prc-up-governo-cede-rete-tim-alla-cia-non-chiamateli-sovranisti-siamo-colonia-usa\/#breadcrumb"},"inLanguage":"fr-FR","potentialAction":[{"@type":"ReadAction","target":["https:\/\/www.bellunopress.it\/2023\/11\/07\/acerbo-prc-up-governo-cede-rete-tim-alla-cia-non-chiamateli-sovranisti-siamo-colonia-usa\/"]}]},{"@type":"ImageObject","inLanguage":"fr-FR","@id":"https:\/\/www.bellunopress.it\/2023\/11\/07\/acerbo-prc-up-governo-cede-rete-tim-alla-cia-non-chiamateli-sovranisti-siamo-colonia-usa\/#primaryimage","url":"https:\/\/www.bellunopress.it\/wp-content\/uploads\/2020\/03\/Maurizio-Acerbo-Prc.jpg","contentUrl":"https:\/\/www.bellunopress.it\/wp-content\/uploads\/2020\/03\/Maurizio-Acerbo-Prc.jpg","width":394,"height":264,"caption":"Maurizio Acerbo, Segretario nazionale Prc"},{"@type":"BreadcrumbList","@id":"https:\/\/www.bellunopress.it\/2023\/11\/07\/acerbo-prc-up-governo-cede-rete-tim-alla-cia-non-chiamateli-sovranisti-siamo-colonia-usa\/#breadcrumb","itemListElement":[{"@type":"ListItem","position":1,"name":"Home","item":"https:\/\/www.bellunopress.it\/"},{"@type":"ListItem","position":2,"name":"Acerbo (PRC-UP): governo cede rete Tim alla Cia. Non chiamateli sovranisti! Siamo colonia Usa"}]},{"@type":"WebSite","@id":"https:\/\/www.bellunopress.it\/#website","url":"https:\/\/www.bellunopress.it\/","name":"Bellunopress - Dolomiti","description":"e-mail: redazione@bellunopress.it","publisher":{"@id":"https:\/\/www.bellunopress.it\/#organization"},"potentialAction":[{"@type":"SearchAction","target":{"@type":"EntryPoint","urlTemplate":"https:\/\/www.bellunopress.it\/?s={search_term_string}"},"query-input":{"@type":"PropertyValueSpecification","valueRequired":true,"valueName":"search_term_string"}}],"inLanguage":"fr-FR"},{"@type":"Organization","@id":"https:\/\/www.bellunopress.it\/#organization","name":"Bellunopress","url":"https:\/\/www.bellunopress.it\/","logo":{"@type":"ImageObject","inLanguage":"fr-FR","@id":"https:\/\/www.bellunopress.it\/#\/schema\/logo\/image\/","url":"https:\/\/www.bellunopress.it\/wp-content\/uploads\/2011\/05\/cropped-logo-bellunopress-.jpg","contentUrl":"https:\/\/www.bellunopress.it\/wp-content\/uploads\/2011\/05\/cropped-logo-bellunopress-.jpg","width":512,"height":512,"caption":"Bellunopress"},"image":{"@id":"https:\/\/www.bellunopress.it\/#\/schema\/logo\/image\/"},"sameAs":["https:\/\/www.facebook.com\/profile.php?id=100008943462799","https:\/\/x.com\/bellunopress","https:\/\/www.linkedin.com\/hp\/?dnr=JBzUWaJfMUw8vbXJJ2tVW5-I3jZKvC4wsoxE&amp;amp;amp;amp;amp;amp;trk=nav_responsive_tab_home","https:\/\/www.youtube.com\/channel\/UCxL0wu1uN0_3_7hGG0306cw"]},{"@type":"Person","@id":"https:\/\/www.bellunopress.it\/#\/schema\/person\/79bb06722b37ece1c03d3e94beb30d73","name":"r\u00e9daction","image":{"@type":"ImageObject","inLanguage":"fr-FR","@id":"https:\/\/secure.gravatar.com\/avatar\/37d968a2e67a6fd04c169c4bdef102d0bc5d31b2546345219e348575eb80e9a0?s=96&d=mm&r=g","url":"https:\/\/secure.gravatar.com\/avatar\/37d968a2e67a6fd04c169c4bdef102d0bc5d31b2546345219e348575eb80e9a0?s=96&d=mm&r=g","contentUrl":"https:\/\/secure.gravatar.com\/avatar\/37d968a2e67a6fd04c169c4bdef102d0bc5d31b2546345219e348575eb80e9a0?s=96&d=mm&r=g","caption":"redazione"},"sameAs":["http:\/\/www.bellunopress.it","https:\/\/x.com\/bellunopress"],"url":"https:\/\/www.bellunopress.it\/fr\/author\/redazione\/"}]}},"_links":{"self":[{"href":"https:\/\/www.bellunopress.it\/fr\/wp-json\/wp\/v2\/posts\/145698","targetHints":{"allow":["GET"]}}],"collection":[{"href":"https:\/\/www.bellunopress.it\/fr\/wp-json\/wp\/v2\/posts"}],"about":[{"href":"https:\/\/www.bellunopress.it\/fr\/wp-json\/wp\/v2\/types\/post"}],"author":[{"embeddable":true,"href":"https:\/\/www.bellunopress.it\/fr\/wp-json\/wp\/v2\/users\/2"}],"replies":[{"embeddable":true,"href":"https:\/\/www.bellunopress.it\/fr\/wp-json\/wp\/v2\/comments?post=145698"}],"version-history":[{"count":1,"href":"https:\/\/www.bellunopress.it\/fr\/wp-json\/wp\/v2\/posts\/145698\/revisions"}],"predecessor-version":[{"id":145699,"href":"https:\/\/www.bellunopress.it\/fr\/wp-json\/wp\/v2\/posts\/145698\/revisions\/145699"}],"wp:featuredmedia":[{"embeddable":true,"href":"https:\/\/www.bellunopress.it\/fr\/wp-json\/wp\/v2\/media\/112629"}],"wp:attachment":[{"href":"https:\/\/www.bellunopress.it\/fr\/wp-json\/wp\/v2\/media?parent=145698"}],"wp:term":[{"taxonomy":"category","embeddable":true,"href":"https:\/\/www.bellunopress.it\/fr\/wp-json\/wp\/v2\/categories?post=145698"},{"taxonomy":"post_tag","embeddable":true,"href":"https:\/\/www.bellunopress.it\/fr\/wp-json\/wp\/v2\/tags?post=145698"}],"curies":[{"name":"wp","href":"https:\/\/api.w.org\/{rel}","templated":true}]}}