{"id":145696,"date":"2023-11-07T09:34:53","date_gmt":"2023-11-07T08:34:53","guid":{"rendered":"https:\/\/www.bellunopress.it\/?p=145696"},"modified":"2023-11-07T09:34:53","modified_gmt":"2023-11-07T08:34:53","slug":"medici-fuga-in-pensione-anticipata-per-evitare-tagli-bigon-pd-effetto-abbandono-che-aggrava-la-condizione-gia-critica-della-sanita-pubblica","status":"publish","type":"post","link":"https:\/\/www.bellunopress.it\/fr\/2023\/11\/07\/medici-fuga-in-pensione-anticipata-per-evitare-tagli-bigon-pd-effetto-abbandono-che-aggrava-la-condizione-gia-critica-della-sanita-pubblica\/","title":{"rendered":"Medici, fuga in pensione anticipata per evitare tagli. Bigon (PD): &#8220;Effetto abbandono che aggrava la condizione gi\u00e0 critica della sanit\u00e0 pubblica&#8221;"},"content":{"rendered":"<figure id=\"attachment_110314\" aria-describedby=\"caption-attachment-110314\" style=\"width: 208px\" class=\"wp-caption alignleft\"><img loading=\"lazy\" decoding=\"async\" class=\"size-full wp-image-110314\" src=\"https:\/\/www.bellunopress.it\/wp-content\/uploads\/2019\/12\/Anna-Maria-Bigon-PD.jpg\" alt=\"\" width=\"208\" height=\"238\" \/><figcaption id=\"caption-attachment-110314\" class=\"wp-caption-text\">Anna Maria Bigon &#8211; Consigliere regionale<\/figcaption><\/figure>\n<p>&#8220;Il taglio sulle pensioni previsto dalla Finanziaria, sta gi\u00e0 producendo i suoi effetti, come paventato: si registrano infatti richieste di fuoriuscita anticipata e questo non fa altro che aggravare la situazione di una sanit\u00e0 pubblica gi\u00e0 falcidiata da abbandoni a favore del privato&#8221;.<\/p>\n<p>A dirlo i consiglieri regionali del PD Veneto con la vice presidente della Commissione Sanit\u00e0, Anna Maria Bigon.<\/p>\n<p>&#8220;Tagliare le pensioni, gi\u00e0 risicate visto il livello inadeguato degli stipendi, la dice lunga sulla volont\u00e0 della destra, ad ogni livello, di smantellare la sanit\u00e0 pubblica. Una beffa nei confronti degli stessi medici e infermieri, definiti eroi al tempo del Covid. Una deriva alla quale, in nome dei diritti di cura di ogni cittadino, \u00e8 necessaria una ferma opposizione politica e all&#8217;interno delle istituzioni&#8221;.<\/p>\n<p>&nbsp;<\/p>","protected":false},"excerpt":{"rendered":"<p>&#8220;Il taglio sulle pensioni previsto dalla Finanziaria, sta gi\u00e0 producendo i suoi effetti, come paventato: si registrano infatti richieste di fuoriuscita anticipata e questo non fa altro che aggravare la situazione di una sanit\u00e0 pubblica gi\u00e0 falcidiata da abbandoni a favore del privato&#8221;. A dirlo i consiglieri regionali del PD Veneto con la vice presidente [&hellip;]<\/p>\n","protected":false},"author":2,"featured_media":110314,"comment_status":"closed","ping_status":"open","sticky":false,"template":"","format":"standard","meta":{"footnotes":""},"categories":[5,17],"tags":[],"class_list":["post-145696","post","type-post","status-publish","format-standard","has-post-thumbnail","category-cronaca","category-sanita"],"yoast_head":"<!-- This site is optimized with the Yoast SEO plugin v28.4 - https:\/\/yoast.com\/product\/yoast-seo-wordpress\/ -->\n<title>Medici, fuga in pensione anticipata per evitare tagli. Bigon (PD): &quot;Effetto abbandono che aggrava la condizione gi\u00e0 critica della sanit\u00e0 pubblica&quot; - Bellunopress - Dolomiti<\/title>\n<meta name=\"robots\" content=\"index, follow, max-snippet:-1, max-image-preview:large, max-video-preview:-1\" \/>\n<link rel=\"canonical\" href=\"https:\/\/www.bellunopress.it\/fr\/2023\/11\/07\/medici-fuga-in-pensione-anticipata-per-evitare-tagli-bigon-pd-effetto-abbandono-che-aggrava-la-condizione-gia-critica-della-sanita-pubblica\/\" \/>\n<meta property=\"og:locale\" content=\"fr_FR\" \/>\n<meta property=\"og:type\" content=\"article\" \/>\n<meta property=\"og:title\" content=\"Medici, fuga in pensione anticipata per evitare tagli. Bigon (PD): &quot;Effetto abbandono che aggrava la condizione gi\u00e0 critica della sanit\u00e0 pubblica&quot; - Bellunopress - Dolomiti\" \/>\n<meta property=\"og:description\" content=\"&#8220;Il taglio sulle pensioni previsto dalla Finanziaria, sta gi\u00e0 producendo i suoi effetti, come paventato: si registrano infatti richieste di fuoriuscita anticipata e questo non fa altro che aggravare la situazione di una sanit\u00e0 pubblica gi\u00e0 falcidiata da abbandoni a favore del privato&#8221;. A dirlo i consiglieri regionali del PD Veneto con la vice presidente [&hellip;]\" \/>\n<meta property=\"og:url\" content=\"https:\/\/www.bellunopress.it\/fr\/2023\/11\/07\/medici-fuga-in-pensione-anticipata-per-evitare-tagli-bigon-pd-effetto-abbandono-che-aggrava-la-condizione-gia-critica-della-sanita-pubblica\/\" \/>\n<meta property=\"og:site_name\" content=\"Bellunopress - Dolomiti\" \/>\n<meta property=\"article:publisher\" content=\"https:\/\/www.facebook.com\/profile.php?id=100008943462799\" \/>\n<meta property=\"article:published_time\" content=\"2023-11-07T08:34:53+00:00\" \/>\n<meta property=\"og:image\" content=\"https:\/\/www.bellunopress.it\/wp-content\/uploads\/2019\/12\/Anna-Maria-Bigon-PD.jpg\" \/>\n\t<meta property=\"og:image:width\" content=\"208\" \/>\n\t<meta property=\"og:image:height\" content=\"238\" \/>\n\t<meta property=\"og:image:type\" content=\"image\/jpeg\" \/>\n<meta name=\"author\" content=\"redazione\" \/>\n<meta name=\"twitter:card\" content=\"summary_large_image\" \/>\n<meta name=\"twitter:creator\" content=\"@bellunopress\" \/>\n<meta name=\"twitter:site\" content=\"@bellunopress\" \/>\n<meta name=\"twitter:label1\" content=\"\u00c9crit par\" \/>\n\t<meta name=\"twitter:data1\" content=\"redazione\" \/>\n\t<meta name=\"twitter:label2\" content=\"Dur\u00e9e de lecture estim\u00e9e\" \/>\n\t<meta name=\"twitter:data2\" content=\"1 minute\" \/>\n<script type=\"application\/ld+json\" class=\"yoast-schema-graph\">{\"@context\":\"https:\\\/\\\/schema.org\",\"@graph\":[{\"@type\":\"Article\",\"@id\":\"https:\\\/\\\/www.bellunopress.it\\\/2023\\\/11\\\/07\\\/medici-fuga-in-pensione-anticipata-per-evitare-tagli-bigon-pd-effetto-abbandono-che-aggrava-la-condizione-gia-critica-della-sanita-pubblica\\\/#article\",\"isPartOf\":{\"@id\":\"https:\\\/\\\/www.bellunopress.it\\\/2023\\\/11\\\/07\\\/medici-fuga-in-pensione-anticipata-per-evitare-tagli-bigon-pd-effetto-abbandono-che-aggrava-la-condizione-gia-critica-della-sanita-pubblica\\\/\"},\"author\":{\"name\":\"redazione\",\"@id\":\"https:\\\/\\\/www.bellunopress.it\\\/#\\\/schema\\\/person\\\/79bb06722b37ece1c03d3e94beb30d73\"},\"headline\":\"Medici, fuga in pensione anticipata per evitare tagli. Bigon (PD): &#8220;Effetto abbandono che aggrava la condizione gi\u00e0 critica della sanit\u00e0 pubblica&#8221;\",\"datePublished\":\"2023-11-07T08:34:53+00:00\",\"mainEntityOfPage\":{\"@id\":\"https:\\\/\\\/www.bellunopress.it\\\/2023\\\/11\\\/07\\\/medici-fuga-in-pensione-anticipata-per-evitare-tagli-bigon-pd-effetto-abbandono-che-aggrava-la-condizione-gia-critica-della-sanita-pubblica\\\/\"},\"wordCount\":160,\"publisher\":{\"@id\":\"https:\\\/\\\/www.bellunopress.it\\\/#organization\"},\"image\":{\"@id\":\"https:\\\/\\\/www.bellunopress.it\\\/2023\\\/11\\\/07\\\/medici-fuga-in-pensione-anticipata-per-evitare-tagli-bigon-pd-effetto-abbandono-che-aggrava-la-condizione-gia-critica-della-sanita-pubblica\\\/#primaryimage\"},\"thumbnailUrl\":\"https:\\\/\\\/www.bellunopress.it\\\/wp-content\\\/uploads\\\/2019\\\/12\\\/Anna-Maria-Bigon-PD.jpg\",\"articleSection\":[\"Cronaca\\\/Politica\",\"Sanit\u00e0 Medicina\"],\"inLanguage\":\"fr-FR\"},{\"@type\":\"WebPage\",\"@id\":\"https:\\\/\\\/www.bellunopress.it\\\/2023\\\/11\\\/07\\\/medici-fuga-in-pensione-anticipata-per-evitare-tagli-bigon-pd-effetto-abbandono-che-aggrava-la-condizione-gia-critica-della-sanita-pubblica\\\/\",\"url\":\"https:\\\/\\\/www.bellunopress.it\\\/2023\\\/11\\\/07\\\/medici-fuga-in-pensione-anticipata-per-evitare-tagli-bigon-pd-effetto-abbandono-che-aggrava-la-condizione-gia-critica-della-sanita-pubblica\\\/\",\"name\":\"Medici, fuga in pensione anticipata per evitare tagli. Bigon (PD): \\\"Effetto abbandono che aggrava la condizione gi\u00e0 critica della sanit\u00e0 pubblica\\\" - Bellunopress - Dolomiti\",\"isPartOf\":{\"@id\":\"https:\\\/\\\/www.bellunopress.it\\\/#website\"},\"primaryImageOfPage\":{\"@id\":\"https:\\\/\\\/www.bellunopress.it\\\/2023\\\/11\\\/07\\\/medici-fuga-in-pensione-anticipata-per-evitare-tagli-bigon-pd-effetto-abbandono-che-aggrava-la-condizione-gia-critica-della-sanita-pubblica\\\/#primaryimage\"},\"image\":{\"@id\":\"https:\\\/\\\/www.bellunopress.it\\\/2023\\\/11\\\/07\\\/medici-fuga-in-pensione-anticipata-per-evitare-tagli-bigon-pd-effetto-abbandono-che-aggrava-la-condizione-gia-critica-della-sanita-pubblica\\\/#primaryimage\"},\"thumbnailUrl\":\"https:\\\/\\\/www.bellunopress.it\\\/wp-content\\\/uploads\\\/2019\\\/12\\\/Anna-Maria-Bigon-PD.jpg\",\"datePublished\":\"2023-11-07T08:34:53+00:00\",\"breadcrumb\":{\"@id\":\"https:\\\/\\\/www.bellunopress.it\\\/2023\\\/11\\\/07\\\/medici-fuga-in-pensione-anticipata-per-evitare-tagli-bigon-pd-effetto-abbandono-che-aggrava-la-condizione-gia-critica-della-sanita-pubblica\\\/#breadcrumb\"},\"inLanguage\":\"fr-FR\",\"potentialAction\":[{\"@type\":\"ReadAction\",\"target\":[\"https:\\\/\\\/www.bellunopress.it\\\/2023\\\/11\\\/07\\\/medici-fuga-in-pensione-anticipata-per-evitare-tagli-bigon-pd-effetto-abbandono-che-aggrava-la-condizione-gia-critica-della-sanita-pubblica\\\/\"]}]},{\"@type\":\"ImageObject\",\"inLanguage\":\"fr-FR\",\"@id\":\"https:\\\/\\\/www.bellunopress.it\\\/2023\\\/11\\\/07\\\/medici-fuga-in-pensione-anticipata-per-evitare-tagli-bigon-pd-effetto-abbandono-che-aggrava-la-condizione-gia-critica-della-sanita-pubblica\\\/#primaryimage\",\"url\":\"https:\\\/\\\/www.bellunopress.it\\\/wp-content\\\/uploads\\\/2019\\\/12\\\/Anna-Maria-Bigon-PD.jpg\",\"contentUrl\":\"https:\\\/\\\/www.bellunopress.it\\\/wp-content\\\/uploads\\\/2019\\\/12\\\/Anna-Maria-Bigon-PD.jpg\",\"width\":208,\"height\":238,\"caption\":\"Anna Maria Bigon - Consigliere regionale\"},{\"@type\":\"BreadcrumbList\",\"@id\":\"https:\\\/\\\/www.bellunopress.it\\\/2023\\\/11\\\/07\\\/medici-fuga-in-pensione-anticipata-per-evitare-tagli-bigon-pd-effetto-abbandono-che-aggrava-la-condizione-gia-critica-della-sanita-pubblica\\\/#breadcrumb\",\"itemListElement\":[{\"@type\":\"ListItem\",\"position\":1,\"name\":\"Home\",\"item\":\"https:\\\/\\\/www.bellunopress.it\\\/\"},{\"@type\":\"ListItem\",\"position\":2,\"name\":\"Medici, fuga in pensione anticipata per evitare tagli. Bigon (PD): &#8220;Effetto abbandono che aggrava la condizione gi\u00e0 critica della sanit\u00e0 pubblica&#8221;\"}]},{\"@type\":\"WebSite\",\"@id\":\"https:\\\/\\\/www.bellunopress.it\\\/#website\",\"url\":\"https:\\\/\\\/www.bellunopress.it\\\/\",\"name\":\"Bellunopress - Dolomiti\",\"description\":\"e-mail: redazione@bellunopress.it\",\"publisher\":{\"@id\":\"https:\\\/\\\/www.bellunopress.it\\\/#organization\"},\"potentialAction\":[{\"@type\":\"SearchAction\",\"target\":{\"@type\":\"EntryPoint\",\"urlTemplate\":\"https:\\\/\\\/www.bellunopress.it\\\/?s={search_term_string}\"},\"query-input\":{\"@type\":\"PropertyValueSpecification\",\"valueRequired\":true,\"valueName\":\"search_term_string\"}}],\"inLanguage\":\"fr-FR\"},{\"@type\":\"Organization\",\"@id\":\"https:\\\/\\\/www.bellunopress.it\\\/#organization\",\"name\":\"Bellunopress\",\"url\":\"https:\\\/\\\/www.bellunopress.it\\\/\",\"logo\":{\"@type\":\"ImageObject\",\"inLanguage\":\"fr-FR\",\"@id\":\"https:\\\/\\\/www.bellunopress.it\\\/#\\\/schema\\\/logo\\\/image\\\/\",\"url\":\"https:\\\/\\\/www.bellunopress.it\\\/wp-content\\\/uploads\\\/2011\\\/05\\\/cropped-logo-bellunopress-.jpg\",\"contentUrl\":\"https:\\\/\\\/www.bellunopress.it\\\/wp-content\\\/uploads\\\/2011\\\/05\\\/cropped-logo-bellunopress-.jpg\",\"width\":512,\"height\":512,\"caption\":\"Bellunopress\"},\"image\":{\"@id\":\"https:\\\/\\\/www.bellunopress.it\\\/#\\\/schema\\\/logo\\\/image\\\/\"},\"sameAs\":[\"https:\\\/\\\/www.facebook.com\\\/profile.php?id=100008943462799\",\"https:\\\/\\\/x.com\\\/bellunopress\",\"https:\\\/\\\/www.linkedin.com\\\/hp\\\/?dnr=JBzUWaJfMUw8vbXJJ2tVW5-I3jZKvC4wsoxE&amp;amp;amp;amp;amp;amp;trk=nav_responsive_tab_home\",\"https:\\\/\\\/www.youtube.com\\\/channel\\\/UCxL0wu1uN0_3_7hGG0306cw\"]},{\"@type\":\"Person\",\"@id\":\"https:\\\/\\\/www.bellunopress.it\\\/#\\\/schema\\\/person\\\/79bb06722b37ece1c03d3e94beb30d73\",\"name\":\"redazione\",\"image\":{\"@type\":\"ImageObject\",\"inLanguage\":\"fr-FR\",\"@id\":\"https:\\\/\\\/secure.gravatar.com\\\/avatar\\\/37d968a2e67a6fd04c169c4bdef102d0bc5d31b2546345219e348575eb80e9a0?s=96&d=mm&r=g\",\"url\":\"https:\\\/\\\/secure.gravatar.com\\\/avatar\\\/37d968a2e67a6fd04c169c4bdef102d0bc5d31b2546345219e348575eb80e9a0?s=96&d=mm&r=g\",\"contentUrl\":\"https:\\\/\\\/secure.gravatar.com\\\/avatar\\\/37d968a2e67a6fd04c169c4bdef102d0bc5d31b2546345219e348575eb80e9a0?s=96&d=mm&r=g\",\"caption\":\"redazione\"},\"sameAs\":[\"http:\\\/\\\/www.bellunopress.it\",\"https:\\\/\\\/x.com\\\/bellunopress\"],\"url\":\"https:\\\/\\\/www.bellunopress.it\\\/fr\\\/author\\\/redazione\\\/\"}]}<\/script>\n<!-- \/ Yoast SEO plugin. -->","yoast_head_json":{"title":"Medici, fuga in pensione anticipata per evitare tagli. Bigon (PD): \"Effetto abbandono che aggrava la condizione gi\u00e0 critica della sanit\u00e0 pubblica\" - Bellunopress - Dolomiti","robots":{"index":"index","follow":"follow","max-snippet":"max-snippet:-1","max-image-preview":"max-image-preview:large","max-video-preview":"max-video-preview:-1"},"canonical":"https:\/\/www.bellunopress.it\/fr\/2023\/11\/07\/medici-fuga-in-pensione-anticipata-per-evitare-tagli-bigon-pd-effetto-abbandono-che-aggrava-la-condizione-gia-critica-della-sanita-pubblica\/","og_locale":"fr_FR","og_type":"article","og_title":"Medici, fuga in pensione anticipata per evitare tagli. Bigon (PD): \"Effetto abbandono che aggrava la condizione gi\u00e0 critica della sanit\u00e0 pubblica\" - Bellunopress - Dolomiti","og_description":"&#8220;Il taglio sulle pensioni previsto dalla Finanziaria, sta gi\u00e0 producendo i suoi effetti, come paventato: si registrano infatti richieste di fuoriuscita anticipata e questo non fa altro che aggravare la situazione di una sanit\u00e0 pubblica gi\u00e0 falcidiata da abbandoni a favore del privato&#8221;. A dirlo i consiglieri regionali del PD Veneto con la vice presidente [&hellip;]","og_url":"https:\/\/www.bellunopress.it\/fr\/2023\/11\/07\/medici-fuga-in-pensione-anticipata-per-evitare-tagli-bigon-pd-effetto-abbandono-che-aggrava-la-condizione-gia-critica-della-sanita-pubblica\/","og_site_name":"Bellunopress - Dolomiti","article_publisher":"https:\/\/www.facebook.com\/profile.php?id=100008943462799","article_published_time":"2023-11-07T08:34:53+00:00","og_image":[{"width":208,"height":238,"url":"https:\/\/www.bellunopress.it\/wp-content\/uploads\/2019\/12\/Anna-Maria-Bigon-PD.jpg","type":"image\/jpeg"}],"author":"redazione","twitter_card":"summary_large_image","twitter_creator":"@bellunopress","twitter_site":"@bellunopress","twitter_misc":{"\u00c9crit par":"redazione","Dur\u00e9e de lecture estim\u00e9e":"1 minute"},"schema":{"@context":"https:\/\/schema.org","@graph":[{"@type":"Article","@id":"https:\/\/www.bellunopress.it\/2023\/11\/07\/medici-fuga-in-pensione-anticipata-per-evitare-tagli-bigon-pd-effetto-abbandono-che-aggrava-la-condizione-gia-critica-della-sanita-pubblica\/#article","isPartOf":{"@id":"https:\/\/www.bellunopress.it\/2023\/11\/07\/medici-fuga-in-pensione-anticipata-per-evitare-tagli-bigon-pd-effetto-abbandono-che-aggrava-la-condizione-gia-critica-della-sanita-pubblica\/"},"author":{"name":"redazione","@id":"https:\/\/www.bellunopress.it\/#\/schema\/person\/79bb06722b37ece1c03d3e94beb30d73"},"headline":"Medici, fuga in pensione anticipata per evitare tagli. Bigon (PD): &#8220;Effetto abbandono che aggrava la condizione gi\u00e0 critica della sanit\u00e0 pubblica&#8221;","datePublished":"2023-11-07T08:34:53+00:00","mainEntityOfPage":{"@id":"https:\/\/www.bellunopress.it\/2023\/11\/07\/medici-fuga-in-pensione-anticipata-per-evitare-tagli-bigon-pd-effetto-abbandono-che-aggrava-la-condizione-gia-critica-della-sanita-pubblica\/"},"wordCount":160,"publisher":{"@id":"https:\/\/www.bellunopress.it\/#organization"},"image":{"@id":"https:\/\/www.bellunopress.it\/2023\/11\/07\/medici-fuga-in-pensione-anticipata-per-evitare-tagli-bigon-pd-effetto-abbandono-che-aggrava-la-condizione-gia-critica-della-sanita-pubblica\/#primaryimage"},"thumbnailUrl":"https:\/\/www.bellunopress.it\/wp-content\/uploads\/2019\/12\/Anna-Maria-Bigon-PD.jpg","articleSection":["Cronaca\/Politica","Sanit\u00e0 Medicina"],"inLanguage":"fr-FR"},{"@type":"WebPage","@id":"https:\/\/www.bellunopress.it\/2023\/11\/07\/medici-fuga-in-pensione-anticipata-per-evitare-tagli-bigon-pd-effetto-abbandono-che-aggrava-la-condizione-gia-critica-della-sanita-pubblica\/","url":"https:\/\/www.bellunopress.it\/2023\/11\/07\/medici-fuga-in-pensione-anticipata-per-evitare-tagli-bigon-pd-effetto-abbandono-che-aggrava-la-condizione-gia-critica-della-sanita-pubblica\/","name":"Medici, fuga in pensione anticipata per evitare tagli. Bigon (PD): \"Effetto abbandono che aggrava la condizione gi\u00e0 critica della sanit\u00e0 pubblica\" - Bellunopress - Dolomiti","isPartOf":{"@id":"https:\/\/www.bellunopress.it\/#website"},"primaryImageOfPage":{"@id":"https:\/\/www.bellunopress.it\/2023\/11\/07\/medici-fuga-in-pensione-anticipata-per-evitare-tagli-bigon-pd-effetto-abbandono-che-aggrava-la-condizione-gia-critica-della-sanita-pubblica\/#primaryimage"},"image":{"@id":"https:\/\/www.bellunopress.it\/2023\/11\/07\/medici-fuga-in-pensione-anticipata-per-evitare-tagli-bigon-pd-effetto-abbandono-che-aggrava-la-condizione-gia-critica-della-sanita-pubblica\/#primaryimage"},"thumbnailUrl":"https:\/\/www.bellunopress.it\/wp-content\/uploads\/2019\/12\/Anna-Maria-Bigon-PD.jpg","datePublished":"2023-11-07T08:34:53+00:00","breadcrumb":{"@id":"https:\/\/www.bellunopress.it\/2023\/11\/07\/medici-fuga-in-pensione-anticipata-per-evitare-tagli-bigon-pd-effetto-abbandono-che-aggrava-la-condizione-gia-critica-della-sanita-pubblica\/#breadcrumb"},"inLanguage":"fr-FR","potentialAction":[{"@type":"ReadAction","target":["https:\/\/www.bellunopress.it\/2023\/11\/07\/medici-fuga-in-pensione-anticipata-per-evitare-tagli-bigon-pd-effetto-abbandono-che-aggrava-la-condizione-gia-critica-della-sanita-pubblica\/"]}]},{"@type":"ImageObject","inLanguage":"fr-FR","@id":"https:\/\/www.bellunopress.it\/2023\/11\/07\/medici-fuga-in-pensione-anticipata-per-evitare-tagli-bigon-pd-effetto-abbandono-che-aggrava-la-condizione-gia-critica-della-sanita-pubblica\/#primaryimage","url":"https:\/\/www.bellunopress.it\/wp-content\/uploads\/2019\/12\/Anna-Maria-Bigon-PD.jpg","contentUrl":"https:\/\/www.bellunopress.it\/wp-content\/uploads\/2019\/12\/Anna-Maria-Bigon-PD.jpg","width":208,"height":238,"caption":"Anna Maria Bigon - Consigliere regionale"},{"@type":"BreadcrumbList","@id":"https:\/\/www.bellunopress.it\/2023\/11\/07\/medici-fuga-in-pensione-anticipata-per-evitare-tagli-bigon-pd-effetto-abbandono-che-aggrava-la-condizione-gia-critica-della-sanita-pubblica\/#breadcrumb","itemListElement":[{"@type":"ListItem","position":1,"name":"Home","item":"https:\/\/www.bellunopress.it\/"},{"@type":"ListItem","position":2,"name":"Medici, fuga in pensione anticipata per evitare tagli. Bigon (PD): &#8220;Effetto abbandono che aggrava la condizione gi\u00e0 critica della sanit\u00e0 pubblica&#8221;"}]},{"@type":"WebSite","@id":"https:\/\/www.bellunopress.it\/#website","url":"https:\/\/www.bellunopress.it\/","name":"Bellunopress - Dolomiti","description":"e-mail: redazione@bellunopress.it","publisher":{"@id":"https:\/\/www.bellunopress.it\/#organization"},"potentialAction":[{"@type":"SearchAction","target":{"@type":"EntryPoint","urlTemplate":"https:\/\/www.bellunopress.it\/?s={search_term_string}"},"query-input":{"@type":"PropertyValueSpecification","valueRequired":true,"valueName":"search_term_string"}}],"inLanguage":"fr-FR"},{"@type":"Organization","@id":"https:\/\/www.bellunopress.it\/#organization","name":"Bellunopress","url":"https:\/\/www.bellunopress.it\/","logo":{"@type":"ImageObject","inLanguage":"fr-FR","@id":"https:\/\/www.bellunopress.it\/#\/schema\/logo\/image\/","url":"https:\/\/www.bellunopress.it\/wp-content\/uploads\/2011\/05\/cropped-logo-bellunopress-.jpg","contentUrl":"https:\/\/www.bellunopress.it\/wp-content\/uploads\/2011\/05\/cropped-logo-bellunopress-.jpg","width":512,"height":512,"caption":"Bellunopress"},"image":{"@id":"https:\/\/www.bellunopress.it\/#\/schema\/logo\/image\/"},"sameAs":["https:\/\/www.facebook.com\/profile.php?id=100008943462799","https:\/\/x.com\/bellunopress","https:\/\/www.linkedin.com\/hp\/?dnr=JBzUWaJfMUw8vbXJJ2tVW5-I3jZKvC4wsoxE&amp;amp;amp;amp;amp;amp;trk=nav_responsive_tab_home","https:\/\/www.youtube.com\/channel\/UCxL0wu1uN0_3_7hGG0306cw"]},{"@type":"Person","@id":"https:\/\/www.bellunopress.it\/#\/schema\/person\/79bb06722b37ece1c03d3e94beb30d73","name":"r\u00e9daction","image":{"@type":"ImageObject","inLanguage":"fr-FR","@id":"https:\/\/secure.gravatar.com\/avatar\/37d968a2e67a6fd04c169c4bdef102d0bc5d31b2546345219e348575eb80e9a0?s=96&d=mm&r=g","url":"https:\/\/secure.gravatar.com\/avatar\/37d968a2e67a6fd04c169c4bdef102d0bc5d31b2546345219e348575eb80e9a0?s=96&d=mm&r=g","contentUrl":"https:\/\/secure.gravatar.com\/avatar\/37d968a2e67a6fd04c169c4bdef102d0bc5d31b2546345219e348575eb80e9a0?s=96&d=mm&r=g","caption":"redazione"},"sameAs":["http:\/\/www.bellunopress.it","https:\/\/x.com\/bellunopress"],"url":"https:\/\/www.bellunopress.it\/fr\/author\/redazione\/"}]}},"_links":{"self":[{"href":"https:\/\/www.bellunopress.it\/fr\/wp-json\/wp\/v2\/posts\/145696","targetHints":{"allow":["GET"]}}],"collection":[{"href":"https:\/\/www.bellunopress.it\/fr\/wp-json\/wp\/v2\/posts"}],"about":[{"href":"https:\/\/www.bellunopress.it\/fr\/wp-json\/wp\/v2\/types\/post"}],"author":[{"embeddable":true,"href":"https:\/\/www.bellunopress.it\/fr\/wp-json\/wp\/v2\/users\/2"}],"replies":[{"embeddable":true,"href":"https:\/\/www.bellunopress.it\/fr\/wp-json\/wp\/v2\/comments?post=145696"}],"version-history":[{"count":1,"href":"https:\/\/www.bellunopress.it\/fr\/wp-json\/wp\/v2\/posts\/145696\/revisions"}],"predecessor-version":[{"id":145697,"href":"https:\/\/www.bellunopress.it\/fr\/wp-json\/wp\/v2\/posts\/145696\/revisions\/145697"}],"wp:featuredmedia":[{"embeddable":true,"href":"https:\/\/www.bellunopress.it\/fr\/wp-json\/wp\/v2\/media\/110314"}],"wp:attachment":[{"href":"https:\/\/www.bellunopress.it\/fr\/wp-json\/wp\/v2\/media?parent=145696"}],"wp:term":[{"taxonomy":"category","embeddable":true,"href":"https:\/\/www.bellunopress.it\/fr\/wp-json\/wp\/v2\/categories?post=145696"},{"taxonomy":"post_tag","embeddable":true,"href":"https:\/\/www.bellunopress.it\/fr\/wp-json\/wp\/v2\/tags?post=145696"}],"curies":[{"name":"wp","href":"https:\/\/api.w.org\/{rel}","templated":true}]}}