{"id":145694,"date":"2023-11-12T09:25:59","date_gmt":"2023-11-12T08:25:59","guid":{"rendered":"https:\/\/www.bellunopress.it\/?p=145694"},"modified":"2023-11-07T09:32:15","modified_gmt":"2023-11-07T08:32:15","slug":"diabete-non-e-mai-troppo-tardi-per-la-prevenzione-conferenza-martedi-allospedale-s-martino","status":"publish","type":"post","link":"https:\/\/www.bellunopress.it\/fr\/2023\/11\/12\/diabete-non-e-mai-troppo-tardi-per-la-prevenzione-conferenza-martedi-allospedale-s-martino\/","title":{"rendered":"Diabete, non \u00e8 mai troppo tardi per la prevenzione. Conferenza marted\u00ec all&#8217;Ospedale S.Martino"},"content":{"rendered":"<p><img loading=\"lazy\" decoding=\"async\" class=\"alignleft size-full wp-image-124258\" src=\"https:\/\/www.bellunopress.it\/wp-content\/uploads\/2021\/05\/Lions-Club-Belluno.jpeg\" alt=\"\" width=\"170\" height=\"240\" \/>Il Lions Club Belluno ha organizzato una conferenza per il 14 novembre alle ore 18.00 nella Sala riunioni dell\u2019ospedale S. Martino di Belluno, su come e quanto migliorare il proprio stato di salute.<br \/>\nLe finalit\u00e0 di quest\u2019evento, aperto a tutti e che gode dei patrocini dell\u2019AULSS 1 Dolomiti, del Comune di Belluno e dell\u2019Ordine dei Medici di Belluno, sono sintetizzate nel titolo: \u201cNon \u00e9 mai troppo tardi per la prevenzione\u201d.<\/p>\n<p>Infatti, la dott.ssa Tiziana Roncada, medico, coordinatrice del service Diabete del Lions Club Belluno, che moderer\u00e0 la conferenza, spiega: \u201cLa lotta al diabete \u00e8 una delle cause umanitarie in cui i Lions sono impegnati da anni in tutto il mondo. In occasione della giornata mondiale del diabete desideriamo contribuire alla crescita di una maggiore consapevolezza di ci\u00f2 che ciascuno pu\u00f2 fare per migliorare il proprio stato di salute, con uno stile di vita sano, che riduca l\u2019incidenza del diabete, ma anche delle patologie correlate, quali obesit\u00e0, malattie cardiovascolari, ipertensione e tumori.\u00a0La dott.ssa Alagona, diabetologa del S. Martino di Belluno ci illustrer\u00e0 le dimensioni del problema a livello locale e mondiale, una vera e propria pandemia, le conseguenze e la necessit\u00e0 della prevenzione.<br \/>\nLa tavola rotonda verter\u00e0 proprio sulla prevenzione del diabete di tipo 2 e delle patologie correlate.<br \/>\nIl messaggio che vogliamo far arrivare \u00e8 che non \u00e9 mai troppo tardi per iniziare a prendersi cura della propria salute.<br \/>\nVorremmo far capire cosa si intende per stile di vita sano, perch\u00e9 sia cos\u00ec importante e perch\u00e9 si faccia cos\u00ec tanta fatica a adottarlo, pur conoscendone razionalmente i benefici.<br \/>\nDesideriamo inoltre dare dei suggerimenti semplici che tutti possono adottare per superare gli ostacoli mentali che frenano i nostri buoni propositi.\u201d<\/p>\n<p>Il programma dell\u2019incontro prevede l\u2019intervento introduttivo dal tema \u201cEpidemiologia del diabete: i numeri di un\u2019epidemia globale\u201d a cura della dott.ssa Corradina Alagona medico, Diabetologia AULSS1 Belluno.<br \/>\nSeguir\u00e0 la Tavola rotonda con gli esperti su aspetti nutrizionali, attivit\u00e0 fisica e benessere mentale per una vita consapevolmente pi\u00f9 sana.<br \/>\nInterverranno le dottoresse: Agnese Barattin, biologa nutrizionista, Debora Menichetti, biologa nutrizionista, Giulia Dal Canton, chinesiologa e massoterapista e Kira Stellato, psicologa della salute, PhD neuroscienze e scienze cognitive.<\/p>\n<p>\u00c8 un\u2019occasione importante da non perdere per conoscere e per approfondire un tema che \u00e8 sempre pi\u00f9 d\u2019attualit\u00e0 e che interessa tutti. Il diabete \u00e8 una malattia sempre pi\u00f9 diffusa che affligge oltre 400 milioni di persone nel mondo con una preoccupante tendenza di crescita. In Italia si calcola che il 9,2% della popolazione ha difficolt\u00e0 a mantenere sotto controllo la glicemia con ben 3 milioni di persone con diabete di tipo 2 diagnosticato e sotto terapia.<\/p>","protected":false},"excerpt":{"rendered":"<p>Il Lions Club Belluno ha organizzato una conferenza per il 14 novembre alle ore 18.00 nella Sala riunioni dell\u2019ospedale S. Martino di Belluno, su come e quanto migliorare il proprio stato di salute. Le finalit\u00e0 di quest\u2019evento, aperto a tutti e che gode dei patrocini dell\u2019AULSS 1 Dolomiti, del Comune di Belluno e dell\u2019Ordine dei [&hellip;]<\/p>\n","protected":false},"author":2,"featured_media":132457,"comment_status":"closed","ping_status":"open","sticky":false,"template":"","format":"standard","meta":{"footnotes":""},"categories":[17],"tags":[],"class_list":["post-145694","post","type-post","status-publish","format-standard","has-post-thumbnail","category-sanita"],"yoast_head":"<!-- This site is optimized with the Yoast SEO plugin v28.4 - https:\/\/yoast.com\/product\/yoast-seo-wordpress\/ -->\n<title>Diabete, non \u00e8 mai troppo tardi per la prevenzione. Conferenza marted\u00ec all&#039;Ospedale S.Martino - Bellunopress - Dolomiti<\/title>\n<meta name=\"robots\" content=\"index, follow, max-snippet:-1, max-image-preview:large, max-video-preview:-1\" \/>\n<link rel=\"canonical\" href=\"https:\/\/www.bellunopress.it\/fr\/2023\/11\/12\/diabete-non-e-mai-troppo-tardi-per-la-prevenzione-conferenza-martedi-allospedale-s-martino\/\" \/>\n<meta property=\"og:locale\" content=\"fr_FR\" \/>\n<meta property=\"og:type\" content=\"article\" \/>\n<meta property=\"og:title\" content=\"Diabete, non \u00e8 mai troppo tardi per la prevenzione. Conferenza marted\u00ec all&#039;Ospedale S.Martino - Bellunopress - Dolomiti\" \/>\n<meta property=\"og:description\" content=\"Il Lions Club Belluno ha organizzato una conferenza per il 14 novembre alle ore 18.00 nella Sala riunioni dell\u2019ospedale S. Martino di Belluno, su come e quanto migliorare il proprio stato di salute. Le finalit\u00e0 di quest\u2019evento, aperto a tutti e che gode dei patrocini dell\u2019AULSS 1 Dolomiti, del Comune di Belluno e dell\u2019Ordine dei [&hellip;]\" \/>\n<meta property=\"og:url\" content=\"https:\/\/www.bellunopress.it\/fr\/2023\/11\/12\/diabete-non-e-mai-troppo-tardi-per-la-prevenzione-conferenza-martedi-allospedale-s-martino\/\" \/>\n<meta property=\"og:site_name\" content=\"Bellunopress - Dolomiti\" \/>\n<meta property=\"article:publisher\" content=\"https:\/\/www.facebook.com\/profile.php?id=100008943462799\" \/>\n<meta property=\"article:published_time\" content=\"2023-11-12T08:25:59+00:00\" \/>\n<meta property=\"og:image\" content=\"https:\/\/www.bellunopress.it\/wp-content\/uploads\/2022\/04\/Lions-Club_edited.jpg\" \/>\n\t<meta property=\"og:image:width\" content=\"900\" \/>\n\t<meta property=\"og:image:height\" content=\"852\" \/>\n\t<meta property=\"og:image:type\" content=\"image\/jpeg\" \/>\n<meta name=\"author\" content=\"redazione\" \/>\n<meta name=\"twitter:card\" content=\"summary_large_image\" \/>\n<meta name=\"twitter:creator\" content=\"@bellunopress\" \/>\n<meta name=\"twitter:site\" content=\"@bellunopress\" \/>\n<meta name=\"twitter:label1\" content=\"\u00c9crit par\" \/>\n\t<meta name=\"twitter:data1\" content=\"redazione\" \/>\n\t<meta name=\"twitter:label2\" content=\"Dur\u00e9e de lecture estim\u00e9e\" \/>\n\t<meta name=\"twitter:data2\" content=\"2 minutes\" \/>\n<script type=\"application\/ld+json\" class=\"yoast-schema-graph\">{\"@context\":\"https:\\\/\\\/schema.org\",\"@graph\":[{\"@type\":\"Article\",\"@id\":\"https:\\\/\\\/www.bellunopress.it\\\/2023\\\/11\\\/12\\\/diabete-non-e-mai-troppo-tardi-per-la-prevenzione-conferenza-martedi-allospedale-s-martino\\\/#article\",\"isPartOf\":{\"@id\":\"https:\\\/\\\/www.bellunopress.it\\\/2023\\\/11\\\/12\\\/diabete-non-e-mai-troppo-tardi-per-la-prevenzione-conferenza-martedi-allospedale-s-martino\\\/\"},\"author\":{\"name\":\"redazione\",\"@id\":\"https:\\\/\\\/www.bellunopress.it\\\/#\\\/schema\\\/person\\\/79bb06722b37ece1c03d3e94beb30d73\"},\"headline\":\"Diabete, non \u00e8 mai troppo tardi per la prevenzione. Conferenza marted\u00ec all&#8217;Ospedale S.Martino\",\"datePublished\":\"2023-11-12T08:25:59+00:00\",\"mainEntityOfPage\":{\"@id\":\"https:\\\/\\\/www.bellunopress.it\\\/2023\\\/11\\\/12\\\/diabete-non-e-mai-troppo-tardi-per-la-prevenzione-conferenza-martedi-allospedale-s-martino\\\/\"},\"wordCount\":444,\"publisher\":{\"@id\":\"https:\\\/\\\/www.bellunopress.it\\\/#organization\"},\"image\":{\"@id\":\"https:\\\/\\\/www.bellunopress.it\\\/2023\\\/11\\\/12\\\/diabete-non-e-mai-troppo-tardi-per-la-prevenzione-conferenza-martedi-allospedale-s-martino\\\/#primaryimage\"},\"thumbnailUrl\":\"https:\\\/\\\/www.bellunopress.it\\\/wp-content\\\/uploads\\\/2022\\\/04\\\/Lions-Club_edited.jpg\",\"articleSection\":[\"Sanit\u00e0 Medicina\"],\"inLanguage\":\"fr-FR\"},{\"@type\":\"WebPage\",\"@id\":\"https:\\\/\\\/www.bellunopress.it\\\/2023\\\/11\\\/12\\\/diabete-non-e-mai-troppo-tardi-per-la-prevenzione-conferenza-martedi-allospedale-s-martino\\\/\",\"url\":\"https:\\\/\\\/www.bellunopress.it\\\/2023\\\/11\\\/12\\\/diabete-non-e-mai-troppo-tardi-per-la-prevenzione-conferenza-martedi-allospedale-s-martino\\\/\",\"name\":\"Diabete, non \u00e8 mai troppo tardi per la prevenzione. Conferenza marted\u00ec all'Ospedale S.Martino - Bellunopress - Dolomiti\",\"isPartOf\":{\"@id\":\"https:\\\/\\\/www.bellunopress.it\\\/#website\"},\"primaryImageOfPage\":{\"@id\":\"https:\\\/\\\/www.bellunopress.it\\\/2023\\\/11\\\/12\\\/diabete-non-e-mai-troppo-tardi-per-la-prevenzione-conferenza-martedi-allospedale-s-martino\\\/#primaryimage\"},\"image\":{\"@id\":\"https:\\\/\\\/www.bellunopress.it\\\/2023\\\/11\\\/12\\\/diabete-non-e-mai-troppo-tardi-per-la-prevenzione-conferenza-martedi-allospedale-s-martino\\\/#primaryimage\"},\"thumbnailUrl\":\"https:\\\/\\\/www.bellunopress.it\\\/wp-content\\\/uploads\\\/2022\\\/04\\\/Lions-Club_edited.jpg\",\"datePublished\":\"2023-11-12T08:25:59+00:00\",\"breadcrumb\":{\"@id\":\"https:\\\/\\\/www.bellunopress.it\\\/2023\\\/11\\\/12\\\/diabete-non-e-mai-troppo-tardi-per-la-prevenzione-conferenza-martedi-allospedale-s-martino\\\/#breadcrumb\"},\"inLanguage\":\"fr-FR\",\"potentialAction\":[{\"@type\":\"ReadAction\",\"target\":[\"https:\\\/\\\/www.bellunopress.it\\\/2023\\\/11\\\/12\\\/diabete-non-e-mai-troppo-tardi-per-la-prevenzione-conferenza-martedi-allospedale-s-martino\\\/\"]}]},{\"@type\":\"ImageObject\",\"inLanguage\":\"fr-FR\",\"@id\":\"https:\\\/\\\/www.bellunopress.it\\\/2023\\\/11\\\/12\\\/diabete-non-e-mai-troppo-tardi-per-la-prevenzione-conferenza-martedi-allospedale-s-martino\\\/#primaryimage\",\"url\":\"https:\\\/\\\/www.bellunopress.it\\\/wp-content\\\/uploads\\\/2022\\\/04\\\/Lions-Club_edited.jpg\",\"contentUrl\":\"https:\\\/\\\/www.bellunopress.it\\\/wp-content\\\/uploads\\\/2022\\\/04\\\/Lions-Club_edited.jpg\",\"width\":900,\"height\":852},{\"@type\":\"BreadcrumbList\",\"@id\":\"https:\\\/\\\/www.bellunopress.it\\\/2023\\\/11\\\/12\\\/diabete-non-e-mai-troppo-tardi-per-la-prevenzione-conferenza-martedi-allospedale-s-martino\\\/#breadcrumb\",\"itemListElement\":[{\"@type\":\"ListItem\",\"position\":1,\"name\":\"Home\",\"item\":\"https:\\\/\\\/www.bellunopress.it\\\/\"},{\"@type\":\"ListItem\",\"position\":2,\"name\":\"Diabete, non \u00e8 mai troppo tardi per la prevenzione. Conferenza marted\u00ec all&#8217;Ospedale S.Martino\"}]},{\"@type\":\"WebSite\",\"@id\":\"https:\\\/\\\/www.bellunopress.it\\\/#website\",\"url\":\"https:\\\/\\\/www.bellunopress.it\\\/\",\"name\":\"Bellunopress - Dolomiti\",\"description\":\"e-mail: redazione@bellunopress.it\",\"publisher\":{\"@id\":\"https:\\\/\\\/www.bellunopress.it\\\/#organization\"},\"potentialAction\":[{\"@type\":\"SearchAction\",\"target\":{\"@type\":\"EntryPoint\",\"urlTemplate\":\"https:\\\/\\\/www.bellunopress.it\\\/?s={search_term_string}\"},\"query-input\":{\"@type\":\"PropertyValueSpecification\",\"valueRequired\":true,\"valueName\":\"search_term_string\"}}],\"inLanguage\":\"fr-FR\"},{\"@type\":\"Organization\",\"@id\":\"https:\\\/\\\/www.bellunopress.it\\\/#organization\",\"name\":\"Bellunopress\",\"url\":\"https:\\\/\\\/www.bellunopress.it\\\/\",\"logo\":{\"@type\":\"ImageObject\",\"inLanguage\":\"fr-FR\",\"@id\":\"https:\\\/\\\/www.bellunopress.it\\\/#\\\/schema\\\/logo\\\/image\\\/\",\"url\":\"https:\\\/\\\/www.bellunopress.it\\\/wp-content\\\/uploads\\\/2011\\\/05\\\/cropped-logo-bellunopress-.jpg\",\"contentUrl\":\"https:\\\/\\\/www.bellunopress.it\\\/wp-content\\\/uploads\\\/2011\\\/05\\\/cropped-logo-bellunopress-.jpg\",\"width\":512,\"height\":512,\"caption\":\"Bellunopress\"},\"image\":{\"@id\":\"https:\\\/\\\/www.bellunopress.it\\\/#\\\/schema\\\/logo\\\/image\\\/\"},\"sameAs\":[\"https:\\\/\\\/www.facebook.com\\\/profile.php?id=100008943462799\",\"https:\\\/\\\/x.com\\\/bellunopress\",\"https:\\\/\\\/www.linkedin.com\\\/hp\\\/?dnr=JBzUWaJfMUw8vbXJJ2tVW5-I3jZKvC4wsoxE&amp;amp;amp;amp;amp;amp;trk=nav_responsive_tab_home\",\"https:\\\/\\\/www.youtube.com\\\/channel\\\/UCxL0wu1uN0_3_7hGG0306cw\"]},{\"@type\":\"Person\",\"@id\":\"https:\\\/\\\/www.bellunopress.it\\\/#\\\/schema\\\/person\\\/79bb06722b37ece1c03d3e94beb30d73\",\"name\":\"redazione\",\"image\":{\"@type\":\"ImageObject\",\"inLanguage\":\"fr-FR\",\"@id\":\"https:\\\/\\\/secure.gravatar.com\\\/avatar\\\/37d968a2e67a6fd04c169c4bdef102d0bc5d31b2546345219e348575eb80e9a0?s=96&d=mm&r=g\",\"url\":\"https:\\\/\\\/secure.gravatar.com\\\/avatar\\\/37d968a2e67a6fd04c169c4bdef102d0bc5d31b2546345219e348575eb80e9a0?s=96&d=mm&r=g\",\"contentUrl\":\"https:\\\/\\\/secure.gravatar.com\\\/avatar\\\/37d968a2e67a6fd04c169c4bdef102d0bc5d31b2546345219e348575eb80e9a0?s=96&d=mm&r=g\",\"caption\":\"redazione\"},\"sameAs\":[\"http:\\\/\\\/www.bellunopress.it\",\"https:\\\/\\\/x.com\\\/bellunopress\"],\"url\":\"https:\\\/\\\/www.bellunopress.it\\\/fr\\\/author\\\/redazione\\\/\"}]}<\/script>\n<!-- \/ Yoast SEO plugin. -->","yoast_head_json":{"title":"Diabete, non \u00e8 mai troppo tardi per la prevenzione. Conferenza marted\u00ec all'Ospedale S.Martino - Bellunopress - Dolomiti","robots":{"index":"index","follow":"follow","max-snippet":"max-snippet:-1","max-image-preview":"max-image-preview:large","max-video-preview":"max-video-preview:-1"},"canonical":"https:\/\/www.bellunopress.it\/fr\/2023\/11\/12\/diabete-non-e-mai-troppo-tardi-per-la-prevenzione-conferenza-martedi-allospedale-s-martino\/","og_locale":"fr_FR","og_type":"article","og_title":"Diabete, non \u00e8 mai troppo tardi per la prevenzione. Conferenza marted\u00ec all'Ospedale S.Martino - Bellunopress - Dolomiti","og_description":"Il Lions Club Belluno ha organizzato una conferenza per il 14 novembre alle ore 18.00 nella Sala riunioni dell\u2019ospedale S. Martino di Belluno, su come e quanto migliorare il proprio stato di salute. Le finalit\u00e0 di quest\u2019evento, aperto a tutti e che gode dei patrocini dell\u2019AULSS 1 Dolomiti, del Comune di Belluno e dell\u2019Ordine dei [&hellip;]","og_url":"https:\/\/www.bellunopress.it\/fr\/2023\/11\/12\/diabete-non-e-mai-troppo-tardi-per-la-prevenzione-conferenza-martedi-allospedale-s-martino\/","og_site_name":"Bellunopress - Dolomiti","article_publisher":"https:\/\/www.facebook.com\/profile.php?id=100008943462799","article_published_time":"2023-11-12T08:25:59+00:00","og_image":[{"width":900,"height":852,"url":"https:\/\/www.bellunopress.it\/wp-content\/uploads\/2022\/04\/Lions-Club_edited.jpg","type":"image\/jpeg"}],"author":"redazione","twitter_card":"summary_large_image","twitter_creator":"@bellunopress","twitter_site":"@bellunopress","twitter_misc":{"\u00c9crit par":"redazione","Dur\u00e9e de lecture estim\u00e9e":"2 minutes"},"schema":{"@context":"https:\/\/schema.org","@graph":[{"@type":"Article","@id":"https:\/\/www.bellunopress.it\/2023\/11\/12\/diabete-non-e-mai-troppo-tardi-per-la-prevenzione-conferenza-martedi-allospedale-s-martino\/#article","isPartOf":{"@id":"https:\/\/www.bellunopress.it\/2023\/11\/12\/diabete-non-e-mai-troppo-tardi-per-la-prevenzione-conferenza-martedi-allospedale-s-martino\/"},"author":{"name":"redazione","@id":"https:\/\/www.bellunopress.it\/#\/schema\/person\/79bb06722b37ece1c03d3e94beb30d73"},"headline":"Diabete, non \u00e8 mai troppo tardi per la prevenzione. Conferenza marted\u00ec all&#8217;Ospedale S.Martino","datePublished":"2023-11-12T08:25:59+00:00","mainEntityOfPage":{"@id":"https:\/\/www.bellunopress.it\/2023\/11\/12\/diabete-non-e-mai-troppo-tardi-per-la-prevenzione-conferenza-martedi-allospedale-s-martino\/"},"wordCount":444,"publisher":{"@id":"https:\/\/www.bellunopress.it\/#organization"},"image":{"@id":"https:\/\/www.bellunopress.it\/2023\/11\/12\/diabete-non-e-mai-troppo-tardi-per-la-prevenzione-conferenza-martedi-allospedale-s-martino\/#primaryimage"},"thumbnailUrl":"https:\/\/www.bellunopress.it\/wp-content\/uploads\/2022\/04\/Lions-Club_edited.jpg","articleSection":["Sanit\u00e0 Medicina"],"inLanguage":"fr-FR"},{"@type":"WebPage","@id":"https:\/\/www.bellunopress.it\/2023\/11\/12\/diabete-non-e-mai-troppo-tardi-per-la-prevenzione-conferenza-martedi-allospedale-s-martino\/","url":"https:\/\/www.bellunopress.it\/2023\/11\/12\/diabete-non-e-mai-troppo-tardi-per-la-prevenzione-conferenza-martedi-allospedale-s-martino\/","name":"Diabete, non \u00e8 mai troppo tardi per la prevenzione. Conferenza marted\u00ec all'Ospedale S.Martino - Bellunopress - Dolomiti","isPartOf":{"@id":"https:\/\/www.bellunopress.it\/#website"},"primaryImageOfPage":{"@id":"https:\/\/www.bellunopress.it\/2023\/11\/12\/diabete-non-e-mai-troppo-tardi-per-la-prevenzione-conferenza-martedi-allospedale-s-martino\/#primaryimage"},"image":{"@id":"https:\/\/www.bellunopress.it\/2023\/11\/12\/diabete-non-e-mai-troppo-tardi-per-la-prevenzione-conferenza-martedi-allospedale-s-martino\/#primaryimage"},"thumbnailUrl":"https:\/\/www.bellunopress.it\/wp-content\/uploads\/2022\/04\/Lions-Club_edited.jpg","datePublished":"2023-11-12T08:25:59+00:00","breadcrumb":{"@id":"https:\/\/www.bellunopress.it\/2023\/11\/12\/diabete-non-e-mai-troppo-tardi-per-la-prevenzione-conferenza-martedi-allospedale-s-martino\/#breadcrumb"},"inLanguage":"fr-FR","potentialAction":[{"@type":"ReadAction","target":["https:\/\/www.bellunopress.it\/2023\/11\/12\/diabete-non-e-mai-troppo-tardi-per-la-prevenzione-conferenza-martedi-allospedale-s-martino\/"]}]},{"@type":"ImageObject","inLanguage":"fr-FR","@id":"https:\/\/www.bellunopress.it\/2023\/11\/12\/diabete-non-e-mai-troppo-tardi-per-la-prevenzione-conferenza-martedi-allospedale-s-martino\/#primaryimage","url":"https:\/\/www.bellunopress.it\/wp-content\/uploads\/2022\/04\/Lions-Club_edited.jpg","contentUrl":"https:\/\/www.bellunopress.it\/wp-content\/uploads\/2022\/04\/Lions-Club_edited.jpg","width":900,"height":852},{"@type":"BreadcrumbList","@id":"https:\/\/www.bellunopress.it\/2023\/11\/12\/diabete-non-e-mai-troppo-tardi-per-la-prevenzione-conferenza-martedi-allospedale-s-martino\/#breadcrumb","itemListElement":[{"@type":"ListItem","position":1,"name":"Home","item":"https:\/\/www.bellunopress.it\/"},{"@type":"ListItem","position":2,"name":"Diabete, non \u00e8 mai troppo tardi per la prevenzione. Conferenza marted\u00ec all&#8217;Ospedale S.Martino"}]},{"@type":"WebSite","@id":"https:\/\/www.bellunopress.it\/#website","url":"https:\/\/www.bellunopress.it\/","name":"Bellunopress - Dolomiti","description":"e-mail: redazione@bellunopress.it","publisher":{"@id":"https:\/\/www.bellunopress.it\/#organization"},"potentialAction":[{"@type":"SearchAction","target":{"@type":"EntryPoint","urlTemplate":"https:\/\/www.bellunopress.it\/?s={search_term_string}"},"query-input":{"@type":"PropertyValueSpecification","valueRequired":true,"valueName":"search_term_string"}}],"inLanguage":"fr-FR"},{"@type":"Organization","@id":"https:\/\/www.bellunopress.it\/#organization","name":"Bellunopress","url":"https:\/\/www.bellunopress.it\/","logo":{"@type":"ImageObject","inLanguage":"fr-FR","@id":"https:\/\/www.bellunopress.it\/#\/schema\/logo\/image\/","url":"https:\/\/www.bellunopress.it\/wp-content\/uploads\/2011\/05\/cropped-logo-bellunopress-.jpg","contentUrl":"https:\/\/www.bellunopress.it\/wp-content\/uploads\/2011\/05\/cropped-logo-bellunopress-.jpg","width":512,"height":512,"caption":"Bellunopress"},"image":{"@id":"https:\/\/www.bellunopress.it\/#\/schema\/logo\/image\/"},"sameAs":["https:\/\/www.facebook.com\/profile.php?id=100008943462799","https:\/\/x.com\/bellunopress","https:\/\/www.linkedin.com\/hp\/?dnr=JBzUWaJfMUw8vbXJJ2tVW5-I3jZKvC4wsoxE&amp;amp;amp;amp;amp;amp;trk=nav_responsive_tab_home","https:\/\/www.youtube.com\/channel\/UCxL0wu1uN0_3_7hGG0306cw"]},{"@type":"Person","@id":"https:\/\/www.bellunopress.it\/#\/schema\/person\/79bb06722b37ece1c03d3e94beb30d73","name":"r\u00e9daction","image":{"@type":"ImageObject","inLanguage":"fr-FR","@id":"https:\/\/secure.gravatar.com\/avatar\/37d968a2e67a6fd04c169c4bdef102d0bc5d31b2546345219e348575eb80e9a0?s=96&d=mm&r=g","url":"https:\/\/secure.gravatar.com\/avatar\/37d968a2e67a6fd04c169c4bdef102d0bc5d31b2546345219e348575eb80e9a0?s=96&d=mm&r=g","contentUrl":"https:\/\/secure.gravatar.com\/avatar\/37d968a2e67a6fd04c169c4bdef102d0bc5d31b2546345219e348575eb80e9a0?s=96&d=mm&r=g","caption":"redazione"},"sameAs":["http:\/\/www.bellunopress.it","https:\/\/x.com\/bellunopress"],"url":"https:\/\/www.bellunopress.it\/fr\/author\/redazione\/"}]}},"_links":{"self":[{"href":"https:\/\/www.bellunopress.it\/fr\/wp-json\/wp\/v2\/posts\/145694","targetHints":{"allow":["GET"]}}],"collection":[{"href":"https:\/\/www.bellunopress.it\/fr\/wp-json\/wp\/v2\/posts"}],"about":[{"href":"https:\/\/www.bellunopress.it\/fr\/wp-json\/wp\/v2\/types\/post"}],"author":[{"embeddable":true,"href":"https:\/\/www.bellunopress.it\/fr\/wp-json\/wp\/v2\/users\/2"}],"replies":[{"embeddable":true,"href":"https:\/\/www.bellunopress.it\/fr\/wp-json\/wp\/v2\/comments?post=145694"}],"version-history":[{"count":1,"href":"https:\/\/www.bellunopress.it\/fr\/wp-json\/wp\/v2\/posts\/145694\/revisions"}],"predecessor-version":[{"id":145695,"href":"https:\/\/www.bellunopress.it\/fr\/wp-json\/wp\/v2\/posts\/145694\/revisions\/145695"}],"wp:featuredmedia":[{"embeddable":true,"href":"https:\/\/www.bellunopress.it\/fr\/wp-json\/wp\/v2\/media\/132457"}],"wp:attachment":[{"href":"https:\/\/www.bellunopress.it\/fr\/wp-json\/wp\/v2\/media?parent=145694"}],"wp:term":[{"taxonomy":"category","embeddable":true,"href":"https:\/\/www.bellunopress.it\/fr\/wp-json\/wp\/v2\/categories?post=145694"},{"taxonomy":"post_tag","embeddable":true,"href":"https:\/\/www.bellunopress.it\/fr\/wp-json\/wp\/v2\/tags?post=145694"}],"curies":[{"name":"wp","href":"https:\/\/api.w.org\/{rel}","templated":true}]}}