{"id":145684,"date":"2023-11-06T20:19:30","date_gmt":"2023-11-06T19:19:30","guid":{"rendered":"https:\/\/www.bellunopress.it\/?p=145684"},"modified":"2023-11-06T20:19:30","modified_gmt":"2023-11-06T19:19:30","slug":"thelios-acquisisce-il-brand-eyewear-di-lusso-barton-perreira","status":"publish","type":"post","link":"https:\/\/www.bellunopress.it\/fr\/2023\/11\/06\/thelios-acquisisce-il-brand-eyewear-di-lusso-barton-perreira\/","title":{"rendered":"Th\u00e9lios acquisisce il brand eyewear di lusso Barton Perreira"},"content":{"rendered":"<p><img loading=\"lazy\" decoding=\"async\" class=\"alignleft size-full wp-image-136977\" src=\"https:\/\/www.bellunopress.it\/wp-content\/uploads\/2022\/10\/thelios_edited.jpg\" alt=\"\" width=\"1000\" height=\"633\" srcset=\"https:\/\/www.bellunopress.it\/wp-content\/uploads\/2022\/10\/thelios_edited.jpg 1000w, https:\/\/www.bellunopress.it\/wp-content\/uploads\/2022\/10\/thelios_edited-500x317.jpg 500w, https:\/\/www.bellunopress.it\/wp-content\/uploads\/2022\/10\/thelios_edited-696x441.jpg 696w, https:\/\/www.bellunopress.it\/wp-content\/uploads\/2022\/10\/thelios_edited-664x420.jpg 664w\" sizes=\"auto, (max-width: 1000px) 100vw, 1000px\" \/>Longarone, 6 novembre 2023 \u2013 Th\u00e9lios annuncia la firma dell\u2019accordo per l\u2019acquisizione di Barton Perreira, azienda celebre nel settore dell\u2019occhialeria di lusso, fondata da Bill Barton e Patty Perreira nel 2007 a Los Angeles, in California.<\/p>\n<figure id=\"attachment_145685\" aria-describedby=\"caption-attachment-145685\" style=\"width: 667px\" class=\"wp-caption alignleft\"><img loading=\"lazy\" decoding=\"async\" class=\"size-full wp-image-145685\" src=\"https:\/\/www.bellunopress.it\/wp-content\/uploads\/2023\/11\/Barton-Perreira-Jagger_edited.jpg\" alt=\"\" width=\"667\" height=\"1000\" srcset=\"https:\/\/www.bellunopress.it\/wp-content\/uploads\/2023\/11\/Barton-Perreira-Jagger_edited.jpg 667w, https:\/\/www.bellunopress.it\/wp-content\/uploads\/2023\/11\/Barton-Perreira-Jagger_edited-334x500.jpg 334w\" sizes=\"auto, (max-width: 667px) 100vw, 667px\" \/><figcaption id=\"caption-attachment-145685\" class=\"wp-caption-text\">Barton Perreira, Jagger<\/figcaption><\/figure>\n<figure id=\"attachment_145686\" aria-describedby=\"caption-attachment-145686\" style=\"width: 666px\" class=\"wp-caption alignleft\"><img loading=\"lazy\" decoding=\"async\" class=\"size-full wp-image-145686\" src=\"https:\/\/www.bellunopress.it\/wp-content\/uploads\/2023\/11\/Alessandro-Zanardo-CEO-Thelios_photo-Stefanie-Rex_edited.jpg\" alt=\"\" width=\"666\" height=\"1000\" srcset=\"https:\/\/www.bellunopress.it\/wp-content\/uploads\/2023\/11\/Alessandro-Zanardo-CEO-Thelios_photo-Stefanie-Rex_edited.jpg 666w, https:\/\/www.bellunopress.it\/wp-content\/uploads\/2023\/11\/Alessandro-Zanardo-CEO-Thelios_photo-Stefanie-Rex_edited-333x500.jpg 333w\" sizes=\"auto, (max-width: 666px) 100vw, 666px\" \/><figcaption id=\"caption-attachment-145686\" class=\"wp-caption-text\">Alessandro Zanardo, CEO of Th\u00e9lios &#8211; LVMH eyewear excellence, is in the manufacturing of the company in Longarone, Italy.<\/figcaption><\/figure>\n<p>Barton Perreira, sinonimo di un design essenziale e di un&#8217;artigianalit\u00e0 di altissimo livello, si \u00e8 affermata tra i migliori marchi di occhiali, conquistando una clientela fedele alle sue splendide collezioni.<br \/>\nQuesta acquisizione rafforza ulteriormente il portafoglio marchi con un intramontabile e raffinato brand, che contribuir\u00e0 a consolidare la leadership di Th\u00e9lios nell&#8217;eccellenza dell&#8217;occhialeria di lusso.<\/p>\n<p>Alessandro Zanardo, CEO di Th\u00e9lios ha dichiarato: \u201cSiamo entusiasti di accogliere Barton Perreira nel nostro portafoglio di Maison. Il marchio \u00e8 una vera e proprio perla nel settore dell&#8217;occhialeria, sinonimo di lusso essenziale, design senza tempo ed eccezionale maestria artigianale. Non vediamo l\u2019ora di lavorare con il talentuoso team di Barton Perreira, ci dedicheremo a preservarne l&#8217;identit\u00e0 inconfondibile, utilizzando al meglio le nostre risorse e la nostra esperienza per sviluppare ulteriormente il marchio.&#8221;<\/p>\n<p>Bill Barton, cofondatore e CEO di Barton Perreira, e Patty Perreira, cofondatrice e designer di Barton Perreira, hanno espresso il loro entusiasmo per l&#8217;acquisizione, dichiarando: &#8220;Siamo incredibilmente orgogliosi di ci\u00f2 che Barton Perreira ha raggiunto nel corso degli anni e crediamo che questa partnership con Th\u00e9lios porter\u00e0 il nostro marchio a nuovi livelli. Th\u00e9lios condivide la nostra passione per l&#8217;artigianato e la qualit\u00e0, e siamo entusiasti di poter assistere ai meravigliosi risultati che raggiungeremo insieme.&#8221;<br \/>\nGrazie all\u2019esperienza di Th\u00e9lios e Barton Perreira, questa collaborazione porter\u00e0 entrambe le aziende a raggiungere nuovi traguardi nel settore dell&#8217;occhialeria. Attraverso la selettiva rete di distribuzione di Th\u00e9lios, Barton Perreira sar\u00e0 introdotto nei migliori negozi di ottica di tutto il mondo, a integrazione delle boutique del marchio. Il brand, che ha una forte presenza nel mercato statunitense, potr\u00e0 inoltre beneficiare del know-how e della visibilit\u00e0 internazionale di Th\u00e9lios nel settore del lusso, per espandersi nei mercati ad alto potenziale in Europa e in Asia.<\/p>\n<p>Sia Bill Barton che Patty Perreira manterranno i rispettivi ruoli in azienda e continueranno a guidare il marchio nella sua nuova fase di crescita.<br \/>\nLa conclusione dell\u2019operazione \u00e8 prevista nelle prossime settimane.<br \/>\nTh\u00e9lios aveva recentemente annunciato l&#8217;acquisizione di Vuarnet, suo primo marchio di propriet\u00e0. L&#8217;iconico marchio francese di occhiali ha una forte tradizione e una riconosciuta capacit\u00e0 artigianale nel campo delle lenti minerali.<\/p>\n<p>&nbsp;<\/p>","protected":false},"excerpt":{"rendered":"<p>Longarone, 6 novembre 2023 \u2013 Th\u00e9lios annuncia la firma dell\u2019accordo per l\u2019acquisizione di Barton Perreira, azienda celebre nel settore dell\u2019occhialeria di lusso, fondata da Bill Barton e Patty Perreira nel 2007 a Los Angeles, in California. Barton Perreira, sinonimo di un design essenziale e di un&#8217;artigianalit\u00e0 di altissimo livello, si \u00e8 affermata tra i migliori [&hellip;]<\/p>\n","protected":false},"author":2,"featured_media":145685,"comment_status":"closed","ping_status":"open","sticky":false,"template":"","format":"standard","meta":{"footnotes":""},"categories":[36,26],"tags":[],"class_list":["post-145684","post","type-post","status-publish","format-standard","has-post-thumbnail","category-lavoro-economia","category-prima-pagina"],"yoast_head":"<!-- This site is optimized with the Yoast SEO plugin v28.4 - https:\/\/yoast.com\/product\/yoast-seo-wordpress\/ -->\n<title>Th\u00e9lios acquisisce il brand eyewear di lusso Barton Perreira - Bellunopress - Dolomiti<\/title>\n<meta name=\"robots\" content=\"index, follow, max-snippet:-1, max-image-preview:large, max-video-preview:-1\" \/>\n<link rel=\"canonical\" href=\"https:\/\/www.bellunopress.it\/fr\/2023\/11\/06\/thelios-acquisisce-il-brand-eyewear-di-lusso-barton-perreira\/\" \/>\n<meta property=\"og:locale\" content=\"fr_FR\" \/>\n<meta property=\"og:type\" content=\"article\" \/>\n<meta property=\"og:title\" content=\"Th\u00e9lios acquisisce il brand eyewear di lusso Barton Perreira - Bellunopress - Dolomiti\" \/>\n<meta property=\"og:description\" content=\"Longarone, 6 novembre 2023 \u2013 Th\u00e9lios annuncia la firma dell\u2019accordo per l\u2019acquisizione di Barton Perreira, azienda celebre nel settore dell\u2019occhialeria di lusso, fondata da Bill Barton e Patty Perreira nel 2007 a Los Angeles, in California. Barton Perreira, sinonimo di un design essenziale e di un&#8217;artigianalit\u00e0 di altissimo livello, si \u00e8 affermata tra i migliori [&hellip;]\" \/>\n<meta property=\"og:url\" content=\"https:\/\/www.bellunopress.it\/fr\/2023\/11\/06\/thelios-acquisisce-il-brand-eyewear-di-lusso-barton-perreira\/\" \/>\n<meta property=\"og:site_name\" content=\"Bellunopress - Dolomiti\" \/>\n<meta property=\"article:publisher\" content=\"https:\/\/www.facebook.com\/profile.php?id=100008943462799\" \/>\n<meta property=\"article:published_time\" content=\"2023-11-06T19:19:30+00:00\" \/>\n<meta property=\"og:image\" content=\"https:\/\/www.bellunopress.it\/wp-content\/uploads\/2023\/11\/Barton-Perreira-Jagger_edited.jpg\" \/>\n\t<meta property=\"og:image:width\" content=\"667\" \/>\n\t<meta property=\"og:image:height\" content=\"1000\" \/>\n\t<meta property=\"og:image:type\" content=\"image\/jpeg\" \/>\n<meta name=\"author\" content=\"redazione\" \/>\n<meta name=\"twitter:card\" content=\"summary_large_image\" \/>\n<meta name=\"twitter:creator\" content=\"@bellunopress\" \/>\n<meta name=\"twitter:site\" content=\"@bellunopress\" \/>\n<meta name=\"twitter:label1\" content=\"Written by\" \/>\n\t<meta name=\"twitter:data1\" content=\"redazione\" \/>\n\t<meta name=\"twitter:label2\" content=\"Est. reading time\" \/>\n\t<meta name=\"twitter:data2\" content=\"2 minutes\" \/>\n<script type=\"application\/ld+json\" class=\"yoast-schema-graph\">{\"@context\":\"https:\\\/\\\/schema.org\",\"@graph\":[{\"@type\":\"Article\",\"@id\":\"https:\\\/\\\/www.bellunopress.it\\\/2023\\\/11\\\/06\\\/thelios-acquisisce-il-brand-eyewear-di-lusso-barton-perreira\\\/#article\",\"isPartOf\":{\"@id\":\"https:\\\/\\\/www.bellunopress.it\\\/2023\\\/11\\\/06\\\/thelios-acquisisce-il-brand-eyewear-di-lusso-barton-perreira\\\/\"},\"author\":{\"name\":\"redazione\",\"@id\":\"https:\\\/\\\/www.bellunopress.it\\\/#\\\/schema\\\/person\\\/79bb06722b37ece1c03d3e94beb30d73\"},\"headline\":\"Th\u00e9lios acquisisce il brand eyewear di lusso Barton Perreira\",\"datePublished\":\"2023-11-06T19:19:30+00:00\",\"mainEntityOfPage\":{\"@id\":\"https:\\\/\\\/www.bellunopress.it\\\/2023\\\/11\\\/06\\\/thelios-acquisisce-il-brand-eyewear-di-lusso-barton-perreira\\\/\"},\"wordCount\":452,\"publisher\":{\"@id\":\"https:\\\/\\\/www.bellunopress.it\\\/#organization\"},\"image\":{\"@id\":\"https:\\\/\\\/www.bellunopress.it\\\/2023\\\/11\\\/06\\\/thelios-acquisisce-il-brand-eyewear-di-lusso-barton-perreira\\\/#primaryimage\"},\"thumbnailUrl\":\"https:\\\/\\\/www.bellunopress.it\\\/wp-content\\\/uploads\\\/2023\\\/11\\\/Barton-Perreira-Jagger_edited.jpg\",\"articleSection\":[\"Lavoro, Economia, Turismo\",\"Prima Pagina\"],\"inLanguage\":\"fr-FR\"},{\"@type\":\"WebPage\",\"@id\":\"https:\\\/\\\/www.bellunopress.it\\\/2023\\\/11\\\/06\\\/thelios-acquisisce-il-brand-eyewear-di-lusso-barton-perreira\\\/\",\"url\":\"https:\\\/\\\/www.bellunopress.it\\\/2023\\\/11\\\/06\\\/thelios-acquisisce-il-brand-eyewear-di-lusso-barton-perreira\\\/\",\"name\":\"Th\u00e9lios acquisisce il brand eyewear di lusso Barton Perreira - Bellunopress - Dolomiti\",\"isPartOf\":{\"@id\":\"https:\\\/\\\/www.bellunopress.it\\\/#website\"},\"primaryImageOfPage\":{\"@id\":\"https:\\\/\\\/www.bellunopress.it\\\/2023\\\/11\\\/06\\\/thelios-acquisisce-il-brand-eyewear-di-lusso-barton-perreira\\\/#primaryimage\"},\"image\":{\"@id\":\"https:\\\/\\\/www.bellunopress.it\\\/2023\\\/11\\\/06\\\/thelios-acquisisce-il-brand-eyewear-di-lusso-barton-perreira\\\/#primaryimage\"},\"thumbnailUrl\":\"https:\\\/\\\/www.bellunopress.it\\\/wp-content\\\/uploads\\\/2023\\\/11\\\/Barton-Perreira-Jagger_edited.jpg\",\"datePublished\":\"2023-11-06T19:19:30+00:00\",\"breadcrumb\":{\"@id\":\"https:\\\/\\\/www.bellunopress.it\\\/2023\\\/11\\\/06\\\/thelios-acquisisce-il-brand-eyewear-di-lusso-barton-perreira\\\/#breadcrumb\"},\"inLanguage\":\"fr-FR\",\"potentialAction\":[{\"@type\":\"ReadAction\",\"target\":[\"https:\\\/\\\/www.bellunopress.it\\\/2023\\\/11\\\/06\\\/thelios-acquisisce-il-brand-eyewear-di-lusso-barton-perreira\\\/\"]}]},{\"@type\":\"ImageObject\",\"inLanguage\":\"fr-FR\",\"@id\":\"https:\\\/\\\/www.bellunopress.it\\\/2023\\\/11\\\/06\\\/thelios-acquisisce-il-brand-eyewear-di-lusso-barton-perreira\\\/#primaryimage\",\"url\":\"https:\\\/\\\/www.bellunopress.it\\\/wp-content\\\/uploads\\\/2023\\\/11\\\/Barton-Perreira-Jagger_edited.jpg\",\"contentUrl\":\"https:\\\/\\\/www.bellunopress.it\\\/wp-content\\\/uploads\\\/2023\\\/11\\\/Barton-Perreira-Jagger_edited.jpg\",\"width\":667,\"height\":1000,\"caption\":\"Barton Perreira, Jagger\"},{\"@type\":\"BreadcrumbList\",\"@id\":\"https:\\\/\\\/www.bellunopress.it\\\/2023\\\/11\\\/06\\\/thelios-acquisisce-il-brand-eyewear-di-lusso-barton-perreira\\\/#breadcrumb\",\"itemListElement\":[{\"@type\":\"ListItem\",\"position\":1,\"name\":\"Home\",\"item\":\"https:\\\/\\\/www.bellunopress.it\\\/\"},{\"@type\":\"ListItem\",\"position\":2,\"name\":\"Th\u00e9lios acquisisce il brand eyewear di lusso Barton Perreira\"}]},{\"@type\":\"WebSite\",\"@id\":\"https:\\\/\\\/www.bellunopress.it\\\/#website\",\"url\":\"https:\\\/\\\/www.bellunopress.it\\\/\",\"name\":\"Bellunopress - Dolomiti\",\"description\":\"e-mail: redazione@bellunopress.it\",\"publisher\":{\"@id\":\"https:\\\/\\\/www.bellunopress.it\\\/#organization\"},\"potentialAction\":[{\"@type\":\"SearchAction\",\"target\":{\"@type\":\"EntryPoint\",\"urlTemplate\":\"https:\\\/\\\/www.bellunopress.it\\\/?s={search_term_string}\"},\"query-input\":{\"@type\":\"PropertyValueSpecification\",\"valueRequired\":true,\"valueName\":\"search_term_string\"}}],\"inLanguage\":\"fr-FR\"},{\"@type\":\"Organization\",\"@id\":\"https:\\\/\\\/www.bellunopress.it\\\/#organization\",\"name\":\"Bellunopress\",\"url\":\"https:\\\/\\\/www.bellunopress.it\\\/\",\"logo\":{\"@type\":\"ImageObject\",\"inLanguage\":\"fr-FR\",\"@id\":\"https:\\\/\\\/www.bellunopress.it\\\/#\\\/schema\\\/logo\\\/image\\\/\",\"url\":\"https:\\\/\\\/www.bellunopress.it\\\/wp-content\\\/uploads\\\/2011\\\/05\\\/cropped-logo-bellunopress-.jpg\",\"contentUrl\":\"https:\\\/\\\/www.bellunopress.it\\\/wp-content\\\/uploads\\\/2011\\\/05\\\/cropped-logo-bellunopress-.jpg\",\"width\":512,\"height\":512,\"caption\":\"Bellunopress\"},\"image\":{\"@id\":\"https:\\\/\\\/www.bellunopress.it\\\/#\\\/schema\\\/logo\\\/image\\\/\"},\"sameAs\":[\"https:\\\/\\\/www.facebook.com\\\/profile.php?id=100008943462799\",\"https:\\\/\\\/x.com\\\/bellunopress\",\"https:\\\/\\\/www.linkedin.com\\\/hp\\\/?dnr=JBzUWaJfMUw8vbXJJ2tVW5-I3jZKvC4wsoxE&amp;amp;amp;amp;amp;amp;trk=nav_responsive_tab_home\",\"https:\\\/\\\/www.youtube.com\\\/channel\\\/UCxL0wu1uN0_3_7hGG0306cw\"]},{\"@type\":\"Person\",\"@id\":\"https:\\\/\\\/www.bellunopress.it\\\/#\\\/schema\\\/person\\\/79bb06722b37ece1c03d3e94beb30d73\",\"name\":\"redazione\",\"image\":{\"@type\":\"ImageObject\",\"inLanguage\":\"fr-FR\",\"@id\":\"https:\\\/\\\/secure.gravatar.com\\\/avatar\\\/37d968a2e67a6fd04c169c4bdef102d0bc5d31b2546345219e348575eb80e9a0?s=96&d=mm&r=g\",\"url\":\"https:\\\/\\\/secure.gravatar.com\\\/avatar\\\/37d968a2e67a6fd04c169c4bdef102d0bc5d31b2546345219e348575eb80e9a0?s=96&d=mm&r=g\",\"contentUrl\":\"https:\\\/\\\/secure.gravatar.com\\\/avatar\\\/37d968a2e67a6fd04c169c4bdef102d0bc5d31b2546345219e348575eb80e9a0?s=96&d=mm&r=g\",\"caption\":\"redazione\"},\"sameAs\":[\"http:\\\/\\\/www.bellunopress.it\",\"https:\\\/\\\/x.com\\\/bellunopress\"],\"url\":\"https:\\\/\\\/www.bellunopress.it\\\/fr\\\/author\\\/redazione\\\/\"}]}<\/script>\n<!-- \/ Yoast SEO plugin. -->","yoast_head_json":{"title":"Th\u00e9lios acquisisce il brand eyewear di lusso Barton Perreira - Bellunopress - Dolomiti","robots":{"index":"index","follow":"follow","max-snippet":"max-snippet:-1","max-image-preview":"max-image-preview:large","max-video-preview":"max-video-preview:-1"},"canonical":"https:\/\/www.bellunopress.it\/fr\/2023\/11\/06\/thelios-acquisisce-il-brand-eyewear-di-lusso-barton-perreira\/","og_locale":"fr_FR","og_type":"article","og_title":"Th\u00e9lios acquisisce il brand eyewear di lusso Barton Perreira - Bellunopress - Dolomiti","og_description":"Longarone, 6 novembre 2023 \u2013 Th\u00e9lios annuncia la firma dell\u2019accordo per l\u2019acquisizione di Barton Perreira, azienda celebre nel settore dell\u2019occhialeria di lusso, fondata da Bill Barton e Patty Perreira nel 2007 a Los Angeles, in California. Barton Perreira, sinonimo di un design essenziale e di un&#8217;artigianalit\u00e0 di altissimo livello, si \u00e8 affermata tra i migliori [&hellip;]","og_url":"https:\/\/www.bellunopress.it\/fr\/2023\/11\/06\/thelios-acquisisce-il-brand-eyewear-di-lusso-barton-perreira\/","og_site_name":"Bellunopress - Dolomiti","article_publisher":"https:\/\/www.facebook.com\/profile.php?id=100008943462799","article_published_time":"2023-11-06T19:19:30+00:00","og_image":[{"width":667,"height":1000,"url":"https:\/\/www.bellunopress.it\/wp-content\/uploads\/2023\/11\/Barton-Perreira-Jagger_edited.jpg","type":"image\/jpeg"}],"author":"redazione","twitter_card":"summary_large_image","twitter_creator":"@bellunopress","twitter_site":"@bellunopress","twitter_misc":{"Written by":"redazione","Est. reading time":"2 minutes"},"schema":{"@context":"https:\/\/schema.org","@graph":[{"@type":"Article","@id":"https:\/\/www.bellunopress.it\/2023\/11\/06\/thelios-acquisisce-il-brand-eyewear-di-lusso-barton-perreira\/#article","isPartOf":{"@id":"https:\/\/www.bellunopress.it\/2023\/11\/06\/thelios-acquisisce-il-brand-eyewear-di-lusso-barton-perreira\/"},"author":{"name":"redazione","@id":"https:\/\/www.bellunopress.it\/#\/schema\/person\/79bb06722b37ece1c03d3e94beb30d73"},"headline":"Th\u00e9lios acquisisce il brand eyewear di lusso Barton Perreira","datePublished":"2023-11-06T19:19:30+00:00","mainEntityOfPage":{"@id":"https:\/\/www.bellunopress.it\/2023\/11\/06\/thelios-acquisisce-il-brand-eyewear-di-lusso-barton-perreira\/"},"wordCount":452,"publisher":{"@id":"https:\/\/www.bellunopress.it\/#organization"},"image":{"@id":"https:\/\/www.bellunopress.it\/2023\/11\/06\/thelios-acquisisce-il-brand-eyewear-di-lusso-barton-perreira\/#primaryimage"},"thumbnailUrl":"https:\/\/www.bellunopress.it\/wp-content\/uploads\/2023\/11\/Barton-Perreira-Jagger_edited.jpg","articleSection":["Lavoro, Economia, Turismo","Prima Pagina"],"inLanguage":"fr-FR"},{"@type":"WebPage","@id":"https:\/\/www.bellunopress.it\/2023\/11\/06\/thelios-acquisisce-il-brand-eyewear-di-lusso-barton-perreira\/","url":"https:\/\/www.bellunopress.it\/2023\/11\/06\/thelios-acquisisce-il-brand-eyewear-di-lusso-barton-perreira\/","name":"Th\u00e9lios acquisisce il brand eyewear di lusso Barton Perreira - Bellunopress - Dolomiti","isPartOf":{"@id":"https:\/\/www.bellunopress.it\/#website"},"primaryImageOfPage":{"@id":"https:\/\/www.bellunopress.it\/2023\/11\/06\/thelios-acquisisce-il-brand-eyewear-di-lusso-barton-perreira\/#primaryimage"},"image":{"@id":"https:\/\/www.bellunopress.it\/2023\/11\/06\/thelios-acquisisce-il-brand-eyewear-di-lusso-barton-perreira\/#primaryimage"},"thumbnailUrl":"https:\/\/www.bellunopress.it\/wp-content\/uploads\/2023\/11\/Barton-Perreira-Jagger_edited.jpg","datePublished":"2023-11-06T19:19:30+00:00","breadcrumb":{"@id":"https:\/\/www.bellunopress.it\/2023\/11\/06\/thelios-acquisisce-il-brand-eyewear-di-lusso-barton-perreira\/#breadcrumb"},"inLanguage":"fr-FR","potentialAction":[{"@type":"ReadAction","target":["https:\/\/www.bellunopress.it\/2023\/11\/06\/thelios-acquisisce-il-brand-eyewear-di-lusso-barton-perreira\/"]}]},{"@type":"ImageObject","inLanguage":"fr-FR","@id":"https:\/\/www.bellunopress.it\/2023\/11\/06\/thelios-acquisisce-il-brand-eyewear-di-lusso-barton-perreira\/#primaryimage","url":"https:\/\/www.bellunopress.it\/wp-content\/uploads\/2023\/11\/Barton-Perreira-Jagger_edited.jpg","contentUrl":"https:\/\/www.bellunopress.it\/wp-content\/uploads\/2023\/11\/Barton-Perreira-Jagger_edited.jpg","width":667,"height":1000,"caption":"Barton Perreira, Jagger"},{"@type":"BreadcrumbList","@id":"https:\/\/www.bellunopress.it\/2023\/11\/06\/thelios-acquisisce-il-brand-eyewear-di-lusso-barton-perreira\/#breadcrumb","itemListElement":[{"@type":"ListItem","position":1,"name":"Home","item":"https:\/\/www.bellunopress.it\/"},{"@type":"ListItem","position":2,"name":"Th\u00e9lios acquisisce il brand eyewear di lusso Barton Perreira"}]},{"@type":"WebSite","@id":"https:\/\/www.bellunopress.it\/#website","url":"https:\/\/www.bellunopress.it\/","name":"Bellunopress - Dolomiti","description":"e-mail: redazione@bellunopress.it","publisher":{"@id":"https:\/\/www.bellunopress.it\/#organization"},"potentialAction":[{"@type":"SearchAction","target":{"@type":"EntryPoint","urlTemplate":"https:\/\/www.bellunopress.it\/?s={search_term_string}"},"query-input":{"@type":"PropertyValueSpecification","valueRequired":true,"valueName":"search_term_string"}}],"inLanguage":"fr-FR"},{"@type":"Organization","@id":"https:\/\/www.bellunopress.it\/#organization","name":"Bellunopress","url":"https:\/\/www.bellunopress.it\/","logo":{"@type":"ImageObject","inLanguage":"fr-FR","@id":"https:\/\/www.bellunopress.it\/#\/schema\/logo\/image\/","url":"https:\/\/www.bellunopress.it\/wp-content\/uploads\/2011\/05\/cropped-logo-bellunopress-.jpg","contentUrl":"https:\/\/www.bellunopress.it\/wp-content\/uploads\/2011\/05\/cropped-logo-bellunopress-.jpg","width":512,"height":512,"caption":"Bellunopress"},"image":{"@id":"https:\/\/www.bellunopress.it\/#\/schema\/logo\/image\/"},"sameAs":["https:\/\/www.facebook.com\/profile.php?id=100008943462799","https:\/\/x.com\/bellunopress","https:\/\/www.linkedin.com\/hp\/?dnr=JBzUWaJfMUw8vbXJJ2tVW5-I3jZKvC4wsoxE&amp;amp;amp;amp;amp;amp;trk=nav_responsive_tab_home","https:\/\/www.youtube.com\/channel\/UCxL0wu1uN0_3_7hGG0306cw"]},{"@type":"Person","@id":"https:\/\/www.bellunopress.it\/#\/schema\/person\/79bb06722b37ece1c03d3e94beb30d73","name":"r\u00e9daction","image":{"@type":"ImageObject","inLanguage":"fr-FR","@id":"https:\/\/secure.gravatar.com\/avatar\/37d968a2e67a6fd04c169c4bdef102d0bc5d31b2546345219e348575eb80e9a0?s=96&d=mm&r=g","url":"https:\/\/secure.gravatar.com\/avatar\/37d968a2e67a6fd04c169c4bdef102d0bc5d31b2546345219e348575eb80e9a0?s=96&d=mm&r=g","contentUrl":"https:\/\/secure.gravatar.com\/avatar\/37d968a2e67a6fd04c169c4bdef102d0bc5d31b2546345219e348575eb80e9a0?s=96&d=mm&r=g","caption":"redazione"},"sameAs":["http:\/\/www.bellunopress.it","https:\/\/x.com\/bellunopress"],"url":"https:\/\/www.bellunopress.it\/fr\/author\/redazione\/"}]}},"_links":{"self":[{"href":"https:\/\/www.bellunopress.it\/fr\/wp-json\/wp\/v2\/posts\/145684","targetHints":{"allow":["GET"]}}],"collection":[{"href":"https:\/\/www.bellunopress.it\/fr\/wp-json\/wp\/v2\/posts"}],"about":[{"href":"https:\/\/www.bellunopress.it\/fr\/wp-json\/wp\/v2\/types\/post"}],"author":[{"embeddable":true,"href":"https:\/\/www.bellunopress.it\/fr\/wp-json\/wp\/v2\/users\/2"}],"replies":[{"embeddable":true,"href":"https:\/\/www.bellunopress.it\/fr\/wp-json\/wp\/v2\/comments?post=145684"}],"version-history":[{"count":1,"href":"https:\/\/www.bellunopress.it\/fr\/wp-json\/wp\/v2\/posts\/145684\/revisions"}],"predecessor-version":[{"id":145687,"href":"https:\/\/www.bellunopress.it\/fr\/wp-json\/wp\/v2\/posts\/145684\/revisions\/145687"}],"wp:featuredmedia":[{"embeddable":true,"href":"https:\/\/www.bellunopress.it\/fr\/wp-json\/wp\/v2\/media\/145685"}],"wp:attachment":[{"href":"https:\/\/www.bellunopress.it\/fr\/wp-json\/wp\/v2\/media?parent=145684"}],"wp:term":[{"taxonomy":"category","embeddable":true,"href":"https:\/\/www.bellunopress.it\/fr\/wp-json\/wp\/v2\/categories?post=145684"},{"taxonomy":"post_tag","embeddable":true,"href":"https:\/\/www.bellunopress.it\/fr\/wp-json\/wp\/v2\/tags?post=145684"}],"curies":[{"name":"wp","href":"https:\/\/api.w.org\/{rel}","templated":true}]}}