{"id":145677,"date":"2023-11-06T17:28:02","date_gmt":"2023-11-06T16:28:02","guid":{"rendered":"https:\/\/www.bellunopress.it\/?p=145677"},"modified":"2023-11-06T17:28:02","modified_gmt":"2023-11-06T16:28:02","slug":"soccher-crede-nella-sua-cooperativa-123-anni-di-attivita-e-un-futuro-davanti","status":"publish","type":"post","link":"https:\/\/www.bellunopress.it\/fr\/2023\/11\/06\/soccher-crede-nella-sua-cooperativa-123-anni-di-attivita-e-un-futuro-davanti\/","title":{"rendered":"Soccher crede nella sua Cooperativa: 123 anni di attivit\u00e0 e un futuro davanti"},"content":{"rendered":"<figure id=\"attachment_140016\" aria-describedby=\"caption-attachment-140016\" style=\"width: 1000px\" class=\"wp-caption alignleft\"><img loading=\"lazy\" decoding=\"async\" class=\"size-full wp-image-140016\" src=\"https:\/\/www.bellunopress.it\/wp-content\/uploads\/2023\/03\/Cooperativa_di_Soccher_edited.jpg\" alt=\"\" width=\"1000\" height=\"727\" srcset=\"https:\/\/www.bellunopress.it\/wp-content\/uploads\/2023\/03\/Cooperativa_di_Soccher_edited.jpg 1000w, https:\/\/www.bellunopress.it\/wp-content\/uploads\/2023\/03\/Cooperativa_di_Soccher_edited-500x364.jpg 500w, https:\/\/www.bellunopress.it\/wp-content\/uploads\/2023\/03\/Cooperativa_di_Soccher_edited-696x506.jpg 696w, https:\/\/www.bellunopress.it\/wp-content\/uploads\/2023\/03\/Cooperativa_di_Soccher_edited-578x420.jpg 578w, https:\/\/www.bellunopress.it\/wp-content\/uploads\/2023\/03\/Cooperativa_di_Soccher_edited-324x235.jpg 324w\" sizes=\"auto, (max-width: 1000px) 100vw, 1000px\" \/><figcaption id=\"caption-attachment-140016\" class=\"wp-caption-text\">Cooperativa di Soccher<\/figcaption><\/figure>\n<p>Negli spazi inaugurati il primo marzo del 1900, la Cooperativa di Consumo di Soccher ha ospitato il pranzo sociale di soci e simpatizzanti. Oltre 50 persone hanno aderito all&#8217;invito del presidente Oliseo Salvagno, mentre la cucina \u00e8 stata curata da un altro gruppo storico del volontariato locale: &#8220;Le sorelle Fontana Granda&#8221;.<\/p>\n<p>Riavvolgendo il nastro, il sodalizio cooperativistico fu fondato da 34 persone che sottoscrissero l&#8217;atto costitutivo della societ\u00e0 con lo scopo di acquisire all&#8217;ingrosso commestibili e altri generi necessari ai bisogni della vita, per poi distribuirli ai soci al prezzo di costo, in modo da agevolare le persone del paese. La Cooperativa era aperta pure ai territori contermini dell&#8217;Alpago e di Soverzene. E custodisce una storia di mutuo-aiuto tra le pi\u00f9 antiche e importanti del Veneto: non a caso, fu fondamentale per il sostegno alle famiglie durante la Prima e Seconda Guerra Mondiale.<\/p>\n<p>L&#8217;attuale presidente, Oliseo Salvagno, e tutto il consiglio di amministrazione portano avanti lo statuto centenario: offrire servizi, promuovere l&#8217;aggregazione, dare spazio al volontariato. A tale proposito, il pranzo sociale \u00e8 stato un momento per tracciare anche il punto sul domani della Cooperativa, dove c&#8217;\u00e8 un locale bar che ha una rinomata tradizione, oltre ad alcune sale dedicate alle riunioni, conferenze, iniziative, manifestazioni culturali e ludico-ricreative. \u00abStiamo valutando &#8211; ha affermato Salvagno &#8211; di sistemare e riqualificare parte degli edifici. \u00c8 giusto che la Cooperativa sia sempre pi\u00f9 accogliente e accessibile, anche per soddisfare le tante richieste di compleanni, feste di laurea, iniziative in genere. Ma \u00e8 necessario raccogliere finanziamenti per ampliare l&#8217;offerta e dare nuove possibilit\u00e0. In pi\u00f9, le potenzialit\u00e0 del turismo e dell&#8217;accoglienza sono ampie\u00bb.<\/p>\n<p>Soccher, infatti, rappresenta uno snodo importante delle ciclabili. Si pensi che da giugno, nel tratto Soverzene-Soccher, sono transitate ben 30mila persone (i dati sono certificati dal &#8220;conta-passaggi&#8221; all&#8217;inizio del percorso ciclo-pedonale), mentre i recenti studi dell&#8217;Associazione &#8220;Ecomuseo del Piave&#8221; rivelano come l&#8217;intera zona dell&#8217;Oltrerai sia ricca di storia e reperti. A maggio di quest&#8217;anno, in tre giornate, 200 persone hanno visitato i resti della necropoli del bronzo, sopra l&#8217;abitato di Soccher, meglio conosciuta come la piccola Stonehenge. Poi i sentieri sul Monte Dolada, il percorso delle Risorgive, il vicino teatro &#8220;Pierobon&#8221; di Paiane, da poco ristrutturato con 220 posti a sedere.<\/p>\n<p>\u00abTutto ci\u00f2 ci indica che le ciclabili, le proposte culturali, sportive e il nostro ambiente possono essere attrattivi. Crediamo nel turismo, nell&#8217;aggregazione, nella ristorazione, nell&#8217;accoglienza. E la Cooperativa di Soccher pu\u00f2 svolgere un ruolo decisivo in questo senso. Stiamo lavorando a un progetto ad ampio respiro e se ci siamo trovati ancora in tanti &#8211; conclude Salvagno &#8211; significa che la comunit\u00e0 di Soccher crede nella sua Cooperativa. Grazie, infine, al volontariato locale e allo straordinario gruppo delle &#8220;Sorelle Fontana Granda&#8221; per l&#8217;organizzazione della giornata\u00bb.<\/p>","protected":false},"excerpt":{"rendered":"<p>Negli spazi inaugurati il primo marzo del 1900, la Cooperativa di Consumo di Soccher ha ospitato il pranzo sociale di soci e simpatizzanti. Oltre 50 persone hanno aderito all&#8217;invito del presidente Oliseo Salvagno, mentre la cucina \u00e8 stata curata da un altro gruppo storico del volontariato locale: &#8220;Le sorelle Fontana Granda&#8221;. Riavvolgendo il nastro, il [&hellip;]<\/p>\n","protected":false},"author":2,"featured_media":140016,"comment_status":"closed","ping_status":"open","sticky":false,"template":"","format":"standard","meta":{"footnotes":""},"categories":[8],"tags":[],"class_list":["post-145677","post","type-post","status-publish","format-standard","has-post-thumbnail","category-societa-istituzioni"],"yoast_head":"<!-- This site is optimized with the Yoast SEO plugin v28.4 - https:\/\/yoast.com\/product\/yoast-seo-wordpress\/ -->\n<title>Soccher crede nella sua Cooperativa: 123 anni di attivit\u00e0 e un futuro davanti - Bellunopress - Dolomiti<\/title>\n<meta name=\"robots\" content=\"index, follow, max-snippet:-1, max-image-preview:large, max-video-preview:-1\" \/>\n<link rel=\"canonical\" href=\"https:\/\/www.bellunopress.it\/fr\/2023\/11\/06\/soccher-crede-nella-sua-cooperativa-123-anni-di-attivita-e-un-futuro-davanti\/\" \/>\n<meta property=\"og:locale\" content=\"fr_FR\" \/>\n<meta property=\"og:type\" content=\"article\" \/>\n<meta property=\"og:title\" content=\"Soccher crede nella sua Cooperativa: 123 anni di attivit\u00e0 e un futuro davanti - Bellunopress - Dolomiti\" \/>\n<meta property=\"og:description\" content=\"Negli spazi inaugurati il primo marzo del 1900, la Cooperativa di Consumo di Soccher ha ospitato il pranzo sociale di soci e simpatizzanti. Oltre 50 persone hanno aderito all&#8217;invito del presidente Oliseo Salvagno, mentre la cucina \u00e8 stata curata da un altro gruppo storico del volontariato locale: &#8220;Le sorelle Fontana Granda&#8221;. Riavvolgendo il nastro, il [&hellip;]\" \/>\n<meta property=\"og:url\" content=\"https:\/\/www.bellunopress.it\/fr\/2023\/11\/06\/soccher-crede-nella-sua-cooperativa-123-anni-di-attivita-e-un-futuro-davanti\/\" \/>\n<meta property=\"og:site_name\" content=\"Bellunopress - Dolomiti\" \/>\n<meta property=\"article:publisher\" content=\"https:\/\/www.facebook.com\/profile.php?id=100008943462799\" \/>\n<meta property=\"article:published_time\" content=\"2023-11-06T16:28:02+00:00\" \/>\n<meta property=\"og:image\" content=\"https:\/\/www.bellunopress.it\/wp-content\/uploads\/2023\/03\/Cooperativa_di_Soccher_edited.jpg\" \/>\n\t<meta property=\"og:image:width\" content=\"1000\" \/>\n\t<meta property=\"og:image:height\" content=\"727\" \/>\n\t<meta property=\"og:image:type\" content=\"image\/jpeg\" \/>\n<meta name=\"author\" content=\"redazione\" \/>\n<meta name=\"twitter:card\" content=\"summary_large_image\" \/>\n<meta name=\"twitter:creator\" content=\"@bellunopress\" \/>\n<meta name=\"twitter:site\" content=\"@bellunopress\" \/>\n<meta name=\"twitter:label1\" content=\"Written by\" \/>\n\t<meta name=\"twitter:data1\" content=\"redazione\" \/>\n\t<meta name=\"twitter:label2\" content=\"Est. reading time\" \/>\n\t<meta name=\"twitter:data2\" content=\"2 minutes\" \/>\n<script type=\"application\/ld+json\" class=\"yoast-schema-graph\">{\"@context\":\"https:\\\/\\\/schema.org\",\"@graph\":[{\"@type\":\"Article\",\"@id\":\"https:\\\/\\\/www.bellunopress.it\\\/2023\\\/11\\\/06\\\/soccher-crede-nella-sua-cooperativa-123-anni-di-attivita-e-un-futuro-davanti\\\/#article\",\"isPartOf\":{\"@id\":\"https:\\\/\\\/www.bellunopress.it\\\/2023\\\/11\\\/06\\\/soccher-crede-nella-sua-cooperativa-123-anni-di-attivita-e-un-futuro-davanti\\\/\"},\"author\":{\"name\":\"redazione\",\"@id\":\"https:\\\/\\\/www.bellunopress.it\\\/#\\\/schema\\\/person\\\/79bb06722b37ece1c03d3e94beb30d73\"},\"headline\":\"Soccher crede nella sua Cooperativa: 123 anni di attivit\u00e0 e un futuro davanti\",\"datePublished\":\"2023-11-06T16:28:02+00:00\",\"mainEntityOfPage\":{\"@id\":\"https:\\\/\\\/www.bellunopress.it\\\/2023\\\/11\\\/06\\\/soccher-crede-nella-sua-cooperativa-123-anni-di-attivita-e-un-futuro-davanti\\\/\"},\"wordCount\":485,\"publisher\":{\"@id\":\"https:\\\/\\\/www.bellunopress.it\\\/#organization\"},\"image\":{\"@id\":\"https:\\\/\\\/www.bellunopress.it\\\/2023\\\/11\\\/06\\\/soccher-crede-nella-sua-cooperativa-123-anni-di-attivita-e-un-futuro-davanti\\\/#primaryimage\"},\"thumbnailUrl\":\"https:\\\/\\\/www.bellunopress.it\\\/wp-content\\\/uploads\\\/2023\\\/03\\\/Cooperativa_di_Soccher_edited.jpg\",\"articleSection\":[\"Societ\u00e0, Associazioni, Istituzioni\"],\"inLanguage\":\"fr-FR\"},{\"@type\":\"WebPage\",\"@id\":\"https:\\\/\\\/www.bellunopress.it\\\/2023\\\/11\\\/06\\\/soccher-crede-nella-sua-cooperativa-123-anni-di-attivita-e-un-futuro-davanti\\\/\",\"url\":\"https:\\\/\\\/www.bellunopress.it\\\/2023\\\/11\\\/06\\\/soccher-crede-nella-sua-cooperativa-123-anni-di-attivita-e-un-futuro-davanti\\\/\",\"name\":\"Soccher crede nella sua Cooperativa: 123 anni di attivit\u00e0 e un futuro davanti - Bellunopress - Dolomiti\",\"isPartOf\":{\"@id\":\"https:\\\/\\\/www.bellunopress.it\\\/#website\"},\"primaryImageOfPage\":{\"@id\":\"https:\\\/\\\/www.bellunopress.it\\\/2023\\\/11\\\/06\\\/soccher-crede-nella-sua-cooperativa-123-anni-di-attivita-e-un-futuro-davanti\\\/#primaryimage\"},\"image\":{\"@id\":\"https:\\\/\\\/www.bellunopress.it\\\/2023\\\/11\\\/06\\\/soccher-crede-nella-sua-cooperativa-123-anni-di-attivita-e-un-futuro-davanti\\\/#primaryimage\"},\"thumbnailUrl\":\"https:\\\/\\\/www.bellunopress.it\\\/wp-content\\\/uploads\\\/2023\\\/03\\\/Cooperativa_di_Soccher_edited.jpg\",\"datePublished\":\"2023-11-06T16:28:02+00:00\",\"breadcrumb\":{\"@id\":\"https:\\\/\\\/www.bellunopress.it\\\/2023\\\/11\\\/06\\\/soccher-crede-nella-sua-cooperativa-123-anni-di-attivita-e-un-futuro-davanti\\\/#breadcrumb\"},\"inLanguage\":\"fr-FR\",\"potentialAction\":[{\"@type\":\"ReadAction\",\"target\":[\"https:\\\/\\\/www.bellunopress.it\\\/2023\\\/11\\\/06\\\/soccher-crede-nella-sua-cooperativa-123-anni-di-attivita-e-un-futuro-davanti\\\/\"]}]},{\"@type\":\"ImageObject\",\"inLanguage\":\"fr-FR\",\"@id\":\"https:\\\/\\\/www.bellunopress.it\\\/2023\\\/11\\\/06\\\/soccher-crede-nella-sua-cooperativa-123-anni-di-attivita-e-un-futuro-davanti\\\/#primaryimage\",\"url\":\"https:\\\/\\\/www.bellunopress.it\\\/wp-content\\\/uploads\\\/2023\\\/03\\\/Cooperativa_di_Soccher_edited.jpg\",\"contentUrl\":\"https:\\\/\\\/www.bellunopress.it\\\/wp-content\\\/uploads\\\/2023\\\/03\\\/Cooperativa_di_Soccher_edited.jpg\",\"width\":1000,\"height\":727,\"caption\":\"Cooperativa di Soccher\"},{\"@type\":\"BreadcrumbList\",\"@id\":\"https:\\\/\\\/www.bellunopress.it\\\/2023\\\/11\\\/06\\\/soccher-crede-nella-sua-cooperativa-123-anni-di-attivita-e-un-futuro-davanti\\\/#breadcrumb\",\"itemListElement\":[{\"@type\":\"ListItem\",\"position\":1,\"name\":\"Home\",\"item\":\"https:\\\/\\\/www.bellunopress.it\\\/\"},{\"@type\":\"ListItem\",\"position\":2,\"name\":\"Soccher crede nella sua Cooperativa: 123 anni di attivit\u00e0 e un futuro davanti\"}]},{\"@type\":\"WebSite\",\"@id\":\"https:\\\/\\\/www.bellunopress.it\\\/#website\",\"url\":\"https:\\\/\\\/www.bellunopress.it\\\/\",\"name\":\"Bellunopress - Dolomiti\",\"description\":\"e-mail: redazione@bellunopress.it\",\"publisher\":{\"@id\":\"https:\\\/\\\/www.bellunopress.it\\\/#organization\"},\"potentialAction\":[{\"@type\":\"SearchAction\",\"target\":{\"@type\":\"EntryPoint\",\"urlTemplate\":\"https:\\\/\\\/www.bellunopress.it\\\/?s={search_term_string}\"},\"query-input\":{\"@type\":\"PropertyValueSpecification\",\"valueRequired\":true,\"valueName\":\"search_term_string\"}}],\"inLanguage\":\"fr-FR\"},{\"@type\":\"Organization\",\"@id\":\"https:\\\/\\\/www.bellunopress.it\\\/#organization\",\"name\":\"Bellunopress\",\"url\":\"https:\\\/\\\/www.bellunopress.it\\\/\",\"logo\":{\"@type\":\"ImageObject\",\"inLanguage\":\"fr-FR\",\"@id\":\"https:\\\/\\\/www.bellunopress.it\\\/#\\\/schema\\\/logo\\\/image\\\/\",\"url\":\"https:\\\/\\\/www.bellunopress.it\\\/wp-content\\\/uploads\\\/2011\\\/05\\\/cropped-logo-bellunopress-.jpg\",\"contentUrl\":\"https:\\\/\\\/www.bellunopress.it\\\/wp-content\\\/uploads\\\/2011\\\/05\\\/cropped-logo-bellunopress-.jpg\",\"width\":512,\"height\":512,\"caption\":\"Bellunopress\"},\"image\":{\"@id\":\"https:\\\/\\\/www.bellunopress.it\\\/#\\\/schema\\\/logo\\\/image\\\/\"},\"sameAs\":[\"https:\\\/\\\/www.facebook.com\\\/profile.php?id=100008943462799\",\"https:\\\/\\\/x.com\\\/bellunopress\",\"https:\\\/\\\/www.linkedin.com\\\/hp\\\/?dnr=JBzUWaJfMUw8vbXJJ2tVW5-I3jZKvC4wsoxE&amp;amp;amp;amp;amp;amp;trk=nav_responsive_tab_home\",\"https:\\\/\\\/www.youtube.com\\\/channel\\\/UCxL0wu1uN0_3_7hGG0306cw\"]},{\"@type\":\"Person\",\"@id\":\"https:\\\/\\\/www.bellunopress.it\\\/#\\\/schema\\\/person\\\/79bb06722b37ece1c03d3e94beb30d73\",\"name\":\"redazione\",\"image\":{\"@type\":\"ImageObject\",\"inLanguage\":\"fr-FR\",\"@id\":\"https:\\\/\\\/secure.gravatar.com\\\/avatar\\\/37d968a2e67a6fd04c169c4bdef102d0bc5d31b2546345219e348575eb80e9a0?s=96&d=mm&r=g\",\"url\":\"https:\\\/\\\/secure.gravatar.com\\\/avatar\\\/37d968a2e67a6fd04c169c4bdef102d0bc5d31b2546345219e348575eb80e9a0?s=96&d=mm&r=g\",\"contentUrl\":\"https:\\\/\\\/secure.gravatar.com\\\/avatar\\\/37d968a2e67a6fd04c169c4bdef102d0bc5d31b2546345219e348575eb80e9a0?s=96&d=mm&r=g\",\"caption\":\"redazione\"},\"sameAs\":[\"http:\\\/\\\/www.bellunopress.it\",\"https:\\\/\\\/x.com\\\/bellunopress\"],\"url\":\"https:\\\/\\\/www.bellunopress.it\\\/fr\\\/author\\\/redazione\\\/\"}]}<\/script>\n<!-- \/ Yoast SEO plugin. -->","yoast_head_json":{"title":"Soccher crede nella sua Cooperativa: 123 anni di attivit\u00e0 e un futuro davanti - Bellunopress - Dolomiti","robots":{"index":"index","follow":"follow","max-snippet":"max-snippet:-1","max-image-preview":"max-image-preview:large","max-video-preview":"max-video-preview:-1"},"canonical":"https:\/\/www.bellunopress.it\/fr\/2023\/11\/06\/soccher-crede-nella-sua-cooperativa-123-anni-di-attivita-e-un-futuro-davanti\/","og_locale":"fr_FR","og_type":"article","og_title":"Soccher crede nella sua Cooperativa: 123 anni di attivit\u00e0 e un futuro davanti - Bellunopress - Dolomiti","og_description":"Negli spazi inaugurati il primo marzo del 1900, la Cooperativa di Consumo di Soccher ha ospitato il pranzo sociale di soci e simpatizzanti. Oltre 50 persone hanno aderito all&#8217;invito del presidente Oliseo Salvagno, mentre la cucina \u00e8 stata curata da un altro gruppo storico del volontariato locale: &#8220;Le sorelle Fontana Granda&#8221;. Riavvolgendo il nastro, il [&hellip;]","og_url":"https:\/\/www.bellunopress.it\/fr\/2023\/11\/06\/soccher-crede-nella-sua-cooperativa-123-anni-di-attivita-e-un-futuro-davanti\/","og_site_name":"Bellunopress - Dolomiti","article_publisher":"https:\/\/www.facebook.com\/profile.php?id=100008943462799","article_published_time":"2023-11-06T16:28:02+00:00","og_image":[{"width":1000,"height":727,"url":"https:\/\/www.bellunopress.it\/wp-content\/uploads\/2023\/03\/Cooperativa_di_Soccher_edited.jpg","type":"image\/jpeg"}],"author":"redazione","twitter_card":"summary_large_image","twitter_creator":"@bellunopress","twitter_site":"@bellunopress","twitter_misc":{"Written by":"redazione","Est. reading time":"2 minutes"},"schema":{"@context":"https:\/\/schema.org","@graph":[{"@type":"Article","@id":"https:\/\/www.bellunopress.it\/2023\/11\/06\/soccher-crede-nella-sua-cooperativa-123-anni-di-attivita-e-un-futuro-davanti\/#article","isPartOf":{"@id":"https:\/\/www.bellunopress.it\/2023\/11\/06\/soccher-crede-nella-sua-cooperativa-123-anni-di-attivita-e-un-futuro-davanti\/"},"author":{"name":"redazione","@id":"https:\/\/www.bellunopress.it\/#\/schema\/person\/79bb06722b37ece1c03d3e94beb30d73"},"headline":"Soccher crede nella sua Cooperativa: 123 anni di attivit\u00e0 e un futuro davanti","datePublished":"2023-11-06T16:28:02+00:00","mainEntityOfPage":{"@id":"https:\/\/www.bellunopress.it\/2023\/11\/06\/soccher-crede-nella-sua-cooperativa-123-anni-di-attivita-e-un-futuro-davanti\/"},"wordCount":485,"publisher":{"@id":"https:\/\/www.bellunopress.it\/#organization"},"image":{"@id":"https:\/\/www.bellunopress.it\/2023\/11\/06\/soccher-crede-nella-sua-cooperativa-123-anni-di-attivita-e-un-futuro-davanti\/#primaryimage"},"thumbnailUrl":"https:\/\/www.bellunopress.it\/wp-content\/uploads\/2023\/03\/Cooperativa_di_Soccher_edited.jpg","articleSection":["Societ\u00e0, Associazioni, Istituzioni"],"inLanguage":"fr-FR"},{"@type":"WebPage","@id":"https:\/\/www.bellunopress.it\/2023\/11\/06\/soccher-crede-nella-sua-cooperativa-123-anni-di-attivita-e-un-futuro-davanti\/","url":"https:\/\/www.bellunopress.it\/2023\/11\/06\/soccher-crede-nella-sua-cooperativa-123-anni-di-attivita-e-un-futuro-davanti\/","name":"Soccher crede nella sua Cooperativa: 123 anni di attivit\u00e0 e un futuro davanti - Bellunopress - Dolomiti","isPartOf":{"@id":"https:\/\/www.bellunopress.it\/#website"},"primaryImageOfPage":{"@id":"https:\/\/www.bellunopress.it\/2023\/11\/06\/soccher-crede-nella-sua-cooperativa-123-anni-di-attivita-e-un-futuro-davanti\/#primaryimage"},"image":{"@id":"https:\/\/www.bellunopress.it\/2023\/11\/06\/soccher-crede-nella-sua-cooperativa-123-anni-di-attivita-e-un-futuro-davanti\/#primaryimage"},"thumbnailUrl":"https:\/\/www.bellunopress.it\/wp-content\/uploads\/2023\/03\/Cooperativa_di_Soccher_edited.jpg","datePublished":"2023-11-06T16:28:02+00:00","breadcrumb":{"@id":"https:\/\/www.bellunopress.it\/2023\/11\/06\/soccher-crede-nella-sua-cooperativa-123-anni-di-attivita-e-un-futuro-davanti\/#breadcrumb"},"inLanguage":"fr-FR","potentialAction":[{"@type":"ReadAction","target":["https:\/\/www.bellunopress.it\/2023\/11\/06\/soccher-crede-nella-sua-cooperativa-123-anni-di-attivita-e-un-futuro-davanti\/"]}]},{"@type":"ImageObject","inLanguage":"fr-FR","@id":"https:\/\/www.bellunopress.it\/2023\/11\/06\/soccher-crede-nella-sua-cooperativa-123-anni-di-attivita-e-un-futuro-davanti\/#primaryimage","url":"https:\/\/www.bellunopress.it\/wp-content\/uploads\/2023\/03\/Cooperativa_di_Soccher_edited.jpg","contentUrl":"https:\/\/www.bellunopress.it\/wp-content\/uploads\/2023\/03\/Cooperativa_di_Soccher_edited.jpg","width":1000,"height":727,"caption":"Cooperativa di Soccher"},{"@type":"BreadcrumbList","@id":"https:\/\/www.bellunopress.it\/2023\/11\/06\/soccher-crede-nella-sua-cooperativa-123-anni-di-attivita-e-un-futuro-davanti\/#breadcrumb","itemListElement":[{"@type":"ListItem","position":1,"name":"Home","item":"https:\/\/www.bellunopress.it\/"},{"@type":"ListItem","position":2,"name":"Soccher crede nella sua Cooperativa: 123 anni di attivit\u00e0 e un futuro davanti"}]},{"@type":"WebSite","@id":"https:\/\/www.bellunopress.it\/#website","url":"https:\/\/www.bellunopress.it\/","name":"Bellunopress - Dolomiti","description":"e-mail: redazione@bellunopress.it","publisher":{"@id":"https:\/\/www.bellunopress.it\/#organization"},"potentialAction":[{"@type":"SearchAction","target":{"@type":"EntryPoint","urlTemplate":"https:\/\/www.bellunopress.it\/?s={search_term_string}"},"query-input":{"@type":"PropertyValueSpecification","valueRequired":true,"valueName":"search_term_string"}}],"inLanguage":"fr-FR"},{"@type":"Organization","@id":"https:\/\/www.bellunopress.it\/#organization","name":"Bellunopress","url":"https:\/\/www.bellunopress.it\/","logo":{"@type":"ImageObject","inLanguage":"fr-FR","@id":"https:\/\/www.bellunopress.it\/#\/schema\/logo\/image\/","url":"https:\/\/www.bellunopress.it\/wp-content\/uploads\/2011\/05\/cropped-logo-bellunopress-.jpg","contentUrl":"https:\/\/www.bellunopress.it\/wp-content\/uploads\/2011\/05\/cropped-logo-bellunopress-.jpg","width":512,"height":512,"caption":"Bellunopress"},"image":{"@id":"https:\/\/www.bellunopress.it\/#\/schema\/logo\/image\/"},"sameAs":["https:\/\/www.facebook.com\/profile.php?id=100008943462799","https:\/\/x.com\/bellunopress","https:\/\/www.linkedin.com\/hp\/?dnr=JBzUWaJfMUw8vbXJJ2tVW5-I3jZKvC4wsoxE&amp;amp;amp;amp;amp;amp;trk=nav_responsive_tab_home","https:\/\/www.youtube.com\/channel\/UCxL0wu1uN0_3_7hGG0306cw"]},{"@type":"Person","@id":"https:\/\/www.bellunopress.it\/#\/schema\/person\/79bb06722b37ece1c03d3e94beb30d73","name":"r\u00e9daction","image":{"@type":"ImageObject","inLanguage":"fr-FR","@id":"https:\/\/secure.gravatar.com\/avatar\/37d968a2e67a6fd04c169c4bdef102d0bc5d31b2546345219e348575eb80e9a0?s=96&d=mm&r=g","url":"https:\/\/secure.gravatar.com\/avatar\/37d968a2e67a6fd04c169c4bdef102d0bc5d31b2546345219e348575eb80e9a0?s=96&d=mm&r=g","contentUrl":"https:\/\/secure.gravatar.com\/avatar\/37d968a2e67a6fd04c169c4bdef102d0bc5d31b2546345219e348575eb80e9a0?s=96&d=mm&r=g","caption":"redazione"},"sameAs":["http:\/\/www.bellunopress.it","https:\/\/x.com\/bellunopress"],"url":"https:\/\/www.bellunopress.it\/fr\/author\/redazione\/"}]}},"_links":{"self":[{"href":"https:\/\/www.bellunopress.it\/fr\/wp-json\/wp\/v2\/posts\/145677","targetHints":{"allow":["GET"]}}],"collection":[{"href":"https:\/\/www.bellunopress.it\/fr\/wp-json\/wp\/v2\/posts"}],"about":[{"href":"https:\/\/www.bellunopress.it\/fr\/wp-json\/wp\/v2\/types\/post"}],"author":[{"embeddable":true,"href":"https:\/\/www.bellunopress.it\/fr\/wp-json\/wp\/v2\/users\/2"}],"replies":[{"embeddable":true,"href":"https:\/\/www.bellunopress.it\/fr\/wp-json\/wp\/v2\/comments?post=145677"}],"version-history":[{"count":1,"href":"https:\/\/www.bellunopress.it\/fr\/wp-json\/wp\/v2\/posts\/145677\/revisions"}],"predecessor-version":[{"id":145678,"href":"https:\/\/www.bellunopress.it\/fr\/wp-json\/wp\/v2\/posts\/145677\/revisions\/145678"}],"wp:featuredmedia":[{"embeddable":true,"href":"https:\/\/www.bellunopress.it\/fr\/wp-json\/wp\/v2\/media\/140016"}],"wp:attachment":[{"href":"https:\/\/www.bellunopress.it\/fr\/wp-json\/wp\/v2\/media?parent=145677"}],"wp:term":[{"taxonomy":"category","embeddable":true,"href":"https:\/\/www.bellunopress.it\/fr\/wp-json\/wp\/v2\/categories?post=145677"},{"taxonomy":"post_tag","embeddable":true,"href":"https:\/\/www.bellunopress.it\/fr\/wp-json\/wp\/v2\/tags?post=145677"}],"curies":[{"name":"wp","href":"https:\/\/api.w.org\/{rel}","templated":true}]}}