{"id":145673,"date":"2023-11-06T14:54:19","date_gmt":"2023-11-06T13:54:19","guid":{"rendered":"https:\/\/www.bellunopress.it\/?p=145673"},"modified":"2023-11-06T18:37:53","modified_gmt":"2023-11-06T17:37:53","slug":"recuperato-il-corpo-di-walter-locatello-nelle-acque-del-lago-di-santa-croce","status":"publish","type":"post","link":"https:\/\/www.bellunopress.it\/fr\/2023\/11\/06\/recuperato-il-corpo-di-walter-locatello-nelle-acque-del-lago-di-santa-croce\/","title":{"rendered":"Recuperato il corpo di Walter Locatello nelle acque del Lago di Santa Croce"},"content":{"rendered":"<p><img loading=\"lazy\" decoding=\"async\" class=\"alignleft size-full wp-image-119261\" src=\"https:\/\/www.bellunopress.it\/wp-content\/uploads\/2020\/11\/lutto_edited.jpg\" alt=\"\" width=\"800\" height=\"445\" srcset=\"https:\/\/www.bellunopress.it\/wp-content\/uploads\/2020\/11\/lutto_edited.jpg 800w, https:\/\/www.bellunopress.it\/wp-content\/uploads\/2020\/11\/lutto_edited-500x278.jpg 500w, https:\/\/www.bellunopress.it\/wp-content\/uploads\/2020\/11\/lutto_edited-696x387.jpg 696w, https:\/\/www.bellunopress.it\/wp-content\/uploads\/2020\/11\/lutto_edited-755x420.jpg 755w\" sizes=\"auto, (max-width: 800px) 100vw, 800px\" \/>Alpago, 6 novembre 2023 &#8211; Localizzato e recuperato dai sommozzatori dei vigili del fuoco nelle acque del lago di Santa Croce (BL) il corpo purtroppo privo di vita di Walter Locatello, il vigile del fuoco scomparso il 2 novembre scorso.<\/p>\n<p>I colleghi del comando di Belluno, insieme al comandante Antonio Del Gallo, esprimono profondo cordoglio e si stringono in un abbraccio al piccolo figlio Martino, alla compagna ai genitori e agli amici tutti.<\/p>\n<p>&nbsp;<\/p>\n<p>Venezia, 6 novembre 2023 &#8211;\u00a0\u201cDopo giorni di incessanti ricerche \u00e8 stato ritrovato, purtroppo senza vita, il corpo di Walter Locatello, il giovane Vigile del Fuoco di 44 anni, del Bellunese, vittima della furia del maltempo che ha interessato il Veneto nei giorni scorsi. A nome mio personale e della Regione del Veneto voglio esprimere le pi\u00f9 sentite condoglianze alla sua famiglia e a tutti i colleghi del Vigile del Fuoco, che in questi giorni hanno setacciato le acque del lago di Santa Croce nella speranza di ritrovare il giovane pompiere\u201d.\u00a0Rende noto il presidente della Regione Veneto Luca Zaia dopo aver appreso la notizia del ritrovamento nel lago di Santa Croce, in provincia di Belluno, del corpo di Walter Locatello, l\u2019unica vittima veneta del ciclone Ciaran.\u00a0\u201cAnche se la situazione \u00e8 sembrata subito disperata, abbiamo sperato fino all\u2019ultimo che questa tragedia non venisse confermata. Durante l\u2019ondata di maltempo che si \u00e8 abbattuta anche nel Bellunese &#8211; ha aggiunto il Governatore &#8211; il giovane pompiere era caduto in un torrente ingrossato dalle piogge incessanti a Puos D\u2019Alpago. Da gioved\u00ec scorso i colleghi, con l\u2019aiuto dei sommozzatori, di barche dotate di sonar ed elicottero, hanno continuato a cercarlo, senza sosta: un gesto di riconoscenza e affetto per un collega stimato e apprezzato da tutti\u201d.<\/p>\n<p>\u00c8 stato rinvenuto nel primo pomeriggio di oggi il corpo senza vita di Walter Locatello, il 44enne vigile del fuoco trascinato via dalla corrente a Puos d&#8217;Alpago in occasione della violenta ondata di maltempo nella serate dello scorso 2 novembre.<br \/>\n&#8220;\u00c8 un dramma che travolge la famiglia e l&#8217;intera comunit\u00e0: non posso nemmeno immaginare il dolore della compagna e dei genitori di fronte ad un evento cos\u00ec tragico. Perdiamo un ragazzo dal cuore grande, che ha sempre messo davanti a tutto l&#8217;attenzione verso le altre persone; un ringraziamento a tutti quelli \u2013 dai colleghi ai volontari &#8211; che in questi giorni non si sono mai arresi nelle ricerche, lottando fino all&#8217;ultimo con la voglia di ritrovarlo. Oggi la speranza si \u00e8 spenta, ma sono certo che tutto questo impegno e affetto resteranno sempre vicini alla famiglia di Walter&#8221;: questo il commento alla notizia del senatore bellunese Luca De Carlo.<\/p>\n<p>&nbsp;<\/p>","protected":false},"excerpt":{"rendered":"<p>Alpago, 6 novembre 2023 &#8211; Localizzato e recuperato dai sommozzatori dei vigili del fuoco nelle acque del lago di Santa Croce (BL) il corpo purtroppo privo di vita di Walter Locatello, il vigile del fuoco scomparso il 2 novembre scorso. I colleghi del comando di Belluno, insieme al comandante Antonio Del Gallo, esprimono profondo cordoglio [&hellip;]<\/p>\n","protected":false},"author":2,"featured_media":119261,"comment_status":"closed","ping_status":"open","sticky":false,"template":"","format":"standard","meta":{"footnotes":""},"categories":[5,26],"tags":[],"class_list":["post-145673","post","type-post","status-publish","format-standard","has-post-thumbnail","category-cronaca","category-prima-pagina"],"yoast_head":"<!-- This site is optimized with the Yoast SEO plugin v28.4 - https:\/\/yoast.com\/product\/yoast-seo-wordpress\/ -->\n<title>Recuperato il corpo di Walter Locatello nelle acque del Lago di Santa Croce - Bellunopress - Dolomiti<\/title>\n<meta name=\"robots\" content=\"index, follow, max-snippet:-1, max-image-preview:large, max-video-preview:-1\" \/>\n<link rel=\"canonical\" href=\"https:\/\/www.bellunopress.it\/fr\/2023\/11\/06\/recuperato-il-corpo-di-walter-locatello-nelle-acque-del-lago-di-santa-croce\/\" \/>\n<meta property=\"og:locale\" content=\"fr_FR\" \/>\n<meta property=\"og:type\" content=\"article\" \/>\n<meta property=\"og:title\" content=\"Recuperato il corpo di Walter Locatello nelle acque del Lago di Santa Croce - Bellunopress - Dolomiti\" \/>\n<meta property=\"og:description\" content=\"Alpago, 6 novembre 2023 &#8211; Localizzato e recuperato dai sommozzatori dei vigili del fuoco nelle acque del lago di Santa Croce (BL) il corpo purtroppo privo di vita di Walter Locatello, il vigile del fuoco scomparso il 2 novembre scorso. I colleghi del comando di Belluno, insieme al comandante Antonio Del Gallo, esprimono profondo cordoglio [&hellip;]\" \/>\n<meta property=\"og:url\" content=\"https:\/\/www.bellunopress.it\/fr\/2023\/11\/06\/recuperato-il-corpo-di-walter-locatello-nelle-acque-del-lago-di-santa-croce\/\" \/>\n<meta property=\"og:site_name\" content=\"Bellunopress - Dolomiti\" \/>\n<meta property=\"article:publisher\" content=\"https:\/\/www.facebook.com\/profile.php?id=100008943462799\" \/>\n<meta property=\"article:published_time\" content=\"2023-11-06T13:54:19+00:00\" \/>\n<meta property=\"article:modified_time\" content=\"2023-11-06T17:37:53+00:00\" \/>\n<meta property=\"og:image\" content=\"https:\/\/www.bellunopress.it\/wp-content\/uploads\/2020\/11\/lutto_edited.jpg\" \/>\n\t<meta property=\"og:image:width\" content=\"800\" \/>\n\t<meta property=\"og:image:height\" content=\"445\" \/>\n\t<meta property=\"og:image:type\" content=\"image\/jpeg\" \/>\n<meta name=\"author\" content=\"redazione\" \/>\n<meta name=\"twitter:card\" content=\"summary_large_image\" \/>\n<meta name=\"twitter:creator\" content=\"@bellunopress\" \/>\n<meta name=\"twitter:site\" content=\"@bellunopress\" \/>\n<meta name=\"twitter:label1\" content=\"Written by\" \/>\n\t<meta name=\"twitter:data1\" content=\"redazione\" \/>\n\t<meta name=\"twitter:label2\" content=\"Est. reading time\" \/>\n\t<meta name=\"twitter:data2\" content=\"2 minutes\" \/>\n<script type=\"application\/ld+json\" class=\"yoast-schema-graph\">{\"@context\":\"https:\\\/\\\/schema.org\",\"@graph\":[{\"@type\":\"Article\",\"@id\":\"https:\\\/\\\/www.bellunopress.it\\\/2023\\\/11\\\/06\\\/recuperato-il-corpo-di-walter-locatello-nelle-acque-del-lago-di-santa-croce\\\/#article\",\"isPartOf\":{\"@id\":\"https:\\\/\\\/www.bellunopress.it\\\/2023\\\/11\\\/06\\\/recuperato-il-corpo-di-walter-locatello-nelle-acque-del-lago-di-santa-croce\\\/\"},\"author\":{\"name\":\"redazione\",\"@id\":\"https:\\\/\\\/www.bellunopress.it\\\/#\\\/schema\\\/person\\\/79bb06722b37ece1c03d3e94beb30d73\"},\"headline\":\"Recuperato il corpo di Walter Locatello nelle acque del Lago di Santa Croce\",\"datePublished\":\"2023-11-06T13:54:19+00:00\",\"dateModified\":\"2023-11-06T17:37:53+00:00\",\"mainEntityOfPage\":{\"@id\":\"https:\\\/\\\/www.bellunopress.it\\\/2023\\\/11\\\/06\\\/recuperato-il-corpo-di-walter-locatello-nelle-acque-del-lago-di-santa-croce\\\/\"},\"wordCount\":445,\"publisher\":{\"@id\":\"https:\\\/\\\/www.bellunopress.it\\\/#organization\"},\"image\":{\"@id\":\"https:\\\/\\\/www.bellunopress.it\\\/2023\\\/11\\\/06\\\/recuperato-il-corpo-di-walter-locatello-nelle-acque-del-lago-di-santa-croce\\\/#primaryimage\"},\"thumbnailUrl\":\"https:\\\/\\\/www.bellunopress.it\\\/wp-content\\\/uploads\\\/2020\\\/11\\\/lutto_edited.jpg\",\"articleSection\":[\"Cronaca\\\/Politica\",\"Prima Pagina\"],\"inLanguage\":\"fr-FR\"},{\"@type\":\"WebPage\",\"@id\":\"https:\\\/\\\/www.bellunopress.it\\\/2023\\\/11\\\/06\\\/recuperato-il-corpo-di-walter-locatello-nelle-acque-del-lago-di-santa-croce\\\/\",\"url\":\"https:\\\/\\\/www.bellunopress.it\\\/2023\\\/11\\\/06\\\/recuperato-il-corpo-di-walter-locatello-nelle-acque-del-lago-di-santa-croce\\\/\",\"name\":\"Recuperato il corpo di Walter Locatello nelle acque del Lago di Santa Croce - Bellunopress - Dolomiti\",\"isPartOf\":{\"@id\":\"https:\\\/\\\/www.bellunopress.it\\\/#website\"},\"primaryImageOfPage\":{\"@id\":\"https:\\\/\\\/www.bellunopress.it\\\/2023\\\/11\\\/06\\\/recuperato-il-corpo-di-walter-locatello-nelle-acque-del-lago-di-santa-croce\\\/#primaryimage\"},\"image\":{\"@id\":\"https:\\\/\\\/www.bellunopress.it\\\/2023\\\/11\\\/06\\\/recuperato-il-corpo-di-walter-locatello-nelle-acque-del-lago-di-santa-croce\\\/#primaryimage\"},\"thumbnailUrl\":\"https:\\\/\\\/www.bellunopress.it\\\/wp-content\\\/uploads\\\/2020\\\/11\\\/lutto_edited.jpg\",\"datePublished\":\"2023-11-06T13:54:19+00:00\",\"dateModified\":\"2023-11-06T17:37:53+00:00\",\"breadcrumb\":{\"@id\":\"https:\\\/\\\/www.bellunopress.it\\\/2023\\\/11\\\/06\\\/recuperato-il-corpo-di-walter-locatello-nelle-acque-del-lago-di-santa-croce\\\/#breadcrumb\"},\"inLanguage\":\"fr-FR\",\"potentialAction\":[{\"@type\":\"ReadAction\",\"target\":[\"https:\\\/\\\/www.bellunopress.it\\\/2023\\\/11\\\/06\\\/recuperato-il-corpo-di-walter-locatello-nelle-acque-del-lago-di-santa-croce\\\/\"]}]},{\"@type\":\"ImageObject\",\"inLanguage\":\"fr-FR\",\"@id\":\"https:\\\/\\\/www.bellunopress.it\\\/2023\\\/11\\\/06\\\/recuperato-il-corpo-di-walter-locatello-nelle-acque-del-lago-di-santa-croce\\\/#primaryimage\",\"url\":\"https:\\\/\\\/www.bellunopress.it\\\/wp-content\\\/uploads\\\/2020\\\/11\\\/lutto_edited.jpg\",\"contentUrl\":\"https:\\\/\\\/www.bellunopress.it\\\/wp-content\\\/uploads\\\/2020\\\/11\\\/lutto_edited.jpg\",\"width\":800,\"height\":445},{\"@type\":\"BreadcrumbList\",\"@id\":\"https:\\\/\\\/www.bellunopress.it\\\/2023\\\/11\\\/06\\\/recuperato-il-corpo-di-walter-locatello-nelle-acque-del-lago-di-santa-croce\\\/#breadcrumb\",\"itemListElement\":[{\"@type\":\"ListItem\",\"position\":1,\"name\":\"Home\",\"item\":\"https:\\\/\\\/www.bellunopress.it\\\/\"},{\"@type\":\"ListItem\",\"position\":2,\"name\":\"Recuperato il corpo di Walter Locatello nelle acque del Lago di Santa Croce\"}]},{\"@type\":\"WebSite\",\"@id\":\"https:\\\/\\\/www.bellunopress.it\\\/#website\",\"url\":\"https:\\\/\\\/www.bellunopress.it\\\/\",\"name\":\"Bellunopress - Dolomiti\",\"description\":\"e-mail: redazione@bellunopress.it\",\"publisher\":{\"@id\":\"https:\\\/\\\/www.bellunopress.it\\\/#organization\"},\"potentialAction\":[{\"@type\":\"SearchAction\",\"target\":{\"@type\":\"EntryPoint\",\"urlTemplate\":\"https:\\\/\\\/www.bellunopress.it\\\/?s={search_term_string}\"},\"query-input\":{\"@type\":\"PropertyValueSpecification\",\"valueRequired\":true,\"valueName\":\"search_term_string\"}}],\"inLanguage\":\"fr-FR\"},{\"@type\":\"Organization\",\"@id\":\"https:\\\/\\\/www.bellunopress.it\\\/#organization\",\"name\":\"Bellunopress\",\"url\":\"https:\\\/\\\/www.bellunopress.it\\\/\",\"logo\":{\"@type\":\"ImageObject\",\"inLanguage\":\"fr-FR\",\"@id\":\"https:\\\/\\\/www.bellunopress.it\\\/#\\\/schema\\\/logo\\\/image\\\/\",\"url\":\"https:\\\/\\\/www.bellunopress.it\\\/wp-content\\\/uploads\\\/2011\\\/05\\\/cropped-logo-bellunopress-.jpg\",\"contentUrl\":\"https:\\\/\\\/www.bellunopress.it\\\/wp-content\\\/uploads\\\/2011\\\/05\\\/cropped-logo-bellunopress-.jpg\",\"width\":512,\"height\":512,\"caption\":\"Bellunopress\"},\"image\":{\"@id\":\"https:\\\/\\\/www.bellunopress.it\\\/#\\\/schema\\\/logo\\\/image\\\/\"},\"sameAs\":[\"https:\\\/\\\/www.facebook.com\\\/profile.php?id=100008943462799\",\"https:\\\/\\\/x.com\\\/bellunopress\",\"https:\\\/\\\/www.linkedin.com\\\/hp\\\/?dnr=JBzUWaJfMUw8vbXJJ2tVW5-I3jZKvC4wsoxE&amp;amp;amp;amp;amp;amp;trk=nav_responsive_tab_home\",\"https:\\\/\\\/www.youtube.com\\\/channel\\\/UCxL0wu1uN0_3_7hGG0306cw\"]},{\"@type\":\"Person\",\"@id\":\"https:\\\/\\\/www.bellunopress.it\\\/#\\\/schema\\\/person\\\/79bb06722b37ece1c03d3e94beb30d73\",\"name\":\"redazione\",\"image\":{\"@type\":\"ImageObject\",\"inLanguage\":\"fr-FR\",\"@id\":\"https:\\\/\\\/secure.gravatar.com\\\/avatar\\\/37d968a2e67a6fd04c169c4bdef102d0bc5d31b2546345219e348575eb80e9a0?s=96&d=mm&r=g\",\"url\":\"https:\\\/\\\/secure.gravatar.com\\\/avatar\\\/37d968a2e67a6fd04c169c4bdef102d0bc5d31b2546345219e348575eb80e9a0?s=96&d=mm&r=g\",\"contentUrl\":\"https:\\\/\\\/secure.gravatar.com\\\/avatar\\\/37d968a2e67a6fd04c169c4bdef102d0bc5d31b2546345219e348575eb80e9a0?s=96&d=mm&r=g\",\"caption\":\"redazione\"},\"sameAs\":[\"http:\\\/\\\/www.bellunopress.it\",\"https:\\\/\\\/x.com\\\/bellunopress\"],\"url\":\"https:\\\/\\\/www.bellunopress.it\\\/fr\\\/author\\\/redazione\\\/\"}]}<\/script>\n<!-- \/ Yoast SEO plugin. -->","yoast_head_json":{"title":"Recuperato il corpo di Walter Locatello nelle acque del Lago di Santa Croce - Bellunopress - Dolomiti","robots":{"index":"index","follow":"follow","max-snippet":"max-snippet:-1","max-image-preview":"max-image-preview:large","max-video-preview":"max-video-preview:-1"},"canonical":"https:\/\/www.bellunopress.it\/fr\/2023\/11\/06\/recuperato-il-corpo-di-walter-locatello-nelle-acque-del-lago-di-santa-croce\/","og_locale":"fr_FR","og_type":"article","og_title":"Recuperato il corpo di Walter Locatello nelle acque del Lago di Santa Croce - Bellunopress - Dolomiti","og_description":"Alpago, 6 novembre 2023 &#8211; Localizzato e recuperato dai sommozzatori dei vigili del fuoco nelle acque del lago di Santa Croce (BL) il corpo purtroppo privo di vita di Walter Locatello, il vigile del fuoco scomparso il 2 novembre scorso. I colleghi del comando di Belluno, insieme al comandante Antonio Del Gallo, esprimono profondo cordoglio [&hellip;]","og_url":"https:\/\/www.bellunopress.it\/fr\/2023\/11\/06\/recuperato-il-corpo-di-walter-locatello-nelle-acque-del-lago-di-santa-croce\/","og_site_name":"Bellunopress - Dolomiti","article_publisher":"https:\/\/www.facebook.com\/profile.php?id=100008943462799","article_published_time":"2023-11-06T13:54:19+00:00","article_modified_time":"2023-11-06T17:37:53+00:00","og_image":[{"width":800,"height":445,"url":"https:\/\/www.bellunopress.it\/wp-content\/uploads\/2020\/11\/lutto_edited.jpg","type":"image\/jpeg"}],"author":"redazione","twitter_card":"summary_large_image","twitter_creator":"@bellunopress","twitter_site":"@bellunopress","twitter_misc":{"Written by":"redazione","Est. reading time":"2 minutes"},"schema":{"@context":"https:\/\/schema.org","@graph":[{"@type":"Article","@id":"https:\/\/www.bellunopress.it\/2023\/11\/06\/recuperato-il-corpo-di-walter-locatello-nelle-acque-del-lago-di-santa-croce\/#article","isPartOf":{"@id":"https:\/\/www.bellunopress.it\/2023\/11\/06\/recuperato-il-corpo-di-walter-locatello-nelle-acque-del-lago-di-santa-croce\/"},"author":{"name":"redazione","@id":"https:\/\/www.bellunopress.it\/#\/schema\/person\/79bb06722b37ece1c03d3e94beb30d73"},"headline":"Recuperato il corpo di Walter Locatello nelle acque del Lago di Santa Croce","datePublished":"2023-11-06T13:54:19+00:00","dateModified":"2023-11-06T17:37:53+00:00","mainEntityOfPage":{"@id":"https:\/\/www.bellunopress.it\/2023\/11\/06\/recuperato-il-corpo-di-walter-locatello-nelle-acque-del-lago-di-santa-croce\/"},"wordCount":445,"publisher":{"@id":"https:\/\/www.bellunopress.it\/#organization"},"image":{"@id":"https:\/\/www.bellunopress.it\/2023\/11\/06\/recuperato-il-corpo-di-walter-locatello-nelle-acque-del-lago-di-santa-croce\/#primaryimage"},"thumbnailUrl":"https:\/\/www.bellunopress.it\/wp-content\/uploads\/2020\/11\/lutto_edited.jpg","articleSection":["Cronaca\/Politica","Prima Pagina"],"inLanguage":"fr-FR"},{"@type":"WebPage","@id":"https:\/\/www.bellunopress.it\/2023\/11\/06\/recuperato-il-corpo-di-walter-locatello-nelle-acque-del-lago-di-santa-croce\/","url":"https:\/\/www.bellunopress.it\/2023\/11\/06\/recuperato-il-corpo-di-walter-locatello-nelle-acque-del-lago-di-santa-croce\/","name":"Recuperato il corpo di Walter Locatello nelle acque del Lago di Santa Croce - Bellunopress - Dolomiti","isPartOf":{"@id":"https:\/\/www.bellunopress.it\/#website"},"primaryImageOfPage":{"@id":"https:\/\/www.bellunopress.it\/2023\/11\/06\/recuperato-il-corpo-di-walter-locatello-nelle-acque-del-lago-di-santa-croce\/#primaryimage"},"image":{"@id":"https:\/\/www.bellunopress.it\/2023\/11\/06\/recuperato-il-corpo-di-walter-locatello-nelle-acque-del-lago-di-santa-croce\/#primaryimage"},"thumbnailUrl":"https:\/\/www.bellunopress.it\/wp-content\/uploads\/2020\/11\/lutto_edited.jpg","datePublished":"2023-11-06T13:54:19+00:00","dateModified":"2023-11-06T17:37:53+00:00","breadcrumb":{"@id":"https:\/\/www.bellunopress.it\/2023\/11\/06\/recuperato-il-corpo-di-walter-locatello-nelle-acque-del-lago-di-santa-croce\/#breadcrumb"},"inLanguage":"fr-FR","potentialAction":[{"@type":"ReadAction","target":["https:\/\/www.bellunopress.it\/2023\/11\/06\/recuperato-il-corpo-di-walter-locatello-nelle-acque-del-lago-di-santa-croce\/"]}]},{"@type":"ImageObject","inLanguage":"fr-FR","@id":"https:\/\/www.bellunopress.it\/2023\/11\/06\/recuperato-il-corpo-di-walter-locatello-nelle-acque-del-lago-di-santa-croce\/#primaryimage","url":"https:\/\/www.bellunopress.it\/wp-content\/uploads\/2020\/11\/lutto_edited.jpg","contentUrl":"https:\/\/www.bellunopress.it\/wp-content\/uploads\/2020\/11\/lutto_edited.jpg","width":800,"height":445},{"@type":"BreadcrumbList","@id":"https:\/\/www.bellunopress.it\/2023\/11\/06\/recuperato-il-corpo-di-walter-locatello-nelle-acque-del-lago-di-santa-croce\/#breadcrumb","itemListElement":[{"@type":"ListItem","position":1,"name":"Home","item":"https:\/\/www.bellunopress.it\/"},{"@type":"ListItem","position":2,"name":"Recuperato il corpo di Walter Locatello nelle acque del Lago di Santa Croce"}]},{"@type":"WebSite","@id":"https:\/\/www.bellunopress.it\/#website","url":"https:\/\/www.bellunopress.it\/","name":"Bellunopress - Dolomiti","description":"e-mail: redazione@bellunopress.it","publisher":{"@id":"https:\/\/www.bellunopress.it\/#organization"},"potentialAction":[{"@type":"SearchAction","target":{"@type":"EntryPoint","urlTemplate":"https:\/\/www.bellunopress.it\/?s={search_term_string}"},"query-input":{"@type":"PropertyValueSpecification","valueRequired":true,"valueName":"search_term_string"}}],"inLanguage":"fr-FR"},{"@type":"Organization","@id":"https:\/\/www.bellunopress.it\/#organization","name":"Bellunopress","url":"https:\/\/www.bellunopress.it\/","logo":{"@type":"ImageObject","inLanguage":"fr-FR","@id":"https:\/\/www.bellunopress.it\/#\/schema\/logo\/image\/","url":"https:\/\/www.bellunopress.it\/wp-content\/uploads\/2011\/05\/cropped-logo-bellunopress-.jpg","contentUrl":"https:\/\/www.bellunopress.it\/wp-content\/uploads\/2011\/05\/cropped-logo-bellunopress-.jpg","width":512,"height":512,"caption":"Bellunopress"},"image":{"@id":"https:\/\/www.bellunopress.it\/#\/schema\/logo\/image\/"},"sameAs":["https:\/\/www.facebook.com\/profile.php?id=100008943462799","https:\/\/x.com\/bellunopress","https:\/\/www.linkedin.com\/hp\/?dnr=JBzUWaJfMUw8vbXJJ2tVW5-I3jZKvC4wsoxE&amp;amp;amp;amp;amp;amp;trk=nav_responsive_tab_home","https:\/\/www.youtube.com\/channel\/UCxL0wu1uN0_3_7hGG0306cw"]},{"@type":"Person","@id":"https:\/\/www.bellunopress.it\/#\/schema\/person\/79bb06722b37ece1c03d3e94beb30d73","name":"r\u00e9daction","image":{"@type":"ImageObject","inLanguage":"fr-FR","@id":"https:\/\/secure.gravatar.com\/avatar\/37d968a2e67a6fd04c169c4bdef102d0bc5d31b2546345219e348575eb80e9a0?s=96&d=mm&r=g","url":"https:\/\/secure.gravatar.com\/avatar\/37d968a2e67a6fd04c169c4bdef102d0bc5d31b2546345219e348575eb80e9a0?s=96&d=mm&r=g","contentUrl":"https:\/\/secure.gravatar.com\/avatar\/37d968a2e67a6fd04c169c4bdef102d0bc5d31b2546345219e348575eb80e9a0?s=96&d=mm&r=g","caption":"redazione"},"sameAs":["http:\/\/www.bellunopress.it","https:\/\/x.com\/bellunopress"],"url":"https:\/\/www.bellunopress.it\/fr\/author\/redazione\/"}]}},"_links":{"self":[{"href":"https:\/\/www.bellunopress.it\/fr\/wp-json\/wp\/v2\/posts\/145673","targetHints":{"allow":["GET"]}}],"collection":[{"href":"https:\/\/www.bellunopress.it\/fr\/wp-json\/wp\/v2\/posts"}],"about":[{"href":"https:\/\/www.bellunopress.it\/fr\/wp-json\/wp\/v2\/types\/post"}],"author":[{"embeddable":true,"href":"https:\/\/www.bellunopress.it\/fr\/wp-json\/wp\/v2\/users\/2"}],"replies":[{"embeddable":true,"href":"https:\/\/www.bellunopress.it\/fr\/wp-json\/wp\/v2\/comments?post=145673"}],"version-history":[{"count":4,"href":"https:\/\/www.bellunopress.it\/fr\/wp-json\/wp\/v2\/posts\/145673\/revisions"}],"predecessor-version":[{"id":145680,"href":"https:\/\/www.bellunopress.it\/fr\/wp-json\/wp\/v2\/posts\/145673\/revisions\/145680"}],"wp:featuredmedia":[{"embeddable":true,"href":"https:\/\/www.bellunopress.it\/fr\/wp-json\/wp\/v2\/media\/119261"}],"wp:attachment":[{"href":"https:\/\/www.bellunopress.it\/fr\/wp-json\/wp\/v2\/media?parent=145673"}],"wp:term":[{"taxonomy":"category","embeddable":true,"href":"https:\/\/www.bellunopress.it\/fr\/wp-json\/wp\/v2\/categories?post=145673"},{"taxonomy":"post_tag","embeddable":true,"href":"https:\/\/www.bellunopress.it\/fr\/wp-json\/wp\/v2\/tags?post=145673"}],"curies":[{"name":"wp","href":"https:\/\/api.w.org\/{rel}","templated":true}]}}