{"id":145670,"date":"2023-11-06T13:24:19","date_gmt":"2023-11-06T12:24:19","guid":{"rendered":"https:\/\/www.bellunopress.it\/?p=145670"},"modified":"2023-11-06T13:24:19","modified_gmt":"2023-11-06T12:24:19","slug":"laura-pellegrini-il-buio-di-vivere-quando-la-poesia-diventa-una-pillola-per-curare-le-sofferenze","status":"publish","type":"post","link":"https:\/\/www.bellunopress.it\/fr\/2023\/11\/06\/laura-pellegrini-il-buio-di-vivere-quando-la-poesia-diventa-una-pillola-per-curare-le-sofferenze\/","title":{"rendered":"Laura Pellegrini: Il buio di vivere. Quando la poesia diventa una pillola per curare le sofferenze"},"content":{"rendered":"<p><img loading=\"lazy\" decoding=\"async\" class=\"alignleft size-full wp-image-145671\" src=\"https:\/\/www.bellunopress.it\/wp-content\/uploads\/2023\/11\/Laura-Pellegrini_edited.jpg\" alt=\"\" width=\"763\" height=\"490\" srcset=\"https:\/\/www.bellunopress.it\/wp-content\/uploads\/2023\/11\/Laura-Pellegrini_edited.jpg 763w, https:\/\/www.bellunopress.it\/wp-content\/uploads\/2023\/11\/Laura-Pellegrini_edited-500x321.jpg 500w, https:\/\/www.bellunopress.it\/wp-content\/uploads\/2023\/11\/Laura-Pellegrini_edited-696x447.jpg 696w\" sizes=\"auto, (max-width: 763px) 100vw, 763px\" \/>Vuole imprimere sull\u2019eterna memoria della poesia una condizione di sofferenza che affronta quotidianamente per creare bellezza. Stiamo parlando dell&#8217;autrice Laura Pellegrini, nata a Roma nel 1962, trasferitasi nel 1987 a Belluno per insegnare nella Scuola Secondaria di Primo Grado.\u00a0\u201cIl buio di vivere\u201d \u00e8 il nome della sua silloge, pubblicata nella collana \u201cI Diamanti della Poesia\u201d dell\u2019Aletti editore.<\/p>\n<p>\u00abE\u2019 una scelta che ho fatto anche con i primi due libri di poesie, \u201cIl silenzio delle parole\u201d e \u201cLa solitudine del cuore\u201d &#8211; dichiara l&#8217;autrice &#8211; . Il nome di una poesia che d\u00e0 il titolo al libro \u00e8 indicativo sulla tematica del contenuto di cui si \u00e8 scritto\u00bb.<\/p>\n<p>La scrittura diventa, cos\u00ec, espressione di libert\u00e0, quando il dolore vorrebbe prendere il sopravvento, consentendo di tirar fuori ogni emozione e di alleggerire un cuore schiacciato da afflizione e patimento. E\u2019, infatti, liberatorio, saper esprimere i propri stati d\u2019animo, in tutte e le pi\u00f9 svariate forme di arte: la scrittura, la pittura, la danza, la musica. Esprimersi \u00e8 &#8211; per Laura Pellegrini &#8211; una pillola curativa per attenuare le nostre sofferenze.<\/p>\n<p>\u00abNel manifestare anche la pi\u00f9 buia e dolorosa sofferenza &#8211; spiega l\u2019autrice, specializzata nell\u2019insegnamento per alunni diversamente abili &#8211; la scritta parola sottende a un piccolo spiraglio di luce, delineando un filo sottile di invisibile speranza. Liberare emozioni e sentimenti per creare bellezza; su questo cardine, sono nate poesie struggenti e veri capolavori da grandissimi poeti che sono entrati nella storia della letteratura italiana come: Ungaretti, Leopardi, Montale, Merini, solo per citare qualche nome. Il ruolo della scrittura \u00e8 fondamentale per esprimere se stessi, anche se non \u00e8 la sola forma d\u2019arte per poterlo fare\u00bb.<br \/>\nLe poesie si sviluppano, principalmente, attraverso quattro nuclei tematici: il contrasto lontano-vicino, dove filtra un\u2019inquietudine, un senso di solitudine; il dolore, declinato nei suoi aspetti pi\u00f9 vari; al logorio derivante dalle sofferenze per la mancanza di amore; e, infine, la consapevolezza scaturita dall&#8217;ineluttabile voltafaccia delle presenti tristi contingenze nei confronti delle passate speranze.<\/p>\n<p>\u00abL\u2019autrice &#8211; scrive, nella Prefazione, Hafez Haidar, pi\u00f9 volte candidato al Premio Nobel per la Letteratura &#8211; convinta che la societ\u00e0 circostante sia indifferente ed egoista, anaffettiva e priva di rispetto verso gli altri, sente smarrito persino il suo esistere nel fitto buio che avvolge la sua esistenza. In quest\u2019isola di abbandono, dove mancano l\u2019amore e il sorriso, anche l\u2019alba, generalmente attesa con ansia, \u00e8 priva di luce e di vita. Laura si trova rinchiusa tra le sbarre dei suoi pensieri tormentati e cerca di scavare con i suoi versi nel proprio cuore, spinta dalla consapevolezza che a volte serva una sola parola d\u2019amore oppure un semplice gesto di aiuto per spegnare il rogo che infiamma la mente\u00bb.<br \/>\nLe scelte stilistiche fanno affiorare tutte le asperit\u00e0 di cui si nutrono le liriche, a volte, attraverso l\u2019anti-musicalit\u00e0 dell\u2019andamento prosastico, altre, attraverso la scelta di versi brevissimi, frammentati, quasi a segnare una spaccatura tra i concetti. Dall\u2019analisi dell\u2019aspetto fonico emergono molte allitterazioni, delle paronomasie e ricercati ed efficaci giochi di parole. Tra le figure di significato, da rilevare la presenza di metafore e similitudini. Relativamente alle scelte lessicali, frequente \u00e8 l\u2019uso delle anafore e delle ripetizioni, ad amplificare, come una grande cassa di risonanza, le sensazioni descritte e delle antitesi.<br \/>\nLaura Pellegrini scava a mani nude nella propria anima e i suoi scritti sono frutto del suo vissuto pi\u00f9 intimo, consegnando al lettore la bellezza di quello spiraglio di luce che, tra solitudine, mancanza d\u2019amore, inquietudine, sfiducia, pu\u00f2 entrare anche quando sembra essere tutto buio. \u00abScrivere in prima persona, nel bene e nel male, \u00e8 mettere a nudo l\u2019intimo pi\u00f9 fragile e nascosto di noi. Nel buio celato ci sono: eventi, emozioni, sentimenti, paure, traumi, che incidono e plasmano la crescita e lo sviluppo di ogni persona. Dovremmo essere pi\u00f9 consapevoli del valore di ogni singola individualit\u00e0 ed essere in grado di metterci nei panni dell\u2019altro per incrementare una dote importante: la capacit\u00e0 di essere empatici. Non dovremmo mai dimenticare &#8211; conclude la poetessa &#8211; che siamo esseri umani che hanno dei valori; rispettiamo e regaliamo carezze di gentilezza ad ogni essere vivente\u00bb.<\/p>","protected":false},"excerpt":{"rendered":"<p>Vuole imprimere sull\u2019eterna memoria della poesia una condizione di sofferenza che affronta quotidianamente per creare bellezza. Stiamo parlando dell&#8217;autrice Laura Pellegrini, nata a Roma nel 1962, trasferitasi nel 1987 a Belluno per insegnare nella Scuola Secondaria di Primo Grado.\u00a0\u201cIl buio di vivere\u201d \u00e8 il nome della sua silloge, pubblicata nella collana \u201cI Diamanti della Poesia\u201d [&hellip;]<\/p>\n","protected":false},"author":2,"featured_media":145671,"comment_status":"closed","ping_status":"open","sticky":false,"template":"","format":"standard","meta":{"footnotes":""},"categories":[3],"tags":[],"class_list":["post-145670","post","type-post","status-publish","format-standard","has-post-thumbnail","category-arte-cultura-spettacoli-scienza-archivi"],"yoast_head":"<!-- This site is optimized with the Yoast SEO plugin v28.4 - https:\/\/yoast.com\/product\/yoast-seo-wordpress\/ -->\n<title>Laura Pellegrini: Il buio di vivere. Quando la poesia diventa una pillola per curare le sofferenze - Bellunopress - Dolomiti<\/title>\n<meta name=\"robots\" content=\"index, follow, max-snippet:-1, max-image-preview:large, max-video-preview:-1\" \/>\n<link rel=\"canonical\" href=\"https:\/\/www.bellunopress.it\/fr\/2023\/11\/06\/laura-pellegrini-il-buio-di-vivere-quando-la-poesia-diventa-una-pillola-per-curare-le-sofferenze\/\" \/>\n<meta property=\"og:locale\" content=\"fr_FR\" \/>\n<meta property=\"og:type\" content=\"article\" \/>\n<meta property=\"og:title\" content=\"Laura Pellegrini: Il buio di vivere. Quando la poesia diventa una pillola per curare le sofferenze - Bellunopress - Dolomiti\" \/>\n<meta property=\"og:description\" content=\"Vuole imprimere sull\u2019eterna memoria della poesia una condizione di sofferenza che affronta quotidianamente per creare bellezza. Stiamo parlando dell&#8217;autrice Laura Pellegrini, nata a Roma nel 1962, trasferitasi nel 1987 a Belluno per insegnare nella Scuola Secondaria di Primo Grado.\u00a0\u201cIl buio di vivere\u201d \u00e8 il nome della sua silloge, pubblicata nella collana \u201cI Diamanti della Poesia\u201d [&hellip;]\" \/>\n<meta property=\"og:url\" content=\"https:\/\/www.bellunopress.it\/fr\/2023\/11\/06\/laura-pellegrini-il-buio-di-vivere-quando-la-poesia-diventa-una-pillola-per-curare-le-sofferenze\/\" \/>\n<meta property=\"og:site_name\" content=\"Bellunopress - Dolomiti\" \/>\n<meta property=\"article:publisher\" content=\"https:\/\/www.facebook.com\/profile.php?id=100008943462799\" \/>\n<meta property=\"article:published_time\" content=\"2023-11-06T12:24:19+00:00\" \/>\n<meta property=\"og:image\" content=\"https:\/\/www.bellunopress.it\/wp-content\/uploads\/2023\/11\/Laura-Pellegrini_edited.jpg\" \/>\n\t<meta property=\"og:image:width\" content=\"763\" \/>\n\t<meta property=\"og:image:height\" content=\"490\" \/>\n\t<meta property=\"og:image:type\" content=\"image\/jpeg\" \/>\n<meta name=\"author\" content=\"redazione\" \/>\n<meta name=\"twitter:card\" content=\"summary_large_image\" \/>\n<meta name=\"twitter:creator\" content=\"@bellunopress\" \/>\n<meta name=\"twitter:site\" content=\"@bellunopress\" \/>\n<meta name=\"twitter:label1\" content=\"\u00c9crit par\" \/>\n\t<meta name=\"twitter:data1\" content=\"redazione\" \/>\n\t<meta name=\"twitter:label2\" content=\"Dur\u00e9e de lecture estim\u00e9e\" \/>\n\t<meta name=\"twitter:data2\" content=\"3 minutes\" \/>\n<script type=\"application\/ld+json\" class=\"yoast-schema-graph\">{\"@context\":\"https:\\\/\\\/schema.org\",\"@graph\":[{\"@type\":\"Article\",\"@id\":\"https:\\\/\\\/www.bellunopress.it\\\/2023\\\/11\\\/06\\\/laura-pellegrini-il-buio-di-vivere-quando-la-poesia-diventa-una-pillola-per-curare-le-sofferenze\\\/#article\",\"isPartOf\":{\"@id\":\"https:\\\/\\\/www.bellunopress.it\\\/2023\\\/11\\\/06\\\/laura-pellegrini-il-buio-di-vivere-quando-la-poesia-diventa-una-pillola-per-curare-le-sofferenze\\\/\"},\"author\":{\"name\":\"redazione\",\"@id\":\"https:\\\/\\\/www.bellunopress.it\\\/#\\\/schema\\\/person\\\/79bb06722b37ece1c03d3e94beb30d73\"},\"headline\":\"Laura Pellegrini: Il buio di vivere. Quando la poesia diventa una pillola per curare le sofferenze\",\"datePublished\":\"2023-11-06T12:24:19+00:00\",\"mainEntityOfPage\":{\"@id\":\"https:\\\/\\\/www.bellunopress.it\\\/2023\\\/11\\\/06\\\/laura-pellegrini-il-buio-di-vivere-quando-la-poesia-diventa-una-pillola-per-curare-le-sofferenze\\\/\"},\"wordCount\":705,\"publisher\":{\"@id\":\"https:\\\/\\\/www.bellunopress.it\\\/#organization\"},\"image\":{\"@id\":\"https:\\\/\\\/www.bellunopress.it\\\/2023\\\/11\\\/06\\\/laura-pellegrini-il-buio-di-vivere-quando-la-poesia-diventa-una-pillola-per-curare-le-sofferenze\\\/#primaryimage\"},\"thumbnailUrl\":\"https:\\\/\\\/www.bellunopress.it\\\/wp-content\\\/uploads\\\/2023\\\/11\\\/Laura-Pellegrini_edited.jpg\",\"articleSection\":[\"Arte, Cultura, Spettacoli, Scienza\"],\"inLanguage\":\"fr-FR\"},{\"@type\":\"WebPage\",\"@id\":\"https:\\\/\\\/www.bellunopress.it\\\/2023\\\/11\\\/06\\\/laura-pellegrini-il-buio-di-vivere-quando-la-poesia-diventa-una-pillola-per-curare-le-sofferenze\\\/\",\"url\":\"https:\\\/\\\/www.bellunopress.it\\\/2023\\\/11\\\/06\\\/laura-pellegrini-il-buio-di-vivere-quando-la-poesia-diventa-una-pillola-per-curare-le-sofferenze\\\/\",\"name\":\"Laura Pellegrini: Il buio di vivere. Quando la poesia diventa una pillola per curare le sofferenze - Bellunopress - Dolomiti\",\"isPartOf\":{\"@id\":\"https:\\\/\\\/www.bellunopress.it\\\/#website\"},\"primaryImageOfPage\":{\"@id\":\"https:\\\/\\\/www.bellunopress.it\\\/2023\\\/11\\\/06\\\/laura-pellegrini-il-buio-di-vivere-quando-la-poesia-diventa-una-pillola-per-curare-le-sofferenze\\\/#primaryimage\"},\"image\":{\"@id\":\"https:\\\/\\\/www.bellunopress.it\\\/2023\\\/11\\\/06\\\/laura-pellegrini-il-buio-di-vivere-quando-la-poesia-diventa-una-pillola-per-curare-le-sofferenze\\\/#primaryimage\"},\"thumbnailUrl\":\"https:\\\/\\\/www.bellunopress.it\\\/wp-content\\\/uploads\\\/2023\\\/11\\\/Laura-Pellegrini_edited.jpg\",\"datePublished\":\"2023-11-06T12:24:19+00:00\",\"breadcrumb\":{\"@id\":\"https:\\\/\\\/www.bellunopress.it\\\/2023\\\/11\\\/06\\\/laura-pellegrini-il-buio-di-vivere-quando-la-poesia-diventa-una-pillola-per-curare-le-sofferenze\\\/#breadcrumb\"},\"inLanguage\":\"fr-FR\",\"potentialAction\":[{\"@type\":\"ReadAction\",\"target\":[\"https:\\\/\\\/www.bellunopress.it\\\/2023\\\/11\\\/06\\\/laura-pellegrini-il-buio-di-vivere-quando-la-poesia-diventa-una-pillola-per-curare-le-sofferenze\\\/\"]}]},{\"@type\":\"ImageObject\",\"inLanguage\":\"fr-FR\",\"@id\":\"https:\\\/\\\/www.bellunopress.it\\\/2023\\\/11\\\/06\\\/laura-pellegrini-il-buio-di-vivere-quando-la-poesia-diventa-una-pillola-per-curare-le-sofferenze\\\/#primaryimage\",\"url\":\"https:\\\/\\\/www.bellunopress.it\\\/wp-content\\\/uploads\\\/2023\\\/11\\\/Laura-Pellegrini_edited.jpg\",\"contentUrl\":\"https:\\\/\\\/www.bellunopress.it\\\/wp-content\\\/uploads\\\/2023\\\/11\\\/Laura-Pellegrini_edited.jpg\",\"width\":763,\"height\":490},{\"@type\":\"BreadcrumbList\",\"@id\":\"https:\\\/\\\/www.bellunopress.it\\\/2023\\\/11\\\/06\\\/laura-pellegrini-il-buio-di-vivere-quando-la-poesia-diventa-una-pillola-per-curare-le-sofferenze\\\/#breadcrumb\",\"itemListElement\":[{\"@type\":\"ListItem\",\"position\":1,\"name\":\"Home\",\"item\":\"https:\\\/\\\/www.bellunopress.it\\\/\"},{\"@type\":\"ListItem\",\"position\":2,\"name\":\"Laura Pellegrini: Il buio di vivere. Quando la poesia diventa una pillola per curare le sofferenze\"}]},{\"@type\":\"WebSite\",\"@id\":\"https:\\\/\\\/www.bellunopress.it\\\/#website\",\"url\":\"https:\\\/\\\/www.bellunopress.it\\\/\",\"name\":\"Bellunopress - Dolomiti\",\"description\":\"e-mail: redazione@bellunopress.it\",\"publisher\":{\"@id\":\"https:\\\/\\\/www.bellunopress.it\\\/#organization\"},\"potentialAction\":[{\"@type\":\"SearchAction\",\"target\":{\"@type\":\"EntryPoint\",\"urlTemplate\":\"https:\\\/\\\/www.bellunopress.it\\\/?s={search_term_string}\"},\"query-input\":{\"@type\":\"PropertyValueSpecification\",\"valueRequired\":true,\"valueName\":\"search_term_string\"}}],\"inLanguage\":\"fr-FR\"},{\"@type\":\"Organization\",\"@id\":\"https:\\\/\\\/www.bellunopress.it\\\/#organization\",\"name\":\"Bellunopress\",\"url\":\"https:\\\/\\\/www.bellunopress.it\\\/\",\"logo\":{\"@type\":\"ImageObject\",\"inLanguage\":\"fr-FR\",\"@id\":\"https:\\\/\\\/www.bellunopress.it\\\/#\\\/schema\\\/logo\\\/image\\\/\",\"url\":\"https:\\\/\\\/www.bellunopress.it\\\/wp-content\\\/uploads\\\/2011\\\/05\\\/cropped-logo-bellunopress-.jpg\",\"contentUrl\":\"https:\\\/\\\/www.bellunopress.it\\\/wp-content\\\/uploads\\\/2011\\\/05\\\/cropped-logo-bellunopress-.jpg\",\"width\":512,\"height\":512,\"caption\":\"Bellunopress\"},\"image\":{\"@id\":\"https:\\\/\\\/www.bellunopress.it\\\/#\\\/schema\\\/logo\\\/image\\\/\"},\"sameAs\":[\"https:\\\/\\\/www.facebook.com\\\/profile.php?id=100008943462799\",\"https:\\\/\\\/x.com\\\/bellunopress\",\"https:\\\/\\\/www.linkedin.com\\\/hp\\\/?dnr=JBzUWaJfMUw8vbXJJ2tVW5-I3jZKvC4wsoxE&amp;amp;amp;amp;amp;amp;trk=nav_responsive_tab_home\",\"https:\\\/\\\/www.youtube.com\\\/channel\\\/UCxL0wu1uN0_3_7hGG0306cw\"]},{\"@type\":\"Person\",\"@id\":\"https:\\\/\\\/www.bellunopress.it\\\/#\\\/schema\\\/person\\\/79bb06722b37ece1c03d3e94beb30d73\",\"name\":\"redazione\",\"image\":{\"@type\":\"ImageObject\",\"inLanguage\":\"fr-FR\",\"@id\":\"https:\\\/\\\/secure.gravatar.com\\\/avatar\\\/37d968a2e67a6fd04c169c4bdef102d0bc5d31b2546345219e348575eb80e9a0?s=96&d=mm&r=g\",\"url\":\"https:\\\/\\\/secure.gravatar.com\\\/avatar\\\/37d968a2e67a6fd04c169c4bdef102d0bc5d31b2546345219e348575eb80e9a0?s=96&d=mm&r=g\",\"contentUrl\":\"https:\\\/\\\/secure.gravatar.com\\\/avatar\\\/37d968a2e67a6fd04c169c4bdef102d0bc5d31b2546345219e348575eb80e9a0?s=96&d=mm&r=g\",\"caption\":\"redazione\"},\"sameAs\":[\"http:\\\/\\\/www.bellunopress.it\",\"https:\\\/\\\/x.com\\\/bellunopress\"],\"url\":\"https:\\\/\\\/www.bellunopress.it\\\/fr\\\/author\\\/redazione\\\/\"}]}<\/script>\n<!-- \/ Yoast SEO plugin. -->","yoast_head_json":{"title":"Laura Pellegrini: Il buio di vivere. Quando la poesia diventa una pillola per curare le sofferenze - Bellunopress - Dolomiti","robots":{"index":"index","follow":"follow","max-snippet":"max-snippet:-1","max-image-preview":"max-image-preview:large","max-video-preview":"max-video-preview:-1"},"canonical":"https:\/\/www.bellunopress.it\/fr\/2023\/11\/06\/laura-pellegrini-il-buio-di-vivere-quando-la-poesia-diventa-una-pillola-per-curare-le-sofferenze\/","og_locale":"fr_FR","og_type":"article","og_title":"Laura Pellegrini: Il buio di vivere. Quando la poesia diventa una pillola per curare le sofferenze - Bellunopress - Dolomiti","og_description":"Vuole imprimere sull\u2019eterna memoria della poesia una condizione di sofferenza che affronta quotidianamente per creare bellezza. Stiamo parlando dell&#8217;autrice Laura Pellegrini, nata a Roma nel 1962, trasferitasi nel 1987 a Belluno per insegnare nella Scuola Secondaria di Primo Grado.\u00a0\u201cIl buio di vivere\u201d \u00e8 il nome della sua silloge, pubblicata nella collana \u201cI Diamanti della Poesia\u201d [&hellip;]","og_url":"https:\/\/www.bellunopress.it\/fr\/2023\/11\/06\/laura-pellegrini-il-buio-di-vivere-quando-la-poesia-diventa-una-pillola-per-curare-le-sofferenze\/","og_site_name":"Bellunopress - Dolomiti","article_publisher":"https:\/\/www.facebook.com\/profile.php?id=100008943462799","article_published_time":"2023-11-06T12:24:19+00:00","og_image":[{"width":763,"height":490,"url":"https:\/\/www.bellunopress.it\/wp-content\/uploads\/2023\/11\/Laura-Pellegrini_edited.jpg","type":"image\/jpeg"}],"author":"redazione","twitter_card":"summary_large_image","twitter_creator":"@bellunopress","twitter_site":"@bellunopress","twitter_misc":{"\u00c9crit par":"redazione","Dur\u00e9e de lecture estim\u00e9e":"3 minutes"},"schema":{"@context":"https:\/\/schema.org","@graph":[{"@type":"Article","@id":"https:\/\/www.bellunopress.it\/2023\/11\/06\/laura-pellegrini-il-buio-di-vivere-quando-la-poesia-diventa-una-pillola-per-curare-le-sofferenze\/#article","isPartOf":{"@id":"https:\/\/www.bellunopress.it\/2023\/11\/06\/laura-pellegrini-il-buio-di-vivere-quando-la-poesia-diventa-una-pillola-per-curare-le-sofferenze\/"},"author":{"name":"redazione","@id":"https:\/\/www.bellunopress.it\/#\/schema\/person\/79bb06722b37ece1c03d3e94beb30d73"},"headline":"Laura Pellegrini: Il buio di vivere. Quando la poesia diventa una pillola per curare le sofferenze","datePublished":"2023-11-06T12:24:19+00:00","mainEntityOfPage":{"@id":"https:\/\/www.bellunopress.it\/2023\/11\/06\/laura-pellegrini-il-buio-di-vivere-quando-la-poesia-diventa-una-pillola-per-curare-le-sofferenze\/"},"wordCount":705,"publisher":{"@id":"https:\/\/www.bellunopress.it\/#organization"},"image":{"@id":"https:\/\/www.bellunopress.it\/2023\/11\/06\/laura-pellegrini-il-buio-di-vivere-quando-la-poesia-diventa-una-pillola-per-curare-le-sofferenze\/#primaryimage"},"thumbnailUrl":"https:\/\/www.bellunopress.it\/wp-content\/uploads\/2023\/11\/Laura-Pellegrini_edited.jpg","articleSection":["Arte, Cultura, Spettacoli, Scienza"],"inLanguage":"fr-FR"},{"@type":"WebPage","@id":"https:\/\/www.bellunopress.it\/2023\/11\/06\/laura-pellegrini-il-buio-di-vivere-quando-la-poesia-diventa-una-pillola-per-curare-le-sofferenze\/","url":"https:\/\/www.bellunopress.it\/2023\/11\/06\/laura-pellegrini-il-buio-di-vivere-quando-la-poesia-diventa-una-pillola-per-curare-le-sofferenze\/","name":"Laura Pellegrini: Il buio di vivere. Quando la poesia diventa una pillola per curare le sofferenze - Bellunopress - Dolomiti","isPartOf":{"@id":"https:\/\/www.bellunopress.it\/#website"},"primaryImageOfPage":{"@id":"https:\/\/www.bellunopress.it\/2023\/11\/06\/laura-pellegrini-il-buio-di-vivere-quando-la-poesia-diventa-una-pillola-per-curare-le-sofferenze\/#primaryimage"},"image":{"@id":"https:\/\/www.bellunopress.it\/2023\/11\/06\/laura-pellegrini-il-buio-di-vivere-quando-la-poesia-diventa-una-pillola-per-curare-le-sofferenze\/#primaryimage"},"thumbnailUrl":"https:\/\/www.bellunopress.it\/wp-content\/uploads\/2023\/11\/Laura-Pellegrini_edited.jpg","datePublished":"2023-11-06T12:24:19+00:00","breadcrumb":{"@id":"https:\/\/www.bellunopress.it\/2023\/11\/06\/laura-pellegrini-il-buio-di-vivere-quando-la-poesia-diventa-una-pillola-per-curare-le-sofferenze\/#breadcrumb"},"inLanguage":"fr-FR","potentialAction":[{"@type":"ReadAction","target":["https:\/\/www.bellunopress.it\/2023\/11\/06\/laura-pellegrini-il-buio-di-vivere-quando-la-poesia-diventa-una-pillola-per-curare-le-sofferenze\/"]}]},{"@type":"ImageObject","inLanguage":"fr-FR","@id":"https:\/\/www.bellunopress.it\/2023\/11\/06\/laura-pellegrini-il-buio-di-vivere-quando-la-poesia-diventa-una-pillola-per-curare-le-sofferenze\/#primaryimage","url":"https:\/\/www.bellunopress.it\/wp-content\/uploads\/2023\/11\/Laura-Pellegrini_edited.jpg","contentUrl":"https:\/\/www.bellunopress.it\/wp-content\/uploads\/2023\/11\/Laura-Pellegrini_edited.jpg","width":763,"height":490},{"@type":"BreadcrumbList","@id":"https:\/\/www.bellunopress.it\/2023\/11\/06\/laura-pellegrini-il-buio-di-vivere-quando-la-poesia-diventa-una-pillola-per-curare-le-sofferenze\/#breadcrumb","itemListElement":[{"@type":"ListItem","position":1,"name":"Home","item":"https:\/\/www.bellunopress.it\/"},{"@type":"ListItem","position":2,"name":"Laura Pellegrini: Il buio di vivere. Quando la poesia diventa una pillola per curare le sofferenze"}]},{"@type":"WebSite","@id":"https:\/\/www.bellunopress.it\/#website","url":"https:\/\/www.bellunopress.it\/","name":"Bellunopress - Dolomiti","description":"e-mail: redazione@bellunopress.it","publisher":{"@id":"https:\/\/www.bellunopress.it\/#organization"},"potentialAction":[{"@type":"SearchAction","target":{"@type":"EntryPoint","urlTemplate":"https:\/\/www.bellunopress.it\/?s={search_term_string}"},"query-input":{"@type":"PropertyValueSpecification","valueRequired":true,"valueName":"search_term_string"}}],"inLanguage":"fr-FR"},{"@type":"Organization","@id":"https:\/\/www.bellunopress.it\/#organization","name":"Bellunopress","url":"https:\/\/www.bellunopress.it\/","logo":{"@type":"ImageObject","inLanguage":"fr-FR","@id":"https:\/\/www.bellunopress.it\/#\/schema\/logo\/image\/","url":"https:\/\/www.bellunopress.it\/wp-content\/uploads\/2011\/05\/cropped-logo-bellunopress-.jpg","contentUrl":"https:\/\/www.bellunopress.it\/wp-content\/uploads\/2011\/05\/cropped-logo-bellunopress-.jpg","width":512,"height":512,"caption":"Bellunopress"},"image":{"@id":"https:\/\/www.bellunopress.it\/#\/schema\/logo\/image\/"},"sameAs":["https:\/\/www.facebook.com\/profile.php?id=100008943462799","https:\/\/x.com\/bellunopress","https:\/\/www.linkedin.com\/hp\/?dnr=JBzUWaJfMUw8vbXJJ2tVW5-I3jZKvC4wsoxE&amp;amp;amp;amp;amp;amp;trk=nav_responsive_tab_home","https:\/\/www.youtube.com\/channel\/UCxL0wu1uN0_3_7hGG0306cw"]},{"@type":"Person","@id":"https:\/\/www.bellunopress.it\/#\/schema\/person\/79bb06722b37ece1c03d3e94beb30d73","name":"r\u00e9daction","image":{"@type":"ImageObject","inLanguage":"fr-FR","@id":"https:\/\/secure.gravatar.com\/avatar\/37d968a2e67a6fd04c169c4bdef102d0bc5d31b2546345219e348575eb80e9a0?s=96&d=mm&r=g","url":"https:\/\/secure.gravatar.com\/avatar\/37d968a2e67a6fd04c169c4bdef102d0bc5d31b2546345219e348575eb80e9a0?s=96&d=mm&r=g","contentUrl":"https:\/\/secure.gravatar.com\/avatar\/37d968a2e67a6fd04c169c4bdef102d0bc5d31b2546345219e348575eb80e9a0?s=96&d=mm&r=g","caption":"redazione"},"sameAs":["http:\/\/www.bellunopress.it","https:\/\/x.com\/bellunopress"],"url":"https:\/\/www.bellunopress.it\/fr\/author\/redazione\/"}]}},"_links":{"self":[{"href":"https:\/\/www.bellunopress.it\/fr\/wp-json\/wp\/v2\/posts\/145670","targetHints":{"allow":["GET"]}}],"collection":[{"href":"https:\/\/www.bellunopress.it\/fr\/wp-json\/wp\/v2\/posts"}],"about":[{"href":"https:\/\/www.bellunopress.it\/fr\/wp-json\/wp\/v2\/types\/post"}],"author":[{"embeddable":true,"href":"https:\/\/www.bellunopress.it\/fr\/wp-json\/wp\/v2\/users\/2"}],"replies":[{"embeddable":true,"href":"https:\/\/www.bellunopress.it\/fr\/wp-json\/wp\/v2\/comments?post=145670"}],"version-history":[{"count":1,"href":"https:\/\/www.bellunopress.it\/fr\/wp-json\/wp\/v2\/posts\/145670\/revisions"}],"predecessor-version":[{"id":145672,"href":"https:\/\/www.bellunopress.it\/fr\/wp-json\/wp\/v2\/posts\/145670\/revisions\/145672"}],"wp:featuredmedia":[{"embeddable":true,"href":"https:\/\/www.bellunopress.it\/fr\/wp-json\/wp\/v2\/media\/145671"}],"wp:attachment":[{"href":"https:\/\/www.bellunopress.it\/fr\/wp-json\/wp\/v2\/media?parent=145670"}],"wp:term":[{"taxonomy":"category","embeddable":true,"href":"https:\/\/www.bellunopress.it\/fr\/wp-json\/wp\/v2\/categories?post=145670"},{"taxonomy":"post_tag","embeddable":true,"href":"https:\/\/www.bellunopress.it\/fr\/wp-json\/wp\/v2\/tags?post=145670"}],"curies":[{"name":"wp","href":"https:\/\/api.w.org\/{rel}","templated":true}]}}