{"id":145667,"date":"2023-11-06T10:25:12","date_gmt":"2023-11-06T09:25:12","guid":{"rendered":"https:\/\/www.bellunopress.it\/?p=145667"},"modified":"2023-11-06T10:25:12","modified_gmt":"2023-11-06T09:25:12","slug":"franchetti-spa-di-arzignano-previste-50-assunzioni-altamente-qualificate-ingegneri-informatici-intelligenza-artificiale","status":"publish","type":"post","link":"https:\/\/www.bellunopress.it\/fr\/2023\/11\/06\/franchetti-spa-di-arzignano-previste-50-assunzioni-altamente-qualificate-ingegneri-informatici-intelligenza-artificiale\/","title":{"rendered":"Franchetti spa di Arzignano. Previste 50 assunzioni altamente qualificate, ingegneri, informatici intelligenza artificiale"},"content":{"rendered":"<figure id=\"attachment_145668\" aria-describedby=\"caption-attachment-145668\" style=\"width: 727px\" class=\"wp-caption alignleft\"><img loading=\"lazy\" decoding=\"async\" class=\"size-full wp-image-145668\" src=\"https:\/\/www.bellunopress.it\/wp-content\/uploads\/2023\/11\/Gianluca-Del-Fabbro-Franchetti-spa-Arzignano.jpg\" alt=\"\" width=\"727\" height=\"763\" srcset=\"https:\/\/www.bellunopress.it\/wp-content\/uploads\/2023\/11\/Gianluca-Del-Fabbro-Franchetti-spa-Arzignano.jpg 727w, https:\/\/www.bellunopress.it\/wp-content\/uploads\/2023\/11\/Gianluca-Del-Fabbro-Franchetti-spa-Arzignano-476x500.jpg 476w, https:\/\/www.bellunopress.it\/wp-content\/uploads\/2023\/11\/Gianluca-Del-Fabbro-Franchetti-spa-Arzignano-696x730.jpg 696w\" sizes=\"auto, (max-width: 727px) 100vw, 727px\" \/><figcaption id=\"caption-attachment-145668\" class=\"wp-caption-text\">Gianluca Del Fabbro, direttore generale di Franchetti spa di Arzignano<\/figcaption><\/figure>\n<p>Franchetti S.p.A., societ\u00e0 quotata a capo dell&#8217;omonimo Gruppo multinazionale di sviluppo software ed engineering design con sede a Arzignano (Vicenza), pioniere nella pianificazione, diagnosi e terapia degli interventi volti alla sicurezza e programmazione predittiva delle attivit\u00e0 di manutenzione sulle strutture di reti infrastrutturali, in particolare ponti e viadotti, prevede di assumere, entro il 2024, 50 risorse altamente qualificate (15 delle quali sono gi\u00e0 state inserite nel corso dei primi 10 mesi del 2023). In particolare, l&#8217;innesto riguarda ingegneri civili e meccanici con esperienza nel settore delle infrastrutture, oltre che ad ingegneri elettronici e laureati in scienze informatiche con competenze nel campo dell&#8217;AI (Artificial Intelligence) e dell&#8217;IoT (Internet of Things), professionalit\u00e0 che avranno un ruolo cruciale nel continuo sviluppo delle soluzioni tecnologiche del Gruppo Franchetti. Oltre a queste figure chiave, la Societ\u00e0 \u00e8 anche alla ricerca di professionisti per potenziare le aree Commerciale, Project Management, Controllo di Gestione e Ricerca &amp; Sviluppo.<\/p>\n<p>A partire da gennaio 2024, Franchetti prevede inoltre di lanciare la propria Academy, un percorso formativo altamente qualificante che consentir\u00e0 ai futuri professionisti del settore di crescere in azienda e sviluppare internamente le competenze necessarie, potendo accedere ad un patrimonio informativo e all&#8217;esperienza pluriennale della Societ\u00e0 nell&#8217;ambito della manutenzione predittiva.<\/p>\n<p>L&#8217;obiettivo di Franchetti S.p.A., il cui attuale organico \u00e8 gi\u00e0 del tutto sufficiente a gestire commesse sia attuali che future, \u00e8 di potenziare ulteriormente il team di professionisti gi\u00e0 esistente, sia in Italia che in Brasile, allo scopo di sfruttare al meglio le opportunit\u00e0 emergenti sul mercato.<\/p>\n<p>Gianluca Del Fabbro, Direttore Generale di Franchetti spa, ha dichiarato: &#8220;Siamo in una fase cruciale di crescita e sviluppo e, proprio per questo, vogliamo accogliere in Societ\u00e0 risorse umane aggiuntive che possano affiancare il nostro team condividendone la passione per l&#8217;innovazione e l&#8217;eccellenza. Si tratta di un investimento che ci permetter\u00e0 di mantenere gli standard elevati che ci hanno resi leader nel settore sin dalla nostra fondazione. I professionisti entrati nel gruppo da pochi mesi sono gi\u00e0 in sinergia con la Societ\u00e0 nel gestire le commesse in corso e per cogliere le numerose altre opportunit\u00e0 che sapremo individuare tanto in Italia, quanto in Brasile e nei paesi di presenza del gruppo&#8221;.<\/p>","protected":false},"excerpt":{"rendered":"<p>Franchetti S.p.A., societ\u00e0 quotata a capo dell&#8217;omonimo Gruppo multinazionale di sviluppo software ed engineering design con sede a Arzignano (Vicenza), pioniere nella pianificazione, diagnosi e terapia degli interventi volti alla sicurezza e programmazione predittiva delle attivit\u00e0 di manutenzione sulle strutture di reti infrastrutturali, in particolare ponti e viadotti, prevede di assumere, entro il 2024, 50 [&hellip;]<\/p>\n","protected":false},"author":2,"featured_media":145668,"comment_status":"closed","ping_status":"open","sticky":false,"template":"","format":"standard","meta":{"footnotes":""},"categories":[36],"tags":[],"class_list":["post-145667","post","type-post","status-publish","format-standard","has-post-thumbnail","category-lavoro-economia"],"yoast_head":"<!-- This site is optimized with the Yoast SEO plugin v28.4 - https:\/\/yoast.com\/product\/yoast-seo-wordpress\/ -->\n<title>Franchetti spa di Arzignano. Previste 50 assunzioni altamente qualificate, ingegneri, informatici intelligenza artificiale - Bellunopress - Dolomiti<\/title>\n<meta name=\"robots\" content=\"index, follow, max-snippet:-1, max-image-preview:large, max-video-preview:-1\" \/>\n<link rel=\"canonical\" href=\"https:\/\/www.bellunopress.it\/fr\/2023\/11\/06\/franchetti-spa-di-arzignano-previste-50-assunzioni-altamente-qualificate-ingegneri-informatici-intelligenza-artificiale\/\" \/>\n<meta property=\"og:locale\" content=\"fr_FR\" \/>\n<meta property=\"og:type\" content=\"article\" \/>\n<meta property=\"og:title\" content=\"Franchetti spa di Arzignano. Previste 50 assunzioni altamente qualificate, ingegneri, informatici intelligenza artificiale - Bellunopress - Dolomiti\" \/>\n<meta property=\"og:description\" content=\"Franchetti S.p.A., societ\u00e0 quotata a capo dell&#8217;omonimo Gruppo multinazionale di sviluppo software ed engineering design con sede a Arzignano (Vicenza), pioniere nella pianificazione, diagnosi e terapia degli interventi volti alla sicurezza e programmazione predittiva delle attivit\u00e0 di manutenzione sulle strutture di reti infrastrutturali, in particolare ponti e viadotti, prevede di assumere, entro il 2024, 50 [&hellip;]\" \/>\n<meta property=\"og:url\" content=\"https:\/\/www.bellunopress.it\/fr\/2023\/11\/06\/franchetti-spa-di-arzignano-previste-50-assunzioni-altamente-qualificate-ingegneri-informatici-intelligenza-artificiale\/\" \/>\n<meta property=\"og:site_name\" content=\"Bellunopress - Dolomiti\" \/>\n<meta property=\"article:publisher\" content=\"https:\/\/www.facebook.com\/profile.php?id=100008943462799\" \/>\n<meta property=\"article:published_time\" content=\"2023-11-06T09:25:12+00:00\" \/>\n<meta property=\"og:image\" content=\"https:\/\/www.bellunopress.it\/wp-content\/uploads\/2023\/11\/Gianluca-Del-Fabbro-Franchetti-spa-Arzignano.jpg\" \/>\n\t<meta property=\"og:image:width\" content=\"727\" \/>\n\t<meta property=\"og:image:height\" content=\"763\" \/>\n\t<meta property=\"og:image:type\" content=\"image\/jpeg\" \/>\n<meta name=\"author\" content=\"redazione\" \/>\n<meta name=\"twitter:card\" content=\"summary_large_image\" \/>\n<meta name=\"twitter:creator\" content=\"@bellunopress\" \/>\n<meta name=\"twitter:site\" content=\"@bellunopress\" \/>\n<meta name=\"twitter:label1\" content=\"\u00c9crit par\" \/>\n\t<meta name=\"twitter:data1\" content=\"redazione\" \/>\n\t<meta name=\"twitter:label2\" content=\"Dur\u00e9e de lecture estim\u00e9e\" \/>\n\t<meta name=\"twitter:data2\" content=\"2 minutes\" \/>\n<script type=\"application\/ld+json\" class=\"yoast-schema-graph\">{\"@context\":\"https:\\\/\\\/schema.org\",\"@graph\":[{\"@type\":\"Article\",\"@id\":\"https:\\\/\\\/www.bellunopress.it\\\/2023\\\/11\\\/06\\\/franchetti-spa-di-arzignano-previste-50-assunzioni-altamente-qualificate-ingegneri-informatici-intelligenza-artificiale\\\/#article\",\"isPartOf\":{\"@id\":\"https:\\\/\\\/www.bellunopress.it\\\/2023\\\/11\\\/06\\\/franchetti-spa-di-arzignano-previste-50-assunzioni-altamente-qualificate-ingegneri-informatici-intelligenza-artificiale\\\/\"},\"author\":{\"name\":\"redazione\",\"@id\":\"https:\\\/\\\/www.bellunopress.it\\\/#\\\/schema\\\/person\\\/79bb06722b37ece1c03d3e94beb30d73\"},\"headline\":\"Franchetti spa di Arzignano. Previste 50 assunzioni altamente qualificate, ingegneri, informatici intelligenza artificiale\",\"datePublished\":\"2023-11-06T09:25:12+00:00\",\"mainEntityOfPage\":{\"@id\":\"https:\\\/\\\/www.bellunopress.it\\\/2023\\\/11\\\/06\\\/franchetti-spa-di-arzignano-previste-50-assunzioni-altamente-qualificate-ingegneri-informatici-intelligenza-artificiale\\\/\"},\"wordCount\":392,\"publisher\":{\"@id\":\"https:\\\/\\\/www.bellunopress.it\\\/#organization\"},\"image\":{\"@id\":\"https:\\\/\\\/www.bellunopress.it\\\/2023\\\/11\\\/06\\\/franchetti-spa-di-arzignano-previste-50-assunzioni-altamente-qualificate-ingegneri-informatici-intelligenza-artificiale\\\/#primaryimage\"},\"thumbnailUrl\":\"https:\\\/\\\/www.bellunopress.it\\\/wp-content\\\/uploads\\\/2023\\\/11\\\/Gianluca-Del-Fabbro-Franchetti-spa-Arzignano.jpg\",\"articleSection\":[\"Lavoro, Economia, Turismo\"],\"inLanguage\":\"fr-FR\"},{\"@type\":\"WebPage\",\"@id\":\"https:\\\/\\\/www.bellunopress.it\\\/2023\\\/11\\\/06\\\/franchetti-spa-di-arzignano-previste-50-assunzioni-altamente-qualificate-ingegneri-informatici-intelligenza-artificiale\\\/\",\"url\":\"https:\\\/\\\/www.bellunopress.it\\\/2023\\\/11\\\/06\\\/franchetti-spa-di-arzignano-previste-50-assunzioni-altamente-qualificate-ingegneri-informatici-intelligenza-artificiale\\\/\",\"name\":\"Franchetti spa di Arzignano. Previste 50 assunzioni altamente qualificate, ingegneri, informatici intelligenza artificiale - Bellunopress - Dolomiti\",\"isPartOf\":{\"@id\":\"https:\\\/\\\/www.bellunopress.it\\\/#website\"},\"primaryImageOfPage\":{\"@id\":\"https:\\\/\\\/www.bellunopress.it\\\/2023\\\/11\\\/06\\\/franchetti-spa-di-arzignano-previste-50-assunzioni-altamente-qualificate-ingegneri-informatici-intelligenza-artificiale\\\/#primaryimage\"},\"image\":{\"@id\":\"https:\\\/\\\/www.bellunopress.it\\\/2023\\\/11\\\/06\\\/franchetti-spa-di-arzignano-previste-50-assunzioni-altamente-qualificate-ingegneri-informatici-intelligenza-artificiale\\\/#primaryimage\"},\"thumbnailUrl\":\"https:\\\/\\\/www.bellunopress.it\\\/wp-content\\\/uploads\\\/2023\\\/11\\\/Gianluca-Del-Fabbro-Franchetti-spa-Arzignano.jpg\",\"datePublished\":\"2023-11-06T09:25:12+00:00\",\"breadcrumb\":{\"@id\":\"https:\\\/\\\/www.bellunopress.it\\\/2023\\\/11\\\/06\\\/franchetti-spa-di-arzignano-previste-50-assunzioni-altamente-qualificate-ingegneri-informatici-intelligenza-artificiale\\\/#breadcrumb\"},\"inLanguage\":\"fr-FR\",\"potentialAction\":[{\"@type\":\"ReadAction\",\"target\":[\"https:\\\/\\\/www.bellunopress.it\\\/2023\\\/11\\\/06\\\/franchetti-spa-di-arzignano-previste-50-assunzioni-altamente-qualificate-ingegneri-informatici-intelligenza-artificiale\\\/\"]}]},{\"@type\":\"ImageObject\",\"inLanguage\":\"fr-FR\",\"@id\":\"https:\\\/\\\/www.bellunopress.it\\\/2023\\\/11\\\/06\\\/franchetti-spa-di-arzignano-previste-50-assunzioni-altamente-qualificate-ingegneri-informatici-intelligenza-artificiale\\\/#primaryimage\",\"url\":\"https:\\\/\\\/www.bellunopress.it\\\/wp-content\\\/uploads\\\/2023\\\/11\\\/Gianluca-Del-Fabbro-Franchetti-spa-Arzignano.jpg\",\"contentUrl\":\"https:\\\/\\\/www.bellunopress.it\\\/wp-content\\\/uploads\\\/2023\\\/11\\\/Gianluca-Del-Fabbro-Franchetti-spa-Arzignano.jpg\",\"width\":727,\"height\":763,\"caption\":\"Gianluca Del Fabbro, direttore generale di Franchetti spa di Arzignano\"},{\"@type\":\"BreadcrumbList\",\"@id\":\"https:\\\/\\\/www.bellunopress.it\\\/2023\\\/11\\\/06\\\/franchetti-spa-di-arzignano-previste-50-assunzioni-altamente-qualificate-ingegneri-informatici-intelligenza-artificiale\\\/#breadcrumb\",\"itemListElement\":[{\"@type\":\"ListItem\",\"position\":1,\"name\":\"Home\",\"item\":\"https:\\\/\\\/www.bellunopress.it\\\/\"},{\"@type\":\"ListItem\",\"position\":2,\"name\":\"Franchetti spa di Arzignano. Previste 50 assunzioni altamente qualificate, ingegneri, informatici intelligenza artificiale\"}]},{\"@type\":\"WebSite\",\"@id\":\"https:\\\/\\\/www.bellunopress.it\\\/#website\",\"url\":\"https:\\\/\\\/www.bellunopress.it\\\/\",\"name\":\"Bellunopress - Dolomiti\",\"description\":\"e-mail: redazione@bellunopress.it\",\"publisher\":{\"@id\":\"https:\\\/\\\/www.bellunopress.it\\\/#organization\"},\"potentialAction\":[{\"@type\":\"SearchAction\",\"target\":{\"@type\":\"EntryPoint\",\"urlTemplate\":\"https:\\\/\\\/www.bellunopress.it\\\/?s={search_term_string}\"},\"query-input\":{\"@type\":\"PropertyValueSpecification\",\"valueRequired\":true,\"valueName\":\"search_term_string\"}}],\"inLanguage\":\"fr-FR\"},{\"@type\":\"Organization\",\"@id\":\"https:\\\/\\\/www.bellunopress.it\\\/#organization\",\"name\":\"Bellunopress\",\"url\":\"https:\\\/\\\/www.bellunopress.it\\\/\",\"logo\":{\"@type\":\"ImageObject\",\"inLanguage\":\"fr-FR\",\"@id\":\"https:\\\/\\\/www.bellunopress.it\\\/#\\\/schema\\\/logo\\\/image\\\/\",\"url\":\"https:\\\/\\\/www.bellunopress.it\\\/wp-content\\\/uploads\\\/2011\\\/05\\\/cropped-logo-bellunopress-.jpg\",\"contentUrl\":\"https:\\\/\\\/www.bellunopress.it\\\/wp-content\\\/uploads\\\/2011\\\/05\\\/cropped-logo-bellunopress-.jpg\",\"width\":512,\"height\":512,\"caption\":\"Bellunopress\"},\"image\":{\"@id\":\"https:\\\/\\\/www.bellunopress.it\\\/#\\\/schema\\\/logo\\\/image\\\/\"},\"sameAs\":[\"https:\\\/\\\/www.facebook.com\\\/profile.php?id=100008943462799\",\"https:\\\/\\\/x.com\\\/bellunopress\",\"https:\\\/\\\/www.linkedin.com\\\/hp\\\/?dnr=JBzUWaJfMUw8vbXJJ2tVW5-I3jZKvC4wsoxE&amp;amp;amp;amp;amp;amp;trk=nav_responsive_tab_home\",\"https:\\\/\\\/www.youtube.com\\\/channel\\\/UCxL0wu1uN0_3_7hGG0306cw\"]},{\"@type\":\"Person\",\"@id\":\"https:\\\/\\\/www.bellunopress.it\\\/#\\\/schema\\\/person\\\/79bb06722b37ece1c03d3e94beb30d73\",\"name\":\"redazione\",\"image\":{\"@type\":\"ImageObject\",\"inLanguage\":\"fr-FR\",\"@id\":\"https:\\\/\\\/secure.gravatar.com\\\/avatar\\\/37d968a2e67a6fd04c169c4bdef102d0bc5d31b2546345219e348575eb80e9a0?s=96&d=mm&r=g\",\"url\":\"https:\\\/\\\/secure.gravatar.com\\\/avatar\\\/37d968a2e67a6fd04c169c4bdef102d0bc5d31b2546345219e348575eb80e9a0?s=96&d=mm&r=g\",\"contentUrl\":\"https:\\\/\\\/secure.gravatar.com\\\/avatar\\\/37d968a2e67a6fd04c169c4bdef102d0bc5d31b2546345219e348575eb80e9a0?s=96&d=mm&r=g\",\"caption\":\"redazione\"},\"sameAs\":[\"http:\\\/\\\/www.bellunopress.it\",\"https:\\\/\\\/x.com\\\/bellunopress\"],\"url\":\"https:\\\/\\\/www.bellunopress.it\\\/fr\\\/author\\\/redazione\\\/\"}]}<\/script>\n<!-- \/ Yoast SEO plugin. -->","yoast_head_json":{"title":"Franchetti spa di Arzignano. Previste 50 assunzioni altamente qualificate, ingegneri, informatici intelligenza artificiale - Bellunopress - Dolomiti","robots":{"index":"index","follow":"follow","max-snippet":"max-snippet:-1","max-image-preview":"max-image-preview:large","max-video-preview":"max-video-preview:-1"},"canonical":"https:\/\/www.bellunopress.it\/fr\/2023\/11\/06\/franchetti-spa-di-arzignano-previste-50-assunzioni-altamente-qualificate-ingegneri-informatici-intelligenza-artificiale\/","og_locale":"fr_FR","og_type":"article","og_title":"Franchetti spa di Arzignano. Previste 50 assunzioni altamente qualificate, ingegneri, informatici intelligenza artificiale - Bellunopress - Dolomiti","og_description":"Franchetti S.p.A., societ\u00e0 quotata a capo dell&#8217;omonimo Gruppo multinazionale di sviluppo software ed engineering design con sede a Arzignano (Vicenza), pioniere nella pianificazione, diagnosi e terapia degli interventi volti alla sicurezza e programmazione predittiva delle attivit\u00e0 di manutenzione sulle strutture di reti infrastrutturali, in particolare ponti e viadotti, prevede di assumere, entro il 2024, 50 [&hellip;]","og_url":"https:\/\/www.bellunopress.it\/fr\/2023\/11\/06\/franchetti-spa-di-arzignano-previste-50-assunzioni-altamente-qualificate-ingegneri-informatici-intelligenza-artificiale\/","og_site_name":"Bellunopress - Dolomiti","article_publisher":"https:\/\/www.facebook.com\/profile.php?id=100008943462799","article_published_time":"2023-11-06T09:25:12+00:00","og_image":[{"width":727,"height":763,"url":"https:\/\/www.bellunopress.it\/wp-content\/uploads\/2023\/11\/Gianluca-Del-Fabbro-Franchetti-spa-Arzignano.jpg","type":"image\/jpeg"}],"author":"redazione","twitter_card":"summary_large_image","twitter_creator":"@bellunopress","twitter_site":"@bellunopress","twitter_misc":{"\u00c9crit par":"redazione","Dur\u00e9e de lecture estim\u00e9e":"2 minutes"},"schema":{"@context":"https:\/\/schema.org","@graph":[{"@type":"Article","@id":"https:\/\/www.bellunopress.it\/2023\/11\/06\/franchetti-spa-di-arzignano-previste-50-assunzioni-altamente-qualificate-ingegneri-informatici-intelligenza-artificiale\/#article","isPartOf":{"@id":"https:\/\/www.bellunopress.it\/2023\/11\/06\/franchetti-spa-di-arzignano-previste-50-assunzioni-altamente-qualificate-ingegneri-informatici-intelligenza-artificiale\/"},"author":{"name":"redazione","@id":"https:\/\/www.bellunopress.it\/#\/schema\/person\/79bb06722b37ece1c03d3e94beb30d73"},"headline":"Franchetti spa di Arzignano. Previste 50 assunzioni altamente qualificate, ingegneri, informatici intelligenza artificiale","datePublished":"2023-11-06T09:25:12+00:00","mainEntityOfPage":{"@id":"https:\/\/www.bellunopress.it\/2023\/11\/06\/franchetti-spa-di-arzignano-previste-50-assunzioni-altamente-qualificate-ingegneri-informatici-intelligenza-artificiale\/"},"wordCount":392,"publisher":{"@id":"https:\/\/www.bellunopress.it\/#organization"},"image":{"@id":"https:\/\/www.bellunopress.it\/2023\/11\/06\/franchetti-spa-di-arzignano-previste-50-assunzioni-altamente-qualificate-ingegneri-informatici-intelligenza-artificiale\/#primaryimage"},"thumbnailUrl":"https:\/\/www.bellunopress.it\/wp-content\/uploads\/2023\/11\/Gianluca-Del-Fabbro-Franchetti-spa-Arzignano.jpg","articleSection":["Lavoro, Economia, Turismo"],"inLanguage":"fr-FR"},{"@type":"WebPage","@id":"https:\/\/www.bellunopress.it\/2023\/11\/06\/franchetti-spa-di-arzignano-previste-50-assunzioni-altamente-qualificate-ingegneri-informatici-intelligenza-artificiale\/","url":"https:\/\/www.bellunopress.it\/2023\/11\/06\/franchetti-spa-di-arzignano-previste-50-assunzioni-altamente-qualificate-ingegneri-informatici-intelligenza-artificiale\/","name":"Franchetti spa di Arzignano. Previste 50 assunzioni altamente qualificate, ingegneri, informatici intelligenza artificiale - Bellunopress - Dolomiti","isPartOf":{"@id":"https:\/\/www.bellunopress.it\/#website"},"primaryImageOfPage":{"@id":"https:\/\/www.bellunopress.it\/2023\/11\/06\/franchetti-spa-di-arzignano-previste-50-assunzioni-altamente-qualificate-ingegneri-informatici-intelligenza-artificiale\/#primaryimage"},"image":{"@id":"https:\/\/www.bellunopress.it\/2023\/11\/06\/franchetti-spa-di-arzignano-previste-50-assunzioni-altamente-qualificate-ingegneri-informatici-intelligenza-artificiale\/#primaryimage"},"thumbnailUrl":"https:\/\/www.bellunopress.it\/wp-content\/uploads\/2023\/11\/Gianluca-Del-Fabbro-Franchetti-spa-Arzignano.jpg","datePublished":"2023-11-06T09:25:12+00:00","breadcrumb":{"@id":"https:\/\/www.bellunopress.it\/2023\/11\/06\/franchetti-spa-di-arzignano-previste-50-assunzioni-altamente-qualificate-ingegneri-informatici-intelligenza-artificiale\/#breadcrumb"},"inLanguage":"fr-FR","potentialAction":[{"@type":"ReadAction","target":["https:\/\/www.bellunopress.it\/2023\/11\/06\/franchetti-spa-di-arzignano-previste-50-assunzioni-altamente-qualificate-ingegneri-informatici-intelligenza-artificiale\/"]}]},{"@type":"ImageObject","inLanguage":"fr-FR","@id":"https:\/\/www.bellunopress.it\/2023\/11\/06\/franchetti-spa-di-arzignano-previste-50-assunzioni-altamente-qualificate-ingegneri-informatici-intelligenza-artificiale\/#primaryimage","url":"https:\/\/www.bellunopress.it\/wp-content\/uploads\/2023\/11\/Gianluca-Del-Fabbro-Franchetti-spa-Arzignano.jpg","contentUrl":"https:\/\/www.bellunopress.it\/wp-content\/uploads\/2023\/11\/Gianluca-Del-Fabbro-Franchetti-spa-Arzignano.jpg","width":727,"height":763,"caption":"Gianluca Del Fabbro, direttore generale di Franchetti spa di Arzignano"},{"@type":"BreadcrumbList","@id":"https:\/\/www.bellunopress.it\/2023\/11\/06\/franchetti-spa-di-arzignano-previste-50-assunzioni-altamente-qualificate-ingegneri-informatici-intelligenza-artificiale\/#breadcrumb","itemListElement":[{"@type":"ListItem","position":1,"name":"Home","item":"https:\/\/www.bellunopress.it\/"},{"@type":"ListItem","position":2,"name":"Franchetti spa di Arzignano. Previste 50 assunzioni altamente qualificate, ingegneri, informatici intelligenza artificiale"}]},{"@type":"WebSite","@id":"https:\/\/www.bellunopress.it\/#website","url":"https:\/\/www.bellunopress.it\/","name":"Bellunopress - Dolomiti","description":"e-mail: redazione@bellunopress.it","publisher":{"@id":"https:\/\/www.bellunopress.it\/#organization"},"potentialAction":[{"@type":"SearchAction","target":{"@type":"EntryPoint","urlTemplate":"https:\/\/www.bellunopress.it\/?s={search_term_string}"},"query-input":{"@type":"PropertyValueSpecification","valueRequired":true,"valueName":"search_term_string"}}],"inLanguage":"fr-FR"},{"@type":"Organization","@id":"https:\/\/www.bellunopress.it\/#organization","name":"Bellunopress","url":"https:\/\/www.bellunopress.it\/","logo":{"@type":"ImageObject","inLanguage":"fr-FR","@id":"https:\/\/www.bellunopress.it\/#\/schema\/logo\/image\/","url":"https:\/\/www.bellunopress.it\/wp-content\/uploads\/2011\/05\/cropped-logo-bellunopress-.jpg","contentUrl":"https:\/\/www.bellunopress.it\/wp-content\/uploads\/2011\/05\/cropped-logo-bellunopress-.jpg","width":512,"height":512,"caption":"Bellunopress"},"image":{"@id":"https:\/\/www.bellunopress.it\/#\/schema\/logo\/image\/"},"sameAs":["https:\/\/www.facebook.com\/profile.php?id=100008943462799","https:\/\/x.com\/bellunopress","https:\/\/www.linkedin.com\/hp\/?dnr=JBzUWaJfMUw8vbXJJ2tVW5-I3jZKvC4wsoxE&amp;amp;amp;amp;amp;amp;trk=nav_responsive_tab_home","https:\/\/www.youtube.com\/channel\/UCxL0wu1uN0_3_7hGG0306cw"]},{"@type":"Person","@id":"https:\/\/www.bellunopress.it\/#\/schema\/person\/79bb06722b37ece1c03d3e94beb30d73","name":"r\u00e9daction","image":{"@type":"ImageObject","inLanguage":"fr-FR","@id":"https:\/\/secure.gravatar.com\/avatar\/37d968a2e67a6fd04c169c4bdef102d0bc5d31b2546345219e348575eb80e9a0?s=96&d=mm&r=g","url":"https:\/\/secure.gravatar.com\/avatar\/37d968a2e67a6fd04c169c4bdef102d0bc5d31b2546345219e348575eb80e9a0?s=96&d=mm&r=g","contentUrl":"https:\/\/secure.gravatar.com\/avatar\/37d968a2e67a6fd04c169c4bdef102d0bc5d31b2546345219e348575eb80e9a0?s=96&d=mm&r=g","caption":"redazione"},"sameAs":["http:\/\/www.bellunopress.it","https:\/\/x.com\/bellunopress"],"url":"https:\/\/www.bellunopress.it\/fr\/author\/redazione\/"}]}},"_links":{"self":[{"href":"https:\/\/www.bellunopress.it\/fr\/wp-json\/wp\/v2\/posts\/145667","targetHints":{"allow":["GET"]}}],"collection":[{"href":"https:\/\/www.bellunopress.it\/fr\/wp-json\/wp\/v2\/posts"}],"about":[{"href":"https:\/\/www.bellunopress.it\/fr\/wp-json\/wp\/v2\/types\/post"}],"author":[{"embeddable":true,"href":"https:\/\/www.bellunopress.it\/fr\/wp-json\/wp\/v2\/users\/2"}],"replies":[{"embeddable":true,"href":"https:\/\/www.bellunopress.it\/fr\/wp-json\/wp\/v2\/comments?post=145667"}],"version-history":[{"count":1,"href":"https:\/\/www.bellunopress.it\/fr\/wp-json\/wp\/v2\/posts\/145667\/revisions"}],"predecessor-version":[{"id":145669,"href":"https:\/\/www.bellunopress.it\/fr\/wp-json\/wp\/v2\/posts\/145667\/revisions\/145669"}],"wp:featuredmedia":[{"embeddable":true,"href":"https:\/\/www.bellunopress.it\/fr\/wp-json\/wp\/v2\/media\/145668"}],"wp:attachment":[{"href":"https:\/\/www.bellunopress.it\/fr\/wp-json\/wp\/v2\/media?parent=145667"}],"wp:term":[{"taxonomy":"category","embeddable":true,"href":"https:\/\/www.bellunopress.it\/fr\/wp-json\/wp\/v2\/categories?post=145667"},{"taxonomy":"post_tag","embeddable":true,"href":"https:\/\/www.bellunopress.it\/fr\/wp-json\/wp\/v2\/tags?post=145667"}],"curies":[{"name":"wp","href":"https:\/\/api.w.org\/{rel}","templated":true}]}}