{"id":145662,"date":"2023-11-06T09:38:20","date_gmt":"2023-11-06T08:38:20","guid":{"rendered":"https:\/\/www.bellunopress.it\/?p=145662"},"modified":"2023-11-06T09:38:20","modified_gmt":"2023-11-06T08:38:20","slug":"perche-non-verra-piu-realizzato-il-mercato-coperto-nella-ex-chiesa-dei-gesuiti-interrogazione-di-jacopo-massaro","status":"publish","type":"post","link":"https:\/\/www.bellunopress.it\/fr\/2023\/11\/06\/perche-non-verra-piu-realizzato-il-mercato-coperto-nella-ex-chiesa-dei-gesuiti-interrogazione-di-jacopo-massaro\/","title":{"rendered":"Perch\u00e9 non verr\u00e0 pi\u00f9 realizzato il mercato coperto nella ex Chiesa dei Gesuiti? Interrogazione di Jacopo Massaro"},"content":{"rendered":"<figure id=\"attachment_117913\" aria-describedby=\"caption-attachment-117913\" style=\"width: 800px\" class=\"wp-caption alignleft\"><img loading=\"lazy\" decoding=\"async\" class=\"size-full wp-image-117913\" src=\"https:\/\/www.bellunopress.it\/wp-content\/uploads\/2020\/09\/Jacopo-Massaro_edited.jpg\" alt=\"\" width=\"800\" height=\"575\" srcset=\"https:\/\/www.bellunopress.it\/wp-content\/uploads\/2020\/09\/Jacopo-Massaro_edited.jpg 800w, https:\/\/www.bellunopress.it\/wp-content\/uploads\/2020\/09\/Jacopo-Massaro_edited-500x359.jpg 500w, https:\/\/www.bellunopress.it\/wp-content\/uploads\/2020\/09\/Jacopo-Massaro_edited-696x500.jpg 696w, https:\/\/www.bellunopress.it\/wp-content\/uploads\/2020\/09\/Jacopo-Massaro_edited-584x420.jpg 584w\" sizes=\"auto, (max-width: 800px) 100vw, 800px\" \/><figcaption id=\"caption-attachment-117913\" class=\"wp-caption-text\">Jacopo Massaro &#8211; gi\u00e0 sindaco di Belluno<\/figcaption><\/figure>\n<p><em><strong>Belluno, 6 novembre 2023 &#8211; Come mai non sar\u00e0 pi\u00f9 realizzato il mercato coperto a Belluno? Il progetto finalizzato a dotare finalmente il capoluogo di un mercato coperto per lo smercio dei prodotti a km0 era stato concordato con le associazioni dei produttori locali ed \u00e8 stato cancellato dalla nuova Amministrazione comunale senza costruire alternative n\u00e9 chiarire il nuovo utilizzo della ex Chiesa dei Gesuiti.<\/strong><\/em><\/p>\n<p>Lo scrive l&#8217;ex sindaco di Belluno in una interrogazione a risposta scritta e orale di seguito pubblicata.<\/p>\n<p><img loading=\"lazy\" decoding=\"async\" class=\"alignleft size-full wp-image-145663\" src=\"https:\/\/www.bellunopress.it\/wp-content\/uploads\/2023\/11\/ex-chiesa-dei-Gesuiti.jpg\" alt=\"\" width=\"1000\" height=\"750\" srcset=\"https:\/\/www.bellunopress.it\/wp-content\/uploads\/2023\/11\/ex-chiesa-dei-Gesuiti.jpg 1000w, https:\/\/www.bellunopress.it\/wp-content\/uploads\/2023\/11\/ex-chiesa-dei-Gesuiti-500x375.jpg 500w, https:\/\/www.bellunopress.it\/wp-content\/uploads\/2023\/11\/ex-chiesa-dei-Gesuiti-696x522.jpg 696w\" sizes=\"auto, (max-width: 1000px) 100vw, 1000px\" \/><\/p>\n<figure id=\"attachment_446\" aria-describedby=\"caption-attachment-446\" style=\"width: 241px\" class=\"wp-caption alignleft\"><img loading=\"lazy\" decoding=\"async\" class=\"size-full wp-image-446\" src=\"https:\/\/www.bellunopress.it\/wp-content\/uploads\/2009\/02\/distretto-militare-ex.jpg\" alt=\"\" width=\"241\" height=\"181\" \/><figcaption id=\"caption-attachment-446\" class=\"wp-caption-text\">Ex distretto militare di Belluno, ex chiesa dei Gesuiti<\/figcaption><\/figure>\n<p>Oggetto: Perch\u00e9 non verr\u00e0 pi\u00f9 realizzato il mercato coperto che il Comune aveva individuato insieme ai produttori locali a km0?<br \/>\nIl sottoscritto consigliere comunale Jacopo Massaro, premesso che:<br \/>\n\u25cf grazie al progetto presentato dalla precedente Amministrazione a valere sul \u201cbando<br \/>\nperiferie\u201d (cosiddetto \u201cbando rigenerazione urbana 1\u201d) sono stati vinti 18 milioni di euro che hanno attivato in Citt\u00e0 investimenti per oltre 36 milioni di euro;<br \/>\n\u25cf tra tali interventi \u00e8 compreso il recupero della preziosa ex Chiesa dei Gesuiti, all\u2019interno del compendio della ex Caserma Tasso, restaurando sia il piano terra &#8211; una vera e propria<br \/>\n\u201cpiazza coperta\u201d &#8211; sia il primo piano, utilizzabile come sala espositiva o per convegni;<br \/>\n\u25cf in accordo con le associazioni dei nostri produttori locali, si era deciso di utilizzare la piazza coperta per insediarvi la vendita di prodotti alimentari delle produzioni locali, dotando finalmente anche Belluno di un mercato coperto, come d\u2019altronde ci si potrebbe aspettare da una Citt\u00e0 capoluogo;<br \/>\n\u25cf per tale progetto Coldiretti si era resa disponibile anche ad effettuare progetti di animazione territoriale settimanale;<br \/>\n\u25cf il restauro ha previsto l\u2019apertura non solo dell\u2019ingresso principale della ex chiesa dei<br \/>\nGesuiti, ma anche dell\u2019ingresso secondario, che d\u00e0 sul parco Citt\u00e0 di Bologna, per<br \/>\nincrementare il flusso di Cittadini favorendo cos\u00ec il mercato alimentare locale;<br \/>\n\u25cf il progetto in parola era stato concertato per valorizzare le piccole produzioni locali,<br \/>\ncontrastando cos\u00ec la pervasione della grande distribuzione;<br \/>\n\u25cf l\u2019imminente avvio dei lavori all\u2019ex caserma dei VVFF, dove il sabato si svolge il mercato di<br \/>\ncoldiretti, render\u00e0 necessario la chiusura di tale iniziativa di commercio al dettaglio;<\/p>\n<p>CHIEDE all\u2019amministrazione comunale:<\/p>\n<p>\u25cf le motivazioni per cui non si intende pi\u00f9 procedere con l\u2019apertura del Mercato Coperto;<br \/>\n\u25cf perch\u00e9 la ex chiesa dei gesuiti sia ancora chiusa nonostante il restauro sia terminato da<br \/>\ntempo;<br \/>\n\u25cf quale collocazione alternativa sia stata assicurata a Coldiretti sia in relazione alla ex chiesa dei Gesuiti, sia in relazione all\u2019ex caserma dei VVFF di piazza piloni;<br \/>\n\u25cf quale sia la nuova destinazione della piazza coperta e della sua sala superiore;<\/p>","protected":false},"excerpt":{"rendered":"<p>Belluno, 6 novembre 2023 &#8211; Come mai non sar\u00e0 pi\u00f9 realizzato il mercato coperto a Belluno? Il progetto finalizzato a dotare finalmente il capoluogo di un mercato coperto per lo smercio dei prodotti a km0 era stato concordato con le associazioni dei produttori locali ed \u00e8 stato cancellato dalla nuova Amministrazione comunale senza costruire alternative [&hellip;]<\/p>\n","protected":false},"author":2,"featured_media":145663,"comment_status":"closed","ping_status":"open","sticky":false,"template":"","format":"standard","meta":{"footnotes":""},"categories":[5,3446,26],"tags":[],"class_list":["post-145662","post","type-post","status-publish","format-standard","has-post-thumbnail","category-cronaca","category-featured","category-prima-pagina"],"yoast_head":"<!-- This site is optimized with the Yoast SEO plugin v28.4 - https:\/\/yoast.com\/product\/yoast-seo-wordpress\/ -->\n<title>Perch\u00e9 non verr\u00e0 pi\u00f9 realizzato il mercato coperto nella ex Chiesa dei Gesuiti? Interrogazione di Jacopo Massaro - Bellunopress - Dolomiti<\/title>\n<meta name=\"robots\" content=\"index, follow, max-snippet:-1, max-image-preview:large, max-video-preview:-1\" \/>\n<link rel=\"canonical\" href=\"https:\/\/www.bellunopress.it\/fr\/2023\/11\/06\/perche-non-verra-piu-realizzato-il-mercato-coperto-nella-ex-chiesa-dei-gesuiti-interrogazione-di-jacopo-massaro\/\" \/>\n<meta property=\"og:locale\" content=\"fr_FR\" \/>\n<meta property=\"og:type\" content=\"article\" \/>\n<meta property=\"og:title\" content=\"Perch\u00e9 non verr\u00e0 pi\u00f9 realizzato il mercato coperto nella ex Chiesa dei Gesuiti? Interrogazione di Jacopo Massaro - Bellunopress - Dolomiti\" \/>\n<meta property=\"og:description\" content=\"Belluno, 6 novembre 2023 &#8211; Come mai non sar\u00e0 pi\u00f9 realizzato il mercato coperto a Belluno? Il progetto finalizzato a dotare finalmente il capoluogo di un mercato coperto per lo smercio dei prodotti a km0 era stato concordato con le associazioni dei produttori locali ed \u00e8 stato cancellato dalla nuova Amministrazione comunale senza costruire alternative [&hellip;]\" \/>\n<meta property=\"og:url\" content=\"https:\/\/www.bellunopress.it\/fr\/2023\/11\/06\/perche-non-verra-piu-realizzato-il-mercato-coperto-nella-ex-chiesa-dei-gesuiti-interrogazione-di-jacopo-massaro\/\" \/>\n<meta property=\"og:site_name\" content=\"Bellunopress - Dolomiti\" \/>\n<meta property=\"article:publisher\" content=\"https:\/\/www.facebook.com\/profile.php?id=100008943462799\" \/>\n<meta property=\"article:published_time\" content=\"2023-11-06T08:38:20+00:00\" \/>\n<meta property=\"og:image\" content=\"https:\/\/www.bellunopress.it\/wp-content\/uploads\/2023\/11\/ex-chiesa-dei-Gesuiti.jpg\" \/>\n\t<meta property=\"og:image:width\" content=\"1000\" \/>\n\t<meta property=\"og:image:height\" content=\"750\" \/>\n\t<meta property=\"og:image:type\" content=\"image\/jpeg\" \/>\n<meta name=\"author\" content=\"redazione\" \/>\n<meta name=\"twitter:card\" content=\"summary_large_image\" \/>\n<meta name=\"twitter:creator\" content=\"@bellunopress\" \/>\n<meta name=\"twitter:site\" content=\"@bellunopress\" \/>\n<meta name=\"twitter:label1\" content=\"\u00c9crit par\" \/>\n\t<meta name=\"twitter:data1\" content=\"redazione\" \/>\n\t<meta name=\"twitter:label2\" content=\"Dur\u00e9e de lecture estim\u00e9e\" \/>\n\t<meta name=\"twitter:data2\" content=\"2 minutes\" \/>\n<script type=\"application\/ld+json\" class=\"yoast-schema-graph\">{\"@context\":\"https:\\\/\\\/schema.org\",\"@graph\":[{\"@type\":\"Article\",\"@id\":\"https:\\\/\\\/www.bellunopress.it\\\/2023\\\/11\\\/06\\\/perche-non-verra-piu-realizzato-il-mercato-coperto-nella-ex-chiesa-dei-gesuiti-interrogazione-di-jacopo-massaro\\\/#article\",\"isPartOf\":{\"@id\":\"https:\\\/\\\/www.bellunopress.it\\\/2023\\\/11\\\/06\\\/perche-non-verra-piu-realizzato-il-mercato-coperto-nella-ex-chiesa-dei-gesuiti-interrogazione-di-jacopo-massaro\\\/\"},\"author\":{\"name\":\"redazione\",\"@id\":\"https:\\\/\\\/www.bellunopress.it\\\/#\\\/schema\\\/person\\\/79bb06722b37ece1c03d3e94beb30d73\"},\"headline\":\"Perch\u00e9 non verr\u00e0 pi\u00f9 realizzato il mercato coperto nella ex Chiesa dei Gesuiti? Interrogazione di Jacopo Massaro\",\"datePublished\":\"2023-11-06T08:38:20+00:00\",\"mainEntityOfPage\":{\"@id\":\"https:\\\/\\\/www.bellunopress.it\\\/2023\\\/11\\\/06\\\/perche-non-verra-piu-realizzato-il-mercato-coperto-nella-ex-chiesa-dei-gesuiti-interrogazione-di-jacopo-massaro\\\/\"},\"wordCount\":459,\"publisher\":{\"@id\":\"https:\\\/\\\/www.bellunopress.it\\\/#organization\"},\"image\":{\"@id\":\"https:\\\/\\\/www.bellunopress.it\\\/2023\\\/11\\\/06\\\/perche-non-verra-piu-realizzato-il-mercato-coperto-nella-ex-chiesa-dei-gesuiti-interrogazione-di-jacopo-massaro\\\/#primaryimage\"},\"thumbnailUrl\":\"https:\\\/\\\/www.bellunopress.it\\\/wp-content\\\/uploads\\\/2023\\\/11\\\/ex-chiesa-dei-Gesuiti.jpg\",\"articleSection\":[\"Cronaca\\\/Politica\",\"Featured\",\"Prima Pagina\"],\"inLanguage\":\"fr-FR\"},{\"@type\":\"WebPage\",\"@id\":\"https:\\\/\\\/www.bellunopress.it\\\/2023\\\/11\\\/06\\\/perche-non-verra-piu-realizzato-il-mercato-coperto-nella-ex-chiesa-dei-gesuiti-interrogazione-di-jacopo-massaro\\\/\",\"url\":\"https:\\\/\\\/www.bellunopress.it\\\/2023\\\/11\\\/06\\\/perche-non-verra-piu-realizzato-il-mercato-coperto-nella-ex-chiesa-dei-gesuiti-interrogazione-di-jacopo-massaro\\\/\",\"name\":\"Perch\u00e9 non verr\u00e0 pi\u00f9 realizzato il mercato coperto nella ex Chiesa dei Gesuiti? Interrogazione di Jacopo Massaro - Bellunopress - Dolomiti\",\"isPartOf\":{\"@id\":\"https:\\\/\\\/www.bellunopress.it\\\/#website\"},\"primaryImageOfPage\":{\"@id\":\"https:\\\/\\\/www.bellunopress.it\\\/2023\\\/11\\\/06\\\/perche-non-verra-piu-realizzato-il-mercato-coperto-nella-ex-chiesa-dei-gesuiti-interrogazione-di-jacopo-massaro\\\/#primaryimage\"},\"image\":{\"@id\":\"https:\\\/\\\/www.bellunopress.it\\\/2023\\\/11\\\/06\\\/perche-non-verra-piu-realizzato-il-mercato-coperto-nella-ex-chiesa-dei-gesuiti-interrogazione-di-jacopo-massaro\\\/#primaryimage\"},\"thumbnailUrl\":\"https:\\\/\\\/www.bellunopress.it\\\/wp-content\\\/uploads\\\/2023\\\/11\\\/ex-chiesa-dei-Gesuiti.jpg\",\"datePublished\":\"2023-11-06T08:38:20+00:00\",\"breadcrumb\":{\"@id\":\"https:\\\/\\\/www.bellunopress.it\\\/2023\\\/11\\\/06\\\/perche-non-verra-piu-realizzato-il-mercato-coperto-nella-ex-chiesa-dei-gesuiti-interrogazione-di-jacopo-massaro\\\/#breadcrumb\"},\"inLanguage\":\"fr-FR\",\"potentialAction\":[{\"@type\":\"ReadAction\",\"target\":[\"https:\\\/\\\/www.bellunopress.it\\\/2023\\\/11\\\/06\\\/perche-non-verra-piu-realizzato-il-mercato-coperto-nella-ex-chiesa-dei-gesuiti-interrogazione-di-jacopo-massaro\\\/\"]}]},{\"@type\":\"ImageObject\",\"inLanguage\":\"fr-FR\",\"@id\":\"https:\\\/\\\/www.bellunopress.it\\\/2023\\\/11\\\/06\\\/perche-non-verra-piu-realizzato-il-mercato-coperto-nella-ex-chiesa-dei-gesuiti-interrogazione-di-jacopo-massaro\\\/#primaryimage\",\"url\":\"https:\\\/\\\/www.bellunopress.it\\\/wp-content\\\/uploads\\\/2023\\\/11\\\/ex-chiesa-dei-Gesuiti.jpg\",\"contentUrl\":\"https:\\\/\\\/www.bellunopress.it\\\/wp-content\\\/uploads\\\/2023\\\/11\\\/ex-chiesa-dei-Gesuiti.jpg\",\"width\":1000,\"height\":750},{\"@type\":\"BreadcrumbList\",\"@id\":\"https:\\\/\\\/www.bellunopress.it\\\/2023\\\/11\\\/06\\\/perche-non-verra-piu-realizzato-il-mercato-coperto-nella-ex-chiesa-dei-gesuiti-interrogazione-di-jacopo-massaro\\\/#breadcrumb\",\"itemListElement\":[{\"@type\":\"ListItem\",\"position\":1,\"name\":\"Home\",\"item\":\"https:\\\/\\\/www.bellunopress.it\\\/\"},{\"@type\":\"ListItem\",\"position\":2,\"name\":\"Perch\u00e9 non verr\u00e0 pi\u00f9 realizzato il mercato coperto nella ex Chiesa dei Gesuiti? Interrogazione di Jacopo Massaro\"}]},{\"@type\":\"WebSite\",\"@id\":\"https:\\\/\\\/www.bellunopress.it\\\/#website\",\"url\":\"https:\\\/\\\/www.bellunopress.it\\\/\",\"name\":\"Bellunopress - Dolomiti\",\"description\":\"e-mail: redazione@bellunopress.it\",\"publisher\":{\"@id\":\"https:\\\/\\\/www.bellunopress.it\\\/#organization\"},\"potentialAction\":[{\"@type\":\"SearchAction\",\"target\":{\"@type\":\"EntryPoint\",\"urlTemplate\":\"https:\\\/\\\/www.bellunopress.it\\\/?s={search_term_string}\"},\"query-input\":{\"@type\":\"PropertyValueSpecification\",\"valueRequired\":true,\"valueName\":\"search_term_string\"}}],\"inLanguage\":\"fr-FR\"},{\"@type\":\"Organization\",\"@id\":\"https:\\\/\\\/www.bellunopress.it\\\/#organization\",\"name\":\"Bellunopress\",\"url\":\"https:\\\/\\\/www.bellunopress.it\\\/\",\"logo\":{\"@type\":\"ImageObject\",\"inLanguage\":\"fr-FR\",\"@id\":\"https:\\\/\\\/www.bellunopress.it\\\/#\\\/schema\\\/logo\\\/image\\\/\",\"url\":\"https:\\\/\\\/www.bellunopress.it\\\/wp-content\\\/uploads\\\/2011\\\/05\\\/cropped-logo-bellunopress-.jpg\",\"contentUrl\":\"https:\\\/\\\/www.bellunopress.it\\\/wp-content\\\/uploads\\\/2011\\\/05\\\/cropped-logo-bellunopress-.jpg\",\"width\":512,\"height\":512,\"caption\":\"Bellunopress\"},\"image\":{\"@id\":\"https:\\\/\\\/www.bellunopress.it\\\/#\\\/schema\\\/logo\\\/image\\\/\"},\"sameAs\":[\"https:\\\/\\\/www.facebook.com\\\/profile.php?id=100008943462799\",\"https:\\\/\\\/x.com\\\/bellunopress\",\"https:\\\/\\\/www.linkedin.com\\\/hp\\\/?dnr=JBzUWaJfMUw8vbXJJ2tVW5-I3jZKvC4wsoxE&amp;amp;amp;amp;amp;amp;trk=nav_responsive_tab_home\",\"https:\\\/\\\/www.youtube.com\\\/channel\\\/UCxL0wu1uN0_3_7hGG0306cw\"]},{\"@type\":\"Person\",\"@id\":\"https:\\\/\\\/www.bellunopress.it\\\/#\\\/schema\\\/person\\\/79bb06722b37ece1c03d3e94beb30d73\",\"name\":\"redazione\",\"image\":{\"@type\":\"ImageObject\",\"inLanguage\":\"fr-FR\",\"@id\":\"https:\\\/\\\/secure.gravatar.com\\\/avatar\\\/37d968a2e67a6fd04c169c4bdef102d0bc5d31b2546345219e348575eb80e9a0?s=96&d=mm&r=g\",\"url\":\"https:\\\/\\\/secure.gravatar.com\\\/avatar\\\/37d968a2e67a6fd04c169c4bdef102d0bc5d31b2546345219e348575eb80e9a0?s=96&d=mm&r=g\",\"contentUrl\":\"https:\\\/\\\/secure.gravatar.com\\\/avatar\\\/37d968a2e67a6fd04c169c4bdef102d0bc5d31b2546345219e348575eb80e9a0?s=96&d=mm&r=g\",\"caption\":\"redazione\"},\"sameAs\":[\"http:\\\/\\\/www.bellunopress.it\",\"https:\\\/\\\/x.com\\\/bellunopress\"],\"url\":\"https:\\\/\\\/www.bellunopress.it\\\/fr\\\/author\\\/redazione\\\/\"}]}<\/script>\n<!-- \/ Yoast SEO plugin. -->","yoast_head_json":{"title":"Perch\u00e9 non verr\u00e0 pi\u00f9 realizzato il mercato coperto nella ex Chiesa dei Gesuiti? Interrogazione di Jacopo Massaro - Bellunopress - Dolomiti","robots":{"index":"index","follow":"follow","max-snippet":"max-snippet:-1","max-image-preview":"max-image-preview:large","max-video-preview":"max-video-preview:-1"},"canonical":"https:\/\/www.bellunopress.it\/fr\/2023\/11\/06\/perche-non-verra-piu-realizzato-il-mercato-coperto-nella-ex-chiesa-dei-gesuiti-interrogazione-di-jacopo-massaro\/","og_locale":"fr_FR","og_type":"article","og_title":"Perch\u00e9 non verr\u00e0 pi\u00f9 realizzato il mercato coperto nella ex Chiesa dei Gesuiti? Interrogazione di Jacopo Massaro - Bellunopress - Dolomiti","og_description":"Belluno, 6 novembre 2023 &#8211; Come mai non sar\u00e0 pi\u00f9 realizzato il mercato coperto a Belluno? Il progetto finalizzato a dotare finalmente il capoluogo di un mercato coperto per lo smercio dei prodotti a km0 era stato concordato con le associazioni dei produttori locali ed \u00e8 stato cancellato dalla nuova Amministrazione comunale senza costruire alternative [&hellip;]","og_url":"https:\/\/www.bellunopress.it\/fr\/2023\/11\/06\/perche-non-verra-piu-realizzato-il-mercato-coperto-nella-ex-chiesa-dei-gesuiti-interrogazione-di-jacopo-massaro\/","og_site_name":"Bellunopress - Dolomiti","article_publisher":"https:\/\/www.facebook.com\/profile.php?id=100008943462799","article_published_time":"2023-11-06T08:38:20+00:00","og_image":[{"width":1000,"height":750,"url":"https:\/\/www.bellunopress.it\/wp-content\/uploads\/2023\/11\/ex-chiesa-dei-Gesuiti.jpg","type":"image\/jpeg"}],"author":"redazione","twitter_card":"summary_large_image","twitter_creator":"@bellunopress","twitter_site":"@bellunopress","twitter_misc":{"\u00c9crit par":"redazione","Dur\u00e9e de lecture estim\u00e9e":"2 minutes"},"schema":{"@context":"https:\/\/schema.org","@graph":[{"@type":"Article","@id":"https:\/\/www.bellunopress.it\/2023\/11\/06\/perche-non-verra-piu-realizzato-il-mercato-coperto-nella-ex-chiesa-dei-gesuiti-interrogazione-di-jacopo-massaro\/#article","isPartOf":{"@id":"https:\/\/www.bellunopress.it\/2023\/11\/06\/perche-non-verra-piu-realizzato-il-mercato-coperto-nella-ex-chiesa-dei-gesuiti-interrogazione-di-jacopo-massaro\/"},"author":{"name":"redazione","@id":"https:\/\/www.bellunopress.it\/#\/schema\/person\/79bb06722b37ece1c03d3e94beb30d73"},"headline":"Perch\u00e9 non verr\u00e0 pi\u00f9 realizzato il mercato coperto nella ex Chiesa dei Gesuiti? Interrogazione di Jacopo Massaro","datePublished":"2023-11-06T08:38:20+00:00","mainEntityOfPage":{"@id":"https:\/\/www.bellunopress.it\/2023\/11\/06\/perche-non-verra-piu-realizzato-il-mercato-coperto-nella-ex-chiesa-dei-gesuiti-interrogazione-di-jacopo-massaro\/"},"wordCount":459,"publisher":{"@id":"https:\/\/www.bellunopress.it\/#organization"},"image":{"@id":"https:\/\/www.bellunopress.it\/2023\/11\/06\/perche-non-verra-piu-realizzato-il-mercato-coperto-nella-ex-chiesa-dei-gesuiti-interrogazione-di-jacopo-massaro\/#primaryimage"},"thumbnailUrl":"https:\/\/www.bellunopress.it\/wp-content\/uploads\/2023\/11\/ex-chiesa-dei-Gesuiti.jpg","articleSection":["Cronaca\/Politica","Featured","Prima Pagina"],"inLanguage":"fr-FR"},{"@type":"WebPage","@id":"https:\/\/www.bellunopress.it\/2023\/11\/06\/perche-non-verra-piu-realizzato-il-mercato-coperto-nella-ex-chiesa-dei-gesuiti-interrogazione-di-jacopo-massaro\/","url":"https:\/\/www.bellunopress.it\/2023\/11\/06\/perche-non-verra-piu-realizzato-il-mercato-coperto-nella-ex-chiesa-dei-gesuiti-interrogazione-di-jacopo-massaro\/","name":"Perch\u00e9 non verr\u00e0 pi\u00f9 realizzato il mercato coperto nella ex Chiesa dei Gesuiti? Interrogazione di Jacopo Massaro - Bellunopress - Dolomiti","isPartOf":{"@id":"https:\/\/www.bellunopress.it\/#website"},"primaryImageOfPage":{"@id":"https:\/\/www.bellunopress.it\/2023\/11\/06\/perche-non-verra-piu-realizzato-il-mercato-coperto-nella-ex-chiesa-dei-gesuiti-interrogazione-di-jacopo-massaro\/#primaryimage"},"image":{"@id":"https:\/\/www.bellunopress.it\/2023\/11\/06\/perche-non-verra-piu-realizzato-il-mercato-coperto-nella-ex-chiesa-dei-gesuiti-interrogazione-di-jacopo-massaro\/#primaryimage"},"thumbnailUrl":"https:\/\/www.bellunopress.it\/wp-content\/uploads\/2023\/11\/ex-chiesa-dei-Gesuiti.jpg","datePublished":"2023-11-06T08:38:20+00:00","breadcrumb":{"@id":"https:\/\/www.bellunopress.it\/2023\/11\/06\/perche-non-verra-piu-realizzato-il-mercato-coperto-nella-ex-chiesa-dei-gesuiti-interrogazione-di-jacopo-massaro\/#breadcrumb"},"inLanguage":"fr-FR","potentialAction":[{"@type":"ReadAction","target":["https:\/\/www.bellunopress.it\/2023\/11\/06\/perche-non-verra-piu-realizzato-il-mercato-coperto-nella-ex-chiesa-dei-gesuiti-interrogazione-di-jacopo-massaro\/"]}]},{"@type":"ImageObject","inLanguage":"fr-FR","@id":"https:\/\/www.bellunopress.it\/2023\/11\/06\/perche-non-verra-piu-realizzato-il-mercato-coperto-nella-ex-chiesa-dei-gesuiti-interrogazione-di-jacopo-massaro\/#primaryimage","url":"https:\/\/www.bellunopress.it\/wp-content\/uploads\/2023\/11\/ex-chiesa-dei-Gesuiti.jpg","contentUrl":"https:\/\/www.bellunopress.it\/wp-content\/uploads\/2023\/11\/ex-chiesa-dei-Gesuiti.jpg","width":1000,"height":750},{"@type":"BreadcrumbList","@id":"https:\/\/www.bellunopress.it\/2023\/11\/06\/perche-non-verra-piu-realizzato-il-mercato-coperto-nella-ex-chiesa-dei-gesuiti-interrogazione-di-jacopo-massaro\/#breadcrumb","itemListElement":[{"@type":"ListItem","position":1,"name":"Home","item":"https:\/\/www.bellunopress.it\/"},{"@type":"ListItem","position":2,"name":"Perch\u00e9 non verr\u00e0 pi\u00f9 realizzato il mercato coperto nella ex Chiesa dei Gesuiti? Interrogazione di Jacopo Massaro"}]},{"@type":"WebSite","@id":"https:\/\/www.bellunopress.it\/#website","url":"https:\/\/www.bellunopress.it\/","name":"Bellunopress - Dolomiti","description":"e-mail: redazione@bellunopress.it","publisher":{"@id":"https:\/\/www.bellunopress.it\/#organization"},"potentialAction":[{"@type":"SearchAction","target":{"@type":"EntryPoint","urlTemplate":"https:\/\/www.bellunopress.it\/?s={search_term_string}"},"query-input":{"@type":"PropertyValueSpecification","valueRequired":true,"valueName":"search_term_string"}}],"inLanguage":"fr-FR"},{"@type":"Organization","@id":"https:\/\/www.bellunopress.it\/#organization","name":"Bellunopress","url":"https:\/\/www.bellunopress.it\/","logo":{"@type":"ImageObject","inLanguage":"fr-FR","@id":"https:\/\/www.bellunopress.it\/#\/schema\/logo\/image\/","url":"https:\/\/www.bellunopress.it\/wp-content\/uploads\/2011\/05\/cropped-logo-bellunopress-.jpg","contentUrl":"https:\/\/www.bellunopress.it\/wp-content\/uploads\/2011\/05\/cropped-logo-bellunopress-.jpg","width":512,"height":512,"caption":"Bellunopress"},"image":{"@id":"https:\/\/www.bellunopress.it\/#\/schema\/logo\/image\/"},"sameAs":["https:\/\/www.facebook.com\/profile.php?id=100008943462799","https:\/\/x.com\/bellunopress","https:\/\/www.linkedin.com\/hp\/?dnr=JBzUWaJfMUw8vbXJJ2tVW5-I3jZKvC4wsoxE&amp;amp;amp;amp;amp;amp;trk=nav_responsive_tab_home","https:\/\/www.youtube.com\/channel\/UCxL0wu1uN0_3_7hGG0306cw"]},{"@type":"Person","@id":"https:\/\/www.bellunopress.it\/#\/schema\/person\/79bb06722b37ece1c03d3e94beb30d73","name":"r\u00e9daction","image":{"@type":"ImageObject","inLanguage":"fr-FR","@id":"https:\/\/secure.gravatar.com\/avatar\/37d968a2e67a6fd04c169c4bdef102d0bc5d31b2546345219e348575eb80e9a0?s=96&d=mm&r=g","url":"https:\/\/secure.gravatar.com\/avatar\/37d968a2e67a6fd04c169c4bdef102d0bc5d31b2546345219e348575eb80e9a0?s=96&d=mm&r=g","contentUrl":"https:\/\/secure.gravatar.com\/avatar\/37d968a2e67a6fd04c169c4bdef102d0bc5d31b2546345219e348575eb80e9a0?s=96&d=mm&r=g","caption":"redazione"},"sameAs":["http:\/\/www.bellunopress.it","https:\/\/x.com\/bellunopress"],"url":"https:\/\/www.bellunopress.it\/fr\/author\/redazione\/"}]}},"_links":{"self":[{"href":"https:\/\/www.bellunopress.it\/fr\/wp-json\/wp\/v2\/posts\/145662","targetHints":{"allow":["GET"]}}],"collection":[{"href":"https:\/\/www.bellunopress.it\/fr\/wp-json\/wp\/v2\/posts"}],"about":[{"href":"https:\/\/www.bellunopress.it\/fr\/wp-json\/wp\/v2\/types\/post"}],"author":[{"embeddable":true,"href":"https:\/\/www.bellunopress.it\/fr\/wp-json\/wp\/v2\/users\/2"}],"replies":[{"embeddable":true,"href":"https:\/\/www.bellunopress.it\/fr\/wp-json\/wp\/v2\/comments?post=145662"}],"version-history":[{"count":1,"href":"https:\/\/www.bellunopress.it\/fr\/wp-json\/wp\/v2\/posts\/145662\/revisions"}],"predecessor-version":[{"id":145664,"href":"https:\/\/www.bellunopress.it\/fr\/wp-json\/wp\/v2\/posts\/145662\/revisions\/145664"}],"wp:featuredmedia":[{"embeddable":true,"href":"https:\/\/www.bellunopress.it\/fr\/wp-json\/wp\/v2\/media\/145663"}],"wp:attachment":[{"href":"https:\/\/www.bellunopress.it\/fr\/wp-json\/wp\/v2\/media?parent=145662"}],"wp:term":[{"taxonomy":"category","embeddable":true,"href":"https:\/\/www.bellunopress.it\/fr\/wp-json\/wp\/v2\/categories?post=145662"},{"taxonomy":"post_tag","embeddable":true,"href":"https:\/\/www.bellunopress.it\/fr\/wp-json\/wp\/v2\/tags?post=145662"}],"curies":[{"name":"wp","href":"https:\/\/api.w.org\/{rel}","templated":true}]}}