{"id":145655,"date":"2023-11-05T21:21:58","date_gmt":"2023-11-05T20:21:58","guid":{"rendered":"https:\/\/www.bellunopress.it\/?p=145655"},"modified":"2023-11-05T21:21:58","modified_gmt":"2023-11-05T20:21:58","slug":"alla-maratonina-di-san-biagio-trionfa-bamoussa","status":"publish","type":"post","link":"https:\/\/www.bellunopress.it\/fr\/2023\/11\/05\/alla-maratonina-di-san-biagio-trionfa-bamoussa\/","title":{"rendered":"Alla maratonina di San Biagio trionfa Bamoussa"},"content":{"rendered":"<figure id=\"attachment_145656\" aria-describedby=\"caption-attachment-145656\" style=\"width: 1000px\" class=\"wp-caption alignleft\"><img loading=\"lazy\" decoding=\"async\" class=\"size-full wp-image-145656\" src=\"https:\/\/www.bellunopress.it\/wp-content\/uploads\/2023\/11\/San-Biagio_b_Larrivo-di-Bamoussa_edited.jpg\" alt=\"\" width=\"1000\" height=\"602\" srcset=\"https:\/\/www.bellunopress.it\/wp-content\/uploads\/2023\/11\/San-Biagio_b_Larrivo-di-Bamoussa_edited.jpg 1000w, https:\/\/www.bellunopress.it\/wp-content\/uploads\/2023\/11\/San-Biagio_b_Larrivo-di-Bamoussa_edited-500x301.jpg 500w, https:\/\/www.bellunopress.it\/wp-content\/uploads\/2023\/11\/San-Biagio_b_Larrivo-di-Bamoussa_edited-696x419.jpg 696w\" sizes=\"auto, (max-width: 1000px) 100vw, 1000px\" \/><figcaption id=\"caption-attachment-145656\" class=\"wp-caption-text\">L&#8217;arrivo di Bamoussa<\/figcaption><\/figure>\n<p>San Biagio di Callalta (Treviso), 5 novembre 2023 \u2013 La Maratonina di San Biagio si colora d\u2019azzurro. L\u2019edizione numero 4 della gara di San Biagio di Callalta (Treviso), non lontana dal primato di partecipanti (quasi 530 classificati), incorona Abdoullah Bamoussa (Atl. Brugnera Friulintagli) che, due settimane dopo il debutto in maratona a Venezia, corre a ritmo di record e chiude in 1h06\u201953\u201d, staccando nel finale il keniano Hosea Kiplagat Chemunyan (1h07\u201918\u201d). Terzo il trevigiano Giacomo Esposito (1h07\u201951\u201d), al quarto podio (con l\u2019exploit del primo posto nel 2022) in altrettante edizioni della mezza maratona organizzata dalla sua societ\u00e0, l\u2019Atletica San Biagio. Per Bamoussa, finalista nei 3000 siepi agli Europei di Amsterdam nel 2016 e azzurro all\u2019Olimpiade di Rio de Janeiro, un successo che vale doppio: insieme alla vittoria, il 37enne di origine marocchina, italiano dal 2015, ha infatti ottenuto il record del percorso che dal 2021 apparteneva al keniano Edwin Kibet Kiptoo (1h06\u201956\u201d). La gara, su un veloce percorso che, dopo la partenza dallo stadio comunale, ha toccato anche le frazioni di Rovar\u00e8, Sant\u2019Andrea di Barbarana, Fagar\u00e8 e Cavri\u00e8, per concludersi davanti al municipio di San Biagio di Callalta, si \u00e8 decisa al 19\u00b0 chilometro, quando Bamoussa ha agganciato il keniano Hosea Kiplagat Chemunyan che sino ad allora aveva fatto corsa solitaria. \u201cLo vedevo davanti a me &#8211; spiega Bamoussa -. Al 16\u00b0 chilometro ho deciso di provarci, ho aumentato il ritmo e, grazie ad un paio di chilometri a 3\u201906\u201d-3\u201907\u201d, l\u2019ho raggiunto. Ho atteso altri 2-300 metri e me ne sono andato, lui non ha reagito. E\u2019 stata dura, soprattutto a causa del vento contrario che abbiamo trovato nel finale. Venezia? Non sono rimasto soddisfatto dal mio esordio in maratona, ho avuto diversi problemi, al 34\u00b0 chilometro ho anche pensato di ritirarmi. Ci riprover\u00f2 la prossima primavera, ma non voglio che diventi un\u2019ossessione. Intanto mi diverto sulle distanze pi\u00f9 brevi\u201d. Applausi anche per due giovani trevigiani, il 21enne Matteo Muraro (Team Treviso), quarto in 1h09\u201947\u201d, e il 20enne Vincent Dominin (Atl. San Biagio), undicesimo in 1h11\u201954\u201d. In entrambi i casi \u00e8 record personale. Gara femminile dominata, come da pronostico, da Asmerawork Bekele Wolkeba, tornata a San Biagio di Callalta dopo il secondo posto del 2021. La 32enne etiope, tesserata per l\u2019Asd Podistica Torino, ha chiuso in 1h17\u201942\u201d dopo una gara costantemente di testa. Argento per la padovana Silvy Turcato (Lib. Piombino Dese), scesa a 1h23\u201955\u201d, e bronzo per la vicentina Vanina Dal Santo (Vicenza Marathon), arrivata in 1h24\u201946\u201d. \u201cUna domenica da incorniciare &#8211; commenta Silvano Tomasi, presidente dell\u2019Atletica San Biagio, societ\u00e0 attiva tutto l\u2019anno nell\u2019organizzazione di manifestazioni in pista e su strada -. Abbiamo ricevuto tantissimi complimenti e i numeri sono tornati a salire. Nel bilancio vanno messi anche gli oltre 300 partecipanti alle due prove non competitive (in corsa anche la sindaca Valentina Pillon, ndr). Un successo, nel complesso, andato oltre ogni aspettativa\u201d. Appuntamento al prossimo anno: si correr\u00e0 il 24 novembre.<\/p>\n<p>RISULTATI. UOMINI: 1. Abdoullah Bamoussa (Atl. Brugnera Friulintagli) 1h06\u201953\u201d, 2. Hosea Kiplagat Chemunyan (KEN) 1h07\u201918\u201d, 3. Giacomo Esposito (Atl. San Biagio) 1h07\u201951\u201d, 4. Matteo Muraro (Team Treviso) 1h09\u201947\u201d, 5. Eric Muthomi Riungu (KEN) 1h09\u201949\u201d, 6. Roberto Zironda (Vicenza Marathon) 1h09\u201951\u201d, 7. Diego Avon (Atl. Biotekna) 1h09\u201953\u201d, 8. Paolo Pellizzari (Vicenza Marathon) 1h09\u201956\u201d, 9. Marco Padoan (Vicenza Marathon) 1h09\u201959\u201d, 10. Roberto Graziotto (HRobert Running Team) 1h10\u201956\u201d. DONNE: 1. Asmerawork Bekele Wolkeba (ETI) 1h17\u201942\u201d, 2. Silvy Turcato (Lib. Piombino Dese) 1h23\u201955\u201d, 3. Vanina Dal Santo (Vicenza Marathon) 1h24\u201946\u201d, 4. Barbara Diquigiovanni (Vicenza Marathon) 1h25\u201920\u201d, 5. Camilla Spagnol (Team KM Sport) 1h27\u201914\u201d, 6. Sara Boer 1h28\u201901\u201d, 7. Valeria Gasparini (Amatori Atl. Chirignago) 1h28\u201904\u201d, 8. Vania Rizz\u00e0 (Atl. Bassano Running Store) 1h28\u201958\u201d, 9. Mirela Djurdjevic (Atl. San Biagio) 1h29\u201943\u201d, 10. Federica Palberti (Montello Runners Club) 1h30\u201919\u201d.<\/p>\n<p><a href=\"https:\/\/tds.sport\/it\/race\/13719\" target=\"_blank\" rel=\"noopener noreferrer\">CLASSIFICHE COMPLETE<\/a><\/p>\n<p>&nbsp;<\/p>","protected":false},"excerpt":{"rendered":"<p>San Biagio di Callalta (Treviso), 5 novembre 2023 \u2013 La Maratonina di San Biagio si colora d\u2019azzurro. L\u2019edizione numero 4 della gara di San Biagio di Callalta (Treviso), non lontana dal primato di partecipanti (quasi 530 classificati), incorona Abdoullah Bamoussa (Atl. Brugnera Friulintagli) che, due settimane dopo il debutto in maratona a Venezia, corre a [&hellip;]<\/p>\n","protected":false},"author":2,"featured_media":145656,"comment_status":"closed","ping_status":"open","sticky":false,"template":"","format":"standard","meta":{"footnotes":""},"categories":[4],"tags":[],"class_list":["post-145655","post","type-post","status-publish","format-standard","has-post-thumbnail","category-sport"],"yoast_head":"<!-- This site is optimized with the Yoast SEO plugin v28.4 - https:\/\/yoast.com\/product\/yoast-seo-wordpress\/ -->\n<title>Alla maratonina di San Biagio trionfa Bamoussa - Bellunopress - Dolomiti<\/title>\n<meta name=\"robots\" content=\"index, follow, max-snippet:-1, max-image-preview:large, max-video-preview:-1\" \/>\n<link rel=\"canonical\" href=\"https:\/\/www.bellunopress.it\/fr\/2023\/11\/05\/alla-maratonina-di-san-biagio-trionfa-bamoussa\/\" \/>\n<meta property=\"og:locale\" content=\"fr_FR\" \/>\n<meta property=\"og:type\" content=\"article\" \/>\n<meta property=\"og:title\" content=\"Alla maratonina di San Biagio trionfa Bamoussa - Bellunopress - Dolomiti\" \/>\n<meta property=\"og:description\" content=\"San Biagio di Callalta (Treviso), 5 novembre 2023 \u2013 La Maratonina di San Biagio si colora d\u2019azzurro. L\u2019edizione numero 4 della gara di San Biagio di Callalta (Treviso), non lontana dal primato di partecipanti (quasi 530 classificati), incorona Abdoullah Bamoussa (Atl. Brugnera Friulintagli) che, due settimane dopo il debutto in maratona a Venezia, corre a [&hellip;]\" \/>\n<meta property=\"og:url\" content=\"https:\/\/www.bellunopress.it\/fr\/2023\/11\/05\/alla-maratonina-di-san-biagio-trionfa-bamoussa\/\" \/>\n<meta property=\"og:site_name\" content=\"Bellunopress - Dolomiti\" \/>\n<meta property=\"article:publisher\" content=\"https:\/\/www.facebook.com\/profile.php?id=100008943462799\" \/>\n<meta property=\"article:published_time\" content=\"2023-11-05T20:21:58+00:00\" \/>\n<meta property=\"og:image\" content=\"https:\/\/www.bellunopress.it\/wp-content\/uploads\/2023\/11\/San-Biagio_b_Larrivo-di-Bamoussa_edited.jpg\" \/>\n\t<meta property=\"og:image:width\" content=\"1000\" \/>\n\t<meta property=\"og:image:height\" content=\"602\" \/>\n\t<meta property=\"og:image:type\" content=\"image\/jpeg\" \/>\n<meta name=\"author\" content=\"redazione\" \/>\n<meta name=\"twitter:card\" content=\"summary_large_image\" \/>\n<meta name=\"twitter:creator\" content=\"@bellunopress\" \/>\n<meta name=\"twitter:site\" content=\"@bellunopress\" \/>\n<meta name=\"twitter:label1\" content=\"\u00c9crit par\" \/>\n\t<meta name=\"twitter:data1\" content=\"redazione\" \/>\n\t<meta name=\"twitter:label2\" content=\"Dur\u00e9e de lecture estim\u00e9e\" \/>\n\t<meta name=\"twitter:data2\" content=\"3 minutes\" \/>\n<script type=\"application\/ld+json\" class=\"yoast-schema-graph\">{\"@context\":\"https:\\\/\\\/schema.org\",\"@graph\":[{\"@type\":\"Article\",\"@id\":\"https:\\\/\\\/www.bellunopress.it\\\/2023\\\/11\\\/05\\\/alla-maratonina-di-san-biagio-trionfa-bamoussa\\\/#article\",\"isPartOf\":{\"@id\":\"https:\\\/\\\/www.bellunopress.it\\\/2023\\\/11\\\/05\\\/alla-maratonina-di-san-biagio-trionfa-bamoussa\\\/\"},\"author\":{\"name\":\"redazione\",\"@id\":\"https:\\\/\\\/www.bellunopress.it\\\/#\\\/schema\\\/person\\\/79bb06722b37ece1c03d3e94beb30d73\"},\"headline\":\"Alla maratonina di San Biagio trionfa Bamoussa\",\"datePublished\":\"2023-11-05T20:21:58+00:00\",\"mainEntityOfPage\":{\"@id\":\"https:\\\/\\\/www.bellunopress.it\\\/2023\\\/11\\\/05\\\/alla-maratonina-di-san-biagio-trionfa-bamoussa\\\/\"},\"wordCount\":610,\"publisher\":{\"@id\":\"https:\\\/\\\/www.bellunopress.it\\\/#organization\"},\"image\":{\"@id\":\"https:\\\/\\\/www.bellunopress.it\\\/2023\\\/11\\\/05\\\/alla-maratonina-di-san-biagio-trionfa-bamoussa\\\/#primaryimage\"},\"thumbnailUrl\":\"https:\\\/\\\/www.bellunopress.it\\\/wp-content\\\/uploads\\\/2023\\\/11\\\/San-Biagio_b_Larrivo-di-Bamoussa_edited.jpg\",\"articleSection\":[\"Sport, tempo libero\"],\"inLanguage\":\"fr-FR\"},{\"@type\":\"WebPage\",\"@id\":\"https:\\\/\\\/www.bellunopress.it\\\/2023\\\/11\\\/05\\\/alla-maratonina-di-san-biagio-trionfa-bamoussa\\\/\",\"url\":\"https:\\\/\\\/www.bellunopress.it\\\/2023\\\/11\\\/05\\\/alla-maratonina-di-san-biagio-trionfa-bamoussa\\\/\",\"name\":\"Alla maratonina di San Biagio trionfa Bamoussa - Bellunopress - Dolomiti\",\"isPartOf\":{\"@id\":\"https:\\\/\\\/www.bellunopress.it\\\/#website\"},\"primaryImageOfPage\":{\"@id\":\"https:\\\/\\\/www.bellunopress.it\\\/2023\\\/11\\\/05\\\/alla-maratonina-di-san-biagio-trionfa-bamoussa\\\/#primaryimage\"},\"image\":{\"@id\":\"https:\\\/\\\/www.bellunopress.it\\\/2023\\\/11\\\/05\\\/alla-maratonina-di-san-biagio-trionfa-bamoussa\\\/#primaryimage\"},\"thumbnailUrl\":\"https:\\\/\\\/www.bellunopress.it\\\/wp-content\\\/uploads\\\/2023\\\/11\\\/San-Biagio_b_Larrivo-di-Bamoussa_edited.jpg\",\"datePublished\":\"2023-11-05T20:21:58+00:00\",\"breadcrumb\":{\"@id\":\"https:\\\/\\\/www.bellunopress.it\\\/2023\\\/11\\\/05\\\/alla-maratonina-di-san-biagio-trionfa-bamoussa\\\/#breadcrumb\"},\"inLanguage\":\"fr-FR\",\"potentialAction\":[{\"@type\":\"ReadAction\",\"target\":[\"https:\\\/\\\/www.bellunopress.it\\\/2023\\\/11\\\/05\\\/alla-maratonina-di-san-biagio-trionfa-bamoussa\\\/\"]}]},{\"@type\":\"ImageObject\",\"inLanguage\":\"fr-FR\",\"@id\":\"https:\\\/\\\/www.bellunopress.it\\\/2023\\\/11\\\/05\\\/alla-maratonina-di-san-biagio-trionfa-bamoussa\\\/#primaryimage\",\"url\":\"https:\\\/\\\/www.bellunopress.it\\\/wp-content\\\/uploads\\\/2023\\\/11\\\/San-Biagio_b_Larrivo-di-Bamoussa_edited.jpg\",\"contentUrl\":\"https:\\\/\\\/www.bellunopress.it\\\/wp-content\\\/uploads\\\/2023\\\/11\\\/San-Biagio_b_Larrivo-di-Bamoussa_edited.jpg\",\"width\":1000,\"height\":602,\"caption\":\"L'arrivo di Bamoussa\"},{\"@type\":\"BreadcrumbList\",\"@id\":\"https:\\\/\\\/www.bellunopress.it\\\/2023\\\/11\\\/05\\\/alla-maratonina-di-san-biagio-trionfa-bamoussa\\\/#breadcrumb\",\"itemListElement\":[{\"@type\":\"ListItem\",\"position\":1,\"name\":\"Home\",\"item\":\"https:\\\/\\\/www.bellunopress.it\\\/\"},{\"@type\":\"ListItem\",\"position\":2,\"name\":\"Alla maratonina di San Biagio trionfa Bamoussa\"}]},{\"@type\":\"WebSite\",\"@id\":\"https:\\\/\\\/www.bellunopress.it\\\/#website\",\"url\":\"https:\\\/\\\/www.bellunopress.it\\\/\",\"name\":\"Bellunopress - Dolomiti\",\"description\":\"e-mail: redazione@bellunopress.it\",\"publisher\":{\"@id\":\"https:\\\/\\\/www.bellunopress.it\\\/#organization\"},\"potentialAction\":[{\"@type\":\"SearchAction\",\"target\":{\"@type\":\"EntryPoint\",\"urlTemplate\":\"https:\\\/\\\/www.bellunopress.it\\\/?s={search_term_string}\"},\"query-input\":{\"@type\":\"PropertyValueSpecification\",\"valueRequired\":true,\"valueName\":\"search_term_string\"}}],\"inLanguage\":\"fr-FR\"},{\"@type\":\"Organization\",\"@id\":\"https:\\\/\\\/www.bellunopress.it\\\/#organization\",\"name\":\"Bellunopress\",\"url\":\"https:\\\/\\\/www.bellunopress.it\\\/\",\"logo\":{\"@type\":\"ImageObject\",\"inLanguage\":\"fr-FR\",\"@id\":\"https:\\\/\\\/www.bellunopress.it\\\/#\\\/schema\\\/logo\\\/image\\\/\",\"url\":\"https:\\\/\\\/www.bellunopress.it\\\/wp-content\\\/uploads\\\/2011\\\/05\\\/cropped-logo-bellunopress-.jpg\",\"contentUrl\":\"https:\\\/\\\/www.bellunopress.it\\\/wp-content\\\/uploads\\\/2011\\\/05\\\/cropped-logo-bellunopress-.jpg\",\"width\":512,\"height\":512,\"caption\":\"Bellunopress\"},\"image\":{\"@id\":\"https:\\\/\\\/www.bellunopress.it\\\/#\\\/schema\\\/logo\\\/image\\\/\"},\"sameAs\":[\"https:\\\/\\\/www.facebook.com\\\/profile.php?id=100008943462799\",\"https:\\\/\\\/x.com\\\/bellunopress\",\"https:\\\/\\\/www.linkedin.com\\\/hp\\\/?dnr=JBzUWaJfMUw8vbXJJ2tVW5-I3jZKvC4wsoxE&amp;amp;amp;amp;amp;amp;trk=nav_responsive_tab_home\",\"https:\\\/\\\/www.youtube.com\\\/channel\\\/UCxL0wu1uN0_3_7hGG0306cw\"]},{\"@type\":\"Person\",\"@id\":\"https:\\\/\\\/www.bellunopress.it\\\/#\\\/schema\\\/person\\\/79bb06722b37ece1c03d3e94beb30d73\",\"name\":\"redazione\",\"image\":{\"@type\":\"ImageObject\",\"inLanguage\":\"fr-FR\",\"@id\":\"https:\\\/\\\/secure.gravatar.com\\\/avatar\\\/37d968a2e67a6fd04c169c4bdef102d0bc5d31b2546345219e348575eb80e9a0?s=96&d=mm&r=g\",\"url\":\"https:\\\/\\\/secure.gravatar.com\\\/avatar\\\/37d968a2e67a6fd04c169c4bdef102d0bc5d31b2546345219e348575eb80e9a0?s=96&d=mm&r=g\",\"contentUrl\":\"https:\\\/\\\/secure.gravatar.com\\\/avatar\\\/37d968a2e67a6fd04c169c4bdef102d0bc5d31b2546345219e348575eb80e9a0?s=96&d=mm&r=g\",\"caption\":\"redazione\"},\"sameAs\":[\"http:\\\/\\\/www.bellunopress.it\",\"https:\\\/\\\/x.com\\\/bellunopress\"],\"url\":\"https:\\\/\\\/www.bellunopress.it\\\/fr\\\/author\\\/redazione\\\/\"}]}<\/script>\n<!-- \/ Yoast SEO plugin. -->","yoast_head_json":{"title":"Alla maratonina di San Biagio trionfa Bamoussa - Bellunopress - Dolomiti","robots":{"index":"index","follow":"follow","max-snippet":"max-snippet:-1","max-image-preview":"max-image-preview:large","max-video-preview":"max-video-preview:-1"},"canonical":"https:\/\/www.bellunopress.it\/fr\/2023\/11\/05\/alla-maratonina-di-san-biagio-trionfa-bamoussa\/","og_locale":"fr_FR","og_type":"article","og_title":"Alla maratonina di San Biagio trionfa Bamoussa - Bellunopress - Dolomiti","og_description":"San Biagio di Callalta (Treviso), 5 novembre 2023 \u2013 La Maratonina di San Biagio si colora d\u2019azzurro. L\u2019edizione numero 4 della gara di San Biagio di Callalta (Treviso), non lontana dal primato di partecipanti (quasi 530 classificati), incorona Abdoullah Bamoussa (Atl. Brugnera Friulintagli) che, due settimane dopo il debutto in maratona a Venezia, corre a [&hellip;]","og_url":"https:\/\/www.bellunopress.it\/fr\/2023\/11\/05\/alla-maratonina-di-san-biagio-trionfa-bamoussa\/","og_site_name":"Bellunopress - Dolomiti","article_publisher":"https:\/\/www.facebook.com\/profile.php?id=100008943462799","article_published_time":"2023-11-05T20:21:58+00:00","og_image":[{"width":1000,"height":602,"url":"https:\/\/www.bellunopress.it\/wp-content\/uploads\/2023\/11\/San-Biagio_b_Larrivo-di-Bamoussa_edited.jpg","type":"image\/jpeg"}],"author":"redazione","twitter_card":"summary_large_image","twitter_creator":"@bellunopress","twitter_site":"@bellunopress","twitter_misc":{"\u00c9crit par":"redazione","Dur\u00e9e de lecture estim\u00e9e":"3 minutes"},"schema":{"@context":"https:\/\/schema.org","@graph":[{"@type":"Article","@id":"https:\/\/www.bellunopress.it\/2023\/11\/05\/alla-maratonina-di-san-biagio-trionfa-bamoussa\/#article","isPartOf":{"@id":"https:\/\/www.bellunopress.it\/2023\/11\/05\/alla-maratonina-di-san-biagio-trionfa-bamoussa\/"},"author":{"name":"redazione","@id":"https:\/\/www.bellunopress.it\/#\/schema\/person\/79bb06722b37ece1c03d3e94beb30d73"},"headline":"Alla maratonina di San Biagio trionfa Bamoussa","datePublished":"2023-11-05T20:21:58+00:00","mainEntityOfPage":{"@id":"https:\/\/www.bellunopress.it\/2023\/11\/05\/alla-maratonina-di-san-biagio-trionfa-bamoussa\/"},"wordCount":610,"publisher":{"@id":"https:\/\/www.bellunopress.it\/#organization"},"image":{"@id":"https:\/\/www.bellunopress.it\/2023\/11\/05\/alla-maratonina-di-san-biagio-trionfa-bamoussa\/#primaryimage"},"thumbnailUrl":"https:\/\/www.bellunopress.it\/wp-content\/uploads\/2023\/11\/San-Biagio_b_Larrivo-di-Bamoussa_edited.jpg","articleSection":["Sport, tempo libero"],"inLanguage":"fr-FR"},{"@type":"WebPage","@id":"https:\/\/www.bellunopress.it\/2023\/11\/05\/alla-maratonina-di-san-biagio-trionfa-bamoussa\/","url":"https:\/\/www.bellunopress.it\/2023\/11\/05\/alla-maratonina-di-san-biagio-trionfa-bamoussa\/","name":"Alla maratonina di San Biagio trionfa Bamoussa - Bellunopress - Dolomiti","isPartOf":{"@id":"https:\/\/www.bellunopress.it\/#website"},"primaryImageOfPage":{"@id":"https:\/\/www.bellunopress.it\/2023\/11\/05\/alla-maratonina-di-san-biagio-trionfa-bamoussa\/#primaryimage"},"image":{"@id":"https:\/\/www.bellunopress.it\/2023\/11\/05\/alla-maratonina-di-san-biagio-trionfa-bamoussa\/#primaryimage"},"thumbnailUrl":"https:\/\/www.bellunopress.it\/wp-content\/uploads\/2023\/11\/San-Biagio_b_Larrivo-di-Bamoussa_edited.jpg","datePublished":"2023-11-05T20:21:58+00:00","breadcrumb":{"@id":"https:\/\/www.bellunopress.it\/2023\/11\/05\/alla-maratonina-di-san-biagio-trionfa-bamoussa\/#breadcrumb"},"inLanguage":"fr-FR","potentialAction":[{"@type":"ReadAction","target":["https:\/\/www.bellunopress.it\/2023\/11\/05\/alla-maratonina-di-san-biagio-trionfa-bamoussa\/"]}]},{"@type":"ImageObject","inLanguage":"fr-FR","@id":"https:\/\/www.bellunopress.it\/2023\/11\/05\/alla-maratonina-di-san-biagio-trionfa-bamoussa\/#primaryimage","url":"https:\/\/www.bellunopress.it\/wp-content\/uploads\/2023\/11\/San-Biagio_b_Larrivo-di-Bamoussa_edited.jpg","contentUrl":"https:\/\/www.bellunopress.it\/wp-content\/uploads\/2023\/11\/San-Biagio_b_Larrivo-di-Bamoussa_edited.jpg","width":1000,"height":602,"caption":"L'arrivo di Bamoussa"},{"@type":"BreadcrumbList","@id":"https:\/\/www.bellunopress.it\/2023\/11\/05\/alla-maratonina-di-san-biagio-trionfa-bamoussa\/#breadcrumb","itemListElement":[{"@type":"ListItem","position":1,"name":"Home","item":"https:\/\/www.bellunopress.it\/"},{"@type":"ListItem","position":2,"name":"Alla maratonina di San Biagio trionfa Bamoussa"}]},{"@type":"WebSite","@id":"https:\/\/www.bellunopress.it\/#website","url":"https:\/\/www.bellunopress.it\/","name":"Bellunopress - Dolomiti","description":"e-mail: redazione@bellunopress.it","publisher":{"@id":"https:\/\/www.bellunopress.it\/#organization"},"potentialAction":[{"@type":"SearchAction","target":{"@type":"EntryPoint","urlTemplate":"https:\/\/www.bellunopress.it\/?s={search_term_string}"},"query-input":{"@type":"PropertyValueSpecification","valueRequired":true,"valueName":"search_term_string"}}],"inLanguage":"fr-FR"},{"@type":"Organization","@id":"https:\/\/www.bellunopress.it\/#organization","name":"Bellunopress","url":"https:\/\/www.bellunopress.it\/","logo":{"@type":"ImageObject","inLanguage":"fr-FR","@id":"https:\/\/www.bellunopress.it\/#\/schema\/logo\/image\/","url":"https:\/\/www.bellunopress.it\/wp-content\/uploads\/2011\/05\/cropped-logo-bellunopress-.jpg","contentUrl":"https:\/\/www.bellunopress.it\/wp-content\/uploads\/2011\/05\/cropped-logo-bellunopress-.jpg","width":512,"height":512,"caption":"Bellunopress"},"image":{"@id":"https:\/\/www.bellunopress.it\/#\/schema\/logo\/image\/"},"sameAs":["https:\/\/www.facebook.com\/profile.php?id=100008943462799","https:\/\/x.com\/bellunopress","https:\/\/www.linkedin.com\/hp\/?dnr=JBzUWaJfMUw8vbXJJ2tVW5-I3jZKvC4wsoxE&amp;amp;amp;amp;amp;amp;trk=nav_responsive_tab_home","https:\/\/www.youtube.com\/channel\/UCxL0wu1uN0_3_7hGG0306cw"]},{"@type":"Person","@id":"https:\/\/www.bellunopress.it\/#\/schema\/person\/79bb06722b37ece1c03d3e94beb30d73","name":"r\u00e9daction","image":{"@type":"ImageObject","inLanguage":"fr-FR","@id":"https:\/\/secure.gravatar.com\/avatar\/37d968a2e67a6fd04c169c4bdef102d0bc5d31b2546345219e348575eb80e9a0?s=96&d=mm&r=g","url":"https:\/\/secure.gravatar.com\/avatar\/37d968a2e67a6fd04c169c4bdef102d0bc5d31b2546345219e348575eb80e9a0?s=96&d=mm&r=g","contentUrl":"https:\/\/secure.gravatar.com\/avatar\/37d968a2e67a6fd04c169c4bdef102d0bc5d31b2546345219e348575eb80e9a0?s=96&d=mm&r=g","caption":"redazione"},"sameAs":["http:\/\/www.bellunopress.it","https:\/\/x.com\/bellunopress"],"url":"https:\/\/www.bellunopress.it\/fr\/author\/redazione\/"}]}},"_links":{"self":[{"href":"https:\/\/www.bellunopress.it\/fr\/wp-json\/wp\/v2\/posts\/145655","targetHints":{"allow":["GET"]}}],"collection":[{"href":"https:\/\/www.bellunopress.it\/fr\/wp-json\/wp\/v2\/posts"}],"about":[{"href":"https:\/\/www.bellunopress.it\/fr\/wp-json\/wp\/v2\/types\/post"}],"author":[{"embeddable":true,"href":"https:\/\/www.bellunopress.it\/fr\/wp-json\/wp\/v2\/users\/2"}],"replies":[{"embeddable":true,"href":"https:\/\/www.bellunopress.it\/fr\/wp-json\/wp\/v2\/comments?post=145655"}],"version-history":[{"count":1,"href":"https:\/\/www.bellunopress.it\/fr\/wp-json\/wp\/v2\/posts\/145655\/revisions"}],"predecessor-version":[{"id":145657,"href":"https:\/\/www.bellunopress.it\/fr\/wp-json\/wp\/v2\/posts\/145655\/revisions\/145657"}],"wp:featuredmedia":[{"embeddable":true,"href":"https:\/\/www.bellunopress.it\/fr\/wp-json\/wp\/v2\/media\/145656"}],"wp:attachment":[{"href":"https:\/\/www.bellunopress.it\/fr\/wp-json\/wp\/v2\/media?parent=145655"}],"wp:term":[{"taxonomy":"category","embeddable":true,"href":"https:\/\/www.bellunopress.it\/fr\/wp-json\/wp\/v2\/categories?post=145655"},{"taxonomy":"post_tag","embeddable":true,"href":"https:\/\/www.bellunopress.it\/fr\/wp-json\/wp\/v2\/tags?post=145655"}],"curies":[{"name":"wp","href":"https:\/\/api.w.org\/{rel}","templated":true}]}}