{"id":145644,"date":"2023-11-05T16:59:50","date_gmt":"2023-11-05T15:59:50","guid":{"rendered":"https:\/\/www.bellunopress.it\/?p=145644"},"modified":"2023-11-05T16:59:50","modified_gmt":"2023-11-05T15:59:50","slug":"milano-cortina-zanella-pista-da-bob-ormai-e-preda-contesa-tra-i-partiti-della-destra-vergogna","status":"publish","type":"post","link":"https:\/\/www.bellunopress.it\/fr\/2023\/11\/05\/milano-cortina-zanella-pista-da-bob-ormai-e-preda-contesa-tra-i-partiti-della-destra-vergogna\/","title":{"rendered":"Milano-Cortina, Zanella: pista da bob ormai \u00e8 preda contesa tra i partiti della destra, vergogna"},"content":{"rendered":"<p><img loading=\"lazy\" decoding=\"async\" class=\"alignleft  wp-image-144179\" src=\"https:\/\/www.bellunopress.it\/wp-content\/uploads\/2023\/09\/Luana-Zanella-deputato.jpg\" alt=\"\" width=\"324\" height=\"253\" srcset=\"https:\/\/www.bellunopress.it\/wp-content\/uploads\/2023\/09\/Luana-Zanella-deputato.jpg 656w, https:\/\/www.bellunopress.it\/wp-content\/uploads\/2023\/09\/Luana-Zanella-deputato-500x391.jpg 500w, https:\/\/www.bellunopress.it\/wp-content\/uploads\/2023\/09\/Luana-Zanella-deputato-537x420.jpg 537w\" sizes=\"auto, (max-width: 324px) 100vw, 324px\" \/>&#8220;Ormai \u00e8 evidente che la pista da bob per le Olimpiadi 2026 \u00e8 diventata una preda contesa dai partiti della destra. Ogni giorno una puntata della telenovela, i ministri Zangrillo, Tajani, Abodi, Salvini &#8211; pi\u00f9 silenzioso, ma vorrebbe la pista a Cortina ad ogni costo &#8211; poi il presidente Zaia e Malag\u00f2, capo del CONI e della Fondazione Milano-Cortina: ogni giorno ci intrattengono con valutazioni che nulla hanno a che fare con gli unici criteri validi, cio\u00e8 quelli espressi dal Comitato olimpico internazionale gi\u00e0 tre anni anni per realizzare impianti che non dissestino territorio e finanze. Aspettiamo notizie, soprattutto dalla Corte dei Conti per sapere le valutazioni sul nostro esposto, perch\u00e9 soldi pubblici sono gi\u00e0 stati spesi mentre la destra litiga&#8221;. Cos\u00ec Luana Zanella, presidente di Alleanza Verdi e Sinistra alla Camera.<\/p>","protected":false},"excerpt":{"rendered":"<p>&#8220;Ormai \u00e8 evidente che la pista da bob per le Olimpiadi 2026 \u00e8 diventata una preda contesa dai partiti della destra. Ogni giorno una puntata della telenovela, i ministri Zangrillo, Tajani, Abodi, Salvini &#8211; pi\u00f9 silenzioso, ma vorrebbe la pista a Cortina ad ogni costo &#8211; poi il presidente Zaia e Malag\u00f2, capo del CONI [&hellip;]<\/p>\n","protected":false},"author":2,"featured_media":144179,"comment_status":"closed","ping_status":"open","sticky":false,"template":"","format":"standard","meta":{"footnotes":""},"categories":[5],"tags":[],"class_list":["post-145644","post","type-post","status-publish","format-standard","has-post-thumbnail","category-cronaca"],"yoast_head":"<!-- This site is optimized with the Yoast SEO plugin v28.4 - https:\/\/yoast.com\/product\/yoast-seo-wordpress\/ -->\n<title>Milano-Cortina, Zanella: pista da bob ormai \u00e8 preda contesa tra i partiti della destra, vergogna - Bellunopress - Dolomiti<\/title>\n<meta name=\"robots\" content=\"index, follow, max-snippet:-1, max-image-preview:large, max-video-preview:-1\" \/>\n<link rel=\"canonical\" href=\"https:\/\/www.bellunopress.it\/fr\/2023\/11\/05\/milano-cortina-zanella-pista-da-bob-ormai-e-preda-contesa-tra-i-partiti-della-destra-vergogna\/\" \/>\n<meta property=\"og:locale\" content=\"fr_FR\" \/>\n<meta property=\"og:type\" content=\"article\" \/>\n<meta property=\"og:title\" content=\"Milano-Cortina, Zanella: pista da bob ormai \u00e8 preda contesa tra i partiti della destra, vergogna - Bellunopress - Dolomiti\" \/>\n<meta property=\"og:description\" content=\"&#8220;Ormai \u00e8 evidente che la pista da bob per le Olimpiadi 2026 \u00e8 diventata una preda contesa dai partiti della destra. Ogni giorno una puntata della telenovela, i ministri Zangrillo, Tajani, Abodi, Salvini &#8211; pi\u00f9 silenzioso, ma vorrebbe la pista a Cortina ad ogni costo &#8211; poi il presidente Zaia e Malag\u00f2, capo del CONI [&hellip;]\" \/>\n<meta property=\"og:url\" content=\"https:\/\/www.bellunopress.it\/fr\/2023\/11\/05\/milano-cortina-zanella-pista-da-bob-ormai-e-preda-contesa-tra-i-partiti-della-destra-vergogna\/\" \/>\n<meta property=\"og:site_name\" content=\"Bellunopress - Dolomiti\" \/>\n<meta property=\"article:publisher\" content=\"https:\/\/www.facebook.com\/profile.php?id=100008943462799\" \/>\n<meta property=\"article:published_time\" content=\"2023-11-05T15:59:50+00:00\" \/>\n<meta property=\"og:image\" content=\"https:\/\/www.bellunopress.it\/wp-content\/uploads\/2023\/09\/Luana-Zanella-deputato.jpg\" \/>\n\t<meta property=\"og:image:width\" content=\"656\" \/>\n\t<meta property=\"og:image:height\" content=\"513\" \/>\n\t<meta property=\"og:image:type\" content=\"image\/jpeg\" \/>\n<meta name=\"author\" content=\"redazione\" \/>\n<meta name=\"twitter:card\" content=\"summary_large_image\" \/>\n<meta name=\"twitter:creator\" content=\"@bellunopress\" \/>\n<meta name=\"twitter:site\" content=\"@bellunopress\" \/>\n<meta name=\"twitter:label1\" content=\"Written by\" \/>\n\t<meta name=\"twitter:data1\" content=\"redazione\" \/>\n\t<meta name=\"twitter:label2\" content=\"Est. reading time\" \/>\n\t<meta name=\"twitter:data2\" content=\"1 minute\" \/>\n<script type=\"application\/ld+json\" class=\"yoast-schema-graph\">{\"@context\":\"https:\\\/\\\/schema.org\",\"@graph\":[{\"@type\":\"Article\",\"@id\":\"https:\\\/\\\/www.bellunopress.it\\\/2023\\\/11\\\/05\\\/milano-cortina-zanella-pista-da-bob-ormai-e-preda-contesa-tra-i-partiti-della-destra-vergogna\\\/#article\",\"isPartOf\":{\"@id\":\"https:\\\/\\\/www.bellunopress.it\\\/2023\\\/11\\\/05\\\/milano-cortina-zanella-pista-da-bob-ormai-e-preda-contesa-tra-i-partiti-della-destra-vergogna\\\/\"},\"author\":{\"name\":\"redazione\",\"@id\":\"https:\\\/\\\/www.bellunopress.it\\\/#\\\/schema\\\/person\\\/79bb06722b37ece1c03d3e94beb30d73\"},\"headline\":\"Milano-Cortina, Zanella: pista da bob ormai \u00e8 preda contesa tra i partiti della destra, vergogna\",\"datePublished\":\"2023-11-05T15:59:50+00:00\",\"mainEntityOfPage\":{\"@id\":\"https:\\\/\\\/www.bellunopress.it\\\/2023\\\/11\\\/05\\\/milano-cortina-zanella-pista-da-bob-ormai-e-preda-contesa-tra-i-partiti-della-destra-vergogna\\\/\"},\"wordCount\":143,\"publisher\":{\"@id\":\"https:\\\/\\\/www.bellunopress.it\\\/#organization\"},\"image\":{\"@id\":\"https:\\\/\\\/www.bellunopress.it\\\/2023\\\/11\\\/05\\\/milano-cortina-zanella-pista-da-bob-ormai-e-preda-contesa-tra-i-partiti-della-destra-vergogna\\\/#primaryimage\"},\"thumbnailUrl\":\"https:\\\/\\\/www.bellunopress.it\\\/wp-content\\\/uploads\\\/2023\\\/09\\\/Luana-Zanella-deputato.jpg\",\"articleSection\":[\"Cronaca\\\/Politica\"],\"inLanguage\":\"fr-FR\"},{\"@type\":\"WebPage\",\"@id\":\"https:\\\/\\\/www.bellunopress.it\\\/2023\\\/11\\\/05\\\/milano-cortina-zanella-pista-da-bob-ormai-e-preda-contesa-tra-i-partiti-della-destra-vergogna\\\/\",\"url\":\"https:\\\/\\\/www.bellunopress.it\\\/2023\\\/11\\\/05\\\/milano-cortina-zanella-pista-da-bob-ormai-e-preda-contesa-tra-i-partiti-della-destra-vergogna\\\/\",\"name\":\"Milano-Cortina, Zanella: pista da bob ormai \u00e8 preda contesa tra i partiti della destra, vergogna - Bellunopress - Dolomiti\",\"isPartOf\":{\"@id\":\"https:\\\/\\\/www.bellunopress.it\\\/#website\"},\"primaryImageOfPage\":{\"@id\":\"https:\\\/\\\/www.bellunopress.it\\\/2023\\\/11\\\/05\\\/milano-cortina-zanella-pista-da-bob-ormai-e-preda-contesa-tra-i-partiti-della-destra-vergogna\\\/#primaryimage\"},\"image\":{\"@id\":\"https:\\\/\\\/www.bellunopress.it\\\/2023\\\/11\\\/05\\\/milano-cortina-zanella-pista-da-bob-ormai-e-preda-contesa-tra-i-partiti-della-destra-vergogna\\\/#primaryimage\"},\"thumbnailUrl\":\"https:\\\/\\\/www.bellunopress.it\\\/wp-content\\\/uploads\\\/2023\\\/09\\\/Luana-Zanella-deputato.jpg\",\"datePublished\":\"2023-11-05T15:59:50+00:00\",\"breadcrumb\":{\"@id\":\"https:\\\/\\\/www.bellunopress.it\\\/2023\\\/11\\\/05\\\/milano-cortina-zanella-pista-da-bob-ormai-e-preda-contesa-tra-i-partiti-della-destra-vergogna\\\/#breadcrumb\"},\"inLanguage\":\"fr-FR\",\"potentialAction\":[{\"@type\":\"ReadAction\",\"target\":[\"https:\\\/\\\/www.bellunopress.it\\\/2023\\\/11\\\/05\\\/milano-cortina-zanella-pista-da-bob-ormai-e-preda-contesa-tra-i-partiti-della-destra-vergogna\\\/\"]}]},{\"@type\":\"ImageObject\",\"inLanguage\":\"fr-FR\",\"@id\":\"https:\\\/\\\/www.bellunopress.it\\\/2023\\\/11\\\/05\\\/milano-cortina-zanella-pista-da-bob-ormai-e-preda-contesa-tra-i-partiti-della-destra-vergogna\\\/#primaryimage\",\"url\":\"https:\\\/\\\/www.bellunopress.it\\\/wp-content\\\/uploads\\\/2023\\\/09\\\/Luana-Zanella-deputato.jpg\",\"contentUrl\":\"https:\\\/\\\/www.bellunopress.it\\\/wp-content\\\/uploads\\\/2023\\\/09\\\/Luana-Zanella-deputato.jpg\",\"width\":656,\"height\":513,\"caption\":\"Onorevole Luana Zanella, capogruppo di Alleanza Verdi Sinistra alla Camera dei Deputati\"},{\"@type\":\"BreadcrumbList\",\"@id\":\"https:\\\/\\\/www.bellunopress.it\\\/2023\\\/11\\\/05\\\/milano-cortina-zanella-pista-da-bob-ormai-e-preda-contesa-tra-i-partiti-della-destra-vergogna\\\/#breadcrumb\",\"itemListElement\":[{\"@type\":\"ListItem\",\"position\":1,\"name\":\"Home\",\"item\":\"https:\\\/\\\/www.bellunopress.it\\\/\"},{\"@type\":\"ListItem\",\"position\":2,\"name\":\"Milano-Cortina, Zanella: pista da bob ormai \u00e8 preda contesa tra i partiti della destra, vergogna\"}]},{\"@type\":\"WebSite\",\"@id\":\"https:\\\/\\\/www.bellunopress.it\\\/#website\",\"url\":\"https:\\\/\\\/www.bellunopress.it\\\/\",\"name\":\"Bellunopress - Dolomiti\",\"description\":\"e-mail: redazione@bellunopress.it\",\"publisher\":{\"@id\":\"https:\\\/\\\/www.bellunopress.it\\\/#organization\"},\"potentialAction\":[{\"@type\":\"SearchAction\",\"target\":{\"@type\":\"EntryPoint\",\"urlTemplate\":\"https:\\\/\\\/www.bellunopress.it\\\/?s={search_term_string}\"},\"query-input\":{\"@type\":\"PropertyValueSpecification\",\"valueRequired\":true,\"valueName\":\"search_term_string\"}}],\"inLanguage\":\"fr-FR\"},{\"@type\":\"Organization\",\"@id\":\"https:\\\/\\\/www.bellunopress.it\\\/#organization\",\"name\":\"Bellunopress\",\"url\":\"https:\\\/\\\/www.bellunopress.it\\\/\",\"logo\":{\"@type\":\"ImageObject\",\"inLanguage\":\"fr-FR\",\"@id\":\"https:\\\/\\\/www.bellunopress.it\\\/#\\\/schema\\\/logo\\\/image\\\/\",\"url\":\"https:\\\/\\\/www.bellunopress.it\\\/wp-content\\\/uploads\\\/2011\\\/05\\\/cropped-logo-bellunopress-.jpg\",\"contentUrl\":\"https:\\\/\\\/www.bellunopress.it\\\/wp-content\\\/uploads\\\/2011\\\/05\\\/cropped-logo-bellunopress-.jpg\",\"width\":512,\"height\":512,\"caption\":\"Bellunopress\"},\"image\":{\"@id\":\"https:\\\/\\\/www.bellunopress.it\\\/#\\\/schema\\\/logo\\\/image\\\/\"},\"sameAs\":[\"https:\\\/\\\/www.facebook.com\\\/profile.php?id=100008943462799\",\"https:\\\/\\\/x.com\\\/bellunopress\",\"https:\\\/\\\/www.linkedin.com\\\/hp\\\/?dnr=JBzUWaJfMUw8vbXJJ2tVW5-I3jZKvC4wsoxE&amp;amp;amp;amp;amp;amp;trk=nav_responsive_tab_home\",\"https:\\\/\\\/www.youtube.com\\\/channel\\\/UCxL0wu1uN0_3_7hGG0306cw\"]},{\"@type\":\"Person\",\"@id\":\"https:\\\/\\\/www.bellunopress.it\\\/#\\\/schema\\\/person\\\/79bb06722b37ece1c03d3e94beb30d73\",\"name\":\"redazione\",\"image\":{\"@type\":\"ImageObject\",\"inLanguage\":\"fr-FR\",\"@id\":\"https:\\\/\\\/secure.gravatar.com\\\/avatar\\\/37d968a2e67a6fd04c169c4bdef102d0bc5d31b2546345219e348575eb80e9a0?s=96&d=mm&r=g\",\"url\":\"https:\\\/\\\/secure.gravatar.com\\\/avatar\\\/37d968a2e67a6fd04c169c4bdef102d0bc5d31b2546345219e348575eb80e9a0?s=96&d=mm&r=g\",\"contentUrl\":\"https:\\\/\\\/secure.gravatar.com\\\/avatar\\\/37d968a2e67a6fd04c169c4bdef102d0bc5d31b2546345219e348575eb80e9a0?s=96&d=mm&r=g\",\"caption\":\"redazione\"},\"sameAs\":[\"http:\\\/\\\/www.bellunopress.it\",\"https:\\\/\\\/x.com\\\/bellunopress\"],\"url\":\"https:\\\/\\\/www.bellunopress.it\\\/fr\\\/author\\\/redazione\\\/\"}]}<\/script>\n<!-- \/ Yoast SEO plugin. -->","yoast_head_json":{"title":"Milano-Cortina, Zanella: pista da bob ormai \u00e8 preda contesa tra i partiti della destra, vergogna - Bellunopress - Dolomiti","robots":{"index":"index","follow":"follow","max-snippet":"max-snippet:-1","max-image-preview":"max-image-preview:large","max-video-preview":"max-video-preview:-1"},"canonical":"https:\/\/www.bellunopress.it\/fr\/2023\/11\/05\/milano-cortina-zanella-pista-da-bob-ormai-e-preda-contesa-tra-i-partiti-della-destra-vergogna\/","og_locale":"fr_FR","og_type":"article","og_title":"Milano-Cortina, Zanella: pista da bob ormai \u00e8 preda contesa tra i partiti della destra, vergogna - Bellunopress - Dolomiti","og_description":"&#8220;Ormai \u00e8 evidente che la pista da bob per le Olimpiadi 2026 \u00e8 diventata una preda contesa dai partiti della destra. Ogni giorno una puntata della telenovela, i ministri Zangrillo, Tajani, Abodi, Salvini &#8211; pi\u00f9 silenzioso, ma vorrebbe la pista a Cortina ad ogni costo &#8211; poi il presidente Zaia e Malag\u00f2, capo del CONI [&hellip;]","og_url":"https:\/\/www.bellunopress.it\/fr\/2023\/11\/05\/milano-cortina-zanella-pista-da-bob-ormai-e-preda-contesa-tra-i-partiti-della-destra-vergogna\/","og_site_name":"Bellunopress - Dolomiti","article_publisher":"https:\/\/www.facebook.com\/profile.php?id=100008943462799","article_published_time":"2023-11-05T15:59:50+00:00","og_image":[{"width":656,"height":513,"url":"https:\/\/www.bellunopress.it\/wp-content\/uploads\/2023\/09\/Luana-Zanella-deputato.jpg","type":"image\/jpeg"}],"author":"redazione","twitter_card":"summary_large_image","twitter_creator":"@bellunopress","twitter_site":"@bellunopress","twitter_misc":{"Written by":"redazione","Est. reading time":"1 minute"},"schema":{"@context":"https:\/\/schema.org","@graph":[{"@type":"Article","@id":"https:\/\/www.bellunopress.it\/2023\/11\/05\/milano-cortina-zanella-pista-da-bob-ormai-e-preda-contesa-tra-i-partiti-della-destra-vergogna\/#article","isPartOf":{"@id":"https:\/\/www.bellunopress.it\/2023\/11\/05\/milano-cortina-zanella-pista-da-bob-ormai-e-preda-contesa-tra-i-partiti-della-destra-vergogna\/"},"author":{"name":"redazione","@id":"https:\/\/www.bellunopress.it\/#\/schema\/person\/79bb06722b37ece1c03d3e94beb30d73"},"headline":"Milano-Cortina, Zanella: pista da bob ormai \u00e8 preda contesa tra i partiti della destra, vergogna","datePublished":"2023-11-05T15:59:50+00:00","mainEntityOfPage":{"@id":"https:\/\/www.bellunopress.it\/2023\/11\/05\/milano-cortina-zanella-pista-da-bob-ormai-e-preda-contesa-tra-i-partiti-della-destra-vergogna\/"},"wordCount":143,"publisher":{"@id":"https:\/\/www.bellunopress.it\/#organization"},"image":{"@id":"https:\/\/www.bellunopress.it\/2023\/11\/05\/milano-cortina-zanella-pista-da-bob-ormai-e-preda-contesa-tra-i-partiti-della-destra-vergogna\/#primaryimage"},"thumbnailUrl":"https:\/\/www.bellunopress.it\/wp-content\/uploads\/2023\/09\/Luana-Zanella-deputato.jpg","articleSection":["Cronaca\/Politica"],"inLanguage":"fr-FR"},{"@type":"WebPage","@id":"https:\/\/www.bellunopress.it\/2023\/11\/05\/milano-cortina-zanella-pista-da-bob-ormai-e-preda-contesa-tra-i-partiti-della-destra-vergogna\/","url":"https:\/\/www.bellunopress.it\/2023\/11\/05\/milano-cortina-zanella-pista-da-bob-ormai-e-preda-contesa-tra-i-partiti-della-destra-vergogna\/","name":"Milano-Cortina, Zanella: pista da bob ormai \u00e8 preda contesa tra i partiti della destra, vergogna - Bellunopress - Dolomiti","isPartOf":{"@id":"https:\/\/www.bellunopress.it\/#website"},"primaryImageOfPage":{"@id":"https:\/\/www.bellunopress.it\/2023\/11\/05\/milano-cortina-zanella-pista-da-bob-ormai-e-preda-contesa-tra-i-partiti-della-destra-vergogna\/#primaryimage"},"image":{"@id":"https:\/\/www.bellunopress.it\/2023\/11\/05\/milano-cortina-zanella-pista-da-bob-ormai-e-preda-contesa-tra-i-partiti-della-destra-vergogna\/#primaryimage"},"thumbnailUrl":"https:\/\/www.bellunopress.it\/wp-content\/uploads\/2023\/09\/Luana-Zanella-deputato.jpg","datePublished":"2023-11-05T15:59:50+00:00","breadcrumb":{"@id":"https:\/\/www.bellunopress.it\/2023\/11\/05\/milano-cortina-zanella-pista-da-bob-ormai-e-preda-contesa-tra-i-partiti-della-destra-vergogna\/#breadcrumb"},"inLanguage":"fr-FR","potentialAction":[{"@type":"ReadAction","target":["https:\/\/www.bellunopress.it\/2023\/11\/05\/milano-cortina-zanella-pista-da-bob-ormai-e-preda-contesa-tra-i-partiti-della-destra-vergogna\/"]}]},{"@type":"ImageObject","inLanguage":"fr-FR","@id":"https:\/\/www.bellunopress.it\/2023\/11\/05\/milano-cortina-zanella-pista-da-bob-ormai-e-preda-contesa-tra-i-partiti-della-destra-vergogna\/#primaryimage","url":"https:\/\/www.bellunopress.it\/wp-content\/uploads\/2023\/09\/Luana-Zanella-deputato.jpg","contentUrl":"https:\/\/www.bellunopress.it\/wp-content\/uploads\/2023\/09\/Luana-Zanella-deputato.jpg","width":656,"height":513,"caption":"Onorevole Luana Zanella, capogruppo di Alleanza Verdi Sinistra alla Camera dei Deputati"},{"@type":"BreadcrumbList","@id":"https:\/\/www.bellunopress.it\/2023\/11\/05\/milano-cortina-zanella-pista-da-bob-ormai-e-preda-contesa-tra-i-partiti-della-destra-vergogna\/#breadcrumb","itemListElement":[{"@type":"ListItem","position":1,"name":"Home","item":"https:\/\/www.bellunopress.it\/"},{"@type":"ListItem","position":2,"name":"Milano-Cortina, Zanella: pista da bob ormai \u00e8 preda contesa tra i partiti della destra, vergogna"}]},{"@type":"WebSite","@id":"https:\/\/www.bellunopress.it\/#website","url":"https:\/\/www.bellunopress.it\/","name":"Bellunopress - Dolomiti","description":"e-mail: redazione@bellunopress.it","publisher":{"@id":"https:\/\/www.bellunopress.it\/#organization"},"potentialAction":[{"@type":"SearchAction","target":{"@type":"EntryPoint","urlTemplate":"https:\/\/www.bellunopress.it\/?s={search_term_string}"},"query-input":{"@type":"PropertyValueSpecification","valueRequired":true,"valueName":"search_term_string"}}],"inLanguage":"fr-FR"},{"@type":"Organization","@id":"https:\/\/www.bellunopress.it\/#organization","name":"Bellunopress","url":"https:\/\/www.bellunopress.it\/","logo":{"@type":"ImageObject","inLanguage":"fr-FR","@id":"https:\/\/www.bellunopress.it\/#\/schema\/logo\/image\/","url":"https:\/\/www.bellunopress.it\/wp-content\/uploads\/2011\/05\/cropped-logo-bellunopress-.jpg","contentUrl":"https:\/\/www.bellunopress.it\/wp-content\/uploads\/2011\/05\/cropped-logo-bellunopress-.jpg","width":512,"height":512,"caption":"Bellunopress"},"image":{"@id":"https:\/\/www.bellunopress.it\/#\/schema\/logo\/image\/"},"sameAs":["https:\/\/www.facebook.com\/profile.php?id=100008943462799","https:\/\/x.com\/bellunopress","https:\/\/www.linkedin.com\/hp\/?dnr=JBzUWaJfMUw8vbXJJ2tVW5-I3jZKvC4wsoxE&amp;amp;amp;amp;amp;amp;trk=nav_responsive_tab_home","https:\/\/www.youtube.com\/channel\/UCxL0wu1uN0_3_7hGG0306cw"]},{"@type":"Person","@id":"https:\/\/www.bellunopress.it\/#\/schema\/person\/79bb06722b37ece1c03d3e94beb30d73","name":"r\u00e9daction","image":{"@type":"ImageObject","inLanguage":"fr-FR","@id":"https:\/\/secure.gravatar.com\/avatar\/37d968a2e67a6fd04c169c4bdef102d0bc5d31b2546345219e348575eb80e9a0?s=96&d=mm&r=g","url":"https:\/\/secure.gravatar.com\/avatar\/37d968a2e67a6fd04c169c4bdef102d0bc5d31b2546345219e348575eb80e9a0?s=96&d=mm&r=g","contentUrl":"https:\/\/secure.gravatar.com\/avatar\/37d968a2e67a6fd04c169c4bdef102d0bc5d31b2546345219e348575eb80e9a0?s=96&d=mm&r=g","caption":"redazione"},"sameAs":["http:\/\/www.bellunopress.it","https:\/\/x.com\/bellunopress"],"url":"https:\/\/www.bellunopress.it\/fr\/author\/redazione\/"}]}},"_links":{"self":[{"href":"https:\/\/www.bellunopress.it\/fr\/wp-json\/wp\/v2\/posts\/145644","targetHints":{"allow":["GET"]}}],"collection":[{"href":"https:\/\/www.bellunopress.it\/fr\/wp-json\/wp\/v2\/posts"}],"about":[{"href":"https:\/\/www.bellunopress.it\/fr\/wp-json\/wp\/v2\/types\/post"}],"author":[{"embeddable":true,"href":"https:\/\/www.bellunopress.it\/fr\/wp-json\/wp\/v2\/users\/2"}],"replies":[{"embeddable":true,"href":"https:\/\/www.bellunopress.it\/fr\/wp-json\/wp\/v2\/comments?post=145644"}],"version-history":[{"count":1,"href":"https:\/\/www.bellunopress.it\/fr\/wp-json\/wp\/v2\/posts\/145644\/revisions"}],"predecessor-version":[{"id":145645,"href":"https:\/\/www.bellunopress.it\/fr\/wp-json\/wp\/v2\/posts\/145644\/revisions\/145645"}],"wp:featuredmedia":[{"embeddable":true,"href":"https:\/\/www.bellunopress.it\/fr\/wp-json\/wp\/v2\/media\/144179"}],"wp:attachment":[{"href":"https:\/\/www.bellunopress.it\/fr\/wp-json\/wp\/v2\/media?parent=145644"}],"wp:term":[{"taxonomy":"category","embeddable":true,"href":"https:\/\/www.bellunopress.it\/fr\/wp-json\/wp\/v2\/categories?post=145644"},{"taxonomy":"post_tag","embeddable":true,"href":"https:\/\/www.bellunopress.it\/fr\/wp-json\/wp\/v2\/tags?post=145644"}],"curies":[{"name":"wp","href":"https:\/\/api.w.org\/{rel}","templated":true}]}}