{"id":145642,"date":"2023-11-05T16:40:57","date_gmt":"2023-11-05T15:40:57","guid":{"rendered":"https:\/\/www.bellunopress.it\/?p=145642"},"modified":"2023-11-05T16:40:57","modified_gmt":"2023-11-05T15:40:57","slug":"no-al-glifosato-ordine-del-giorno-dei-gruppi-di-opposizione-a-feltre","status":"publish","type":"post","link":"https:\/\/www.bellunopress.it\/fr\/2023\/11\/05\/no-al-glifosato-ordine-del-giorno-dei-gruppi-di-opposizione-a-feltre\/","title":{"rendered":"No al glifosato. Ordine del giorno dei gruppi di opposizione a Feltre"},"content":{"rendered":"<figure id=\"attachment_58365\" aria-describedby=\"caption-attachment-58365\" style=\"width: 290px\" class=\"wp-caption alignleft\"><img loading=\"lazy\" decoding=\"async\" class=\"size-full wp-image-58365\" src=\"https:\/\/www.bellunopress.it\/wp-content\/uploads\/2014\/05\/vigneti.jpg\" alt=\"\" width=\"290\" height=\"217\" \/><figcaption id=\"caption-attachment-58365\" class=\"wp-caption-text\">Vigneti trattati con diserbante glifosato<\/figcaption><\/figure>\n<p>Luned\u00ec 6 ottobre in Consiglio Comunale a Feltre i gruppi di opposizione Sinistra Feltrina, Partito Democratico, Cittadinanza e Partecipazione e Idea per Feltre presenteranno un ordine del giorno che impegna l&#8217;amministrazione a non modificare il regolamento di polizia rurale scongiurando definitivamente l&#8217;ipotesi di utilizzo del glifosate.<\/p>\n<p>&#8220;Riteniamo che l&#8217;utilizzo del glifosate possa essere dannoso tanto per la salute quanto per l&#8217;ambiente&#8221; &#8211; dichiara Mattia Cossalter, primo firmatario dell&#8217;ordine del giorno che sar\u00e0 discusso luned\u00ec.<\/p>\n<p>Nei mesi scorsi l&#8217;assessora Penco si \u00e8 spesso dichiarata contraria all&#8217;utilizzo di questo prodotto. Tuttavia l&#8217;assessore Dalla Palma ha, al contrario, pi\u00f9 volte ventilato la possibilit\u00e0 di reintrodurne l&#8217;utilizzo, oggi vietato dal regolamento di polizia rurale adottato dalla giunta Perenzin.<\/p>\n<p>&#8220;In Italia questo erbicida \u00e8 una delle principali cause di contaminazione delle acque e interferisce con l&#8217;equilibrio ecologico di fiumi e laghi. In seguito ad una nuova valutazione della classificazione della sostanza, sulla base di un&#8217;ampia revisione delle prove scientifiche, il Comitato per la valutazione del rischio (RAC) di ECHA, il 30 maggio 2022 ha confermato l&#8217;attuale classificazione di pericolo per gravi lesioni oculari e tossicit\u00e0 per gli organismi acquatici (ECHA website, Registry of CLH intentions until outcome). Sulla base delle informazioni disponibili da studi ancora in corso sulla presenza di sostanze chimiche nelle falde acquifere e nelle acque superficiali, risulta che glifosate e metabolita sono tra le sostanze pi\u00f9 rinvenute&#8221; prosegue il consigliere Cossalter che aggiunge: &#8220;nel 2015 l&#8217;Agenzia internazionale per la ricerca sul cancro (IARC) dell&#8217;Organizzazione mondiale della sanit\u00e0 ha classificato il glifosate come &#8220;probabilmente cancerogeno per gli esseri umani&#8221;. Studi pi\u00f9 recenti hanno evidenziato che il glifosate potrebbe danneggiare il sistema nervoso ed essere correlato a malattie neurologiche come il morbo di Parkinson, oltre a influire negativamente sul sistema ormonale.&#8221;<\/p>\n<p>Proprio in queste settimane gli stati europei dovranno decidere se continuare ad utilizzare il prodotto.<\/p>\n<p>&#8220;Noi chiediamo che da Feltre arrivi un netto No al glifosate. Ne va della salute di tutti e del rispetto per l&#8217;ambiente. Come possiamo parlare di politiche ambientali e poi promuovere l&#8217;utilizzo di sostanze che invece danneggiano l&#8217;ambiente?&#8221;<\/p>","protected":false},"excerpt":{"rendered":"<p>Luned\u00ec 6 ottobre in Consiglio Comunale a Feltre i gruppi di opposizione Sinistra Feltrina, Partito Democratico, Cittadinanza e Partecipazione e Idea per Feltre presenteranno un ordine del giorno che impegna l&#8217;amministrazione a non modificare il regolamento di polizia rurale scongiurando definitivamente l&#8217;ipotesi di utilizzo del glifosate. &#8220;Riteniamo che l&#8217;utilizzo del glifosate possa essere dannoso tanto [&hellip;]<\/p>\n","protected":false},"author":2,"featured_media":58365,"comment_status":"closed","ping_status":"open","sticky":false,"template":"","format":"standard","meta":{"footnotes":""},"categories":[5,38],"tags":[],"class_list":["post-145642","post","type-post","status-publish","format-standard","has-post-thumbnail","category-cronaca","category-natura-ambiente"],"yoast_head":"<!-- This site is optimized with the Yoast SEO plugin v28.4 - https:\/\/yoast.com\/product\/yoast-seo-wordpress\/ -->\n<title>No al glifosato. Ordine del giorno dei gruppi di opposizione a Feltre - Bellunopress - Dolomiti<\/title>\n<meta name=\"robots\" content=\"index, follow, max-snippet:-1, max-image-preview:large, max-video-preview:-1\" \/>\n<link rel=\"canonical\" href=\"https:\/\/www.bellunopress.it\/fr\/2023\/11\/05\/no-al-glifosato-ordine-del-giorno-dei-gruppi-di-opposizione-a-feltre\/\" \/>\n<meta property=\"og:locale\" content=\"fr_FR\" \/>\n<meta property=\"og:type\" content=\"article\" \/>\n<meta property=\"og:title\" content=\"No al glifosato. Ordine del giorno dei gruppi di opposizione a Feltre - Bellunopress - Dolomiti\" \/>\n<meta property=\"og:description\" content=\"Luned\u00ec 6 ottobre in Consiglio Comunale a Feltre i gruppi di opposizione Sinistra Feltrina, Partito Democratico, Cittadinanza e Partecipazione e Idea per Feltre presenteranno un ordine del giorno che impegna l&#8217;amministrazione a non modificare il regolamento di polizia rurale scongiurando definitivamente l&#8217;ipotesi di utilizzo del glifosate. &#8220;Riteniamo che l&#8217;utilizzo del glifosate possa essere dannoso tanto [&hellip;]\" \/>\n<meta property=\"og:url\" content=\"https:\/\/www.bellunopress.it\/fr\/2023\/11\/05\/no-al-glifosato-ordine-del-giorno-dei-gruppi-di-opposizione-a-feltre\/\" \/>\n<meta property=\"og:site_name\" content=\"Bellunopress - Dolomiti\" \/>\n<meta property=\"article:publisher\" content=\"https:\/\/www.facebook.com\/profile.php?id=100008943462799\" \/>\n<meta property=\"article:published_time\" content=\"2023-11-05T15:40:57+00:00\" \/>\n<meta property=\"og:image\" content=\"https:\/\/www.bellunopress.it\/wp-content\/uploads\/2014\/05\/vigneti.jpg\" \/>\n\t<meta property=\"og:image:width\" content=\"290\" \/>\n\t<meta property=\"og:image:height\" content=\"217\" \/>\n\t<meta property=\"og:image:type\" content=\"image\/jpeg\" \/>\n<meta name=\"author\" content=\"redazione\" \/>\n<meta name=\"twitter:card\" content=\"summary_large_image\" \/>\n<meta name=\"twitter:creator\" content=\"@bellunopress\" \/>\n<meta name=\"twitter:site\" content=\"@bellunopress\" \/>\n<meta name=\"twitter:label1\" content=\"\u00c9crit par\" \/>\n\t<meta name=\"twitter:data1\" content=\"redazione\" \/>\n\t<meta name=\"twitter:label2\" content=\"Dur\u00e9e de lecture estim\u00e9e\" \/>\n\t<meta name=\"twitter:data2\" content=\"2 minutes\" \/>\n<script type=\"application\/ld+json\" class=\"yoast-schema-graph\">{\"@context\":\"https:\\\/\\\/schema.org\",\"@graph\":[{\"@type\":\"Article\",\"@id\":\"https:\\\/\\\/www.bellunopress.it\\\/2023\\\/11\\\/05\\\/no-al-glifosato-ordine-del-giorno-dei-gruppi-di-opposizione-a-feltre\\\/#article\",\"isPartOf\":{\"@id\":\"https:\\\/\\\/www.bellunopress.it\\\/2023\\\/11\\\/05\\\/no-al-glifosato-ordine-del-giorno-dei-gruppi-di-opposizione-a-feltre\\\/\"},\"author\":{\"name\":\"redazione\",\"@id\":\"https:\\\/\\\/www.bellunopress.it\\\/#\\\/schema\\\/person\\\/79bb06722b37ece1c03d3e94beb30d73\"},\"headline\":\"No al glifosato. Ordine del giorno dei gruppi di opposizione a Feltre\",\"datePublished\":\"2023-11-05T15:40:57+00:00\",\"mainEntityOfPage\":{\"@id\":\"https:\\\/\\\/www.bellunopress.it\\\/2023\\\/11\\\/05\\\/no-al-glifosato-ordine-del-giorno-dei-gruppi-di-opposizione-a-feltre\\\/\"},\"wordCount\":375,\"publisher\":{\"@id\":\"https:\\\/\\\/www.bellunopress.it\\\/#organization\"},\"image\":{\"@id\":\"https:\\\/\\\/www.bellunopress.it\\\/2023\\\/11\\\/05\\\/no-al-glifosato-ordine-del-giorno-dei-gruppi-di-opposizione-a-feltre\\\/#primaryimage\"},\"thumbnailUrl\":\"https:\\\/\\\/www.bellunopress.it\\\/wp-content\\\/uploads\\\/2014\\\/05\\\/vigneti.jpg\",\"articleSection\":[\"Cronaca\\\/Politica\",\"Meteo, natura, ambiente, animali\"],\"inLanguage\":\"fr-FR\"},{\"@type\":\"WebPage\",\"@id\":\"https:\\\/\\\/www.bellunopress.it\\\/2023\\\/11\\\/05\\\/no-al-glifosato-ordine-del-giorno-dei-gruppi-di-opposizione-a-feltre\\\/\",\"url\":\"https:\\\/\\\/www.bellunopress.it\\\/2023\\\/11\\\/05\\\/no-al-glifosato-ordine-del-giorno-dei-gruppi-di-opposizione-a-feltre\\\/\",\"name\":\"No al glifosato. Ordine del giorno dei gruppi di opposizione a Feltre - Bellunopress - Dolomiti\",\"isPartOf\":{\"@id\":\"https:\\\/\\\/www.bellunopress.it\\\/#website\"},\"primaryImageOfPage\":{\"@id\":\"https:\\\/\\\/www.bellunopress.it\\\/2023\\\/11\\\/05\\\/no-al-glifosato-ordine-del-giorno-dei-gruppi-di-opposizione-a-feltre\\\/#primaryimage\"},\"image\":{\"@id\":\"https:\\\/\\\/www.bellunopress.it\\\/2023\\\/11\\\/05\\\/no-al-glifosato-ordine-del-giorno-dei-gruppi-di-opposizione-a-feltre\\\/#primaryimage\"},\"thumbnailUrl\":\"https:\\\/\\\/www.bellunopress.it\\\/wp-content\\\/uploads\\\/2014\\\/05\\\/vigneti.jpg\",\"datePublished\":\"2023-11-05T15:40:57+00:00\",\"breadcrumb\":{\"@id\":\"https:\\\/\\\/www.bellunopress.it\\\/2023\\\/11\\\/05\\\/no-al-glifosato-ordine-del-giorno-dei-gruppi-di-opposizione-a-feltre\\\/#breadcrumb\"},\"inLanguage\":\"fr-FR\",\"potentialAction\":[{\"@type\":\"ReadAction\",\"target\":[\"https:\\\/\\\/www.bellunopress.it\\\/2023\\\/11\\\/05\\\/no-al-glifosato-ordine-del-giorno-dei-gruppi-di-opposizione-a-feltre\\\/\"]}]},{\"@type\":\"ImageObject\",\"inLanguage\":\"fr-FR\",\"@id\":\"https:\\\/\\\/www.bellunopress.it\\\/2023\\\/11\\\/05\\\/no-al-glifosato-ordine-del-giorno-dei-gruppi-di-opposizione-a-feltre\\\/#primaryimage\",\"url\":\"https:\\\/\\\/www.bellunopress.it\\\/wp-content\\\/uploads\\\/2014\\\/05\\\/vigneti.jpg\",\"contentUrl\":\"https:\\\/\\\/www.bellunopress.it\\\/wp-content\\\/uploads\\\/2014\\\/05\\\/vigneti.jpg\",\"width\":290,\"height\":217,\"caption\":\"Vigneti trattati con diserbante glifosato\"},{\"@type\":\"BreadcrumbList\",\"@id\":\"https:\\\/\\\/www.bellunopress.it\\\/2023\\\/11\\\/05\\\/no-al-glifosato-ordine-del-giorno-dei-gruppi-di-opposizione-a-feltre\\\/#breadcrumb\",\"itemListElement\":[{\"@type\":\"ListItem\",\"position\":1,\"name\":\"Home\",\"item\":\"https:\\\/\\\/www.bellunopress.it\\\/\"},{\"@type\":\"ListItem\",\"position\":2,\"name\":\"No al glifosato. Ordine del giorno dei gruppi di opposizione a Feltre\"}]},{\"@type\":\"WebSite\",\"@id\":\"https:\\\/\\\/www.bellunopress.it\\\/#website\",\"url\":\"https:\\\/\\\/www.bellunopress.it\\\/\",\"name\":\"Bellunopress - Dolomiti\",\"description\":\"e-mail: redazione@bellunopress.it\",\"publisher\":{\"@id\":\"https:\\\/\\\/www.bellunopress.it\\\/#organization\"},\"potentialAction\":[{\"@type\":\"SearchAction\",\"target\":{\"@type\":\"EntryPoint\",\"urlTemplate\":\"https:\\\/\\\/www.bellunopress.it\\\/?s={search_term_string}\"},\"query-input\":{\"@type\":\"PropertyValueSpecification\",\"valueRequired\":true,\"valueName\":\"search_term_string\"}}],\"inLanguage\":\"fr-FR\"},{\"@type\":\"Organization\",\"@id\":\"https:\\\/\\\/www.bellunopress.it\\\/#organization\",\"name\":\"Bellunopress\",\"url\":\"https:\\\/\\\/www.bellunopress.it\\\/\",\"logo\":{\"@type\":\"ImageObject\",\"inLanguage\":\"fr-FR\",\"@id\":\"https:\\\/\\\/www.bellunopress.it\\\/#\\\/schema\\\/logo\\\/image\\\/\",\"url\":\"https:\\\/\\\/www.bellunopress.it\\\/wp-content\\\/uploads\\\/2011\\\/05\\\/cropped-logo-bellunopress-.jpg\",\"contentUrl\":\"https:\\\/\\\/www.bellunopress.it\\\/wp-content\\\/uploads\\\/2011\\\/05\\\/cropped-logo-bellunopress-.jpg\",\"width\":512,\"height\":512,\"caption\":\"Bellunopress\"},\"image\":{\"@id\":\"https:\\\/\\\/www.bellunopress.it\\\/#\\\/schema\\\/logo\\\/image\\\/\"},\"sameAs\":[\"https:\\\/\\\/www.facebook.com\\\/profile.php?id=100008943462799\",\"https:\\\/\\\/x.com\\\/bellunopress\",\"https:\\\/\\\/www.linkedin.com\\\/hp\\\/?dnr=JBzUWaJfMUw8vbXJJ2tVW5-I3jZKvC4wsoxE&amp;amp;amp;amp;amp;amp;trk=nav_responsive_tab_home\",\"https:\\\/\\\/www.youtube.com\\\/channel\\\/UCxL0wu1uN0_3_7hGG0306cw\"]},{\"@type\":\"Person\",\"@id\":\"https:\\\/\\\/www.bellunopress.it\\\/#\\\/schema\\\/person\\\/79bb06722b37ece1c03d3e94beb30d73\",\"name\":\"redazione\",\"image\":{\"@type\":\"ImageObject\",\"inLanguage\":\"fr-FR\",\"@id\":\"https:\\\/\\\/secure.gravatar.com\\\/avatar\\\/37d968a2e67a6fd04c169c4bdef102d0bc5d31b2546345219e348575eb80e9a0?s=96&d=mm&r=g\",\"url\":\"https:\\\/\\\/secure.gravatar.com\\\/avatar\\\/37d968a2e67a6fd04c169c4bdef102d0bc5d31b2546345219e348575eb80e9a0?s=96&d=mm&r=g\",\"contentUrl\":\"https:\\\/\\\/secure.gravatar.com\\\/avatar\\\/37d968a2e67a6fd04c169c4bdef102d0bc5d31b2546345219e348575eb80e9a0?s=96&d=mm&r=g\",\"caption\":\"redazione\"},\"sameAs\":[\"http:\\\/\\\/www.bellunopress.it\",\"https:\\\/\\\/x.com\\\/bellunopress\"],\"url\":\"https:\\\/\\\/www.bellunopress.it\\\/fr\\\/author\\\/redazione\\\/\"}]}<\/script>\n<!-- \/ Yoast SEO plugin. -->","yoast_head_json":{"title":"No al glifosato. Ordine del giorno dei gruppi di opposizione a Feltre - Bellunopress - Dolomiti","robots":{"index":"index","follow":"follow","max-snippet":"max-snippet:-1","max-image-preview":"max-image-preview:large","max-video-preview":"max-video-preview:-1"},"canonical":"https:\/\/www.bellunopress.it\/fr\/2023\/11\/05\/no-al-glifosato-ordine-del-giorno-dei-gruppi-di-opposizione-a-feltre\/","og_locale":"fr_FR","og_type":"article","og_title":"No al glifosato. Ordine del giorno dei gruppi di opposizione a Feltre - Bellunopress - Dolomiti","og_description":"Luned\u00ec 6 ottobre in Consiglio Comunale a Feltre i gruppi di opposizione Sinistra Feltrina, Partito Democratico, Cittadinanza e Partecipazione e Idea per Feltre presenteranno un ordine del giorno che impegna l&#8217;amministrazione a non modificare il regolamento di polizia rurale scongiurando definitivamente l&#8217;ipotesi di utilizzo del glifosate. &#8220;Riteniamo che l&#8217;utilizzo del glifosate possa essere dannoso tanto [&hellip;]","og_url":"https:\/\/www.bellunopress.it\/fr\/2023\/11\/05\/no-al-glifosato-ordine-del-giorno-dei-gruppi-di-opposizione-a-feltre\/","og_site_name":"Bellunopress - Dolomiti","article_publisher":"https:\/\/www.facebook.com\/profile.php?id=100008943462799","article_published_time":"2023-11-05T15:40:57+00:00","og_image":[{"width":290,"height":217,"url":"https:\/\/www.bellunopress.it\/wp-content\/uploads\/2014\/05\/vigneti.jpg","type":"image\/jpeg"}],"author":"redazione","twitter_card":"summary_large_image","twitter_creator":"@bellunopress","twitter_site":"@bellunopress","twitter_misc":{"\u00c9crit par":"redazione","Dur\u00e9e de lecture estim\u00e9e":"2 minutes"},"schema":{"@context":"https:\/\/schema.org","@graph":[{"@type":"Article","@id":"https:\/\/www.bellunopress.it\/2023\/11\/05\/no-al-glifosato-ordine-del-giorno-dei-gruppi-di-opposizione-a-feltre\/#article","isPartOf":{"@id":"https:\/\/www.bellunopress.it\/2023\/11\/05\/no-al-glifosato-ordine-del-giorno-dei-gruppi-di-opposizione-a-feltre\/"},"author":{"name":"redazione","@id":"https:\/\/www.bellunopress.it\/#\/schema\/person\/79bb06722b37ece1c03d3e94beb30d73"},"headline":"No al glifosato. Ordine del giorno dei gruppi di opposizione a Feltre","datePublished":"2023-11-05T15:40:57+00:00","mainEntityOfPage":{"@id":"https:\/\/www.bellunopress.it\/2023\/11\/05\/no-al-glifosato-ordine-del-giorno-dei-gruppi-di-opposizione-a-feltre\/"},"wordCount":375,"publisher":{"@id":"https:\/\/www.bellunopress.it\/#organization"},"image":{"@id":"https:\/\/www.bellunopress.it\/2023\/11\/05\/no-al-glifosato-ordine-del-giorno-dei-gruppi-di-opposizione-a-feltre\/#primaryimage"},"thumbnailUrl":"https:\/\/www.bellunopress.it\/wp-content\/uploads\/2014\/05\/vigneti.jpg","articleSection":["Cronaca\/Politica","Meteo, natura, ambiente, animali"],"inLanguage":"fr-FR"},{"@type":"WebPage","@id":"https:\/\/www.bellunopress.it\/2023\/11\/05\/no-al-glifosato-ordine-del-giorno-dei-gruppi-di-opposizione-a-feltre\/","url":"https:\/\/www.bellunopress.it\/2023\/11\/05\/no-al-glifosato-ordine-del-giorno-dei-gruppi-di-opposizione-a-feltre\/","name":"No al glifosato. Ordine del giorno dei gruppi di opposizione a Feltre - Bellunopress - Dolomiti","isPartOf":{"@id":"https:\/\/www.bellunopress.it\/#website"},"primaryImageOfPage":{"@id":"https:\/\/www.bellunopress.it\/2023\/11\/05\/no-al-glifosato-ordine-del-giorno-dei-gruppi-di-opposizione-a-feltre\/#primaryimage"},"image":{"@id":"https:\/\/www.bellunopress.it\/2023\/11\/05\/no-al-glifosato-ordine-del-giorno-dei-gruppi-di-opposizione-a-feltre\/#primaryimage"},"thumbnailUrl":"https:\/\/www.bellunopress.it\/wp-content\/uploads\/2014\/05\/vigneti.jpg","datePublished":"2023-11-05T15:40:57+00:00","breadcrumb":{"@id":"https:\/\/www.bellunopress.it\/2023\/11\/05\/no-al-glifosato-ordine-del-giorno-dei-gruppi-di-opposizione-a-feltre\/#breadcrumb"},"inLanguage":"fr-FR","potentialAction":[{"@type":"ReadAction","target":["https:\/\/www.bellunopress.it\/2023\/11\/05\/no-al-glifosato-ordine-del-giorno-dei-gruppi-di-opposizione-a-feltre\/"]}]},{"@type":"ImageObject","inLanguage":"fr-FR","@id":"https:\/\/www.bellunopress.it\/2023\/11\/05\/no-al-glifosato-ordine-del-giorno-dei-gruppi-di-opposizione-a-feltre\/#primaryimage","url":"https:\/\/www.bellunopress.it\/wp-content\/uploads\/2014\/05\/vigneti.jpg","contentUrl":"https:\/\/www.bellunopress.it\/wp-content\/uploads\/2014\/05\/vigneti.jpg","width":290,"height":217,"caption":"Vigneti trattati con diserbante glifosato"},{"@type":"BreadcrumbList","@id":"https:\/\/www.bellunopress.it\/2023\/11\/05\/no-al-glifosato-ordine-del-giorno-dei-gruppi-di-opposizione-a-feltre\/#breadcrumb","itemListElement":[{"@type":"ListItem","position":1,"name":"Home","item":"https:\/\/www.bellunopress.it\/"},{"@type":"ListItem","position":2,"name":"No al glifosato. Ordine del giorno dei gruppi di opposizione a Feltre"}]},{"@type":"WebSite","@id":"https:\/\/www.bellunopress.it\/#website","url":"https:\/\/www.bellunopress.it\/","name":"Bellunopress - Dolomiti","description":"e-mail: redazione@bellunopress.it","publisher":{"@id":"https:\/\/www.bellunopress.it\/#organization"},"potentialAction":[{"@type":"SearchAction","target":{"@type":"EntryPoint","urlTemplate":"https:\/\/www.bellunopress.it\/?s={search_term_string}"},"query-input":{"@type":"PropertyValueSpecification","valueRequired":true,"valueName":"search_term_string"}}],"inLanguage":"fr-FR"},{"@type":"Organization","@id":"https:\/\/www.bellunopress.it\/#organization","name":"Bellunopress","url":"https:\/\/www.bellunopress.it\/","logo":{"@type":"ImageObject","inLanguage":"fr-FR","@id":"https:\/\/www.bellunopress.it\/#\/schema\/logo\/image\/","url":"https:\/\/www.bellunopress.it\/wp-content\/uploads\/2011\/05\/cropped-logo-bellunopress-.jpg","contentUrl":"https:\/\/www.bellunopress.it\/wp-content\/uploads\/2011\/05\/cropped-logo-bellunopress-.jpg","width":512,"height":512,"caption":"Bellunopress"},"image":{"@id":"https:\/\/www.bellunopress.it\/#\/schema\/logo\/image\/"},"sameAs":["https:\/\/www.facebook.com\/profile.php?id=100008943462799","https:\/\/x.com\/bellunopress","https:\/\/www.linkedin.com\/hp\/?dnr=JBzUWaJfMUw8vbXJJ2tVW5-I3jZKvC4wsoxE&amp;amp;amp;amp;amp;amp;trk=nav_responsive_tab_home","https:\/\/www.youtube.com\/channel\/UCxL0wu1uN0_3_7hGG0306cw"]},{"@type":"Person","@id":"https:\/\/www.bellunopress.it\/#\/schema\/person\/79bb06722b37ece1c03d3e94beb30d73","name":"r\u00e9daction","image":{"@type":"ImageObject","inLanguage":"fr-FR","@id":"https:\/\/secure.gravatar.com\/avatar\/37d968a2e67a6fd04c169c4bdef102d0bc5d31b2546345219e348575eb80e9a0?s=96&d=mm&r=g","url":"https:\/\/secure.gravatar.com\/avatar\/37d968a2e67a6fd04c169c4bdef102d0bc5d31b2546345219e348575eb80e9a0?s=96&d=mm&r=g","contentUrl":"https:\/\/secure.gravatar.com\/avatar\/37d968a2e67a6fd04c169c4bdef102d0bc5d31b2546345219e348575eb80e9a0?s=96&d=mm&r=g","caption":"redazione"},"sameAs":["http:\/\/www.bellunopress.it","https:\/\/x.com\/bellunopress"],"url":"https:\/\/www.bellunopress.it\/fr\/author\/redazione\/"}]}},"_links":{"self":[{"href":"https:\/\/www.bellunopress.it\/fr\/wp-json\/wp\/v2\/posts\/145642","targetHints":{"allow":["GET"]}}],"collection":[{"href":"https:\/\/www.bellunopress.it\/fr\/wp-json\/wp\/v2\/posts"}],"about":[{"href":"https:\/\/www.bellunopress.it\/fr\/wp-json\/wp\/v2\/types\/post"}],"author":[{"embeddable":true,"href":"https:\/\/www.bellunopress.it\/fr\/wp-json\/wp\/v2\/users\/2"}],"replies":[{"embeddable":true,"href":"https:\/\/www.bellunopress.it\/fr\/wp-json\/wp\/v2\/comments?post=145642"}],"version-history":[{"count":1,"href":"https:\/\/www.bellunopress.it\/fr\/wp-json\/wp\/v2\/posts\/145642\/revisions"}],"predecessor-version":[{"id":145643,"href":"https:\/\/www.bellunopress.it\/fr\/wp-json\/wp\/v2\/posts\/145642\/revisions\/145643"}],"wp:featuredmedia":[{"embeddable":true,"href":"https:\/\/www.bellunopress.it\/fr\/wp-json\/wp\/v2\/media\/58365"}],"wp:attachment":[{"href":"https:\/\/www.bellunopress.it\/fr\/wp-json\/wp\/v2\/media?parent=145642"}],"wp:term":[{"taxonomy":"category","embeddable":true,"href":"https:\/\/www.bellunopress.it\/fr\/wp-json\/wp\/v2\/categories?post=145642"},{"taxonomy":"post_tag","embeddable":true,"href":"https:\/\/www.bellunopress.it\/fr\/wp-json\/wp\/v2\/tags?post=145642"}],"curies":[{"name":"wp","href":"https:\/\/api.w.org\/{rel}","templated":true}]}}