{"id":145640,"date":"2023-11-05T16:22:14","date_gmt":"2023-11-05T15:22:14","guid":{"rendered":"https:\/\/www.bellunopress.it\/?p=145640"},"modified":"2023-11-05T16:22:14","modified_gmt":"2023-11-05T15:22:14","slug":"fermiamo-la-violenza-venerdi-alle-18-in-piazza-duomo-manifestazione-del-coordinamento-provinciale-pace-disarmo","status":"publish","type":"post","link":"https:\/\/www.bellunopress.it\/fr\/2023\/11\/05\/fermiamo-la-violenza-venerdi-alle-18-in-piazza-duomo-manifestazione-del-coordinamento-provinciale-pace-disarmo\/","title":{"rendered":"Fermiamo la violenza. Venerd\u00ec alle 18 in Piazza Duomo manifestazione del Coordinamento provinciale Pace &#038; Disarmo"},"content":{"rendered":"<p><img loading=\"lazy\" decoding=\"async\" class=\"alignleft size-full wp-image-132304\" src=\"https:\/\/www.bellunopress.it\/wp-content\/uploads\/2022\/03\/Pace-disarmo-Belluno.jpg\" alt=\"\" width=\"241\" height=\"240\" \/>Fermiamo la violenza, aiutiamo israeliani e palestinesi a fare la pace.<br \/>\nDue frasi semplici, un appello ragionevole. \u00c8 questo l\u2019invito che Pace &amp; Disarmo, coordinamento provinciale di Belluno, lancia a tutti i cittadini per venerd\u00ec 10 novembre alle ore 18.00 in piazza Duomo.<\/p>\n<p>A chi parteciper\u00e0 si chiede di sventolare la bandiera della pace, di cantare e di tenere accesa una candela.<br \/>\nIl coordinamento non entra, ora, nel merito delle questioni che dividono da lungo tempo Israele e il mondo arabo, ma guarda alla realt\u00e0 delle cose oggi: morti, feriti, prigionieri, aggressioni, distruzioni immani, sofferenze dall\u2019una e dall\u2019altra parte; guarda a due popoli che oggi subiscono la violenza armata agita da chi si crede in diritto, dall\u2019una e dall\u2019altra parte, di difendere aggredendo indiscriminatamente, o di usare le armi<br \/>\nper reclamare i propri diritti, mettendo nel frattempo a repentaglio la vita degli altri.<br \/>\nE alzato lo sguardo, guarda incredulo all\u2019interessato posizionamento delle altre nazioni schierate dall\u2019una o dall\u2019altra parte, per meri calcoli di interesse, per giocare la propria partita con il sangue degli altri; guarda con sofferenza al dileggio delle istituzioni e del diritto internazionale, al balbettio dell\u2019Unione europea, al poco coraggio della nostra diplomazia. Guarda ancora oltre, mira ad un futuro di pace, a cui i popoli di Israele e<br \/>\nPalestina hanno diritto.<br \/>\nSta ai nostri governi e alle organizzazioni internazionali premere sui responsabili di ambo le parti, per creare le condizioni per un immediato cessate il fuoco, per liberare chi \u00e8 prigioniero, curare chi \u00e8 ferito, nutrire chi \u00e8 affamato.<br \/>\nA noi cittadini il compito di non girarci dall\u2019altra parte, di non permettere che una pur complicata contesa sia decisa dal pi\u00f9 forte, di chiedere al governo del nostro paese e delle istituzioni europee un coinvolgimento pi\u00f9 attivo per giungere il prima possibile alla fine della violenza e all\u2019inizio di un cammino che porti alla pace fra palestinesi ed israeliani.<br \/>\nA noi cittadini intonare un canto di pace, tenere accesa una candela sotto i colori dell\u2019arcobaleno.<\/p>\n<p>&nbsp;<\/p>","protected":false},"excerpt":{"rendered":"<p>Fermiamo la violenza, aiutiamo israeliani e palestinesi a fare la pace. Due frasi semplici, un appello ragionevole. \u00c8 questo l\u2019invito che Pace &amp; Disarmo, coordinamento provinciale di Belluno, lancia a tutti i cittadini per venerd\u00ec 10 novembre alle ore 18.00 in piazza Duomo. A chi parteciper\u00e0 si chiede di sventolare la bandiera della pace, di [&hellip;]<\/p>\n","protected":false},"author":2,"featured_media":0,"comment_status":"closed","ping_status":"open","sticky":false,"template":"","format":"standard","meta":{"footnotes":""},"categories":[27,8],"tags":[],"class_list":["post-145640","post","type-post","status-publish","format-standard","category-appuntamenti","category-societa-istituzioni"],"yoast_head":"<!-- This site is optimized with the Yoast SEO plugin v28.4 - https:\/\/yoast.com\/product\/yoast-seo-wordpress\/ -->\n<title>Fermiamo la violenza. Venerd\u00ec alle 18 in Piazza Duomo manifestazione del Coordinamento provinciale Pace &amp; Disarmo - Bellunopress - Dolomiti<\/title>\n<meta name=\"robots\" content=\"index, follow, max-snippet:-1, max-image-preview:large, max-video-preview:-1\" \/>\n<link rel=\"canonical\" href=\"https:\/\/www.bellunopress.it\/fr\/2023\/11\/05\/fermiamo-la-violenza-venerdi-alle-18-in-piazza-duomo-manifestazione-del-coordinamento-provinciale-pace-disarmo\/\" \/>\n<meta property=\"og:locale\" content=\"fr_FR\" \/>\n<meta property=\"og:type\" content=\"article\" \/>\n<meta property=\"og:title\" content=\"Fermiamo la violenza. Venerd\u00ec alle 18 in Piazza Duomo manifestazione del Coordinamento provinciale Pace &amp; Disarmo - Bellunopress - Dolomiti\" \/>\n<meta property=\"og:description\" content=\"Fermiamo la violenza, aiutiamo israeliani e palestinesi a fare la pace. Due frasi semplici, un appello ragionevole. \u00c8 questo l\u2019invito che Pace &amp; Disarmo, coordinamento provinciale di Belluno, lancia a tutti i cittadini per venerd\u00ec 10 novembre alle ore 18.00 in piazza Duomo. A chi parteciper\u00e0 si chiede di sventolare la bandiera della pace, di [&hellip;]\" \/>\n<meta property=\"og:url\" content=\"https:\/\/www.bellunopress.it\/fr\/2023\/11\/05\/fermiamo-la-violenza-venerdi-alle-18-in-piazza-duomo-manifestazione-del-coordinamento-provinciale-pace-disarmo\/\" \/>\n<meta property=\"og:site_name\" content=\"Bellunopress - Dolomiti\" \/>\n<meta property=\"article:publisher\" content=\"https:\/\/www.facebook.com\/profile.php?id=100008943462799\" \/>\n<meta property=\"article:published_time\" content=\"2023-11-05T15:22:14+00:00\" \/>\n<meta property=\"og:image\" content=\"http:\/\/www.bellunopress.it\/wp-content\/uploads\/2012\/07\/logo-bellunopress-250x250-2012.jpg\" \/>\n<meta name=\"author\" content=\"redazione\" \/>\n<meta name=\"twitter:card\" content=\"summary_large_image\" \/>\n<meta name=\"twitter:creator\" content=\"@bellunopress\" \/>\n<meta name=\"twitter:site\" content=\"@bellunopress\" \/>\n<meta name=\"twitter:label1\" content=\"\u00c9crit par\" \/>\n\t<meta name=\"twitter:data1\" content=\"redazione\" \/>\n\t<meta name=\"twitter:label2\" content=\"Dur\u00e9e de lecture estim\u00e9e\" \/>\n\t<meta name=\"twitter:data2\" content=\"2 minutes\" \/>\n<script type=\"application\/ld+json\" class=\"yoast-schema-graph\">{\"@context\":\"https:\\\/\\\/schema.org\",\"@graph\":[{\"@type\":\"Article\",\"@id\":\"https:\\\/\\\/www.bellunopress.it\\\/2023\\\/11\\\/05\\\/fermiamo-la-violenza-venerdi-alle-18-in-piazza-duomo-manifestazione-del-coordinamento-provinciale-pace-disarmo\\\/#article\",\"isPartOf\":{\"@id\":\"https:\\\/\\\/www.bellunopress.it\\\/2023\\\/11\\\/05\\\/fermiamo-la-violenza-venerdi-alle-18-in-piazza-duomo-manifestazione-del-coordinamento-provinciale-pace-disarmo\\\/\"},\"author\":{\"name\":\"redazione\",\"@id\":\"https:\\\/\\\/www.bellunopress.it\\\/#\\\/schema\\\/person\\\/79bb06722b37ece1c03d3e94beb30d73\"},\"headline\":\"Fermiamo la violenza. Venerd\u00ec alle 18 in Piazza Duomo manifestazione del Coordinamento provinciale Pace &#038; Disarmo\",\"datePublished\":\"2023-11-05T15:22:14+00:00\",\"mainEntityOfPage\":{\"@id\":\"https:\\\/\\\/www.bellunopress.it\\\/2023\\\/11\\\/05\\\/fermiamo-la-violenza-venerdi-alle-18-in-piazza-duomo-manifestazione-del-coordinamento-provinciale-pace-disarmo\\\/\"},\"wordCount\":349,\"publisher\":{\"@id\":\"https:\\\/\\\/www.bellunopress.it\\\/#organization\"},\"image\":{\"@id\":\"https:\\\/\\\/www.bellunopress.it\\\/2023\\\/11\\\/05\\\/fermiamo-la-violenza-venerdi-alle-18-in-piazza-duomo-manifestazione-del-coordinamento-provinciale-pace-disarmo\\\/#primaryimage\"},\"thumbnailUrl\":\"https:\\\/\\\/www.bellunopress.it\\\/wp-content\\\/uploads\\\/2022\\\/03\\\/Pace-disarmo-Belluno.jpg\",\"articleSection\":[\"Appuntamenti, Eventi\",\"Societ\u00e0, Associazioni, Istituzioni\"],\"inLanguage\":\"fr-FR\"},{\"@type\":\"WebPage\",\"@id\":\"https:\\\/\\\/www.bellunopress.it\\\/2023\\\/11\\\/05\\\/fermiamo-la-violenza-venerdi-alle-18-in-piazza-duomo-manifestazione-del-coordinamento-provinciale-pace-disarmo\\\/\",\"url\":\"https:\\\/\\\/www.bellunopress.it\\\/2023\\\/11\\\/05\\\/fermiamo-la-violenza-venerdi-alle-18-in-piazza-duomo-manifestazione-del-coordinamento-provinciale-pace-disarmo\\\/\",\"name\":\"Fermiamo la violenza. Venerd\u00ec alle 18 in Piazza Duomo manifestazione del Coordinamento provinciale Pace & Disarmo - Bellunopress - Dolomiti\",\"isPartOf\":{\"@id\":\"https:\\\/\\\/www.bellunopress.it\\\/#website\"},\"primaryImageOfPage\":{\"@id\":\"https:\\\/\\\/www.bellunopress.it\\\/2023\\\/11\\\/05\\\/fermiamo-la-violenza-venerdi-alle-18-in-piazza-duomo-manifestazione-del-coordinamento-provinciale-pace-disarmo\\\/#primaryimage\"},\"image\":{\"@id\":\"https:\\\/\\\/www.bellunopress.it\\\/2023\\\/11\\\/05\\\/fermiamo-la-violenza-venerdi-alle-18-in-piazza-duomo-manifestazione-del-coordinamento-provinciale-pace-disarmo\\\/#primaryimage\"},\"thumbnailUrl\":\"https:\\\/\\\/www.bellunopress.it\\\/wp-content\\\/uploads\\\/2022\\\/03\\\/Pace-disarmo-Belluno.jpg\",\"datePublished\":\"2023-11-05T15:22:14+00:00\",\"breadcrumb\":{\"@id\":\"https:\\\/\\\/www.bellunopress.it\\\/2023\\\/11\\\/05\\\/fermiamo-la-violenza-venerdi-alle-18-in-piazza-duomo-manifestazione-del-coordinamento-provinciale-pace-disarmo\\\/#breadcrumb\"},\"inLanguage\":\"fr-FR\",\"potentialAction\":[{\"@type\":\"ReadAction\",\"target\":[\"https:\\\/\\\/www.bellunopress.it\\\/2023\\\/11\\\/05\\\/fermiamo-la-violenza-venerdi-alle-18-in-piazza-duomo-manifestazione-del-coordinamento-provinciale-pace-disarmo\\\/\"]}]},{\"@type\":\"ImageObject\",\"inLanguage\":\"fr-FR\",\"@id\":\"https:\\\/\\\/www.bellunopress.it\\\/2023\\\/11\\\/05\\\/fermiamo-la-violenza-venerdi-alle-18-in-piazza-duomo-manifestazione-del-coordinamento-provinciale-pace-disarmo\\\/#primaryimage\",\"url\":\"https:\\\/\\\/www.bellunopress.it\\\/wp-content\\\/uploads\\\/2022\\\/03\\\/Pace-disarmo-Belluno.jpg\",\"contentUrl\":\"https:\\\/\\\/www.bellunopress.it\\\/wp-content\\\/uploads\\\/2022\\\/03\\\/Pace-disarmo-Belluno.jpg\"},{\"@type\":\"BreadcrumbList\",\"@id\":\"https:\\\/\\\/www.bellunopress.it\\\/2023\\\/11\\\/05\\\/fermiamo-la-violenza-venerdi-alle-18-in-piazza-duomo-manifestazione-del-coordinamento-provinciale-pace-disarmo\\\/#breadcrumb\",\"itemListElement\":[{\"@type\":\"ListItem\",\"position\":1,\"name\":\"Home\",\"item\":\"https:\\\/\\\/www.bellunopress.it\\\/\"},{\"@type\":\"ListItem\",\"position\":2,\"name\":\"Fermiamo la violenza. Venerd\u00ec alle 18 in Piazza Duomo manifestazione del Coordinamento provinciale Pace &#038; Disarmo\"}]},{\"@type\":\"WebSite\",\"@id\":\"https:\\\/\\\/www.bellunopress.it\\\/#website\",\"url\":\"https:\\\/\\\/www.bellunopress.it\\\/\",\"name\":\"Bellunopress - Dolomiti\",\"description\":\"e-mail: redazione@bellunopress.it\",\"publisher\":{\"@id\":\"https:\\\/\\\/www.bellunopress.it\\\/#organization\"},\"potentialAction\":[{\"@type\":\"SearchAction\",\"target\":{\"@type\":\"EntryPoint\",\"urlTemplate\":\"https:\\\/\\\/www.bellunopress.it\\\/?s={search_term_string}\"},\"query-input\":{\"@type\":\"PropertyValueSpecification\",\"valueRequired\":true,\"valueName\":\"search_term_string\"}}],\"inLanguage\":\"fr-FR\"},{\"@type\":\"Organization\",\"@id\":\"https:\\\/\\\/www.bellunopress.it\\\/#organization\",\"name\":\"Bellunopress\",\"url\":\"https:\\\/\\\/www.bellunopress.it\\\/\",\"logo\":{\"@type\":\"ImageObject\",\"inLanguage\":\"fr-FR\",\"@id\":\"https:\\\/\\\/www.bellunopress.it\\\/#\\\/schema\\\/logo\\\/image\\\/\",\"url\":\"https:\\\/\\\/www.bellunopress.it\\\/wp-content\\\/uploads\\\/2011\\\/05\\\/cropped-logo-bellunopress-.jpg\",\"contentUrl\":\"https:\\\/\\\/www.bellunopress.it\\\/wp-content\\\/uploads\\\/2011\\\/05\\\/cropped-logo-bellunopress-.jpg\",\"width\":512,\"height\":512,\"caption\":\"Bellunopress\"},\"image\":{\"@id\":\"https:\\\/\\\/www.bellunopress.it\\\/#\\\/schema\\\/logo\\\/image\\\/\"},\"sameAs\":[\"https:\\\/\\\/www.facebook.com\\\/profile.php?id=100008943462799\",\"https:\\\/\\\/x.com\\\/bellunopress\",\"https:\\\/\\\/www.linkedin.com\\\/hp\\\/?dnr=JBzUWaJfMUw8vbXJJ2tVW5-I3jZKvC4wsoxE&amp;amp;amp;amp;amp;amp;trk=nav_responsive_tab_home\",\"https:\\\/\\\/www.youtube.com\\\/channel\\\/UCxL0wu1uN0_3_7hGG0306cw\"]},{\"@type\":\"Person\",\"@id\":\"https:\\\/\\\/www.bellunopress.it\\\/#\\\/schema\\\/person\\\/79bb06722b37ece1c03d3e94beb30d73\",\"name\":\"redazione\",\"image\":{\"@type\":\"ImageObject\",\"inLanguage\":\"fr-FR\",\"@id\":\"https:\\\/\\\/secure.gravatar.com\\\/avatar\\\/37d968a2e67a6fd04c169c4bdef102d0bc5d31b2546345219e348575eb80e9a0?s=96&d=mm&r=g\",\"url\":\"https:\\\/\\\/secure.gravatar.com\\\/avatar\\\/37d968a2e67a6fd04c169c4bdef102d0bc5d31b2546345219e348575eb80e9a0?s=96&d=mm&r=g\",\"contentUrl\":\"https:\\\/\\\/secure.gravatar.com\\\/avatar\\\/37d968a2e67a6fd04c169c4bdef102d0bc5d31b2546345219e348575eb80e9a0?s=96&d=mm&r=g\",\"caption\":\"redazione\"},\"sameAs\":[\"http:\\\/\\\/www.bellunopress.it\",\"https:\\\/\\\/x.com\\\/bellunopress\"],\"url\":\"https:\\\/\\\/www.bellunopress.it\\\/fr\\\/author\\\/redazione\\\/\"}]}<\/script>\n<!-- \/ Yoast SEO plugin. -->","yoast_head_json":{"title":"Fermiamo la violenza. Venerd\u00ec alle 18 in Piazza Duomo manifestazione del Coordinamento provinciale Pace & Disarmo - Bellunopress - Dolomiti","robots":{"index":"index","follow":"follow","max-snippet":"max-snippet:-1","max-image-preview":"max-image-preview:large","max-video-preview":"max-video-preview:-1"},"canonical":"https:\/\/www.bellunopress.it\/fr\/2023\/11\/05\/fermiamo-la-violenza-venerdi-alle-18-in-piazza-duomo-manifestazione-del-coordinamento-provinciale-pace-disarmo\/","og_locale":"fr_FR","og_type":"article","og_title":"Fermiamo la violenza. Venerd\u00ec alle 18 in Piazza Duomo manifestazione del Coordinamento provinciale Pace & Disarmo - Bellunopress - Dolomiti","og_description":"Fermiamo la violenza, aiutiamo israeliani e palestinesi a fare la pace. Due frasi semplici, un appello ragionevole. \u00c8 questo l\u2019invito che Pace &amp; Disarmo, coordinamento provinciale di Belluno, lancia a tutti i cittadini per venerd\u00ec 10 novembre alle ore 18.00 in piazza Duomo. A chi parteciper\u00e0 si chiede di sventolare la bandiera della pace, di [&hellip;]","og_url":"https:\/\/www.bellunopress.it\/fr\/2023\/11\/05\/fermiamo-la-violenza-venerdi-alle-18-in-piazza-duomo-manifestazione-del-coordinamento-provinciale-pace-disarmo\/","og_site_name":"Bellunopress - Dolomiti","article_publisher":"https:\/\/www.facebook.com\/profile.php?id=100008943462799","article_published_time":"2023-11-05T15:22:14+00:00","og_image":[{"url":"http:\/\/www.bellunopress.it\/wp-content\/uploads\/2012\/07\/logo-bellunopress-250x250-2012.jpg","type":"","width":"","height":""}],"author":"redazione","twitter_card":"summary_large_image","twitter_creator":"@bellunopress","twitter_site":"@bellunopress","twitter_misc":{"\u00c9crit par":"redazione","Dur\u00e9e de lecture estim\u00e9e":"2 minutes"},"schema":{"@context":"https:\/\/schema.org","@graph":[{"@type":"Article","@id":"https:\/\/www.bellunopress.it\/2023\/11\/05\/fermiamo-la-violenza-venerdi-alle-18-in-piazza-duomo-manifestazione-del-coordinamento-provinciale-pace-disarmo\/#article","isPartOf":{"@id":"https:\/\/www.bellunopress.it\/2023\/11\/05\/fermiamo-la-violenza-venerdi-alle-18-in-piazza-duomo-manifestazione-del-coordinamento-provinciale-pace-disarmo\/"},"author":{"name":"redazione","@id":"https:\/\/www.bellunopress.it\/#\/schema\/person\/79bb06722b37ece1c03d3e94beb30d73"},"headline":"Fermiamo la violenza. Venerd\u00ec alle 18 in Piazza Duomo manifestazione del Coordinamento provinciale Pace &#038; Disarmo","datePublished":"2023-11-05T15:22:14+00:00","mainEntityOfPage":{"@id":"https:\/\/www.bellunopress.it\/2023\/11\/05\/fermiamo-la-violenza-venerdi-alle-18-in-piazza-duomo-manifestazione-del-coordinamento-provinciale-pace-disarmo\/"},"wordCount":349,"publisher":{"@id":"https:\/\/www.bellunopress.it\/#organization"},"image":{"@id":"https:\/\/www.bellunopress.it\/2023\/11\/05\/fermiamo-la-violenza-venerdi-alle-18-in-piazza-duomo-manifestazione-del-coordinamento-provinciale-pace-disarmo\/#primaryimage"},"thumbnailUrl":"https:\/\/www.bellunopress.it\/wp-content\/uploads\/2022\/03\/Pace-disarmo-Belluno.jpg","articleSection":["Appuntamenti, Eventi","Societ\u00e0, Associazioni, Istituzioni"],"inLanguage":"fr-FR"},{"@type":"WebPage","@id":"https:\/\/www.bellunopress.it\/2023\/11\/05\/fermiamo-la-violenza-venerdi-alle-18-in-piazza-duomo-manifestazione-del-coordinamento-provinciale-pace-disarmo\/","url":"https:\/\/www.bellunopress.it\/2023\/11\/05\/fermiamo-la-violenza-venerdi-alle-18-in-piazza-duomo-manifestazione-del-coordinamento-provinciale-pace-disarmo\/","name":"Fermiamo la violenza. Venerd\u00ec alle 18 in Piazza Duomo manifestazione del Coordinamento provinciale Pace & Disarmo - Bellunopress - Dolomiti","isPartOf":{"@id":"https:\/\/www.bellunopress.it\/#website"},"primaryImageOfPage":{"@id":"https:\/\/www.bellunopress.it\/2023\/11\/05\/fermiamo-la-violenza-venerdi-alle-18-in-piazza-duomo-manifestazione-del-coordinamento-provinciale-pace-disarmo\/#primaryimage"},"image":{"@id":"https:\/\/www.bellunopress.it\/2023\/11\/05\/fermiamo-la-violenza-venerdi-alle-18-in-piazza-duomo-manifestazione-del-coordinamento-provinciale-pace-disarmo\/#primaryimage"},"thumbnailUrl":"https:\/\/www.bellunopress.it\/wp-content\/uploads\/2022\/03\/Pace-disarmo-Belluno.jpg","datePublished":"2023-11-05T15:22:14+00:00","breadcrumb":{"@id":"https:\/\/www.bellunopress.it\/2023\/11\/05\/fermiamo-la-violenza-venerdi-alle-18-in-piazza-duomo-manifestazione-del-coordinamento-provinciale-pace-disarmo\/#breadcrumb"},"inLanguage":"fr-FR","potentialAction":[{"@type":"ReadAction","target":["https:\/\/www.bellunopress.it\/2023\/11\/05\/fermiamo-la-violenza-venerdi-alle-18-in-piazza-duomo-manifestazione-del-coordinamento-provinciale-pace-disarmo\/"]}]},{"@type":"ImageObject","inLanguage":"fr-FR","@id":"https:\/\/www.bellunopress.it\/2023\/11\/05\/fermiamo-la-violenza-venerdi-alle-18-in-piazza-duomo-manifestazione-del-coordinamento-provinciale-pace-disarmo\/#primaryimage","url":"https:\/\/www.bellunopress.it\/wp-content\/uploads\/2022\/03\/Pace-disarmo-Belluno.jpg","contentUrl":"https:\/\/www.bellunopress.it\/wp-content\/uploads\/2022\/03\/Pace-disarmo-Belluno.jpg"},{"@type":"BreadcrumbList","@id":"https:\/\/www.bellunopress.it\/2023\/11\/05\/fermiamo-la-violenza-venerdi-alle-18-in-piazza-duomo-manifestazione-del-coordinamento-provinciale-pace-disarmo\/#breadcrumb","itemListElement":[{"@type":"ListItem","position":1,"name":"Home","item":"https:\/\/www.bellunopress.it\/"},{"@type":"ListItem","position":2,"name":"Fermiamo la violenza. Venerd\u00ec alle 18 in Piazza Duomo manifestazione del Coordinamento provinciale Pace &#038; Disarmo"}]},{"@type":"WebSite","@id":"https:\/\/www.bellunopress.it\/#website","url":"https:\/\/www.bellunopress.it\/","name":"Bellunopress - Dolomiti","description":"e-mail: redazione@bellunopress.it","publisher":{"@id":"https:\/\/www.bellunopress.it\/#organization"},"potentialAction":[{"@type":"SearchAction","target":{"@type":"EntryPoint","urlTemplate":"https:\/\/www.bellunopress.it\/?s={search_term_string}"},"query-input":{"@type":"PropertyValueSpecification","valueRequired":true,"valueName":"search_term_string"}}],"inLanguage":"fr-FR"},{"@type":"Organization","@id":"https:\/\/www.bellunopress.it\/#organization","name":"Bellunopress","url":"https:\/\/www.bellunopress.it\/","logo":{"@type":"ImageObject","inLanguage":"fr-FR","@id":"https:\/\/www.bellunopress.it\/#\/schema\/logo\/image\/","url":"https:\/\/www.bellunopress.it\/wp-content\/uploads\/2011\/05\/cropped-logo-bellunopress-.jpg","contentUrl":"https:\/\/www.bellunopress.it\/wp-content\/uploads\/2011\/05\/cropped-logo-bellunopress-.jpg","width":512,"height":512,"caption":"Bellunopress"},"image":{"@id":"https:\/\/www.bellunopress.it\/#\/schema\/logo\/image\/"},"sameAs":["https:\/\/www.facebook.com\/profile.php?id=100008943462799","https:\/\/x.com\/bellunopress","https:\/\/www.linkedin.com\/hp\/?dnr=JBzUWaJfMUw8vbXJJ2tVW5-I3jZKvC4wsoxE&amp;amp;amp;amp;amp;amp;trk=nav_responsive_tab_home","https:\/\/www.youtube.com\/channel\/UCxL0wu1uN0_3_7hGG0306cw"]},{"@type":"Person","@id":"https:\/\/www.bellunopress.it\/#\/schema\/person\/79bb06722b37ece1c03d3e94beb30d73","name":"r\u00e9daction","image":{"@type":"ImageObject","inLanguage":"fr-FR","@id":"https:\/\/secure.gravatar.com\/avatar\/37d968a2e67a6fd04c169c4bdef102d0bc5d31b2546345219e348575eb80e9a0?s=96&d=mm&r=g","url":"https:\/\/secure.gravatar.com\/avatar\/37d968a2e67a6fd04c169c4bdef102d0bc5d31b2546345219e348575eb80e9a0?s=96&d=mm&r=g","contentUrl":"https:\/\/secure.gravatar.com\/avatar\/37d968a2e67a6fd04c169c4bdef102d0bc5d31b2546345219e348575eb80e9a0?s=96&d=mm&r=g","caption":"redazione"},"sameAs":["http:\/\/www.bellunopress.it","https:\/\/x.com\/bellunopress"],"url":"https:\/\/www.bellunopress.it\/fr\/author\/redazione\/"}]}},"_links":{"self":[{"href":"https:\/\/www.bellunopress.it\/fr\/wp-json\/wp\/v2\/posts\/145640","targetHints":{"allow":["GET"]}}],"collection":[{"href":"https:\/\/www.bellunopress.it\/fr\/wp-json\/wp\/v2\/posts"}],"about":[{"href":"https:\/\/www.bellunopress.it\/fr\/wp-json\/wp\/v2\/types\/post"}],"author":[{"embeddable":true,"href":"https:\/\/www.bellunopress.it\/fr\/wp-json\/wp\/v2\/users\/2"}],"replies":[{"embeddable":true,"href":"https:\/\/www.bellunopress.it\/fr\/wp-json\/wp\/v2\/comments?post=145640"}],"version-history":[{"count":1,"href":"https:\/\/www.bellunopress.it\/fr\/wp-json\/wp\/v2\/posts\/145640\/revisions"}],"predecessor-version":[{"id":145641,"href":"https:\/\/www.bellunopress.it\/fr\/wp-json\/wp\/v2\/posts\/145640\/revisions\/145641"}],"wp:attachment":[{"href":"https:\/\/www.bellunopress.it\/fr\/wp-json\/wp\/v2\/media?parent=145640"}],"wp:term":[{"taxonomy":"category","embeddable":true,"href":"https:\/\/www.bellunopress.it\/fr\/wp-json\/wp\/v2\/categories?post=145640"},{"taxonomy":"post_tag","embeddable":true,"href":"https:\/\/www.bellunopress.it\/fr\/wp-json\/wp\/v2\/tags?post=145640"}],"curies":[{"name":"wp","href":"https:\/\/api.w.org\/{rel}","templated":true}]}}